{"id":368,"date":"2021-06-01T00:01:24","date_gmt":"2021-05-31T22:01:24","guid":{"rendered":"https:\/\/diarieducacio.cat\/rella\/?p=368"},"modified":"2021-06-01T00:01:24","modified_gmt":"2021-05-31T22:01:24","slug":"tard-o-dhora-tots-ens-jubilem","status":"publish","type":"post","link":"https:\/\/diarieducacio.cat\/rella\/2021\/06\/01\/tard-o-dhora-tots-ens-jubilem\/","title":{"rendered":"Tard o d&#8217;hora tots ens jubilem"},"content":{"rendered":"<p>Molts dels que ens hem jubilat darrerament hem vist reconegut, en aquest acte, el nostre esfor\u00e7 i dedicaci\u00f3 per construir una escola p\u00fablica democr\u00e0tica i de qualitat. Treballant per la renovaci\u00f3 pedag\u00f2gica i fent un tomb radical al model d\u2019escola que nosaltres v\u00e0rem viure com alumnes en plena dictadura franquista. Recuperar l\u2019escola catalana, els principis innovadors de la pedagogia catalana de principis del segle XX, de la Rep\u00fablica i participar activament a les Escoles d\u2019Estiu de Rosa Sensat, acollint el gruix dels alumnes nouvinguts que han anat arribant al nostre sistema educatiu i \u00a0afrontant el repte de la escola\u00a0 inclusiva i per a tothom.<\/p>\n<p>Un cop jubilats despr\u00e9s d\u2019una vida laboral intensa, entrem en una nova etapa de la nostra vida plena d\u2019activitats, ja siguin culturals, familiars, esportives o de voluntariat. No parem, l\u2019oferta d\u2019activitats adre\u00e7ades a aquest col\u00b7lectiu \u00e9s cada dia m\u00e9s extensa i com sempre hem de triar i buscar un equilibri entre la nostra vida personal i familiar i les nostres activitats quotidianes.<\/p>\n<p>\u00c9s en aquest moment que us volem donar a con\u00e8ixer la nostra associaci\u00f3 de docents jubilats i explicar-vos: qui som, qu\u00e8 fem. Segur que si encara esteu en actiu coneixereu algun company o companya que s\u2019ha jubilat i li podeu fer arribar aquesta informaci\u00f3 i si ja esteu jubilats segur que us podem ajudar a trobar una colla, un grup o un col\u00b7lectiu actiu i acollidor com \u00e9s <strong>RELLA [L\u2019Associaci\u00f3 de mestres i professorat jubilats]<\/strong>, que ha celebrat l\u2019any passat el seu 10\u00e8 aniversari.<\/p>\n<p>Per tots aquells que voleu fer activitats culturals i de lleure tenim diferents propostes:\u00a0 el <strong>Grup de Debats<\/strong>, el <strong>Grup de Passejades<\/strong>, el <strong>Grup de Fotografia<\/strong>, el <strong>Grup d\u2019activitats i sortides<\/strong>, dos <strong>Grups de conversa en angl\u00e8s<\/strong>, el <strong>Grup de Cl\u00e0ssics<\/strong> i el <strong>Club de Lectura<\/strong>.<\/p>\n<p>Per si voleu fer <strong>Voluntariat Educatiu<\/strong> tamb\u00e9 tenim un <strong>Grup de Voluntariat<\/strong> que gestiona les propostes que ens arriben de les entitats, on tenim un ampli ventall de propostes a fer.<\/p>\n<p>Finalment, pels qui no voleu deixar el <strong>m\u00f3n educatiu<\/strong> i voleu poder participar en el\u00a0 seu dia a dia, tenim el <strong>Grup d\u2019Educaci\u00f3<\/strong>, on des de la nostra situaci\u00f3 de docents jubilats, poder expressar la nostra opini\u00f3 i experi\u00e8ncia per a la millora del Sistema Educatiu del pa\u00eds. Un canal que utilitzem \u00e9s aquest <strong>Blog al Diari de l\u2019Educaci\u00f3<\/strong> i l\u2019altre participant en projectes, debats i activitats dins de la <strong>Federaci\u00f3 de Moviments de Renovaci\u00f3 Pedag\u00f2gica de Catalunya<\/strong>, de la qual formem part com l\u2019\u00e0mbit de docents jubilats.<\/p>\n<p>Cada any hem anat als actes d\u2019homenatge als docents jubilats, per\u00f2 aquest curs no s\u2019han fet i volem aprofitar aquest espai del Diari de l\u2019Educaci\u00f3 per donar-nos a con\u00e8ixer \u00a0i explicar-vos tot el que estem fent en l\u2019\u00e0mbit dels docents jubilats. Ens agradaria que visiteu la nostra <a href=\"http:\/\/www.rella.cat\/inici\">web<\/a> o mireu el nostre <a href=\"http:\/\/www.rella.cat\/admin\/magatzem\/quisomdes\/diptic-rella-2019color10aniv.pdf\">d\u00edptic<\/a>\u00a0 i tingueu l\u2019oportunitat de con\u00e8ixer-nos m\u00e9s i si voleu poder associar-vos i compartir amb nosaltres aquest projecte,<\/p>\n<p>Actualment som unes 200 persones al voltant de la ciutat de Barcelona, per\u00f2 tenim \u00a0seus a Granollers i Olot i fem activitats conjuntes amb els Jubis de Vilafranca del Pened\u00e8s.<\/p>\n<p>Com tots els col\u00b7lectius, ens hem hagut d\u2019adaptar a la nova situaci\u00f3 com a conseq\u00fc\u00e8ncia de la covid 19. Una de les propostes durant la pand\u00e8mia va ser recollir textos, dibuixos i fotografies que la gent va enviar a la nostra web i com a resultat de les 40 aportacions, hem fet un llibre amb tots els materials rebuts i titulat <strong>ESCRITS EN TEMPS DE CORONAVIRUS <\/strong>que podeu comprar des de la nostra web.<\/p>\n<p>Actualment fem totes les trobades de <strong>RELLA<\/strong>, tant dels grups com les reunions generals, per la plataforma Zoom, i aquest curs hem creat un cicle de debats anomenat \u201c<strong>EL TEMPS VIRTUAL A RELLA<\/strong>\u201d que es pot veure pel canal<strong> RELLA Associaci\u00f3 de Youtube, <\/strong>amb xerrades, debats i exposicions de feines fetes, que cada grup ens presenta. Dins d\u2019aquest cicle hem presentat el llibre de RELLA, hem parlat del llibre de \u00a0Tirant lo Blanc, de com ser\u00e0 el m\u00f3n al 2021, de l\u2019Escola Laica, hem fet una passejada virtual pel Casc Antic de Barcelona, hem gaudit del recull de treballs fets pel Grup de Fotografia, la presentaci\u00f3 del nou llibre del fil\u00f2sof Josep Maria Esquirol i la hist\u00f2ria i evoluci\u00f3 d\u2019un barri singular: la Barceloneta. Aviat tindrem en Pedro Olalla, en Daniel Innenarity i en M\u00e0rius Serra per acabar aquest curs. Volem seguir de cara al proper \u00a0curs combinant trobades presencials amb la seva emissi\u00f3 <em>on line<\/em>.<\/p>\n<p>Us animem a visitar la nostra web i esperem que <strong>tard o d\u2019hora<\/strong> ens retrobarem en aquest espai de lleure, ple d\u2019activitat i trobades que tant ens agrada compartir amb tots vosaltres.<\/p>\n","protected":false},"excerpt":{"rendered":"<p>Molts dels que ens hem jubilat darrerament hem vist reconegut, en aquest acte, el nostre esfor\u00e7 i dedicaci\u00f3 per construir una escola p\u00fablica democr\u00e0tica i de qualitat. Treballant per la renovaci\u00f3 pedag\u00f2gica i fent un tomb radical al model d\u2019escola que nosaltres v\u00e0rem viure com alumnes en plena dictadura franquista. Recuperar l\u2019escola catalana, els principis<\/p>\n","protected":false},"author":368,"featured_media":369,"comment_status":"open","ping_status":"closed","sticky":false,"template":"","format":"standard","meta":{"footnotes":""},"categories":[2],"tags":[],"tipo":[],"class_list":{"0":"post-368","1":"post","2":"type-post","3":"status-publish","4":"format-standard","5":"has-post-thumbnail","7":"category-general"},"yoast_head":"<!-- This site is optimized with the Yoast SEO plugin v27.4 - https:\/\/yoast.com\/product\/yoast-seo-wordpress\/ -->\n<title>Tard o d&#039;hora tots ens jubilem - El Blog de Rella<\/title>\n<meta name=\"robots\" content=\"index, follow, max-snippet:-1, max-image-preview:large, max-video-preview:-1\" \/>\n<link rel=\"canonical\" href=\"https:\/\/diarieducacio.cat\/rella\/2021\/06\/01\/tard-o-dhora-tots-ens-jubilem\/\" \/>\n<meta property=\"og:locale\" content=\"ca_ES\" \/>\n<meta property=\"og:type\" content=\"article\" \/>\n<meta property=\"og:title\" content=\"Tard o d&#039;hora tots ens jubilem - El Blog de Rella\" \/>\n<meta property=\"og:description\" content=\"Molts dels que ens hem jubilat darrerament hem vist reconegut, en aquest acte, el nostre esfor\u00e7 i dedicaci\u00f3 per construir una escola p\u00fablica democr\u00e0tica i de qualitat. Treballant per la renovaci\u00f3 pedag\u00f2gica i fent un tomb radical al model d\u2019escola que nosaltres v\u00e0rem viure com alumnes en plena dictadura franquista. Recuperar l\u2019escola catalana, els principis\" \/>\n<meta property=\"og:url\" content=\"https:\/\/diarieducacio.cat\/rella\/2021\/06\/01\/tard-o-dhora-tots-ens-jubilem\/\" \/>\n<meta property=\"og:site_name\" content=\"El Blog de Rella\" \/>\n<meta property=\"article:publisher\" content=\"https:\/\/www.facebook.com\/diarieducacio\/\" \/>\n<meta property=\"article:published_time\" content=\"2021-05-31T22:01:24+00:00\" \/>\n<meta property=\"og:image\" content=\"https:\/\/diarieducacio.cat\/rella\/wp-content\/uploads\/sites\/26\/2021\/05\/RELLA-4.jpg\" \/>\n\t<meta property=\"og:image:width\" content=\"850\" \/>\n\t<meta property=\"og:image:height\" content=\"566\" \/>\n\t<meta property=\"og:image:type\" content=\"image\/jpeg\" \/>\n<meta name=\"author\" content=\"Quim L\u00e1zaro\" \/>\n<meta name=\"twitter:card\" content=\"summary_large_image\" \/>\n<meta name=\"twitter:creator\" content=\"@DiariEducacio\" \/>\n<meta name=\"twitter:site\" content=\"@DiariEducacio\" \/>\n<meta name=\"twitter:label1\" content=\"Escrit per\" \/>\n\t<meta name=\"twitter:data1\" content=\"Quim L\u00e1zaro\" \/>\n\t<meta name=\"twitter:label2\" content=\"Temps estimat de lectura\" \/>\n\t<meta name=\"twitter:data2\" content=\"4 minuts\" \/>\n<script type=\"application\/ld+json\" class=\"yoast-schema-graph\">{\"@context\":\"https:\\\/\\\/schema.org\",\"@graph\":[{\"@type\":\"Article\",\"@id\":\"https:\\\/\\\/diarieducacio.cat\\\/rella\\\/2021\\\/06\\\/01\\\/tard-o-dhora-tots-ens-jubilem\\\/#article\",\"isPartOf\":{\"@id\":\"https:\\\/\\\/diarieducacio.cat\\\/rella\\\/2021\\\/06\\\/01\\\/tard-o-dhora-tots-ens-jubilem\\\/\"},\"author\":{\"name\":\"Quim L\u00e1zaro\",\"@id\":\"https:\\\/\\\/diarieducacio.cat\\\/rella\\\/#\\\/schema\\\/person\\\/bf25ad766d8c6fc8751c8dbe8d5fbe6c\"},\"headline\":\"Tard o d&#8217;hora tots ens jubilem\",\"datePublished\":\"2021-05-31T22:01:24+00:00\",\"mainEntityOfPage\":{\"@id\":\"https:\\\/\\\/diarieducacio.cat\\\/rella\\\/2021\\\/06\\\/01\\\/tard-o-dhora-tots-ens-jubilem\\\/\"},\"wordCount\":834,\"commentCount\":0,\"image\":{\"@id\":\"https:\\\/\\\/diarieducacio.cat\\\/rella\\\/2021\\\/06\\\/01\\\/tard-o-dhora-tots-ens-jubilem\\\/#primaryimage\"},\"thumbnailUrl\":\"https:\\\/\\\/diarieducacio.cat\\\/rella\\\/wp-content\\\/uploads\\\/sites\\\/26\\\/2021\\\/05\\\/RELLA-4.jpg\",\"articleSection\":[\"General\"],\"inLanguage\":\"ca\",\"potentialAction\":[{\"@type\":\"CommentAction\",\"name\":\"Comment\",\"target\":[\"https:\\\/\\\/diarieducacio.cat\\\/rella\\\/2021\\\/06\\\/01\\\/tard-o-dhora-tots-ens-jubilem\\\/#respond\"]}]},{\"@type\":\"WebPage\",\"@id\":\"https:\\\/\\\/diarieducacio.cat\\\/rella\\\/2021\\\/06\\\/01\\\/tard-o-dhora-tots-ens-jubilem\\\/\",\"url\":\"https:\\\/\\\/diarieducacio.cat\\\/rella\\\/2021\\\/06\\\/01\\\/tard-o-dhora-tots-ens-jubilem\\\/\",\"name\":\"Tard o d'hora tots ens jubilem - El Blog de Rella\",\"isPartOf\":{\"@id\":\"https:\\\/\\\/diarieducacio.cat\\\/rella\\\/#website\"},\"primaryImageOfPage\":{\"@id\":\"https:\\\/\\\/diarieducacio.cat\\\/rella\\\/2021\\\/06\\\/01\\\/tard-o-dhora-tots-ens-jubilem\\\/#primaryimage\"},\"image\":{\"@id\":\"https:\\\/\\\/diarieducacio.cat\\\/rella\\\/2021\\\/06\\\/01\\\/tard-o-dhora-tots-ens-jubilem\\\/#primaryimage\"},\"thumbnailUrl\":\"https:\\\/\\\/diarieducacio.cat\\\/rella\\\/wp-content\\\/uploads\\\/sites\\\/26\\\/2021\\\/05\\\/RELLA-4.jpg\",\"datePublished\":\"2021-05-31T22:01:24+00:00\",\"author\":{\"@id\":\"https:\\\/\\\/diarieducacio.cat\\\/rella\\\/#\\\/schema\\\/person\\\/bf25ad766d8c6fc8751c8dbe8d5fbe6c\"},\"breadcrumb\":{\"@id\":\"https:\\\/\\\/diarieducacio.cat\\\/rella\\\/2021\\\/06\\\/01\\\/tard-o-dhora-tots-ens-jubilem\\\/#breadcrumb\"},\"inLanguage\":\"ca\",\"potentialAction\":[{\"@type\":\"ReadAction\",\"target\":[\"https:\\\/\\\/diarieducacio.cat\\\/rella\\\/2021\\\/06\\\/01\\\/tard-o-dhora-tots-ens-jubilem\\\/\"]}]},{\"@type\":\"ImageObject\",\"inLanguage\":\"ca\",\"@id\":\"https:\\\/\\\/diarieducacio.cat\\\/rella\\\/2021\\\/06\\\/01\\\/tard-o-dhora-tots-ens-jubilem\\\/#primaryimage\",\"url\":\"https:\\\/\\\/diarieducacio.cat\\\/rella\\\/wp-content\\\/uploads\\\/sites\\\/26\\\/2021\\\/05\\\/RELLA-4.jpg\",\"contentUrl\":\"https:\\\/\\\/diarieducacio.cat\\\/rella\\\/wp-content\\\/uploads\\\/sites\\\/26\\\/2021\\\/05\\\/RELLA-4.jpg\",\"width\":850,\"height\":566},{\"@type\":\"BreadcrumbList\",\"@id\":\"https:\\\/\\\/diarieducacio.cat\\\/rella\\\/2021\\\/06\\\/01\\\/tard-o-dhora-tots-ens-jubilem\\\/#breadcrumb\",\"itemListElement\":[{\"@type\":\"ListItem\",\"position\":1,\"name\":\"Inici\",\"item\":\"https:\\\/\\\/diarieducacio.cat\\\/rella\\\/\"},{\"@type\":\"ListItem\",\"position\":2,\"name\":\"Tard o d&#8217;hora tots ens jubilem\"}]},{\"@type\":\"WebSite\",\"@id\":\"https:\\\/\\\/diarieducacio.cat\\\/rella\\\/#website\",\"url\":\"https:\\\/\\\/diarieducacio.cat\\\/rella\\\/\",\"name\":\"El Blog de Rella\",\"description\":\"Un blog de El Diari de l&#039;Educaci\u00f3\",\"potentialAction\":[{\"@type\":\"SearchAction\",\"target\":{\"@type\":\"EntryPoint\",\"urlTemplate\":\"https:\\\/\\\/diarieducacio.cat\\\/rella\\\/?s={search_term_string}\"},\"query-input\":{\"@type\":\"PropertyValueSpecification\",\"valueRequired\":true,\"valueName\":\"search_term_string\"}}],\"inLanguage\":\"ca\"},{\"@type\":\"Person\",\"@id\":\"https:\\\/\\\/diarieducacio.cat\\\/rella\\\/#\\\/schema\\\/person\\\/bf25ad766d8c6fc8751c8dbe8d5fbe6c\",\"name\":\"Quim L\u00e1zaro\",\"image\":{\"@type\":\"ImageObject\",\"inLanguage\":\"ca\",\"@id\":\"https:\\\/\\\/diarieducacio.cat\\\/wp-content\\\/uploads\\\/2024\\\/11\\\/quim-lazaro_avatar-96x96.jpg\",\"url\":\"https:\\\/\\\/diarieducacio.cat\\\/wp-content\\\/uploads\\\/2024\\\/11\\\/quim-lazaro_avatar-96x96.jpg\",\"contentUrl\":\"https:\\\/\\\/diarieducacio.cat\\\/wp-content\\\/uploads\\\/2024\\\/11\\\/quim-lazaro_avatar-96x96.jpg\",\"caption\":\"Quim L\u00e1zaro\"},\"description\":\"Grup Educaci\u00f3 de RELLA\",\"url\":\"https:\\\/\\\/diarieducacio.cat\\\/rella\\\/author\\\/qlazaro\\\/\"}]}<\/script>\n<!-- \/ Yoast SEO plugin. -->","yoast_head_json":{"title":"Tard o d'hora tots ens jubilem - El Blog de Rella","robots":{"index":"index","follow":"follow","max-snippet":"max-snippet:-1","max-image-preview":"max-image-preview:large","max-video-preview":"max-video-preview:-1"},"canonical":"https:\/\/diarieducacio.cat\/rella\/2021\/06\/01\/tard-o-dhora-tots-ens-jubilem\/","og_locale":"ca_ES","og_type":"article","og_title":"Tard o d'hora tots ens jubilem - El Blog de Rella","og_description":"Molts dels que ens hem jubilat darrerament hem vist reconegut, en aquest acte, el nostre esfor\u00e7 i dedicaci\u00f3 per construir una escola p\u00fablica democr\u00e0tica i de qualitat. Treballant per la renovaci\u00f3 pedag\u00f2gica i fent un tomb radical al model d\u2019escola que nosaltres v\u00e0rem viure com alumnes en plena dictadura franquista. Recuperar l\u2019escola catalana, els principis","og_url":"https:\/\/diarieducacio.cat\/rella\/2021\/06\/01\/tard-o-dhora-tots-ens-jubilem\/","og_site_name":"El Blog de Rella","article_publisher":"https:\/\/www.facebook.com\/diarieducacio\/","article_published_time":"2021-05-31T22:01:24+00:00","og_image":[{"width":850,"height":566,"url":"https:\/\/diarieducacio.cat\/rella\/wp-content\/uploads\/sites\/26\/2021\/05\/RELLA-4.jpg","type":"image\/jpeg"}],"author":"Quim L\u00e1zaro","twitter_card":"summary_large_image","twitter_creator":"@DiariEducacio","twitter_site":"@DiariEducacio","twitter_misc":{"Escrit per":"Quim L\u00e1zaro","Temps estimat de lectura":"4 minuts"},"schema":{"@context":"https:\/\/schema.org","@graph":[{"@type":"Article","@id":"https:\/\/diarieducacio.cat\/rella\/2021\/06\/01\/tard-o-dhora-tots-ens-jubilem\/#article","isPartOf":{"@id":"https:\/\/diarieducacio.cat\/rella\/2021\/06\/01\/tard-o-dhora-tots-ens-jubilem\/"},"author":{"name":"Quim L\u00e1zaro","@id":"https:\/\/diarieducacio.cat\/rella\/#\/schema\/person\/bf25ad766d8c6fc8751c8dbe8d5fbe6c"},"headline":"Tard o d&#8217;hora tots ens jubilem","datePublished":"2021-05-31T22:01:24+00:00","mainEntityOfPage":{"@id":"https:\/\/diarieducacio.cat\/rella\/2021\/06\/01\/tard-o-dhora-tots-ens-jubilem\/"},"wordCount":834,"commentCount":0,"image":{"@id":"https:\/\/diarieducacio.cat\/rella\/2021\/06\/01\/tard-o-dhora-tots-ens-jubilem\/#primaryimage"},"thumbnailUrl":"https:\/\/diarieducacio.cat\/rella\/wp-content\/uploads\/sites\/26\/2021\/05\/RELLA-4.jpg","articleSection":["General"],"inLanguage":"ca","potentialAction":[{"@type":"CommentAction","name":"Comment","target":["https:\/\/diarieducacio.cat\/rella\/2021\/06\/01\/tard-o-dhora-tots-ens-jubilem\/#respond"]}]},{"@type":"WebPage","@id":"https:\/\/diarieducacio.cat\/rella\/2021\/06\/01\/tard-o-dhora-tots-ens-jubilem\/","url":"https:\/\/diarieducacio.cat\/rella\/2021\/06\/01\/tard-o-dhora-tots-ens-jubilem\/","name":"Tard o d'hora tots ens jubilem - El Blog de Rella","isPartOf":{"@id":"https:\/\/diarieducacio.cat\/rella\/#website"},"primaryImageOfPage":{"@id":"https:\/\/diarieducacio.cat\/rella\/2021\/06\/01\/tard-o-dhora-tots-ens-jubilem\/#primaryimage"},"image":{"@id":"https:\/\/diarieducacio.cat\/rella\/2021\/06\/01\/tard-o-dhora-tots-ens-jubilem\/#primaryimage"},"thumbnailUrl":"https:\/\/diarieducacio.cat\/rella\/wp-content\/uploads\/sites\/26\/2021\/05\/RELLA-4.jpg","datePublished":"2021-05-31T22:01:24+00:00","author":{"@id":"https:\/\/diarieducacio.cat\/rella\/#\/schema\/person\/bf25ad766d8c6fc8751c8dbe8d5fbe6c"},"breadcrumb":{"@id":"https:\/\/diarieducacio.cat\/rella\/2021\/06\/01\/tard-o-dhora-tots-ens-jubilem\/#breadcrumb"},"inLanguage":"ca","potentialAction":[{"@type":"ReadAction","target":["https:\/\/diarieducacio.cat\/rella\/2021\/06\/01\/tard-o-dhora-tots-ens-jubilem\/"]}]},{"@type":"ImageObject","inLanguage":"ca","@id":"https:\/\/diarieducacio.cat\/rella\/2021\/06\/01\/tard-o-dhora-tots-ens-jubilem\/#primaryimage","url":"https:\/\/diarieducacio.cat\/rella\/wp-content\/uploads\/sites\/26\/2021\/05\/RELLA-4.jpg","contentUrl":"https:\/\/diarieducacio.cat\/rella\/wp-content\/uploads\/sites\/26\/2021\/05\/RELLA-4.jpg","width":850,"height":566},{"@type":"BreadcrumbList","@id":"https:\/\/diarieducacio.cat\/rella\/2021\/06\/01\/tard-o-dhora-tots-ens-jubilem\/#breadcrumb","itemListElement":[{"@type":"ListItem","position":1,"name":"Inici","item":"https:\/\/diarieducacio.cat\/rella\/"},{"@type":"ListItem","position":2,"name":"Tard o d&#8217;hora tots ens jubilem"}]},{"@type":"WebSite","@id":"https:\/\/diarieducacio.cat\/rella\/#website","url":"https:\/\/diarieducacio.cat\/rella\/","name":"El Blog de Rella","description":"Un blog de El Diari de l&#039;Educaci\u00f3","potentialAction":[{"@type":"SearchAction","target":{"@type":"EntryPoint","urlTemplate":"https:\/\/diarieducacio.cat\/rella\/?s={search_term_string}"},"query-input":{"@type":"PropertyValueSpecification","valueRequired":true,"valueName":"search_term_string"}}],"inLanguage":"ca"},{"@type":"Person","@id":"https:\/\/diarieducacio.cat\/rella\/#\/schema\/person\/bf25ad766d8c6fc8751c8dbe8d5fbe6c","name":"Quim L\u00e1zaro","image":{"@type":"ImageObject","inLanguage":"ca","@id":"https:\/\/diarieducacio.cat\/wp-content\/uploads\/2024\/11\/quim-lazaro_avatar-96x96.jpg","url":"https:\/\/diarieducacio.cat\/wp-content\/uploads\/2024\/11\/quim-lazaro_avatar-96x96.jpg","contentUrl":"https:\/\/diarieducacio.cat\/wp-content\/uploads\/2024\/11\/quim-lazaro_avatar-96x96.jpg","caption":"Quim L\u00e1zaro"},"description":"Grup Educaci\u00f3 de RELLA","url":"https:\/\/diarieducacio.cat\/rella\/author\/qlazaro\/"}]}},"_links":{"self":[{"href":"https:\/\/diarieducacio.cat\/rella\/wp-json\/wp\/v2\/posts\/368","targetHints":{"allow":["GET"]}}],"collection":[{"href":"https:\/\/diarieducacio.cat\/rella\/wp-json\/wp\/v2\/posts"}],"about":[{"href":"https:\/\/diarieducacio.cat\/rella\/wp-json\/wp\/v2\/types\/post"}],"author":[{"embeddable":true,"href":"https:\/\/diarieducacio.cat\/rella\/wp-json\/wp\/v2\/users\/368"}],"replies":[{"embeddable":true,"href":"https:\/\/diarieducacio.cat\/rella\/wp-json\/wp\/v2\/comments?post=368"}],"version-history":[{"count":0,"href":"https:\/\/diarieducacio.cat\/rella\/wp-json\/wp\/v2\/posts\/368\/revisions"}],"wp:featuredmedia":[{"embeddable":true,"href":"https:\/\/diarieducacio.cat\/rella\/wp-json\/wp\/v2\/media\/369"}],"wp:attachment":[{"href":"https:\/\/diarieducacio.cat\/rella\/wp-json\/wp\/v2\/media?parent=368"}],"wp:term":[{"taxonomy":"category","embeddable":true,"href":"https:\/\/diarieducacio.cat\/rella\/wp-json\/wp\/v2\/categories?post=368"},{"taxonomy":"post_tag","embeddable":true,"href":"https:\/\/diarieducacio.cat\/rella\/wp-json\/wp\/v2\/tags?post=368"},{"taxonomy":"tipo","embeddable":true,"href":"https:\/\/diarieducacio.cat\/rella\/wp-json\/wp\/v2\/tipo?post=368"}],"curies":[{"name":"wp","href":"https:\/\/api.w.org\/{rel}","templated":true}]}}