{"id":375,"date":"2021-06-16T23:30:29","date_gmt":"2021-06-16T21:30:29","guid":{"rendered":"https:\/\/diarieducacio.cat\/rella\/?p=375"},"modified":"2021-06-16T23:30:29","modified_gmt":"2021-06-16T21:30:29","slug":"el-professorat-jubilat-i-vetera-tambe-importa","status":"publish","type":"post","link":"https:\/\/diarieducacio.cat\/rella\/2021\/06\/16\/el-professorat-jubilat-i-vetera-tambe-importa\/","title":{"rendered":"El professorat jubilat i veter\u00e0 tamb\u00e9 importa"},"content":{"rendered":"<p>Presentem aqu\u00ed un projecte d&#8217;investigaci\u00f3, titulat <strong><em>Desarrollo profesional Intergeneracional en educaci\u00f3n: implicaciones en la iniciaci\u00f3n profesional del profesorado<\/em> (<em>DePrInEd<\/em>).<\/strong> Va ser seleccionat a la <em>Convocatoria 2018 de Proyectos de I+D+i \u00abRetos Investigaci\u00f3n\u00bb<\/em>, del Programa Estatal de I+D+i orientada als reptes de la societat, en el marc del Plan Estatal de Investigaci\u00f3n Cient\u00edfica y T\u00e9cnica y de Innovaci\u00f3n 2017-2020. Est\u00e0 finan\u00e7at pel que actualment \u00e9s el Ministeri de Ci\u00e8ncia i Innovaci\u00f3 (en aquells dies, Ministeri de Ci\u00e8ncia, Innovaci\u00f3 i Universitats) i els investigadors que l\u2019estan duent a terme pertanyen a la Universitat de M\u00farcia, en la seva major part, i a la Universitat de la Laguna, tot i que cal afegir, per ser precisos, que en el seu pla de treball participa professorat d&#8217;altres universitats, incloses algunes europees.<\/p>\n<p>Per qu\u00e8 seria potencialment important? Als investigadors d&#8217;aquest projecte d&#8217;investigaci\u00f3, inclosos els signants d&#8217;aquest article, els ha unit des de sempre l&#8217;inter\u00e8s pel trinomi que conformen &#8216;ensenyan\u00e7a&#8217;, &#8216;professors&#8217; i &#8216;escola&#8217;. I en aquesta conflu\u00e8ncia resideixen dues realitats relacionades que, principalment, han motivat aquest projecte:<\/p>\n<ul>\n<li>D&#8217;una banda, el progressiu envelliment del professorat, una de les conseq\u00fc\u00e8ncies m\u00e9s importants de les quals \u00e9s la p\u00e8rdua de coneixement rellevant i fins i tot cr\u00edtic per a la tasca realitzada en els centres educatius (per exemple, a causa del major nombre de jubilacions). Ens referim a aquest coneixement qualificat d&#8217;expert&#8217; o &#8216;per\u00edcia&#8217;, perqu\u00e8 denota la destresa d&#8217;aplicar el coneixement t\u00e8cnic basat en el coneixement te\u00f2ric i que, sovint, s&#8217;obt\u00e9 a trav\u00e9s de l&#8217;experi\u00e8ncia.<\/li>\n<li>D&#8217;altra banda, l&#8217;augment de les difer\u00e8ncies d&#8217;edat entre els professors que hi ha als centres, una de les conseq\u00fc\u00e8ncies m\u00e9s destacables s\u00f3n les creences, actituds i fins i tot estereotips, no sempre justificats, aplicats sobretot a docents d\u2019edats m\u00e9s avan\u00e7ades, per\u00f2 tamb\u00e9 als m\u00e9s joves (el que sol denominar-se &#8216;discriminaci\u00f3 per l&#8217;edat&#8217;).<\/li>\n<\/ul>\n<p>Aquestes dues realitats s\u00f3n generalitzables a bona part dels sistemes educatius del nostre entorn i suposen un clar desafiament: la continuada p\u00e8rdua d&#8217;un gran cabal de recursos intel\u00b7lectuals atresorats a trav\u00e9s d&#8217;una dilatada experi\u00e8ncia, d&#8217;una rellev\u00e0ncia cabdal per al sosteniment i la renovaci\u00f3 del sistema educatiu i, per tant, del dret de tothom a una educaci\u00f3 de qualitat. Aquest context no fa sin\u00f3 posar de relleu la import\u00e0ncia que t\u00e9 avui en dia comprendre els fen\u00f2mens generacionals entre els docents i trobar alternatives fonamentades per donar-hi una resposta positiva.<\/p>\n<p>Qu\u00e8 pretenem i com pensem fer-ho? El projecte DePrInEd concentra la seva atenci\u00f3 en els processos col\u00b7laboratius de desenvolupament i aprenentatge intergeneracional entre professors que estan iniciant la seva carrera professional i els que l&#8217;estan completant o l&#8217;han completat ja, la qual cosa implica concentrar tamb\u00e9 l&#8217;atenci\u00f3 en les seves singularitats generacionals. Conseq\u00fcentment, t\u00e9 els seg\u00fcents objectius:<\/p>\n<ol>\n<li>explorar la possible diversitat generacional que es dona entre el professorat dins dels centres docents, reconeixent \/ determinant trets que puguin identificar agrupaments diferents;<\/li>\n<li>con\u00e8ixer en profunditat els processos d&#8217;interacci\u00f3 que es produeixen entre ells en el centre docent i, singularment, les experi\u00e8ncies col\u00b7laboratives de desenvolupament professional;<\/li>\n<li>analitzar la contribuci\u00f3 que aquestes experi\u00e8ncies i processos poden fer al seu aprenentatge i a la seva pr\u00e0ctica professional.<\/li>\n<\/ol>\n<p>La investigaci\u00f3 recorre a una metodologia mixta i consta de dues etapes. En la primera, concentra la seva atenci\u00f3 en les possibles difer\u00e8ncies entre docents amb diferents edats, amb diferents experi\u00e8ncies i en diferents etapes de la seva carrera professional. En una segona etapa, l&#8217;atenci\u00f3 passar\u00e0 a concentrar-se en els processos d&#8217;interacci\u00f3 (i de col\u00b7laboraci\u00f3), aix\u00ed com en la seva incid\u00e8ncia. Les dues etapes responen a una metodologia similar: primer s\u2019empr\u00e8n un estudi qualitatiu, realitzat a trav\u00e9s de grups de discussi\u00f3 (converses guiades amb mitja dotzena de professors) i entrevistes individuals amb un nombre limitat de participants, que va seguit d&#8217;un estudi quantitatiu, realitzat a trav\u00e9s d&#8217;un q\u00fcestionari basat en els resultats obtinguts en l&#8217;estudi qualitatiu amb la idea d&#8217;accedir a un major nombre de participants de totes les Comunitats Aut\u00f2nomes.<\/p>\n<p>Els participants s\u00f3n, en general, docents novells, veterans i jubilats de tot el pa\u00eds, en tots els casos de diferents nivells educatius no universitaris i procedents de centres sostinguts amb fons p\u00fablics.<\/p>\n<p>Potser no seria estrictament necessari un projecte d&#8217;investigaci\u00f3, amb l&#8217;enorme esfor\u00e7 que comporta, per arribar a la conclusi\u00f3 que les relacions de col\u00b7laboraci\u00f3 entre professors novells, veterans i jubilats al voltant de la pr\u00e0ctica professional i els problemes de l&#8217;ensenyament, constitueixen una de les formes no nom\u00e9s m\u00e9s prometedores d&#8217;aprenentatge professional compartit sin\u00f3 tamb\u00e9 m\u00e9s flexibles i menys costoses per aconseguir-ho. En ocasions com aquesta, no caldrien dades per saber el que cal millorar. Per\u00f2 el comprom\u00eds amb la veritat ens obliga i tota investigaci\u00f3 seriosa i rigorosa adquireix sentit quan es fonamenta amb evid\u00e8ncies all\u00f2 que una voluntat decidida nom\u00e9s arriba a enunciar.<\/p>\n<p>L&#8217;associaci\u00f3 de docents jubilats RELLA, amb qui compartim una bona sintonia, ha tingut l&#8217;amabilitat de convidar-nos a aquest mitj\u00e0 de difusi\u00f3 i oferir-nos la seva col\u00b7laboraci\u00f3. Estem agra\u00efts i ens vam acomiadar fent una crida a tot el professorat (jove, veter\u00e0, o jubilat) a qui li il\u00b7lusiona l&#8217;ensenyament i l&#8217;educaci\u00f3. Aquesta il\u00b7lusi\u00f3 tamb\u00e9 impulsa aquest projecte i a RELLA, i us convidem a unir-vos-hi.<\/p>\n<hr \/>\n<p><strong>Antonio Portela Prua\u00f1o<\/strong> (aportela@um.es) i <strong>Jos\u00e9 Miguel Nieto Cano<\/strong> (nietos@um.es), codirectors del projecte DePrInEd, s\u00f3n professors titulars d&#8217;universitat en el Departament de Did\u00e0ctica i Organitzaci\u00f3 Escolar (Facultat d&#8217;Educaci\u00f3) de la Universitat de M\u00farcia.<\/p>\n","protected":false},"excerpt":{"rendered":"<p>Presentem aqu\u00ed un projecte d&#8217;investigaci\u00f3, titulat Desarrollo profesional Intergeneracional en educaci\u00f3n: implicaciones en la iniciaci\u00f3n profesional del profesorado (DePrInEd). Va ser seleccionat a la Convocatoria 2018 de Proyectos de I+D+i \u00abRetos Investigaci\u00f3n\u00bb, del Programa Estatal de I+D+i orientada als reptes de la societat, en el marc del Plan Estatal de Investigaci\u00f3n Cient\u00edfica y T\u00e9cnica y<\/p>\n","protected":false},"author":377,"featured_media":378,"comment_status":"open","ping_status":"closed","sticky":false,"template":"","format":"standard","meta":{"footnotes":""},"categories":[2],"tags":[],"tipo":[],"class_list":{"0":"post-375","1":"post","2":"type-post","3":"status-publish","4":"format-standard","5":"has-post-thumbnail","7":"category-general"},"yoast_head":"<!-- This site is optimized with the Yoast SEO plugin v27.4 - https:\/\/yoast.com\/product\/yoast-seo-wordpress\/ -->\n<title>El professorat jubilat i veter\u00e0 tamb\u00e9 importa - El Blog de Rella<\/title>\n<meta name=\"robots\" content=\"index, follow, max-snippet:-1, max-image-preview:large, max-video-preview:-1\" \/>\n<link rel=\"canonical\" href=\"https:\/\/diarieducacio.cat\/rella\/2021\/06\/16\/el-professorat-jubilat-i-vetera-tambe-importa\/\" \/>\n<meta property=\"og:locale\" content=\"ca_ES\" \/>\n<meta property=\"og:type\" content=\"article\" \/>\n<meta property=\"og:title\" content=\"El professorat jubilat i veter\u00e0 tamb\u00e9 importa - El Blog de Rella\" \/>\n<meta property=\"og:description\" content=\"Presentem aqu\u00ed un projecte d&#8217;investigaci\u00f3, titulat Desarrollo profesional Intergeneracional en educaci\u00f3n: implicaciones en la iniciaci\u00f3n profesional del profesorado (DePrInEd). Va ser seleccionat a la Convocatoria 2018 de Proyectos de I+D+i \u00abRetos Investigaci\u00f3n\u00bb, del Programa Estatal de I+D+i orientada als reptes de la societat, en el marc del Plan Estatal de Investigaci\u00f3n Cient\u00edfica y T\u00e9cnica y\" \/>\n<meta property=\"og:url\" content=\"https:\/\/diarieducacio.cat\/rella\/2021\/06\/16\/el-professorat-jubilat-i-vetera-tambe-importa\/\" \/>\n<meta property=\"og:site_name\" content=\"El Blog de Rella\" \/>\n<meta property=\"article:publisher\" content=\"https:\/\/www.facebook.com\/diarieducacio\/\" \/>\n<meta property=\"article:published_time\" content=\"2021-06-16T21:30:29+00:00\" \/>\n<meta property=\"og:image\" content=\"https:\/\/diarieducacio.cat\/rella\/wp-content\/uploads\/sites\/26\/2021\/06\/veterano.jpg\" \/>\n\t<meta property=\"og:image:width\" content=\"1254\" \/>\n\t<meta property=\"og:image:height\" content=\"836\" \/>\n\t<meta property=\"og:image:type\" content=\"image\/jpeg\" \/>\n<meta name=\"author\" content=\"Antonio Portela\" \/>\n<meta name=\"twitter:card\" content=\"summary_large_image\" \/>\n<meta name=\"twitter:creator\" content=\"@DiariEducacio\" \/>\n<meta name=\"twitter:site\" content=\"@DiariEducacio\" \/>\n<meta name=\"twitter:label1\" content=\"Escrit per\" \/>\n\t<meta name=\"twitter:data1\" content=\"Antonio Portela\" \/>\n\t<meta name=\"twitter:label2\" content=\"Temps estimat de lectura\" \/>\n\t<meta name=\"twitter:data2\" content=\"5 minuts\" \/>\n<script type=\"application\/ld+json\" class=\"yoast-schema-graph\">{\"@context\":\"https:\\\/\\\/schema.org\",\"@graph\":[{\"@type\":\"Article\",\"@id\":\"https:\\\/\\\/diarieducacio.cat\\\/rella\\\/2021\\\/06\\\/16\\\/el-professorat-jubilat-i-vetera-tambe-importa\\\/#article\",\"isPartOf\":{\"@id\":\"https:\\\/\\\/diarieducacio.cat\\\/rella\\\/2021\\\/06\\\/16\\\/el-professorat-jubilat-i-vetera-tambe-importa\\\/\"},\"author\":{\"name\":\"Antonio Portela\",\"@id\":\"https:\\\/\\\/diarieducacio.cat\\\/rella\\\/#\\\/schema\\\/person\\\/87cf31697963c1c99ddc005b29c4228a\"},\"headline\":\"El professorat jubilat i veter\u00e0 tamb\u00e9 importa\",\"datePublished\":\"2021-06-16T21:30:29+00:00\",\"mainEntityOfPage\":{\"@id\":\"https:\\\/\\\/diarieducacio.cat\\\/rella\\\/2021\\\/06\\\/16\\\/el-professorat-jubilat-i-vetera-tambe-importa\\\/\"},\"wordCount\":1002,\"commentCount\":0,\"image\":{\"@id\":\"https:\\\/\\\/diarieducacio.cat\\\/rella\\\/2021\\\/06\\\/16\\\/el-professorat-jubilat-i-vetera-tambe-importa\\\/#primaryimage\"},\"thumbnailUrl\":\"https:\\\/\\\/diarieducacio.cat\\\/rella\\\/wp-content\\\/uploads\\\/sites\\\/26\\\/2021\\\/06\\\/veterano.jpg\",\"articleSection\":[\"General\"],\"inLanguage\":\"ca\",\"potentialAction\":[{\"@type\":\"CommentAction\",\"name\":\"Comment\",\"target\":[\"https:\\\/\\\/diarieducacio.cat\\\/rella\\\/2021\\\/06\\\/16\\\/el-professorat-jubilat-i-vetera-tambe-importa\\\/#respond\"]}]},{\"@type\":\"WebPage\",\"@id\":\"https:\\\/\\\/diarieducacio.cat\\\/rella\\\/2021\\\/06\\\/16\\\/el-professorat-jubilat-i-vetera-tambe-importa\\\/\",\"url\":\"https:\\\/\\\/diarieducacio.cat\\\/rella\\\/2021\\\/06\\\/16\\\/el-professorat-jubilat-i-vetera-tambe-importa\\\/\",\"name\":\"El professorat jubilat i veter\u00e0 tamb\u00e9 importa - El Blog de Rella\",\"isPartOf\":{\"@id\":\"https:\\\/\\\/diarieducacio.cat\\\/rella\\\/#website\"},\"primaryImageOfPage\":{\"@id\":\"https:\\\/\\\/diarieducacio.cat\\\/rella\\\/2021\\\/06\\\/16\\\/el-professorat-jubilat-i-vetera-tambe-importa\\\/#primaryimage\"},\"image\":{\"@id\":\"https:\\\/\\\/diarieducacio.cat\\\/rella\\\/2021\\\/06\\\/16\\\/el-professorat-jubilat-i-vetera-tambe-importa\\\/#primaryimage\"},\"thumbnailUrl\":\"https:\\\/\\\/diarieducacio.cat\\\/rella\\\/wp-content\\\/uploads\\\/sites\\\/26\\\/2021\\\/06\\\/veterano.jpg\",\"datePublished\":\"2021-06-16T21:30:29+00:00\",\"author\":{\"@id\":\"https:\\\/\\\/diarieducacio.cat\\\/rella\\\/#\\\/schema\\\/person\\\/87cf31697963c1c99ddc005b29c4228a\"},\"breadcrumb\":{\"@id\":\"https:\\\/\\\/diarieducacio.cat\\\/rella\\\/2021\\\/06\\\/16\\\/el-professorat-jubilat-i-vetera-tambe-importa\\\/#breadcrumb\"},\"inLanguage\":\"ca\",\"potentialAction\":[{\"@type\":\"ReadAction\",\"target\":[\"https:\\\/\\\/diarieducacio.cat\\\/rella\\\/2021\\\/06\\\/16\\\/el-professorat-jubilat-i-vetera-tambe-importa\\\/\"]}]},{\"@type\":\"ImageObject\",\"inLanguage\":\"ca\",\"@id\":\"https:\\\/\\\/diarieducacio.cat\\\/rella\\\/2021\\\/06\\\/16\\\/el-professorat-jubilat-i-vetera-tambe-importa\\\/#primaryimage\",\"url\":\"https:\\\/\\\/diarieducacio.cat\\\/rella\\\/wp-content\\\/uploads\\\/sites\\\/26\\\/2021\\\/06\\\/veterano.jpg\",\"contentUrl\":\"https:\\\/\\\/diarieducacio.cat\\\/rella\\\/wp-content\\\/uploads\\\/sites\\\/26\\\/2021\\\/06\\\/veterano.jpg\",\"width\":1254,\"height\":836,\"caption\":\"iStock\"},{\"@type\":\"BreadcrumbList\",\"@id\":\"https:\\\/\\\/diarieducacio.cat\\\/rella\\\/2021\\\/06\\\/16\\\/el-professorat-jubilat-i-vetera-tambe-importa\\\/#breadcrumb\",\"itemListElement\":[{\"@type\":\"ListItem\",\"position\":1,\"name\":\"Inici\",\"item\":\"https:\\\/\\\/diarieducacio.cat\\\/rella\\\/\"},{\"@type\":\"ListItem\",\"position\":2,\"name\":\"El professorat jubilat i veter\u00e0 tamb\u00e9 importa\"}]},{\"@type\":\"WebSite\",\"@id\":\"https:\\\/\\\/diarieducacio.cat\\\/rella\\\/#website\",\"url\":\"https:\\\/\\\/diarieducacio.cat\\\/rella\\\/\",\"name\":\"El Blog de Rella\",\"description\":\"Un blog de El Diari de l&#039;Educaci\u00f3\",\"potentialAction\":[{\"@type\":\"SearchAction\",\"target\":{\"@type\":\"EntryPoint\",\"urlTemplate\":\"https:\\\/\\\/diarieducacio.cat\\\/rella\\\/?s={search_term_string}\"},\"query-input\":{\"@type\":\"PropertyValueSpecification\",\"valueRequired\":true,\"valueName\":\"search_term_string\"}}],\"inLanguage\":\"ca\"},{\"@type\":\"Person\",\"@id\":\"https:\\\/\\\/diarieducacio.cat\\\/rella\\\/#\\\/schema\\\/person\\\/87cf31697963c1c99ddc005b29c4228a\",\"name\":\"Antonio Portela\",\"image\":{\"@type\":\"ImageObject\",\"inLanguage\":\"ca\",\"@id\":\"https:\\\/\\\/secure.gravatar.com\\\/avatar\\\/c60d93e1f792e4fa5369625d249a880af2c42972875b11986983e00d117d839e?s=96&d=mm&r=g\",\"url\":\"https:\\\/\\\/secure.gravatar.com\\\/avatar\\\/c60d93e1f792e4fa5369625d249a880af2c42972875b11986983e00d117d839e?s=96&d=mm&r=g\",\"contentUrl\":\"https:\\\/\\\/secure.gravatar.com\\\/avatar\\\/c60d93e1f792e4fa5369625d249a880af2c42972875b11986983e00d117d839e?s=96&d=mm&r=g\",\"caption\":\"Antonio Portela\"},\"url\":\"https:\\\/\\\/diarieducacio.cat\\\/rella\\\/author\\\/aportela\\\/\"}]}<\/script>\n<!-- \/ Yoast SEO plugin. -->","yoast_head_json":{"title":"El professorat jubilat i veter\u00e0 tamb\u00e9 importa - El Blog de Rella","robots":{"index":"index","follow":"follow","max-snippet":"max-snippet:-1","max-image-preview":"max-image-preview:large","max-video-preview":"max-video-preview:-1"},"canonical":"https:\/\/diarieducacio.cat\/rella\/2021\/06\/16\/el-professorat-jubilat-i-vetera-tambe-importa\/","og_locale":"ca_ES","og_type":"article","og_title":"El professorat jubilat i veter\u00e0 tamb\u00e9 importa - El Blog de Rella","og_description":"Presentem aqu\u00ed un projecte d&#8217;investigaci\u00f3, titulat Desarrollo profesional Intergeneracional en educaci\u00f3n: implicaciones en la iniciaci\u00f3n profesional del profesorado (DePrInEd). Va ser seleccionat a la Convocatoria 2018 de Proyectos de I+D+i \u00abRetos Investigaci\u00f3n\u00bb, del Programa Estatal de I+D+i orientada als reptes de la societat, en el marc del Plan Estatal de Investigaci\u00f3n Cient\u00edfica y T\u00e9cnica y","og_url":"https:\/\/diarieducacio.cat\/rella\/2021\/06\/16\/el-professorat-jubilat-i-vetera-tambe-importa\/","og_site_name":"El Blog de Rella","article_publisher":"https:\/\/www.facebook.com\/diarieducacio\/","article_published_time":"2021-06-16T21:30:29+00:00","og_image":[{"width":1254,"height":836,"url":"https:\/\/diarieducacio.cat\/rella\/wp-content\/uploads\/sites\/26\/2021\/06\/veterano.jpg","type":"image\/jpeg"}],"author":"Antonio Portela","twitter_card":"summary_large_image","twitter_creator":"@DiariEducacio","twitter_site":"@DiariEducacio","twitter_misc":{"Escrit per":"Antonio Portela","Temps estimat de lectura":"5 minuts"},"schema":{"@context":"https:\/\/schema.org","@graph":[{"@type":"Article","@id":"https:\/\/diarieducacio.cat\/rella\/2021\/06\/16\/el-professorat-jubilat-i-vetera-tambe-importa\/#article","isPartOf":{"@id":"https:\/\/diarieducacio.cat\/rella\/2021\/06\/16\/el-professorat-jubilat-i-vetera-tambe-importa\/"},"author":{"name":"Antonio Portela","@id":"https:\/\/diarieducacio.cat\/rella\/#\/schema\/person\/87cf31697963c1c99ddc005b29c4228a"},"headline":"El professorat jubilat i veter\u00e0 tamb\u00e9 importa","datePublished":"2021-06-16T21:30:29+00:00","mainEntityOfPage":{"@id":"https:\/\/diarieducacio.cat\/rella\/2021\/06\/16\/el-professorat-jubilat-i-vetera-tambe-importa\/"},"wordCount":1002,"commentCount":0,"image":{"@id":"https:\/\/diarieducacio.cat\/rella\/2021\/06\/16\/el-professorat-jubilat-i-vetera-tambe-importa\/#primaryimage"},"thumbnailUrl":"https:\/\/diarieducacio.cat\/rella\/wp-content\/uploads\/sites\/26\/2021\/06\/veterano.jpg","articleSection":["General"],"inLanguage":"ca","potentialAction":[{"@type":"CommentAction","name":"Comment","target":["https:\/\/diarieducacio.cat\/rella\/2021\/06\/16\/el-professorat-jubilat-i-vetera-tambe-importa\/#respond"]}]},{"@type":"WebPage","@id":"https:\/\/diarieducacio.cat\/rella\/2021\/06\/16\/el-professorat-jubilat-i-vetera-tambe-importa\/","url":"https:\/\/diarieducacio.cat\/rella\/2021\/06\/16\/el-professorat-jubilat-i-vetera-tambe-importa\/","name":"El professorat jubilat i veter\u00e0 tamb\u00e9 importa - El Blog de Rella","isPartOf":{"@id":"https:\/\/diarieducacio.cat\/rella\/#website"},"primaryImageOfPage":{"@id":"https:\/\/diarieducacio.cat\/rella\/2021\/06\/16\/el-professorat-jubilat-i-vetera-tambe-importa\/#primaryimage"},"image":{"@id":"https:\/\/diarieducacio.cat\/rella\/2021\/06\/16\/el-professorat-jubilat-i-vetera-tambe-importa\/#primaryimage"},"thumbnailUrl":"https:\/\/diarieducacio.cat\/rella\/wp-content\/uploads\/sites\/26\/2021\/06\/veterano.jpg","datePublished":"2021-06-16T21:30:29+00:00","author":{"@id":"https:\/\/diarieducacio.cat\/rella\/#\/schema\/person\/87cf31697963c1c99ddc005b29c4228a"},"breadcrumb":{"@id":"https:\/\/diarieducacio.cat\/rella\/2021\/06\/16\/el-professorat-jubilat-i-vetera-tambe-importa\/#breadcrumb"},"inLanguage":"ca","potentialAction":[{"@type":"ReadAction","target":["https:\/\/diarieducacio.cat\/rella\/2021\/06\/16\/el-professorat-jubilat-i-vetera-tambe-importa\/"]}]},{"@type":"ImageObject","inLanguage":"ca","@id":"https:\/\/diarieducacio.cat\/rella\/2021\/06\/16\/el-professorat-jubilat-i-vetera-tambe-importa\/#primaryimage","url":"https:\/\/diarieducacio.cat\/rella\/wp-content\/uploads\/sites\/26\/2021\/06\/veterano.jpg","contentUrl":"https:\/\/diarieducacio.cat\/rella\/wp-content\/uploads\/sites\/26\/2021\/06\/veterano.jpg","width":1254,"height":836,"caption":"iStock"},{"@type":"BreadcrumbList","@id":"https:\/\/diarieducacio.cat\/rella\/2021\/06\/16\/el-professorat-jubilat-i-vetera-tambe-importa\/#breadcrumb","itemListElement":[{"@type":"ListItem","position":1,"name":"Inici","item":"https:\/\/diarieducacio.cat\/rella\/"},{"@type":"ListItem","position":2,"name":"El professorat jubilat i veter\u00e0 tamb\u00e9 importa"}]},{"@type":"WebSite","@id":"https:\/\/diarieducacio.cat\/rella\/#website","url":"https:\/\/diarieducacio.cat\/rella\/","name":"El Blog de Rella","description":"Un blog de El Diari de l&#039;Educaci\u00f3","potentialAction":[{"@type":"SearchAction","target":{"@type":"EntryPoint","urlTemplate":"https:\/\/diarieducacio.cat\/rella\/?s={search_term_string}"},"query-input":{"@type":"PropertyValueSpecification","valueRequired":true,"valueName":"search_term_string"}}],"inLanguage":"ca"},{"@type":"Person","@id":"https:\/\/diarieducacio.cat\/rella\/#\/schema\/person\/87cf31697963c1c99ddc005b29c4228a","name":"Antonio Portela","image":{"@type":"ImageObject","inLanguage":"ca","@id":"https:\/\/secure.gravatar.com\/avatar\/c60d93e1f792e4fa5369625d249a880af2c42972875b11986983e00d117d839e?s=96&d=mm&r=g","url":"https:\/\/secure.gravatar.com\/avatar\/c60d93e1f792e4fa5369625d249a880af2c42972875b11986983e00d117d839e?s=96&d=mm&r=g","contentUrl":"https:\/\/secure.gravatar.com\/avatar\/c60d93e1f792e4fa5369625d249a880af2c42972875b11986983e00d117d839e?s=96&d=mm&r=g","caption":"Antonio Portela"},"url":"https:\/\/diarieducacio.cat\/rella\/author\/aportela\/"}]}},"_links":{"self":[{"href":"https:\/\/diarieducacio.cat\/rella\/wp-json\/wp\/v2\/posts\/375","targetHints":{"allow":["GET"]}}],"collection":[{"href":"https:\/\/diarieducacio.cat\/rella\/wp-json\/wp\/v2\/posts"}],"about":[{"href":"https:\/\/diarieducacio.cat\/rella\/wp-json\/wp\/v2\/types\/post"}],"author":[{"embeddable":true,"href":"https:\/\/diarieducacio.cat\/rella\/wp-json\/wp\/v2\/users\/377"}],"replies":[{"embeddable":true,"href":"https:\/\/diarieducacio.cat\/rella\/wp-json\/wp\/v2\/comments?post=375"}],"version-history":[{"count":0,"href":"https:\/\/diarieducacio.cat\/rella\/wp-json\/wp\/v2\/posts\/375\/revisions"}],"wp:featuredmedia":[{"embeddable":true,"href":"https:\/\/diarieducacio.cat\/rella\/wp-json\/wp\/v2\/media\/378"}],"wp:attachment":[{"href":"https:\/\/diarieducacio.cat\/rella\/wp-json\/wp\/v2\/media?parent=375"}],"wp:term":[{"taxonomy":"category","embeddable":true,"href":"https:\/\/diarieducacio.cat\/rella\/wp-json\/wp\/v2\/categories?post=375"},{"taxonomy":"post_tag","embeddable":true,"href":"https:\/\/diarieducacio.cat\/rella\/wp-json\/wp\/v2\/tags?post=375"},{"taxonomy":"tipo","embeddable":true,"href":"https:\/\/diarieducacio.cat\/rella\/wp-json\/wp\/v2\/tipo?post=375"}],"curies":[{"name":"wp","href":"https:\/\/api.w.org\/{rel}","templated":true}]}}