{"id":382,"date":"2021-06-29T00:28:37","date_gmt":"2021-06-28T22:28:37","guid":{"rendered":"https:\/\/diarieducacio.cat\/rella\/?p=382"},"modified":"2021-06-29T00:28:37","modified_gmt":"2021-06-28T22:28:37","slug":"renovem-compromis","status":"publish","type":"post","link":"https:\/\/diarieducacio.cat\/rella\/2021\/06\/29\/renovem-compromis\/","title":{"rendered":"Renovem comprom\u00eds"},"content":{"rendered":"<p>Tamb\u00e9 per l\u2019equip de persones que dinamitzem a Granollers el Projecte de Voluntariat Educatiu de Rella i per totes les persones volunt\u00e0ries ha estat un curs especial. Vam comen\u00e7ar amb m\u00e9s dubtes que certeses per\u00f2 amb el desig ferm de fer el possible per treballar per dos dels objectius del projecte: mostrar capacitat de resposta davant de situacions de necessitat concretes en les escoles de la ciutat i promoure la corresponsabilitat i el comprom\u00eds de la ciutadania.<\/p>\n<p>Preveient que seria dif\u00edcil la pres\u00e8ncia en els centres de persones jubilades (les de major risc sanitari, per\u00f2 tamb\u00e9 el grup de m\u00e9s gruix de persones volunt\u00e0ries), vam optar per camins alternatius o complementaris i amb la intenci\u00f3 d\u2019incorporar als centres persones m\u00e9s joves. En aquesta l\u00ednia hem assajat una via de col\u00b7laboraci\u00f3 amb diferents facultats de Ci\u00e8ncies de l\u2019Educaci\u00f3. Hem tingut, portant-ne des de l\u2019equip de Rella-Granollers les tutories, estudiants de tercer curs de Pedagogia fent el seu pr\u00e0cticum en diferents centres que havien demanat algun tipus de voluntariat per cobrir alguna de les seves urg\u00e8ncies. Tamb\u00e9 hem tingut alumnat de l\u2019Oficina d\u2019Aprenentatge Servei (ApS) que ha fet el seu servei a diferents escoles de la ciutat.<\/p>\n<p>A hores d\u2019ara, que l\u2019alumnat de pr\u00e0ctiques ja ha acabat el seu per\u00edode a les escoles, podem assegurar que els que m\u00e9s hi han guanyat en tot el proc\u00e9s han estat elles i ells. Venien a fer un servei i n\u2019han tret molt profit personal. Els equips directius ho van rebre molt b\u00e9 i han propiciat que els i les alumnes poguessin con\u00e8ixer la realitat de cada centre, fer-se-la seva i comen\u00e7ar a intervenir en algunes accions. A l\u2019alumnat en pr\u00e0ctiques l&#8217;experi\u00e8ncia els ha estat molt positiva, nom\u00e9s es dolen de no haver-hi pogut tenir major pres\u00e8ncia.<\/p>\n<blockquote><p>En l\u2019acte de reconeixement del voluntariat vam percebre la satisfacci\u00f3 de molts equips educatius, cosa que ens dona energia per seguir al peu del can\u00f3 d\u2019un projecte que s\u2019hauria d\u2019estendre a totes les ciutats i pobles<\/p><\/blockquote>\n<p>Pel que fa la resta de persones volunt\u00e0ries, com era d\u2019esperar hi ha hagut una reducci\u00f3 significativa pel que fa al nombre, passant dels 140 del curs passat a uns 40 aquest curs. Tot i les dificultats viscudes, les persones volunt\u00e0ries manifesten que se senten molt compensades per la feina realitzada, sorpreses fins i tot algunes d\u2019elles per tot el que els hi ha aportat aquesta acci\u00f3 de voluntariat i amb ganes de continuar en aquest projecte.<\/p>\n<p>En l\u2019acte de reconeixement del voluntariat, que es va fer el passat 24 de maig i de manera presencial, es va poder parlar del goig de les persones volunt\u00e0ries i de la necessitat de renovar el comprom\u00eds amb el Projecte de Voluntariat Educatiu. En aquest acte vam poder percebre tamb\u00e9 la satisfacci\u00f3 de molts equips educatius, cosa que ens dona energia per seguir al peu del can\u00f3 d\u2019un projecte que s\u2019hauria d\u2019estendre a totes les ciutats i pobles perqu\u00e8 demostra, per una banda, el grau de comprom\u00eds de la ciutadania amb l\u2019educaci\u00f3 i, de l\u2019altra, la seva comprensi\u00f3 de la feina que fan els i les docents. Tamb\u00e9 evidencia el valor que els voluntaris i les volunt\u00e0ries donen a la seva pres\u00e8ncia en els centres educatius, de manera gratu\u00efta i en actitud de servei als altres.<\/p>\n<p>Va ser un encert, tot i que s\u2019ha de fer amb dist\u00e0ncia i mascareta, que en l\u2019acte de reconeixement pass\u00e9ssim la pel\u00b7l\u00edcula <em>Un profesor en Groenlandia <\/em>perqu\u00e8 va donar peu a la intervenci\u00f3 de l\u2019Alba Castellsagu\u00e9, mestra i antrop\u00f2loga, que va dinamitzar el debat posterior. En les diverses participacions del p\u00fablic, configurat per persones vinculades al mon escolar, es va posar de manifest el valor que es dona a l\u2019educaci\u00f3, un valor sense preu que ha de nodrir-se de l\u2019esfor\u00e7 de tota la comunitat, sabent que res comen\u00e7a o acaba a la porta de l\u2019escola sin\u00f3 que, ben al contrari, ha de traspassar les seves parets, fent comunitat. Es va plantejar tamb\u00e9 la necessitat de reconnectar-nos amb la natura, apostant per un model educatiu constru\u00eft des de la senzillesa de la vida, sense grans luxes i donant import\u00e0ncia a all\u00f2 que \u00e9s fonamental: el respecte a la idiosincr\u00e0sia de cada comunitat i de cada \u00e9sser hum\u00e0. Aquest respecte imposa que els curr\u00edculums escolars no els fixi una comunitat allunyada de la realitat en la qual s\u2019han d\u2019impartir i no es transmetin anul\u00b7lant la llengua mare o la cultura oral pr\u00f2pia de cada comunitat.<\/p>\n<p>Va ser una sort poder comptar amb la pres\u00e8ncia d\u2019institucions, evidentment representades per persones, com ara l\u2019alcalde, el regidor d\u2019educaci\u00f3 i representants de Rella Barcelona.<\/p>\n<p>Des de la tranquil\u00b7litat d\u2019haver fet la feina que pod\u00edem fer tan b\u00e9 com hem estat capaces de fer-la, renovem el nostre comprom\u00eds amb el Projecte de Voluntariat Educatiu pel proper curs 2021\/22 i fem una crida a totes les persones que vulguin i puguin a qu\u00e8 participin en aquest projecte. Fem una crida a que regalin el seu temps, que l\u2019ofereixin amb generositat, amb la certesa que la satisfacci\u00f3 d\u2019haver col\u00b7laborat en la formaci\u00f3 d\u2019infants i adolescents de la seva ciutat o poble els compensar\u00e0 amb escreix<\/p>\n<p>Esperem poder recuperar ben aviat la normalitat i tamb\u00e9 la quantitat de persones volunt\u00e0ries del curs passat, fins i tot superar-lo.<\/p>\n<h6 style=\"text-align: right\"><strong>Signen aquest article:\u00a0Teresa Ma Ferrer, Maite Subirats, Dolors Camenforte i Agn\u00e8s Boixader (a la foto)<\/strong><\/h6>\n","protected":false},"excerpt":{"rendered":"<p>Tamb\u00e9 per l\u2019equip de persones que dinamitzem a Granollers el Projecte de Voluntariat Educatiu de Rella i per totes les persones volunt\u00e0ries ha estat un curs especial. Vam comen\u00e7ar amb m\u00e9s dubtes que certeses per\u00f2 amb el desig ferm de fer el possible per treballar per dos dels objectius del projecte: mostrar capacitat de resposta<\/p>\n","protected":false},"author":371,"featured_media":383,"comment_status":"open","ping_status":"closed","sticky":false,"template":"","format":"standard","meta":{"footnotes":""},"categories":[2],"tags":[],"tipo":[],"class_list":{"0":"post-382","1":"post","2":"type-post","3":"status-publish","4":"format-standard","5":"has-post-thumbnail","7":"category-general"},"yoast_head":"<!-- This site is optimized with the Yoast SEO plugin v27.4 - https:\/\/yoast.com\/product\/yoast-seo-wordpress\/ -->\n<title>Renovem comprom\u00eds - El Blog de Rella<\/title>\n<meta name=\"robots\" content=\"index, follow, max-snippet:-1, max-image-preview:large, max-video-preview:-1\" \/>\n<link rel=\"canonical\" href=\"https:\/\/diarieducacio.cat\/rella\/2021\/06\/29\/renovem-compromis\/\" \/>\n<meta property=\"og:locale\" content=\"ca_ES\" \/>\n<meta property=\"og:type\" content=\"article\" \/>\n<meta property=\"og:title\" content=\"Renovem comprom\u00eds - El Blog de Rella\" \/>\n<meta property=\"og:description\" content=\"Tamb\u00e9 per l\u2019equip de persones que dinamitzem a Granollers el Projecte de Voluntariat Educatiu de Rella i per totes les persones volunt\u00e0ries ha estat un curs especial. Vam comen\u00e7ar amb m\u00e9s dubtes que certeses per\u00f2 amb el desig ferm de fer el possible per treballar per dos dels objectius del projecte: mostrar capacitat de resposta\" \/>\n<meta property=\"og:url\" content=\"https:\/\/diarieducacio.cat\/rella\/2021\/06\/29\/renovem-compromis\/\" \/>\n<meta property=\"og:site_name\" content=\"El Blog de Rella\" \/>\n<meta property=\"article:publisher\" content=\"https:\/\/www.facebook.com\/diarieducacio\/\" \/>\n<meta property=\"article:published_time\" content=\"2021-06-28T22:28:37+00:00\" \/>\n<meta property=\"og:image\" content=\"https:\/\/diarieducacio.cat\/rella\/wp-content\/uploads\/sites\/26\/2021\/06\/Foto-del-9Nou.jpg\" \/>\n\t<meta property=\"og:image:width\" content=\"1200\" \/>\n\t<meta property=\"og:image:height\" content=\"851\" \/>\n\t<meta property=\"og:image:type\" content=\"image\/jpeg\" \/>\n<meta name=\"author\" content=\"Rella Granollers\" \/>\n<meta name=\"twitter:card\" content=\"summary_large_image\" \/>\n<meta name=\"twitter:creator\" content=\"@DiariEducacio\" \/>\n<meta name=\"twitter:site\" content=\"@DiariEducacio\" \/>\n<meta name=\"twitter:label1\" content=\"Escrit per\" \/>\n\t<meta name=\"twitter:data1\" content=\"Rella Granollers\" \/>\n\t<meta name=\"twitter:label2\" content=\"Temps estimat de lectura\" \/>\n\t<meta name=\"twitter:data2\" content=\"5 minuts\" \/>\n<script type=\"application\/ld+json\" class=\"yoast-schema-graph\">{\"@context\":\"https:\\\/\\\/schema.org\",\"@graph\":[{\"@type\":\"Article\",\"@id\":\"https:\\\/\\\/diarieducacio.cat\\\/rella\\\/2021\\\/06\\\/29\\\/renovem-compromis\\\/#article\",\"isPartOf\":{\"@id\":\"https:\\\/\\\/diarieducacio.cat\\\/rella\\\/2021\\\/06\\\/29\\\/renovem-compromis\\\/\"},\"author\":{\"name\":\"Rella Granollers\",\"@id\":\"https:\\\/\\\/diarieducacio.cat\\\/rella\\\/#\\\/schema\\\/person\\\/54d7582b0ac81d69cbd262a7ae08ffb3\"},\"headline\":\"Renovem comprom\u00eds\",\"datePublished\":\"2021-06-28T22:28:37+00:00\",\"mainEntityOfPage\":{\"@id\":\"https:\\\/\\\/diarieducacio.cat\\\/rella\\\/2021\\\/06\\\/29\\\/renovem-compromis\\\/\"},\"wordCount\":973,\"commentCount\":0,\"image\":{\"@id\":\"https:\\\/\\\/diarieducacio.cat\\\/rella\\\/2021\\\/06\\\/29\\\/renovem-compromis\\\/#primaryimage\"},\"thumbnailUrl\":\"https:\\\/\\\/diarieducacio.cat\\\/rella\\\/wp-content\\\/uploads\\\/sites\\\/26\\\/2021\\\/06\\\/Foto-del-9Nou.jpg\",\"articleSection\":[\"General\"],\"inLanguage\":\"ca\",\"potentialAction\":[{\"@type\":\"CommentAction\",\"name\":\"Comment\",\"target\":[\"https:\\\/\\\/diarieducacio.cat\\\/rella\\\/2021\\\/06\\\/29\\\/renovem-compromis\\\/#respond\"]}]},{\"@type\":\"WebPage\",\"@id\":\"https:\\\/\\\/diarieducacio.cat\\\/rella\\\/2021\\\/06\\\/29\\\/renovem-compromis\\\/\",\"url\":\"https:\\\/\\\/diarieducacio.cat\\\/rella\\\/2021\\\/06\\\/29\\\/renovem-compromis\\\/\",\"name\":\"Renovem comprom\u00eds - El Blog de Rella\",\"isPartOf\":{\"@id\":\"https:\\\/\\\/diarieducacio.cat\\\/rella\\\/#website\"},\"primaryImageOfPage\":{\"@id\":\"https:\\\/\\\/diarieducacio.cat\\\/rella\\\/2021\\\/06\\\/29\\\/renovem-compromis\\\/#primaryimage\"},\"image\":{\"@id\":\"https:\\\/\\\/diarieducacio.cat\\\/rella\\\/2021\\\/06\\\/29\\\/renovem-compromis\\\/#primaryimage\"},\"thumbnailUrl\":\"https:\\\/\\\/diarieducacio.cat\\\/rella\\\/wp-content\\\/uploads\\\/sites\\\/26\\\/2021\\\/06\\\/Foto-del-9Nou.jpg\",\"datePublished\":\"2021-06-28T22:28:37+00:00\",\"author\":{\"@id\":\"https:\\\/\\\/diarieducacio.cat\\\/rella\\\/#\\\/schema\\\/person\\\/54d7582b0ac81d69cbd262a7ae08ffb3\"},\"breadcrumb\":{\"@id\":\"https:\\\/\\\/diarieducacio.cat\\\/rella\\\/2021\\\/06\\\/29\\\/renovem-compromis\\\/#breadcrumb\"},\"inLanguage\":\"ca\",\"potentialAction\":[{\"@type\":\"ReadAction\",\"target\":[\"https:\\\/\\\/diarieducacio.cat\\\/rella\\\/2021\\\/06\\\/29\\\/renovem-compromis\\\/\"]}]},{\"@type\":\"ImageObject\",\"inLanguage\":\"ca\",\"@id\":\"https:\\\/\\\/diarieducacio.cat\\\/rella\\\/2021\\\/06\\\/29\\\/renovem-compromis\\\/#primaryimage\",\"url\":\"https:\\\/\\\/diarieducacio.cat\\\/rella\\\/wp-content\\\/uploads\\\/sites\\\/26\\\/2021\\\/06\\\/Foto-del-9Nou.jpg\",\"contentUrl\":\"https:\\\/\\\/diarieducacio.cat\\\/rella\\\/wp-content\\\/uploads\\\/sites\\\/26\\\/2021\\\/06\\\/Foto-del-9Nou.jpg\",\"width\":1200,\"height\":851,\"caption\":\"Teresa Ma Ferrer, Maite Subirats, Dolors Camenforte i Agn\u00e8s Boixader | Foto: El9Nou\"},{\"@type\":\"BreadcrumbList\",\"@id\":\"https:\\\/\\\/diarieducacio.cat\\\/rella\\\/2021\\\/06\\\/29\\\/renovem-compromis\\\/#breadcrumb\",\"itemListElement\":[{\"@type\":\"ListItem\",\"position\":1,\"name\":\"Inici\",\"item\":\"https:\\\/\\\/diarieducacio.cat\\\/rella\\\/\"},{\"@type\":\"ListItem\",\"position\":2,\"name\":\"Renovem comprom\u00eds\"}]},{\"@type\":\"WebSite\",\"@id\":\"https:\\\/\\\/diarieducacio.cat\\\/rella\\\/#website\",\"url\":\"https:\\\/\\\/diarieducacio.cat\\\/rella\\\/\",\"name\":\"El Blog de Rella\",\"description\":\"Un blog de El Diari de l&#039;Educaci\u00f3\",\"potentialAction\":[{\"@type\":\"SearchAction\",\"target\":{\"@type\":\"EntryPoint\",\"urlTemplate\":\"https:\\\/\\\/diarieducacio.cat\\\/rella\\\/?s={search_term_string}\"},\"query-input\":{\"@type\":\"PropertyValueSpecification\",\"valueRequired\":true,\"valueName\":\"search_term_string\"}}],\"inLanguage\":\"ca\"},{\"@type\":\"Person\",\"@id\":\"https:\\\/\\\/diarieducacio.cat\\\/rella\\\/#\\\/schema\\\/person\\\/54d7582b0ac81d69cbd262a7ae08ffb3\",\"name\":\"Rella Granollers\",\"image\":{\"@type\":\"ImageObject\",\"inLanguage\":\"ca\",\"@id\":\"https:\\\/\\\/secure.gravatar.com\\\/avatar\\\/fb471de393977f678b1da13d3db28edf2177daaf04a3d41248bd7e3f4f2c30bd?s=96&d=mm&r=g\",\"url\":\"https:\\\/\\\/secure.gravatar.com\\\/avatar\\\/fb471de393977f678b1da13d3db28edf2177daaf04a3d41248bd7e3f4f2c30bd?s=96&d=mm&r=g\",\"contentUrl\":\"https:\\\/\\\/secure.gravatar.com\\\/avatar\\\/fb471de393977f678b1da13d3db28edf2177daaf04a3d41248bd7e3f4f2c30bd?s=96&d=mm&r=g\",\"caption\":\"Rella Granollers\"},\"url\":\"https:\\\/\\\/diarieducacio.cat\\\/rella\\\/author\\\/rellagr\\\/\"}]}<\/script>\n<!-- \/ Yoast SEO plugin. -->","yoast_head_json":{"title":"Renovem comprom\u00eds - El Blog de Rella","robots":{"index":"index","follow":"follow","max-snippet":"max-snippet:-1","max-image-preview":"max-image-preview:large","max-video-preview":"max-video-preview:-1"},"canonical":"https:\/\/diarieducacio.cat\/rella\/2021\/06\/29\/renovem-compromis\/","og_locale":"ca_ES","og_type":"article","og_title":"Renovem comprom\u00eds - El Blog de Rella","og_description":"Tamb\u00e9 per l\u2019equip de persones que dinamitzem a Granollers el Projecte de Voluntariat Educatiu de Rella i per totes les persones volunt\u00e0ries ha estat un curs especial. Vam comen\u00e7ar amb m\u00e9s dubtes que certeses per\u00f2 amb el desig ferm de fer el possible per treballar per dos dels objectius del projecte: mostrar capacitat de resposta","og_url":"https:\/\/diarieducacio.cat\/rella\/2021\/06\/29\/renovem-compromis\/","og_site_name":"El Blog de Rella","article_publisher":"https:\/\/www.facebook.com\/diarieducacio\/","article_published_time":"2021-06-28T22:28:37+00:00","og_image":[{"width":1200,"height":851,"url":"https:\/\/diarieducacio.cat\/rella\/wp-content\/uploads\/sites\/26\/2021\/06\/Foto-del-9Nou.jpg","type":"image\/jpeg"}],"author":"Rella Granollers","twitter_card":"summary_large_image","twitter_creator":"@DiariEducacio","twitter_site":"@DiariEducacio","twitter_misc":{"Escrit per":"Rella Granollers","Temps estimat de lectura":"5 minuts"},"schema":{"@context":"https:\/\/schema.org","@graph":[{"@type":"Article","@id":"https:\/\/diarieducacio.cat\/rella\/2021\/06\/29\/renovem-compromis\/#article","isPartOf":{"@id":"https:\/\/diarieducacio.cat\/rella\/2021\/06\/29\/renovem-compromis\/"},"author":{"name":"Rella Granollers","@id":"https:\/\/diarieducacio.cat\/rella\/#\/schema\/person\/54d7582b0ac81d69cbd262a7ae08ffb3"},"headline":"Renovem comprom\u00eds","datePublished":"2021-06-28T22:28:37+00:00","mainEntityOfPage":{"@id":"https:\/\/diarieducacio.cat\/rella\/2021\/06\/29\/renovem-compromis\/"},"wordCount":973,"commentCount":0,"image":{"@id":"https:\/\/diarieducacio.cat\/rella\/2021\/06\/29\/renovem-compromis\/#primaryimage"},"thumbnailUrl":"https:\/\/diarieducacio.cat\/rella\/wp-content\/uploads\/sites\/26\/2021\/06\/Foto-del-9Nou.jpg","articleSection":["General"],"inLanguage":"ca","potentialAction":[{"@type":"CommentAction","name":"Comment","target":["https:\/\/diarieducacio.cat\/rella\/2021\/06\/29\/renovem-compromis\/#respond"]}]},{"@type":"WebPage","@id":"https:\/\/diarieducacio.cat\/rella\/2021\/06\/29\/renovem-compromis\/","url":"https:\/\/diarieducacio.cat\/rella\/2021\/06\/29\/renovem-compromis\/","name":"Renovem comprom\u00eds - El Blog de Rella","isPartOf":{"@id":"https:\/\/diarieducacio.cat\/rella\/#website"},"primaryImageOfPage":{"@id":"https:\/\/diarieducacio.cat\/rella\/2021\/06\/29\/renovem-compromis\/#primaryimage"},"image":{"@id":"https:\/\/diarieducacio.cat\/rella\/2021\/06\/29\/renovem-compromis\/#primaryimage"},"thumbnailUrl":"https:\/\/diarieducacio.cat\/rella\/wp-content\/uploads\/sites\/26\/2021\/06\/Foto-del-9Nou.jpg","datePublished":"2021-06-28T22:28:37+00:00","author":{"@id":"https:\/\/diarieducacio.cat\/rella\/#\/schema\/person\/54d7582b0ac81d69cbd262a7ae08ffb3"},"breadcrumb":{"@id":"https:\/\/diarieducacio.cat\/rella\/2021\/06\/29\/renovem-compromis\/#breadcrumb"},"inLanguage":"ca","potentialAction":[{"@type":"ReadAction","target":["https:\/\/diarieducacio.cat\/rella\/2021\/06\/29\/renovem-compromis\/"]}]},{"@type":"ImageObject","inLanguage":"ca","@id":"https:\/\/diarieducacio.cat\/rella\/2021\/06\/29\/renovem-compromis\/#primaryimage","url":"https:\/\/diarieducacio.cat\/rella\/wp-content\/uploads\/sites\/26\/2021\/06\/Foto-del-9Nou.jpg","contentUrl":"https:\/\/diarieducacio.cat\/rella\/wp-content\/uploads\/sites\/26\/2021\/06\/Foto-del-9Nou.jpg","width":1200,"height":851,"caption":"Teresa Ma Ferrer, Maite Subirats, Dolors Camenforte i Agn\u00e8s Boixader | Foto: El9Nou"},{"@type":"BreadcrumbList","@id":"https:\/\/diarieducacio.cat\/rella\/2021\/06\/29\/renovem-compromis\/#breadcrumb","itemListElement":[{"@type":"ListItem","position":1,"name":"Inici","item":"https:\/\/diarieducacio.cat\/rella\/"},{"@type":"ListItem","position":2,"name":"Renovem comprom\u00eds"}]},{"@type":"WebSite","@id":"https:\/\/diarieducacio.cat\/rella\/#website","url":"https:\/\/diarieducacio.cat\/rella\/","name":"El Blog de Rella","description":"Un blog de El Diari de l&#039;Educaci\u00f3","potentialAction":[{"@type":"SearchAction","target":{"@type":"EntryPoint","urlTemplate":"https:\/\/diarieducacio.cat\/rella\/?s={search_term_string}"},"query-input":{"@type":"PropertyValueSpecification","valueRequired":true,"valueName":"search_term_string"}}],"inLanguage":"ca"},{"@type":"Person","@id":"https:\/\/diarieducacio.cat\/rella\/#\/schema\/person\/54d7582b0ac81d69cbd262a7ae08ffb3","name":"Rella Granollers","image":{"@type":"ImageObject","inLanguage":"ca","@id":"https:\/\/secure.gravatar.com\/avatar\/fb471de393977f678b1da13d3db28edf2177daaf04a3d41248bd7e3f4f2c30bd?s=96&d=mm&r=g","url":"https:\/\/secure.gravatar.com\/avatar\/fb471de393977f678b1da13d3db28edf2177daaf04a3d41248bd7e3f4f2c30bd?s=96&d=mm&r=g","contentUrl":"https:\/\/secure.gravatar.com\/avatar\/fb471de393977f678b1da13d3db28edf2177daaf04a3d41248bd7e3f4f2c30bd?s=96&d=mm&r=g","caption":"Rella Granollers"},"url":"https:\/\/diarieducacio.cat\/rella\/author\/rellagr\/"}]}},"_links":{"self":[{"href":"https:\/\/diarieducacio.cat\/rella\/wp-json\/wp\/v2\/posts\/382","targetHints":{"allow":["GET"]}}],"collection":[{"href":"https:\/\/diarieducacio.cat\/rella\/wp-json\/wp\/v2\/posts"}],"about":[{"href":"https:\/\/diarieducacio.cat\/rella\/wp-json\/wp\/v2\/types\/post"}],"author":[{"embeddable":true,"href":"https:\/\/diarieducacio.cat\/rella\/wp-json\/wp\/v2\/users\/371"}],"replies":[{"embeddable":true,"href":"https:\/\/diarieducacio.cat\/rella\/wp-json\/wp\/v2\/comments?post=382"}],"version-history":[{"count":0,"href":"https:\/\/diarieducacio.cat\/rella\/wp-json\/wp\/v2\/posts\/382\/revisions"}],"wp:featuredmedia":[{"embeddable":true,"href":"https:\/\/diarieducacio.cat\/rella\/wp-json\/wp\/v2\/media\/383"}],"wp:attachment":[{"href":"https:\/\/diarieducacio.cat\/rella\/wp-json\/wp\/v2\/media?parent=382"}],"wp:term":[{"taxonomy":"category","embeddable":true,"href":"https:\/\/diarieducacio.cat\/rella\/wp-json\/wp\/v2\/categories?post=382"},{"taxonomy":"post_tag","embeddable":true,"href":"https:\/\/diarieducacio.cat\/rella\/wp-json\/wp\/v2\/tags?post=382"},{"taxonomy":"tipo","embeddable":true,"href":"https:\/\/diarieducacio.cat\/rella\/wp-json\/wp\/v2\/tipo?post=382"}],"curies":[{"name":"wp","href":"https:\/\/api.w.org\/{rel}","templated":true}]}}