{"id":389,"date":"2021-10-11T00:11:16","date_gmt":"2021-10-10T22:11:16","guid":{"rendered":"https:\/\/diarieducacio.cat\/rella\/?p=389"},"modified":"2021-10-11T00:11:16","modified_gmt":"2021-10-10T22:11:16","slug":"educacio-en-letapa-0-3-imprescindible","status":"publish","type":"post","link":"https:\/\/diarieducacio.cat\/rella\/2021\/10\/11\/educacio-en-letapa-0-3-imprescindible\/","title":{"rendered":"Educaci\u00f3 en l\u2019etapa 0-3: imprescindible!"},"content":{"rendered":"<p>A m\u00e9s a m\u00e9s de conviure amb el nen durant les trobades familiars permeses per la pand\u00e8mia, compartim en Nil una tarda a la setmana a casa nostra (som de la mateixa bombolla). Ja s\u2019ha quedat a dormir una nit a casa els avis sense cap problema. El nen parla molt, es fa entendre i absorbeix el nou vocabulari i la construcci\u00f3 de frases amb facilitat sorprenent. S\u2019inventa representacions i demana que hi participis. Els seus pares tenen molta relaci\u00f3 amb ell i els altres avis tamb\u00e9.<\/p>\n<p>El nostre net va a una escola bressol privada del barri, on fan una molt bona tasca global (no hi havia places a la p\u00fablica). Conviu fent activitats, dina i fa migdiada a la mateixa llar. Tots estem molt contents de l\u2019escola, ell el primer.<\/p>\n<h4>Per qu\u00e8 aquest article?<\/h4>\n<p><strong>Per constatar<\/strong> que fent d\u2019avis hem viscut molt m\u00e9s conscientment l\u2019evoluci\u00f3 del nad\u00f3 que quan v\u00e0rem actuar de pares del nostre fill. Valorem que \u00e9s una ll\u00e0stima que ens \u00a0pass\u00e9s (per alt) volant tot el que va viure en aquell per\u00edode de crian\u00e7a on nosaltres viv\u00edem molt intensament la nostra tasca professional.<\/p>\n<p><strong>Per valorar<\/strong> el paper de l\u2019acompanyament de l\u2019infant i comprovar com, a partir de l\u2019ambient on viu el petit i les seves capacitats d\u2019absorci\u00f3, es produeixen de forma proporcional als est\u00edmuls uns aven\u00e7os graduals i sorprenents (i esclats que semblen miracles) en la seva vida. Aven\u00e7os que interactuen entre ells, per\u00f2 per parlar-ne intentar\u00e9 enumerar els principals o els que jo he pogut comprovar.<\/p>\n<p>Abans d\u2019esmicolar en temes, les habilitats o camps que evolucionen, crec que cal dir, per fer just\u00edcia, que l\u2019infant rep influ\u00e8ncies de tots els \u00e0mbits on viu, i que aquest poden ser diversos degut a les opcions-situacions familiars i per tant a la riquesa estimulant (imaginem que sempre seran est\u00edmuls positius) d\u2019aquests ambients. De zero a tres anys els fills poden relacionar-se amb la fam\u00edlia estricta, pares i avis; una mica m\u00e9s amplia. Amb altres fam\u00edlies paral\u00b7leles que tamb\u00e9 tenen fills petits. I tamb\u00e9 pot ser, si hi hagu\u00e9s prou oferta assequible per a tothom, que la criatura vagi a l\u2019escola bressol. Escola bressol on hi ha professionals els quals, tenint en compte l\u2019evoluci\u00f3 global de l\u2019infant de manera estudiada en la teoria i de manera experimentada i contrastada en la pr\u00e0ctica, poden oferir ambients i activitats riques per fer florir, quan toqui, les manifestacions vitals evolucionades on es motiven respostes individuals i socials que faran cr\u00e9ixer la mainada, diguem-ne de forma <em>espont\u00e0nia<\/em>.<\/p>\n<p>No tinc una opini\u00f3 prou formada com per dir ara mateix si crec que \u00e9s millor que tots els nens i nenes hagin d\u2019anar a l\u2019escola 0-3 obligat\u00f2riament. El que s\u00ed que crec \u00e9s que hi hauria d\u2019haver prou oferta de places p\u00fabliques i gratu\u00eftes d\u2019aquesta etapa, perqu\u00e8 les fam\u00edlies poguessin triar.<\/p>\n<blockquote><p>Si tant te\u00f2rics com pol\u00edtics estan d\u2019acord que l\u2019etapa de 0-3 \u00e9s insubstitu\u00efble, que ho demostrin creant les places necess\u00e0ries de bressol i valorant els seus professionals com es mereixen<\/p><\/blockquote>\n<h4>De les viv\u00e8ncies observades<\/h4>\n<p><strong>Mirar<\/strong>: des qu\u00e8 va obrir els ulls fins ara ha estat un cam\u00ed lent per\u00f2 continuat. Intentar recon\u00e8ixer a partir del so de la veu i una imatge concreta passant per fixar-se en el moviment d\u2019alguna cosa que es mou. Comen\u00e7ar a intentar agafar algun objecte m\u00e9s o menys a l\u2019abast i que t\u00e9 una llum atractiva. Veure i parlar i comen\u00e7ar a recordar i demanar.<\/p>\n<p><strong>Memoritzar<\/strong>: sons, imatges, paraules, m\u00fasiques, can\u00e7ons, rodolins simples, contes orals, contes en forma de llibre. Tamb\u00e9 informacions. I, si pot fer preguntes, recordar les respostes. La suma de tot plegat s\u00f3n mots i oracions; idees i verbs: parlar.<\/p>\n<p><strong>Bellugar-se, despla\u00e7ar-se:<\/strong> des d\u2019estirat al llit fins a c\u00f3rrer per una baixadeta, sense caure, hi ha tot un cam\u00ed, que encara que \u00e9s com\u00fa, \u00e9s extraordinari. Fer fins aconseguir l\u2019equilibri suficient i l\u2019agilitat que dona autonomia al despla\u00e7ament personal, passant pels gatejar i acumulaci\u00f3 de caigudes que asseguren l\u2019aprenentatge. Ser-ne conscient.<\/p>\n<p><strong>Estimar<\/strong>: mirar la mare, al pare, als avis, la mestra. Somriure com a primera resposta. Caiguda d\u2019ulls, seductora. Petons a la seva manera. Petons amb xucladeta\u00a0 acompanyat de mirada sincera intensa. Petons a dist\u00e0ncia. Selectivitat: no hi ha petons per a tothom.<\/p>\n<p><strong>Parlar<\/strong>: tot \u00e9s extraordinari. Parlar \u00e9s m\u00e9s que extraordinari, son petits miracles que construeixen pensament! No sempre acompanya la fon\u00e8tica, el que cal \u00e9s que parlin i tinguin alg\u00fa al costat i que escolti i pregunti. Els agrada parlar i escoltar. Les frases flueixen quan menys ho esperes. Es fan persones molt intel\u00b7ligents!<\/p>\n<p><strong>Imaginar<\/strong>: viu al costat de les paraules vives. Paraules de contes o de jocs. Es generen invencions, hist\u00f2ries, personificacions (jo soc un gat!) on la realitat, la seva realitat \u00e9s vida. Fa vida en el seu \u00e0mbit, on podem entrar si ell vol i que podem seguir per ampliar-lo. (No heu sopat mai mongetes tendres que ha cuinat el vostre net, sense cuina i sense mongetes ? Son bon\u00edssimes).<\/p>\n<p><strong>Car\u00e0cter<\/strong>: les seves reaccions demanen resposta, aix\u00ed integrar\u00e0 com ha d\u2019actuar. La seva manera de ser no \u00e9s del tot controlada i s\u2019ha de contrastar. Dol, quan veus que ploren (les ll\u00e0grimes s\u00f3n transparents i brillants). L\u2019adult descobreix en un mateix reaccions i respostes noves que cal adequar al tarann\u00e0 que vol imposar. Haurem de tornar a ser originals per no frustrar les relacions,\u00a0 ni ser tan tous que ens faci in\u00fatils per a l\u2019educaci\u00f3 de l\u2019infant.<\/p>\n<p>Segur que m\u2019he deixat aspectes importants del creixement extraordinari en molt poc temps, tres anys, que fa coix\u00ed, i per tant \u00e9s b\u00e0sic per cada persona. Tamb\u00e9 he volgut deixar clar que la criatura no evoluciona perqu\u00e8 el temps passa. Evoluciona pels contactes que rep on ell viu, pels est\u00edmuls i respostes que li arriben.<\/p>\n<p>Tots sabem que hi ha molta mainada que viu en situacions de precarietat afectiva, precarietat cultural, precarietat d\u2019espai, precarietat econ\u00f2mica i aliment\u00e0ria. Aquests nadons s\u00f3n els que m\u00e9s necessiten que hi hagi prou escoles bressol pr\u00f2ximes, de qualitat global, que obrin les seves portes per ajudar als petits i a les fam\u00edlies.<\/p>\n<p>Tot el que he escrit fins ara sorgeix, ja ho he dit en comen\u00e7ar, de l\u2019experi\u00e8ncia d\u2019avi, mestre i d\u2019inquiet social. Per\u00f2 fins ara, m\u00e9s enll\u00e0 dels setanta cinc, no he pensat que calia tornar-ho a dir, reblar-ho, perqu\u00e8 tothom ho llegeixi, ho reivindiqui i ho exigeixi. I que, per tant, si tant te\u00f2rics com pol\u00edtics estan d\u2019acord en qu\u00e8 l\u2019etapa de 0-3 \u00e9s fonamental i insubstitu\u00efble, que ho demostrin i cre\u00efn les places necess\u00e0ries d\u2019escola bressol. I, tamb\u00e9, que valorin tant com es mereixen als professionals que hi treballen: en forma de r\u00e0tio, horaris i sous. I si hi ha temps, en reconeixement social. Gr\u00e0cies per la feina, bressolers i bressoleres! Gr\u00e0cies avis i \u00e0vies!<\/p>\n<p><em>PD: Quan tancava l\u2019ordinador m\u2019ha vingut a la mem\u00f2ria el tema del \u201cCos \u00fanic d\u2019Ensenyants\u201d. I crec que s\u2019hauria de reivindicar si tots f\u00f3ssim coherents! Potser un altre dia en parlarem.<\/em><\/p>\n","protected":false},"excerpt":{"rendered":"<p>A m\u00e9s a m\u00e9s de conviure amb el nen durant les trobades familiars permeses per la pand\u00e8mia, compartim en Nil una tarda a la setmana a casa nostra (som de la mateixa bombolla). Ja s\u2019ha quedat a dormir una nit a casa els avis sense cap problema. El nen parla molt, es fa entendre i<\/p>\n","protected":false},"author":362,"featured_media":390,"comment_status":"open","ping_status":"closed","sticky":false,"template":"","format":"standard","meta":{"footnotes":""},"categories":[2],"tags":[],"tipo":[],"class_list":{"0":"post-389","1":"post","2":"type-post","3":"status-publish","4":"format-standard","5":"has-post-thumbnail","7":"category-general"},"yoast_head":"<!-- This site is optimized with the Yoast SEO plugin v27.4 - https:\/\/yoast.com\/product\/yoast-seo-wordpress\/ -->\n<title>Educaci\u00f3 en l\u2019etapa 0-3: imprescindible! - El Blog de Rella<\/title>\n<meta name=\"robots\" content=\"index, follow, max-snippet:-1, max-image-preview:large, max-video-preview:-1\" \/>\n<link rel=\"canonical\" href=\"https:\/\/diarieducacio.cat\/rella\/2021\/10\/11\/educacio-en-letapa-0-3-imprescindible\/\" \/>\n<meta property=\"og:locale\" content=\"ca_ES\" \/>\n<meta property=\"og:type\" content=\"article\" \/>\n<meta property=\"og:title\" content=\"Educaci\u00f3 en l\u2019etapa 0-3: imprescindible! - El Blog de Rella\" \/>\n<meta property=\"og:description\" content=\"A m\u00e9s a m\u00e9s de conviure amb el nen durant les trobades familiars permeses per la pand\u00e8mia, compartim en Nil una tarda a la setmana a casa nostra (som de la mateixa bombolla). Ja s\u2019ha quedat a dormir una nit a casa els avis sense cap problema. El nen parla molt, es fa entendre i\" \/>\n<meta property=\"og:url\" content=\"https:\/\/diarieducacio.cat\/rella\/2021\/10\/11\/educacio-en-letapa-0-3-imprescindible\/\" \/>\n<meta property=\"og:site_name\" content=\"El Blog de Rella\" \/>\n<meta property=\"article:publisher\" content=\"https:\/\/www.facebook.com\/diarieducacio\/\" \/>\n<meta property=\"article:published_time\" content=\"2021-10-10T22:11:16+00:00\" \/>\n<meta property=\"og:image\" content=\"https:\/\/diarieducacio.cat\/rella\/wp-content\/uploads\/sites\/26\/2021\/10\/iStock-614416724.jpg\" \/>\n\t<meta property=\"og:image:width\" content=\"1254\" \/>\n\t<meta property=\"og:image:height\" content=\"836\" \/>\n\t<meta property=\"og:image:type\" content=\"image\/jpeg\" \/>\n<meta name=\"author\" content=\"Jordi Maduell\" \/>\n<meta name=\"twitter:card\" content=\"summary_large_image\" \/>\n<meta name=\"twitter:creator\" content=\"@DiariEducacio\" \/>\n<meta name=\"twitter:site\" content=\"@DiariEducacio\" \/>\n<meta name=\"twitter:label1\" content=\"Escrit per\" \/>\n\t<meta name=\"twitter:data1\" content=\"Jordi Maduell\" \/>\n\t<meta name=\"twitter:label2\" content=\"Temps estimat de lectura\" \/>\n\t<meta name=\"twitter:data2\" content=\"6 minuts\" \/>\n<script type=\"application\/ld+json\" class=\"yoast-schema-graph\">{\"@context\":\"https:\\\/\\\/schema.org\",\"@graph\":[{\"@type\":\"Article\",\"@id\":\"https:\\\/\\\/diarieducacio.cat\\\/rella\\\/2021\\\/10\\\/11\\\/educacio-en-letapa-0-3-imprescindible\\\/#article\",\"isPartOf\":{\"@id\":\"https:\\\/\\\/diarieducacio.cat\\\/rella\\\/2021\\\/10\\\/11\\\/educacio-en-letapa-0-3-imprescindible\\\/\"},\"author\":{\"name\":\"Jordi Maduell\",\"@id\":\"https:\\\/\\\/diarieducacio.cat\\\/rella\\\/#\\\/schema\\\/person\\\/a2748fb33175ad586af0dad9fa7302b3\"},\"headline\":\"Educaci\u00f3 en l\u2019etapa 0-3: imprescindible!\",\"datePublished\":\"2021-10-10T22:11:16+00:00\",\"mainEntityOfPage\":{\"@id\":\"https:\\\/\\\/diarieducacio.cat\\\/rella\\\/2021\\\/10\\\/11\\\/educacio-en-letapa-0-3-imprescindible\\\/\"},\"wordCount\":1276,\"commentCount\":1,\"image\":{\"@id\":\"https:\\\/\\\/diarieducacio.cat\\\/rella\\\/2021\\\/10\\\/11\\\/educacio-en-letapa-0-3-imprescindible\\\/#primaryimage\"},\"thumbnailUrl\":\"https:\\\/\\\/diarieducacio.cat\\\/rella\\\/wp-content\\\/uploads\\\/sites\\\/26\\\/2021\\\/10\\\/iStock-614416724.jpg\",\"articleSection\":[\"General\"],\"inLanguage\":\"ca\",\"potentialAction\":[{\"@type\":\"CommentAction\",\"name\":\"Comment\",\"target\":[\"https:\\\/\\\/diarieducacio.cat\\\/rella\\\/2021\\\/10\\\/11\\\/educacio-en-letapa-0-3-imprescindible\\\/#respond\"]}]},{\"@type\":\"WebPage\",\"@id\":\"https:\\\/\\\/diarieducacio.cat\\\/rella\\\/2021\\\/10\\\/11\\\/educacio-en-letapa-0-3-imprescindible\\\/\",\"url\":\"https:\\\/\\\/diarieducacio.cat\\\/rella\\\/2021\\\/10\\\/11\\\/educacio-en-letapa-0-3-imprescindible\\\/\",\"name\":\"Educaci\u00f3 en l\u2019etapa 0-3: imprescindible! - El Blog de Rella\",\"isPartOf\":{\"@id\":\"https:\\\/\\\/diarieducacio.cat\\\/rella\\\/#website\"},\"primaryImageOfPage\":{\"@id\":\"https:\\\/\\\/diarieducacio.cat\\\/rella\\\/2021\\\/10\\\/11\\\/educacio-en-letapa-0-3-imprescindible\\\/#primaryimage\"},\"image\":{\"@id\":\"https:\\\/\\\/diarieducacio.cat\\\/rella\\\/2021\\\/10\\\/11\\\/educacio-en-letapa-0-3-imprescindible\\\/#primaryimage\"},\"thumbnailUrl\":\"https:\\\/\\\/diarieducacio.cat\\\/rella\\\/wp-content\\\/uploads\\\/sites\\\/26\\\/2021\\\/10\\\/iStock-614416724.jpg\",\"datePublished\":\"2021-10-10T22:11:16+00:00\",\"author\":{\"@id\":\"https:\\\/\\\/diarieducacio.cat\\\/rella\\\/#\\\/schema\\\/person\\\/a2748fb33175ad586af0dad9fa7302b3\"},\"breadcrumb\":{\"@id\":\"https:\\\/\\\/diarieducacio.cat\\\/rella\\\/2021\\\/10\\\/11\\\/educacio-en-letapa-0-3-imprescindible\\\/#breadcrumb\"},\"inLanguage\":\"ca\",\"potentialAction\":[{\"@type\":\"ReadAction\",\"target\":[\"https:\\\/\\\/diarieducacio.cat\\\/rella\\\/2021\\\/10\\\/11\\\/educacio-en-letapa-0-3-imprescindible\\\/\"]}]},{\"@type\":\"ImageObject\",\"inLanguage\":\"ca\",\"@id\":\"https:\\\/\\\/diarieducacio.cat\\\/rella\\\/2021\\\/10\\\/11\\\/educacio-en-letapa-0-3-imprescindible\\\/#primaryimage\",\"url\":\"https:\\\/\\\/diarieducacio.cat\\\/rella\\\/wp-content\\\/uploads\\\/sites\\\/26\\\/2021\\\/10\\\/iStock-614416724.jpg\",\"contentUrl\":\"https:\\\/\\\/diarieducacio.cat\\\/rella\\\/wp-content\\\/uploads\\\/sites\\\/26\\\/2021\\\/10\\\/iStock-614416724.jpg\",\"width\":1254,\"height\":836,\"caption\":\"iStock\"},{\"@type\":\"BreadcrumbList\",\"@id\":\"https:\\\/\\\/diarieducacio.cat\\\/rella\\\/2021\\\/10\\\/11\\\/educacio-en-letapa-0-3-imprescindible\\\/#breadcrumb\",\"itemListElement\":[{\"@type\":\"ListItem\",\"position\":1,\"name\":\"Inici\",\"item\":\"https:\\\/\\\/diarieducacio.cat\\\/rella\\\/\"},{\"@type\":\"ListItem\",\"position\":2,\"name\":\"Educaci\u00f3 en l\u2019etapa 0-3: imprescindible!\"}]},{\"@type\":\"WebSite\",\"@id\":\"https:\\\/\\\/diarieducacio.cat\\\/rella\\\/#website\",\"url\":\"https:\\\/\\\/diarieducacio.cat\\\/rella\\\/\",\"name\":\"El Blog de Rella\",\"description\":\"Un blog de El Diari de l&#039;Educaci\u00f3\",\"potentialAction\":[{\"@type\":\"SearchAction\",\"target\":{\"@type\":\"EntryPoint\",\"urlTemplate\":\"https:\\\/\\\/diarieducacio.cat\\\/rella\\\/?s={search_term_string}\"},\"query-input\":{\"@type\":\"PropertyValueSpecification\",\"valueRequired\":true,\"valueName\":\"search_term_string\"}}],\"inLanguage\":\"ca\"},{\"@type\":\"Person\",\"@id\":\"https:\\\/\\\/diarieducacio.cat\\\/rella\\\/#\\\/schema\\\/person\\\/a2748fb33175ad586af0dad9fa7302b3\",\"name\":\"Jordi Maduell\",\"image\":{\"@type\":\"ImageObject\",\"inLanguage\":\"ca\",\"@id\":\"https:\\\/\\\/secure.gravatar.com\\\/avatar\\\/0b28b1dcf00232468582cb10d1d17e9d95c4c99ab6b506e920a9ed459e59c048?s=96&d=mm&r=g\",\"url\":\"https:\\\/\\\/secure.gravatar.com\\\/avatar\\\/0b28b1dcf00232468582cb10d1d17e9d95c4c99ab6b506e920a9ed459e59c048?s=96&d=mm&r=g\",\"contentUrl\":\"https:\\\/\\\/secure.gravatar.com\\\/avatar\\\/0b28b1dcf00232468582cb10d1d17e9d95c4c99ab6b506e920a9ed459e59c048?s=96&d=mm&r=g\",\"caption\":\"Jordi Maduell\"},\"url\":\"https:\\\/\\\/diarieducacio.cat\\\/rella\\\/author\\\/jordimaduell\\\/\"}]}<\/script>\n<!-- \/ Yoast SEO plugin. -->","yoast_head_json":{"title":"Educaci\u00f3 en l\u2019etapa 0-3: imprescindible! - El Blog de Rella","robots":{"index":"index","follow":"follow","max-snippet":"max-snippet:-1","max-image-preview":"max-image-preview:large","max-video-preview":"max-video-preview:-1"},"canonical":"https:\/\/diarieducacio.cat\/rella\/2021\/10\/11\/educacio-en-letapa-0-3-imprescindible\/","og_locale":"ca_ES","og_type":"article","og_title":"Educaci\u00f3 en l\u2019etapa 0-3: imprescindible! - El Blog de Rella","og_description":"A m\u00e9s a m\u00e9s de conviure amb el nen durant les trobades familiars permeses per la pand\u00e8mia, compartim en Nil una tarda a la setmana a casa nostra (som de la mateixa bombolla). Ja s\u2019ha quedat a dormir una nit a casa els avis sense cap problema. El nen parla molt, es fa entendre i","og_url":"https:\/\/diarieducacio.cat\/rella\/2021\/10\/11\/educacio-en-letapa-0-3-imprescindible\/","og_site_name":"El Blog de Rella","article_publisher":"https:\/\/www.facebook.com\/diarieducacio\/","article_published_time":"2021-10-10T22:11:16+00:00","og_image":[{"width":1254,"height":836,"url":"https:\/\/diarieducacio.cat\/rella\/wp-content\/uploads\/sites\/26\/2021\/10\/iStock-614416724.jpg","type":"image\/jpeg"}],"author":"Jordi Maduell","twitter_card":"summary_large_image","twitter_creator":"@DiariEducacio","twitter_site":"@DiariEducacio","twitter_misc":{"Escrit per":"Jordi Maduell","Temps estimat de lectura":"6 minuts"},"schema":{"@context":"https:\/\/schema.org","@graph":[{"@type":"Article","@id":"https:\/\/diarieducacio.cat\/rella\/2021\/10\/11\/educacio-en-letapa-0-3-imprescindible\/#article","isPartOf":{"@id":"https:\/\/diarieducacio.cat\/rella\/2021\/10\/11\/educacio-en-letapa-0-3-imprescindible\/"},"author":{"name":"Jordi Maduell","@id":"https:\/\/diarieducacio.cat\/rella\/#\/schema\/person\/a2748fb33175ad586af0dad9fa7302b3"},"headline":"Educaci\u00f3 en l\u2019etapa 0-3: imprescindible!","datePublished":"2021-10-10T22:11:16+00:00","mainEntityOfPage":{"@id":"https:\/\/diarieducacio.cat\/rella\/2021\/10\/11\/educacio-en-letapa-0-3-imprescindible\/"},"wordCount":1276,"commentCount":1,"image":{"@id":"https:\/\/diarieducacio.cat\/rella\/2021\/10\/11\/educacio-en-letapa-0-3-imprescindible\/#primaryimage"},"thumbnailUrl":"https:\/\/diarieducacio.cat\/rella\/wp-content\/uploads\/sites\/26\/2021\/10\/iStock-614416724.jpg","articleSection":["General"],"inLanguage":"ca","potentialAction":[{"@type":"CommentAction","name":"Comment","target":["https:\/\/diarieducacio.cat\/rella\/2021\/10\/11\/educacio-en-letapa-0-3-imprescindible\/#respond"]}]},{"@type":"WebPage","@id":"https:\/\/diarieducacio.cat\/rella\/2021\/10\/11\/educacio-en-letapa-0-3-imprescindible\/","url":"https:\/\/diarieducacio.cat\/rella\/2021\/10\/11\/educacio-en-letapa-0-3-imprescindible\/","name":"Educaci\u00f3 en l\u2019etapa 0-3: imprescindible! - El Blog de Rella","isPartOf":{"@id":"https:\/\/diarieducacio.cat\/rella\/#website"},"primaryImageOfPage":{"@id":"https:\/\/diarieducacio.cat\/rella\/2021\/10\/11\/educacio-en-letapa-0-3-imprescindible\/#primaryimage"},"image":{"@id":"https:\/\/diarieducacio.cat\/rella\/2021\/10\/11\/educacio-en-letapa-0-3-imprescindible\/#primaryimage"},"thumbnailUrl":"https:\/\/diarieducacio.cat\/rella\/wp-content\/uploads\/sites\/26\/2021\/10\/iStock-614416724.jpg","datePublished":"2021-10-10T22:11:16+00:00","author":{"@id":"https:\/\/diarieducacio.cat\/rella\/#\/schema\/person\/a2748fb33175ad586af0dad9fa7302b3"},"breadcrumb":{"@id":"https:\/\/diarieducacio.cat\/rella\/2021\/10\/11\/educacio-en-letapa-0-3-imprescindible\/#breadcrumb"},"inLanguage":"ca","potentialAction":[{"@type":"ReadAction","target":["https:\/\/diarieducacio.cat\/rella\/2021\/10\/11\/educacio-en-letapa-0-3-imprescindible\/"]}]},{"@type":"ImageObject","inLanguage":"ca","@id":"https:\/\/diarieducacio.cat\/rella\/2021\/10\/11\/educacio-en-letapa-0-3-imprescindible\/#primaryimage","url":"https:\/\/diarieducacio.cat\/rella\/wp-content\/uploads\/sites\/26\/2021\/10\/iStock-614416724.jpg","contentUrl":"https:\/\/diarieducacio.cat\/rella\/wp-content\/uploads\/sites\/26\/2021\/10\/iStock-614416724.jpg","width":1254,"height":836,"caption":"iStock"},{"@type":"BreadcrumbList","@id":"https:\/\/diarieducacio.cat\/rella\/2021\/10\/11\/educacio-en-letapa-0-3-imprescindible\/#breadcrumb","itemListElement":[{"@type":"ListItem","position":1,"name":"Inici","item":"https:\/\/diarieducacio.cat\/rella\/"},{"@type":"ListItem","position":2,"name":"Educaci\u00f3 en l\u2019etapa 0-3: imprescindible!"}]},{"@type":"WebSite","@id":"https:\/\/diarieducacio.cat\/rella\/#website","url":"https:\/\/diarieducacio.cat\/rella\/","name":"El Blog de Rella","description":"Un blog de El Diari de l&#039;Educaci\u00f3","potentialAction":[{"@type":"SearchAction","target":{"@type":"EntryPoint","urlTemplate":"https:\/\/diarieducacio.cat\/rella\/?s={search_term_string}"},"query-input":{"@type":"PropertyValueSpecification","valueRequired":true,"valueName":"search_term_string"}}],"inLanguage":"ca"},{"@type":"Person","@id":"https:\/\/diarieducacio.cat\/rella\/#\/schema\/person\/a2748fb33175ad586af0dad9fa7302b3","name":"Jordi Maduell","image":{"@type":"ImageObject","inLanguage":"ca","@id":"https:\/\/secure.gravatar.com\/avatar\/0b28b1dcf00232468582cb10d1d17e9d95c4c99ab6b506e920a9ed459e59c048?s=96&d=mm&r=g","url":"https:\/\/secure.gravatar.com\/avatar\/0b28b1dcf00232468582cb10d1d17e9d95c4c99ab6b506e920a9ed459e59c048?s=96&d=mm&r=g","contentUrl":"https:\/\/secure.gravatar.com\/avatar\/0b28b1dcf00232468582cb10d1d17e9d95c4c99ab6b506e920a9ed459e59c048?s=96&d=mm&r=g","caption":"Jordi Maduell"},"url":"https:\/\/diarieducacio.cat\/rella\/author\/jordimaduell\/"}]}},"_links":{"self":[{"href":"https:\/\/diarieducacio.cat\/rella\/wp-json\/wp\/v2\/posts\/389","targetHints":{"allow":["GET"]}}],"collection":[{"href":"https:\/\/diarieducacio.cat\/rella\/wp-json\/wp\/v2\/posts"}],"about":[{"href":"https:\/\/diarieducacio.cat\/rella\/wp-json\/wp\/v2\/types\/post"}],"author":[{"embeddable":true,"href":"https:\/\/diarieducacio.cat\/rella\/wp-json\/wp\/v2\/users\/362"}],"replies":[{"embeddable":true,"href":"https:\/\/diarieducacio.cat\/rella\/wp-json\/wp\/v2\/comments?post=389"}],"version-history":[{"count":0,"href":"https:\/\/diarieducacio.cat\/rella\/wp-json\/wp\/v2\/posts\/389\/revisions"}],"wp:featuredmedia":[{"embeddable":true,"href":"https:\/\/diarieducacio.cat\/rella\/wp-json\/wp\/v2\/media\/390"}],"wp:attachment":[{"href":"https:\/\/diarieducacio.cat\/rella\/wp-json\/wp\/v2\/media?parent=389"}],"wp:term":[{"taxonomy":"category","embeddable":true,"href":"https:\/\/diarieducacio.cat\/rella\/wp-json\/wp\/v2\/categories?post=389"},{"taxonomy":"post_tag","embeddable":true,"href":"https:\/\/diarieducacio.cat\/rella\/wp-json\/wp\/v2\/tags?post=389"},{"taxonomy":"tipo","embeddable":true,"href":"https:\/\/diarieducacio.cat\/rella\/wp-json\/wp\/v2\/tipo?post=389"}],"curies":[{"name":"wp","href":"https:\/\/api.w.org\/{rel}","templated":true}]}}