{"id":406,"date":"2022-06-20T00:05:45","date_gmt":"2022-06-19T22:05:45","guid":{"rendered":"https:\/\/diarieducacio.cat\/rella\/?p=406"},"modified":"2022-06-20T00:05:45","modified_gmt":"2022-06-19T22:05:45","slug":"el-catala-a-lescola","status":"publish","type":"post","link":"https:\/\/diarieducacio.cat\/rella\/2022\/06\/20\/el-catala-a-lescola\/","title":{"rendered":"El catal\u00e0 a l\u2019escola"},"content":{"rendered":"<p>Es va realitzar el 19 de maig, tenint present la Sentencia del del TSJC, de l&#8217;aplicaci\u00f3 del 25 per cent del castell\u00e0,\u00a0a la seu de Rosa Sensat amb el nom<strong>\u00a0\u201cEl catal\u00e0 a l&#8217;escola\u201d<\/strong>\u00a0on vam poder compartir opinions i visions diferents.<\/p>\n<p>Del resultat d&#8217;aquestes opinions vam arribar a obtenir una mirada panor\u00e0mica del tema, que ens va permetre arribar a una s\u00e8rie d&#8217;acords i veure que el tema de la llengua no queda nom\u00e9s redu\u00eft a marc de l&#8217;escola, sin\u00f3 que \u00e9s conseq\u00fc\u00e8ncia d&#8217;altres elements o factors externs.<\/p>\n<p>Aqu\u00ed teniu el document<\/p>\n<hr \/>\n<p><em>Despr\u00e9s de la \u201cJornada sobre el catal\u00e0 a l\u2019escola\u201d que RELLA va convocar com a jornada oberta atenent la proposta del Grup d\u2019Educaci\u00f3 i tenint molt present la sent\u00e8ncia del TJSC de l\u2019aplicaci\u00f3 del 25% de castell\u00e0 a les escoles.<\/em><\/p>\n<p><em>Tenint en compte que la nostra cultura, i per tant la llengua catalana, est\u00e0 minoritzada continua amena\u00e7ada i en retroc\u00e9s real i m\u00e9s entre el joves.<\/em><\/p>\n<p><em>Afirmant rotundament que la llengua castellana a Catalunya s\u2019apr\u00e8n a l\u2019escola en els nivells que marca la llei.<\/em><\/p>\n<p><em>I finalment reconeixent que la Generalitat, la conselleria d\u2019Educaci\u00f3, no ha fet complir ni aplicar la immersi\u00f3 en tots els nivells i zones, ni la normativa catalanitzadora en altres \u00e0mbits de la societat del Comer\u00e7, Relacions P\u00fabliques, Just\u00edcia, Administracions, Cultura, Ci\u00e8ncia, Tecnologia &#8230;<\/em><\/p>\n<p><em>\u00a0EXPOSEM:<\/em><\/p>\n<p><em>Que no volem que la nostra Cultura, i per tant la Llengua, desapareguin a mig ni a llarg termini.<\/em><\/p>\n<p><em>Que els Organismes de l\u2019Administraci\u00f3 de l\u2019Estat Espanyol, Jur\u00eddic, Legislatiu i Executiu han de vetllar per les lleng\u00fces catalana, aranesa, euskera i galega, tant en l\u2019interior d\u2019Espanya, com diu la Constituci\u00f3, com a la resta d\u2019Europa.<\/em><\/p>\n<p><em>Que hi ha molts partits pol\u00edtics que van en contra del catal\u00e0, per activa o per passiva. Estan molt ajudats pels mitjans d\u2019opini\u00f3 espanyols. Es diuen moltes mentides que s\u2019agafen com arguments i que ning\u00fa desmenteix.<\/em><\/p>\n<p><em>Que la llengua vehicular de l\u2019Escola i a l\u2019Escola ha de ser el catal\u00e0 ja que \u00e9s la llengua nostra de Catalunya.<\/em><\/p>\n<p><em>Que no \u00e9s veritat que els alumnes que s\u2019escolaritzen a Catalunya no aprenguin el castell\u00e0. Des de l\u2019inici del proc\u00e9s d\u2019immersi\u00f3 s\u2019ha comprovat que els nois i noies surten de l\u2019escola podent utilitzar les dues lleng\u00fces.<\/em><\/p>\n<p><em>Que el proc\u00e9s d\u2019immersi\u00f3 en catal\u00e0 no s\u2019ha motivat ni controlat suficientment i hi ha hagut inhibici\u00f3 de la Conselleria d\u2019Educaci\u00f3, sobretot al Nivell de Secund\u00e0ria.<\/em><\/p>\n<p><em>Que estimem totes les lleng\u00fces. El castell\u00e0 com a llengua germana. Volem que els nostres alumnes aprenguin a l\u2019escola i a l\u2019institut,\u00a0 quantes m\u00e9s lleng\u00fces millor, per cultura i utilitat.<\/em><\/p>\n<p><em>Que els mestres i professorat en els Claustres s\u00f3n els que han de decidir com i quan i amb qui es faran aquests aprenentatges de les lleng\u00fces, en el marc de la immersi\u00f3.<\/em><\/p>\n<p><em>Que els Centres han de disposar de mestres i professorat molt ben preparats i motivats, en aquest cas de lleng\u00fces. La conselleria ha de garantir que hi hagi els materials adequats per poder tirar endavant la immersi\u00f3, pel que fa a la llengua catalana.<\/em><\/p>\n<p><em>La Generalitat ha de garantir que TOT el professorat dels centres P\u00fablics i Privats domini el catal\u00e0 parlat, llegit i escrit amb flu\u00efdesa per garantir els objectius de la Llei de Pol\u00edtica Ling\u00fc\u00edstica.<\/em><\/p>\n<p><em>Que la Conselleria d\u2019Educaci\u00f3 acordi amb la Conselleria d\u2019Universitats que durant els aprenentatges dels futurs mestres i professors s\u2019exigeixi un\u00a0 alt nivell de Catal\u00e0 i de Cultura catalanes.<\/em><\/p>\n<p><em>Que la Generalitat apliqui i millori el que est\u00e0 previst que s\u2019ha de fer en les Escoles i Instituts, en aquest cas, respecte a la immersi\u00f3.\u00a0 Que en cap cas es defugin responsabilitats de la Inspecci\u00f3. Alhora cal que es recuperin les\u00a0 Aules d\u2019Acollida.<\/em><\/p>\n<p><em>Que pensem que no hi ha d\u2019haver canvis legals per la q\u00fcesti\u00f3 del catal\u00e0 a l\u2019escola. En principi s\u2019ha d\u2019aplicar el que ja est\u00e0 legislat. Si el govern i partits pol\u00edtics creuen que s\u2019han de fer actualitzacions legislatives que aquestes siguin consensuades \u00e0mpliament i que serveixin per defensar l\u2019\u00fas del catal\u00e0. Si hi ha nova normativa aquesta ha de garantir que es far\u00e0 b\u00e9 i a tot arreu.<\/em><\/p>\n<p><em>Que la poblaci\u00f3 catalana en general, nosaltres, hauria de ser m\u00e9s activa en tots els camps on s\u2019ha legislat a favor de l\u2019\u00fas del catal\u00e0 en la vida quotidiana: en el camp del comer\u00e7 i hostaleria; la sanitat; la just\u00edcia i advocats i notaris; administracions; en quina llengua ens dirigim d\u2019entrada a persones desconegudes; com redactem les nostres reclamacions; com acceptem que la majoria de receptes m\u00e8diques i factures i rebuts no estiguin redactats ens catal\u00e0&#8230;<\/em><\/p>\n<p><em>Acordem tamb\u00e9 enviar aquest Document de reflexi\u00f3 a totes i tots els nostres socis i s\u00f2cies.<\/em><\/p>\n<p><em>Tamb\u00e9 l\u2019enviarem a Plataforma Per la Llengua, \u00d2mnium Cultural, Assemblea Nacional de Catalunya, Som Escola i Federaci\u00f3 de Moviments de Renovaci\u00f3 Pedag\u00f2gica de Catalunya.<\/em><\/p>\n<p><em>Es far\u00e0 arribar al Govern de Catalunya. A la Conselleria d\u2019Educaci\u00f3. A tots els Partits Pol\u00edtics del Parlament de Catalunya. Pacte Nacional per la Llengua.<\/em><\/p>\n<p><em>Tamb\u00e9 a totes les altres entitats que ho creiem oport\u00fa.<\/em><\/p>\n","protected":false},"excerpt":{"rendered":"<p>Es va realitzar el 19 de maig, tenint present la Sentencia del del TSJC, de l&#8217;aplicaci\u00f3 del 25 per cent del castell\u00e0,\u00a0a la seu de Rosa Sensat amb el nom\u00a0\u201cEl catal\u00e0 a l&#8217;escola\u201d\u00a0on vam poder compartir opinions i visions diferents. Del resultat d&#8217;aquestes opinions vam arribar a obtenir una mirada panor\u00e0mica del tema, que ens<\/p>\n","protected":false},"author":378,"featured_media":410,"comment_status":"open","ping_status":"closed","sticky":false,"template":"","format":"standard","meta":{"footnotes":""},"categories":[2],"tags":[],"tipo":[],"class_list":{"0":"post-406","1":"post","2":"type-post","3":"status-publish","4":"format-standard","5":"has-post-thumbnail","7":"category-general"},"yoast_head":"<!-- This site is optimized with the Yoast SEO plugin v27.4 - https:\/\/yoast.com\/product\/yoast-seo-wordpress\/ -->\n<title>El catal\u00e0 a l\u2019escola - El Blog de Rella<\/title>\n<meta name=\"robots\" content=\"index, follow, max-snippet:-1, max-image-preview:large, max-video-preview:-1\" \/>\n<link rel=\"canonical\" href=\"https:\/\/diarieducacio.cat\/rella\/2022\/06\/20\/el-catala-a-lescola\/\" \/>\n<meta property=\"og:locale\" content=\"ca_ES\" \/>\n<meta property=\"og:type\" content=\"article\" \/>\n<meta property=\"og:title\" content=\"El catal\u00e0 a l\u2019escola - El Blog de Rella\" \/>\n<meta property=\"og:description\" content=\"Es va realitzar el 19 de maig, tenint present la Sentencia del del TSJC, de l&#8217;aplicaci\u00f3 del 25 per cent del castell\u00e0,\u00a0a la seu de Rosa Sensat amb el nom\u00a0\u201cEl catal\u00e0 a l&#8217;escola\u201d\u00a0on vam poder compartir opinions i visions diferents. Del resultat d&#8217;aquestes opinions vam arribar a obtenir una mirada panor\u00e0mica del tema, que ens\" \/>\n<meta property=\"og:url\" content=\"https:\/\/diarieducacio.cat\/rella\/2022\/06\/20\/el-catala-a-lescola\/\" \/>\n<meta property=\"og:site_name\" content=\"El Blog de Rella\" \/>\n<meta property=\"article:publisher\" content=\"https:\/\/www.facebook.com\/diarieducacio\/\" \/>\n<meta property=\"article:published_time\" content=\"2022-06-19T22:05:45+00:00\" \/>\n<meta property=\"og:image\" content=\"https:\/\/diarieducacio.cat\/rella\/wp-content\/uploads\/sites\/26\/2022\/06\/catala.jpg\" \/>\n\t<meta property=\"og:image:width\" content=\"803\" \/>\n\t<meta property=\"og:image:height\" content=\"592\" \/>\n\t<meta property=\"og:image:type\" content=\"image\/jpeg\" \/>\n<meta name=\"author\" content=\"Grup Educaci\u00f3 Avui de Rella\" \/>\n<meta name=\"twitter:card\" content=\"summary_large_image\" \/>\n<meta name=\"twitter:creator\" content=\"@DiariEducacio\" \/>\n<meta name=\"twitter:site\" content=\"@DiariEducacio\" \/>\n<meta name=\"twitter:label1\" content=\"Escrit per\" \/>\n\t<meta name=\"twitter:data1\" content=\"Grup Educaci\u00f3 Avui de Rella\" \/>\n\t<meta name=\"twitter:label2\" content=\"Temps estimat de lectura\" \/>\n\t<meta name=\"twitter:data2\" content=\"5 minuts\" \/>\n<script type=\"application\/ld+json\" class=\"yoast-schema-graph\">{\"@context\":\"https:\\\/\\\/schema.org\",\"@graph\":[{\"@type\":\"Article\",\"@id\":\"https:\\\/\\\/diarieducacio.cat\\\/rella\\\/2022\\\/06\\\/20\\\/el-catala-a-lescola\\\/#article\",\"isPartOf\":{\"@id\":\"https:\\\/\\\/diarieducacio.cat\\\/rella\\\/2022\\\/06\\\/20\\\/el-catala-a-lescola\\\/\"},\"author\":{\"name\":\"Grup Educaci\u00f3 Avui de Rella\",\"@id\":\"https:\\\/\\\/diarieducacio.cat\\\/rella\\\/#\\\/schema\\\/person\\\/26d075b2ab99e1cc49ee96ca84aa7228\"},\"headline\":\"El catal\u00e0 a l\u2019escola\",\"datePublished\":\"2022-06-19T22:05:45+00:00\",\"mainEntityOfPage\":{\"@id\":\"https:\\\/\\\/diarieducacio.cat\\\/rella\\\/2022\\\/06\\\/20\\\/el-catala-a-lescola\\\/\"},\"wordCount\":915,\"commentCount\":0,\"image\":{\"@id\":\"https:\\\/\\\/diarieducacio.cat\\\/rella\\\/2022\\\/06\\\/20\\\/el-catala-a-lescola\\\/#primaryimage\"},\"thumbnailUrl\":\"https:\\\/\\\/diarieducacio.cat\\\/rella\\\/wp-content\\\/uploads\\\/sites\\\/26\\\/2022\\\/06\\\/catala.jpg\",\"articleSection\":[\"General\"],\"inLanguage\":\"ca\",\"potentialAction\":[{\"@type\":\"CommentAction\",\"name\":\"Comment\",\"target\":[\"https:\\\/\\\/diarieducacio.cat\\\/rella\\\/2022\\\/06\\\/20\\\/el-catala-a-lescola\\\/#respond\"]}]},{\"@type\":\"WebPage\",\"@id\":\"https:\\\/\\\/diarieducacio.cat\\\/rella\\\/2022\\\/06\\\/20\\\/el-catala-a-lescola\\\/\",\"url\":\"https:\\\/\\\/diarieducacio.cat\\\/rella\\\/2022\\\/06\\\/20\\\/el-catala-a-lescola\\\/\",\"name\":\"El catal\u00e0 a l\u2019escola - El Blog de Rella\",\"isPartOf\":{\"@id\":\"https:\\\/\\\/diarieducacio.cat\\\/rella\\\/#website\"},\"primaryImageOfPage\":{\"@id\":\"https:\\\/\\\/diarieducacio.cat\\\/rella\\\/2022\\\/06\\\/20\\\/el-catala-a-lescola\\\/#primaryimage\"},\"image\":{\"@id\":\"https:\\\/\\\/diarieducacio.cat\\\/rella\\\/2022\\\/06\\\/20\\\/el-catala-a-lescola\\\/#primaryimage\"},\"thumbnailUrl\":\"https:\\\/\\\/diarieducacio.cat\\\/rella\\\/wp-content\\\/uploads\\\/sites\\\/26\\\/2022\\\/06\\\/catala.jpg\",\"datePublished\":\"2022-06-19T22:05:45+00:00\",\"author\":{\"@id\":\"https:\\\/\\\/diarieducacio.cat\\\/rella\\\/#\\\/schema\\\/person\\\/26d075b2ab99e1cc49ee96ca84aa7228\"},\"breadcrumb\":{\"@id\":\"https:\\\/\\\/diarieducacio.cat\\\/rella\\\/2022\\\/06\\\/20\\\/el-catala-a-lescola\\\/#breadcrumb\"},\"inLanguage\":\"ca\",\"potentialAction\":[{\"@type\":\"ReadAction\",\"target\":[\"https:\\\/\\\/diarieducacio.cat\\\/rella\\\/2022\\\/06\\\/20\\\/el-catala-a-lescola\\\/\"]}]},{\"@type\":\"ImageObject\",\"inLanguage\":\"ca\",\"@id\":\"https:\\\/\\\/diarieducacio.cat\\\/rella\\\/2022\\\/06\\\/20\\\/el-catala-a-lescola\\\/#primaryimage\",\"url\":\"https:\\\/\\\/diarieducacio.cat\\\/rella\\\/wp-content\\\/uploads\\\/sites\\\/26\\\/2022\\\/06\\\/catala.jpg\",\"contentUrl\":\"https:\\\/\\\/diarieducacio.cat\\\/rella\\\/wp-content\\\/uploads\\\/sites\\\/26\\\/2022\\\/06\\\/catala.jpg\",\"width\":803,\"height\":592},{\"@type\":\"BreadcrumbList\",\"@id\":\"https:\\\/\\\/diarieducacio.cat\\\/rella\\\/2022\\\/06\\\/20\\\/el-catala-a-lescola\\\/#breadcrumb\",\"itemListElement\":[{\"@type\":\"ListItem\",\"position\":1,\"name\":\"Inici\",\"item\":\"https:\\\/\\\/diarieducacio.cat\\\/rella\\\/\"},{\"@type\":\"ListItem\",\"position\":2,\"name\":\"El catal\u00e0 a l\u2019escola\"}]},{\"@type\":\"WebSite\",\"@id\":\"https:\\\/\\\/diarieducacio.cat\\\/rella\\\/#website\",\"url\":\"https:\\\/\\\/diarieducacio.cat\\\/rella\\\/\",\"name\":\"El Blog de Rella\",\"description\":\"Un blog de El Diari de l&#039;Educaci\u00f3\",\"potentialAction\":[{\"@type\":\"SearchAction\",\"target\":{\"@type\":\"EntryPoint\",\"urlTemplate\":\"https:\\\/\\\/diarieducacio.cat\\\/rella\\\/?s={search_term_string}\"},\"query-input\":{\"@type\":\"PropertyValueSpecification\",\"valueRequired\":true,\"valueName\":\"search_term_string\"}}],\"inLanguage\":\"ca\"},{\"@type\":\"Person\",\"@id\":\"https:\\\/\\\/diarieducacio.cat\\\/rella\\\/#\\\/schema\\\/person\\\/26d075b2ab99e1cc49ee96ca84aa7228\",\"name\":\"Grup Educaci\u00f3 Avui de Rella\",\"image\":{\"@type\":\"ImageObject\",\"inLanguage\":\"ca\",\"@id\":\"https:\\\/\\\/diarieducacio.cat\\\/wp-content\\\/uploads\\\/2024\\\/11\\\/grup-educacio-avui-de-rella_avatar-96x96.png\",\"url\":\"https:\\\/\\\/diarieducacio.cat\\\/wp-content\\\/uploads\\\/2024\\\/11\\\/grup-educacio-avui-de-rella_avatar-96x96.png\",\"contentUrl\":\"https:\\\/\\\/diarieducacio.cat\\\/wp-content\\\/uploads\\\/2024\\\/11\\\/grup-educacio-avui-de-rella_avatar-96x96.png\",\"caption\":\"Grup Educaci\u00f3 Avui de Rella\"},\"url\":\"https:\\\/\\\/diarieducacio.cat\\\/rella\\\/author\\\/rellaescola\\\/\"}]}<\/script>\n<!-- \/ Yoast SEO plugin. -->","yoast_head_json":{"title":"El catal\u00e0 a l\u2019escola - El Blog de Rella","robots":{"index":"index","follow":"follow","max-snippet":"max-snippet:-1","max-image-preview":"max-image-preview:large","max-video-preview":"max-video-preview:-1"},"canonical":"https:\/\/diarieducacio.cat\/rella\/2022\/06\/20\/el-catala-a-lescola\/","og_locale":"ca_ES","og_type":"article","og_title":"El catal\u00e0 a l\u2019escola - El Blog de Rella","og_description":"Es va realitzar el 19 de maig, tenint present la Sentencia del del TSJC, de l&#8217;aplicaci\u00f3 del 25 per cent del castell\u00e0,\u00a0a la seu de Rosa Sensat amb el nom\u00a0\u201cEl catal\u00e0 a l&#8217;escola\u201d\u00a0on vam poder compartir opinions i visions diferents. Del resultat d&#8217;aquestes opinions vam arribar a obtenir una mirada panor\u00e0mica del tema, que ens","og_url":"https:\/\/diarieducacio.cat\/rella\/2022\/06\/20\/el-catala-a-lescola\/","og_site_name":"El Blog de Rella","article_publisher":"https:\/\/www.facebook.com\/diarieducacio\/","article_published_time":"2022-06-19T22:05:45+00:00","og_image":[{"width":803,"height":592,"url":"https:\/\/diarieducacio.cat\/rella\/wp-content\/uploads\/sites\/26\/2022\/06\/catala.jpg","type":"image\/jpeg"}],"author":"Grup Educaci\u00f3 Avui de Rella","twitter_card":"summary_large_image","twitter_creator":"@DiariEducacio","twitter_site":"@DiariEducacio","twitter_misc":{"Escrit per":"Grup Educaci\u00f3 Avui de Rella","Temps estimat de lectura":"5 minuts"},"schema":{"@context":"https:\/\/schema.org","@graph":[{"@type":"Article","@id":"https:\/\/diarieducacio.cat\/rella\/2022\/06\/20\/el-catala-a-lescola\/#article","isPartOf":{"@id":"https:\/\/diarieducacio.cat\/rella\/2022\/06\/20\/el-catala-a-lescola\/"},"author":{"name":"Grup Educaci\u00f3 Avui de Rella","@id":"https:\/\/diarieducacio.cat\/rella\/#\/schema\/person\/26d075b2ab99e1cc49ee96ca84aa7228"},"headline":"El catal\u00e0 a l\u2019escola","datePublished":"2022-06-19T22:05:45+00:00","mainEntityOfPage":{"@id":"https:\/\/diarieducacio.cat\/rella\/2022\/06\/20\/el-catala-a-lescola\/"},"wordCount":915,"commentCount":0,"image":{"@id":"https:\/\/diarieducacio.cat\/rella\/2022\/06\/20\/el-catala-a-lescola\/#primaryimage"},"thumbnailUrl":"https:\/\/diarieducacio.cat\/rella\/wp-content\/uploads\/sites\/26\/2022\/06\/catala.jpg","articleSection":["General"],"inLanguage":"ca","potentialAction":[{"@type":"CommentAction","name":"Comment","target":["https:\/\/diarieducacio.cat\/rella\/2022\/06\/20\/el-catala-a-lescola\/#respond"]}]},{"@type":"WebPage","@id":"https:\/\/diarieducacio.cat\/rella\/2022\/06\/20\/el-catala-a-lescola\/","url":"https:\/\/diarieducacio.cat\/rella\/2022\/06\/20\/el-catala-a-lescola\/","name":"El catal\u00e0 a l\u2019escola - El Blog de Rella","isPartOf":{"@id":"https:\/\/diarieducacio.cat\/rella\/#website"},"primaryImageOfPage":{"@id":"https:\/\/diarieducacio.cat\/rella\/2022\/06\/20\/el-catala-a-lescola\/#primaryimage"},"image":{"@id":"https:\/\/diarieducacio.cat\/rella\/2022\/06\/20\/el-catala-a-lescola\/#primaryimage"},"thumbnailUrl":"https:\/\/diarieducacio.cat\/rella\/wp-content\/uploads\/sites\/26\/2022\/06\/catala.jpg","datePublished":"2022-06-19T22:05:45+00:00","author":{"@id":"https:\/\/diarieducacio.cat\/rella\/#\/schema\/person\/26d075b2ab99e1cc49ee96ca84aa7228"},"breadcrumb":{"@id":"https:\/\/diarieducacio.cat\/rella\/2022\/06\/20\/el-catala-a-lescola\/#breadcrumb"},"inLanguage":"ca","potentialAction":[{"@type":"ReadAction","target":["https:\/\/diarieducacio.cat\/rella\/2022\/06\/20\/el-catala-a-lescola\/"]}]},{"@type":"ImageObject","inLanguage":"ca","@id":"https:\/\/diarieducacio.cat\/rella\/2022\/06\/20\/el-catala-a-lescola\/#primaryimage","url":"https:\/\/diarieducacio.cat\/rella\/wp-content\/uploads\/sites\/26\/2022\/06\/catala.jpg","contentUrl":"https:\/\/diarieducacio.cat\/rella\/wp-content\/uploads\/sites\/26\/2022\/06\/catala.jpg","width":803,"height":592},{"@type":"BreadcrumbList","@id":"https:\/\/diarieducacio.cat\/rella\/2022\/06\/20\/el-catala-a-lescola\/#breadcrumb","itemListElement":[{"@type":"ListItem","position":1,"name":"Inici","item":"https:\/\/diarieducacio.cat\/rella\/"},{"@type":"ListItem","position":2,"name":"El catal\u00e0 a l\u2019escola"}]},{"@type":"WebSite","@id":"https:\/\/diarieducacio.cat\/rella\/#website","url":"https:\/\/diarieducacio.cat\/rella\/","name":"El Blog de Rella","description":"Un blog de El Diari de l&#039;Educaci\u00f3","potentialAction":[{"@type":"SearchAction","target":{"@type":"EntryPoint","urlTemplate":"https:\/\/diarieducacio.cat\/rella\/?s={search_term_string}"},"query-input":{"@type":"PropertyValueSpecification","valueRequired":true,"valueName":"search_term_string"}}],"inLanguage":"ca"},{"@type":"Person","@id":"https:\/\/diarieducacio.cat\/rella\/#\/schema\/person\/26d075b2ab99e1cc49ee96ca84aa7228","name":"Grup Educaci\u00f3 Avui de Rella","image":{"@type":"ImageObject","inLanguage":"ca","@id":"https:\/\/diarieducacio.cat\/wp-content\/uploads\/2024\/11\/grup-educacio-avui-de-rella_avatar-96x96.png","url":"https:\/\/diarieducacio.cat\/wp-content\/uploads\/2024\/11\/grup-educacio-avui-de-rella_avatar-96x96.png","contentUrl":"https:\/\/diarieducacio.cat\/wp-content\/uploads\/2024\/11\/grup-educacio-avui-de-rella_avatar-96x96.png","caption":"Grup Educaci\u00f3 Avui de Rella"},"url":"https:\/\/diarieducacio.cat\/rella\/author\/rellaescola\/"}]}},"_links":{"self":[{"href":"https:\/\/diarieducacio.cat\/rella\/wp-json\/wp\/v2\/posts\/406","targetHints":{"allow":["GET"]}}],"collection":[{"href":"https:\/\/diarieducacio.cat\/rella\/wp-json\/wp\/v2\/posts"}],"about":[{"href":"https:\/\/diarieducacio.cat\/rella\/wp-json\/wp\/v2\/types\/post"}],"author":[{"embeddable":true,"href":"https:\/\/diarieducacio.cat\/rella\/wp-json\/wp\/v2\/users\/378"}],"replies":[{"embeddable":true,"href":"https:\/\/diarieducacio.cat\/rella\/wp-json\/wp\/v2\/comments?post=406"}],"version-history":[{"count":0,"href":"https:\/\/diarieducacio.cat\/rella\/wp-json\/wp\/v2\/posts\/406\/revisions"}],"wp:featuredmedia":[{"embeddable":true,"href":"https:\/\/diarieducacio.cat\/rella\/wp-json\/wp\/v2\/media\/410"}],"wp:attachment":[{"href":"https:\/\/diarieducacio.cat\/rella\/wp-json\/wp\/v2\/media?parent=406"}],"wp:term":[{"taxonomy":"category","embeddable":true,"href":"https:\/\/diarieducacio.cat\/rella\/wp-json\/wp\/v2\/categories?post=406"},{"taxonomy":"post_tag","embeddable":true,"href":"https:\/\/diarieducacio.cat\/rella\/wp-json\/wp\/v2\/tags?post=406"},{"taxonomy":"tipo","embeddable":true,"href":"https:\/\/diarieducacio.cat\/rella\/wp-json\/wp\/v2\/tipo?post=406"}],"curies":[{"name":"wp","href":"https:\/\/api.w.org\/{rel}","templated":true}]}}