{"id":41,"date":"2018-02-16T09:49:57","date_gmt":"2018-02-16T07:49:57","guid":{"rendered":"https:\/\/diarieducacio.cat\/rella\/?p=41"},"modified":"2018-02-16T09:49:57","modified_gmt":"2018-02-16T07:49:57","slug":"coeducacio-veterania-innovacio","status":"publish","type":"post","link":"https:\/\/diarieducacio.cat\/rella\/2018\/02\/16\/coeducacio-veterania-innovacio\/","title":{"rendered":"Coeducaci\u00f3: veterania i innovaci\u00f3"},"content":{"rendered":"<p>Quan les companyes i companys de Rella em varen convidar a compartir una estona parlant de coeducaci\u00f3, em va fer respecte i il\u00b7lusi\u00f3 alhora perqu\u00e8 vaig pensar que seria bo recollir les opinions que m&#8217;arribarien des de l&#8217;experi\u00e8ncia de gent de la professi\u00f3 que havia dedicat la seva vida a favor de la qualitat de l&#8217;ensenyament i de la renovaci\u00f3 pedag\u00f2gica. Cal dir que la trobada fou molt agradable i profitosa perqu\u00e8 l&#8217;escolta atenta i interessada \u00e9s de les coses que m\u00e9s s&#8217;agraeixen, per\u00f2 tamb\u00e9 em vaig quedar una mica sorpresa perqu\u00e8 em vaig adonar que el que jo anava dient sobre la coeducaci\u00f3 i que creia que, en aquest context, eren q\u00fcestions ja sabudes i superades, per dir-ho d&#8217;alguna manera, de fet no ho eren tant com pensava i tenia sentit parlar-ne.<\/p>\n<p>Si t&#8217;has passat tota la vida professional posant en pr\u00e0ctica la coeducaci\u00f3 com a ensenyant feminista amb la complicitat d&#8217;altres ensenyants feministes \u00e9s evident que has hagut d&#8217;estar reivindicant sense parar i has trobat molts entrebancs dins del sistema, per\u00f2 tamb\u00e9 \u00e9s veritat que la pr\u00e0ctica de la coeducaci\u00f3 t\u00e9 moltes compensacions perqu\u00e8 \u00e9s un repte constant i engrescador que obliga a buscar sense parar solucions alternatives a les situacions quotidianes de la professi\u00f3. En aix\u00f2 rau la veritable innovaci\u00f3 i la coeducaci\u00f3 \u00e9s innovaci\u00f3 si no es vol dir revoluci\u00f3, en una societat patriarcal com la nostra.<\/p>\n<p>Actualment \u00e9s la innovaci\u00f3 el que compta i es valora en l&#8217;\u00e0mbit educatiu i per aix\u00f2 cal accentuar la for\u00e7a innovadora de la coeducaci\u00f3, per\u00f2 la veritat \u00e9s que la coeducaci\u00f3 t\u00e9 ja una hist\u00f2ria al darrera i ha estat present en la consci\u00e8ncia, el comprom\u00eds i la pr\u00e0ctica professional quotidiana de les ensenyants feministes des de les Primeres Jornades Catalanes de la Dona celebrades a Barcelona el mes de maig de l&#8217;any 1976. En les reivindicacions recollides en les conclusions d&#8217;aquelles jornades apareix el rebuig cr\u00edtic a l&#8217;escola separada de nenes i nens que havia estat vigent durant la dictadura franquista i l&#8217;exig\u00e8ncia d&#8217;una escolaritzaci\u00f3 conjunta de nenes i nens amb el mateix curr\u00edculum.<\/p>\n<p>Cal admetre que aleshores les feministes \u00e9rem molt optimistes i cr\u00e8iem que, si les nenes i els nens es coneixien, es socialitzaven conjuntament i compartien l&#8217;escola des de la infantesa, les xacres del masclisme i de la discriminaci\u00f3 desapareixerien en les generacions futures, per\u00f2 hi ha una q\u00fcesti\u00f3 essencial: en una societat patriarcal l&#8217;escola mixta no \u00e9s l&#8217;escola coeducativa.<\/p>\n<p>M\u00e9s enll\u00e0 de l&#8217;escola mixta, la coeducaci\u00f3 planteja una alternativa als continguts curriculars androc\u00e8ntrics per tal que es facin visibles i es valorin totes les aportacions socials i culturals que han fet les dones al llarg dels segles en tots els \u00e0mbits. La coeducaci\u00f3 proposa una escola que empri per a comunicar-se un llenguatge que sigui inclusiu i que no faci servir el mascul\u00ed gen\u00e8ric sin\u00f3 que visibilitzi el femen\u00ed per tal que les nenes i les noies s&#8217;hi sentin representades i promogui aix\u00ed la seva autoestima. La coeducaci\u00f3 suposa una ocupaci\u00f3 dels espais escolars, com per exemple els patis, que sigui equilibrada i no estigui dominada pels jocs de pilota dels nens i dels nois. L&#8217;escola coeducadora ha d&#8217;orientar professionalment sense estereotips i ha de valorar el treball de cura perqu\u00e8 hi hagi una veritable igualtat d&#8217;oportunitats en el m\u00f3n del treball i corresponsabilitat en la llar. \u00c9s urgent i indispensable oferir des de l&#8217;escola coeducadora una formaci\u00f3 afectivosexual que promogui unes relacions sense viol\u00e8ncia, igualit\u00e0ries, lliures, satisfact\u00f2ries, on es contempli la difer\u00e8ncia com a valor&#8230;<\/p>\n<p>Actualment hi ha tres lleis del Parlament catal\u00e0 (llei del dret de les dones a l&#8217;eradicaci\u00f3 de la viol\u00e8ncia masclista, llei d&#8217;igualtat de dones i homes i llei contra la LGTBIf\u00f2bia) que consideren la coeducaci\u00f3 com a un element clau, essencial, imprescindible i necessari per tal de prevenir les situacions de discriminaci\u00f3 i viol\u00e8ncia i promoure una societat m\u00e9s democr\u00e0tica, igualit\u00e0ria, justa i feli\u00e7. Sens dubte que aquestes lleis donen cobertura legal i promouen la coeducaci\u00f3, per\u00f2 sense voluntat pol\u00edtica i sense pressupostos adients no tenen cap efic\u00e0cia, per aix\u00f2 cal exigir-ne la implementaci\u00f3. I en aquesta exig\u00e8ncia de la generalitzaci\u00f3 i del desenvolupament de la coeducaci\u00f3,\u00a0 l&#8217;escola no hauria d&#8217;estar sola perqu\u00e8 la comunitat educativa som totes i tots. O sigui que la coeducaci\u00f3 implica l&#8217;acci\u00f3, el comprom\u00eds i la responsabilitat de tota la societat.<\/p>\n<p>L&#8217;escola ha de fer la seva feina entre les fam\u00edlies, per una banda, i els mitjans de comunicaci\u00f3, per una altra i, amb la complicitat i la col\u00b7laboraci\u00f3 d&#8217;aquests actors o sense, ha de promoure l&#8217;esperit cr\u00edtic de les criatures i adolescents perqu\u00e8, malgrat el que passi a les fam\u00edlies o el que vegin i escoltin als mitjans de comunicaci\u00f3, puguin contrastar i tinguin una alternativa que els ajudi a desenvolupar-se positivament al marge de la viol\u00e8ncia i la discriminaci\u00f3. En aquest sentit cal dir que els espais d&#8217;educaci\u00f3 no formal com els esplais, l&#8217;escoltisme, l&#8217;esport escolar o altres s\u00f3n important\u00edssims i molt adients per a practicar la coeducaci\u00f3 justament perqu\u00e8 tenen uns espais i uns temps diferents i no marcats com els escolars i que permeten una conviv\u00e8ncia i interacci\u00f3 on la coeducaci\u00f3 pot tenir m\u00e9s oportunitats de manifestar-se en llibertat.<\/p>\n<p>De tota manera, malgrat la responsabilitat social compartida pel que fa a la coeducaci\u00f3, no podem sostreure al professorat un protagonisme especial en la seva pr\u00e0ctica docent perqu\u00e8 \u00e9s en el professorat on rau la veritable innovaci\u00f3 educativa i cal recon\u00e8ixer que la coeducaci\u00f3 obliga a un q\u00fcestionament constant de la feina quotidiana, dels recursos que es fan servir, de les interaccions que es presenten, dels continguts que es transmeten, dels models personals&#8230; El professorat ha de rebre una formaci\u00f3 inicial que l&#8217;ajudi a encarar aquests canvis i el forneixi d&#8217;eines per a enfrontar-se cr\u00edticament al patriarcat i a les seves manifestacions violentes i discriminat\u00f2ries i, al llarg de la seva carrera docent, cal que vagi tenint espais i temps de formaci\u00f3 continuada en coeducaci\u00f3.<\/p>\n","protected":false},"excerpt":{"rendered":"<p>Si t\u2019has passat tota la vida professional posant en pr\u00e0ctica la coeducaci\u00f3 com a ensenyant feminista \u00e9s evident que has hagut d\u2019estar reivindicant sense parar i has trobat molts entrebancs dins del sistema, per\u00f2 tamb\u00e9 que la pr\u00e0ctica de la coeducaci\u00f3 t\u00e9 moltes compensacions perqu\u00e8 \u00e9s un repte constant i engrescador que obliga a buscar solucions alternatives a les situacions quotidianes de la professi\u00f3<\/p>\n","protected":false},"author":359,"featured_media":1799,"comment_status":"open","ping_status":"open","sticky":false,"template":"","format":"standard","meta":{"footnotes":""},"categories":[2],"tags":[99,100,101],"tipo":[],"class_list":{"0":"post-41","1":"post","2":"type-post","3":"status-publish","4":"format-standard","5":"has-post-thumbnail","7":"category-general","8":"tag-coeducacio","9":"tag-feminisme","10":"tag-innovacio"},"yoast_head":"<!-- This site is optimized with the Yoast SEO plugin v27.4 - https:\/\/yoast.com\/product\/yoast-seo-wordpress\/ -->\n<title>Coeducaci\u00f3: veterania i innovaci\u00f3 - El Blog de Rella<\/title>\n<meta name=\"robots\" content=\"index, follow, max-snippet:-1, max-image-preview:large, max-video-preview:-1\" \/>\n<link rel=\"canonical\" href=\"https:\/\/diarieducacio.cat\/rella\/2018\/02\/16\/coeducacio-veterania-innovacio\/\" \/>\n<meta property=\"og:locale\" content=\"ca_ES\" \/>\n<meta property=\"og:type\" content=\"article\" \/>\n<meta property=\"og:title\" content=\"Coeducaci\u00f3: veterania i innovaci\u00f3 - El Blog de Rella\" \/>\n<meta property=\"og:description\" content=\"Si t\u2019has passat tota la vida professional posant en pr\u00e0ctica la coeducaci\u00f3 com a ensenyant feminista \u00e9s evident que has hagut d\u2019estar reivindicant sense parar i has trobat molts entrebancs dins del sistema, per\u00f2 tamb\u00e9 que la pr\u00e0ctica de la coeducaci\u00f3 t\u00e9 moltes compensacions perqu\u00e8 \u00e9s un repte constant i engrescador que obliga a buscar solucions alternatives a les situacions quotidianes de la professi\u00f3\" \/>\n<meta property=\"og:url\" content=\"https:\/\/diarieducacio.cat\/rella\/2018\/02\/16\/coeducacio-veterania-innovacio\/\" \/>\n<meta property=\"og:site_name\" content=\"El Blog de Rella\" \/>\n<meta property=\"article:publisher\" content=\"https:\/\/www.facebook.com\/diarieducacio\/\" \/>\n<meta property=\"article:published_time\" content=\"2018-02-16T07:49:57+00:00\" \/>\n<meta property=\"og:image\" content=\"https:\/\/diarieducacio.cat\/rella\/wp-content\/uploads\/sites\/26\/2018\/02\/kids-girl-pencil-drawing-159823.jpeg\" \/>\n\t<meta property=\"og:image:width\" content=\"525\" \/>\n\t<meta property=\"og:image:height\" content=\"350\" \/>\n\t<meta property=\"og:image:type\" content=\"image\/jpeg\" \/>\n<meta name=\"author\" content=\"Merc\u00e8 Otero\" \/>\n<meta name=\"twitter:card\" content=\"summary_large_image\" \/>\n<meta name=\"twitter:creator\" content=\"@DiariEducacio\" \/>\n<meta name=\"twitter:site\" content=\"@DiariEducacio\" \/>\n<meta name=\"twitter:label1\" content=\"Escrit per\" \/>\n\t<meta name=\"twitter:data1\" content=\"Merc\u00e8 Otero\" \/>\n\t<meta name=\"twitter:label2\" content=\"Temps estimat de lectura\" \/>\n\t<meta name=\"twitter:data2\" content=\"5 minuts\" \/>\n<script type=\"application\/ld+json\" class=\"yoast-schema-graph\">{\"@context\":\"https:\\\/\\\/schema.org\",\"@graph\":[{\"@type\":\"Article\",\"@id\":\"https:\\\/\\\/diarieducacio.cat\\\/rella\\\/2018\\\/02\\\/16\\\/coeducacio-veterania-innovacio\\\/#article\",\"isPartOf\":{\"@id\":\"https:\\\/\\\/diarieducacio.cat\\\/rella\\\/2018\\\/02\\\/16\\\/coeducacio-veterania-innovacio\\\/\"},\"author\":{\"name\":\"Merc\u00e8 Otero\",\"@id\":\"https:\\\/\\\/diarieducacio.cat\\\/rella\\\/#\\\/schema\\\/person\\\/3d0aa1bed0e45b57edf4a141f76c4839\"},\"headline\":\"Coeducaci\u00f3: veterania i innovaci\u00f3\",\"datePublished\":\"2018-02-16T07:49:57+00:00\",\"mainEntityOfPage\":{\"@id\":\"https:\\\/\\\/diarieducacio.cat\\\/rella\\\/2018\\\/02\\\/16\\\/coeducacio-veterania-innovacio\\\/\"},\"wordCount\":1074,\"commentCount\":2,\"image\":{\"@id\":\"https:\\\/\\\/diarieducacio.cat\\\/rella\\\/2018\\\/02\\\/16\\\/coeducacio-veterania-innovacio\\\/#primaryimage\"},\"thumbnailUrl\":\"https:\\\/\\\/diarieducacio.cat\\\/rella\\\/wp-content\\\/uploads\\\/sites\\\/26\\\/2018\\\/02\\\/kids-girl-pencil-drawing-159823.jpeg\",\"keywords\":[\"coeducaci\u00f3\",\"feminisme\",\"innovaci\u00f3\"],\"articleSection\":[\"General\"],\"inLanguage\":\"ca\",\"potentialAction\":[{\"@type\":\"CommentAction\",\"name\":\"Comment\",\"target\":[\"https:\\\/\\\/diarieducacio.cat\\\/rella\\\/2018\\\/02\\\/16\\\/coeducacio-veterania-innovacio\\\/#respond\"]}]},{\"@type\":\"WebPage\",\"@id\":\"https:\\\/\\\/diarieducacio.cat\\\/rella\\\/2018\\\/02\\\/16\\\/coeducacio-veterania-innovacio\\\/\",\"url\":\"https:\\\/\\\/diarieducacio.cat\\\/rella\\\/2018\\\/02\\\/16\\\/coeducacio-veterania-innovacio\\\/\",\"name\":\"Coeducaci\u00f3: veterania i innovaci\u00f3 - El Blog de Rella\",\"isPartOf\":{\"@id\":\"https:\\\/\\\/diarieducacio.cat\\\/rella\\\/#website\"},\"primaryImageOfPage\":{\"@id\":\"https:\\\/\\\/diarieducacio.cat\\\/rella\\\/2018\\\/02\\\/16\\\/coeducacio-veterania-innovacio\\\/#primaryimage\"},\"image\":{\"@id\":\"https:\\\/\\\/diarieducacio.cat\\\/rella\\\/2018\\\/02\\\/16\\\/coeducacio-veterania-innovacio\\\/#primaryimage\"},\"thumbnailUrl\":\"https:\\\/\\\/diarieducacio.cat\\\/rella\\\/wp-content\\\/uploads\\\/sites\\\/26\\\/2018\\\/02\\\/kids-girl-pencil-drawing-159823.jpeg\",\"datePublished\":\"2018-02-16T07:49:57+00:00\",\"author\":{\"@id\":\"https:\\\/\\\/diarieducacio.cat\\\/rella\\\/#\\\/schema\\\/person\\\/3d0aa1bed0e45b57edf4a141f76c4839\"},\"breadcrumb\":{\"@id\":\"https:\\\/\\\/diarieducacio.cat\\\/rella\\\/2018\\\/02\\\/16\\\/coeducacio-veterania-innovacio\\\/#breadcrumb\"},\"inLanguage\":\"ca\",\"potentialAction\":[{\"@type\":\"ReadAction\",\"target\":[\"https:\\\/\\\/diarieducacio.cat\\\/rella\\\/2018\\\/02\\\/16\\\/coeducacio-veterania-innovacio\\\/\"]}]},{\"@type\":\"ImageObject\",\"inLanguage\":\"ca\",\"@id\":\"https:\\\/\\\/diarieducacio.cat\\\/rella\\\/2018\\\/02\\\/16\\\/coeducacio-veterania-innovacio\\\/#primaryimage\",\"url\":\"https:\\\/\\\/diarieducacio.cat\\\/rella\\\/wp-content\\\/uploads\\\/sites\\\/26\\\/2018\\\/02\\\/kids-girl-pencil-drawing-159823.jpeg\",\"contentUrl\":\"https:\\\/\\\/diarieducacio.cat\\\/rella\\\/wp-content\\\/uploads\\\/sites\\\/26\\\/2018\\\/02\\\/kids-girl-pencil-drawing-159823.jpeg\",\"width\":525,\"height\":350,\"caption\":\"Dues nenes a classe\"},{\"@type\":\"BreadcrumbList\",\"@id\":\"https:\\\/\\\/diarieducacio.cat\\\/rella\\\/2018\\\/02\\\/16\\\/coeducacio-veterania-innovacio\\\/#breadcrumb\",\"itemListElement\":[{\"@type\":\"ListItem\",\"position\":1,\"name\":\"Inici\",\"item\":\"https:\\\/\\\/diarieducacio.cat\\\/rella\\\/\"},{\"@type\":\"ListItem\",\"position\":2,\"name\":\"Coeducaci\u00f3: veterania i innovaci\u00f3\"}]},{\"@type\":\"WebSite\",\"@id\":\"https:\\\/\\\/diarieducacio.cat\\\/rella\\\/#website\",\"url\":\"https:\\\/\\\/diarieducacio.cat\\\/rella\\\/\",\"name\":\"El Blog de Rella\",\"description\":\"Un blog de El Diari de l&#039;Educaci\u00f3\",\"potentialAction\":[{\"@type\":\"SearchAction\",\"target\":{\"@type\":\"EntryPoint\",\"urlTemplate\":\"https:\\\/\\\/diarieducacio.cat\\\/rella\\\/?s={search_term_string}\"},\"query-input\":{\"@type\":\"PropertyValueSpecification\",\"valueRequired\":true,\"valueName\":\"search_term_string\"}}],\"inLanguage\":\"ca\"},{\"@type\":\"Person\",\"@id\":\"https:\\\/\\\/diarieducacio.cat\\\/rella\\\/#\\\/schema\\\/person\\\/3d0aa1bed0e45b57edf4a141f76c4839\",\"name\":\"Merc\u00e8 Otero\",\"image\":{\"@type\":\"ImageObject\",\"inLanguage\":\"ca\",\"@id\":\"https:\\\/\\\/secure.gravatar.com\\\/avatar\\\/3eae212d7dc62e277eb4d248b51b8c796fcfd35519875c4960f9d49d225cf8fb?s=96&d=mm&r=g\",\"url\":\"https:\\\/\\\/secure.gravatar.com\\\/avatar\\\/3eae212d7dc62e277eb4d248b51b8c796fcfd35519875c4960f9d49d225cf8fb?s=96&d=mm&r=g\",\"contentUrl\":\"https:\\\/\\\/secure.gravatar.com\\\/avatar\\\/3eae212d7dc62e277eb4d248b51b8c796fcfd35519875c4960f9d49d225cf8fb?s=96&d=mm&r=g\",\"caption\":\"Merc\u00e8 Otero\"},\"url\":\"https:\\\/\\\/diarieducacio.cat\\\/rella\\\/author\\\/merceotero\\\/\"}]}<\/script>\n<!-- \/ Yoast SEO plugin. -->","yoast_head_json":{"title":"Coeducaci\u00f3: veterania i innovaci\u00f3 - El Blog de Rella","robots":{"index":"index","follow":"follow","max-snippet":"max-snippet:-1","max-image-preview":"max-image-preview:large","max-video-preview":"max-video-preview:-1"},"canonical":"https:\/\/diarieducacio.cat\/rella\/2018\/02\/16\/coeducacio-veterania-innovacio\/","og_locale":"ca_ES","og_type":"article","og_title":"Coeducaci\u00f3: veterania i innovaci\u00f3 - El Blog de Rella","og_description":"Si t\u2019has passat tota la vida professional posant en pr\u00e0ctica la coeducaci\u00f3 com a ensenyant feminista \u00e9s evident que has hagut d\u2019estar reivindicant sense parar i has trobat molts entrebancs dins del sistema, per\u00f2 tamb\u00e9 que la pr\u00e0ctica de la coeducaci\u00f3 t\u00e9 moltes compensacions perqu\u00e8 \u00e9s un repte constant i engrescador que obliga a buscar solucions alternatives a les situacions quotidianes de la professi\u00f3","og_url":"https:\/\/diarieducacio.cat\/rella\/2018\/02\/16\/coeducacio-veterania-innovacio\/","og_site_name":"El Blog de Rella","article_publisher":"https:\/\/www.facebook.com\/diarieducacio\/","article_published_time":"2018-02-16T07:49:57+00:00","og_image":[{"width":525,"height":350,"url":"https:\/\/diarieducacio.cat\/rella\/wp-content\/uploads\/sites\/26\/2018\/02\/kids-girl-pencil-drawing-159823.jpeg","type":"image\/jpeg"}],"author":"Merc\u00e8 Otero","twitter_card":"summary_large_image","twitter_creator":"@DiariEducacio","twitter_site":"@DiariEducacio","twitter_misc":{"Escrit per":"Merc\u00e8 Otero","Temps estimat de lectura":"5 minuts"},"schema":{"@context":"https:\/\/schema.org","@graph":[{"@type":"Article","@id":"https:\/\/diarieducacio.cat\/rella\/2018\/02\/16\/coeducacio-veterania-innovacio\/#article","isPartOf":{"@id":"https:\/\/diarieducacio.cat\/rella\/2018\/02\/16\/coeducacio-veterania-innovacio\/"},"author":{"name":"Merc\u00e8 Otero","@id":"https:\/\/diarieducacio.cat\/rella\/#\/schema\/person\/3d0aa1bed0e45b57edf4a141f76c4839"},"headline":"Coeducaci\u00f3: veterania i innovaci\u00f3","datePublished":"2018-02-16T07:49:57+00:00","mainEntityOfPage":{"@id":"https:\/\/diarieducacio.cat\/rella\/2018\/02\/16\/coeducacio-veterania-innovacio\/"},"wordCount":1074,"commentCount":2,"image":{"@id":"https:\/\/diarieducacio.cat\/rella\/2018\/02\/16\/coeducacio-veterania-innovacio\/#primaryimage"},"thumbnailUrl":"https:\/\/diarieducacio.cat\/rella\/wp-content\/uploads\/sites\/26\/2018\/02\/kids-girl-pencil-drawing-159823.jpeg","keywords":["coeducaci\u00f3","feminisme","innovaci\u00f3"],"articleSection":["General"],"inLanguage":"ca","potentialAction":[{"@type":"CommentAction","name":"Comment","target":["https:\/\/diarieducacio.cat\/rella\/2018\/02\/16\/coeducacio-veterania-innovacio\/#respond"]}]},{"@type":"WebPage","@id":"https:\/\/diarieducacio.cat\/rella\/2018\/02\/16\/coeducacio-veterania-innovacio\/","url":"https:\/\/diarieducacio.cat\/rella\/2018\/02\/16\/coeducacio-veterania-innovacio\/","name":"Coeducaci\u00f3: veterania i innovaci\u00f3 - El Blog de Rella","isPartOf":{"@id":"https:\/\/diarieducacio.cat\/rella\/#website"},"primaryImageOfPage":{"@id":"https:\/\/diarieducacio.cat\/rella\/2018\/02\/16\/coeducacio-veterania-innovacio\/#primaryimage"},"image":{"@id":"https:\/\/diarieducacio.cat\/rella\/2018\/02\/16\/coeducacio-veterania-innovacio\/#primaryimage"},"thumbnailUrl":"https:\/\/diarieducacio.cat\/rella\/wp-content\/uploads\/sites\/26\/2018\/02\/kids-girl-pencil-drawing-159823.jpeg","datePublished":"2018-02-16T07:49:57+00:00","author":{"@id":"https:\/\/diarieducacio.cat\/rella\/#\/schema\/person\/3d0aa1bed0e45b57edf4a141f76c4839"},"breadcrumb":{"@id":"https:\/\/diarieducacio.cat\/rella\/2018\/02\/16\/coeducacio-veterania-innovacio\/#breadcrumb"},"inLanguage":"ca","potentialAction":[{"@type":"ReadAction","target":["https:\/\/diarieducacio.cat\/rella\/2018\/02\/16\/coeducacio-veterania-innovacio\/"]}]},{"@type":"ImageObject","inLanguage":"ca","@id":"https:\/\/diarieducacio.cat\/rella\/2018\/02\/16\/coeducacio-veterania-innovacio\/#primaryimage","url":"https:\/\/diarieducacio.cat\/rella\/wp-content\/uploads\/sites\/26\/2018\/02\/kids-girl-pencil-drawing-159823.jpeg","contentUrl":"https:\/\/diarieducacio.cat\/rella\/wp-content\/uploads\/sites\/26\/2018\/02\/kids-girl-pencil-drawing-159823.jpeg","width":525,"height":350,"caption":"Dues nenes a classe"},{"@type":"BreadcrumbList","@id":"https:\/\/diarieducacio.cat\/rella\/2018\/02\/16\/coeducacio-veterania-innovacio\/#breadcrumb","itemListElement":[{"@type":"ListItem","position":1,"name":"Inici","item":"https:\/\/diarieducacio.cat\/rella\/"},{"@type":"ListItem","position":2,"name":"Coeducaci\u00f3: veterania i innovaci\u00f3"}]},{"@type":"WebSite","@id":"https:\/\/diarieducacio.cat\/rella\/#website","url":"https:\/\/diarieducacio.cat\/rella\/","name":"El Blog de Rella","description":"Un blog de El Diari de l&#039;Educaci\u00f3","potentialAction":[{"@type":"SearchAction","target":{"@type":"EntryPoint","urlTemplate":"https:\/\/diarieducacio.cat\/rella\/?s={search_term_string}"},"query-input":{"@type":"PropertyValueSpecification","valueRequired":true,"valueName":"search_term_string"}}],"inLanguage":"ca"},{"@type":"Person","@id":"https:\/\/diarieducacio.cat\/rella\/#\/schema\/person\/3d0aa1bed0e45b57edf4a141f76c4839","name":"Merc\u00e8 Otero","image":{"@type":"ImageObject","inLanguage":"ca","@id":"https:\/\/secure.gravatar.com\/avatar\/3eae212d7dc62e277eb4d248b51b8c796fcfd35519875c4960f9d49d225cf8fb?s=96&d=mm&r=g","url":"https:\/\/secure.gravatar.com\/avatar\/3eae212d7dc62e277eb4d248b51b8c796fcfd35519875c4960f9d49d225cf8fb?s=96&d=mm&r=g","contentUrl":"https:\/\/secure.gravatar.com\/avatar\/3eae212d7dc62e277eb4d248b51b8c796fcfd35519875c4960f9d49d225cf8fb?s=96&d=mm&r=g","caption":"Merc\u00e8 Otero"},"url":"https:\/\/diarieducacio.cat\/rella\/author\/merceotero\/"}]}},"_links":{"self":[{"href":"https:\/\/diarieducacio.cat\/rella\/wp-json\/wp\/v2\/posts\/41","targetHints":{"allow":["GET"]}}],"collection":[{"href":"https:\/\/diarieducacio.cat\/rella\/wp-json\/wp\/v2\/posts"}],"about":[{"href":"https:\/\/diarieducacio.cat\/rella\/wp-json\/wp\/v2\/types\/post"}],"author":[{"embeddable":true,"href":"https:\/\/diarieducacio.cat\/rella\/wp-json\/wp\/v2\/users\/359"}],"replies":[{"embeddable":true,"href":"https:\/\/diarieducacio.cat\/rella\/wp-json\/wp\/v2\/comments?post=41"}],"version-history":[{"count":0,"href":"https:\/\/diarieducacio.cat\/rella\/wp-json\/wp\/v2\/posts\/41\/revisions"}],"wp:featuredmedia":[{"embeddable":true,"href":"https:\/\/diarieducacio.cat\/rella\/wp-json\/wp\/v2\/media\/1799"}],"wp:attachment":[{"href":"https:\/\/diarieducacio.cat\/rella\/wp-json\/wp\/v2\/media?parent=41"}],"wp:term":[{"taxonomy":"category","embeddable":true,"href":"https:\/\/diarieducacio.cat\/rella\/wp-json\/wp\/v2\/categories?post=41"},{"taxonomy":"post_tag","embeddable":true,"href":"https:\/\/diarieducacio.cat\/rella\/wp-json\/wp\/v2\/tags?post=41"},{"taxonomy":"tipo","embeddable":true,"href":"https:\/\/diarieducacio.cat\/rella\/wp-json\/wp\/v2\/tipo?post=41"}],"curies":[{"name":"wp","href":"https:\/\/api.w.org\/{rel}","templated":true}]}}