{"id":412,"date":"2022-12-19T22:46:52","date_gmt":"2022-12-19T20:46:52","guid":{"rendered":"https:\/\/diarieducacio.cat\/rella\/?p=412"},"modified":"2022-12-19T22:46:52","modified_gmt":"2022-12-19T20:46:52","slug":"que-aporta-el-model-portugues-a-la-reflexio-sobre-la-nostra-situacio-educativa-actual","status":"publish","type":"post","link":"https:\/\/diarieducacio.cat\/rella\/2022\/12\/19\/que-aporta-el-model-portugues-a-la-reflexio-sobre-la-nostra-situacio-educativa-actual\/","title":{"rendered":"Qu\u00e8 aporta el model portugu\u00e8s a la reflexi\u00f3 sobre la nostra situaci\u00f3 educativa actual"},"content":{"rendered":"<p>En el Grup d\u2019Educaci\u00f3 de RELLA (Associaci\u00f3 de mestres i professors jubilats) darrerament hem parlat de l\u2019educaci\u00f3 a Portugal, pa\u00eds germ\u00e0 de cultura, economia i tradicions semblants. Gr\u00e0cies al grup coordinador la Federaci\u00f3 de Moviments de Renovaci\u00f3 Pedag\u00f2gica de Catalunya (FMRPC) que ens van venir a explicar la seva experi\u00e8ncia en un viatge de treball que van fer a Lisboa i Porto vam con\u00e8ixer el funcionament dels sistema educatiu portugu\u00e8s actual.<\/p>\n<p>A mesura que ens explicaven temes de curr\u00edculum, d\u2019escola inclusiva, del temps del migdia, d\u2019extraescolars, de la participaci\u00f3 de docents, alumnes, universitats i del paper dels municipis en el projecte educatiu de pa\u00eds per una escola p\u00fablica i gratu\u00efta, vam quedar al\u00b7lucinats. A nom\u00e9s 1.000 km de dist\u00e0ncia, en una societat, cultura i economia semblants, hi descobrim un model de pr\u00e0ctica educativa nou, innovador i singular. No cal anar a Finl\u00e0ndia, on tot el seu context \u00e9s molt diferent del nostre. Els tenim al costat i nosaltres sense saber-ho.<\/p>\n<p>Per con\u00e8ixer m\u00e9s la situaci\u00f3 educativa portuguesa mireu aquests dos v\u00eddeos clars i did\u00e0ctics: <em>Las claves del \u00e9xito educativo en Portugal<\/em> i <em>La inclusi\u00f3n en el sistema educativo portugu\u00e9s<\/em> i llegiu al llibre <em><a href=\"https:\/\/www.educacio360.cat\/wp-content\/uploads\/2022\/05\/11-Portugal-360_tancada-1.pdf\">Escola a tempo inteiro<\/a><\/em><strong>. <\/strong><em>L\u2019experi\u00e8ncia de Portugal en educaci\u00f3 a temps complet<\/em>, de Sarai Samper. Per si no teniu prou temps o ganes, hi ha un article resum al Blog de Transformar l\u2019Educaci\u00f3 de la FMRPC al Diari de l\u2019Educaci\u00f3: <a href=\"https:\/\/diarieducacio.cat\/transformarleducacio\/2022\/02\/22\/cap-a-un-curriculum-base-lexperiencia-de-portugal\/\">Cap a un curr\u00edculum base: l\u2019experi\u00e8ncia de Portugal.<\/a><\/p>\n<p><iframe src=\"https:\/\/www.youtube.com\/embed\/McfNdYNyDQU\" width=\"560\" height=\"315\" frameborder=\"0\" allowfullscreen=\"allowfullscreen\"><\/iframe><\/p>\n<p><iframe src=\"https:\/\/www.youtube.com\/embed\/TBmX5wQSSJo\" width=\"560\" height=\"315\" frameborder=\"0\" allowfullscreen=\"allowfullscreen\"><\/iframe><\/p>\n<p>Un cop llegits o visionats podem gaudir del canvi que tenim al nostre costat i comen\u00e7ar a reflexionar com s\u2019ho han fet per donar la volta a un sistema educatiu en tan poc temps i amb la implicaci\u00f3 de tota la societat portuguesa, donant la volta als resultats i indicadors internacionals educatius del pa\u00eds. I finalment el m\u00e9s important: com podem importar el seu model d\u2019\u00e8xit cap aqu\u00ed.<\/p>\n<p>B\u00e9, per un costat tenim la revoluci\u00f3 educativa i vital de Portugal, i per l\u2019altre a casa nostra una Conselleria que no sap a on va, que no \u00e9s capa\u00e7 de pactar amb la comunitat educativa els temes que preocupen a la poblaci\u00f3 catalana. Com deia un amic meu: aquesta Conselleria ha aconseguit posar a tothom en contra seva: progressistes, reaccionaris, passotes, innovadors, sindicats, entitats, associacions, directors de centres, fam\u00edlies i alumnes de totes les etapes educatives. Crec que ja no en queden m\u00e9s, tothom en contra.<\/p>\n<p>Dins d\u2019aquest panorama conflictiu de l\u2019educaci\u00f3 catalana tenim dues situacions que tamb\u00e9 mereixen una reflexi\u00f3 important, ja que ens fan repensar on som i a on anem.<\/p>\n<blockquote><p>\u00bfPer qu\u00e8 no fem com a Portugal i ens ajuntem, busquem el que tenim en com\u00fa, i anem construint un espai educatiu on tothom s\u2019hi senti representat i que fugi de velles ranc\u00fanies?<\/p><\/blockquote>\n<p>Per un costat, tenim la crisi de <a href=\"https:\/\/www.rosasensat.org\/\">l\u2019Associaci\u00f3 de Mestres Rosa Sensat<\/a>, puntal de la renovaci\u00f3 pedag\u00f2gica dels anys 60-80. Recordeu les seves escoles d\u2019Estiu, on molts dels docents ara ja jubilats, no nom\u00e9s d\u2019aqu\u00ed sin\u00f3 de tot l\u2019Estat espanyol, es van formar en una manera d\u2019educar i organitzar les escoles i l\u2019educaci\u00f3, que va canviar el panorama educatiu del pa\u00eds. Ara plantegen \u00a0un proc\u00e9s obert de reflexi\u00f3 sobre el futur de l\u2019Associaci\u00f3 que anomenen \u201c<strong>Repensem-nos<\/strong>\u201d i que ja han fet dues trobades i en queden quatre fins a la primavera de l\u2019any que ve.<\/p>\n<p>Per l\u2019altre tenim el <a href=\"https:\/\/www.clameducatiu.cat\/inici\">Clam Educatiu<\/a>, col\u00b7lectiu de professionals de l\u2019educaci\u00f3 que <strong>volen ser una veu cr\u00edtica i constructiva, que contribueixi a despolaritzar el debat educatiu <\/strong>i que promogui el disseny i la implementaci\u00f3 de pol\u00edtiques educatives que prioritzin l\u2019inter\u00e8s dels infants i els adolescents. Heus aix\u00ed com es defineixen i com han sortit fa poc a l\u2019opini\u00f3 p\u00fablica, amb un manifest on demanen adhesions (ara ja en tenen 220). Veurem si aquest col\u00b7lectiu s\u2019obre a la comunitat educativa i permet la participaci\u00f3 activa i democr\u00e0tica i no nom\u00e9s adherir-se als seus principis que han creat un grup impulsor de 16 persones. Esperem que tothom pugui participar-hi i que sigui un col\u00b7lectiu obert i viu.<\/p>\n<p>Una associaci\u00f3 hist\u00f2rica en crisi i un col\u00b7lectiu que acaba de n\u00e9ixer; per qu\u00e8 no intentem superar les difer\u00e8ncies i buscar espais de conflu\u00e8ncia. Modernitzar i donar a con\u00e8ixer el treball i les infraestructures que t\u00e9 Rosa Sensat: Biblioteca, formaci\u00f3 i assessoraments, publicacions, revistes: <em>Inf\u00e0ncia<\/em> i <em>Perspectiva Escolar<\/em>, premis de pedagogia i un espai molt gran i dif\u00edcil de mantenir i que cal obrir a tot el teixit educatiu de Barcelona i del pa\u00eds. Fem d\u2019aquest espai un <strong>espai obert<\/strong> a tota la comunitat educativa i a totes les entitats, associacions i moviments co- gestionat per tots ells.<\/p>\n<p>Mirem de buscar sinergies, punts d\u2019uni\u00f3 i no fem del m\u00f3n educatiu i de les seves entitats i associacions un regne de taifes. Que si ets de la Bofill, que si ets dels sindicats, que si ets de la fede, qu\u00e8 si ets d\u2019Axia, qu\u00e8 si ets&#8230;. Jo qu\u00e8 s\u00e9 d\u2019on s\u00f3c, ja et posen sempre l\u2019etiqueta d\u2019entrada.<\/p>\n<p>\u00bfPer qu\u00e8 no fem com a Portugal i ens ajuntem i busquem el que tenim en com\u00fa, <strong>practiquem la cultura de la participaci\u00f3 entre iguals, del pacte i el di\u00e0leg<\/strong> i anem construint un espai educatiu on tothom s\u2019hi senti representat? Un espai de reflexi\u00f3 i de debat sense velles ranc\u00fanies.<\/p>\n<p>Per\u00f2 aix\u00f2 no ho podem fer sols, necessitem que les administracions educatives (Conselleria, Diputaci\u00f3 i ajuntaments) tamb\u00e9 s\u2019impliquin en aquest projecte, creant un clima de conviv\u00e8ncia, pacte i di\u00e0leg que fins ara no hem vist per part del Departament d\u2019Educaci\u00f3. Potser hem de comen\u00e7ar per baix, fent xarxes educatives de barri, municipi o ciutat i anar teixint un tap\u00eds educatiu sense lluites ni enveges, fer un projecte com\u00fa de pa\u00eds: fer una educaci\u00f3 millor pel nostres infants i joves. Ens hi hem de posar tots en un canvi d\u2019actitud radical, deixar velles ranc\u00fanies i buscar un nou marc de relacions entre les administracions i les entitats, els agents educatius i la comunitat educativa.<\/p>\n<p><strong>Aquest \u00e9s el repte<\/strong> i nosaltres, com a mestres jubilats, hi posarem el nostre granet de sorra perqu\u00e8 arribem a un projecte, que partint de l\u2019entorn proper i el municipi vagi anant de baix a dalt, a contracorrent del que s\u2019ha fet fins ara. Trobem-nos, parlem, discutim i mirem d\u2019arribar a pactes i acords de consens, per\u00f2 per fer-ho cal deixar de ser extremistes, exclusius i dogm\u00e0tics, cal obrir la paradeta. Ens hi veiem en cor? La llavor ja est\u00e0 llen\u00e7ada, ara l\u2019hem de recollir entre tots. Ja sabeu que podeu comptar amb tot el nostre suport i treball, de temps en tenim de sobres&#8230;<\/p>\n<p>Bon Nadal i millor i m\u00e9s constructiu i pactista any nou<\/p>\n<hr \/>\n<p style=\"text-align: right\"><strong>Article de Quim L\u00e1zaro i 9 membres m\u00e9s del Grup d\u2019Educaci\u00f3 de RELLA<\/strong><\/p>\n","protected":false},"excerpt":{"rendered":"<p>En el Grup d\u2019Educaci\u00f3 de RELLA (Associaci\u00f3 de mestres i professors jubilats) darrerament hem parlat de l\u2019educaci\u00f3 a Portugal, pa\u00eds germ\u00e0 de cultura, economia i tradicions semblants. Gr\u00e0cies al grup coordinador la Federaci\u00f3 de Moviments de Renovaci\u00f3 Pedag\u00f2gica de Catalunya (FMRPC) que ens van venir a explicar la seva experi\u00e8ncia en un viatge de treball<\/p>\n","protected":false},"author":368,"featured_media":414,"comment_status":"open","ping_status":"closed","sticky":false,"template":"","format":"standard","meta":{"footnotes":""},"categories":[2],"tags":[],"tipo":[],"class_list":{"0":"post-412","1":"post","2":"type-post","3":"status-publish","4":"format-standard","5":"has-post-thumbnail","7":"category-general"},"yoast_head":"<!-- This site is optimized with the Yoast SEO plugin v27.4 - https:\/\/yoast.com\/product\/yoast-seo-wordpress\/ -->\n<title>Qu\u00e8 aporta el model portugu\u00e8s a la reflexi\u00f3 sobre la nostra situaci\u00f3 educativa actual - El Blog de Rella<\/title>\n<meta name=\"robots\" content=\"index, follow, max-snippet:-1, max-image-preview:large, max-video-preview:-1\" \/>\n<link rel=\"canonical\" href=\"https:\/\/diarieducacio.cat\/rella\/2022\/12\/19\/que-aporta-el-model-portugues-a-la-reflexio-sobre-la-nostra-situacio-educativa-actual\/\" \/>\n<meta property=\"og:locale\" content=\"ca_ES\" \/>\n<meta property=\"og:type\" content=\"article\" \/>\n<meta property=\"og:title\" content=\"Qu\u00e8 aporta el model portugu\u00e8s a la reflexi\u00f3 sobre la nostra situaci\u00f3 educativa actual - El Blog de Rella\" \/>\n<meta property=\"og:description\" content=\"En el Grup d\u2019Educaci\u00f3 de RELLA (Associaci\u00f3 de mestres i professors jubilats) darrerament hem parlat de l\u2019educaci\u00f3 a Portugal, pa\u00eds germ\u00e0 de cultura, economia i tradicions semblants. Gr\u00e0cies al grup coordinador la Federaci\u00f3 de Moviments de Renovaci\u00f3 Pedag\u00f2gica de Catalunya (FMRPC) que ens van venir a explicar la seva experi\u00e8ncia en un viatge de treball\" \/>\n<meta property=\"og:url\" content=\"https:\/\/diarieducacio.cat\/rella\/2022\/12\/19\/que-aporta-el-model-portugues-a-la-reflexio-sobre-la-nostra-situacio-educativa-actual\/\" \/>\n<meta property=\"og:site_name\" content=\"El Blog de Rella\" \/>\n<meta property=\"article:publisher\" content=\"https:\/\/www.facebook.com\/diarieducacio\/\" \/>\n<meta property=\"article:published_time\" content=\"2022-12-19T20:46:52+00:00\" \/>\n<meta property=\"og:image\" content=\"https:\/\/diarieducacio.cat\/rella\/wp-content\/uploads\/sites\/26\/2022\/12\/GettyImages-1367732494.jpg\" \/>\n\t<meta property=\"og:image:width\" content=\"2315\" \/>\n\t<meta property=\"og:image:height\" content=\"1294\" \/>\n\t<meta property=\"og:image:type\" content=\"image\/jpeg\" \/>\n<meta name=\"author\" content=\"Quim L\u00e1zaro\" \/>\n<meta name=\"twitter:card\" content=\"summary_large_image\" \/>\n<meta name=\"twitter:creator\" content=\"@DiariEducacio\" \/>\n<meta name=\"twitter:site\" content=\"@DiariEducacio\" \/>\n<meta name=\"twitter:label1\" content=\"Escrit per\" \/>\n\t<meta name=\"twitter:data1\" content=\"Quim L\u00e1zaro\" \/>\n\t<meta name=\"twitter:label2\" content=\"Temps estimat de lectura\" \/>\n\t<meta name=\"twitter:data2\" content=\"6 minuts\" \/>\n<script type=\"application\/ld+json\" class=\"yoast-schema-graph\">{\"@context\":\"https:\\\/\\\/schema.org\",\"@graph\":[{\"@type\":\"Article\",\"@id\":\"https:\\\/\\\/diarieducacio.cat\\\/rella\\\/2022\\\/12\\\/19\\\/que-aporta-el-model-portugues-a-la-reflexio-sobre-la-nostra-situacio-educativa-actual\\\/#article\",\"isPartOf\":{\"@id\":\"https:\\\/\\\/diarieducacio.cat\\\/rella\\\/2022\\\/12\\\/19\\\/que-aporta-el-model-portugues-a-la-reflexio-sobre-la-nostra-situacio-educativa-actual\\\/\"},\"author\":{\"name\":\"Quim L\u00e1zaro\",\"@id\":\"https:\\\/\\\/diarieducacio.cat\\\/rella\\\/#\\\/schema\\\/person\\\/bf25ad766d8c6fc8751c8dbe8d5fbe6c\"},\"headline\":\"Qu\u00e8 aporta el model portugu\u00e8s a la reflexi\u00f3 sobre la nostra situaci\u00f3 educativa actual\",\"datePublished\":\"2022-12-19T20:46:52+00:00\",\"mainEntityOfPage\":{\"@id\":\"https:\\\/\\\/diarieducacio.cat\\\/rella\\\/2022\\\/12\\\/19\\\/que-aporta-el-model-portugues-a-la-reflexio-sobre-la-nostra-situacio-educativa-actual\\\/\"},\"wordCount\":1235,\"commentCount\":0,\"image\":{\"@id\":\"https:\\\/\\\/diarieducacio.cat\\\/rella\\\/2022\\\/12\\\/19\\\/que-aporta-el-model-portugues-a-la-reflexio-sobre-la-nostra-situacio-educativa-actual\\\/#primaryimage\"},\"thumbnailUrl\":\"https:\\\/\\\/diarieducacio.cat\\\/rella\\\/wp-content\\\/uploads\\\/sites\\\/26\\\/2022\\\/12\\\/GettyImages-1367732494.jpg\",\"articleSection\":[\"General\"],\"inLanguage\":\"ca\",\"potentialAction\":[{\"@type\":\"CommentAction\",\"name\":\"Comment\",\"target\":[\"https:\\\/\\\/diarieducacio.cat\\\/rella\\\/2022\\\/12\\\/19\\\/que-aporta-el-model-portugues-a-la-reflexio-sobre-la-nostra-situacio-educativa-actual\\\/#respond\"]}]},{\"@type\":\"WebPage\",\"@id\":\"https:\\\/\\\/diarieducacio.cat\\\/rella\\\/2022\\\/12\\\/19\\\/que-aporta-el-model-portugues-a-la-reflexio-sobre-la-nostra-situacio-educativa-actual\\\/\",\"url\":\"https:\\\/\\\/diarieducacio.cat\\\/rella\\\/2022\\\/12\\\/19\\\/que-aporta-el-model-portugues-a-la-reflexio-sobre-la-nostra-situacio-educativa-actual\\\/\",\"name\":\"Qu\u00e8 aporta el model portugu\u00e8s a la reflexi\u00f3 sobre la nostra situaci\u00f3 educativa actual - El Blog de Rella\",\"isPartOf\":{\"@id\":\"https:\\\/\\\/diarieducacio.cat\\\/rella\\\/#website\"},\"primaryImageOfPage\":{\"@id\":\"https:\\\/\\\/diarieducacio.cat\\\/rella\\\/2022\\\/12\\\/19\\\/que-aporta-el-model-portugues-a-la-reflexio-sobre-la-nostra-situacio-educativa-actual\\\/#primaryimage\"},\"image\":{\"@id\":\"https:\\\/\\\/diarieducacio.cat\\\/rella\\\/2022\\\/12\\\/19\\\/que-aporta-el-model-portugues-a-la-reflexio-sobre-la-nostra-situacio-educativa-actual\\\/#primaryimage\"},\"thumbnailUrl\":\"https:\\\/\\\/diarieducacio.cat\\\/rella\\\/wp-content\\\/uploads\\\/sites\\\/26\\\/2022\\\/12\\\/GettyImages-1367732494.jpg\",\"datePublished\":\"2022-12-19T20:46:52+00:00\",\"author\":{\"@id\":\"https:\\\/\\\/diarieducacio.cat\\\/rella\\\/#\\\/schema\\\/person\\\/bf25ad766d8c6fc8751c8dbe8d5fbe6c\"},\"breadcrumb\":{\"@id\":\"https:\\\/\\\/diarieducacio.cat\\\/rella\\\/2022\\\/12\\\/19\\\/que-aporta-el-model-portugues-a-la-reflexio-sobre-la-nostra-situacio-educativa-actual\\\/#breadcrumb\"},\"inLanguage\":\"ca\",\"potentialAction\":[{\"@type\":\"ReadAction\",\"target\":[\"https:\\\/\\\/diarieducacio.cat\\\/rella\\\/2022\\\/12\\\/19\\\/que-aporta-el-model-portugues-a-la-reflexio-sobre-la-nostra-situacio-educativa-actual\\\/\"]}]},{\"@type\":\"ImageObject\",\"inLanguage\":\"ca\",\"@id\":\"https:\\\/\\\/diarieducacio.cat\\\/rella\\\/2022\\\/12\\\/19\\\/que-aporta-el-model-portugues-a-la-reflexio-sobre-la-nostra-situacio-educativa-actual\\\/#primaryimage\",\"url\":\"https:\\\/\\\/diarieducacio.cat\\\/rella\\\/wp-content\\\/uploads\\\/sites\\\/26\\\/2022\\\/12\\\/GettyImages-1367732494.jpg\",\"contentUrl\":\"https:\\\/\\\/diarieducacio.cat\\\/rella\\\/wp-content\\\/uploads\\\/sites\\\/26\\\/2022\\\/12\\\/GettyImages-1367732494.jpg\",\"width\":2315,\"height\":1294,\"caption\":\"GettyImages\"},{\"@type\":\"BreadcrumbList\",\"@id\":\"https:\\\/\\\/diarieducacio.cat\\\/rella\\\/2022\\\/12\\\/19\\\/que-aporta-el-model-portugues-a-la-reflexio-sobre-la-nostra-situacio-educativa-actual\\\/#breadcrumb\",\"itemListElement\":[{\"@type\":\"ListItem\",\"position\":1,\"name\":\"Inici\",\"item\":\"https:\\\/\\\/diarieducacio.cat\\\/rella\\\/\"},{\"@type\":\"ListItem\",\"position\":2,\"name\":\"Qu\u00e8 aporta el model portugu\u00e8s a la reflexi\u00f3 sobre la nostra situaci\u00f3 educativa actual\"}]},{\"@type\":\"WebSite\",\"@id\":\"https:\\\/\\\/diarieducacio.cat\\\/rella\\\/#website\",\"url\":\"https:\\\/\\\/diarieducacio.cat\\\/rella\\\/\",\"name\":\"El Blog de Rella\",\"description\":\"Un blog de El Diari de l&#039;Educaci\u00f3\",\"potentialAction\":[{\"@type\":\"SearchAction\",\"target\":{\"@type\":\"EntryPoint\",\"urlTemplate\":\"https:\\\/\\\/diarieducacio.cat\\\/rella\\\/?s={search_term_string}\"},\"query-input\":{\"@type\":\"PropertyValueSpecification\",\"valueRequired\":true,\"valueName\":\"search_term_string\"}}],\"inLanguage\":\"ca\"},{\"@type\":\"Person\",\"@id\":\"https:\\\/\\\/diarieducacio.cat\\\/rella\\\/#\\\/schema\\\/person\\\/bf25ad766d8c6fc8751c8dbe8d5fbe6c\",\"name\":\"Quim L\u00e1zaro\",\"image\":{\"@type\":\"ImageObject\",\"inLanguage\":\"ca\",\"@id\":\"https:\\\/\\\/diarieducacio.cat\\\/wp-content\\\/uploads\\\/2024\\\/11\\\/quim-lazaro_avatar-96x96.jpg\",\"url\":\"https:\\\/\\\/diarieducacio.cat\\\/wp-content\\\/uploads\\\/2024\\\/11\\\/quim-lazaro_avatar-96x96.jpg\",\"contentUrl\":\"https:\\\/\\\/diarieducacio.cat\\\/wp-content\\\/uploads\\\/2024\\\/11\\\/quim-lazaro_avatar-96x96.jpg\",\"caption\":\"Quim L\u00e1zaro\"},\"description\":\"Grup Educaci\u00f3 de RELLA\",\"url\":\"https:\\\/\\\/diarieducacio.cat\\\/rella\\\/author\\\/qlazaro\\\/\"}]}<\/script>\n<!-- \/ Yoast SEO plugin. -->","yoast_head_json":{"title":"Qu\u00e8 aporta el model portugu\u00e8s a la reflexi\u00f3 sobre la nostra situaci\u00f3 educativa actual - El Blog de Rella","robots":{"index":"index","follow":"follow","max-snippet":"max-snippet:-1","max-image-preview":"max-image-preview:large","max-video-preview":"max-video-preview:-1"},"canonical":"https:\/\/diarieducacio.cat\/rella\/2022\/12\/19\/que-aporta-el-model-portugues-a-la-reflexio-sobre-la-nostra-situacio-educativa-actual\/","og_locale":"ca_ES","og_type":"article","og_title":"Qu\u00e8 aporta el model portugu\u00e8s a la reflexi\u00f3 sobre la nostra situaci\u00f3 educativa actual - El Blog de Rella","og_description":"En el Grup d\u2019Educaci\u00f3 de RELLA (Associaci\u00f3 de mestres i professors jubilats) darrerament hem parlat de l\u2019educaci\u00f3 a Portugal, pa\u00eds germ\u00e0 de cultura, economia i tradicions semblants. Gr\u00e0cies al grup coordinador la Federaci\u00f3 de Moviments de Renovaci\u00f3 Pedag\u00f2gica de Catalunya (FMRPC) que ens van venir a explicar la seva experi\u00e8ncia en un viatge de treball","og_url":"https:\/\/diarieducacio.cat\/rella\/2022\/12\/19\/que-aporta-el-model-portugues-a-la-reflexio-sobre-la-nostra-situacio-educativa-actual\/","og_site_name":"El Blog de Rella","article_publisher":"https:\/\/www.facebook.com\/diarieducacio\/","article_published_time":"2022-12-19T20:46:52+00:00","og_image":[{"width":2315,"height":1294,"url":"https:\/\/diarieducacio.cat\/rella\/wp-content\/uploads\/sites\/26\/2022\/12\/GettyImages-1367732494.jpg","type":"image\/jpeg"}],"author":"Quim L\u00e1zaro","twitter_card":"summary_large_image","twitter_creator":"@DiariEducacio","twitter_site":"@DiariEducacio","twitter_misc":{"Escrit per":"Quim L\u00e1zaro","Temps estimat de lectura":"6 minuts"},"schema":{"@context":"https:\/\/schema.org","@graph":[{"@type":"Article","@id":"https:\/\/diarieducacio.cat\/rella\/2022\/12\/19\/que-aporta-el-model-portugues-a-la-reflexio-sobre-la-nostra-situacio-educativa-actual\/#article","isPartOf":{"@id":"https:\/\/diarieducacio.cat\/rella\/2022\/12\/19\/que-aporta-el-model-portugues-a-la-reflexio-sobre-la-nostra-situacio-educativa-actual\/"},"author":{"name":"Quim L\u00e1zaro","@id":"https:\/\/diarieducacio.cat\/rella\/#\/schema\/person\/bf25ad766d8c6fc8751c8dbe8d5fbe6c"},"headline":"Qu\u00e8 aporta el model portugu\u00e8s a la reflexi\u00f3 sobre la nostra situaci\u00f3 educativa actual","datePublished":"2022-12-19T20:46:52+00:00","mainEntityOfPage":{"@id":"https:\/\/diarieducacio.cat\/rella\/2022\/12\/19\/que-aporta-el-model-portugues-a-la-reflexio-sobre-la-nostra-situacio-educativa-actual\/"},"wordCount":1235,"commentCount":0,"image":{"@id":"https:\/\/diarieducacio.cat\/rella\/2022\/12\/19\/que-aporta-el-model-portugues-a-la-reflexio-sobre-la-nostra-situacio-educativa-actual\/#primaryimage"},"thumbnailUrl":"https:\/\/diarieducacio.cat\/rella\/wp-content\/uploads\/sites\/26\/2022\/12\/GettyImages-1367732494.jpg","articleSection":["General"],"inLanguage":"ca","potentialAction":[{"@type":"CommentAction","name":"Comment","target":["https:\/\/diarieducacio.cat\/rella\/2022\/12\/19\/que-aporta-el-model-portugues-a-la-reflexio-sobre-la-nostra-situacio-educativa-actual\/#respond"]}]},{"@type":"WebPage","@id":"https:\/\/diarieducacio.cat\/rella\/2022\/12\/19\/que-aporta-el-model-portugues-a-la-reflexio-sobre-la-nostra-situacio-educativa-actual\/","url":"https:\/\/diarieducacio.cat\/rella\/2022\/12\/19\/que-aporta-el-model-portugues-a-la-reflexio-sobre-la-nostra-situacio-educativa-actual\/","name":"Qu\u00e8 aporta el model portugu\u00e8s a la reflexi\u00f3 sobre la nostra situaci\u00f3 educativa actual - El Blog de Rella","isPartOf":{"@id":"https:\/\/diarieducacio.cat\/rella\/#website"},"primaryImageOfPage":{"@id":"https:\/\/diarieducacio.cat\/rella\/2022\/12\/19\/que-aporta-el-model-portugues-a-la-reflexio-sobre-la-nostra-situacio-educativa-actual\/#primaryimage"},"image":{"@id":"https:\/\/diarieducacio.cat\/rella\/2022\/12\/19\/que-aporta-el-model-portugues-a-la-reflexio-sobre-la-nostra-situacio-educativa-actual\/#primaryimage"},"thumbnailUrl":"https:\/\/diarieducacio.cat\/rella\/wp-content\/uploads\/sites\/26\/2022\/12\/GettyImages-1367732494.jpg","datePublished":"2022-12-19T20:46:52+00:00","author":{"@id":"https:\/\/diarieducacio.cat\/rella\/#\/schema\/person\/bf25ad766d8c6fc8751c8dbe8d5fbe6c"},"breadcrumb":{"@id":"https:\/\/diarieducacio.cat\/rella\/2022\/12\/19\/que-aporta-el-model-portugues-a-la-reflexio-sobre-la-nostra-situacio-educativa-actual\/#breadcrumb"},"inLanguage":"ca","potentialAction":[{"@type":"ReadAction","target":["https:\/\/diarieducacio.cat\/rella\/2022\/12\/19\/que-aporta-el-model-portugues-a-la-reflexio-sobre-la-nostra-situacio-educativa-actual\/"]}]},{"@type":"ImageObject","inLanguage":"ca","@id":"https:\/\/diarieducacio.cat\/rella\/2022\/12\/19\/que-aporta-el-model-portugues-a-la-reflexio-sobre-la-nostra-situacio-educativa-actual\/#primaryimage","url":"https:\/\/diarieducacio.cat\/rella\/wp-content\/uploads\/sites\/26\/2022\/12\/GettyImages-1367732494.jpg","contentUrl":"https:\/\/diarieducacio.cat\/rella\/wp-content\/uploads\/sites\/26\/2022\/12\/GettyImages-1367732494.jpg","width":2315,"height":1294,"caption":"GettyImages"},{"@type":"BreadcrumbList","@id":"https:\/\/diarieducacio.cat\/rella\/2022\/12\/19\/que-aporta-el-model-portugues-a-la-reflexio-sobre-la-nostra-situacio-educativa-actual\/#breadcrumb","itemListElement":[{"@type":"ListItem","position":1,"name":"Inici","item":"https:\/\/diarieducacio.cat\/rella\/"},{"@type":"ListItem","position":2,"name":"Qu\u00e8 aporta el model portugu\u00e8s a la reflexi\u00f3 sobre la nostra situaci\u00f3 educativa actual"}]},{"@type":"WebSite","@id":"https:\/\/diarieducacio.cat\/rella\/#website","url":"https:\/\/diarieducacio.cat\/rella\/","name":"El Blog de Rella","description":"Un blog de El Diari de l&#039;Educaci\u00f3","potentialAction":[{"@type":"SearchAction","target":{"@type":"EntryPoint","urlTemplate":"https:\/\/diarieducacio.cat\/rella\/?s={search_term_string}"},"query-input":{"@type":"PropertyValueSpecification","valueRequired":true,"valueName":"search_term_string"}}],"inLanguage":"ca"},{"@type":"Person","@id":"https:\/\/diarieducacio.cat\/rella\/#\/schema\/person\/bf25ad766d8c6fc8751c8dbe8d5fbe6c","name":"Quim L\u00e1zaro","image":{"@type":"ImageObject","inLanguage":"ca","@id":"https:\/\/diarieducacio.cat\/wp-content\/uploads\/2024\/11\/quim-lazaro_avatar-96x96.jpg","url":"https:\/\/diarieducacio.cat\/wp-content\/uploads\/2024\/11\/quim-lazaro_avatar-96x96.jpg","contentUrl":"https:\/\/diarieducacio.cat\/wp-content\/uploads\/2024\/11\/quim-lazaro_avatar-96x96.jpg","caption":"Quim L\u00e1zaro"},"description":"Grup Educaci\u00f3 de RELLA","url":"https:\/\/diarieducacio.cat\/rella\/author\/qlazaro\/"}]}},"_links":{"self":[{"href":"https:\/\/diarieducacio.cat\/rella\/wp-json\/wp\/v2\/posts\/412","targetHints":{"allow":["GET"]}}],"collection":[{"href":"https:\/\/diarieducacio.cat\/rella\/wp-json\/wp\/v2\/posts"}],"about":[{"href":"https:\/\/diarieducacio.cat\/rella\/wp-json\/wp\/v2\/types\/post"}],"author":[{"embeddable":true,"href":"https:\/\/diarieducacio.cat\/rella\/wp-json\/wp\/v2\/users\/368"}],"replies":[{"embeddable":true,"href":"https:\/\/diarieducacio.cat\/rella\/wp-json\/wp\/v2\/comments?post=412"}],"version-history":[{"count":0,"href":"https:\/\/diarieducacio.cat\/rella\/wp-json\/wp\/v2\/posts\/412\/revisions"}],"wp:featuredmedia":[{"embeddable":true,"href":"https:\/\/diarieducacio.cat\/rella\/wp-json\/wp\/v2\/media\/414"}],"wp:attachment":[{"href":"https:\/\/diarieducacio.cat\/rella\/wp-json\/wp\/v2\/media?parent=412"}],"wp:term":[{"taxonomy":"category","embeddable":true,"href":"https:\/\/diarieducacio.cat\/rella\/wp-json\/wp\/v2\/categories?post=412"},{"taxonomy":"post_tag","embeddable":true,"href":"https:\/\/diarieducacio.cat\/rella\/wp-json\/wp\/v2\/tags?post=412"},{"taxonomy":"tipo","embeddable":true,"href":"https:\/\/diarieducacio.cat\/rella\/wp-json\/wp\/v2\/tipo?post=412"}],"curies":[{"name":"wp","href":"https:\/\/api.w.org\/{rel}","templated":true}]}}