{"id":434,"date":"2023-03-15T06:05:53","date_gmt":"2023-03-15T04:05:53","guid":{"rendered":"https:\/\/diarieducacio.cat\/rella\/?p=434"},"modified":"2023-03-15T06:05:53","modified_gmt":"2023-03-15T04:05:53","slug":"malbaratament-alimentari-en-els-menjadors-escolars","status":"publish","type":"post","link":"https:\/\/diarieducacio.cat\/rella\/2023\/03\/15\/malbaratament-alimentari-en-els-menjadors-escolars\/","title":{"rendered":"Malbaratament alimentari en els menjadors escolars"},"content":{"rendered":"<p>Llegint un article al portal <a href=\"https:\/\/www.social.cat\/noticia\/18421\/olot-impulsara-un-programa-de-reaprofitament-dels-excedents-alimentaris-a-escoles-i-casals\" target=\"_blank\" rel=\"noopener\">Social.cat<\/a>,\u00a0<em>&#8220;El diari digital de l&#8217;acci\u00f3 social a Catalunya\u201d,\u00a0<\/em>em vaig assabentar que tret de projectes d\u2019alguns municipis o projectes comarcals, el menjar que sobra als menjadors escolars es llen\u00e7a. Em va costar pair aquesta informaci\u00f3, en ple segle XXI on el tema del malbaratament, la sostenibilitat i la pobresa aliment\u00e0ria s\u00f3n prioritaris en tots els projectes socials i educatius de les administracions, entitats, col\u00b7lectius i tamb\u00e9 els centres educatius.<\/p>\n<p>Sabem que per cada usuari del menjador escolar es llen\u00e7a 120 gr\/dia, \u00e9s a dir: 21 kg a l\u2019any. I si sabem que els usuaris del menjador escolar s\u00f3n uns 500.000, <strong>el malbaratament als menjadors escolars \u00e9s de 10.000 tones d&#8217;aliments a l&#8217;any.<\/strong><\/p>\n<p>En aquest article es parla dels pocs municipis, projectes d\u2019\u00e0mbit comarcal i entitats en els que es treballa per aprofitar aquests aliments que sobren:<\/p>\n<p>\u201c<em>S\u2019ha impulsat aquesta proposta a<strong> Olot<\/strong>, fa refer\u00e8ncia a alguns municipis on ja s\u2019ha implementat aquest sistema de reaprofitament. A <strong>Santa Coloma de Gramenet<\/strong> (Barcelon\u00e8s), per exemple, amb dos mesos escolars es van recollir fins a 211 quilograms de menjar equivalents a 650 racions.<\/em><\/p>\n<p><strong><em>Al Vall\u00e8s Occidental<\/em><\/strong><em>, hi funciona des del 2014 el projecte \u2018<strong>Recooperem\u2019<\/strong>, que alimenta fins a 3.000 fam\u00edlies amb els excedents dels menjadors escolars. A <strong>Sant Esteve Ses Rovires<\/strong> (Baix Llobregat), han pogut repartir en cinc anys m\u00e9s de 17.500 racions a persones vulnerables gr\u00e0cies al projecte \u2018<strong>Mentali\u2019<\/strong>.<\/em><\/p>\n<p><em>Finalment, a <strong>Vilanova i la Geltr\u00fa<\/strong>, reparteixen, des de l\u2019espai municipal Sopem, 100 men\u00fas setmanals provinents dels excedents dels menjadors escolars.\u201d<\/em><\/p>\n<p>Per llei cal garantir que no es trenqui la cadena del fred dels aliments que sobren dels menjadors de col\u00b7lectivitats, \u00e9s per tant necessari envasar i congelar [<em>cal un congelador a cada menjador escolar<\/em>] el producte sobrant en recipients individuals [<em>calen envasos individuals<\/em>], per la seva distribuci\u00f3 posterior [<em>calen camionetes refrigerades<\/em>], per part de les entitats i associacions que treballen en el tema de la pobresa aliment\u00e0ria i ho distribueixen a la gent que ho necessita.<\/p>\n<p>Parlant amb persones que gestionen els menjadors escolars, diuen que la soluci\u00f3 \u00e9s f\u00e0cil d&#8217;assolir, nom\u00e9s cal que l\u2019administracio (Dep d\u2019Educaci\u00f3, Diputacions, Consell Comarcals o Municipis&#8230;) comprin i organitzin:<\/p>\n<ul>\n<li><strong>un congelador per cada menjador escolar<\/strong><\/li>\n<li><strong>uns recipients reciclables per fer les racions cada dia<\/strong><\/li>\n<li><strong>tenir una camioneta refrigerada que pot ser d&#8217;una entitat col\u00b7laboradora (una per municipi, grup de municipis o districte)<\/strong><\/li>\n<li><strong>organitzar el seu funcionament al territori entre centres educatius i entitats col\u00b7laboradores del tercer sector<\/strong><\/li>\n<\/ul>\n<p>En algunes escoles, que ja recuperen els aliments sobrants, un cop el cuiner o la cuinera han posat les sobres en recipients individuals, els alumnes etiqueten el contingut i la data de recollida, es congela i una camioneta passa un cop per setmana pel centre a recollir-ho.<\/p>\n<p>No \u00e9s una despesa important, tenint en compte el benefici de recuperar 10.000 tones d&#8217;aliments a l&#8217;any. <strong>Com \u00e9s que encara no s&#8217;ha fet de manera generalitzada? <\/strong>Tant costa que l\u2019administraci\u00f3 es posi les piles i deixi de fer servir esl\u00f2gans buits de contingut i es posi a la feina?<\/p>\n<blockquote><p>Cridem a tots els col\u00b7lectius implicats a fer una campanya de den\u00fancia de com es malbarata el menjar que sobra als centres educatius<\/p><\/blockquote>\n<p>Cal denunciar la inefici\u00e8ncia de les administracions, tant educatives com de salut i de benestar social, per no fer res per <strong>establir un sistema generalitzat a tots els centres educatius<\/strong> <strong>amb menjador escolar<\/strong> per resoldre de manera urgent i amb poques despeses aquest problema. Quan caldr\u00e0 esperar per fer ho realitat?<\/p>\n<p>Tots els centres educatius reben materials i formaci\u00f3 de manera generalitzada i sense respondre a les necessitats reals dels centres, segur que molt d\u2019ells preferirien que es prioritz\u00e9s aquesta proposta, que no pas rebre impressores 3D o altres materials que potser no necessiten de manera generalitzada. Ha de ser l&#8217;administraci\u00f3 qui pregunti i conegui les necessitats reals dels centres per oferir materials, formaci\u00f3 i suport que sigui \u00fatil pel dia a dia dels centres.<\/p>\n<p><strong>Volem passar del no fer res generalitzat<\/strong> i nom\u00e9s projectes locals i de petit format a <strong>tenir un sistema que abasti a tots els menjadors escolars<\/strong>. <strong>Nom\u00e9s cal voluntat pol\u00edtica<\/strong> i no parlar de la lluita contra el malbaratament alimentari al curr\u00edculum dels nostres alumnes, mentre es llen\u00e7a el menjar que sobra a la seva escola, una contradicci\u00f3 m\u00e9s d&#8217;aquest sistema pervers i allunyat dels problemes reals del dia a dia dels centres.<\/p>\n<p>Si parlessin m\u00e9s amb: els equips directius, els equips docents, els monitors de menjador, les empreses fundacions i cooperatives de menjadors escolars, les AFAS i sobretot amb l\u2019alumnat, segur que farien projectes m\u00e9s necessaris i propers a la realitat dels centres i donar\u00edem valor el que es fa a l&#8217;aula que ha de ser model de vida per a tothom.<\/p>\n<p>Cridem a tots els col\u00b7lectius implicats a fer una campanya de den\u00fancia de com es malbarata el menjar que sobra als centres educatius i exigir una r\u00e0pida i \u00e0gil soluci\u00f3.<\/p>\n","protected":false},"excerpt":{"rendered":"<p>Llegint un article al portal Social.cat,\u00a0&#8220;El diari digital de l&#8217;acci\u00f3 social a Catalunya\u201d,\u00a0em vaig assabentar que tret de projectes d\u2019alguns municipis o projectes comarcals, el menjar que sobra als menjadors escolars es llen\u00e7a. Em va costar pair aquesta informaci\u00f3, en ple segle XXI on el tema del malbaratament, la sostenibilitat i la pobresa aliment\u00e0ria s\u00f3n<\/p>\n","protected":false},"author":368,"featured_media":436,"comment_status":"open","ping_status":"closed","sticky":false,"template":"","format":"standard","meta":{"footnotes":""},"categories":[106],"tags":[109,110],"tipo":[],"class_list":{"0":"post-434","1":"post","2":"type-post","3":"status-publish","4":"format-standard","5":"has-post-thumbnail","7":"category-escola","8":"tag-escoles","9":"tag-menjador-escolar"},"yoast_head":"<!-- This site is optimized with the Yoast SEO plugin v27.4 - https:\/\/yoast.com\/product\/yoast-seo-wordpress\/ -->\n<title>Malbaratament alimentari en els menjadors escolars - El Blog de Rella<\/title>\n<meta name=\"robots\" content=\"index, follow, max-snippet:-1, max-image-preview:large, max-video-preview:-1\" \/>\n<link rel=\"canonical\" href=\"https:\/\/diarieducacio.cat\/rella\/2023\/03\/15\/malbaratament-alimentari-en-els-menjadors-escolars\/\" \/>\n<meta property=\"og:locale\" content=\"ca_ES\" \/>\n<meta property=\"og:type\" content=\"article\" \/>\n<meta property=\"og:title\" content=\"Malbaratament alimentari en els menjadors escolars - El Blog de Rella\" \/>\n<meta property=\"og:description\" content=\"Llegint un article al portal Social.cat,\u00a0&#8220;El diari digital de l&#8217;acci\u00f3 social a Catalunya\u201d,\u00a0em vaig assabentar que tret de projectes d\u2019alguns municipis o projectes comarcals, el menjar que sobra als menjadors escolars es llen\u00e7a. Em va costar pair aquesta informaci\u00f3, en ple segle XXI on el tema del malbaratament, la sostenibilitat i la pobresa aliment\u00e0ria s\u00f3n\" \/>\n<meta property=\"og:url\" content=\"https:\/\/diarieducacio.cat\/rella\/2023\/03\/15\/malbaratament-alimentari-en-els-menjadors-escolars\/\" \/>\n<meta property=\"og:site_name\" content=\"El Blog de Rella\" \/>\n<meta property=\"article:publisher\" content=\"https:\/\/www.facebook.com\/diarieducacio\/\" \/>\n<meta property=\"article:published_time\" content=\"2023-03-15T04:05:53+00:00\" \/>\n<meta property=\"og:image\" content=\"https:\/\/diarieducacio.cat\/rella\/wp-content\/uploads\/sites\/26\/2023\/03\/Un-menjador-escolar-Foto-Pol-Rius.jpg\" \/>\n\t<meta property=\"og:image:width\" content=\"1024\" \/>\n\t<meta property=\"og:image:height\" content=\"683\" \/>\n\t<meta property=\"og:image:type\" content=\"image\/jpeg\" \/>\n<meta name=\"author\" content=\"Quim L\u00e1zaro\" \/>\n<meta name=\"twitter:card\" content=\"summary_large_image\" \/>\n<meta name=\"twitter:creator\" content=\"@DiariEducacio\" \/>\n<meta name=\"twitter:site\" content=\"@DiariEducacio\" \/>\n<meta name=\"twitter:label1\" content=\"Escrit per\" \/>\n\t<meta name=\"twitter:data1\" content=\"Quim L\u00e1zaro\" \/>\n\t<meta name=\"twitter:label2\" content=\"Temps estimat de lectura\" \/>\n\t<meta name=\"twitter:data2\" content=\"4 minuts\" \/>\n<script type=\"application\/ld+json\" class=\"yoast-schema-graph\">{\"@context\":\"https:\\\/\\\/schema.org\",\"@graph\":[{\"@type\":\"Article\",\"@id\":\"https:\\\/\\\/diarieducacio.cat\\\/rella\\\/2023\\\/03\\\/15\\\/malbaratament-alimentari-en-els-menjadors-escolars\\\/#article\",\"isPartOf\":{\"@id\":\"https:\\\/\\\/diarieducacio.cat\\\/rella\\\/2023\\\/03\\\/15\\\/malbaratament-alimentari-en-els-menjadors-escolars\\\/\"},\"author\":{\"name\":\"Quim L\u00e1zaro\",\"@id\":\"https:\\\/\\\/diarieducacio.cat\\\/rella\\\/#\\\/schema\\\/person\\\/bf25ad766d8c6fc8751c8dbe8d5fbe6c\"},\"headline\":\"Malbaratament alimentari en els menjadors escolars\",\"datePublished\":\"2023-03-15T04:05:53+00:00\",\"mainEntityOfPage\":{\"@id\":\"https:\\\/\\\/diarieducacio.cat\\\/rella\\\/2023\\\/03\\\/15\\\/malbaratament-alimentari-en-els-menjadors-escolars\\\/\"},\"wordCount\":870,\"commentCount\":0,\"image\":{\"@id\":\"https:\\\/\\\/diarieducacio.cat\\\/rella\\\/2023\\\/03\\\/15\\\/malbaratament-alimentari-en-els-menjadors-escolars\\\/#primaryimage\"},\"thumbnailUrl\":\"https:\\\/\\\/diarieducacio.cat\\\/rella\\\/wp-content\\\/uploads\\\/sites\\\/26\\\/2023\\\/03\\\/Un-menjador-escolar-Foto-Pol-Rius.jpg\",\"keywords\":[\"escoles\",\"menjador escolar\"],\"articleSection\":[\"Escola\"],\"inLanguage\":\"ca\",\"potentialAction\":[{\"@type\":\"CommentAction\",\"name\":\"Comment\",\"target\":[\"https:\\\/\\\/diarieducacio.cat\\\/rella\\\/2023\\\/03\\\/15\\\/malbaratament-alimentari-en-els-menjadors-escolars\\\/#respond\"]}]},{\"@type\":\"WebPage\",\"@id\":\"https:\\\/\\\/diarieducacio.cat\\\/rella\\\/2023\\\/03\\\/15\\\/malbaratament-alimentari-en-els-menjadors-escolars\\\/\",\"url\":\"https:\\\/\\\/diarieducacio.cat\\\/rella\\\/2023\\\/03\\\/15\\\/malbaratament-alimentari-en-els-menjadors-escolars\\\/\",\"name\":\"Malbaratament alimentari en els menjadors escolars - El Blog de Rella\",\"isPartOf\":{\"@id\":\"https:\\\/\\\/diarieducacio.cat\\\/rella\\\/#website\"},\"primaryImageOfPage\":{\"@id\":\"https:\\\/\\\/diarieducacio.cat\\\/rella\\\/2023\\\/03\\\/15\\\/malbaratament-alimentari-en-els-menjadors-escolars\\\/#primaryimage\"},\"image\":{\"@id\":\"https:\\\/\\\/diarieducacio.cat\\\/rella\\\/2023\\\/03\\\/15\\\/malbaratament-alimentari-en-els-menjadors-escolars\\\/#primaryimage\"},\"thumbnailUrl\":\"https:\\\/\\\/diarieducacio.cat\\\/rella\\\/wp-content\\\/uploads\\\/sites\\\/26\\\/2023\\\/03\\\/Un-menjador-escolar-Foto-Pol-Rius.jpg\",\"datePublished\":\"2023-03-15T04:05:53+00:00\",\"author\":{\"@id\":\"https:\\\/\\\/diarieducacio.cat\\\/rella\\\/#\\\/schema\\\/person\\\/bf25ad766d8c6fc8751c8dbe8d5fbe6c\"},\"breadcrumb\":{\"@id\":\"https:\\\/\\\/diarieducacio.cat\\\/rella\\\/2023\\\/03\\\/15\\\/malbaratament-alimentari-en-els-menjadors-escolars\\\/#breadcrumb\"},\"inLanguage\":\"ca\",\"potentialAction\":[{\"@type\":\"ReadAction\",\"target\":[\"https:\\\/\\\/diarieducacio.cat\\\/rella\\\/2023\\\/03\\\/15\\\/malbaratament-alimentari-en-els-menjadors-escolars\\\/\"]}]},{\"@type\":\"ImageObject\",\"inLanguage\":\"ca\",\"@id\":\"https:\\\/\\\/diarieducacio.cat\\\/rella\\\/2023\\\/03\\\/15\\\/malbaratament-alimentari-en-els-menjadors-escolars\\\/#primaryimage\",\"url\":\"https:\\\/\\\/diarieducacio.cat\\\/rella\\\/wp-content\\\/uploads\\\/sites\\\/26\\\/2023\\\/03\\\/Un-menjador-escolar-Foto-Pol-Rius.jpg\",\"contentUrl\":\"https:\\\/\\\/diarieducacio.cat\\\/rella\\\/wp-content\\\/uploads\\\/sites\\\/26\\\/2023\\\/03\\\/Un-menjador-escolar-Foto-Pol-Rius.jpg\",\"width\":1024,\"height\":683,\"caption\":\"Un menjador escolar | Pol Rius\"},{\"@type\":\"BreadcrumbList\",\"@id\":\"https:\\\/\\\/diarieducacio.cat\\\/rella\\\/2023\\\/03\\\/15\\\/malbaratament-alimentari-en-els-menjadors-escolars\\\/#breadcrumb\",\"itemListElement\":[{\"@type\":\"ListItem\",\"position\":1,\"name\":\"Inici\",\"item\":\"https:\\\/\\\/diarieducacio.cat\\\/rella\\\/\"},{\"@type\":\"ListItem\",\"position\":2,\"name\":\"Malbaratament alimentari en els menjadors escolars\"}]},{\"@type\":\"WebSite\",\"@id\":\"https:\\\/\\\/diarieducacio.cat\\\/rella\\\/#website\",\"url\":\"https:\\\/\\\/diarieducacio.cat\\\/rella\\\/\",\"name\":\"El Blog de Rella\",\"description\":\"Un blog de El Diari de l&#039;Educaci\u00f3\",\"potentialAction\":[{\"@type\":\"SearchAction\",\"target\":{\"@type\":\"EntryPoint\",\"urlTemplate\":\"https:\\\/\\\/diarieducacio.cat\\\/rella\\\/?s={search_term_string}\"},\"query-input\":{\"@type\":\"PropertyValueSpecification\",\"valueRequired\":true,\"valueName\":\"search_term_string\"}}],\"inLanguage\":\"ca\"},{\"@type\":\"Person\",\"@id\":\"https:\\\/\\\/diarieducacio.cat\\\/rella\\\/#\\\/schema\\\/person\\\/bf25ad766d8c6fc8751c8dbe8d5fbe6c\",\"name\":\"Quim L\u00e1zaro\",\"image\":{\"@type\":\"ImageObject\",\"inLanguage\":\"ca\",\"@id\":\"https:\\\/\\\/diarieducacio.cat\\\/wp-content\\\/uploads\\\/2024\\\/11\\\/quim-lazaro_avatar-96x96.jpg\",\"url\":\"https:\\\/\\\/diarieducacio.cat\\\/wp-content\\\/uploads\\\/2024\\\/11\\\/quim-lazaro_avatar-96x96.jpg\",\"contentUrl\":\"https:\\\/\\\/diarieducacio.cat\\\/wp-content\\\/uploads\\\/2024\\\/11\\\/quim-lazaro_avatar-96x96.jpg\",\"caption\":\"Quim L\u00e1zaro\"},\"description\":\"Grup Educaci\u00f3 de RELLA\",\"url\":\"https:\\\/\\\/diarieducacio.cat\\\/rella\\\/author\\\/qlazaro\\\/\"}]}<\/script>\n<!-- \/ Yoast SEO plugin. -->","yoast_head_json":{"title":"Malbaratament alimentari en els menjadors escolars - El Blog de Rella","robots":{"index":"index","follow":"follow","max-snippet":"max-snippet:-1","max-image-preview":"max-image-preview:large","max-video-preview":"max-video-preview:-1"},"canonical":"https:\/\/diarieducacio.cat\/rella\/2023\/03\/15\/malbaratament-alimentari-en-els-menjadors-escolars\/","og_locale":"ca_ES","og_type":"article","og_title":"Malbaratament alimentari en els menjadors escolars - El Blog de Rella","og_description":"Llegint un article al portal Social.cat,\u00a0&#8220;El diari digital de l&#8217;acci\u00f3 social a Catalunya\u201d,\u00a0em vaig assabentar que tret de projectes d\u2019alguns municipis o projectes comarcals, el menjar que sobra als menjadors escolars es llen\u00e7a. Em va costar pair aquesta informaci\u00f3, en ple segle XXI on el tema del malbaratament, la sostenibilitat i la pobresa aliment\u00e0ria s\u00f3n","og_url":"https:\/\/diarieducacio.cat\/rella\/2023\/03\/15\/malbaratament-alimentari-en-els-menjadors-escolars\/","og_site_name":"El Blog de Rella","article_publisher":"https:\/\/www.facebook.com\/diarieducacio\/","article_published_time":"2023-03-15T04:05:53+00:00","og_image":[{"width":1024,"height":683,"url":"https:\/\/diarieducacio.cat\/rella\/wp-content\/uploads\/sites\/26\/2023\/03\/Un-menjador-escolar-Foto-Pol-Rius.jpg","type":"image\/jpeg"}],"author":"Quim L\u00e1zaro","twitter_card":"summary_large_image","twitter_creator":"@DiariEducacio","twitter_site":"@DiariEducacio","twitter_misc":{"Escrit per":"Quim L\u00e1zaro","Temps estimat de lectura":"4 minuts"},"schema":{"@context":"https:\/\/schema.org","@graph":[{"@type":"Article","@id":"https:\/\/diarieducacio.cat\/rella\/2023\/03\/15\/malbaratament-alimentari-en-els-menjadors-escolars\/#article","isPartOf":{"@id":"https:\/\/diarieducacio.cat\/rella\/2023\/03\/15\/malbaratament-alimentari-en-els-menjadors-escolars\/"},"author":{"name":"Quim L\u00e1zaro","@id":"https:\/\/diarieducacio.cat\/rella\/#\/schema\/person\/bf25ad766d8c6fc8751c8dbe8d5fbe6c"},"headline":"Malbaratament alimentari en els menjadors escolars","datePublished":"2023-03-15T04:05:53+00:00","mainEntityOfPage":{"@id":"https:\/\/diarieducacio.cat\/rella\/2023\/03\/15\/malbaratament-alimentari-en-els-menjadors-escolars\/"},"wordCount":870,"commentCount":0,"image":{"@id":"https:\/\/diarieducacio.cat\/rella\/2023\/03\/15\/malbaratament-alimentari-en-els-menjadors-escolars\/#primaryimage"},"thumbnailUrl":"https:\/\/diarieducacio.cat\/rella\/wp-content\/uploads\/sites\/26\/2023\/03\/Un-menjador-escolar-Foto-Pol-Rius.jpg","keywords":["escoles","menjador escolar"],"articleSection":["Escola"],"inLanguage":"ca","potentialAction":[{"@type":"CommentAction","name":"Comment","target":["https:\/\/diarieducacio.cat\/rella\/2023\/03\/15\/malbaratament-alimentari-en-els-menjadors-escolars\/#respond"]}]},{"@type":"WebPage","@id":"https:\/\/diarieducacio.cat\/rella\/2023\/03\/15\/malbaratament-alimentari-en-els-menjadors-escolars\/","url":"https:\/\/diarieducacio.cat\/rella\/2023\/03\/15\/malbaratament-alimentari-en-els-menjadors-escolars\/","name":"Malbaratament alimentari en els menjadors escolars - El Blog de Rella","isPartOf":{"@id":"https:\/\/diarieducacio.cat\/rella\/#website"},"primaryImageOfPage":{"@id":"https:\/\/diarieducacio.cat\/rella\/2023\/03\/15\/malbaratament-alimentari-en-els-menjadors-escolars\/#primaryimage"},"image":{"@id":"https:\/\/diarieducacio.cat\/rella\/2023\/03\/15\/malbaratament-alimentari-en-els-menjadors-escolars\/#primaryimage"},"thumbnailUrl":"https:\/\/diarieducacio.cat\/rella\/wp-content\/uploads\/sites\/26\/2023\/03\/Un-menjador-escolar-Foto-Pol-Rius.jpg","datePublished":"2023-03-15T04:05:53+00:00","author":{"@id":"https:\/\/diarieducacio.cat\/rella\/#\/schema\/person\/bf25ad766d8c6fc8751c8dbe8d5fbe6c"},"breadcrumb":{"@id":"https:\/\/diarieducacio.cat\/rella\/2023\/03\/15\/malbaratament-alimentari-en-els-menjadors-escolars\/#breadcrumb"},"inLanguage":"ca","potentialAction":[{"@type":"ReadAction","target":["https:\/\/diarieducacio.cat\/rella\/2023\/03\/15\/malbaratament-alimentari-en-els-menjadors-escolars\/"]}]},{"@type":"ImageObject","inLanguage":"ca","@id":"https:\/\/diarieducacio.cat\/rella\/2023\/03\/15\/malbaratament-alimentari-en-els-menjadors-escolars\/#primaryimage","url":"https:\/\/diarieducacio.cat\/rella\/wp-content\/uploads\/sites\/26\/2023\/03\/Un-menjador-escolar-Foto-Pol-Rius.jpg","contentUrl":"https:\/\/diarieducacio.cat\/rella\/wp-content\/uploads\/sites\/26\/2023\/03\/Un-menjador-escolar-Foto-Pol-Rius.jpg","width":1024,"height":683,"caption":"Un menjador escolar | Pol Rius"},{"@type":"BreadcrumbList","@id":"https:\/\/diarieducacio.cat\/rella\/2023\/03\/15\/malbaratament-alimentari-en-els-menjadors-escolars\/#breadcrumb","itemListElement":[{"@type":"ListItem","position":1,"name":"Inici","item":"https:\/\/diarieducacio.cat\/rella\/"},{"@type":"ListItem","position":2,"name":"Malbaratament alimentari en els menjadors escolars"}]},{"@type":"WebSite","@id":"https:\/\/diarieducacio.cat\/rella\/#website","url":"https:\/\/diarieducacio.cat\/rella\/","name":"El Blog de Rella","description":"Un blog de El Diari de l&#039;Educaci\u00f3","potentialAction":[{"@type":"SearchAction","target":{"@type":"EntryPoint","urlTemplate":"https:\/\/diarieducacio.cat\/rella\/?s={search_term_string}"},"query-input":{"@type":"PropertyValueSpecification","valueRequired":true,"valueName":"search_term_string"}}],"inLanguage":"ca"},{"@type":"Person","@id":"https:\/\/diarieducacio.cat\/rella\/#\/schema\/person\/bf25ad766d8c6fc8751c8dbe8d5fbe6c","name":"Quim L\u00e1zaro","image":{"@type":"ImageObject","inLanguage":"ca","@id":"https:\/\/diarieducacio.cat\/wp-content\/uploads\/2024\/11\/quim-lazaro_avatar-96x96.jpg","url":"https:\/\/diarieducacio.cat\/wp-content\/uploads\/2024\/11\/quim-lazaro_avatar-96x96.jpg","contentUrl":"https:\/\/diarieducacio.cat\/wp-content\/uploads\/2024\/11\/quim-lazaro_avatar-96x96.jpg","caption":"Quim L\u00e1zaro"},"description":"Grup Educaci\u00f3 de RELLA","url":"https:\/\/diarieducacio.cat\/rella\/author\/qlazaro\/"}]}},"_links":{"self":[{"href":"https:\/\/diarieducacio.cat\/rella\/wp-json\/wp\/v2\/posts\/434","targetHints":{"allow":["GET"]}}],"collection":[{"href":"https:\/\/diarieducacio.cat\/rella\/wp-json\/wp\/v2\/posts"}],"about":[{"href":"https:\/\/diarieducacio.cat\/rella\/wp-json\/wp\/v2\/types\/post"}],"author":[{"embeddable":true,"href":"https:\/\/diarieducacio.cat\/rella\/wp-json\/wp\/v2\/users\/368"}],"replies":[{"embeddable":true,"href":"https:\/\/diarieducacio.cat\/rella\/wp-json\/wp\/v2\/comments?post=434"}],"version-history":[{"count":0,"href":"https:\/\/diarieducacio.cat\/rella\/wp-json\/wp\/v2\/posts\/434\/revisions"}],"wp:featuredmedia":[{"embeddable":true,"href":"https:\/\/diarieducacio.cat\/rella\/wp-json\/wp\/v2\/media\/436"}],"wp:attachment":[{"href":"https:\/\/diarieducacio.cat\/rella\/wp-json\/wp\/v2\/media?parent=434"}],"wp:term":[{"taxonomy":"category","embeddable":true,"href":"https:\/\/diarieducacio.cat\/rella\/wp-json\/wp\/v2\/categories?post=434"},{"taxonomy":"post_tag","embeddable":true,"href":"https:\/\/diarieducacio.cat\/rella\/wp-json\/wp\/v2\/tags?post=434"},{"taxonomy":"tipo","embeddable":true,"href":"https:\/\/diarieducacio.cat\/rella\/wp-json\/wp\/v2\/tipo?post=434"}],"curies":[{"name":"wp","href":"https:\/\/api.w.org\/{rel}","templated":true}]}}