{"id":500,"date":"2024-07-09T12:26:55","date_gmt":"2024-07-09T10:26:55","guid":{"rendered":"https:\/\/diarieducacio.cat\/rella\/?p=500"},"modified":"2024-07-09T12:26:55","modified_gmt":"2024-07-09T10:26:55","slug":"hem-estat-testimonis-missio-antoni-benaiges","status":"publish","type":"post","link":"https:\/\/diarieducacio.cat\/rella\/2024\/07\/09\/hem-estat-testimonis-missio-antoni-benaiges\/","title":{"rendered":"N&#8217;hem estat testimonis. Missi\u00f3 Antoni Benaiges"},"content":{"rendered":"<p>D\u2019aquesta promesa en qued\u00e0 const\u00e0ncia en tres dels escrits dels infants en el quadernet sobre el mar que forma part de la recopilaci\u00f3 <em>Escritos de vida,<\/em> de l\u2019Escola de Ba\u00f1uelos de Bureba,1935-36<\/p>\n<p><img fetchpriority=\"high\" decoding=\"async\" class=\"size-medium wp-image-507 alignright\" src=\"https:\/\/diarieducacio.cat\/rella\/wp-content\/uploads\/sites\/66\/2024\/07\/Imagen2-230x300.jpg\" alt=\"\" width=\"230\" height=\"300\" \/>El Mestre Benaiges \u2013com molts altres mestres de la Segona Rep\u00fablica\u2013 defensava el dret dels infants a gaudir de la inf\u00e0ncia, la capacitat i el dret a participar del propi aprenentatge, de fer-ho a partir de la vida real. Aquest convenciment i l\u2019experi\u00e8ncia anterior a l\u2019escola de Vilanova i la Geltr\u00fa on havia treballat el port\u00e0 a seguir la pedagogia Freinet.<\/p>\n<p>El quadern \u201cEl mar, visi\u00f3n de unos ni\u00f1os que no lo han visto nunca\u201d \u00e9s un dels quatre quaderns tem\u00e0tics que, juntament amb les revistes trimestrals \u201cGestos\u201d i \u201cRecreo\u201d forma part del conjunt que els infants de l\u2019escola de Ba\u00f1uelos de Bureba van escriure, il\u00b7lustrar, editar, publicar i intercanviar amb altres centres que practicaven la pedagogia Freinet.<\/p>\n<p>Com d\u00e8iem a l\u2019inici d\u2019aquest escrit, aquest darrer cap de setmana, primers de juliol del 2024, s\u2019ha acomplert \u2013de forma simb\u00f3lica i vivenciada\u2013 aquest somni dels infants de Ba\u00f1uelos de Bureba i de tants escolars d\u2019altres llocs de terra endins a qui els seus mestres de la Segona Rep\u00fablica espanyola els havien prom\u00e8s anar a con\u00e8ixer el mar.<\/p>\n<p>El somni s\u2019ha acomplert en la persona de nenes i nens del sector 6 de Ca\u00f1ada Real de Madrid i del barri de la Cartuja de Granada, barris amb un risc alt d\u2019exclusi\u00f3 social. El grup ha estat format per infants o que no havien vist mai el mar o, si l\u2019havien vist, no havien tingut ocasi\u00f3 de gaudir-ne.<\/p>\n<p>Nosaltres, un grup de mestres i professorat jubilats pertanyents a l\u2019Associaci\u00f3 Rella, hem estat testimoni solidari, per\u00f2 volgudament discret i prudent, de la trobada entre aquest grup d\u2019infants i els familiars del mestre Antoni Benaiges. La trobada es va fer dissabte, dia 6 de juliol, davant de la casa familiar a Mont-roig del Camp.<\/p>\n<p>Aquell mateix dia, la mainada havia gaudit del seu primer mat\u00ed de platja.<\/p>\n<p>A mitja tarda, mentre plovisquejava, la fam\u00edlia Benaiges \u2013representats en primer terme per Elisa Benaiges Freixas i per Jaume Roig\u00e9 Benaiges, cosins entre ells i nebots del mestre Benaiges\u2013 esperava il\u00b7lusionada l\u2019arribada de l\u2019expedici\u00f3. Nosaltres, la colla de Rella, tamb\u00e9.<\/p>\n<p>Finalment, arriben.<\/p>\n<p>Els infants, plens de vitalitat. Ben segur que amb cansament acumulat despr\u00e9s d\u2019una setmana d\u2019activitats variades, denses, algunes impactants fins i tot un xic incomprensibles per a persones de tres o quatre generacions posteriors a quan van succeir els fets.<\/p>\n<p>Com pot pair un infant o adolescent actual que un mestre sigui assassinat per les seves idees? Pot comprendre que les seves restes \u2013igual com les de tantes altres persones assassinades per les seves idees o per la suposici\u00f3 feta pels seus botxins sobre les seves idees\u2013 fossin llen\u00e7ades a ves a saber on i encara no hagin estat trobades?<\/p>\n<p>El dimecres, dia 3 de juliol, l\u2019expedici\u00f3 va ser a Bu\u00f1uelos de Bureba. A m\u00e9s a m\u00e9s d\u2019altres activitats, van veure i comentar la pel\u00b7l\u00edcula <em>El maestro que prometi\u00f3 el mar.<\/em> Un dels nens ens deia \u201cMe gust\u00f3 mucho como el maestro quer\u00eda a los ni\u00f1os, como les trataba, como iba de paseo con ellos por el monte \u00bfpor qu\u00e9 lo tuvieron que matar?\u201d<\/p>\n<p>Nenes i nens, noies i nois d\u2019avui \u2013encara que no hagin vist el mar \u201ccara a cara\u201d, no l\u2019hagin viscut \u201ccos a cos\u201d, l\u2019han vist en fotografies i v\u00eddeos\u2013 \u00bfes poden posar en la pell dels nens i nenes de l\u2019any 1936 i entendre les seves suposicions de com deu ser el mar, les seves expectatives, les seves il\u00b7lusions, els seus temors sobre el viatge anunciat? \u00bfPoden copsar que ara, l\u2019any 2024, ells estan fent possible que es compleixi el somni truncat d\u2019aquells nens i nenes que podrien ser els seus rebesavis? S\u00ed! Si m\u00e9s no, els m\u00e9s grans ens demostren que ho poden copsar. Una de les noies de dotze o tretze anys ens deia: \u201cHa sido un placer cumplir el sue\u00f1o de aquellos ni\u00f1os y de su maestro.\u201d<\/p>\n<p>Un bany\u2026! S\u00ed! Un, dos, tres, quatre\u2026 Un seguit de banys hauran fet a les platges de Mont-roig del Camp els infants de l\u2019expedici\u00f3 <em>Misi\u00f3n Antonio Benaiges 2024<\/em> abans de retornar terra endins.<\/p>\n<figure id=\"attachment_509\" aria-describedby=\"caption-attachment-509\" style=\"width: 424px\" class=\"wp-caption alignright\"><img decoding=\"async\" class=\"wp-image-509 \" src=\"https:\/\/diarieducacio.cat\/rella\/wp-content\/uploads\/sites\/66\/2024\/07\/Imagen4.jpg\" alt=\"\" width=\"424\" height=\"515\" srcset=\"https:\/\/diarieducacio.cat\/rella\/wp-content\/uploads\/sites\/26\/2024\/07\/Imagen4.jpg 840w, https:\/\/diarieducacio.cat\/rella\/wp-content\/uploads\/sites\/26\/2024\/07\/Imagen4-247x300.jpg 247w, https:\/\/diarieducacio.cat\/rella\/wp-content\/uploads\/sites\/26\/2024\/07\/Imagen4-768x933.jpg 768w, https:\/\/diarieducacio.cat\/rella\/wp-content\/uploads\/sites\/26\/2024\/07\/Imagen4-10x12.jpg 10w, https:\/\/diarieducacio.cat\/rella\/wp-content\/uploads\/sites\/26\/2024\/07\/Imagen4-150x182.jpg 150w, https:\/\/diarieducacio.cat\/rella\/wp-content\/uploads\/sites\/26\/2024\/07\/Imagen4-450x546.jpg 450w\" sizes=\"(max-width: 424px) 100vw, 424px\" \/><figcaption id=\"caption-attachment-509\" class=\"wp-caption-text\">| Cedida<\/figcaption><\/figure>\n<p>Constatant la joia que els ha aportat l\u2019experi\u00e8ncia, una de les mestres jubilades de Rella es preguntava: \u201cEl mestre Benaiges els deu somriure i deu celebrar la trobada d\u2019aquests nens i nenes amb el seu mar?\u201d Ella mateixa es responia: \u201cDiria que s\u00ed!\u201d<\/p>\n<p>Tamb\u00e9 ens podem preguntar: Aquells nens i nenes del 1936, que van haver d\u2019amagar en silenci tota la resta de la seva vida, les seves viv\u00e8ncies d\u2019aquells dos cursos magn\u00edfics compartits amb el mestre Benaiges, han pogut sentir aquest cap de setmana el pessigolleig d\u2019haver acomplert un dels seus somnis? Ben segur que s\u00ed!<\/p>\n<p>Donem fe que per als familiars del mestre Benaiges tamb\u00e9 ha estat una trobada joiosa. Veure com la proposta del seu oncle, malgrat tot, d\u2019alguna manera es fa realitat, suposem que pot ser viscut com un pal\u00b7liatiu a la inquietud que els va provocar pensar que si el 1936 ell hagu\u00e9s tornat a Mont-roig de vacances en comptes de quedar-se a Bureba potser no l\u2019haurien assassinat.<\/p>\n<p>L\u2019Elisa i en Jaume, que van veure per darrera vegada el seu oncle quan ells tenien entre 8 a 10 anys, que van haver de viure una bona part de la seva vida adulta sense not\u00edcies del que havia passat ni d\u2019on eren les restes del tiet, vivint en silenci la seva enyoran\u00e7a i la seva pena, aquest darrer dissabte van poder constatar una vegada m\u00e9s que el seu familiar t\u00e9 el privilegi de pert\u00e0nyer a la mem\u00f2ria col\u00b7lectiva. S\u00ed, privilegi! Perqu\u00e8 aix\u00f2 el salvaguarda de l\u2019oblit.<\/p>\n<p>Quan els infants preguntaven encuriosits si ells havien conegut en persona el mestre Benaiges, l\u2019Elisa i en Jaume responien cofois que jugava amb ells, els feia bromes, els explicava hist\u00f2ries\u2026 \u201cM\u2019agradava que em mont\u00e9s a collib\u00e8\u201d, record\u00e0 l\u2019Elisa.<\/p>\n<p>Despr\u00e9s de tants anys de silenci, el primer bri d\u2019esperan\u00e7a per a la fam\u00edlia fou el 2010 quan s\u2019niciaren les tasques d\u2019exhumaci\u00f3 de cad\u00e0vers a la Fosa de La Pedraja. En aquella ocasi\u00f3, el fotoperiodista Sergi Bernal va ca\u00e7ar al vol el comentari d\u2019una persona d\u2019aquelles contrades sobre que potser all\u00e0 s\u2019hi trobarien les restes del mestre de Ba\u00f1uelos de Bureba brutalment assassinat el juliol del 1936. En Sergi Bernal es va interessar per la hist\u00f2ria i comen\u00e7\u00e0 a estirar-ne el fil tot treballant de valent per esbrinar qui era i qu\u00e8 va passar amb aquell mestre.<\/p>\n<p>Des de llavors van comen\u00e7ar una s\u00e8rie d\u2019esdeveniments gratificants per a la fam\u00edlia del mestre. Si b\u00e9 encara no s\u2019han pogut recuperar les restes de l\u2019oncle, s\u00ed s\u2019ha pogut recuperar la seva mem\u00f2ria i dignitat. Aquesta recuperaci\u00f3 ha estat no solament per la fam\u00edlia, tamb\u00e9 per a sectors de la societat cada cop m\u00e9s amplis.<\/p>\n<p>Entre el 2010 i el 2012, Josep Miquel Mart\u00ed Rom public\u00e0 a <em>Ress\u00f2 mont-rogenc<\/em> una s\u00e8rie d\u2019articles sobre el tamb\u00e9 mont-rogenc Antoni Benaiges. Aix\u00ed mateix, deman\u00e0 a la fam\u00edlia que li deixessin veure i analitzar els quadernets publicats pels infants de Bu\u00f1uelos de Bureba el 1935-36. M\u00e9s endavant, el 2020, aquest exemplar que la fam\u00edlia havia guardat amb tant d\u2019afecte i cura ser\u00e0 el que permetr\u00e0 fer l\u2019edici\u00f3 facs\u00edmil de gaireb\u00e9 tots els quaderns avui recopilats en el conjunt <em>Escritos de vida,<\/em> coordinats i maquetats per Jos\u00e9 Antonio Abella i publicats per la \u201cAsociaci\u00f3n Escuela Benaiges\u201d i edicions Valnera.<\/p>\n<p><img decoding=\"async\" class=\"size-medium wp-image-510 alignleft\" src=\"https:\/\/diarieducacio.cat\/rella\/wp-content\/uploads\/sites\/66\/2024\/07\/Imagen5-224x300.jpg\" alt=\"\" width=\"224\" height=\"300\" srcset=\"https:\/\/diarieducacio.cat\/rella\/wp-content\/uploads\/sites\/26\/2024\/07\/Imagen5-224x300.jpg 224w, https:\/\/diarieducacio.cat\/rella\/wp-content\/uploads\/sites\/26\/2024\/07\/Imagen5-9x12.jpg 9w, https:\/\/diarieducacio.cat\/rella\/wp-content\/uploads\/sites\/26\/2024\/07\/Imagen5-150x201.jpg 150w, https:\/\/diarieducacio.cat\/rella\/wp-content\/uploads\/sites\/26\/2024\/07\/Imagen5-450x603.jpg 450w, https:\/\/diarieducacio.cat\/rella\/wp-content\/uploads\/sites\/26\/2024\/07\/Imagen5.jpg 606w\" sizes=\"(max-width: 224px) 100vw, 224px\" \/>Per qu\u00e8 diem \u201cde gaireb\u00e9 tots els quaderns avui recopilats\u201d? Perqu\u00e8 en la col\u00b7lecci\u00f3 preservada per la fam\u00edlia hi mancava el primer n\u00famero de \u201cGestos\u201d, de gener de 1935. Afortunadament, dos dels infants de l\u2019escola Benaiges \u2013en Jes\u00fas Carranza i en Jos\u00e9 Luis Viadas\u2013 van salvar de la foguera \u201cassassina\u201d els manuscrits que els seus companys havien preparat per a aquest primer n\u00famero de les seves revistes.<\/p>\n<p>El 2013, es publica el llibre <em>Desenterrando el silencio<\/em>, on Sergi Bernal, Francesc Escribano, Francisco Ferr\u00e1ndiz i Queralt Sol\u00e9 hi presenten una biografia del mestre, recopilen dades documentals i gr\u00e0fiques, transcriuen testimonis recollits a peu de fosa i presenten alguns dels escrits dels infants.<\/p>\n<p>El 5 de maig de 2013 es fa la inauguraci\u00f3 de la placa en record del mestre i el seu pensament pedag\u00f2gic a l\u2019Escola de Ba\u00f1uelos de Bureba. L\u2019Elisa i en Jaume van tenir el plaer d\u2019assistir-hi.<\/p>\n<p><img loading=\"lazy\" decoding=\"async\" class=\"size-full wp-image-512 alignright\" src=\"https:\/\/diarieducacio.cat\/rella\/wp-content\/uploads\/sites\/66\/2024\/07\/Imagen6.jpg\" alt=\"\" width=\"189\" height=\"188\" srcset=\"https:\/\/diarieducacio.cat\/rella\/wp-content\/uploads\/sites\/26\/2024\/07\/Imagen6.jpg 189w, https:\/\/diarieducacio.cat\/rella\/wp-content\/uploads\/sites\/26\/2024\/07\/Imagen6-150x149.jpg 150w, https:\/\/diarieducacio.cat\/rella\/wp-content\/uploads\/sites\/26\/2024\/07\/Imagen6-12x12.jpg 12w\" sizes=\"(max-width: 189px) 100vw, 189px\" \/>Cap al 2014, Jos\u00e9 Antonio Abella, qui havia estat el metge de Ba\u00f1uelos de Bureba entre 1979 i 1983, escolta una entrevista a la r\u00e0dio en qu\u00e8 parlen del llibre <em>Desenterrando el silencio. <\/em>Queda sorpr\u00e8s que durant aquell periode mai ning\u00fa li parl\u00e9s del mestre, de la seva feina i del seu final tr\u00e0gic. Sobretot tenint en compte que la majoria de les persones, llavors adultes, que acudien a la seva consulta havien d\u2019haver gaudit de ser escolars mentre n\u2019Antoni Benaiges era el mestre de l\u2019escola.<\/p>\n<p>El 2016, el llavors metge de Briviesca va demanar a Jos\u00e9 Antonio Abella que indagu\u00e9s i escriv\u00eds un llibre sobre Antoni Benaiges. Li diu textualment \u201cpara darle otra vuelta a esta historia\u201d. Fins al 2018 Jos\u00e9 Antonio Abella no es decideix a indagar mitjan\u00e7ant entrevistes als protagonistes de la hist\u00f2ria encara vius o als seus descendents, an\u00e0lisi de documents oficials, recopilaci\u00f3 i an\u00e0lisi d\u2019escrits personals i publicacions del mateix mestre.<\/p>\n<p>Entre moltes altres coses i persones, en Jos\u00e9 Antonio Abella va comptar amb la participaci\u00f3 desinteressada de Josep Miquel Mart\u00ed Rom. Ell \u00e9s qui li va passar una c\u00f2pia dels quadernets dels infants.<\/p>\n<p>El 2020 es publica el llibre de Jos\u00e9 Antonio Abella, <em>Aquel mar que nunca vimos<\/em>, resultat de la seva recerca, realitzada amb exhaustivitat i rigor. Les dades que aporten els testimonis i la documentaci\u00f3 fan descartar la hip\u00f2tesi que fins llavors s\u2019havia sostingut que les restes del mestre es puguin trobar a la Fosa de La Pedraja.<\/p>\n<p>El 12 de maig de 2021, Antoni Benaiges \u00e9s nomenat Fill Il\u00b7lustre del seu poble natal, Mont-roig del Camp. Quin goig per la fam\u00edlia! L\u2019Elisa i en Jaume s\u00f3n entrevistats en el v\u00eddeo que l\u2019ajuntament edita.<\/p>\n<p>El 18 de juliol de 2021, Bu\u00f1uelos de Bureba ret homenatge al seu mestre Benaiges inaugurant un cenotafi en un dels n\u00ednxols del cementiri. Josep Miquel Mart\u00ed Rom encarrega a Jos\u00e9 Antonio Abella que faci la ressenya de l\u2019acte que ser\u00e0 publicada un parell de dies despr\u00e9s a <em>Ress\u00f2 mont-rogenc<\/em>. En aquesta cr\u00f2nica s\u2019hi detallen les intervencions emocionades de les persones que participen a l\u2019acte, com tamb\u00e9 el contingut de la capsa que es col\u00b7loca dins el cenotafi amb documents i objectes que honoren la mem\u00f2ria del mestre.<\/p>\n<p>El 2023 es publica l\u2019edici\u00f3 facs\u00edmil dels quaderns <em>Escritos de Vida. <\/em>En aquests llibrets es poden con\u00e8ixer retalls de vida d\u2019aquell poble petit situat en una petita vall entre turons i tamb\u00e9 la visi\u00f3 i metodologia d\u2019aquell magn\u00edfic mestre.<\/p>\n<p>El novembre del 2023 s\u2019estrena la pel\u00b7l\u00edcula <em>El mestre que va prometre el mar<\/em>. Documentalment inspirada en els treballs de Sergi Bernal i Francesc Escribano. D\u00f3na visibilitat al mestre Benaiges i a la seva tasca pedag\u00f2gica. De retruc, representa una contribuci\u00f3 perqu\u00e8 arribi a m\u00e9s gent la necessitat de recuperar la mem\u00f2ria hist\u00f2rica, com un acte de just\u00edcia.<\/p>\n<p>Un par\u00e8ntesi! Per recollir una trista coincid\u00e8ncia. Aquests dies, mentre la <em>Misi\u00f3n Benaiges 2024<\/em> anava fent el seu itinerari prenent consci\u00e8ncia que les persones i els fets no poden deixar-se en l\u2019oblit, s\u2019ha produ\u00eft el dec\u00e9s de Jos\u00e9 Antonio Abella. Quin greu! Ens ha deixat un dels qui m\u00e9s ha contribu\u00eft a clarificar qu\u00e8 va passar amb el mestre Benaiges i com va passar.<\/p>\n<p>Encara no fa gaire, el 2023, poc despr\u00e9s d\u2019estrenar-se la pel\u00b7l\u00edcula <em>El mestre que va prometre el mar,<\/em> Jos\u00e9 Antonio Abella en public\u00e0 un comentari en el <em>Correo de Burgos<\/em>. L\u2019article, significativament, es tilula \u201cPrimero matan las balas y luego mata el olvido\u201d. Ressalta que es tracta d\u2019una pel\u00b7l\u00edcula digna de ser vista: \u201cpor lo rigurosa, por lo emotiva, por su lucha contra la desmemoria.\u201d<\/p>\n<p>Des d\u2019aqu\u00ed, el nostre entranyable record i l\u2019agra\u00efment m\u00e9s sincer per haver contribu\u00eft al fet que ens puguem aproximar el pensament pedag\u00f2gic i sociopol\u00edtic del mestre Benaiges. Tamb\u00e9, a esclarir les circumst\u00e0ncies tr\u00e0giques de la seva mort, a documentar per quines raons ell t\u00e9 clar que les restes del mestre no seran trobades a la fosa de La Pedraja.<\/p>\n<p><img loading=\"lazy\" decoding=\"async\" class=\"size-medium wp-image-514 alignright\" src=\"https:\/\/diarieducacio.cat\/rella\/wp-content\/uploads\/sites\/66\/2024\/07\/Imagen7-300x225.jpg\" alt=\"\" width=\"300\" height=\"225\" srcset=\"https:\/\/diarieducacio.cat\/rella\/wp-content\/uploads\/sites\/26\/2024\/07\/Imagen7-300x225.jpg 300w, https:\/\/diarieducacio.cat\/rella\/wp-content\/uploads\/sites\/26\/2024\/07\/Imagen7-16x12.jpg 16w, https:\/\/diarieducacio.cat\/rella\/wp-content\/uploads\/sites\/26\/2024\/07\/Imagen7-150x112.jpg 150w, https:\/\/diarieducacio.cat\/rella\/wp-content\/uploads\/sites\/26\/2024\/07\/Imagen7-450x337.jpg 450w, https:\/\/diarieducacio.cat\/rella\/wp-content\/uploads\/sites\/26\/2024\/07\/Imagen7.jpg 693w\" sizes=\"(max-width: 300px) 100vw, 300px\" \/>Aprofitant l\u2019avinentesa, volem fer palesa la nostra sorpresa d\u2019haver vist que en el faristol instal\u00b7lat en reconeixement del mestre Benaiges en front la casa on va n\u00e9ixer encara hi constin dues dades que la recerca de Jos\u00e9 Antonio Abella ha posat en evid\u00e8ncia de forma documentada que es tracta d\u2019hip\u00f2tesis que han de ser refusades.<\/p>\n<p>D\u2019acord amb aquestes evid\u00e8ncies \u2013que han estat refrendades tamb\u00e9 per l\u2019investigador mont-rogenc Josep Miquel Mart\u00ed Rom\u2013 el mestre Benaiges no fou assassinat el 25 de juliol, sin\u00f3 el 19 de juliol. Ni \u00e9s plausible suposar que les seves restes estiguin a la fossa de La Pedraja.<\/p>\n<p>Un detall m\u00e9s! Us heu fixat quin \u00e9s el lema impr\u00e8s a l\u2019esquena de la samarreta de la <em>Misi\u00f3n Antonio Benaiges 2024?<\/em><\/p>\n<p><em>\u00a1So\u00f1ad, ni\u00f1os, so\u00f1ad!<\/em><\/p>\n<p><img loading=\"lazy\" decoding=\"async\" class=\"size-medium wp-image-515 alignleft\" src=\"https:\/\/diarieducacio.cat\/rella\/wp-content\/uploads\/sites\/66\/2024\/07\/Imagen8-300x166.jpg\" alt=\"\" width=\"300\" height=\"166\" srcset=\"https:\/\/diarieducacio.cat\/rella\/wp-content\/uploads\/sites\/26\/2024\/07\/Imagen8-300x166.jpg 300w, https:\/\/diarieducacio.cat\/rella\/wp-content\/uploads\/sites\/26\/2024\/07\/Imagen8-18x10.jpg 18w, https:\/\/diarieducacio.cat\/rella\/wp-content\/uploads\/sites\/26\/2024\/07\/Imagen8-150x83.jpg 150w, https:\/\/diarieducacio.cat\/rella\/wp-content\/uploads\/sites\/26\/2024\/07\/Imagen8-450x250.jpg 450w, https:\/\/diarieducacio.cat\/rella\/wp-content\/uploads\/sites\/26\/2024\/07\/Imagen8.jpg 521w\" sizes=\"(max-width: 300px) 100vw, 300px\" \/>Aquest \u00e9s un suggeriment que el mestre Benaiges fa als infants en el pre\u00e0mbul de la publicaci\u00f3 especial sobre els somnis que forma part de la recopilaci\u00f3 <em>Escritos de vida. <\/em>Tot exhortant-los a viure amb plenitud, sense noses imposades.<\/p>\n<p>Ben segur que els infants i adolescents de la <em>Misi\u00f3n Benaiges 2024<\/em> no oblidaran les activitats, emocions i intercanvis que han viscut a cor que vols durant aquesta setmana.<\/p>\n<p>Tant de bo que l\u2019empremta que els hagin deixat aquests dies de conviv\u00e8ncia, joc i coneixement sigui una petita llumeta per desvetllar reflexions. Els seus familiars, mestres i monitors que s\u00f3n qui seguiran de prop el seu dia a dia poden acompanyar el proc\u00e9s de fer cr\u00e9ixer aquesta llavor a favor de la recuperaci\u00f3 de la mem\u00f2ria hist\u00f2rica.<\/p>\n<p>Ens refermem en la convicci\u00f3 de com d\u2019important \u00e9s con\u00e8ixer i no oblidar el passat \u2013moltes vegades tr\u00e0gic\u2013 per intentar millorar el futur.<\/p>\n<p>Fins aqu\u00ed hem parlat de les viv\u00e8ncies dels infants i adolescents part\u00edcips d\u2019aquesta bonica i inoblidable experi\u00e8ncia i aprenentatges. Tamb\u00e9 de com aquesta experi\u00e8ncia de la <em>Misi\u00f3n Benaiges 2024<\/em> representa per a la fam\u00edlia una baula m\u00e9s d\u2019aquest trajecte de reconciliaci\u00f3 de mica en mica m\u00e9s reconfortant amb la interessant, per\u00f2 tr\u00e0gica hist\u00f2ria, del seu oncle desaparegut preco\u00e7ment de forma violenta.<\/p>\n<p>Per\u00f2\u2026 I qui \u00e9s qui ha organitzat tota aquesta moguda? Qu\u00e8 els empeny a fer-la? Seguir\u00e0 en anys subseg\u00fcents?<\/p>\n<p>I nosaltres\u2026 La colla de Rella, per qu\u00e8 n\u2019hem volgut ser testimoni?<\/p>\n<p>D\u2019alguna manera, tot l&#8217;itinerari que hem exposat m\u00e9s amunt de progressiu estudi i recuperaci\u00f3 de la figura del mestre Benaiges ha anat creant un p\u00f2sit de sensibilitat, coneixement, tendresa i solidaritat respecte a aquesta persona i el que representa. Darrerament, s\u2019ha visibilitzat i escampat molt m\u00e9s arran de la projecci\u00f3 de la pel\u00b7l\u00edcula <em>El mestre que va prometre el mar. <\/em><\/p>\n<figure id=\"attachment_516\" aria-describedby=\"caption-attachment-516\" style=\"width: 300px\" class=\"wp-caption alignleft\"><img loading=\"lazy\" decoding=\"async\" class=\"wp-image-516 size-medium\" src=\"https:\/\/diarieducacio.cat\/rella\/wp-content\/uploads\/sites\/66\/2024\/07\/Imagen9-300x224.jpg\" alt=\"\" width=\"300\" height=\"224\" srcset=\"https:\/\/diarieducacio.cat\/rella\/wp-content\/uploads\/sites\/26\/2024\/07\/Imagen9-300x224.jpg 300w, https:\/\/diarieducacio.cat\/rella\/wp-content\/uploads\/sites\/26\/2024\/07\/Imagen9-16x12.jpg 16w, https:\/\/diarieducacio.cat\/rella\/wp-content\/uploads\/sites\/26\/2024\/07\/Imagen9-150x112.jpg 150w, https:\/\/diarieducacio.cat\/rella\/wp-content\/uploads\/sites\/26\/2024\/07\/Imagen9.jpg 433w\" sizes=\"(max-width: 300px) 100vw, 300px\" \/><figcaption id=\"caption-attachment-516\" class=\"wp-caption-text\">| Cedida<\/figcaption><\/figure>\n<p>I\u2026 Vet aqu\u00ed que, tot just en acabar de veure la pel\u00b7l\u00edcula, dos professionals de l\u2019educaci\u00f3 \u2013Carlos D\u00edez i Teresa (ens haureu de disculpar que no tinguem const\u00e0ncia del seu cognom), tot comentant-la, van tenir la idea que seria bo complir la promesa feta als infants per tants mestres de la Segona Rep\u00fablica. \u00c9s evident que els contextos han canviat! Per\u00f2 la idea els semblava que tenia sentit.<\/p>\n<p>A primers de maig d\u2019enguany, es comunicaren amb la <em>Asociaci\u00f3n Escuela Benaiges<\/em> que tot seguit va rebre amb entusiasme la idea i destac\u00e0 en Javier Gonz\u00e1lez per liderar-ne la posada en pr\u00e0ctica. Junts posaren fil a l\u2019agulla.<\/p>\n<figure id=\"attachment_517\" aria-describedby=\"caption-attachment-517\" style=\"width: 300px\" class=\"wp-caption alignright\"><img loading=\"lazy\" decoding=\"async\" class=\"size-medium wp-image-517\" src=\"https:\/\/diarieducacio.cat\/rella\/wp-content\/uploads\/sites\/66\/2024\/07\/Imagen10-300x268.jpg\" alt=\"\" width=\"300\" height=\"268\" \/><figcaption id=\"caption-attachment-517\" class=\"wp-caption-text\">| Cedida<\/figcaption><\/figure>\n<p>Entraren en contacte amb l\u2019<em>Asociaci\u00f3n Tabadol <\/em>del sector 6 de Ca\u00f1ada Real de Madrid i amb l\u2019<em>Asociaci\u00f3n de Educadores Mar\u00eda de Borja<\/em> del barri de la Cartuja de Granada. Ambd\u00f3s barris amb un risc alt d\u2019exclusi\u00f3 social. Som-hi! Comen\u00e7a l\u2019aventura!<\/p>\n<p>Cercar suports, recursos econ\u00f2mics, entitats de mem\u00f2ria hist\u00f2rica, col\u00b7laboracions, acompanyants\u2026 Organitzar activitats, visites, entrevistes\u2026 Quina feinada!<\/p>\n<p>Tot ha sortit b\u00e9! El pressupost previst ha estat \u00e0mpliament cobert. A partir de donacions rebudes amb escreix del micromecenatge i amb la col\u00b7laboraci\u00f3 d\u2019administracions, entitats i empreses. Amb el romanent, poden plantejar-se fer una segona edici\u00f3 l\u2019any vinent.<\/p>\n<p>Cansats, per\u00f2 exultants! L\u2019enhorabona!<\/p>\n<p>En darrer lloc, quina \u00e9s la motivaci\u00f3 d\u2019un grup de mestres jubilats de l\u2019Associaci\u00f3 Rella per ser testimoni d\u2019aquesta experi\u00e8ncia?<\/p>\n<p>Tot moviment per a la recuperaci\u00f3 de la dignitat de persones v\u00edctimes de la repressi\u00f3 irracional i violenta, tota voluntat de fer just\u00edcia pot tenir ress\u00f2 entre nosaltres i ser motiu per adherir-nos-hi. Sens dubte!<\/p>\n<p>La majoria dels components del grup pertanyem a una generaci\u00f3 que vam viure la nostra inf\u00e0ncia i adolesc\u00e8ncia immersos en el silenci dels nostres familiars sobre el succe\u00eft pocs anys enrera.<\/p>\n<p>En aquest cas s\u2019hi afegeix una altra ra\u00f3 essencial. Som professionals de l\u2019educaci\u00f3 que, per regla general vam comen\u00e7ar a exercir la professi\u00f3 a finals dels seixanta del segle passat o inicis dels setanta.<\/p>\n<p>Vam tenir la voluntat i la possibilitat d\u2019emprendre un cam\u00ed de renovaci\u00f3 pedag\u00f2gica, sovint inspirada en la pr\u00e0ctica pedag\u00f2gica tan interessant que hi va haver durant la Segona Rep\u00fablica. Vam poder comptar amb el mestratge i acompanyament directe o indirecte de mestres que, malgrat haver patit persecuci\u00f3, estaven disposats a recuperar tot el bagatge estroncat per la repressi\u00f3 educativa exercida per la dictadura.<\/p>\n<p>Vam caminar de costat amb fam\u00edlies que tamb\u00e9 volien per als seus fills i filles una escola que respect\u00e9s els infants, la seva participaci\u00f3, els seus drets. Vam ser protagonistes de la creaci\u00f3 de cooperatives educatives de mestres, de fam\u00edlies o mixtes. Cooperatives que apostaven per a una educaci\u00f3 respectuosa i innovadora, per a una gesti\u00f3 participativa. Ens vam associar en moviments de renovaci\u00f3 educativa. Vam definir i lluitar per a una escola p\u00fablica de qualitat.<\/p>\n<p>En el rerefons, l\u2019emmirallament en aquells mestres de la Rep\u00fablica que van veure estroncada la seva professi\u00f3 i la seva pedagogia per la barb\u00e0rie. Tamb\u00e9 l\u2019enyoran\u00e7a del que hagu\u00e9s pogut ser si aquell atropellament mai no hagu\u00e9s succe\u00eft.<\/p>\n<figure id=\"attachment_518\" aria-describedby=\"caption-attachment-518\" style=\"width: 566px\" class=\"wp-caption alignnone\"><img loading=\"lazy\" decoding=\"async\" class=\"wp-image-518 size-full\" src=\"https:\/\/diarieducacio.cat\/rella\/wp-content\/uploads\/sites\/66\/2024\/07\/Imagen11.jpg\" alt=\"\" width=\"566\" height=\"277\" \/><figcaption id=\"caption-attachment-518\" class=\"wp-caption-text\">| Cedida<\/figcaption><\/figure>\n<p>Per tot aix\u00f2, ens solidaritzem amb aquest moviment de recuperaci\u00f3 de mem\u00f2ria hist\u00f2rica, de dignitat i de just\u00edcia. Tamb\u00e9 en l\u2019\u00e0mbit educatiu. Encara que no nom\u00e9s!<\/p>\n<figure id=\"attachment_519\" aria-describedby=\"caption-attachment-519\" style=\"width: 566px\" class=\"wp-caption alignnone\"><img loading=\"lazy\" decoding=\"async\" class=\"wp-image-519 size-full\" src=\"https:\/\/diarieducacio.cat\/rella\/wp-content\/uploads\/sites\/66\/2024\/07\/Imagen12.jpg\" alt=\"\" width=\"566\" height=\"329\" srcset=\"https:\/\/diarieducacio.cat\/rella\/wp-content\/uploads\/sites\/26\/2024\/07\/Imagen12.jpg 566w, https:\/\/diarieducacio.cat\/rella\/wp-content\/uploads\/sites\/26\/2024\/07\/Imagen12-300x174.jpg 300w, https:\/\/diarieducacio.cat\/rella\/wp-content\/uploads\/sites\/26\/2024\/07\/Imagen12-18x10.jpg 18w, https:\/\/diarieducacio.cat\/rella\/wp-content\/uploads\/sites\/26\/2024\/07\/Imagen12-150x87.jpg 150w, https:\/\/diarieducacio.cat\/rella\/wp-content\/uploads\/sites\/26\/2024\/07\/Imagen12-450x262.jpg 450w\" sizes=\"(max-width: 566px) 100vw, 566px\" \/><figcaption id=\"caption-attachment-519\" class=\"wp-caption-text\">| Cedida<\/figcaption><\/figure>\n<p>&nbsp;<\/p>\n<p>REFER\u00c8NCIES BIBLIOGR\u00c0FIQUES<\/p>\n<p>Abella, J. A., 2020, <em>Aquel mar que nunca vimos,<\/em> Ed. Valnera, 7a. edici\u00f3 2024<\/p>\n<p>Abella, J. A., 2021, \u201cCr\u00f3nica sentimental de un homenaje necesario\u201d, <em>Ress\u00f2 mont-rogenc,<\/em> Data de publicaci\u00f3: 20\/07\/21<\/p>\n<p><a href=\"https:\/\/ressomont-rogenc.cat\/homenatge-a-antoni-benaiges-a-banuelos-burgos\/\">https:\/\/ressomont-rogenc.cat\/homenatge-a-antoni-benaiges-a-banuelos-burgos\/<\/a> Consultat el 7 de juliol de 2024<\/p>\n<p>Abella, J. A., 2023, \u201cPrimero matan las balas y luego mata el olvido\u201d, <em>Correo de Burgos, <\/em>Data de publicaci\u00f3: 02\/12\/23<\/p>\n<p><a href=\"https:\/\/www.elcorreodeburgos.com\/opinion\/231202\/188432\/primero-matan-balas-luego-mata-olvido.html\">https:\/\/www.elcorreodeburgos.com\/opinion\/231202\/188432\/primero-matan-balas-luego-mata-olvido.html<\/a> Consultat el 7 de juliol de 2024<\/p>\n<p>Ajuntament de Mont-roig del Camp, 2021, <em>Antoni Benaiges, el mestre que va prometre el mar, <\/em>Amb motiu del seu nomenament com a Fill Il\u00b7lustre de la vila, reportatge sobre la hist\u00f2ria del mestre Antoni Benaiges i Nogu\u00e9s (1903-1936). Inclou entrevistes amb els seus nebots Elisa Benaiges Freixas i Jaume Roig\u00e9 Benaiges, Canal de TouTube de Ajuntament de Mont-roig del Camp<\/p>\n<p><a href=\"https:\/\/www.youtube.com\/watch?v=R-4oVUkd9Ys\">https:\/\/www.youtube.com\/watch?v=R-4oVUkd9Ys<\/a> \u00a0\u00a0\u00a0\u00a0\u00a0\u00a0\u00a0\u00a0\u00a0\u00a0\u00a0\u00a0\u00a0\u00a0\u00a0\u00a0\u00a0\u00a0\u00a0\u00a0\u00a0\u00a0\u00a0\u00a0\u00a0\u00a0\u00a0\u00a0\u00a0\u00a0\u00a0\u00a0\u00a0\u00a0\u00a0\u00a0\u00a0\u00a0\u00a0\u00a0\u00a0\u00a0\u00a0\u00a0\u00a0\u00a0\u00a0\u00a0\u00a0\u00a0\u00a0\u00a0\u00a0\u00a0\u00a0\u00a0\u00a0\u00a0\u00a0\u00a0\u00a0\u00a0\u00a0\u00a0\u00a0\u00a0\u00a0 Visionat el 7 de juliol de 2024<\/p>\n<p>Bernal, S., Escribano, F., Ferr\u00e1ndiz, F., Soler, Q., 2013, <em>Desenterrando el silencio,<\/em> Ed. Blume<\/p>\n<p><em>El maestro que prometi\u00f3 el mar, <\/em>2023, Pel\u00b7l\u00edcula, Direcci\u00f3: Patr\u00edcia Font, Repartiment: Enric Auquer, Laia Costa, Luisa Gavasa, Ramon Agirre, Alba Guilera, Milo Taboada, Producci\u00f3: Marcel Barrena, Francesc Escribano, Carlos Fern\u00e1ndez, Gui\u00f3: Francesc Escribano<\/p>\n<p><em>Escritos de vida,<\/em> Publicaciones de los ni\u00f1os y ni\u00f1as de Ba\u00f1uelos de Bureba, 1935-1936, Edici\u00f3 emprada: Abella, J. A. (coord.), 2022, Asociaci\u00f3n Escuela Benaiges y Ediciones Valnera.<\/p>\n<p>Mart\u00ed Rom, J. M., del 2010 al 2012, Vuit articles a <em>Ress\u00f2 mont-rogenc<\/em>, posteriorment publicats a Mart\u00ed Rom, J. M., 2019, <em>Mont-roig: esberles d\u2019un mosaic esbocinat<\/em>, Arola Editors, de la p\u00e0g. 317 a la 364<\/p>\n<p>Mart\u00ed Rom, J. M., 2021, \u201cAntoni Benaiges Nogu\u00e9s: un mestre mont-rogenc assassinat el 19 de juliol de 1936 a Briviesca (Burgos)\u201d, <em>Revista del Centre de Lectura de Reus,<\/em> Data de publicaci\u00f3: 04\/10\/21<\/p>\n<p><a href=\"https:\/\/www.centrelectura.cat\/revistadigital\/antoni-benaiges-nogues-un-mestre-mont-rogenc-assassinat\/\">https:\/\/www.centrelectura.cat\/revistadigital\/antoni-benaiges-nogues-un-mestre-mont-rogenc-assassinat\/<\/a>\u00a0\u00a0\u00a0\u00a0\u00a0\u00a0 Consultat el 7 de juliol de 2024<\/p>\n<p>Mart\u00ed Rom, J. M., 2022, \u201cEl mar. Visi\u00f3 d\u2019uns nens que no l\u2019han vist mai. Una obra de teatre sobre Antoni Benaiges Nogu\u00e9s\u201d, <em>Ress\u00f2 mont-rogenc,<\/em> Data de publicaci\u00f3: 05\/09\/22<\/p>\n<p><a href=\"https:\/\/ressomont-rogenc.cat\/el-mar-visio-duns-nens-que-no-lhan-vist-mai-una-obra-de-teatre-sobre-antoni-benaiges-nogues\/\">https:\/\/ressomont-rogenc.cat\/el-mar-visio-duns-nens-que-no-lhan-vist-mai-una-obra-de-teatre-sobre-antoni-benaiges-nogues\/<\/a>\u00a0\u00a0\u00a0\u00a0\u00a0\u00a0\u00a0\u00a0\u00a0 Consultat el 7 de juliol de 2024<\/p>\n<p>RELLA, Associaci\u00f3 de Mestres i Professorat Jubilats<\/p>\n<p><a href=\"https:\/\/www.rella.cat\/\">https:\/\/www.rella.cat\/<\/a><\/p>\n<p>Sebasti\u00e1n, G. y Bernal, S., 2018, <em>Els vaig prometre el mar,<\/em> Ed. Gregal<\/p>\n","protected":false},"excerpt":{"rendered":"<p>D\u2019aquesta promesa en qued\u00e0 const\u00e0ncia en tres dels escrits dels infants en el quadernet sobre el mar que forma part de la recopilaci\u00f3 Escritos de vida, de l\u2019Escola de Ba\u00f1uelos de Bureba,1935-36 El Mestre Benaiges \u2013com molts altres mestres de la Segona Rep\u00fablica\u2013 defensava el dret dels infants a gaudir de la inf\u00e0ncia, la capacitat<\/p>\n","protected":false},"author":1539,"featured_media":519,"comment_status":"open","ping_status":"closed","sticky":false,"template":"","format":"standard","meta":{"footnotes":""},"categories":[2],"tags":[],"tipo":[],"class_list":{"0":"post-500","1":"post","2":"type-post","3":"status-publish","4":"format-standard","5":"has-post-thumbnail","7":"category-general"},"yoast_head":"<!-- This site is optimized with the Yoast SEO plugin v27.4 - https:\/\/yoast.com\/product\/yoast-seo-wordpress\/ -->\n<title>N&#039;hem estat testimonis. Missi\u00f3 Antoni Benaiges - El Blog de Rella<\/title>\n<meta name=\"robots\" content=\"index, follow, max-snippet:-1, max-image-preview:large, max-video-preview:-1\" \/>\n<link rel=\"canonical\" href=\"https:\/\/diarieducacio.cat\/rella\/2024\/07\/09\/hem-estat-testimonis-missio-antoni-benaiges\/\" \/>\n<meta property=\"og:locale\" content=\"ca_ES\" \/>\n<meta property=\"og:type\" content=\"article\" \/>\n<meta property=\"og:title\" content=\"N&#039;hem estat testimonis. Missi\u00f3 Antoni Benaiges - El Blog de Rella\" \/>\n<meta property=\"og:description\" content=\"D\u2019aquesta promesa en qued\u00e0 const\u00e0ncia en tres dels escrits dels infants en el quadernet sobre el mar que forma part de la recopilaci\u00f3 Escritos de vida, de l\u2019Escola de Ba\u00f1uelos de Bureba,1935-36 El Mestre Benaiges \u2013com molts altres mestres de la Segona Rep\u00fablica\u2013 defensava el dret dels infants a gaudir de la inf\u00e0ncia, la capacitat\" \/>\n<meta property=\"og:url\" content=\"https:\/\/diarieducacio.cat\/rella\/2024\/07\/09\/hem-estat-testimonis-missio-antoni-benaiges\/\" \/>\n<meta property=\"og:site_name\" content=\"El Blog de Rella\" \/>\n<meta property=\"article:publisher\" content=\"https:\/\/www.facebook.com\/diarieducacio\/\" \/>\n<meta property=\"article:published_time\" content=\"2024-07-09T10:26:55+00:00\" \/>\n<meta property=\"og:image\" content=\"https:\/\/diarieducacio.cat\/rella\/wp-content\/uploads\/sites\/26\/2024\/07\/Imagen12.jpg\" \/>\n\t<meta property=\"og:image:width\" content=\"566\" \/>\n\t<meta property=\"og:image:height\" content=\"329\" \/>\n\t<meta property=\"og:image:type\" content=\"image\/jpeg\" \/>\n<meta name=\"author\" content=\"lmolinas\" \/>\n<meta name=\"twitter:card\" content=\"summary_large_image\" \/>\n<meta name=\"twitter:creator\" content=\"@DiariEducacio\" \/>\n<meta name=\"twitter:site\" content=\"@DiariEducacio\" \/>\n<meta name=\"twitter:label1\" content=\"Escrit per\" \/>\n\t<meta name=\"twitter:data1\" content=\"lmolinas\" \/>\n\t<meta name=\"twitter:label2\" content=\"Temps estimat de lectura\" \/>\n\t<meta name=\"twitter:data2\" content=\"18 minuts\" \/>\n<script type=\"application\/ld+json\" class=\"yoast-schema-graph\">{\"@context\":\"https:\\\/\\\/schema.org\",\"@graph\":[{\"@type\":\"Article\",\"@id\":\"https:\\\/\\\/diarieducacio.cat\\\/rella\\\/2024\\\/07\\\/09\\\/hem-estat-testimonis-missio-antoni-benaiges\\\/#article\",\"isPartOf\":{\"@id\":\"https:\\\/\\\/diarieducacio.cat\\\/rella\\\/2024\\\/07\\\/09\\\/hem-estat-testimonis-missio-antoni-benaiges\\\/\"},\"author\":{\"name\":\"lmolinas\",\"@id\":\"https:\\\/\\\/diarieducacio.cat\\\/rella\\\/#\\\/schema\\\/person\\\/160c73ebafd0973abade0d8ad06ec927\"},\"headline\":\"N&#8217;hem estat testimonis. Missi\u00f3 Antoni Benaiges\",\"datePublished\":\"2024-07-09T10:26:55+00:00\",\"mainEntityOfPage\":{\"@id\":\"https:\\\/\\\/diarieducacio.cat\\\/rella\\\/2024\\\/07\\\/09\\\/hem-estat-testimonis-missio-antoni-benaiges\\\/\"},\"wordCount\":3694,\"commentCount\":1,\"image\":{\"@id\":\"https:\\\/\\\/diarieducacio.cat\\\/rella\\\/2024\\\/07\\\/09\\\/hem-estat-testimonis-missio-antoni-benaiges\\\/#primaryimage\"},\"thumbnailUrl\":\"https:\\\/\\\/diarieducacio.cat\\\/rella\\\/wp-content\\\/uploads\\\/sites\\\/26\\\/2024\\\/07\\\/Imagen12.jpg\",\"articleSection\":[\"General\"],\"inLanguage\":\"ca\",\"potentialAction\":[{\"@type\":\"CommentAction\",\"name\":\"Comment\",\"target\":[\"https:\\\/\\\/diarieducacio.cat\\\/rella\\\/2024\\\/07\\\/09\\\/hem-estat-testimonis-missio-antoni-benaiges\\\/#respond\"]}]},{\"@type\":\"WebPage\",\"@id\":\"https:\\\/\\\/diarieducacio.cat\\\/rella\\\/2024\\\/07\\\/09\\\/hem-estat-testimonis-missio-antoni-benaiges\\\/\",\"url\":\"https:\\\/\\\/diarieducacio.cat\\\/rella\\\/2024\\\/07\\\/09\\\/hem-estat-testimonis-missio-antoni-benaiges\\\/\",\"name\":\"N'hem estat testimonis. Missi\u00f3 Antoni Benaiges - El Blog de Rella\",\"isPartOf\":{\"@id\":\"https:\\\/\\\/diarieducacio.cat\\\/rella\\\/#website\"},\"primaryImageOfPage\":{\"@id\":\"https:\\\/\\\/diarieducacio.cat\\\/rella\\\/2024\\\/07\\\/09\\\/hem-estat-testimonis-missio-antoni-benaiges\\\/#primaryimage\"},\"image\":{\"@id\":\"https:\\\/\\\/diarieducacio.cat\\\/rella\\\/2024\\\/07\\\/09\\\/hem-estat-testimonis-missio-antoni-benaiges\\\/#primaryimage\"},\"thumbnailUrl\":\"https:\\\/\\\/diarieducacio.cat\\\/rella\\\/wp-content\\\/uploads\\\/sites\\\/26\\\/2024\\\/07\\\/Imagen12.jpg\",\"datePublished\":\"2024-07-09T10:26:55+00:00\",\"author\":{\"@id\":\"https:\\\/\\\/diarieducacio.cat\\\/rella\\\/#\\\/schema\\\/person\\\/160c73ebafd0973abade0d8ad06ec927\"},\"breadcrumb\":{\"@id\":\"https:\\\/\\\/diarieducacio.cat\\\/rella\\\/2024\\\/07\\\/09\\\/hem-estat-testimonis-missio-antoni-benaiges\\\/#breadcrumb\"},\"inLanguage\":\"ca\",\"potentialAction\":[{\"@type\":\"ReadAction\",\"target\":[\"https:\\\/\\\/diarieducacio.cat\\\/rella\\\/2024\\\/07\\\/09\\\/hem-estat-testimonis-missio-antoni-benaiges\\\/\"]}]},{\"@type\":\"ImageObject\",\"inLanguage\":\"ca\",\"@id\":\"https:\\\/\\\/diarieducacio.cat\\\/rella\\\/2024\\\/07\\\/09\\\/hem-estat-testimonis-missio-antoni-benaiges\\\/#primaryimage\",\"url\":\"https:\\\/\\\/diarieducacio.cat\\\/rella\\\/wp-content\\\/uploads\\\/sites\\\/26\\\/2024\\\/07\\\/Imagen12.jpg\",\"contentUrl\":\"https:\\\/\\\/diarieducacio.cat\\\/rella\\\/wp-content\\\/uploads\\\/sites\\\/26\\\/2024\\\/07\\\/Imagen12.jpg\",\"width\":566,\"height\":329,\"caption\":\"| Cedida\"},{\"@type\":\"BreadcrumbList\",\"@id\":\"https:\\\/\\\/diarieducacio.cat\\\/rella\\\/2024\\\/07\\\/09\\\/hem-estat-testimonis-missio-antoni-benaiges\\\/#breadcrumb\",\"itemListElement\":[{\"@type\":\"ListItem\",\"position\":1,\"name\":\"Inici\",\"item\":\"https:\\\/\\\/diarieducacio.cat\\\/rella\\\/\"},{\"@type\":\"ListItem\",\"position\":2,\"name\":\"N&#8217;hem estat testimonis. Missi\u00f3 Antoni Benaiges\"}]},{\"@type\":\"WebSite\",\"@id\":\"https:\\\/\\\/diarieducacio.cat\\\/rella\\\/#website\",\"url\":\"https:\\\/\\\/diarieducacio.cat\\\/rella\\\/\",\"name\":\"El Blog de Rella\",\"description\":\"Un blog de El Diari de l&#039;Educaci\u00f3\",\"potentialAction\":[{\"@type\":\"SearchAction\",\"target\":{\"@type\":\"EntryPoint\",\"urlTemplate\":\"https:\\\/\\\/diarieducacio.cat\\\/rella\\\/?s={search_term_string}\"},\"query-input\":{\"@type\":\"PropertyValueSpecification\",\"valueRequired\":true,\"valueName\":\"search_term_string\"}}],\"inLanguage\":\"ca\"},{\"@type\":\"Person\",\"@id\":\"https:\\\/\\\/diarieducacio.cat\\\/rella\\\/#\\\/schema\\\/person\\\/160c73ebafd0973abade0d8ad06ec927\",\"name\":\"lmolinas\",\"image\":{\"@type\":\"ImageObject\",\"inLanguage\":\"ca\",\"@id\":\"https:\\\/\\\/secure.gravatar.com\\\/avatar\\\/771f25fa7fbd816a803e272a2e24a4f76ba0961e30b0bf05b9f013f8e521f4cd?s=96&d=mm&r=g\",\"url\":\"https:\\\/\\\/secure.gravatar.com\\\/avatar\\\/771f25fa7fbd816a803e272a2e24a4f76ba0961e30b0bf05b9f013f8e521f4cd?s=96&d=mm&r=g\",\"contentUrl\":\"https:\\\/\\\/secure.gravatar.com\\\/avatar\\\/771f25fa7fbd816a803e272a2e24a4f76ba0961e30b0bf05b9f013f8e521f4cd?s=96&d=mm&r=g\",\"caption\":\"lmolinas\"},\"url\":\"https:\\\/\\\/diarieducacio.cat\\\/rella\\\/author\\\/lmolinas\\\/\"}]}<\/script>\n<!-- \/ Yoast SEO plugin. -->","yoast_head_json":{"title":"N'hem estat testimonis. Missi\u00f3 Antoni Benaiges - El Blog de Rella","robots":{"index":"index","follow":"follow","max-snippet":"max-snippet:-1","max-image-preview":"max-image-preview:large","max-video-preview":"max-video-preview:-1"},"canonical":"https:\/\/diarieducacio.cat\/rella\/2024\/07\/09\/hem-estat-testimonis-missio-antoni-benaiges\/","og_locale":"ca_ES","og_type":"article","og_title":"N'hem estat testimonis. Missi\u00f3 Antoni Benaiges - El Blog de Rella","og_description":"D\u2019aquesta promesa en qued\u00e0 const\u00e0ncia en tres dels escrits dels infants en el quadernet sobre el mar que forma part de la recopilaci\u00f3 Escritos de vida, de l\u2019Escola de Ba\u00f1uelos de Bureba,1935-36 El Mestre Benaiges \u2013com molts altres mestres de la Segona Rep\u00fablica\u2013 defensava el dret dels infants a gaudir de la inf\u00e0ncia, la capacitat","og_url":"https:\/\/diarieducacio.cat\/rella\/2024\/07\/09\/hem-estat-testimonis-missio-antoni-benaiges\/","og_site_name":"El Blog de Rella","article_publisher":"https:\/\/www.facebook.com\/diarieducacio\/","article_published_time":"2024-07-09T10:26:55+00:00","og_image":[{"width":566,"height":329,"url":"https:\/\/diarieducacio.cat\/rella\/wp-content\/uploads\/sites\/26\/2024\/07\/Imagen12.jpg","type":"image\/jpeg"}],"author":"lmolinas","twitter_card":"summary_large_image","twitter_creator":"@DiariEducacio","twitter_site":"@DiariEducacio","twitter_misc":{"Escrit per":"lmolinas","Temps estimat de lectura":"18 minuts"},"schema":{"@context":"https:\/\/schema.org","@graph":[{"@type":"Article","@id":"https:\/\/diarieducacio.cat\/rella\/2024\/07\/09\/hem-estat-testimonis-missio-antoni-benaiges\/#article","isPartOf":{"@id":"https:\/\/diarieducacio.cat\/rella\/2024\/07\/09\/hem-estat-testimonis-missio-antoni-benaiges\/"},"author":{"name":"lmolinas","@id":"https:\/\/diarieducacio.cat\/rella\/#\/schema\/person\/160c73ebafd0973abade0d8ad06ec927"},"headline":"N&#8217;hem estat testimonis. Missi\u00f3 Antoni Benaiges","datePublished":"2024-07-09T10:26:55+00:00","mainEntityOfPage":{"@id":"https:\/\/diarieducacio.cat\/rella\/2024\/07\/09\/hem-estat-testimonis-missio-antoni-benaiges\/"},"wordCount":3694,"commentCount":1,"image":{"@id":"https:\/\/diarieducacio.cat\/rella\/2024\/07\/09\/hem-estat-testimonis-missio-antoni-benaiges\/#primaryimage"},"thumbnailUrl":"https:\/\/diarieducacio.cat\/rella\/wp-content\/uploads\/sites\/26\/2024\/07\/Imagen12.jpg","articleSection":["General"],"inLanguage":"ca","potentialAction":[{"@type":"CommentAction","name":"Comment","target":["https:\/\/diarieducacio.cat\/rella\/2024\/07\/09\/hem-estat-testimonis-missio-antoni-benaiges\/#respond"]}]},{"@type":"WebPage","@id":"https:\/\/diarieducacio.cat\/rella\/2024\/07\/09\/hem-estat-testimonis-missio-antoni-benaiges\/","url":"https:\/\/diarieducacio.cat\/rella\/2024\/07\/09\/hem-estat-testimonis-missio-antoni-benaiges\/","name":"N'hem estat testimonis. Missi\u00f3 Antoni Benaiges - El Blog de Rella","isPartOf":{"@id":"https:\/\/diarieducacio.cat\/rella\/#website"},"primaryImageOfPage":{"@id":"https:\/\/diarieducacio.cat\/rella\/2024\/07\/09\/hem-estat-testimonis-missio-antoni-benaiges\/#primaryimage"},"image":{"@id":"https:\/\/diarieducacio.cat\/rella\/2024\/07\/09\/hem-estat-testimonis-missio-antoni-benaiges\/#primaryimage"},"thumbnailUrl":"https:\/\/diarieducacio.cat\/rella\/wp-content\/uploads\/sites\/26\/2024\/07\/Imagen12.jpg","datePublished":"2024-07-09T10:26:55+00:00","author":{"@id":"https:\/\/diarieducacio.cat\/rella\/#\/schema\/person\/160c73ebafd0973abade0d8ad06ec927"},"breadcrumb":{"@id":"https:\/\/diarieducacio.cat\/rella\/2024\/07\/09\/hem-estat-testimonis-missio-antoni-benaiges\/#breadcrumb"},"inLanguage":"ca","potentialAction":[{"@type":"ReadAction","target":["https:\/\/diarieducacio.cat\/rella\/2024\/07\/09\/hem-estat-testimonis-missio-antoni-benaiges\/"]}]},{"@type":"ImageObject","inLanguage":"ca","@id":"https:\/\/diarieducacio.cat\/rella\/2024\/07\/09\/hem-estat-testimonis-missio-antoni-benaiges\/#primaryimage","url":"https:\/\/diarieducacio.cat\/rella\/wp-content\/uploads\/sites\/26\/2024\/07\/Imagen12.jpg","contentUrl":"https:\/\/diarieducacio.cat\/rella\/wp-content\/uploads\/sites\/26\/2024\/07\/Imagen12.jpg","width":566,"height":329,"caption":"| Cedida"},{"@type":"BreadcrumbList","@id":"https:\/\/diarieducacio.cat\/rella\/2024\/07\/09\/hem-estat-testimonis-missio-antoni-benaiges\/#breadcrumb","itemListElement":[{"@type":"ListItem","position":1,"name":"Inici","item":"https:\/\/diarieducacio.cat\/rella\/"},{"@type":"ListItem","position":2,"name":"N&#8217;hem estat testimonis. Missi\u00f3 Antoni Benaiges"}]},{"@type":"WebSite","@id":"https:\/\/diarieducacio.cat\/rella\/#website","url":"https:\/\/diarieducacio.cat\/rella\/","name":"El Blog de Rella","description":"Un blog de El Diari de l&#039;Educaci\u00f3","potentialAction":[{"@type":"SearchAction","target":{"@type":"EntryPoint","urlTemplate":"https:\/\/diarieducacio.cat\/rella\/?s={search_term_string}"},"query-input":{"@type":"PropertyValueSpecification","valueRequired":true,"valueName":"search_term_string"}}],"inLanguage":"ca"},{"@type":"Person","@id":"https:\/\/diarieducacio.cat\/rella\/#\/schema\/person\/160c73ebafd0973abade0d8ad06ec927","name":"lmolinas","image":{"@type":"ImageObject","inLanguage":"ca","@id":"https:\/\/secure.gravatar.com\/avatar\/771f25fa7fbd816a803e272a2e24a4f76ba0961e30b0bf05b9f013f8e521f4cd?s=96&d=mm&r=g","url":"https:\/\/secure.gravatar.com\/avatar\/771f25fa7fbd816a803e272a2e24a4f76ba0961e30b0bf05b9f013f8e521f4cd?s=96&d=mm&r=g","contentUrl":"https:\/\/secure.gravatar.com\/avatar\/771f25fa7fbd816a803e272a2e24a4f76ba0961e30b0bf05b9f013f8e521f4cd?s=96&d=mm&r=g","caption":"lmolinas"},"url":"https:\/\/diarieducacio.cat\/rella\/author\/lmolinas\/"}]}},"_links":{"self":[{"href":"https:\/\/diarieducacio.cat\/rella\/wp-json\/wp\/v2\/posts\/500","targetHints":{"allow":["GET"]}}],"collection":[{"href":"https:\/\/diarieducacio.cat\/rella\/wp-json\/wp\/v2\/posts"}],"about":[{"href":"https:\/\/diarieducacio.cat\/rella\/wp-json\/wp\/v2\/types\/post"}],"author":[{"embeddable":true,"href":"https:\/\/diarieducacio.cat\/rella\/wp-json\/wp\/v2\/users\/1539"}],"replies":[{"embeddable":true,"href":"https:\/\/diarieducacio.cat\/rella\/wp-json\/wp\/v2\/comments?post=500"}],"version-history":[{"count":0,"href":"https:\/\/diarieducacio.cat\/rella\/wp-json\/wp\/v2\/posts\/500\/revisions"}],"wp:featuredmedia":[{"embeddable":true,"href":"https:\/\/diarieducacio.cat\/rella\/wp-json\/wp\/v2\/media\/519"}],"wp:attachment":[{"href":"https:\/\/diarieducacio.cat\/rella\/wp-json\/wp\/v2\/media?parent=500"}],"wp:term":[{"taxonomy":"category","embeddable":true,"href":"https:\/\/diarieducacio.cat\/rella\/wp-json\/wp\/v2\/categories?post=500"},{"taxonomy":"post_tag","embeddable":true,"href":"https:\/\/diarieducacio.cat\/rella\/wp-json\/wp\/v2\/tags?post=500"},{"taxonomy":"tipo","embeddable":true,"href":"https:\/\/diarieducacio.cat\/rella\/wp-json\/wp\/v2\/tipo?post=500"}],"curies":[{"name":"wp","href":"https:\/\/api.w.org\/{rel}","templated":true}]}}