{"id":2996,"date":"2014-03-21T12:44:45","date_gmt":"2014-03-21T11:44:45","guid":{"rendered":"https:\/\/nostalgic-ishizaka.82-223-1-47.plesk.page\/rosasensat\/2014\/03\/21\/com-en-tantes-de-les-questions-que-estem-vivint-daquest-mal-anomenat-ministerio-de-educacion-el-que-practica-son-les-arts-marcials-i-deducacio-en-te-poca-o-gens\/"},"modified":"2014-03-21T12:44:45","modified_gmt":"2014-03-21T11:44:45","slug":"com-en-tantes-de-les-questions-que-estem-vivint-daquest-mal-anomenat-ministerio-de-educacion-el-que-practica-son-les-arts-marcials-i-deducacio-en-te-poca-o-gens","status":"publish","type":"post","link":"https:\/\/diarieducacio.cat\/rosasensat\/2014\/03\/21\/com-en-tantes-de-les-questions-que-estem-vivint-daquest-mal-anomenat-ministerio-de-educacion-el-que-practica-son-les-arts-marcials-i-deducacio-en-te-poca-o-gens\/","title":{"rendered":"\u201cS\u00ed o s\u00ed\u201d"},"content":{"rendered":"<style type=\"text\/css\"><!--\nP { margin-bottom: 0.21cm; direction: ltr; color: rgb(0, 0, 0); widows: 2; orphans: 2; }P.western { font-family: \"Times New Roman\",serif; font-size: 12pt; }P.cjk { font-family: \"Times New Roman\",serif; font-size: 12pt; }P.ctl { font-family: \"Times New Roman\",serif; font-size: 12pt; }\n--><\/style>\n<p align=\"JUSTIFY\"><span style=\"font-family: Arial,sans-serif;\">Fa molts anys, quan els meus fills anaven a escola, van tenir un mestre extraordinari, freneti\u00e0, que els preguntava de manera sorneguera, s\u00ed o s\u00ed? Ells ho recorden amb l\u2019estima que els tenia i pel molt que van aprendre amb ell.<\/span><\/p>\n<p align=\"JUSTIFY\"><span style=\"font-family: Arial,sans-serif;\">Ara la <\/span><span style=\"font-family: Arial,sans-serif;\"><i>Secretaria General del Ministerio<\/i><\/span><span style=\"font-family: Arial,sans-serif;\"> tamb\u00e9 ha dit \u201c<\/span><span style=\"font-family: Arial,sans-serif;\"><i>S\u00ed o S\u00ed\u201d, <\/i><\/span><span style=\"font-family: Arial,sans-serif;\">per\u00f2 que diferent \u00e9s el significat i la intenci\u00f3 d\u2019aquesta disjuntiva. L\u2019una era amable, si es vol sorprenent, per convidar al di\u00e0leg. La d\u2019ara \u00e9s fal\u00b7la\u00e7, autorit\u00e0ria, imperativa, categ\u00f2rica, \u201c<\/span><span style=\"font-family: Arial,sans-serif;\"><i>ordeno y mando\u201d.<\/i><\/span><\/p>\n<p align=\"JUSTIFY\"><span style=\"font-family: Arial,sans-serif;\">Com en tantes de les q\u00fcestions que estem vivint, d\u2019aquest mal anomenat <\/span><span style=\"font-family: Arial,sans-serif;\"><i>Ministerio de Educaci\u00f3n<\/i><\/span><span style=\"font-family: Arial,sans-serif;\">, el que practica s\u00f3n les arts marcials i d\u2019educaci\u00f3 en t\u00e9 poca o gens. La tem\u00e0tica d\u2019aquesta setmana, en aparen\u00e7a, \u00e9s un pas m\u00e9s cap all\u00f2 que sap que ens dol. La q\u00fcesti\u00f3 ling\u00fc\u00edstica, un embat sense cap base social ni acad\u00e8mica. <\/span><\/p>\n<p align=\"JUSTIFY\"><span style=\"font-family: Arial,sans-serif;\">Des del nostre punt de vista s\u2019hi amaguen altres aspectes preocupants tamb\u00e9 de profund calat ideol\u00f2gic: invasi\u00f3 de compet\u00e8ncies, fal\u00b7l\u00e0cia sobre la llibertat de la llibertat d\u2019elecci\u00f3 de les fam\u00edlies, prioritat de l\u2019escola privada, donar m\u00e9s recursos als que menys ho necessiten o tamb\u00e9 fracturar una societat que viu amb pacifica harmonia.<\/span><\/p>\n<p align=\"JUSTIFY\"><span style=\"font-family: Arial,sans-serif;\">Per tant, que quedi clar que direm NO al <\/span><span style=\"font-family: Arial,sans-serif;\"><i>\u201cs\u00ed o s\u00ed<\/i><\/span><span style=\"font-family: Arial,sans-serif;\">\u201d d\u2019aquesta fal\u00b7la\u00e7 disjuntiva perqu\u00e8 el seu autoritarisme no far\u00e0 flaquejar ni un mil\u00b7l\u00edmetre la convicci\u00f3 dels mestres i professors que han protagonitzat amb delicada estima la conviv\u00e8ncia de tots els infants i joves de Catalunya. La conviv\u00e8ncia ling\u00fc\u00edstica, s\u00ed, per\u00f2 tamb\u00e9 de proced\u00e8ncia social i cultural, perqu\u00e8 defensem l\u2019escola sense cap tipus de discriminaci\u00f3, aquella que compensa amb equitat les desigualtats subsistents en la societat. <\/span><\/p>\n","protected":false},"excerpt":{"rendered":"<p>Fa molts anys, quan els meus fills anaven a escola, van tenir un mestre extraordinari, freneti\u00e0, que els preguntava de manera sorneguera, s\u00ed o s\u00ed? Ells ho recorden amb l\u2019estima que els tenia i pel molt que van aprendre amb ell. Ara la Secretaria General del Ministerio tamb\u00e9 ha dit \u201cS\u00ed o S\u00ed\u201d, per\u00f2 que<\/p>\n","protected":false},"author":1,"featured_media":0,"comment_status":"open","ping_status":"open","sticky":false,"template":"","format":"standard","meta":{"footnotes":""},"categories":[2,97,99],"tags":[],"tipo":[],"class_list":{"0":"post-2996","1":"post","2":"type-post","3":"status-publish","4":"format-standard","6":"category-general","7":"category-lomce","8":"category-ministerio"},"yoast_head":"<!-- This site is optimized with the Yoast SEO plugin v27.4 - https:\/\/yoast.com\/product\/yoast-seo-wordpress\/ -->\n<title>\u201cS\u00ed o s\u00ed\u201d - Blog de Rosa Sensat<\/title>\n<meta name=\"robots\" content=\"index, follow, max-snippet:-1, max-image-preview:large, max-video-preview:-1\" \/>\n<link rel=\"canonical\" href=\"https:\/\/diarieducacio.cat\/rosasensat\/2014\/03\/21\/com-en-tantes-de-les-questions-que-estem-vivint-daquest-mal-anomenat-ministerio-de-educacion-el-que-practica-son-les-arts-marcials-i-deducacio-en-te-poca-o-gens\/\" \/>\n<meta property=\"og:locale\" content=\"ca_ES\" \/>\n<meta property=\"og:type\" content=\"article\" \/>\n<meta property=\"og:title\" content=\"\u201cS\u00ed o s\u00ed\u201d - Blog de Rosa Sensat\" \/>\n<meta property=\"og:description\" content=\"Fa molts anys, quan els meus fills anaven a escola, van tenir un mestre extraordinari, freneti\u00e0, que els preguntava de manera sorneguera, s\u00ed o s\u00ed? Ells ho recorden amb l\u2019estima que els tenia i pel molt que van aprendre amb ell. Ara la Secretaria General del Ministerio tamb\u00e9 ha dit \u201cS\u00ed o S\u00ed\u201d, per\u00f2 que\" \/>\n<meta property=\"og:url\" content=\"https:\/\/diarieducacio.cat\/rosasensat\/2014\/03\/21\/com-en-tantes-de-les-questions-que-estem-vivint-daquest-mal-anomenat-ministerio-de-educacion-el-que-practica-son-les-arts-marcials-i-deducacio-en-te-poca-o-gens\/\" \/>\n<meta property=\"og:site_name\" content=\"Blog de Rosa Sensat\" \/>\n<meta property=\"article:published_time\" content=\"2014-03-21T11:44:45+00:00\" \/>\n<meta name=\"author\" content=\"Redacci\u00f3\" \/>\n<meta name=\"twitter:card\" content=\"summary_large_image\" \/>\n<meta name=\"twitter:label1\" content=\"Escrit per\" \/>\n\t<meta name=\"twitter:data1\" content=\"Redacci\u00f3\" \/>\n\t<meta name=\"twitter:label2\" content=\"Temps estimat de lectura\" \/>\n\t<meta name=\"twitter:data2\" content=\"2 minuts\" \/>\n<script type=\"application\/ld+json\" class=\"yoast-schema-graph\">{\"@context\":\"https:\\\/\\\/schema.org\",\"@graph\":[{\"@type\":\"Article\",\"@id\":\"https:\\\/\\\/diarieducacio.cat\\\/rosasensat\\\/2014\\\/03\\\/21\\\/com-en-tantes-de-les-questions-que-estem-vivint-daquest-mal-anomenat-ministerio-de-educacion-el-que-practica-son-les-arts-marcials-i-deducacio-en-te-poca-o-gens\\\/#article\",\"isPartOf\":{\"@id\":\"https:\\\/\\\/diarieducacio.cat\\\/rosasensat\\\/2014\\\/03\\\/21\\\/com-en-tantes-de-les-questions-que-estem-vivint-daquest-mal-anomenat-ministerio-de-educacion-el-que-practica-son-les-arts-marcials-i-deducacio-en-te-poca-o-gens\\\/\"},\"author\":{\"name\":\"Redacci\u00f3\",\"@id\":\"https:\\\/\\\/diarieducacio.cat\\\/rosasensat\\\/#\\\/schema\\\/person\\\/04093d1227f1b01952d6187a5be57900\"},\"headline\":\"\u201cS\u00ed o s\u00ed\u201d\",\"datePublished\":\"2014-03-21T11:44:45+00:00\",\"mainEntityOfPage\":{\"@id\":\"https:\\\/\\\/diarieducacio.cat\\\/rosasensat\\\/2014\\\/03\\\/21\\\/com-en-tantes-de-les-questions-que-estem-vivint-daquest-mal-anomenat-ministerio-de-educacion-el-que-practica-son-les-arts-marcials-i-deducacio-en-te-poca-o-gens\\\/\"},\"wordCount\":312,\"commentCount\":0,\"articleSection\":[\"General\",\"LOMCE\",\"Ministerio\"],\"inLanguage\":\"ca\",\"potentialAction\":[{\"@type\":\"CommentAction\",\"name\":\"Comment\",\"target\":[\"https:\\\/\\\/diarieducacio.cat\\\/rosasensat\\\/2014\\\/03\\\/21\\\/com-en-tantes-de-les-questions-que-estem-vivint-daquest-mal-anomenat-ministerio-de-educacion-el-que-practica-son-les-arts-marcials-i-deducacio-en-te-poca-o-gens\\\/#respond\"]}]},{\"@type\":\"WebPage\",\"@id\":\"https:\\\/\\\/diarieducacio.cat\\\/rosasensat\\\/2014\\\/03\\\/21\\\/com-en-tantes-de-les-questions-que-estem-vivint-daquest-mal-anomenat-ministerio-de-educacion-el-que-practica-son-les-arts-marcials-i-deducacio-en-te-poca-o-gens\\\/\",\"url\":\"https:\\\/\\\/diarieducacio.cat\\\/rosasensat\\\/2014\\\/03\\\/21\\\/com-en-tantes-de-les-questions-que-estem-vivint-daquest-mal-anomenat-ministerio-de-educacion-el-que-practica-son-les-arts-marcials-i-deducacio-en-te-poca-o-gens\\\/\",\"name\":\"\u201cS\u00ed o s\u00ed\u201d - Blog de Rosa Sensat\",\"isPartOf\":{\"@id\":\"https:\\\/\\\/diarieducacio.cat\\\/rosasensat\\\/#website\"},\"datePublished\":\"2014-03-21T11:44:45+00:00\",\"author\":{\"@id\":\"https:\\\/\\\/diarieducacio.cat\\\/rosasensat\\\/#\\\/schema\\\/person\\\/04093d1227f1b01952d6187a5be57900\"},\"breadcrumb\":{\"@id\":\"https:\\\/\\\/diarieducacio.cat\\\/rosasensat\\\/2014\\\/03\\\/21\\\/com-en-tantes-de-les-questions-que-estem-vivint-daquest-mal-anomenat-ministerio-de-educacion-el-que-practica-son-les-arts-marcials-i-deducacio-en-te-poca-o-gens\\\/#breadcrumb\"},\"inLanguage\":\"ca\",\"potentialAction\":[{\"@type\":\"ReadAction\",\"target\":[\"https:\\\/\\\/diarieducacio.cat\\\/rosasensat\\\/2014\\\/03\\\/21\\\/com-en-tantes-de-les-questions-que-estem-vivint-daquest-mal-anomenat-ministerio-de-educacion-el-que-practica-son-les-arts-marcials-i-deducacio-en-te-poca-o-gens\\\/\"]}]},{\"@type\":\"BreadcrumbList\",\"@id\":\"https:\\\/\\\/diarieducacio.cat\\\/rosasensat\\\/2014\\\/03\\\/21\\\/com-en-tantes-de-les-questions-que-estem-vivint-daquest-mal-anomenat-ministerio-de-educacion-el-que-practica-son-les-arts-marcials-i-deducacio-en-te-poca-o-gens\\\/#breadcrumb\",\"itemListElement\":[{\"@type\":\"ListItem\",\"position\":1,\"name\":\"Inici\",\"item\":\"https:\\\/\\\/diarieducacio.cat\\\/rosasensat\\\/\"},{\"@type\":\"ListItem\",\"position\":2,\"name\":\"\u201cS\u00ed o s\u00ed\u201d\"}]},{\"@type\":\"WebSite\",\"@id\":\"https:\\\/\\\/diarieducacio.cat\\\/rosasensat\\\/#website\",\"url\":\"https:\\\/\\\/diarieducacio.cat\\\/rosasensat\\\/\",\"name\":\"Blog de Rosa Sensat\",\"description\":\"\",\"potentialAction\":[{\"@type\":\"SearchAction\",\"target\":{\"@type\":\"EntryPoint\",\"urlTemplate\":\"https:\\\/\\\/diarieducacio.cat\\\/rosasensat\\\/?s={search_term_string}\"},\"query-input\":{\"@type\":\"PropertyValueSpecification\",\"valueRequired\":true,\"valueName\":\"search_term_string\"}}],\"inLanguage\":\"ca\"},{\"@type\":\"Person\",\"@id\":\"https:\\\/\\\/diarieducacio.cat\\\/rosasensat\\\/#\\\/schema\\\/person\\\/04093d1227f1b01952d6187a5be57900\",\"name\":\"Redacci\u00f3\",\"image\":{\"@type\":\"ImageObject\",\"inLanguage\":\"ca\",\"@id\":\"https:\\\/\\\/secure.gravatar.com\\\/avatar\\\/e952ad62e08be1daabaefebd12d26c1e5fbfd687693aaa066db2433a21638ad8?s=96&d=mm&r=g\",\"url\":\"https:\\\/\\\/secure.gravatar.com\\\/avatar\\\/e952ad62e08be1daabaefebd12d26c1e5fbfd687693aaa066db2433a21638ad8?s=96&d=mm&r=g\",\"contentUrl\":\"https:\\\/\\\/secure.gravatar.com\\\/avatar\\\/e952ad62e08be1daabaefebd12d26c1e5fbfd687693aaa066db2433a21638ad8?s=96&d=mm&r=g\",\"caption\":\"Redacci\u00f3\"},\"url\":\"https:\\\/\\\/diarieducacio.cat\\\/rosasensat\\\/author\\\/npenin\\\/\"}]}<\/script>\n<!-- \/ Yoast SEO plugin. -->","yoast_head_json":{"title":"\u201cS\u00ed o s\u00ed\u201d - Blog de Rosa Sensat","robots":{"index":"index","follow":"follow","max-snippet":"max-snippet:-1","max-image-preview":"max-image-preview:large","max-video-preview":"max-video-preview:-1"},"canonical":"https:\/\/diarieducacio.cat\/rosasensat\/2014\/03\/21\/com-en-tantes-de-les-questions-que-estem-vivint-daquest-mal-anomenat-ministerio-de-educacion-el-que-practica-son-les-arts-marcials-i-deducacio-en-te-poca-o-gens\/","og_locale":"ca_ES","og_type":"article","og_title":"\u201cS\u00ed o s\u00ed\u201d - Blog de Rosa Sensat","og_description":"Fa molts anys, quan els meus fills anaven a escola, van tenir un mestre extraordinari, freneti\u00e0, que els preguntava de manera sorneguera, s\u00ed o s\u00ed? Ells ho recorden amb l\u2019estima que els tenia i pel molt que van aprendre amb ell. Ara la Secretaria General del Ministerio tamb\u00e9 ha dit \u201cS\u00ed o S\u00ed\u201d, per\u00f2 que","og_url":"https:\/\/diarieducacio.cat\/rosasensat\/2014\/03\/21\/com-en-tantes-de-les-questions-que-estem-vivint-daquest-mal-anomenat-ministerio-de-educacion-el-que-practica-son-les-arts-marcials-i-deducacio-en-te-poca-o-gens\/","og_site_name":"Blog de Rosa Sensat","article_published_time":"2014-03-21T11:44:45+00:00","author":"Redacci\u00f3","twitter_card":"summary_large_image","twitter_misc":{"Escrit per":"Redacci\u00f3","Temps estimat de lectura":"2 minuts"},"schema":{"@context":"https:\/\/schema.org","@graph":[{"@type":"Article","@id":"https:\/\/diarieducacio.cat\/rosasensat\/2014\/03\/21\/com-en-tantes-de-les-questions-que-estem-vivint-daquest-mal-anomenat-ministerio-de-educacion-el-que-practica-son-les-arts-marcials-i-deducacio-en-te-poca-o-gens\/#article","isPartOf":{"@id":"https:\/\/diarieducacio.cat\/rosasensat\/2014\/03\/21\/com-en-tantes-de-les-questions-que-estem-vivint-daquest-mal-anomenat-ministerio-de-educacion-el-que-practica-son-les-arts-marcials-i-deducacio-en-te-poca-o-gens\/"},"author":{"name":"Redacci\u00f3","@id":"https:\/\/diarieducacio.cat\/rosasensat\/#\/schema\/person\/04093d1227f1b01952d6187a5be57900"},"headline":"\u201cS\u00ed o s\u00ed\u201d","datePublished":"2014-03-21T11:44:45+00:00","mainEntityOfPage":{"@id":"https:\/\/diarieducacio.cat\/rosasensat\/2014\/03\/21\/com-en-tantes-de-les-questions-que-estem-vivint-daquest-mal-anomenat-ministerio-de-educacion-el-que-practica-son-les-arts-marcials-i-deducacio-en-te-poca-o-gens\/"},"wordCount":312,"commentCount":0,"articleSection":["General","LOMCE","Ministerio"],"inLanguage":"ca","potentialAction":[{"@type":"CommentAction","name":"Comment","target":["https:\/\/diarieducacio.cat\/rosasensat\/2014\/03\/21\/com-en-tantes-de-les-questions-que-estem-vivint-daquest-mal-anomenat-ministerio-de-educacion-el-que-practica-son-les-arts-marcials-i-deducacio-en-te-poca-o-gens\/#respond"]}]},{"@type":"WebPage","@id":"https:\/\/diarieducacio.cat\/rosasensat\/2014\/03\/21\/com-en-tantes-de-les-questions-que-estem-vivint-daquest-mal-anomenat-ministerio-de-educacion-el-que-practica-son-les-arts-marcials-i-deducacio-en-te-poca-o-gens\/","url":"https:\/\/diarieducacio.cat\/rosasensat\/2014\/03\/21\/com-en-tantes-de-les-questions-que-estem-vivint-daquest-mal-anomenat-ministerio-de-educacion-el-que-practica-son-les-arts-marcials-i-deducacio-en-te-poca-o-gens\/","name":"\u201cS\u00ed o s\u00ed\u201d - Blog de Rosa Sensat","isPartOf":{"@id":"https:\/\/diarieducacio.cat\/rosasensat\/#website"},"datePublished":"2014-03-21T11:44:45+00:00","author":{"@id":"https:\/\/diarieducacio.cat\/rosasensat\/#\/schema\/person\/04093d1227f1b01952d6187a5be57900"},"breadcrumb":{"@id":"https:\/\/diarieducacio.cat\/rosasensat\/2014\/03\/21\/com-en-tantes-de-les-questions-que-estem-vivint-daquest-mal-anomenat-ministerio-de-educacion-el-que-practica-son-les-arts-marcials-i-deducacio-en-te-poca-o-gens\/#breadcrumb"},"inLanguage":"ca","potentialAction":[{"@type":"ReadAction","target":["https:\/\/diarieducacio.cat\/rosasensat\/2014\/03\/21\/com-en-tantes-de-les-questions-que-estem-vivint-daquest-mal-anomenat-ministerio-de-educacion-el-que-practica-son-les-arts-marcials-i-deducacio-en-te-poca-o-gens\/"]}]},{"@type":"BreadcrumbList","@id":"https:\/\/diarieducacio.cat\/rosasensat\/2014\/03\/21\/com-en-tantes-de-les-questions-que-estem-vivint-daquest-mal-anomenat-ministerio-de-educacion-el-que-practica-son-les-arts-marcials-i-deducacio-en-te-poca-o-gens\/#breadcrumb","itemListElement":[{"@type":"ListItem","position":1,"name":"Inici","item":"https:\/\/diarieducacio.cat\/rosasensat\/"},{"@type":"ListItem","position":2,"name":"\u201cS\u00ed o s\u00ed\u201d"}]},{"@type":"WebSite","@id":"https:\/\/diarieducacio.cat\/rosasensat\/#website","url":"https:\/\/diarieducacio.cat\/rosasensat\/","name":"Blog de Rosa Sensat","description":"","potentialAction":[{"@type":"SearchAction","target":{"@type":"EntryPoint","urlTemplate":"https:\/\/diarieducacio.cat\/rosasensat\/?s={search_term_string}"},"query-input":{"@type":"PropertyValueSpecification","valueRequired":true,"valueName":"search_term_string"}}],"inLanguage":"ca"},{"@type":"Person","@id":"https:\/\/diarieducacio.cat\/rosasensat\/#\/schema\/person\/04093d1227f1b01952d6187a5be57900","name":"Redacci\u00f3","image":{"@type":"ImageObject","inLanguage":"ca","@id":"https:\/\/secure.gravatar.com\/avatar\/e952ad62e08be1daabaefebd12d26c1e5fbfd687693aaa066db2433a21638ad8?s=96&d=mm&r=g","url":"https:\/\/secure.gravatar.com\/avatar\/e952ad62e08be1daabaefebd12d26c1e5fbfd687693aaa066db2433a21638ad8?s=96&d=mm&r=g","contentUrl":"https:\/\/secure.gravatar.com\/avatar\/e952ad62e08be1daabaefebd12d26c1e5fbfd687693aaa066db2433a21638ad8?s=96&d=mm&r=g","caption":"Redacci\u00f3"},"url":"https:\/\/diarieducacio.cat\/rosasensat\/author\/npenin\/"}]}},"_links":{"self":[{"href":"https:\/\/diarieducacio.cat\/rosasensat\/wp-json\/wp\/v2\/posts\/2996","targetHints":{"allow":["GET"]}}],"collection":[{"href":"https:\/\/diarieducacio.cat\/rosasensat\/wp-json\/wp\/v2\/posts"}],"about":[{"href":"https:\/\/diarieducacio.cat\/rosasensat\/wp-json\/wp\/v2\/types\/post"}],"author":[{"embeddable":true,"href":"https:\/\/diarieducacio.cat\/rosasensat\/wp-json\/wp\/v2\/users\/1"}],"replies":[{"embeddable":true,"href":"https:\/\/diarieducacio.cat\/rosasensat\/wp-json\/wp\/v2\/comments?post=2996"}],"version-history":[{"count":0,"href":"https:\/\/diarieducacio.cat\/rosasensat\/wp-json\/wp\/v2\/posts\/2996\/revisions"}],"wp:attachment":[{"href":"https:\/\/diarieducacio.cat\/rosasensat\/wp-json\/wp\/v2\/media?parent=2996"}],"wp:term":[{"taxonomy":"category","embeddable":true,"href":"https:\/\/diarieducacio.cat\/rosasensat\/wp-json\/wp\/v2\/categories?post=2996"},{"taxonomy":"post_tag","embeddable":true,"href":"https:\/\/diarieducacio.cat\/rosasensat\/wp-json\/wp\/v2\/tags?post=2996"},{"taxonomy":"tipo","embeddable":true,"href":"https:\/\/diarieducacio.cat\/rosasensat\/wp-json\/wp\/v2\/tipo?post=2996"}],"curies":[{"name":"wp","href":"https:\/\/api.w.org\/{rel}","templated":true}]}}