{"id":2997,"date":"2014-03-25T07:41:19","date_gmt":"2014-03-25T06:41:19","guid":{"rendered":"https:\/\/nostalgic-ishizaka.82-223-1-47.plesk.page\/rosasensat\/2014\/03\/25\/escola-publica-la-de-tothom-i-per-a-tothom\/"},"modified":"2014-03-25T07:41:19","modified_gmt":"2014-03-25T06:41:19","slug":"escola-publica-la-de-tothom-i-per-a-tothom","status":"publish","type":"post","link":"https:\/\/diarieducacio.cat\/rosasensat\/2014\/03\/25\/escola-publica-la-de-tothom-i-per-a-tothom\/","title":{"rendered":"Escola p\u00fablica, la de tothom i per a tothom?"},"content":{"rendered":"<p>Fa molts anys que es va lluitar perqu\u00e8 l\u2019escola p\u00fablica fos de tothom i per a tothom. Una escola que fos inclusiva, propera, oberta, amb recursos, arrelada al territori i amb mestres per la renovaci\u00f3 pedag\u00f2gica. Una escola equitativa, justa i democr\u00e0tica amb l\u2019objectiu d\u2019oferir i vetllar per la igualtat d\u2019oportunitats. I aix\u00f2 no vol dir que tots haguem de ser iguals, sin\u00f3 que des de la rica i extraordin\u00e0ria diversitat tinguem les mateixes oportunitats. I sobretot una escola gratu\u00efta.<\/p>\n<p>L\u2019escola p\u00fablica fou, i ha de continuar sent, aquell espai on les experi\u00e8ncies de pedagogia i de valors de l\u2019Escola Nova continu\u00efn vigents: la pedagogia activa, l\u2019infant protagonista, el mestre que acompanya i no instrueix, el respecte, la llibertat, la democr\u00e0cia, una escola de tots i per a tots&#8230;per tant, una escola del segle XXI.<\/p>\n<p>Aquests valors de renovaci\u00f3 pedag\u00f2gica que haurien de ser els principis de fons de l\u2019educaci\u00f3 els estem convertint en productes de venda dels projectes educatius, un fidel reflex del m\u00f3n mercantil al que ens empenyen constantment. Les fam\u00edlies, conscients que l\u2019educaci\u00f3 necessita un canvi allunyant-se de l\u2019escola tradicional hereva del franquisme que continua instaurada en les nostres escoles, \u201ccompren\u201d aquestes projectes com una novetat excepcional i \u201calternativa\u201d, quan hauria de ser all\u00f2 generalitzat i pel que hauria de vetllar l\u2019Administraci\u00f3 a trav\u00e9s de la formaci\u00f3 continuada, la renovaci\u00f3 pedag\u00f2gica i la inversi\u00f3 dels recursos necessaris per tirar endavant l\u2019educaci\u00f3 del pa\u00eds.<\/p>\n<p>Que la continu\u00eftat dels projectes est\u00e0 amena\u00e7ada per les retallades de l\u2019Administraci\u00f3 \u00e9s una dura i trista realitat, i per poder garantir els recursos que confereixen qualitat al projecte, moltes escoles p\u00fabliques han de trobar altres f\u00f3rmules de finan\u00e7ament. El que poso en q\u00fcesti\u00f3 \u00e9s l\u2019equitat i la igualtat d\u2019oportunitats davant aquest fet.<\/p>\n<p>En un context econ\u00f2mic com el que vivim, demanar certs esfor\u00e7os a les fam\u00edlies provoca, d\u2019entrada, desestimar la tria de l\u2019escola. \u00a0En el cas de les escoles bressol, ning\u00fa ho dubta. L\u2019augment de quotes per part dels Ajuntaments ha fet que moltes fam\u00edlies no puguin assumir-les, i hagin de renunciar a la pla\u00e7a.<\/p>\n<p>El binomi projecte de qualitat-cost afegit per les fam\u00edlies est\u00e0 provocant que \u00a0aquella escola p\u00fablica de tothom i per a tothom (tal com defineix el diccionari la paraula \u201cp\u00fablic\u201d) es converteixi en l\u2019escola d\u2019uns quants, la dels que hi volen anar per convicci\u00f3 i la dels que poden assumir aquesta despesa afegida.<\/p>\n<p>Per\u00f2 llavors, a qu\u00e8 estem reduint l\u2019escola p\u00fablica? L\u2019escola p\u00fablica ha de ser diversa. I el que ha de fer l\u2019Administraci\u00f3 \u00e9s vetllar per fer extensius projectes educatius de qualitat, que donin resposta a la societat en la que vivim, per\u00f2 tamb\u00e9 en la que volem viure en un futur.<\/p>\n<p>L\u2019Administraci\u00f3 est\u00e0 condemnant l&#8217;escola p\u00fablica a ser la dels pobres, i sense voler, els mestres amb la millor de les intencions, i el comprom\u00eds de no renunciar a \u00a0projectes de qualitat, \u00a0col\u00b7laborem a que hi hagi escoles per a uns i escoles per a uns altres.<\/p>\n<p>En uns temps en que la crisi que m\u00e9s ens pesa \u00e9s la dels valors, cal fer una aturada per pensar en all\u00f2 que fem, per qu\u00e8 ho fem, i quin valor s\u2019hi amaga al darrera, perqu\u00e8 sense adonar-nos i immersos com estem en aquest m\u00f3n que ens arrossega, contribu\u00efm a convertir l\u2019escola p\u00fablica en una escola de classe.<\/p>\n","protected":false},"excerpt":{"rendered":"<p>En uns temps en que la crisi que m\u00e9s ens pesa \u00e9s la dels valors, cal fer una aturada per pensar en all\u00f2 que fem, per qu\u00e8 ho fem, i quin valor s\u2019hi amaga al darrera, perqu\u00e8 sense adonar-nos i immersos com estem en aquest m\u00f3n que ens arrossega, contribu\u00efm a convertir l\u2019escola p\u00fablica en una escola de classe.<\/p>\n","protected":false},"author":1,"featured_media":0,"comment_status":"open","ping_status":"open","sticky":false,"template":"","format":"standard","meta":{"footnotes":""},"categories":[100,2],"tags":[],"tipo":[],"class_list":{"0":"post-2997","1":"post","2":"type-post","3":"status-publish","4":"format-standard","6":"category-escola-publica","7":"category-general"},"yoast_head":"<!-- This site is optimized with the Yoast SEO plugin v27.4 - https:\/\/yoast.com\/product\/yoast-seo-wordpress\/ -->\n<title>Escola p\u00fablica, la de tothom i per a tothom? - Blog de Rosa Sensat<\/title>\n<meta name=\"robots\" content=\"index, follow, max-snippet:-1, max-image-preview:large, max-video-preview:-1\" \/>\n<link rel=\"canonical\" href=\"https:\/\/diarieducacio.cat\/rosasensat\/2014\/03\/25\/escola-publica-la-de-tothom-i-per-a-tothom\/\" \/>\n<meta property=\"og:locale\" content=\"ca_ES\" \/>\n<meta property=\"og:type\" content=\"article\" \/>\n<meta property=\"og:title\" content=\"Escola p\u00fablica, la de tothom i per a tothom? - Blog de Rosa Sensat\" \/>\n<meta property=\"og:description\" content=\"En uns temps en que la crisi que m\u00e9s ens pesa \u00e9s la dels valors, cal fer una aturada per pensar en all\u00f2 que fem, per qu\u00e8 ho fem, i quin valor s\u2019hi amaga al darrera, perqu\u00e8 sense adonar-nos i immersos com estem en aquest m\u00f3n que ens arrossega, contribu\u00efm a convertir l\u2019escola p\u00fablica en una escola de classe.\" \/>\n<meta property=\"og:url\" content=\"https:\/\/diarieducacio.cat\/rosasensat\/2014\/03\/25\/escola-publica-la-de-tothom-i-per-a-tothom\/\" \/>\n<meta property=\"og:site_name\" content=\"Blog de Rosa Sensat\" \/>\n<meta property=\"article:published_time\" content=\"2014-03-25T06:41:19+00:00\" \/>\n<meta name=\"author\" content=\"Redacci\u00f3\" \/>\n<meta name=\"twitter:card\" content=\"summary_large_image\" \/>\n<meta name=\"twitter:label1\" content=\"Escrit per\" \/>\n\t<meta name=\"twitter:data1\" content=\"Redacci\u00f3\" \/>\n\t<meta name=\"twitter:label2\" content=\"Temps estimat de lectura\" \/>\n\t<meta name=\"twitter:data2\" content=\"3 minuts\" \/>\n<script type=\"application\/ld+json\" class=\"yoast-schema-graph\">{\"@context\":\"https:\\\/\\\/schema.org\",\"@graph\":[{\"@type\":\"Article\",\"@id\":\"https:\\\/\\\/diarieducacio.cat\\\/rosasensat\\\/2014\\\/03\\\/25\\\/escola-publica-la-de-tothom-i-per-a-tothom\\\/#article\",\"isPartOf\":{\"@id\":\"https:\\\/\\\/diarieducacio.cat\\\/rosasensat\\\/2014\\\/03\\\/25\\\/escola-publica-la-de-tothom-i-per-a-tothom\\\/\"},\"author\":{\"name\":\"Redacci\u00f3\",\"@id\":\"https:\\\/\\\/diarieducacio.cat\\\/rosasensat\\\/#\\\/schema\\\/person\\\/04093d1227f1b01952d6187a5be57900\"},\"headline\":\"Escola p\u00fablica, la de tothom i per a tothom?\",\"datePublished\":\"2014-03-25T06:41:19+00:00\",\"mainEntityOfPage\":{\"@id\":\"https:\\\/\\\/diarieducacio.cat\\\/rosasensat\\\/2014\\\/03\\\/25\\\/escola-publica-la-de-tothom-i-per-a-tothom\\\/\"},\"wordCount\":625,\"commentCount\":0,\"articleSection\":[\"Escola p\u00fablica\",\"General\"],\"inLanguage\":\"ca\",\"potentialAction\":[{\"@type\":\"CommentAction\",\"name\":\"Comment\",\"target\":[\"https:\\\/\\\/diarieducacio.cat\\\/rosasensat\\\/2014\\\/03\\\/25\\\/escola-publica-la-de-tothom-i-per-a-tothom\\\/#respond\"]}]},{\"@type\":\"WebPage\",\"@id\":\"https:\\\/\\\/diarieducacio.cat\\\/rosasensat\\\/2014\\\/03\\\/25\\\/escola-publica-la-de-tothom-i-per-a-tothom\\\/\",\"url\":\"https:\\\/\\\/diarieducacio.cat\\\/rosasensat\\\/2014\\\/03\\\/25\\\/escola-publica-la-de-tothom-i-per-a-tothom\\\/\",\"name\":\"Escola p\u00fablica, la de tothom i per a tothom? - Blog de Rosa Sensat\",\"isPartOf\":{\"@id\":\"https:\\\/\\\/diarieducacio.cat\\\/rosasensat\\\/#website\"},\"datePublished\":\"2014-03-25T06:41:19+00:00\",\"author\":{\"@id\":\"https:\\\/\\\/diarieducacio.cat\\\/rosasensat\\\/#\\\/schema\\\/person\\\/04093d1227f1b01952d6187a5be57900\"},\"breadcrumb\":{\"@id\":\"https:\\\/\\\/diarieducacio.cat\\\/rosasensat\\\/2014\\\/03\\\/25\\\/escola-publica-la-de-tothom-i-per-a-tothom\\\/#breadcrumb\"},\"inLanguage\":\"ca\",\"potentialAction\":[{\"@type\":\"ReadAction\",\"target\":[\"https:\\\/\\\/diarieducacio.cat\\\/rosasensat\\\/2014\\\/03\\\/25\\\/escola-publica-la-de-tothom-i-per-a-tothom\\\/\"]}]},{\"@type\":\"BreadcrumbList\",\"@id\":\"https:\\\/\\\/diarieducacio.cat\\\/rosasensat\\\/2014\\\/03\\\/25\\\/escola-publica-la-de-tothom-i-per-a-tothom\\\/#breadcrumb\",\"itemListElement\":[{\"@type\":\"ListItem\",\"position\":1,\"name\":\"Inici\",\"item\":\"https:\\\/\\\/diarieducacio.cat\\\/rosasensat\\\/\"},{\"@type\":\"ListItem\",\"position\":2,\"name\":\"Escola p\u00fablica, la de tothom i per a tothom?\"}]},{\"@type\":\"WebSite\",\"@id\":\"https:\\\/\\\/diarieducacio.cat\\\/rosasensat\\\/#website\",\"url\":\"https:\\\/\\\/diarieducacio.cat\\\/rosasensat\\\/\",\"name\":\"Blog de Rosa Sensat\",\"description\":\"\",\"potentialAction\":[{\"@type\":\"SearchAction\",\"target\":{\"@type\":\"EntryPoint\",\"urlTemplate\":\"https:\\\/\\\/diarieducacio.cat\\\/rosasensat\\\/?s={search_term_string}\"},\"query-input\":{\"@type\":\"PropertyValueSpecification\",\"valueRequired\":true,\"valueName\":\"search_term_string\"}}],\"inLanguage\":\"ca\"},{\"@type\":\"Person\",\"@id\":\"https:\\\/\\\/diarieducacio.cat\\\/rosasensat\\\/#\\\/schema\\\/person\\\/04093d1227f1b01952d6187a5be57900\",\"name\":\"Redacci\u00f3\",\"image\":{\"@type\":\"ImageObject\",\"inLanguage\":\"ca\",\"@id\":\"https:\\\/\\\/secure.gravatar.com\\\/avatar\\\/e952ad62e08be1daabaefebd12d26c1e5fbfd687693aaa066db2433a21638ad8?s=96&d=mm&r=g\",\"url\":\"https:\\\/\\\/secure.gravatar.com\\\/avatar\\\/e952ad62e08be1daabaefebd12d26c1e5fbfd687693aaa066db2433a21638ad8?s=96&d=mm&r=g\",\"contentUrl\":\"https:\\\/\\\/secure.gravatar.com\\\/avatar\\\/e952ad62e08be1daabaefebd12d26c1e5fbfd687693aaa066db2433a21638ad8?s=96&d=mm&r=g\",\"caption\":\"Redacci\u00f3\"},\"url\":\"https:\\\/\\\/diarieducacio.cat\\\/rosasensat\\\/author\\\/npenin\\\/\"}]}<\/script>\n<!-- \/ Yoast SEO plugin. -->","yoast_head_json":{"title":"Escola p\u00fablica, la de tothom i per a tothom? - Blog de Rosa Sensat","robots":{"index":"index","follow":"follow","max-snippet":"max-snippet:-1","max-image-preview":"max-image-preview:large","max-video-preview":"max-video-preview:-1"},"canonical":"https:\/\/diarieducacio.cat\/rosasensat\/2014\/03\/25\/escola-publica-la-de-tothom-i-per-a-tothom\/","og_locale":"ca_ES","og_type":"article","og_title":"Escola p\u00fablica, la de tothom i per a tothom? - Blog de Rosa Sensat","og_description":"En uns temps en que la crisi que m\u00e9s ens pesa \u00e9s la dels valors, cal fer una aturada per pensar en all\u00f2 que fem, per qu\u00e8 ho fem, i quin valor s\u2019hi amaga al darrera, perqu\u00e8 sense adonar-nos i immersos com estem en aquest m\u00f3n que ens arrossega, contribu\u00efm a convertir l\u2019escola p\u00fablica en una escola de classe.","og_url":"https:\/\/diarieducacio.cat\/rosasensat\/2014\/03\/25\/escola-publica-la-de-tothom-i-per-a-tothom\/","og_site_name":"Blog de Rosa Sensat","article_published_time":"2014-03-25T06:41:19+00:00","author":"Redacci\u00f3","twitter_card":"summary_large_image","twitter_misc":{"Escrit per":"Redacci\u00f3","Temps estimat de lectura":"3 minuts"},"schema":{"@context":"https:\/\/schema.org","@graph":[{"@type":"Article","@id":"https:\/\/diarieducacio.cat\/rosasensat\/2014\/03\/25\/escola-publica-la-de-tothom-i-per-a-tothom\/#article","isPartOf":{"@id":"https:\/\/diarieducacio.cat\/rosasensat\/2014\/03\/25\/escola-publica-la-de-tothom-i-per-a-tothom\/"},"author":{"name":"Redacci\u00f3","@id":"https:\/\/diarieducacio.cat\/rosasensat\/#\/schema\/person\/04093d1227f1b01952d6187a5be57900"},"headline":"Escola p\u00fablica, la de tothom i per a tothom?","datePublished":"2014-03-25T06:41:19+00:00","mainEntityOfPage":{"@id":"https:\/\/diarieducacio.cat\/rosasensat\/2014\/03\/25\/escola-publica-la-de-tothom-i-per-a-tothom\/"},"wordCount":625,"commentCount":0,"articleSection":["Escola p\u00fablica","General"],"inLanguage":"ca","potentialAction":[{"@type":"CommentAction","name":"Comment","target":["https:\/\/diarieducacio.cat\/rosasensat\/2014\/03\/25\/escola-publica-la-de-tothom-i-per-a-tothom\/#respond"]}]},{"@type":"WebPage","@id":"https:\/\/diarieducacio.cat\/rosasensat\/2014\/03\/25\/escola-publica-la-de-tothom-i-per-a-tothom\/","url":"https:\/\/diarieducacio.cat\/rosasensat\/2014\/03\/25\/escola-publica-la-de-tothom-i-per-a-tothom\/","name":"Escola p\u00fablica, la de tothom i per a tothom? - Blog de Rosa Sensat","isPartOf":{"@id":"https:\/\/diarieducacio.cat\/rosasensat\/#website"},"datePublished":"2014-03-25T06:41:19+00:00","author":{"@id":"https:\/\/diarieducacio.cat\/rosasensat\/#\/schema\/person\/04093d1227f1b01952d6187a5be57900"},"breadcrumb":{"@id":"https:\/\/diarieducacio.cat\/rosasensat\/2014\/03\/25\/escola-publica-la-de-tothom-i-per-a-tothom\/#breadcrumb"},"inLanguage":"ca","potentialAction":[{"@type":"ReadAction","target":["https:\/\/diarieducacio.cat\/rosasensat\/2014\/03\/25\/escola-publica-la-de-tothom-i-per-a-tothom\/"]}]},{"@type":"BreadcrumbList","@id":"https:\/\/diarieducacio.cat\/rosasensat\/2014\/03\/25\/escola-publica-la-de-tothom-i-per-a-tothom\/#breadcrumb","itemListElement":[{"@type":"ListItem","position":1,"name":"Inici","item":"https:\/\/diarieducacio.cat\/rosasensat\/"},{"@type":"ListItem","position":2,"name":"Escola p\u00fablica, la de tothom i per a tothom?"}]},{"@type":"WebSite","@id":"https:\/\/diarieducacio.cat\/rosasensat\/#website","url":"https:\/\/diarieducacio.cat\/rosasensat\/","name":"Blog de Rosa Sensat","description":"","potentialAction":[{"@type":"SearchAction","target":{"@type":"EntryPoint","urlTemplate":"https:\/\/diarieducacio.cat\/rosasensat\/?s={search_term_string}"},"query-input":{"@type":"PropertyValueSpecification","valueRequired":true,"valueName":"search_term_string"}}],"inLanguage":"ca"},{"@type":"Person","@id":"https:\/\/diarieducacio.cat\/rosasensat\/#\/schema\/person\/04093d1227f1b01952d6187a5be57900","name":"Redacci\u00f3","image":{"@type":"ImageObject","inLanguage":"ca","@id":"https:\/\/secure.gravatar.com\/avatar\/e952ad62e08be1daabaefebd12d26c1e5fbfd687693aaa066db2433a21638ad8?s=96&d=mm&r=g","url":"https:\/\/secure.gravatar.com\/avatar\/e952ad62e08be1daabaefebd12d26c1e5fbfd687693aaa066db2433a21638ad8?s=96&d=mm&r=g","contentUrl":"https:\/\/secure.gravatar.com\/avatar\/e952ad62e08be1daabaefebd12d26c1e5fbfd687693aaa066db2433a21638ad8?s=96&d=mm&r=g","caption":"Redacci\u00f3"},"url":"https:\/\/diarieducacio.cat\/rosasensat\/author\/npenin\/"}]}},"_links":{"self":[{"href":"https:\/\/diarieducacio.cat\/rosasensat\/wp-json\/wp\/v2\/posts\/2997","targetHints":{"allow":["GET"]}}],"collection":[{"href":"https:\/\/diarieducacio.cat\/rosasensat\/wp-json\/wp\/v2\/posts"}],"about":[{"href":"https:\/\/diarieducacio.cat\/rosasensat\/wp-json\/wp\/v2\/types\/post"}],"author":[{"embeddable":true,"href":"https:\/\/diarieducacio.cat\/rosasensat\/wp-json\/wp\/v2\/users\/1"}],"replies":[{"embeddable":true,"href":"https:\/\/diarieducacio.cat\/rosasensat\/wp-json\/wp\/v2\/comments?post=2997"}],"version-history":[{"count":0,"href":"https:\/\/diarieducacio.cat\/rosasensat\/wp-json\/wp\/v2\/posts\/2997\/revisions"}],"wp:attachment":[{"href":"https:\/\/diarieducacio.cat\/rosasensat\/wp-json\/wp\/v2\/media?parent=2997"}],"wp:term":[{"taxonomy":"category","embeddable":true,"href":"https:\/\/diarieducacio.cat\/rosasensat\/wp-json\/wp\/v2\/categories?post=2997"},{"taxonomy":"post_tag","embeddable":true,"href":"https:\/\/diarieducacio.cat\/rosasensat\/wp-json\/wp\/v2\/tags?post=2997"},{"taxonomy":"tipo","embeddable":true,"href":"https:\/\/diarieducacio.cat\/rosasensat\/wp-json\/wp\/v2\/tipo?post=2997"}],"curies":[{"name":"wp","href":"https:\/\/api.w.org\/{rel}","templated":true}]}}