{"id":2998,"date":"2014-04-02T05:48:19","date_gmt":"2014-04-02T03:48:19","guid":{"rendered":"https:\/\/nostalgic-ishizaka.82-223-1-47.plesk.page\/rosasensat\/2014\/04\/02\/i-encara-discutim-si-les-tic-son-bones-o-dolentes\/"},"modified":"2014-04-02T05:48:19","modified_gmt":"2014-04-02T03:48:19","slug":"i-encara-discutim-si-les-tic-son-bones-o-dolentes","status":"publish","type":"post","link":"https:\/\/diarieducacio.cat\/rosasensat\/2014\/04\/02\/i-encara-discutim-si-les-tic-son-bones-o-dolentes\/","title":{"rendered":"I encara discutim si les TIC s\u00f3n bones o dolentes!"},"content":{"rendered":"<p>En el marc del cicle \u2018Els debats de RecerCaixa\u2019 organitzat per &#8220;La Caixa&#8221; i l&#8217;Associaci\u00f3 Catalana d&#8217;Universitats P\u00fabliques, el passat 27 de mar\u00e7 va tenir lloc un debat titulat \u201cTIC i educaci\u00f3: beneficis i impacte social\u201d.<\/p>\n<p>S\u00ed, ho heu llegit b\u00e9: mar\u00e7 de 2014. I encara debatem si les tecnologies de la informaci\u00f3 i la comunicaci\u00f3 representen un benefici per a l\u2019educaci\u00f3? He fet la resta, m\u2019han sortit 25 anys des que vaig fer el meu primer curs d\u2019inform\u00e0tica (llavors es deia aix\u00ed). Si en fa d\u2019anys que en parlem. I encara discutim si les TIC s\u00f3n bones o dolentes!<\/p>\n<p>Doncs per sort, el debat va per una banda i l\u2019activitat de les aules per una altra. Per sort tot aquest temps no hem parat de treballar i un bon munt de docents hem introdu\u00eft TIC a les aules, des de fa un grapat d\u2019anys. I per qu\u00e8 ho hem fet i ho fem aix\u00ed? Perqu\u00e8 les TIC s\u00f3n part de la nostra vida de cada dia i per tant, tamb\u00e9 ho s\u00f3n del treball a l\u2019aula. Aix\u00ed de clar. Com no podria ser d\u2019una altra manera. Per\u00f2 \u00e9s aix\u00ed de simple a totes les escoles i instituts? Potser no tant com voldr\u00edem&#8230; Ni tant com la vida del dins i del fora l\u2019escola es troben tan sovint com caldria.<\/p>\n<p>Beneficis? Molt\u00edssims. Una altra cosa \u00e9s com es fa. Com es va dir en el debat, s\u2019utilitzen les TIC per traspassar la informaci\u00f3, per\u00f2 no com a eina d\u2019aprenentatge. I aix\u00f2 qu\u00e8 vol dir? Doncs que majorit\u00e0riament (excepcions al marge, que n\u2019hi ha!) es fa servir la PDI com a pissarra digital, per\u00f2 no com a interactiva, perqu\u00e8 l\u2019\u00fanic que utilitza la pissarra \u00e9s el professorat i l\u2019alumnat continua sent el receptor passiu.<\/p>\n<p>S\u2019apr\u00e8n diferent amb les TIC? S\u2019apr\u00e8n m\u00e9s? Ha canviat el concepte d\u2019autoritat a l\u2019aula? Es pot parlar de bones pr\u00e0ctiques sense TIC? Doncs, no em s\u00e9 imaginar cap seq\u00fc\u00e8ncia did\u00e0ctica, en qu\u00e8 en algun moment no intervingui una eina anomenada TIC. Com tampoc no em s\u00e9 imaginar una seq\u00fc\u00e8ncia did\u00e0ctica en qu\u00e8 en cap moment es faci servir llapis i paper.<\/p>\n<p>I \u00e9s que en q\u00fcesti\u00f3 de m\u00e8tode, els docents, encara practiquem (excepcions al marge, que tamb\u00e9 n\u2019hi ha!) all\u00f2 de l\u2019ensenyar tal com em van ensenyar a mi. I per aix\u00f2 encara fem servir la pissarra, digital o no, i el llibre de text, o no, com a \u00fanica font d\u2019informaci\u00f3, i com a \u00fanica autoritat. I tots els alumnes de l\u2019aula fan el mateix al mateix temps, tant siguin de secund\u00e0ria, com de prim\u00e0ria, o fins i tot de parvulari. I aix\u00f2, pobres TIC no ho poden canviar. Es podria canviar amb una formaci\u00f3 inicial diferent?<\/p>\n","protected":false},"excerpt":{"rendered":"<p>En el marc del cicle \u2018Els debats de RecerCaixa\u2019 organitzat per &#8220;La Caixa&#8221; i l&#8217;Associaci\u00f3 Catalana d&#8217;Universitats P\u00fabliques, el passat 27 de mar\u00e7 va tenir lloc un debat titulat \u201cTIC i educaci\u00f3: beneficis i impacte social\u201d. S\u00ed, ho heu llegit b\u00e9: mar\u00e7 de 2014. I encara debatem si les tecnologies de la informaci\u00f3 i la<\/p>\n","protected":false},"author":124,"featured_media":0,"comment_status":"open","ping_status":"open","sticky":false,"template":"","format":"standard","meta":{"footnotes":""},"categories":[2],"tags":[],"tipo":[],"class_list":{"0":"post-2998","1":"post","2":"type-post","3":"status-publish","4":"format-standard","6":"category-general"},"yoast_head":"<!-- This site is optimized with the Yoast SEO plugin v27.4 - https:\/\/yoast.com\/product\/yoast-seo-wordpress\/ -->\n<title>I encara discutim si les TIC s\u00f3n bones o dolentes! - Blog de Rosa Sensat<\/title>\n<meta name=\"robots\" content=\"index, follow, max-snippet:-1, max-image-preview:large, max-video-preview:-1\" \/>\n<link rel=\"canonical\" href=\"https:\/\/diarieducacio.cat\/rosasensat\/2014\/04\/02\/i-encara-discutim-si-les-tic-son-bones-o-dolentes\/\" \/>\n<meta property=\"og:locale\" content=\"ca_ES\" \/>\n<meta property=\"og:type\" content=\"article\" \/>\n<meta property=\"og:title\" content=\"I encara discutim si les TIC s\u00f3n bones o dolentes! - Blog de Rosa Sensat\" \/>\n<meta property=\"og:description\" content=\"En el marc del cicle \u2018Els debats de RecerCaixa\u2019 organitzat per &#8220;La Caixa&#8221; i l&#8217;Associaci\u00f3 Catalana d&#8217;Universitats P\u00fabliques, el passat 27 de mar\u00e7 va tenir lloc un debat titulat \u201cTIC i educaci\u00f3: beneficis i impacte social\u201d. S\u00ed, ho heu llegit b\u00e9: mar\u00e7 de 2014. I encara debatem si les tecnologies de la informaci\u00f3 i la\" \/>\n<meta property=\"og:url\" content=\"https:\/\/diarieducacio.cat\/rosasensat\/2014\/04\/02\/i-encara-discutim-si-les-tic-son-bones-o-dolentes\/\" \/>\n<meta property=\"og:site_name\" content=\"Blog de Rosa Sensat\" \/>\n<meta property=\"article:published_time\" content=\"2014-04-02T03:48:19+00:00\" \/>\n<meta name=\"author\" content=\"Marta Pla i Llum\u00e0\" \/>\n<meta name=\"twitter:card\" content=\"summary_large_image\" \/>\n<meta name=\"twitter:label1\" content=\"Escrit per\" \/>\n\t<meta name=\"twitter:data1\" content=\"Marta Pla i Llum\u00e0\" \/>\n\t<meta name=\"twitter:label2\" content=\"Temps estimat de lectura\" \/>\n\t<meta name=\"twitter:data2\" content=\"2 minuts\" \/>\n<script type=\"application\/ld+json\" class=\"yoast-schema-graph\">{\"@context\":\"https:\\\/\\\/schema.org\",\"@graph\":[{\"@type\":\"Article\",\"@id\":\"https:\\\/\\\/diarieducacio.cat\\\/rosasensat\\\/2014\\\/04\\\/02\\\/i-encara-discutim-si-les-tic-son-bones-o-dolentes\\\/#article\",\"isPartOf\":{\"@id\":\"https:\\\/\\\/diarieducacio.cat\\\/rosasensat\\\/2014\\\/04\\\/02\\\/i-encara-discutim-si-les-tic-son-bones-o-dolentes\\\/\"},\"author\":{\"name\":\"Marta Pla i Llum\u00e0\",\"@id\":\"https:\\\/\\\/diarieducacio.cat\\\/rosasensat\\\/#\\\/schema\\\/person\\\/39293baef3d1fe95121c50d3014511c2\"},\"headline\":\"I encara discutim si les TIC s\u00f3n bones o dolentes!\",\"datePublished\":\"2014-04-02T03:48:19+00:00\",\"mainEntityOfPage\":{\"@id\":\"https:\\\/\\\/diarieducacio.cat\\\/rosasensat\\\/2014\\\/04\\\/02\\\/i-encara-discutim-si-les-tic-son-bones-o-dolentes\\\/\"},\"wordCount\":504,\"commentCount\":0,\"articleSection\":[\"General\"],\"inLanguage\":\"ca\",\"potentialAction\":[{\"@type\":\"CommentAction\",\"name\":\"Comment\",\"target\":[\"https:\\\/\\\/diarieducacio.cat\\\/rosasensat\\\/2014\\\/04\\\/02\\\/i-encara-discutim-si-les-tic-son-bones-o-dolentes\\\/#respond\"]}]},{\"@type\":\"WebPage\",\"@id\":\"https:\\\/\\\/diarieducacio.cat\\\/rosasensat\\\/2014\\\/04\\\/02\\\/i-encara-discutim-si-les-tic-son-bones-o-dolentes\\\/\",\"url\":\"https:\\\/\\\/diarieducacio.cat\\\/rosasensat\\\/2014\\\/04\\\/02\\\/i-encara-discutim-si-les-tic-son-bones-o-dolentes\\\/\",\"name\":\"I encara discutim si les TIC s\u00f3n bones o dolentes! - Blog de Rosa Sensat\",\"isPartOf\":{\"@id\":\"https:\\\/\\\/diarieducacio.cat\\\/rosasensat\\\/#website\"},\"datePublished\":\"2014-04-02T03:48:19+00:00\",\"author\":{\"@id\":\"https:\\\/\\\/diarieducacio.cat\\\/rosasensat\\\/#\\\/schema\\\/person\\\/39293baef3d1fe95121c50d3014511c2\"},\"breadcrumb\":{\"@id\":\"https:\\\/\\\/diarieducacio.cat\\\/rosasensat\\\/2014\\\/04\\\/02\\\/i-encara-discutim-si-les-tic-son-bones-o-dolentes\\\/#breadcrumb\"},\"inLanguage\":\"ca\",\"potentialAction\":[{\"@type\":\"ReadAction\",\"target\":[\"https:\\\/\\\/diarieducacio.cat\\\/rosasensat\\\/2014\\\/04\\\/02\\\/i-encara-discutim-si-les-tic-son-bones-o-dolentes\\\/\"]}]},{\"@type\":\"BreadcrumbList\",\"@id\":\"https:\\\/\\\/diarieducacio.cat\\\/rosasensat\\\/2014\\\/04\\\/02\\\/i-encara-discutim-si-les-tic-son-bones-o-dolentes\\\/#breadcrumb\",\"itemListElement\":[{\"@type\":\"ListItem\",\"position\":1,\"name\":\"Inici\",\"item\":\"https:\\\/\\\/diarieducacio.cat\\\/rosasensat\\\/\"},{\"@type\":\"ListItem\",\"position\":2,\"name\":\"I encara discutim si les TIC s\u00f3n bones o dolentes!\"}]},{\"@type\":\"WebSite\",\"@id\":\"https:\\\/\\\/diarieducacio.cat\\\/rosasensat\\\/#website\",\"url\":\"https:\\\/\\\/diarieducacio.cat\\\/rosasensat\\\/\",\"name\":\"Blog de Rosa Sensat\",\"description\":\"\",\"potentialAction\":[{\"@type\":\"SearchAction\",\"target\":{\"@type\":\"EntryPoint\",\"urlTemplate\":\"https:\\\/\\\/diarieducacio.cat\\\/rosasensat\\\/?s={search_term_string}\"},\"query-input\":{\"@type\":\"PropertyValueSpecification\",\"valueRequired\":true,\"valueName\":\"search_term_string\"}}],\"inLanguage\":\"ca\"},{\"@type\":\"Person\",\"@id\":\"https:\\\/\\\/diarieducacio.cat\\\/rosasensat\\\/#\\\/schema\\\/person\\\/39293baef3d1fe95121c50d3014511c2\",\"name\":\"Marta Pla i Llum\u00e0\",\"image\":{\"@type\":\"ImageObject\",\"inLanguage\":\"ca\",\"@id\":\"https:\\\/\\\/diarieducacio.cat\\\/wp-content\\\/uploads\\\/2024\\\/11\\\/marta-pla-i-lluma_avatar-96x96.jpg\",\"url\":\"https:\\\/\\\/diarieducacio.cat\\\/wp-content\\\/uploads\\\/2024\\\/11\\\/marta-pla-i-lluma_avatar-96x96.jpg\",\"contentUrl\":\"https:\\\/\\\/diarieducacio.cat\\\/wp-content\\\/uploads\\\/2024\\\/11\\\/marta-pla-i-lluma_avatar-96x96.jpg\",\"caption\":\"Marta Pla i Llum\u00e0\"},\"url\":\"https:\\\/\\\/diarieducacio.cat\\\/rosasensat\\\/author\\\/mpla\\\/\"}]}<\/script>\n<!-- \/ Yoast SEO plugin. -->","yoast_head_json":{"title":"I encara discutim si les TIC s\u00f3n bones o dolentes! - Blog de Rosa Sensat","robots":{"index":"index","follow":"follow","max-snippet":"max-snippet:-1","max-image-preview":"max-image-preview:large","max-video-preview":"max-video-preview:-1"},"canonical":"https:\/\/diarieducacio.cat\/rosasensat\/2014\/04\/02\/i-encara-discutim-si-les-tic-son-bones-o-dolentes\/","og_locale":"ca_ES","og_type":"article","og_title":"I encara discutim si les TIC s\u00f3n bones o dolentes! - Blog de Rosa Sensat","og_description":"En el marc del cicle \u2018Els debats de RecerCaixa\u2019 organitzat per &#8220;La Caixa&#8221; i l&#8217;Associaci\u00f3 Catalana d&#8217;Universitats P\u00fabliques, el passat 27 de mar\u00e7 va tenir lloc un debat titulat \u201cTIC i educaci\u00f3: beneficis i impacte social\u201d. S\u00ed, ho heu llegit b\u00e9: mar\u00e7 de 2014. I encara debatem si les tecnologies de la informaci\u00f3 i la","og_url":"https:\/\/diarieducacio.cat\/rosasensat\/2014\/04\/02\/i-encara-discutim-si-les-tic-son-bones-o-dolentes\/","og_site_name":"Blog de Rosa Sensat","article_published_time":"2014-04-02T03:48:19+00:00","author":"Marta Pla i Llum\u00e0","twitter_card":"summary_large_image","twitter_misc":{"Escrit per":"Marta Pla i Llum\u00e0","Temps estimat de lectura":"2 minuts"},"schema":{"@context":"https:\/\/schema.org","@graph":[{"@type":"Article","@id":"https:\/\/diarieducacio.cat\/rosasensat\/2014\/04\/02\/i-encara-discutim-si-les-tic-son-bones-o-dolentes\/#article","isPartOf":{"@id":"https:\/\/diarieducacio.cat\/rosasensat\/2014\/04\/02\/i-encara-discutim-si-les-tic-son-bones-o-dolentes\/"},"author":{"name":"Marta Pla i Llum\u00e0","@id":"https:\/\/diarieducacio.cat\/rosasensat\/#\/schema\/person\/39293baef3d1fe95121c50d3014511c2"},"headline":"I encara discutim si les TIC s\u00f3n bones o dolentes!","datePublished":"2014-04-02T03:48:19+00:00","mainEntityOfPage":{"@id":"https:\/\/diarieducacio.cat\/rosasensat\/2014\/04\/02\/i-encara-discutim-si-les-tic-son-bones-o-dolentes\/"},"wordCount":504,"commentCount":0,"articleSection":["General"],"inLanguage":"ca","potentialAction":[{"@type":"CommentAction","name":"Comment","target":["https:\/\/diarieducacio.cat\/rosasensat\/2014\/04\/02\/i-encara-discutim-si-les-tic-son-bones-o-dolentes\/#respond"]}]},{"@type":"WebPage","@id":"https:\/\/diarieducacio.cat\/rosasensat\/2014\/04\/02\/i-encara-discutim-si-les-tic-son-bones-o-dolentes\/","url":"https:\/\/diarieducacio.cat\/rosasensat\/2014\/04\/02\/i-encara-discutim-si-les-tic-son-bones-o-dolentes\/","name":"I encara discutim si les TIC s\u00f3n bones o dolentes! - Blog de Rosa Sensat","isPartOf":{"@id":"https:\/\/diarieducacio.cat\/rosasensat\/#website"},"datePublished":"2014-04-02T03:48:19+00:00","author":{"@id":"https:\/\/diarieducacio.cat\/rosasensat\/#\/schema\/person\/39293baef3d1fe95121c50d3014511c2"},"breadcrumb":{"@id":"https:\/\/diarieducacio.cat\/rosasensat\/2014\/04\/02\/i-encara-discutim-si-les-tic-son-bones-o-dolentes\/#breadcrumb"},"inLanguage":"ca","potentialAction":[{"@type":"ReadAction","target":["https:\/\/diarieducacio.cat\/rosasensat\/2014\/04\/02\/i-encara-discutim-si-les-tic-son-bones-o-dolentes\/"]}]},{"@type":"BreadcrumbList","@id":"https:\/\/diarieducacio.cat\/rosasensat\/2014\/04\/02\/i-encara-discutim-si-les-tic-son-bones-o-dolentes\/#breadcrumb","itemListElement":[{"@type":"ListItem","position":1,"name":"Inici","item":"https:\/\/diarieducacio.cat\/rosasensat\/"},{"@type":"ListItem","position":2,"name":"I encara discutim si les TIC s\u00f3n bones o dolentes!"}]},{"@type":"WebSite","@id":"https:\/\/diarieducacio.cat\/rosasensat\/#website","url":"https:\/\/diarieducacio.cat\/rosasensat\/","name":"Blog de Rosa Sensat","description":"","potentialAction":[{"@type":"SearchAction","target":{"@type":"EntryPoint","urlTemplate":"https:\/\/diarieducacio.cat\/rosasensat\/?s={search_term_string}"},"query-input":{"@type":"PropertyValueSpecification","valueRequired":true,"valueName":"search_term_string"}}],"inLanguage":"ca"},{"@type":"Person","@id":"https:\/\/diarieducacio.cat\/rosasensat\/#\/schema\/person\/39293baef3d1fe95121c50d3014511c2","name":"Marta Pla i Llum\u00e0","image":{"@type":"ImageObject","inLanguage":"ca","@id":"https:\/\/diarieducacio.cat\/wp-content\/uploads\/2024\/11\/marta-pla-i-lluma_avatar-96x96.jpg","url":"https:\/\/diarieducacio.cat\/wp-content\/uploads\/2024\/11\/marta-pla-i-lluma_avatar-96x96.jpg","contentUrl":"https:\/\/diarieducacio.cat\/wp-content\/uploads\/2024\/11\/marta-pla-i-lluma_avatar-96x96.jpg","caption":"Marta Pla i Llum\u00e0"},"url":"https:\/\/diarieducacio.cat\/rosasensat\/author\/mpla\/"}]}},"_links":{"self":[{"href":"https:\/\/diarieducacio.cat\/rosasensat\/wp-json\/wp\/v2\/posts\/2998","targetHints":{"allow":["GET"]}}],"collection":[{"href":"https:\/\/diarieducacio.cat\/rosasensat\/wp-json\/wp\/v2\/posts"}],"about":[{"href":"https:\/\/diarieducacio.cat\/rosasensat\/wp-json\/wp\/v2\/types\/post"}],"author":[{"embeddable":true,"href":"https:\/\/diarieducacio.cat\/rosasensat\/wp-json\/wp\/v2\/users\/124"}],"replies":[{"embeddable":true,"href":"https:\/\/diarieducacio.cat\/rosasensat\/wp-json\/wp\/v2\/comments?post=2998"}],"version-history":[{"count":0,"href":"https:\/\/diarieducacio.cat\/rosasensat\/wp-json\/wp\/v2\/posts\/2998\/revisions"}],"wp:attachment":[{"href":"https:\/\/diarieducacio.cat\/rosasensat\/wp-json\/wp\/v2\/media?parent=2998"}],"wp:term":[{"taxonomy":"category","embeddable":true,"href":"https:\/\/diarieducacio.cat\/rosasensat\/wp-json\/wp\/v2\/categories?post=2998"},{"taxonomy":"post_tag","embeddable":true,"href":"https:\/\/diarieducacio.cat\/rosasensat\/wp-json\/wp\/v2\/tags?post=2998"},{"taxonomy":"tipo","embeddable":true,"href":"https:\/\/diarieducacio.cat\/rosasensat\/wp-json\/wp\/v2\/tipo?post=2998"}],"curies":[{"name":"wp","href":"https:\/\/api.w.org\/{rel}","templated":true}]}}