{"id":3009,"date":"2014-06-12T05:44:18","date_gmt":"2014-06-12T03:44:18","guid":{"rendered":"https:\/\/nostalgic-ishizaka.82-223-1-47.plesk.page\/rosasensat\/2014\/06\/12\/un-govern-contra-lescola\/"},"modified":"2014-06-12T05:44:18","modified_gmt":"2014-06-12T03:44:18","slug":"un-govern-contra-lescola","status":"publish","type":"post","link":"https:\/\/diarieducacio.cat\/rosasensat\/2014\/06\/12\/un-govern-contra-lescola\/","title":{"rendered":"Un govern contra l\u2019escola"},"content":{"rendered":"<p>Fa pocs dies un mestre amic i company de les Illes ens va fer arribar un nou llibre per a la biblioteca de l\u2019Associaci\u00f3 \u201cEls tentacles de les tenebres\u201d de Marcel\u00b7l\u00ed Guerrero.<\/p>\n<p>\u00c9s un llibret petit, de lectura f\u00e0cil, moderat en el llenguatge, per\u00f2 en el fons \u00e9s la descripci\u00f3 d\u2019una realitat, un quadern de trinxera, escrit sota la urg\u00e8ncia d\u2019un setge sense treva, enfront de l\u2019ofensiva d\u2019una infanteria de grups ultradretans que utilitzen totes les seves armes per generar por amb amenaces i expedients disciplinaris.<\/p>\n<p>Aquest, ser\u00e0 un curs inoblidable per als mestres, professors i fam\u00edlies de les Illes, perqu\u00e8 \u00e9s en aquest tipus de\u00a0 situacions que emergeix el m\u00e9s noble i el m\u00e9s baix de la nostre esp\u00e8cie.<\/p>\n<p>El setembre es va constituir l\u2019assemblea de docents despr\u00e9s de les diverses iniciatives que, durant el curs anterior, s\u2019havien anat produ\u00eft a l\u2019albir de les normes que anava imposant el govern acompanyades de la disminuci\u00f3 de recursos.<\/p>\n<p>L\u2019esclat de setembre va ser sorprenent tant per la resposta massiva, unit\u00e0ria com per la seva capacitat de cohesionar i donar protagonisme al conjunt de la societat. Va ser per aquesta civilitat que Rosa Sensat els atorg\u00e0 el Guard\u00f3 Marta Mata 2013. Per la seva capacitat de generar un moviment social a favor de l\u2019educaci\u00f3 p\u00fablica i la defensa de la llengua del poble, que ha produ\u00eft i ha significat un desvetllar d\u2019alegria.<\/p>\n<p>Alegria de veure tanta empatia i col\u00b7laboraci\u00f3 en diferents \u00e0mbits, perqu\u00e8 ha augmentat la confian\u00e7a entre els mestres i les fam\u00edlies, perqu\u00e8 s\u2019ha fet patent que l\u2019educaci\u00f3 \u00e9s inseparable de la cultura (arts pl\u00e0stiques, m\u00fasica, literatura&#8230;), perqu\u00e8 s\u2019ha vist tanta gent en moviment a favor de l\u2019educaci\u00f3, perqu\u00e8 tanta gent estan dient de maneres diferents que l\u2019educaci\u00f3 \u00e9s important.<\/p>\n<p>Un moviment ciutad\u00e0 tan potent, que ha fet possible la recuperaci\u00f3 de la dignitat d&#8217;aquells que cada dia treballem per fer la feina ben feta a favor dels infants i els joves.<\/p>\n<p>Ara, per tancar el curs, el govern atorga a la inspecci\u00f3, la funci\u00f3 de fer \u201ccontrol ideol\u00f2gic\u201d. Per a tots aquells mestres i escoles que, en favor dels infants i els joves, segueixin fent all\u00f2 que \u00e9s positiu per a la seva emancipaci\u00f3, que vol dir la capacitat de tenir opini\u00f3 pr\u00f2pia i desenvolupar la seva capacitat d\u2019aprendre.<\/p>\n<p>Si us fos possible companyes i companys de les Illes, la unitat que vareu aconseguir el setembre torna a ser necess\u00e0ria i ara fent objecci\u00f3 de consci\u00e8ncia, objecci\u00f3 de consci\u00e8ncia que tamb\u00e9 demanem que facin la inspecci\u00f3 i les direccions.<\/p>\n<p>Les circumstancies actuals permeten afirmar que<i> l\u2019obedi\u00e8ncia ja no \u00e9s una virtut<\/i>, com ens va ensenyar don Milani, el capell\u00e0 de l\u2019escola de Barbiana.<\/p>\n","protected":false},"excerpt":{"rendered":"<p>Fa pocs dies un mestre amic i company de les Illes ens va fer arribar un nou llibre per a la biblioteca de l\u2019Associaci\u00f3 \u201cEls tentacles de les tenebres\u201d de Marcel\u00b7l\u00ed Guerrero. \u00c9s un llibret petit, de lectura f\u00e0cil, moderat en el llenguatge, per\u00f2 en el fons \u00e9s la descripci\u00f3 d\u2019una realitat, un quadern de<\/p>\n","protected":false},"author":1,"featured_media":0,"comment_status":"open","ping_status":"open","sticky":false,"template":"","format":"standard","meta":{"footnotes":""},"categories":[100,2,97],"tags":[],"tipo":[],"class_list":{"0":"post-3009","1":"post","2":"type-post","3":"status-publish","4":"format-standard","6":"category-escola-publica","7":"category-general","8":"category-lomce"},"yoast_head":"<!-- This site is optimized with the Yoast SEO plugin v27.4 - https:\/\/yoast.com\/product\/yoast-seo-wordpress\/ -->\n<title>Un govern contra l\u2019escola - Blog de Rosa Sensat<\/title>\n<meta name=\"robots\" content=\"index, follow, max-snippet:-1, max-image-preview:large, max-video-preview:-1\" \/>\n<link rel=\"canonical\" href=\"https:\/\/diarieducacio.cat\/rosasensat\/2014\/06\/12\/un-govern-contra-lescola\/\" \/>\n<meta property=\"og:locale\" content=\"ca_ES\" \/>\n<meta property=\"og:type\" content=\"article\" \/>\n<meta property=\"og:title\" content=\"Un govern contra l\u2019escola - Blog de Rosa Sensat\" \/>\n<meta property=\"og:description\" content=\"Fa pocs dies un mestre amic i company de les Illes ens va fer arribar un nou llibre per a la biblioteca de l\u2019Associaci\u00f3 \u201cEls tentacles de les tenebres\u201d de Marcel\u00b7l\u00ed Guerrero. \u00c9s un llibret petit, de lectura f\u00e0cil, moderat en el llenguatge, per\u00f2 en el fons \u00e9s la descripci\u00f3 d\u2019una realitat, un quadern de\" \/>\n<meta property=\"og:url\" content=\"https:\/\/diarieducacio.cat\/rosasensat\/2014\/06\/12\/un-govern-contra-lescola\/\" \/>\n<meta property=\"og:site_name\" content=\"Blog de Rosa Sensat\" \/>\n<meta property=\"article:published_time\" content=\"2014-06-12T03:44:18+00:00\" \/>\n<meta name=\"author\" content=\"Redacci\u00f3\" \/>\n<meta name=\"twitter:card\" content=\"summary_large_image\" \/>\n<meta name=\"twitter:label1\" content=\"Escrit per\" \/>\n\t<meta name=\"twitter:data1\" content=\"Redacci\u00f3\" \/>\n\t<meta name=\"twitter:label2\" content=\"Temps estimat de lectura\" \/>\n\t<meta name=\"twitter:data2\" content=\"2 minuts\" \/>\n<script type=\"application\/ld+json\" class=\"yoast-schema-graph\">{\"@context\":\"https:\\\/\\\/schema.org\",\"@graph\":[{\"@type\":\"Article\",\"@id\":\"https:\\\/\\\/diarieducacio.cat\\\/rosasensat\\\/2014\\\/06\\\/12\\\/un-govern-contra-lescola\\\/#article\",\"isPartOf\":{\"@id\":\"https:\\\/\\\/diarieducacio.cat\\\/rosasensat\\\/2014\\\/06\\\/12\\\/un-govern-contra-lescola\\\/\"},\"author\":{\"name\":\"Redacci\u00f3\",\"@id\":\"https:\\\/\\\/diarieducacio.cat\\\/rosasensat\\\/#\\\/schema\\\/person\\\/04093d1227f1b01952d6187a5be57900\"},\"headline\":\"Un govern contra l\u2019escola\",\"datePublished\":\"2014-06-12T03:44:18+00:00\",\"mainEntityOfPage\":{\"@id\":\"https:\\\/\\\/diarieducacio.cat\\\/rosasensat\\\/2014\\\/06\\\/12\\\/un-govern-contra-lescola\\\/\"},\"wordCount\":490,\"commentCount\":0,\"articleSection\":[\"Escola p\u00fablica\",\"General\",\"LOMCE\"],\"inLanguage\":\"ca\",\"potentialAction\":[{\"@type\":\"CommentAction\",\"name\":\"Comment\",\"target\":[\"https:\\\/\\\/diarieducacio.cat\\\/rosasensat\\\/2014\\\/06\\\/12\\\/un-govern-contra-lescola\\\/#respond\"]}]},{\"@type\":\"WebPage\",\"@id\":\"https:\\\/\\\/diarieducacio.cat\\\/rosasensat\\\/2014\\\/06\\\/12\\\/un-govern-contra-lescola\\\/\",\"url\":\"https:\\\/\\\/diarieducacio.cat\\\/rosasensat\\\/2014\\\/06\\\/12\\\/un-govern-contra-lescola\\\/\",\"name\":\"Un govern contra l\u2019escola - Blog de Rosa Sensat\",\"isPartOf\":{\"@id\":\"https:\\\/\\\/diarieducacio.cat\\\/rosasensat\\\/#website\"},\"datePublished\":\"2014-06-12T03:44:18+00:00\",\"author\":{\"@id\":\"https:\\\/\\\/diarieducacio.cat\\\/rosasensat\\\/#\\\/schema\\\/person\\\/04093d1227f1b01952d6187a5be57900\"},\"breadcrumb\":{\"@id\":\"https:\\\/\\\/diarieducacio.cat\\\/rosasensat\\\/2014\\\/06\\\/12\\\/un-govern-contra-lescola\\\/#breadcrumb\"},\"inLanguage\":\"ca\",\"potentialAction\":[{\"@type\":\"ReadAction\",\"target\":[\"https:\\\/\\\/diarieducacio.cat\\\/rosasensat\\\/2014\\\/06\\\/12\\\/un-govern-contra-lescola\\\/\"]}]},{\"@type\":\"BreadcrumbList\",\"@id\":\"https:\\\/\\\/diarieducacio.cat\\\/rosasensat\\\/2014\\\/06\\\/12\\\/un-govern-contra-lescola\\\/#breadcrumb\",\"itemListElement\":[{\"@type\":\"ListItem\",\"position\":1,\"name\":\"Inici\",\"item\":\"https:\\\/\\\/diarieducacio.cat\\\/rosasensat\\\/\"},{\"@type\":\"ListItem\",\"position\":2,\"name\":\"Un govern contra l\u2019escola\"}]},{\"@type\":\"WebSite\",\"@id\":\"https:\\\/\\\/diarieducacio.cat\\\/rosasensat\\\/#website\",\"url\":\"https:\\\/\\\/diarieducacio.cat\\\/rosasensat\\\/\",\"name\":\"Blog de Rosa Sensat\",\"description\":\"\",\"potentialAction\":[{\"@type\":\"SearchAction\",\"target\":{\"@type\":\"EntryPoint\",\"urlTemplate\":\"https:\\\/\\\/diarieducacio.cat\\\/rosasensat\\\/?s={search_term_string}\"},\"query-input\":{\"@type\":\"PropertyValueSpecification\",\"valueRequired\":true,\"valueName\":\"search_term_string\"}}],\"inLanguage\":\"ca\"},{\"@type\":\"Person\",\"@id\":\"https:\\\/\\\/diarieducacio.cat\\\/rosasensat\\\/#\\\/schema\\\/person\\\/04093d1227f1b01952d6187a5be57900\",\"name\":\"Redacci\u00f3\",\"image\":{\"@type\":\"ImageObject\",\"inLanguage\":\"ca\",\"@id\":\"https:\\\/\\\/secure.gravatar.com\\\/avatar\\\/e952ad62e08be1daabaefebd12d26c1e5fbfd687693aaa066db2433a21638ad8?s=96&d=mm&r=g\",\"url\":\"https:\\\/\\\/secure.gravatar.com\\\/avatar\\\/e952ad62e08be1daabaefebd12d26c1e5fbfd687693aaa066db2433a21638ad8?s=96&d=mm&r=g\",\"contentUrl\":\"https:\\\/\\\/secure.gravatar.com\\\/avatar\\\/e952ad62e08be1daabaefebd12d26c1e5fbfd687693aaa066db2433a21638ad8?s=96&d=mm&r=g\",\"caption\":\"Redacci\u00f3\"},\"url\":\"https:\\\/\\\/diarieducacio.cat\\\/rosasensat\\\/author\\\/npenin\\\/\"}]}<\/script>\n<!-- \/ Yoast SEO plugin. -->","yoast_head_json":{"title":"Un govern contra l\u2019escola - Blog de Rosa Sensat","robots":{"index":"index","follow":"follow","max-snippet":"max-snippet:-1","max-image-preview":"max-image-preview:large","max-video-preview":"max-video-preview:-1"},"canonical":"https:\/\/diarieducacio.cat\/rosasensat\/2014\/06\/12\/un-govern-contra-lescola\/","og_locale":"ca_ES","og_type":"article","og_title":"Un govern contra l\u2019escola - Blog de Rosa Sensat","og_description":"Fa pocs dies un mestre amic i company de les Illes ens va fer arribar un nou llibre per a la biblioteca de l\u2019Associaci\u00f3 \u201cEls tentacles de les tenebres\u201d de Marcel\u00b7l\u00ed Guerrero. \u00c9s un llibret petit, de lectura f\u00e0cil, moderat en el llenguatge, per\u00f2 en el fons \u00e9s la descripci\u00f3 d\u2019una realitat, un quadern de","og_url":"https:\/\/diarieducacio.cat\/rosasensat\/2014\/06\/12\/un-govern-contra-lescola\/","og_site_name":"Blog de Rosa Sensat","article_published_time":"2014-06-12T03:44:18+00:00","author":"Redacci\u00f3","twitter_card":"summary_large_image","twitter_misc":{"Escrit per":"Redacci\u00f3","Temps estimat de lectura":"2 minuts"},"schema":{"@context":"https:\/\/schema.org","@graph":[{"@type":"Article","@id":"https:\/\/diarieducacio.cat\/rosasensat\/2014\/06\/12\/un-govern-contra-lescola\/#article","isPartOf":{"@id":"https:\/\/diarieducacio.cat\/rosasensat\/2014\/06\/12\/un-govern-contra-lescola\/"},"author":{"name":"Redacci\u00f3","@id":"https:\/\/diarieducacio.cat\/rosasensat\/#\/schema\/person\/04093d1227f1b01952d6187a5be57900"},"headline":"Un govern contra l\u2019escola","datePublished":"2014-06-12T03:44:18+00:00","mainEntityOfPage":{"@id":"https:\/\/diarieducacio.cat\/rosasensat\/2014\/06\/12\/un-govern-contra-lescola\/"},"wordCount":490,"commentCount":0,"articleSection":["Escola p\u00fablica","General","LOMCE"],"inLanguage":"ca","potentialAction":[{"@type":"CommentAction","name":"Comment","target":["https:\/\/diarieducacio.cat\/rosasensat\/2014\/06\/12\/un-govern-contra-lescola\/#respond"]}]},{"@type":"WebPage","@id":"https:\/\/diarieducacio.cat\/rosasensat\/2014\/06\/12\/un-govern-contra-lescola\/","url":"https:\/\/diarieducacio.cat\/rosasensat\/2014\/06\/12\/un-govern-contra-lescola\/","name":"Un govern contra l\u2019escola - Blog de Rosa Sensat","isPartOf":{"@id":"https:\/\/diarieducacio.cat\/rosasensat\/#website"},"datePublished":"2014-06-12T03:44:18+00:00","author":{"@id":"https:\/\/diarieducacio.cat\/rosasensat\/#\/schema\/person\/04093d1227f1b01952d6187a5be57900"},"breadcrumb":{"@id":"https:\/\/diarieducacio.cat\/rosasensat\/2014\/06\/12\/un-govern-contra-lescola\/#breadcrumb"},"inLanguage":"ca","potentialAction":[{"@type":"ReadAction","target":["https:\/\/diarieducacio.cat\/rosasensat\/2014\/06\/12\/un-govern-contra-lescola\/"]}]},{"@type":"BreadcrumbList","@id":"https:\/\/diarieducacio.cat\/rosasensat\/2014\/06\/12\/un-govern-contra-lescola\/#breadcrumb","itemListElement":[{"@type":"ListItem","position":1,"name":"Inici","item":"https:\/\/diarieducacio.cat\/rosasensat\/"},{"@type":"ListItem","position":2,"name":"Un govern contra l\u2019escola"}]},{"@type":"WebSite","@id":"https:\/\/diarieducacio.cat\/rosasensat\/#website","url":"https:\/\/diarieducacio.cat\/rosasensat\/","name":"Blog de Rosa Sensat","description":"","potentialAction":[{"@type":"SearchAction","target":{"@type":"EntryPoint","urlTemplate":"https:\/\/diarieducacio.cat\/rosasensat\/?s={search_term_string}"},"query-input":{"@type":"PropertyValueSpecification","valueRequired":true,"valueName":"search_term_string"}}],"inLanguage":"ca"},{"@type":"Person","@id":"https:\/\/diarieducacio.cat\/rosasensat\/#\/schema\/person\/04093d1227f1b01952d6187a5be57900","name":"Redacci\u00f3","image":{"@type":"ImageObject","inLanguage":"ca","@id":"https:\/\/secure.gravatar.com\/avatar\/e952ad62e08be1daabaefebd12d26c1e5fbfd687693aaa066db2433a21638ad8?s=96&d=mm&r=g","url":"https:\/\/secure.gravatar.com\/avatar\/e952ad62e08be1daabaefebd12d26c1e5fbfd687693aaa066db2433a21638ad8?s=96&d=mm&r=g","contentUrl":"https:\/\/secure.gravatar.com\/avatar\/e952ad62e08be1daabaefebd12d26c1e5fbfd687693aaa066db2433a21638ad8?s=96&d=mm&r=g","caption":"Redacci\u00f3"},"url":"https:\/\/diarieducacio.cat\/rosasensat\/author\/npenin\/"}]}},"_links":{"self":[{"href":"https:\/\/diarieducacio.cat\/rosasensat\/wp-json\/wp\/v2\/posts\/3009","targetHints":{"allow":["GET"]}}],"collection":[{"href":"https:\/\/diarieducacio.cat\/rosasensat\/wp-json\/wp\/v2\/posts"}],"about":[{"href":"https:\/\/diarieducacio.cat\/rosasensat\/wp-json\/wp\/v2\/types\/post"}],"author":[{"embeddable":true,"href":"https:\/\/diarieducacio.cat\/rosasensat\/wp-json\/wp\/v2\/users\/1"}],"replies":[{"embeddable":true,"href":"https:\/\/diarieducacio.cat\/rosasensat\/wp-json\/wp\/v2\/comments?post=3009"}],"version-history":[{"count":0,"href":"https:\/\/diarieducacio.cat\/rosasensat\/wp-json\/wp\/v2\/posts\/3009\/revisions"}],"wp:attachment":[{"href":"https:\/\/diarieducacio.cat\/rosasensat\/wp-json\/wp\/v2\/media?parent=3009"}],"wp:term":[{"taxonomy":"category","embeddable":true,"href":"https:\/\/diarieducacio.cat\/rosasensat\/wp-json\/wp\/v2\/categories?post=3009"},{"taxonomy":"post_tag","embeddable":true,"href":"https:\/\/diarieducacio.cat\/rosasensat\/wp-json\/wp\/v2\/tags?post=3009"},{"taxonomy":"tipo","embeddable":true,"href":"https:\/\/diarieducacio.cat\/rosasensat\/wp-json\/wp\/v2\/tipo?post=3009"}],"curies":[{"name":"wp","href":"https:\/\/api.w.org\/{rel}","templated":true}]}}