{"id":3010,"date":"2014-06-17T07:09:39","date_gmt":"2014-06-17T05:09:39","guid":{"rendered":"https:\/\/nostalgic-ishizaka.82-223-1-47.plesk.page\/rosasensat\/2014\/06\/17\/barcelona-inclusiva\/"},"modified":"2014-06-17T07:09:39","modified_gmt":"2014-06-17T05:09:39","slug":"barcelona-inclusiva","status":"publish","type":"post","link":"https:\/\/diarieducacio.cat\/rosasensat\/2014\/06\/17\/barcelona-inclusiva\/","title":{"rendered":"Barcelona inclusiva?"},"content":{"rendered":"<p>A principis de juny es va celebrar a Barcelona el Congr\u00e9s <a href=\"http:\/\/barcelonainclusiva2014.net\/congreso\/?lang=ca\"><i>Barcelona Inclusiva 2014<\/i><\/a> (1r Congr\u00e9s Internacional d\u2019Orientaci\u00f3 per a una Societat Inclusiva). La mateixa setmana es va presentar a la seu de l&#8217;ONCE el darrer n\u00famero de la revista <a href=\"http:\/\/www2.rosasensat.org\/revistes\/perspectiva-escolar\/numero\/375\"><i>Perspectiva Escolar<\/i>: <i>L&#8217;escola sense adjectius<\/i><\/a>, monogr\u00e0fic dedicat tamb\u00e9 a la escola inclusiva. I per m\u00e9s coincid\u00e8ncies, la mateixa setmana rebo una trucada de la presidenta de l&#8217;AMPA de l&#8217;escola del meus fills, comunicant-me que el meu fill de quatre anys no podr\u00e0 assistir al casal d&#8217;estiu que organitza l&#8217;AMPA. El motiu: manca de recursos i monitors amateurs que no es poden responsabilitzar de nens que surten dels est\u00e0ndards, diguem-ne \u201cnecessitats educatives especials\u201d, com \u00e9s el cas del meu fill.<\/p>\n<p>Quan penjo el tel\u00e8fon, no em puc creure que sigui a Barcelona, el 2014, i que hagi tingut aquesta conversa. Vivim en una societat inclusiva? Em pensava que s\u00ed. Per\u00f2 l\u2019AMPA de l\u2019escola no t\u00e9 en compte a l\u2019hora d\u2019organitzar el casal d\u2019estiu, el fet que aquest aculli tots els nens i les nenes de l\u2019escola. De fet em diuen, i aix\u00f2 \u00e9s el m\u00e9s decebedor, que ni s\u2019ho han plantejat. Per qu\u00e8? Es tracta nom\u00e9s d\u2019una manca de recursos?<\/p>\n<p>Al costat del recursos, pel quals hem de continuar lluitant, cal tamb\u00e9 una sensibilitat al respecte. I sobretot prendre la responsabilitat com a mestres, educadors i ciutadans de tenir la mirada atenta per construir una societat en aquest sentit. Tal com diu Josep Maria Jarque en l\u2019article que obre el n\u00famero de <i>Perspectiva Escolar<\/i>: \u201cEvidentment que s\u00f3n necessaris els recursos, per\u00f2 mai poden convertir-se en una excusa per excloure un infant d\u2019una escola. Primer ha de ser l\u2019acceptaci\u00f3, nom\u00e9s despr\u00e9s hem de lluitar per disposar dels recursos necessaris\u201d.<\/p>\n<p>Hem avan\u00e7at molt, i tot el debat sobre la societat inclusiva en congressos, articles i recollit en les lleis ha donat els seus fruits. Per tot aix\u00f2 el meu fill podr\u00e0 gaudir d&#8217;un casal d&#8217;estiu, perqu\u00e8 l\u2019Ajuntament contempla una oferta prou \u00e0mplia perqu\u00e8 tots els nens i nenes de la ciutat tinguin activitats de lleure amb experi\u00e8ncies riques i engrescadores.<\/p>\n<p>I llavors \u00e9s quan veus que els recursos hi s\u00f3n, per\u00f2 que no estan sempre distribu\u00efts amb l\u2019objectiu de crear una societat m\u00e9s justa i inclusiva. Per sort s\u2019est\u00e0 fent cam\u00ed en aquesta direcci\u00f3, per\u00f2 encara ens cal molt per millorar.<\/p>\n<p>Barcelona \u00e9s inclusiva, ll\u00e0stima que algunes escoles no.<\/p>\n","protected":false},"excerpt":{"rendered":"<p>A principis de juny es va celebrar a Barcelona el Congr\u00e9s Barcelona Inclusiva 2014 (1r Congr\u00e9s Internacional d\u2019Orientaci\u00f3 per a una Societat Inclusiva). La mateixa setmana es va presentar a la seu de l&#8217;ONCE el darrer n\u00famero de la revista Perspectiva Escolar: L&#8217;escola sense adjectius, monogr\u00e0fic dedicat tamb\u00e9 a la escola inclusiva. I per m\u00e9s<\/p>\n","protected":false},"author":124,"featured_media":0,"comment_status":"open","ping_status":"open","sticky":false,"template":"","format":"standard","meta":{"footnotes":""},"categories":[2],"tags":[],"tipo":[],"class_list":{"0":"post-3010","1":"post","2":"type-post","3":"status-publish","4":"format-standard","6":"category-general"},"yoast_head":"<!-- This site is optimized with the Yoast SEO plugin v27.4 - https:\/\/yoast.com\/product\/yoast-seo-wordpress\/ -->\n<title>Barcelona inclusiva? - Blog de Rosa Sensat<\/title>\n<meta name=\"robots\" content=\"index, follow, max-snippet:-1, max-image-preview:large, max-video-preview:-1\" \/>\n<link rel=\"canonical\" href=\"https:\/\/diarieducacio.cat\/rosasensat\/2014\/06\/17\/barcelona-inclusiva\/\" \/>\n<meta property=\"og:locale\" content=\"ca_ES\" \/>\n<meta property=\"og:type\" content=\"article\" \/>\n<meta property=\"og:title\" content=\"Barcelona inclusiva? - Blog de Rosa Sensat\" \/>\n<meta property=\"og:description\" content=\"A principis de juny es va celebrar a Barcelona el Congr\u00e9s Barcelona Inclusiva 2014 (1r Congr\u00e9s Internacional d\u2019Orientaci\u00f3 per a una Societat Inclusiva). La mateixa setmana es va presentar a la seu de l&#8217;ONCE el darrer n\u00famero de la revista Perspectiva Escolar: L&#8217;escola sense adjectius, monogr\u00e0fic dedicat tamb\u00e9 a la escola inclusiva. I per m\u00e9s\" \/>\n<meta property=\"og:url\" content=\"https:\/\/diarieducacio.cat\/rosasensat\/2014\/06\/17\/barcelona-inclusiva\/\" \/>\n<meta property=\"og:site_name\" content=\"Blog de Rosa Sensat\" \/>\n<meta property=\"article:published_time\" content=\"2014-06-17T05:09:39+00:00\" \/>\n<meta name=\"author\" content=\"Marta Pla i Llum\u00e0\" \/>\n<meta name=\"twitter:card\" content=\"summary_large_image\" \/>\n<meta name=\"twitter:label1\" content=\"Escrit per\" \/>\n\t<meta name=\"twitter:data1\" content=\"Marta Pla i Llum\u00e0\" \/>\n\t<meta name=\"twitter:label2\" content=\"Temps estimat de lectura\" \/>\n\t<meta name=\"twitter:data2\" content=\"2 minuts\" \/>\n<script type=\"application\/ld+json\" class=\"yoast-schema-graph\">{\"@context\":\"https:\\\/\\\/schema.org\",\"@graph\":[{\"@type\":\"Article\",\"@id\":\"https:\\\/\\\/diarieducacio.cat\\\/rosasensat\\\/2014\\\/06\\\/17\\\/barcelona-inclusiva\\\/#article\",\"isPartOf\":{\"@id\":\"https:\\\/\\\/diarieducacio.cat\\\/rosasensat\\\/2014\\\/06\\\/17\\\/barcelona-inclusiva\\\/\"},\"author\":{\"name\":\"Marta Pla i Llum\u00e0\",\"@id\":\"https:\\\/\\\/diarieducacio.cat\\\/rosasensat\\\/#\\\/schema\\\/person\\\/39293baef3d1fe95121c50d3014511c2\"},\"headline\":\"Barcelona inclusiva?\",\"datePublished\":\"2014-06-17T05:09:39+00:00\",\"mainEntityOfPage\":{\"@id\":\"https:\\\/\\\/diarieducacio.cat\\\/rosasensat\\\/2014\\\/06\\\/17\\\/barcelona-inclusiva\\\/\"},\"wordCount\":439,\"commentCount\":0,\"articleSection\":[\"General\"],\"inLanguage\":\"ca\",\"potentialAction\":[{\"@type\":\"CommentAction\",\"name\":\"Comment\",\"target\":[\"https:\\\/\\\/diarieducacio.cat\\\/rosasensat\\\/2014\\\/06\\\/17\\\/barcelona-inclusiva\\\/#respond\"]}]},{\"@type\":\"WebPage\",\"@id\":\"https:\\\/\\\/diarieducacio.cat\\\/rosasensat\\\/2014\\\/06\\\/17\\\/barcelona-inclusiva\\\/\",\"url\":\"https:\\\/\\\/diarieducacio.cat\\\/rosasensat\\\/2014\\\/06\\\/17\\\/barcelona-inclusiva\\\/\",\"name\":\"Barcelona inclusiva? - Blog de Rosa Sensat\",\"isPartOf\":{\"@id\":\"https:\\\/\\\/diarieducacio.cat\\\/rosasensat\\\/#website\"},\"datePublished\":\"2014-06-17T05:09:39+00:00\",\"author\":{\"@id\":\"https:\\\/\\\/diarieducacio.cat\\\/rosasensat\\\/#\\\/schema\\\/person\\\/39293baef3d1fe95121c50d3014511c2\"},\"breadcrumb\":{\"@id\":\"https:\\\/\\\/diarieducacio.cat\\\/rosasensat\\\/2014\\\/06\\\/17\\\/barcelona-inclusiva\\\/#breadcrumb\"},\"inLanguage\":\"ca\",\"potentialAction\":[{\"@type\":\"ReadAction\",\"target\":[\"https:\\\/\\\/diarieducacio.cat\\\/rosasensat\\\/2014\\\/06\\\/17\\\/barcelona-inclusiva\\\/\"]}]},{\"@type\":\"BreadcrumbList\",\"@id\":\"https:\\\/\\\/diarieducacio.cat\\\/rosasensat\\\/2014\\\/06\\\/17\\\/barcelona-inclusiva\\\/#breadcrumb\",\"itemListElement\":[{\"@type\":\"ListItem\",\"position\":1,\"name\":\"Inici\",\"item\":\"https:\\\/\\\/diarieducacio.cat\\\/rosasensat\\\/\"},{\"@type\":\"ListItem\",\"position\":2,\"name\":\"Barcelona inclusiva?\"}]},{\"@type\":\"WebSite\",\"@id\":\"https:\\\/\\\/diarieducacio.cat\\\/rosasensat\\\/#website\",\"url\":\"https:\\\/\\\/diarieducacio.cat\\\/rosasensat\\\/\",\"name\":\"Blog de Rosa Sensat\",\"description\":\"\",\"potentialAction\":[{\"@type\":\"SearchAction\",\"target\":{\"@type\":\"EntryPoint\",\"urlTemplate\":\"https:\\\/\\\/diarieducacio.cat\\\/rosasensat\\\/?s={search_term_string}\"},\"query-input\":{\"@type\":\"PropertyValueSpecification\",\"valueRequired\":true,\"valueName\":\"search_term_string\"}}],\"inLanguage\":\"ca\"},{\"@type\":\"Person\",\"@id\":\"https:\\\/\\\/diarieducacio.cat\\\/rosasensat\\\/#\\\/schema\\\/person\\\/39293baef3d1fe95121c50d3014511c2\",\"name\":\"Marta Pla i Llum\u00e0\",\"image\":{\"@type\":\"ImageObject\",\"inLanguage\":\"ca\",\"@id\":\"https:\\\/\\\/diarieducacio.cat\\\/wp-content\\\/uploads\\\/2024\\\/11\\\/marta-pla-i-lluma_avatar-96x96.jpg\",\"url\":\"https:\\\/\\\/diarieducacio.cat\\\/wp-content\\\/uploads\\\/2024\\\/11\\\/marta-pla-i-lluma_avatar-96x96.jpg\",\"contentUrl\":\"https:\\\/\\\/diarieducacio.cat\\\/wp-content\\\/uploads\\\/2024\\\/11\\\/marta-pla-i-lluma_avatar-96x96.jpg\",\"caption\":\"Marta Pla i Llum\u00e0\"},\"url\":\"https:\\\/\\\/diarieducacio.cat\\\/rosasensat\\\/author\\\/mpla\\\/\"}]}<\/script>\n<!-- \/ Yoast SEO plugin. -->","yoast_head_json":{"title":"Barcelona inclusiva? - Blog de Rosa Sensat","robots":{"index":"index","follow":"follow","max-snippet":"max-snippet:-1","max-image-preview":"max-image-preview:large","max-video-preview":"max-video-preview:-1"},"canonical":"https:\/\/diarieducacio.cat\/rosasensat\/2014\/06\/17\/barcelona-inclusiva\/","og_locale":"ca_ES","og_type":"article","og_title":"Barcelona inclusiva? - Blog de Rosa Sensat","og_description":"A principis de juny es va celebrar a Barcelona el Congr\u00e9s Barcelona Inclusiva 2014 (1r Congr\u00e9s Internacional d\u2019Orientaci\u00f3 per a una Societat Inclusiva). La mateixa setmana es va presentar a la seu de l&#8217;ONCE el darrer n\u00famero de la revista Perspectiva Escolar: L&#8217;escola sense adjectius, monogr\u00e0fic dedicat tamb\u00e9 a la escola inclusiva. I per m\u00e9s","og_url":"https:\/\/diarieducacio.cat\/rosasensat\/2014\/06\/17\/barcelona-inclusiva\/","og_site_name":"Blog de Rosa Sensat","article_published_time":"2014-06-17T05:09:39+00:00","author":"Marta Pla i Llum\u00e0","twitter_card":"summary_large_image","twitter_misc":{"Escrit per":"Marta Pla i Llum\u00e0","Temps estimat de lectura":"2 minuts"},"schema":{"@context":"https:\/\/schema.org","@graph":[{"@type":"Article","@id":"https:\/\/diarieducacio.cat\/rosasensat\/2014\/06\/17\/barcelona-inclusiva\/#article","isPartOf":{"@id":"https:\/\/diarieducacio.cat\/rosasensat\/2014\/06\/17\/barcelona-inclusiva\/"},"author":{"name":"Marta Pla i Llum\u00e0","@id":"https:\/\/diarieducacio.cat\/rosasensat\/#\/schema\/person\/39293baef3d1fe95121c50d3014511c2"},"headline":"Barcelona inclusiva?","datePublished":"2014-06-17T05:09:39+00:00","mainEntityOfPage":{"@id":"https:\/\/diarieducacio.cat\/rosasensat\/2014\/06\/17\/barcelona-inclusiva\/"},"wordCount":439,"commentCount":0,"articleSection":["General"],"inLanguage":"ca","potentialAction":[{"@type":"CommentAction","name":"Comment","target":["https:\/\/diarieducacio.cat\/rosasensat\/2014\/06\/17\/barcelona-inclusiva\/#respond"]}]},{"@type":"WebPage","@id":"https:\/\/diarieducacio.cat\/rosasensat\/2014\/06\/17\/barcelona-inclusiva\/","url":"https:\/\/diarieducacio.cat\/rosasensat\/2014\/06\/17\/barcelona-inclusiva\/","name":"Barcelona inclusiva? - Blog de Rosa Sensat","isPartOf":{"@id":"https:\/\/diarieducacio.cat\/rosasensat\/#website"},"datePublished":"2014-06-17T05:09:39+00:00","author":{"@id":"https:\/\/diarieducacio.cat\/rosasensat\/#\/schema\/person\/39293baef3d1fe95121c50d3014511c2"},"breadcrumb":{"@id":"https:\/\/diarieducacio.cat\/rosasensat\/2014\/06\/17\/barcelona-inclusiva\/#breadcrumb"},"inLanguage":"ca","potentialAction":[{"@type":"ReadAction","target":["https:\/\/diarieducacio.cat\/rosasensat\/2014\/06\/17\/barcelona-inclusiva\/"]}]},{"@type":"BreadcrumbList","@id":"https:\/\/diarieducacio.cat\/rosasensat\/2014\/06\/17\/barcelona-inclusiva\/#breadcrumb","itemListElement":[{"@type":"ListItem","position":1,"name":"Inici","item":"https:\/\/diarieducacio.cat\/rosasensat\/"},{"@type":"ListItem","position":2,"name":"Barcelona inclusiva?"}]},{"@type":"WebSite","@id":"https:\/\/diarieducacio.cat\/rosasensat\/#website","url":"https:\/\/diarieducacio.cat\/rosasensat\/","name":"Blog de Rosa Sensat","description":"","potentialAction":[{"@type":"SearchAction","target":{"@type":"EntryPoint","urlTemplate":"https:\/\/diarieducacio.cat\/rosasensat\/?s={search_term_string}"},"query-input":{"@type":"PropertyValueSpecification","valueRequired":true,"valueName":"search_term_string"}}],"inLanguage":"ca"},{"@type":"Person","@id":"https:\/\/diarieducacio.cat\/rosasensat\/#\/schema\/person\/39293baef3d1fe95121c50d3014511c2","name":"Marta Pla i Llum\u00e0","image":{"@type":"ImageObject","inLanguage":"ca","@id":"https:\/\/diarieducacio.cat\/wp-content\/uploads\/2024\/11\/marta-pla-i-lluma_avatar-96x96.jpg","url":"https:\/\/diarieducacio.cat\/wp-content\/uploads\/2024\/11\/marta-pla-i-lluma_avatar-96x96.jpg","contentUrl":"https:\/\/diarieducacio.cat\/wp-content\/uploads\/2024\/11\/marta-pla-i-lluma_avatar-96x96.jpg","caption":"Marta Pla i Llum\u00e0"},"url":"https:\/\/diarieducacio.cat\/rosasensat\/author\/mpla\/"}]}},"_links":{"self":[{"href":"https:\/\/diarieducacio.cat\/rosasensat\/wp-json\/wp\/v2\/posts\/3010","targetHints":{"allow":["GET"]}}],"collection":[{"href":"https:\/\/diarieducacio.cat\/rosasensat\/wp-json\/wp\/v2\/posts"}],"about":[{"href":"https:\/\/diarieducacio.cat\/rosasensat\/wp-json\/wp\/v2\/types\/post"}],"author":[{"embeddable":true,"href":"https:\/\/diarieducacio.cat\/rosasensat\/wp-json\/wp\/v2\/users\/124"}],"replies":[{"embeddable":true,"href":"https:\/\/diarieducacio.cat\/rosasensat\/wp-json\/wp\/v2\/comments?post=3010"}],"version-history":[{"count":0,"href":"https:\/\/diarieducacio.cat\/rosasensat\/wp-json\/wp\/v2\/posts\/3010\/revisions"}],"wp:attachment":[{"href":"https:\/\/diarieducacio.cat\/rosasensat\/wp-json\/wp\/v2\/media?parent=3010"}],"wp:term":[{"taxonomy":"category","embeddable":true,"href":"https:\/\/diarieducacio.cat\/rosasensat\/wp-json\/wp\/v2\/categories?post=3010"},{"taxonomy":"post_tag","embeddable":true,"href":"https:\/\/diarieducacio.cat\/rosasensat\/wp-json\/wp\/v2\/tags?post=3010"},{"taxonomy":"tipo","embeddable":true,"href":"https:\/\/diarieducacio.cat\/rosasensat\/wp-json\/wp\/v2\/tipo?post=3010"}],"curies":[{"name":"wp","href":"https:\/\/api.w.org\/{rel}","templated":true}]}}