{"id":3011,"date":"2014-06-25T06:12:52","date_gmt":"2014-06-25T04:12:52","guid":{"rendered":"https:\/\/nostalgic-ishizaka.82-223-1-47.plesk.page\/rosasensat\/2014\/06\/25\/professorat-versus-alumnat-o-persones-adultes-versus-nois-i-noies-adolescents\/"},"modified":"2014-06-25T06:12:52","modified_gmt":"2014-06-25T04:12:52","slug":"professorat-versus-alumnat-o-persones-adultes-versus-nois-i-noies-adolescents","status":"publish","type":"post","link":"https:\/\/diarieducacio.cat\/rosasensat\/2014\/06\/25\/professorat-versus-alumnat-o-persones-adultes-versus-nois-i-noies-adolescents\/","title":{"rendered":"Professorat versus alumnat o persones adultes versus nois i noies adolescents?"},"content":{"rendered":"<p>Treballar al m\u00f3n de l\u2019ensenyament vol dir treballar amb persones. \u00c9s una feina que implica de cap a peus i per tant exigeix una dedicaci\u00f3 sencera si es vol fer-la correctament. Abans se\u2019n deia vocaci\u00f3, ara aquesta paraula ha quedat en des\u00fas per\u00f2 segueix sent necessari voler fer de mestre; no fer-ne nom\u00e9s perqu\u00e8 d\u2019<i>alguna cosa haig de viure<\/i>. Els infants i adolescents i les seves fam\u00edlies es mereixen uns professionals que entenguin la feina que fan i com la fan. Les administracions no estan a l\u2019al\u00e7ada en aquest aspecte (com en tants d\u2019altres malauradament). A secund\u00e0ria potser es percep m\u00e9s el desencert.<\/p>\n<p>Com encertar a escollir les persones m\u00e9s adients per fer la tasca docent? Un retrat robot ens diria que el professorat de secund\u00e0ria coneix for\u00e7a b\u00e9 la seva mat\u00e8ria a nivell te\u00f2ric, totes les persones s\u00f3n llicenciades o doctores en l\u2019assignatura que han d\u2019ensenyar. Saben com ensenyar-la. Per\u00f2 potser no n\u2019hi ha prou: potser cal un plus de motivaci\u00f3, d\u2019inter\u00e8s perqu\u00e8 l\u2019alumnat adolescent es disposi a aprendre. Caldria tamb\u00e9 con\u00e8ixer com s\u00f3n els nois i les noies en l\u2019etapa de l\u2019adolesc\u00e8ncia. Far\u00e0 falta una certa dosi d\u2019empatia per relacionar-se amb un grup de trenta (o m\u00e9s) amb les hormones a punt d\u2019explotar.<\/p>\n<p>El proc\u00e9s per arribar a ensenyar hauria de valorar si els candidats o candidates saben tractar un grup d\u2019adolescents, saben resoldre els conflictes de relaci\u00f3 que es donaran a les seves aules. Hauria de valorar l\u2019equilibri ps\u00edquic de la persona que vol fer aquesta feina. Quants conflictes desapareixerien si els adults sabessin reaccionar davant dels adolescents de manera equilibrada, de manera adulta! El professorat hauria de saber i entendre que quan un alumne adolescent es rebota, planta cara, contesta malament, no obeeix&#8230; est\u00e0 rebel\u00b7lant-se contra l\u2019adult que li posa l\u00edmits -que els hi da posar si vol fer b\u00e9 la seva feina-, per\u00f2 no contra la persona concreta. Es rebel\u00b7la contra la figura d\u2019autoritat.<\/p>\n<p>El professorat que ho entengu\u00e9s aix\u00ed reaccionaria de manera diferent quan hagu\u00e9s de renyar i\/o castigar un comportament. No va contra mi, hauria de pensar, va contra la figura que represento. A l\u2019hora de l\u2019esbarjo la relaci\u00f3 tornar\u00e0 a ser cordial; la figura d\u2019autoritat tornar\u00e0 a esdevenir la persona, Pere o Maria.<\/p>\n<p>Les persones que es dediquen a ensenyar als instituts tenen el poder que els atorga el seu c\u00e0rrec, per\u00f2 l\u2019autoritat davant el seu alumnat se l\u2019han de guanyar cada dia amb una actuaci\u00f3 adulta, imparcial i equilibrada. Imposant els l\u00edmits que els adolescents necessiten amb l\u2019adequada flexibilitat; que sentin que reben estimaci\u00f3 i que se\u2019ls d\u00f3na confian\u00e7a. No \u00e9s una tasca senzilla, \u00e9s una tasca necess\u00e0ria si es vol ensenyar educant que \u00e9s la feina del bon professional.<\/p>\n","protected":false},"excerpt":{"rendered":"<p>Les persones que es dediquen a ensenyar als instituts tenen el poder que els atorga el seu c\u00e0rrec, per\u00f2 l\u2019autoritat davant el seu alumnat se l\u2019han de guanyar cada dia amb una actuaci\u00f3 adulta, imparcial i equilibrada.<\/p>\n","protected":false},"author":1,"featured_media":0,"comment_status":"open","ping_status":"open","sticky":false,"template":"","format":"standard","meta":{"footnotes":""},"categories":[101],"tags":[],"tipo":[],"class_list":{"0":"post-3011","1":"post","2":"type-post","3":"status-publish","4":"format-standard","6":"category-secundaria"},"yoast_head":"<!-- This site is optimized with the Yoast SEO plugin v27.4 - https:\/\/yoast.com\/product\/yoast-seo-wordpress\/ -->\n<title>Professorat versus alumnat o persones adultes versus nois i noies adolescents? - Blog de Rosa Sensat<\/title>\n<meta name=\"robots\" content=\"index, follow, max-snippet:-1, max-image-preview:large, max-video-preview:-1\" \/>\n<link rel=\"canonical\" href=\"https:\/\/diarieducacio.cat\/rosasensat\/2014\/06\/25\/professorat-versus-alumnat-o-persones-adultes-versus-nois-i-noies-adolescents\/\" \/>\n<meta property=\"og:locale\" content=\"ca_ES\" \/>\n<meta property=\"og:type\" content=\"article\" \/>\n<meta property=\"og:title\" content=\"Professorat versus alumnat o persones adultes versus nois i noies adolescents? - Blog de Rosa Sensat\" \/>\n<meta property=\"og:description\" content=\"Les persones que es dediquen a ensenyar als instituts tenen el poder que els atorga el seu c\u00e0rrec, per\u00f2 l\u2019autoritat davant el seu alumnat se l\u2019han de guanyar cada dia amb una actuaci\u00f3 adulta, imparcial i equilibrada.\" \/>\n<meta property=\"og:url\" content=\"https:\/\/diarieducacio.cat\/rosasensat\/2014\/06\/25\/professorat-versus-alumnat-o-persones-adultes-versus-nois-i-noies-adolescents\/\" \/>\n<meta property=\"og:site_name\" content=\"Blog de Rosa Sensat\" \/>\n<meta property=\"article:published_time\" content=\"2014-06-25T04:12:52+00:00\" \/>\n<meta name=\"author\" content=\"Redacci\u00f3\" \/>\n<meta name=\"twitter:card\" content=\"summary_large_image\" \/>\n<meta name=\"twitter:label1\" content=\"Escrit per\" \/>\n\t<meta name=\"twitter:data1\" content=\"Redacci\u00f3\" \/>\n\t<meta name=\"twitter:label2\" content=\"Temps estimat de lectura\" \/>\n\t<meta name=\"twitter:data2\" content=\"3 minuts\" \/>\n<script type=\"application\/ld+json\" class=\"yoast-schema-graph\">{\"@context\":\"https:\\\/\\\/schema.org\",\"@graph\":[{\"@type\":\"Article\",\"@id\":\"https:\\\/\\\/diarieducacio.cat\\\/rosasensat\\\/2014\\\/06\\\/25\\\/professorat-versus-alumnat-o-persones-adultes-versus-nois-i-noies-adolescents\\\/#article\",\"isPartOf\":{\"@id\":\"https:\\\/\\\/diarieducacio.cat\\\/rosasensat\\\/2014\\\/06\\\/25\\\/professorat-versus-alumnat-o-persones-adultes-versus-nois-i-noies-adolescents\\\/\"},\"author\":{\"name\":\"Redacci\u00f3\",\"@id\":\"https:\\\/\\\/diarieducacio.cat\\\/rosasensat\\\/#\\\/schema\\\/person\\\/04093d1227f1b01952d6187a5be57900\"},\"headline\":\"Professorat versus alumnat o persones adultes versus nois i noies adolescents?\",\"datePublished\":\"2014-06-25T04:12:52+00:00\",\"mainEntityOfPage\":{\"@id\":\"https:\\\/\\\/diarieducacio.cat\\\/rosasensat\\\/2014\\\/06\\\/25\\\/professorat-versus-alumnat-o-persones-adultes-versus-nois-i-noies-adolescents\\\/\"},\"wordCount\":516,\"commentCount\":0,\"articleSection\":[\"Secund\u00e0ria\"],\"inLanguage\":\"ca\",\"potentialAction\":[{\"@type\":\"CommentAction\",\"name\":\"Comment\",\"target\":[\"https:\\\/\\\/diarieducacio.cat\\\/rosasensat\\\/2014\\\/06\\\/25\\\/professorat-versus-alumnat-o-persones-adultes-versus-nois-i-noies-adolescents\\\/#respond\"]}]},{\"@type\":\"WebPage\",\"@id\":\"https:\\\/\\\/diarieducacio.cat\\\/rosasensat\\\/2014\\\/06\\\/25\\\/professorat-versus-alumnat-o-persones-adultes-versus-nois-i-noies-adolescents\\\/\",\"url\":\"https:\\\/\\\/diarieducacio.cat\\\/rosasensat\\\/2014\\\/06\\\/25\\\/professorat-versus-alumnat-o-persones-adultes-versus-nois-i-noies-adolescents\\\/\",\"name\":\"Professorat versus alumnat o persones adultes versus nois i noies adolescents? - Blog de Rosa Sensat\",\"isPartOf\":{\"@id\":\"https:\\\/\\\/diarieducacio.cat\\\/rosasensat\\\/#website\"},\"datePublished\":\"2014-06-25T04:12:52+00:00\",\"author\":{\"@id\":\"https:\\\/\\\/diarieducacio.cat\\\/rosasensat\\\/#\\\/schema\\\/person\\\/04093d1227f1b01952d6187a5be57900\"},\"breadcrumb\":{\"@id\":\"https:\\\/\\\/diarieducacio.cat\\\/rosasensat\\\/2014\\\/06\\\/25\\\/professorat-versus-alumnat-o-persones-adultes-versus-nois-i-noies-adolescents\\\/#breadcrumb\"},\"inLanguage\":\"ca\",\"potentialAction\":[{\"@type\":\"ReadAction\",\"target\":[\"https:\\\/\\\/diarieducacio.cat\\\/rosasensat\\\/2014\\\/06\\\/25\\\/professorat-versus-alumnat-o-persones-adultes-versus-nois-i-noies-adolescents\\\/\"]}]},{\"@type\":\"BreadcrumbList\",\"@id\":\"https:\\\/\\\/diarieducacio.cat\\\/rosasensat\\\/2014\\\/06\\\/25\\\/professorat-versus-alumnat-o-persones-adultes-versus-nois-i-noies-adolescents\\\/#breadcrumb\",\"itemListElement\":[{\"@type\":\"ListItem\",\"position\":1,\"name\":\"Inici\",\"item\":\"https:\\\/\\\/diarieducacio.cat\\\/rosasensat\\\/\"},{\"@type\":\"ListItem\",\"position\":2,\"name\":\"Professorat versus alumnat o persones adultes versus nois i noies adolescents?\"}]},{\"@type\":\"WebSite\",\"@id\":\"https:\\\/\\\/diarieducacio.cat\\\/rosasensat\\\/#website\",\"url\":\"https:\\\/\\\/diarieducacio.cat\\\/rosasensat\\\/\",\"name\":\"Blog de Rosa Sensat\",\"description\":\"\",\"potentialAction\":[{\"@type\":\"SearchAction\",\"target\":{\"@type\":\"EntryPoint\",\"urlTemplate\":\"https:\\\/\\\/diarieducacio.cat\\\/rosasensat\\\/?s={search_term_string}\"},\"query-input\":{\"@type\":\"PropertyValueSpecification\",\"valueRequired\":true,\"valueName\":\"search_term_string\"}}],\"inLanguage\":\"ca\"},{\"@type\":\"Person\",\"@id\":\"https:\\\/\\\/diarieducacio.cat\\\/rosasensat\\\/#\\\/schema\\\/person\\\/04093d1227f1b01952d6187a5be57900\",\"name\":\"Redacci\u00f3\",\"image\":{\"@type\":\"ImageObject\",\"inLanguage\":\"ca\",\"@id\":\"https:\\\/\\\/secure.gravatar.com\\\/avatar\\\/e952ad62e08be1daabaefebd12d26c1e5fbfd687693aaa066db2433a21638ad8?s=96&d=mm&r=g\",\"url\":\"https:\\\/\\\/secure.gravatar.com\\\/avatar\\\/e952ad62e08be1daabaefebd12d26c1e5fbfd687693aaa066db2433a21638ad8?s=96&d=mm&r=g\",\"contentUrl\":\"https:\\\/\\\/secure.gravatar.com\\\/avatar\\\/e952ad62e08be1daabaefebd12d26c1e5fbfd687693aaa066db2433a21638ad8?s=96&d=mm&r=g\",\"caption\":\"Redacci\u00f3\"},\"url\":\"https:\\\/\\\/diarieducacio.cat\\\/rosasensat\\\/author\\\/npenin\\\/\"}]}<\/script>\n<!-- \/ Yoast SEO plugin. -->","yoast_head_json":{"title":"Professorat versus alumnat o persones adultes versus nois i noies adolescents? - Blog de Rosa Sensat","robots":{"index":"index","follow":"follow","max-snippet":"max-snippet:-1","max-image-preview":"max-image-preview:large","max-video-preview":"max-video-preview:-1"},"canonical":"https:\/\/diarieducacio.cat\/rosasensat\/2014\/06\/25\/professorat-versus-alumnat-o-persones-adultes-versus-nois-i-noies-adolescents\/","og_locale":"ca_ES","og_type":"article","og_title":"Professorat versus alumnat o persones adultes versus nois i noies adolescents? - Blog de Rosa Sensat","og_description":"Les persones que es dediquen a ensenyar als instituts tenen el poder que els atorga el seu c\u00e0rrec, per\u00f2 l\u2019autoritat davant el seu alumnat se l\u2019han de guanyar cada dia amb una actuaci\u00f3 adulta, imparcial i equilibrada.","og_url":"https:\/\/diarieducacio.cat\/rosasensat\/2014\/06\/25\/professorat-versus-alumnat-o-persones-adultes-versus-nois-i-noies-adolescents\/","og_site_name":"Blog de Rosa Sensat","article_published_time":"2014-06-25T04:12:52+00:00","author":"Redacci\u00f3","twitter_card":"summary_large_image","twitter_misc":{"Escrit per":"Redacci\u00f3","Temps estimat de lectura":"3 minuts"},"schema":{"@context":"https:\/\/schema.org","@graph":[{"@type":"Article","@id":"https:\/\/diarieducacio.cat\/rosasensat\/2014\/06\/25\/professorat-versus-alumnat-o-persones-adultes-versus-nois-i-noies-adolescents\/#article","isPartOf":{"@id":"https:\/\/diarieducacio.cat\/rosasensat\/2014\/06\/25\/professorat-versus-alumnat-o-persones-adultes-versus-nois-i-noies-adolescents\/"},"author":{"name":"Redacci\u00f3","@id":"https:\/\/diarieducacio.cat\/rosasensat\/#\/schema\/person\/04093d1227f1b01952d6187a5be57900"},"headline":"Professorat versus alumnat o persones adultes versus nois i noies adolescents?","datePublished":"2014-06-25T04:12:52+00:00","mainEntityOfPage":{"@id":"https:\/\/diarieducacio.cat\/rosasensat\/2014\/06\/25\/professorat-versus-alumnat-o-persones-adultes-versus-nois-i-noies-adolescents\/"},"wordCount":516,"commentCount":0,"articleSection":["Secund\u00e0ria"],"inLanguage":"ca","potentialAction":[{"@type":"CommentAction","name":"Comment","target":["https:\/\/diarieducacio.cat\/rosasensat\/2014\/06\/25\/professorat-versus-alumnat-o-persones-adultes-versus-nois-i-noies-adolescents\/#respond"]}]},{"@type":"WebPage","@id":"https:\/\/diarieducacio.cat\/rosasensat\/2014\/06\/25\/professorat-versus-alumnat-o-persones-adultes-versus-nois-i-noies-adolescents\/","url":"https:\/\/diarieducacio.cat\/rosasensat\/2014\/06\/25\/professorat-versus-alumnat-o-persones-adultes-versus-nois-i-noies-adolescents\/","name":"Professorat versus alumnat o persones adultes versus nois i noies adolescents? - Blog de Rosa Sensat","isPartOf":{"@id":"https:\/\/diarieducacio.cat\/rosasensat\/#website"},"datePublished":"2014-06-25T04:12:52+00:00","author":{"@id":"https:\/\/diarieducacio.cat\/rosasensat\/#\/schema\/person\/04093d1227f1b01952d6187a5be57900"},"breadcrumb":{"@id":"https:\/\/diarieducacio.cat\/rosasensat\/2014\/06\/25\/professorat-versus-alumnat-o-persones-adultes-versus-nois-i-noies-adolescents\/#breadcrumb"},"inLanguage":"ca","potentialAction":[{"@type":"ReadAction","target":["https:\/\/diarieducacio.cat\/rosasensat\/2014\/06\/25\/professorat-versus-alumnat-o-persones-adultes-versus-nois-i-noies-adolescents\/"]}]},{"@type":"BreadcrumbList","@id":"https:\/\/diarieducacio.cat\/rosasensat\/2014\/06\/25\/professorat-versus-alumnat-o-persones-adultes-versus-nois-i-noies-adolescents\/#breadcrumb","itemListElement":[{"@type":"ListItem","position":1,"name":"Inici","item":"https:\/\/diarieducacio.cat\/rosasensat\/"},{"@type":"ListItem","position":2,"name":"Professorat versus alumnat o persones adultes versus nois i noies adolescents?"}]},{"@type":"WebSite","@id":"https:\/\/diarieducacio.cat\/rosasensat\/#website","url":"https:\/\/diarieducacio.cat\/rosasensat\/","name":"Blog de Rosa Sensat","description":"","potentialAction":[{"@type":"SearchAction","target":{"@type":"EntryPoint","urlTemplate":"https:\/\/diarieducacio.cat\/rosasensat\/?s={search_term_string}"},"query-input":{"@type":"PropertyValueSpecification","valueRequired":true,"valueName":"search_term_string"}}],"inLanguage":"ca"},{"@type":"Person","@id":"https:\/\/diarieducacio.cat\/rosasensat\/#\/schema\/person\/04093d1227f1b01952d6187a5be57900","name":"Redacci\u00f3","image":{"@type":"ImageObject","inLanguage":"ca","@id":"https:\/\/secure.gravatar.com\/avatar\/e952ad62e08be1daabaefebd12d26c1e5fbfd687693aaa066db2433a21638ad8?s=96&d=mm&r=g","url":"https:\/\/secure.gravatar.com\/avatar\/e952ad62e08be1daabaefebd12d26c1e5fbfd687693aaa066db2433a21638ad8?s=96&d=mm&r=g","contentUrl":"https:\/\/secure.gravatar.com\/avatar\/e952ad62e08be1daabaefebd12d26c1e5fbfd687693aaa066db2433a21638ad8?s=96&d=mm&r=g","caption":"Redacci\u00f3"},"url":"https:\/\/diarieducacio.cat\/rosasensat\/author\/npenin\/"}]}},"_links":{"self":[{"href":"https:\/\/diarieducacio.cat\/rosasensat\/wp-json\/wp\/v2\/posts\/3011","targetHints":{"allow":["GET"]}}],"collection":[{"href":"https:\/\/diarieducacio.cat\/rosasensat\/wp-json\/wp\/v2\/posts"}],"about":[{"href":"https:\/\/diarieducacio.cat\/rosasensat\/wp-json\/wp\/v2\/types\/post"}],"author":[{"embeddable":true,"href":"https:\/\/diarieducacio.cat\/rosasensat\/wp-json\/wp\/v2\/users\/1"}],"replies":[{"embeddable":true,"href":"https:\/\/diarieducacio.cat\/rosasensat\/wp-json\/wp\/v2\/comments?post=3011"}],"version-history":[{"count":0,"href":"https:\/\/diarieducacio.cat\/rosasensat\/wp-json\/wp\/v2\/posts\/3011\/revisions"}],"wp:attachment":[{"href":"https:\/\/diarieducacio.cat\/rosasensat\/wp-json\/wp\/v2\/media?parent=3011"}],"wp:term":[{"taxonomy":"category","embeddable":true,"href":"https:\/\/diarieducacio.cat\/rosasensat\/wp-json\/wp\/v2\/categories?post=3011"},{"taxonomy":"post_tag","embeddable":true,"href":"https:\/\/diarieducacio.cat\/rosasensat\/wp-json\/wp\/v2\/tags?post=3011"},{"taxonomy":"tipo","embeddable":true,"href":"https:\/\/diarieducacio.cat\/rosasensat\/wp-json\/wp\/v2\/tipo?post=3011"}],"curies":[{"name":"wp","href":"https:\/\/api.w.org\/{rel}","templated":true}]}}