{"id":3012,"date":"2014-06-27T06:07:55","date_gmt":"2014-06-27T04:07:55","guid":{"rendered":"https:\/\/nostalgic-ishizaka.82-223-1-47.plesk.page\/rosasensat\/2014\/06\/27\/el-dubte\/"},"modified":"2014-06-27T06:07:55","modified_gmt":"2014-06-27T04:07:55","slug":"el-dubte","status":"publish","type":"post","link":"https:\/\/diarieducacio.cat\/rosasensat\/2014\/06\/27\/el-dubte\/","title":{"rendered":"El dubte"},"content":{"rendered":"<p>\u00c9s possible que des de la Conselleria d\u2019Ensenyament, com a instituci\u00f3, sigui dif\u00edcil, tenir una actitud bel\u00b7ligerant amb totes i cada una de les moltes aberracions pedag\u00f2giques i pol\u00edtiques que cont\u00e9 la LOMCE.<\/p>\n<p align=\"JUSTIFY\">Per\u00f2 de la mateixa manera que, en aparen\u00e7a, pel que fa a la invasi\u00f3 de compet\u00e8ncies en la q\u00fcesti\u00f3 ling\u00fc\u00edstica, ha mostrat una certa oposici\u00f3, amb declaracions i recursos judicials, en molts altres aspectes, que tamb\u00e9 s\u00f3n de fons, pedag\u00f2gicament i pol\u00edticament, perqu\u00e8 ens situen en un o altre model educatiu i escolar, la seva posici\u00f3 ha estat ambigua.<\/p>\n<p align=\"JUSTIFY\">I com \u00e9s l\u00f2gic, l\u2019ambig\u00fcitat genera dubte. Perqu\u00e8 no \u00e9s el mateix una escola inclusiva que una escola exclusiva; perqu\u00e8 no \u00e9s el mateix una escola democr\u00e0tica que una escola autocr\u00e0tica; perqu\u00e8 no \u00e9s el mateix una avaluaci\u00f3 per orientar que una avaluaci\u00f3 per quantificar; perqu\u00e8 no \u00e9s el mateix una escola laica que una escola amb religi\u00f3; perqu\u00e8 no \u00e9s el mateix una escola p\u00fablica que una de privada; perqu\u00e8 no \u00e9s el mateix una escola gueto que una escola de tots; perqu\u00e8 no \u00e9s el mateix una escola que amb autonomia organitza els seus horaris i mat\u00e8ries en funci\u00f3 de la seva realitat, que una escola que ha complir una ordre en aquesta q\u00fcesti\u00f3.<\/p>\n<p align=\"JUSTIFY\">Si l\u2019ambig\u00fcitat permet el dubte, tamb\u00e9 ens poden generar dubtes les declaracions. Per exemple: per qu\u00e8 a l\u2019entorn d\u2019una desafortunada sent\u00e8ncia, sobre el percentatge de llengua que s\u2019ha de donar als infants de les fam\u00edlies que han presentat una demanda, no s\u2019ha fet costat a les escoles denunciades? Per qu\u00e8 no se\u2019ls ha perm\u00e8s mantenir la seva opci\u00f3 al marge de la sent\u00e8ncia? Per qu\u00e8 al voltant d\u2019aquesta pol\u00e8mica s\u2019ha fet p\u00fablica la quantitat d\u2019escoles, especialment privades, que no compleixen la llei de normalitzaci\u00f3 ling\u00fc\u00edstica i no ha passat res per fer que la complissin?<\/p>\n<p align=\"JUSTIFY\">Si gaudim d\u2019una conviv\u00e8ncia tranquil\u00b7la a l\u2019escola i d\u2019una societat cohesionada, per qu\u00e8 tants desprop\u00f2sits? Per qu\u00e8 no es t\u00e9 en compte tamb\u00e9 en aquest tema <i>l\u2019inter\u00e8s superior de l\u2019infant? <\/i>Alg\u00fa ha tingut en compte els infants? Ells tenen dret a opinar sobre tot all\u00f2 que els afecta.<\/p>\n<p align=\"JUSTIFY\">Companys i amics mestres, nosaltres no dubtem, en cap dels temes i tenim plena confian\u00e7a en la vostra capacitat de decidir all\u00f2 que \u00e9s m\u00e9s positiu per als infants de la vostra escola i institut. I si cal desobeir, feu-ho sense dubtar!<\/p>\n","protected":false},"excerpt":{"rendered":"<p>Si gaudim d\u2019una conviv\u00e8ncia tranquil\u00b7la a l\u2019escola i d\u2019una societat cohesionada, per qu\u00e8 tants desprop\u00f2sits? Per qu\u00e8 no es t\u00e9 en compte en aquest tema l\u2019inter\u00e8s superior de l\u2019infant? Alg\u00fa ha tingut en compte els infants? Ells tenen dret a opinar sobre tot all\u00f2 que els afecta.<\/p>\n","protected":false},"author":1,"featured_media":0,"comment_status":"open","ping_status":"open","sticky":false,"template":"","format":"standard","meta":{"footnotes":""},"categories":[95,100,97],"tags":[],"tipo":[],"class_list":{"0":"post-3012","1":"post","2":"type-post","3":"status-publish","4":"format-standard","6":"category-escola-inclusiva","7":"category-escola-publica","8":"category-lomce"},"yoast_head":"<!-- This site is optimized with the Yoast SEO plugin v27.4 - https:\/\/yoast.com\/product\/yoast-seo-wordpress\/ -->\n<title>El dubte - Blog de Rosa Sensat<\/title>\n<meta name=\"robots\" content=\"index, follow, max-snippet:-1, max-image-preview:large, max-video-preview:-1\" \/>\n<link rel=\"canonical\" href=\"https:\/\/diarieducacio.cat\/rosasensat\/2014\/06\/27\/el-dubte\/\" \/>\n<meta property=\"og:locale\" content=\"ca_ES\" \/>\n<meta property=\"og:type\" content=\"article\" \/>\n<meta property=\"og:title\" content=\"El dubte - Blog de Rosa Sensat\" \/>\n<meta property=\"og:description\" content=\"Si gaudim d\u2019una conviv\u00e8ncia tranquil\u00b7la a l\u2019escola i d\u2019una societat cohesionada, per qu\u00e8 tants desprop\u00f2sits? Per qu\u00e8 no es t\u00e9 en compte en aquest tema l\u2019inter\u00e8s superior de l\u2019infant? Alg\u00fa ha tingut en compte els infants? Ells tenen dret a opinar sobre tot all\u00f2 que els afecta.\" \/>\n<meta property=\"og:url\" content=\"https:\/\/diarieducacio.cat\/rosasensat\/2014\/06\/27\/el-dubte\/\" \/>\n<meta property=\"og:site_name\" content=\"Blog de Rosa Sensat\" \/>\n<meta property=\"article:published_time\" content=\"2014-06-27T04:07:55+00:00\" \/>\n<meta name=\"author\" content=\"Redacci\u00f3\" \/>\n<meta name=\"twitter:card\" content=\"summary_large_image\" \/>\n<meta name=\"twitter:label1\" content=\"Escrit per\" \/>\n\t<meta name=\"twitter:data1\" content=\"Redacci\u00f3\" \/>\n\t<meta name=\"twitter:label2\" content=\"Temps estimat de lectura\" \/>\n\t<meta name=\"twitter:data2\" content=\"2 minuts\" \/>\n<script type=\"application\/ld+json\" class=\"yoast-schema-graph\">{\"@context\":\"https:\\\/\\\/schema.org\",\"@graph\":[{\"@type\":\"Article\",\"@id\":\"https:\\\/\\\/diarieducacio.cat\\\/rosasensat\\\/2014\\\/06\\\/27\\\/el-dubte\\\/#article\",\"isPartOf\":{\"@id\":\"https:\\\/\\\/diarieducacio.cat\\\/rosasensat\\\/2014\\\/06\\\/27\\\/el-dubte\\\/\"},\"author\":{\"name\":\"Redacci\u00f3\",\"@id\":\"https:\\\/\\\/diarieducacio.cat\\\/rosasensat\\\/#\\\/schema\\\/person\\\/04093d1227f1b01952d6187a5be57900\"},\"headline\":\"El dubte\",\"datePublished\":\"2014-06-27T04:07:55+00:00\",\"mainEntityOfPage\":{\"@id\":\"https:\\\/\\\/diarieducacio.cat\\\/rosasensat\\\/2014\\\/06\\\/27\\\/el-dubte\\\/\"},\"wordCount\":443,\"commentCount\":0,\"articleSection\":[\"Escola inclusiva\",\"Escola p\u00fablica\",\"LOMCE\"],\"inLanguage\":\"ca\",\"potentialAction\":[{\"@type\":\"CommentAction\",\"name\":\"Comment\",\"target\":[\"https:\\\/\\\/diarieducacio.cat\\\/rosasensat\\\/2014\\\/06\\\/27\\\/el-dubte\\\/#respond\"]}]},{\"@type\":\"WebPage\",\"@id\":\"https:\\\/\\\/diarieducacio.cat\\\/rosasensat\\\/2014\\\/06\\\/27\\\/el-dubte\\\/\",\"url\":\"https:\\\/\\\/diarieducacio.cat\\\/rosasensat\\\/2014\\\/06\\\/27\\\/el-dubte\\\/\",\"name\":\"El dubte - Blog de Rosa Sensat\",\"isPartOf\":{\"@id\":\"https:\\\/\\\/diarieducacio.cat\\\/rosasensat\\\/#website\"},\"datePublished\":\"2014-06-27T04:07:55+00:00\",\"author\":{\"@id\":\"https:\\\/\\\/diarieducacio.cat\\\/rosasensat\\\/#\\\/schema\\\/person\\\/04093d1227f1b01952d6187a5be57900\"},\"breadcrumb\":{\"@id\":\"https:\\\/\\\/diarieducacio.cat\\\/rosasensat\\\/2014\\\/06\\\/27\\\/el-dubte\\\/#breadcrumb\"},\"inLanguage\":\"ca\",\"potentialAction\":[{\"@type\":\"ReadAction\",\"target\":[\"https:\\\/\\\/diarieducacio.cat\\\/rosasensat\\\/2014\\\/06\\\/27\\\/el-dubte\\\/\"]}]},{\"@type\":\"BreadcrumbList\",\"@id\":\"https:\\\/\\\/diarieducacio.cat\\\/rosasensat\\\/2014\\\/06\\\/27\\\/el-dubte\\\/#breadcrumb\",\"itemListElement\":[{\"@type\":\"ListItem\",\"position\":1,\"name\":\"Inici\",\"item\":\"https:\\\/\\\/diarieducacio.cat\\\/rosasensat\\\/\"},{\"@type\":\"ListItem\",\"position\":2,\"name\":\"El dubte\"}]},{\"@type\":\"WebSite\",\"@id\":\"https:\\\/\\\/diarieducacio.cat\\\/rosasensat\\\/#website\",\"url\":\"https:\\\/\\\/diarieducacio.cat\\\/rosasensat\\\/\",\"name\":\"Blog de Rosa Sensat\",\"description\":\"\",\"potentialAction\":[{\"@type\":\"SearchAction\",\"target\":{\"@type\":\"EntryPoint\",\"urlTemplate\":\"https:\\\/\\\/diarieducacio.cat\\\/rosasensat\\\/?s={search_term_string}\"},\"query-input\":{\"@type\":\"PropertyValueSpecification\",\"valueRequired\":true,\"valueName\":\"search_term_string\"}}],\"inLanguage\":\"ca\"},{\"@type\":\"Person\",\"@id\":\"https:\\\/\\\/diarieducacio.cat\\\/rosasensat\\\/#\\\/schema\\\/person\\\/04093d1227f1b01952d6187a5be57900\",\"name\":\"Redacci\u00f3\",\"image\":{\"@type\":\"ImageObject\",\"inLanguage\":\"ca\",\"@id\":\"https:\\\/\\\/secure.gravatar.com\\\/avatar\\\/e952ad62e08be1daabaefebd12d26c1e5fbfd687693aaa066db2433a21638ad8?s=96&d=mm&r=g\",\"url\":\"https:\\\/\\\/secure.gravatar.com\\\/avatar\\\/e952ad62e08be1daabaefebd12d26c1e5fbfd687693aaa066db2433a21638ad8?s=96&d=mm&r=g\",\"contentUrl\":\"https:\\\/\\\/secure.gravatar.com\\\/avatar\\\/e952ad62e08be1daabaefebd12d26c1e5fbfd687693aaa066db2433a21638ad8?s=96&d=mm&r=g\",\"caption\":\"Redacci\u00f3\"},\"url\":\"https:\\\/\\\/diarieducacio.cat\\\/rosasensat\\\/author\\\/npenin\\\/\"}]}<\/script>\n<!-- \/ Yoast SEO plugin. -->","yoast_head_json":{"title":"El dubte - Blog de Rosa Sensat","robots":{"index":"index","follow":"follow","max-snippet":"max-snippet:-1","max-image-preview":"max-image-preview:large","max-video-preview":"max-video-preview:-1"},"canonical":"https:\/\/diarieducacio.cat\/rosasensat\/2014\/06\/27\/el-dubte\/","og_locale":"ca_ES","og_type":"article","og_title":"El dubte - Blog de Rosa Sensat","og_description":"Si gaudim d\u2019una conviv\u00e8ncia tranquil\u00b7la a l\u2019escola i d\u2019una societat cohesionada, per qu\u00e8 tants desprop\u00f2sits? Per qu\u00e8 no es t\u00e9 en compte en aquest tema l\u2019inter\u00e8s superior de l\u2019infant? Alg\u00fa ha tingut en compte els infants? Ells tenen dret a opinar sobre tot all\u00f2 que els afecta.","og_url":"https:\/\/diarieducacio.cat\/rosasensat\/2014\/06\/27\/el-dubte\/","og_site_name":"Blog de Rosa Sensat","article_published_time":"2014-06-27T04:07:55+00:00","author":"Redacci\u00f3","twitter_card":"summary_large_image","twitter_misc":{"Escrit per":"Redacci\u00f3","Temps estimat de lectura":"2 minuts"},"schema":{"@context":"https:\/\/schema.org","@graph":[{"@type":"Article","@id":"https:\/\/diarieducacio.cat\/rosasensat\/2014\/06\/27\/el-dubte\/#article","isPartOf":{"@id":"https:\/\/diarieducacio.cat\/rosasensat\/2014\/06\/27\/el-dubte\/"},"author":{"name":"Redacci\u00f3","@id":"https:\/\/diarieducacio.cat\/rosasensat\/#\/schema\/person\/04093d1227f1b01952d6187a5be57900"},"headline":"El dubte","datePublished":"2014-06-27T04:07:55+00:00","mainEntityOfPage":{"@id":"https:\/\/diarieducacio.cat\/rosasensat\/2014\/06\/27\/el-dubte\/"},"wordCount":443,"commentCount":0,"articleSection":["Escola inclusiva","Escola p\u00fablica","LOMCE"],"inLanguage":"ca","potentialAction":[{"@type":"CommentAction","name":"Comment","target":["https:\/\/diarieducacio.cat\/rosasensat\/2014\/06\/27\/el-dubte\/#respond"]}]},{"@type":"WebPage","@id":"https:\/\/diarieducacio.cat\/rosasensat\/2014\/06\/27\/el-dubte\/","url":"https:\/\/diarieducacio.cat\/rosasensat\/2014\/06\/27\/el-dubte\/","name":"El dubte - Blog de Rosa Sensat","isPartOf":{"@id":"https:\/\/diarieducacio.cat\/rosasensat\/#website"},"datePublished":"2014-06-27T04:07:55+00:00","author":{"@id":"https:\/\/diarieducacio.cat\/rosasensat\/#\/schema\/person\/04093d1227f1b01952d6187a5be57900"},"breadcrumb":{"@id":"https:\/\/diarieducacio.cat\/rosasensat\/2014\/06\/27\/el-dubte\/#breadcrumb"},"inLanguage":"ca","potentialAction":[{"@type":"ReadAction","target":["https:\/\/diarieducacio.cat\/rosasensat\/2014\/06\/27\/el-dubte\/"]}]},{"@type":"BreadcrumbList","@id":"https:\/\/diarieducacio.cat\/rosasensat\/2014\/06\/27\/el-dubte\/#breadcrumb","itemListElement":[{"@type":"ListItem","position":1,"name":"Inici","item":"https:\/\/diarieducacio.cat\/rosasensat\/"},{"@type":"ListItem","position":2,"name":"El dubte"}]},{"@type":"WebSite","@id":"https:\/\/diarieducacio.cat\/rosasensat\/#website","url":"https:\/\/diarieducacio.cat\/rosasensat\/","name":"Blog de Rosa Sensat","description":"","potentialAction":[{"@type":"SearchAction","target":{"@type":"EntryPoint","urlTemplate":"https:\/\/diarieducacio.cat\/rosasensat\/?s={search_term_string}"},"query-input":{"@type":"PropertyValueSpecification","valueRequired":true,"valueName":"search_term_string"}}],"inLanguage":"ca"},{"@type":"Person","@id":"https:\/\/diarieducacio.cat\/rosasensat\/#\/schema\/person\/04093d1227f1b01952d6187a5be57900","name":"Redacci\u00f3","image":{"@type":"ImageObject","inLanguage":"ca","@id":"https:\/\/secure.gravatar.com\/avatar\/e952ad62e08be1daabaefebd12d26c1e5fbfd687693aaa066db2433a21638ad8?s=96&d=mm&r=g","url":"https:\/\/secure.gravatar.com\/avatar\/e952ad62e08be1daabaefebd12d26c1e5fbfd687693aaa066db2433a21638ad8?s=96&d=mm&r=g","contentUrl":"https:\/\/secure.gravatar.com\/avatar\/e952ad62e08be1daabaefebd12d26c1e5fbfd687693aaa066db2433a21638ad8?s=96&d=mm&r=g","caption":"Redacci\u00f3"},"url":"https:\/\/diarieducacio.cat\/rosasensat\/author\/npenin\/"}]}},"_links":{"self":[{"href":"https:\/\/diarieducacio.cat\/rosasensat\/wp-json\/wp\/v2\/posts\/3012","targetHints":{"allow":["GET"]}}],"collection":[{"href":"https:\/\/diarieducacio.cat\/rosasensat\/wp-json\/wp\/v2\/posts"}],"about":[{"href":"https:\/\/diarieducacio.cat\/rosasensat\/wp-json\/wp\/v2\/types\/post"}],"author":[{"embeddable":true,"href":"https:\/\/diarieducacio.cat\/rosasensat\/wp-json\/wp\/v2\/users\/1"}],"replies":[{"embeddable":true,"href":"https:\/\/diarieducacio.cat\/rosasensat\/wp-json\/wp\/v2\/comments?post=3012"}],"version-history":[{"count":0,"href":"https:\/\/diarieducacio.cat\/rosasensat\/wp-json\/wp\/v2\/posts\/3012\/revisions"}],"wp:attachment":[{"href":"https:\/\/diarieducacio.cat\/rosasensat\/wp-json\/wp\/v2\/media?parent=3012"}],"wp:term":[{"taxonomy":"category","embeddable":true,"href":"https:\/\/diarieducacio.cat\/rosasensat\/wp-json\/wp\/v2\/categories?post=3012"},{"taxonomy":"post_tag","embeddable":true,"href":"https:\/\/diarieducacio.cat\/rosasensat\/wp-json\/wp\/v2\/tags?post=3012"},{"taxonomy":"tipo","embeddable":true,"href":"https:\/\/diarieducacio.cat\/rosasensat\/wp-json\/wp\/v2\/tipo?post=3012"}],"curies":[{"name":"wp","href":"https:\/\/api.w.org\/{rel}","templated":true}]}}