{"id":3015,"date":"2014-07-04T05:58:54","date_gmt":"2014-07-04T03:58:54","guid":{"rendered":"https:\/\/nostalgic-ishizaka.82-223-1-47.plesk.page\/rosasensat\/2014\/07\/04\/lescola-destiu-i-la-formacio-de-mestres\/"},"modified":"2014-07-04T05:58:54","modified_gmt":"2014-07-04T03:58:54","slug":"lescola-destiu-i-la-formacio-de-mestres","status":"publish","type":"post","link":"https:\/\/diarieducacio.cat\/rosasensat\/2014\/07\/04\/lescola-destiu-i-la-formacio-de-mestres\/","title":{"rendered":"L\u2019Escola d\u2019Estiu i la formaci\u00f3 de mestres"},"content":{"rendered":"<p>Durant aquesta primera setmana d\u2019Escola d\u2019Estiu hem escoltat que alguns dels conferenciants del Tema General ja havien participat en algunes Escoles d\u2019Estiu organitzades per Rosa Sensat, com a professors, com alumnes i\/o com a ponents. No \u00e9s estrany , doncs, aquesta \u00e9s la 49 ena. Escola d\u2019Estiu despr\u00e9s de la represa, en plena dictadura del general Franco.<\/p>\n<p>Tenir a tocar de dits l\u2019organitzaci\u00f3 de la 50ena. Escola d\u2019Estiu, ens obliga a plantejar-nos no sols la celebraci\u00f3 de la mateixa, tamb\u00e9 una an\u00e0lisi de la feina feta, amb encerts i desencerts, i, un projecte de continu\u00eftat.<\/p>\n<p>La voluntat de l\u2019Escola d\u2019Estiu que s\u2019organitza des de l\u2019Associaci\u00f3 de Mestres de Rosa Sensat \u00e9s el de la formaci\u00f3 permanent de mestres per a la renovaci\u00f3 pedag\u00f2gica, per a canviar les rutines de l\u2019escola tradicional i realitzar l\u2019acci\u00f3 educativa pensant en els infants i joves. Marta Mata, la primera directora de l\u2019escola de mestres de Rosa Sensat, ens ho deia :\u201dNo \u00e9s la ci\u00e8ncia, o el mestre, el centre de l\u2019educaci\u00f3 i de l\u2019escola, sin\u00f3 L\u2019INFANT, al voltant del qual gira l\u2019activitat i el contingut de l\u2019educaci\u00f3\u201d<\/p>\n<p>Enguany el Tema General el dediquem a \u201cLa societat canvia. I l\u2019escola?\u201d, una pregunta potser un xic ret\u00f2rica per\u00f2 en l\u2019\u00e0mbit del Tema General, l\u2019apartat de l\u2019Escola d\u2019Estiu, de debat i reflexi\u00f3 de mestres i professors de totes les etapes educatives amb visions, tamb\u00e9, des del m\u00f3n exterior escolar, ens permetr\u00e0 unes conclusions per a la millora de la pr\u00e0ctica pedag\u00f2gica a la classe, amb cadasc\u00fa dels nens i nenes, a l\u2019escola, en el projecte educatiu, en la ciutat i \u2026 perqu\u00e8 no, potser tamb\u00e9 en l\u2019administraci\u00f3.<\/p>\n<p>Aquestes aportacions externes les podeu seguir des del Diari d\u2019Escola d\u2019Estiu que es penja a la web de Rosa Sensat, i, fins i tot podeu veure i escoltar les intervencions, gr\u00e0cies als avan\u00e7os tecnol\u00f2gics.<\/p>\n<p>Acab\u00e0rem aquesta Escola d\u2019Estiu i inici\u00e0rem els preparatius de la propera amb la mateixa passi\u00f3 per canviar les rutines de l\u2019escola , amb la mateixa passi\u00f3 per renovar pedag\u00f2gicament el dia a dia de mestres i professors, sigui quina sigui la llei que hi hagi en vigor, i amb la mateixa passi\u00f3 perqu\u00e8 els infants i joves aprenguin a pensar i a viure aut\u00f2nomament, com a ciutadans lliures.<\/p>\n","protected":false},"excerpt":{"rendered":"<p>Durant aquesta primera setmana d\u2019Escola d\u2019Estiu hem escoltat que alguns dels conferenciants del Tema General ja havien participat en algunes Escoles d\u2019Estiu organitzades per Rosa Sensat, com a professors, com alumnes i\/o com a ponents. No \u00e9s estrany , doncs, aquesta \u00e9s la 49 ena. Escola d\u2019Estiu despr\u00e9s de la represa, en plena dictadura del<\/p>\n","protected":false},"author":1770,"featured_media":0,"comment_status":"open","ping_status":"open","sticky":false,"template":"","format":"standard","meta":{"footnotes":""},"categories":[2],"tags":[],"tipo":[],"class_list":{"0":"post-3015","1":"post","2":"type-post","3":"status-publish","4":"format-standard","6":"category-general"},"yoast_head":"<!-- This site is optimized with the Yoast SEO plugin v27.4 - https:\/\/yoast.com\/product\/yoast-seo-wordpress\/ -->\n<title>L\u2019Escola d\u2019Estiu i la formaci\u00f3 de mestres - Blog de Rosa Sensat<\/title>\n<meta name=\"robots\" content=\"index, follow, max-snippet:-1, max-image-preview:large, max-video-preview:-1\" \/>\n<link rel=\"canonical\" href=\"https:\/\/diarieducacio.cat\/rosasensat\/2014\/07\/04\/lescola-destiu-i-la-formacio-de-mestres\/\" \/>\n<meta property=\"og:locale\" content=\"ca_ES\" \/>\n<meta property=\"og:type\" content=\"article\" \/>\n<meta property=\"og:title\" content=\"L\u2019Escola d\u2019Estiu i la formaci\u00f3 de mestres - Blog de Rosa Sensat\" \/>\n<meta property=\"og:description\" content=\"Durant aquesta primera setmana d\u2019Escola d\u2019Estiu hem escoltat que alguns dels conferenciants del Tema General ja havien participat en algunes Escoles d\u2019Estiu organitzades per Rosa Sensat, com a professors, com alumnes i\/o com a ponents. No \u00e9s estrany , doncs, aquesta \u00e9s la 49 ena. Escola d\u2019Estiu despr\u00e9s de la represa, en plena dictadura del\" \/>\n<meta property=\"og:url\" content=\"https:\/\/diarieducacio.cat\/rosasensat\/2014\/07\/04\/lescola-destiu-i-la-formacio-de-mestres\/\" \/>\n<meta property=\"og:site_name\" content=\"Blog de Rosa Sensat\" \/>\n<meta property=\"article:published_time\" content=\"2014-07-04T03:58:54+00:00\" \/>\n<meta name=\"author\" content=\"Eduardo Azumendi\" \/>\n<meta name=\"twitter:card\" content=\"summary_large_image\" \/>\n<meta name=\"twitter:label1\" content=\"Escrit per\" \/>\n\t<meta name=\"twitter:data1\" content=\"Eduardo Azumendi\" \/>\n\t<meta name=\"twitter:label2\" content=\"Temps estimat de lectura\" \/>\n\t<meta name=\"twitter:data2\" content=\"2 minuts\" \/>\n<script type=\"application\/ld+json\" class=\"yoast-schema-graph\">{\"@context\":\"https:\\\/\\\/schema.org\",\"@graph\":[{\"@type\":\"Article\",\"@id\":\"https:\\\/\\\/diarieducacio.cat\\\/rosasensat\\\/2014\\\/07\\\/04\\\/lescola-destiu-i-la-formacio-de-mestres\\\/#article\",\"isPartOf\":{\"@id\":\"https:\\\/\\\/diarieducacio.cat\\\/rosasensat\\\/2014\\\/07\\\/04\\\/lescola-destiu-i-la-formacio-de-mestres\\\/\"},\"author\":{\"name\":\"Eduardo Azumendi\",\"@id\":\"https:\\\/\\\/diarieducacio.cat\\\/rosasensat\\\/#\\\/schema\\\/person\\\/05570bf853994e6d33f8e29c53e66dba\"},\"headline\":\"L\u2019Escola d\u2019Estiu i la formaci\u00f3 de mestres\",\"datePublished\":\"2014-07-04T03:58:54+00:00\",\"mainEntityOfPage\":{\"@id\":\"https:\\\/\\\/diarieducacio.cat\\\/rosasensat\\\/2014\\\/07\\\/04\\\/lescola-destiu-i-la-formacio-de-mestres\\\/\"},\"wordCount\":423,\"commentCount\":0,\"articleSection\":[\"General\"],\"inLanguage\":\"ca\",\"potentialAction\":[{\"@type\":\"CommentAction\",\"name\":\"Comment\",\"target\":[\"https:\\\/\\\/diarieducacio.cat\\\/rosasensat\\\/2014\\\/07\\\/04\\\/lescola-destiu-i-la-formacio-de-mestres\\\/#respond\"]}]},{\"@type\":\"WebPage\",\"@id\":\"https:\\\/\\\/diarieducacio.cat\\\/rosasensat\\\/2014\\\/07\\\/04\\\/lescola-destiu-i-la-formacio-de-mestres\\\/\",\"url\":\"https:\\\/\\\/diarieducacio.cat\\\/rosasensat\\\/2014\\\/07\\\/04\\\/lescola-destiu-i-la-formacio-de-mestres\\\/\",\"name\":\"L\u2019Escola d\u2019Estiu i la formaci\u00f3 de mestres - Blog de Rosa Sensat\",\"isPartOf\":{\"@id\":\"https:\\\/\\\/diarieducacio.cat\\\/rosasensat\\\/#website\"},\"datePublished\":\"2014-07-04T03:58:54+00:00\",\"author\":{\"@id\":\"https:\\\/\\\/diarieducacio.cat\\\/rosasensat\\\/#\\\/schema\\\/person\\\/05570bf853994e6d33f8e29c53e66dba\"},\"breadcrumb\":{\"@id\":\"https:\\\/\\\/diarieducacio.cat\\\/rosasensat\\\/2014\\\/07\\\/04\\\/lescola-destiu-i-la-formacio-de-mestres\\\/#breadcrumb\"},\"inLanguage\":\"ca\",\"potentialAction\":[{\"@type\":\"ReadAction\",\"target\":[\"https:\\\/\\\/diarieducacio.cat\\\/rosasensat\\\/2014\\\/07\\\/04\\\/lescola-destiu-i-la-formacio-de-mestres\\\/\"]}]},{\"@type\":\"BreadcrumbList\",\"@id\":\"https:\\\/\\\/diarieducacio.cat\\\/rosasensat\\\/2014\\\/07\\\/04\\\/lescola-destiu-i-la-formacio-de-mestres\\\/#breadcrumb\",\"itemListElement\":[{\"@type\":\"ListItem\",\"position\":1,\"name\":\"Inici\",\"item\":\"https:\\\/\\\/diarieducacio.cat\\\/rosasensat\\\/\"},{\"@type\":\"ListItem\",\"position\":2,\"name\":\"L\u2019Escola d\u2019Estiu i la formaci\u00f3 de mestres\"}]},{\"@type\":\"WebSite\",\"@id\":\"https:\\\/\\\/diarieducacio.cat\\\/rosasensat\\\/#website\",\"url\":\"https:\\\/\\\/diarieducacio.cat\\\/rosasensat\\\/\",\"name\":\"Blog de Rosa Sensat\",\"description\":\"\",\"potentialAction\":[{\"@type\":\"SearchAction\",\"target\":{\"@type\":\"EntryPoint\",\"urlTemplate\":\"https:\\\/\\\/diarieducacio.cat\\\/rosasensat\\\/?s={search_term_string}\"},\"query-input\":{\"@type\":\"PropertyValueSpecification\",\"valueRequired\":true,\"valueName\":\"search_term_string\"}}],\"inLanguage\":\"ca\"},{\"@type\":\"Person\",\"@id\":\"https:\\\/\\\/diarieducacio.cat\\\/rosasensat\\\/#\\\/schema\\\/person\\\/05570bf853994e6d33f8e29c53e66dba\",\"name\":\"Eduardo Azumendi\",\"image\":{\"@type\":\"ImageObject\",\"inLanguage\":\"ca\",\"@id\":\"https:\\\/\\\/secure.gravatar.com\\\/avatar\\\/21f971d84ee20d86ce555d92c7938c65391f696566e46595bcf73be05dc52de5?s=96&d=mm&r=g\",\"url\":\"https:\\\/\\\/secure.gravatar.com\\\/avatar\\\/21f971d84ee20d86ce555d92c7938c65391f696566e46595bcf73be05dc52de5?s=96&d=mm&r=g\",\"contentUrl\":\"https:\\\/\\\/secure.gravatar.com\\\/avatar\\\/21f971d84ee20d86ce555d92c7938c65391f696566e46595bcf73be05dc52de5?s=96&d=mm&r=g\",\"caption\":\"Eduardo Azumendi\"},\"url\":\"https:\\\/\\\/diarieducacio.cat\\\/rosasensat\\\/author\\\/eazumendi\\\/\"}]}<\/script>\n<!-- \/ Yoast SEO plugin. -->","yoast_head_json":{"title":"L\u2019Escola d\u2019Estiu i la formaci\u00f3 de mestres - Blog de Rosa Sensat","robots":{"index":"index","follow":"follow","max-snippet":"max-snippet:-1","max-image-preview":"max-image-preview:large","max-video-preview":"max-video-preview:-1"},"canonical":"https:\/\/diarieducacio.cat\/rosasensat\/2014\/07\/04\/lescola-destiu-i-la-formacio-de-mestres\/","og_locale":"ca_ES","og_type":"article","og_title":"L\u2019Escola d\u2019Estiu i la formaci\u00f3 de mestres - Blog de Rosa Sensat","og_description":"Durant aquesta primera setmana d\u2019Escola d\u2019Estiu hem escoltat que alguns dels conferenciants del Tema General ja havien participat en algunes Escoles d\u2019Estiu organitzades per Rosa Sensat, com a professors, com alumnes i\/o com a ponents. No \u00e9s estrany , doncs, aquesta \u00e9s la 49 ena. Escola d\u2019Estiu despr\u00e9s de la represa, en plena dictadura del","og_url":"https:\/\/diarieducacio.cat\/rosasensat\/2014\/07\/04\/lescola-destiu-i-la-formacio-de-mestres\/","og_site_name":"Blog de Rosa Sensat","article_published_time":"2014-07-04T03:58:54+00:00","author":"Eduardo Azumendi","twitter_card":"summary_large_image","twitter_misc":{"Escrit per":"Eduardo Azumendi","Temps estimat de lectura":"2 minuts"},"schema":{"@context":"https:\/\/schema.org","@graph":[{"@type":"Article","@id":"https:\/\/diarieducacio.cat\/rosasensat\/2014\/07\/04\/lescola-destiu-i-la-formacio-de-mestres\/#article","isPartOf":{"@id":"https:\/\/diarieducacio.cat\/rosasensat\/2014\/07\/04\/lescola-destiu-i-la-formacio-de-mestres\/"},"author":{"name":"Eduardo Azumendi","@id":"https:\/\/diarieducacio.cat\/rosasensat\/#\/schema\/person\/05570bf853994e6d33f8e29c53e66dba"},"headline":"L\u2019Escola d\u2019Estiu i la formaci\u00f3 de mestres","datePublished":"2014-07-04T03:58:54+00:00","mainEntityOfPage":{"@id":"https:\/\/diarieducacio.cat\/rosasensat\/2014\/07\/04\/lescola-destiu-i-la-formacio-de-mestres\/"},"wordCount":423,"commentCount":0,"articleSection":["General"],"inLanguage":"ca","potentialAction":[{"@type":"CommentAction","name":"Comment","target":["https:\/\/diarieducacio.cat\/rosasensat\/2014\/07\/04\/lescola-destiu-i-la-formacio-de-mestres\/#respond"]}]},{"@type":"WebPage","@id":"https:\/\/diarieducacio.cat\/rosasensat\/2014\/07\/04\/lescola-destiu-i-la-formacio-de-mestres\/","url":"https:\/\/diarieducacio.cat\/rosasensat\/2014\/07\/04\/lescola-destiu-i-la-formacio-de-mestres\/","name":"L\u2019Escola d\u2019Estiu i la formaci\u00f3 de mestres - Blog de Rosa Sensat","isPartOf":{"@id":"https:\/\/diarieducacio.cat\/rosasensat\/#website"},"datePublished":"2014-07-04T03:58:54+00:00","author":{"@id":"https:\/\/diarieducacio.cat\/rosasensat\/#\/schema\/person\/05570bf853994e6d33f8e29c53e66dba"},"breadcrumb":{"@id":"https:\/\/diarieducacio.cat\/rosasensat\/2014\/07\/04\/lescola-destiu-i-la-formacio-de-mestres\/#breadcrumb"},"inLanguage":"ca","potentialAction":[{"@type":"ReadAction","target":["https:\/\/diarieducacio.cat\/rosasensat\/2014\/07\/04\/lescola-destiu-i-la-formacio-de-mestres\/"]}]},{"@type":"BreadcrumbList","@id":"https:\/\/diarieducacio.cat\/rosasensat\/2014\/07\/04\/lescola-destiu-i-la-formacio-de-mestres\/#breadcrumb","itemListElement":[{"@type":"ListItem","position":1,"name":"Inici","item":"https:\/\/diarieducacio.cat\/rosasensat\/"},{"@type":"ListItem","position":2,"name":"L\u2019Escola d\u2019Estiu i la formaci\u00f3 de mestres"}]},{"@type":"WebSite","@id":"https:\/\/diarieducacio.cat\/rosasensat\/#website","url":"https:\/\/diarieducacio.cat\/rosasensat\/","name":"Blog de Rosa Sensat","description":"","potentialAction":[{"@type":"SearchAction","target":{"@type":"EntryPoint","urlTemplate":"https:\/\/diarieducacio.cat\/rosasensat\/?s={search_term_string}"},"query-input":{"@type":"PropertyValueSpecification","valueRequired":true,"valueName":"search_term_string"}}],"inLanguage":"ca"},{"@type":"Person","@id":"https:\/\/diarieducacio.cat\/rosasensat\/#\/schema\/person\/05570bf853994e6d33f8e29c53e66dba","name":"Eduardo Azumendi","image":{"@type":"ImageObject","inLanguage":"ca","@id":"https:\/\/secure.gravatar.com\/avatar\/21f971d84ee20d86ce555d92c7938c65391f696566e46595bcf73be05dc52de5?s=96&d=mm&r=g","url":"https:\/\/secure.gravatar.com\/avatar\/21f971d84ee20d86ce555d92c7938c65391f696566e46595bcf73be05dc52de5?s=96&d=mm&r=g","contentUrl":"https:\/\/secure.gravatar.com\/avatar\/21f971d84ee20d86ce555d92c7938c65391f696566e46595bcf73be05dc52de5?s=96&d=mm&r=g","caption":"Eduardo Azumendi"},"url":"https:\/\/diarieducacio.cat\/rosasensat\/author\/eazumendi\/"}]}},"_links":{"self":[{"href":"https:\/\/diarieducacio.cat\/rosasensat\/wp-json\/wp\/v2\/posts\/3015","targetHints":{"allow":["GET"]}}],"collection":[{"href":"https:\/\/diarieducacio.cat\/rosasensat\/wp-json\/wp\/v2\/posts"}],"about":[{"href":"https:\/\/diarieducacio.cat\/rosasensat\/wp-json\/wp\/v2\/types\/post"}],"author":[{"embeddable":true,"href":"https:\/\/diarieducacio.cat\/rosasensat\/wp-json\/wp\/v2\/users\/1770"}],"replies":[{"embeddable":true,"href":"https:\/\/diarieducacio.cat\/rosasensat\/wp-json\/wp\/v2\/comments?post=3015"}],"version-history":[{"count":0,"href":"https:\/\/diarieducacio.cat\/rosasensat\/wp-json\/wp\/v2\/posts\/3015\/revisions"}],"wp:attachment":[{"href":"https:\/\/diarieducacio.cat\/rosasensat\/wp-json\/wp\/v2\/media?parent=3015"}],"wp:term":[{"taxonomy":"category","embeddable":true,"href":"https:\/\/diarieducacio.cat\/rosasensat\/wp-json\/wp\/v2\/categories?post=3015"},{"taxonomy":"post_tag","embeddable":true,"href":"https:\/\/diarieducacio.cat\/rosasensat\/wp-json\/wp\/v2\/tags?post=3015"},{"taxonomy":"tipo","embeddable":true,"href":"https:\/\/diarieducacio.cat\/rosasensat\/wp-json\/wp\/v2\/tipo?post=3015"}],"curies":[{"name":"wp","href":"https:\/\/api.w.org\/{rel}","templated":true}]}}