{"id":3016,"date":"2014-08-27T08:00:19","date_gmt":"2014-08-27T06:00:19","guid":{"rendered":"https:\/\/nostalgic-ishizaka.82-223-1-47.plesk.page\/rosasensat\/2014\/08\/27\/la-febre-de-lemprenedoria\/"},"modified":"2014-08-27T08:00:19","modified_gmt":"2014-08-27T06:00:19","slug":"la-febre-de-lemprenedoria","status":"publish","type":"post","link":"https:\/\/diarieducacio.cat\/rosasensat\/2014\/08\/27\/la-febre-de-lemprenedoria\/","title":{"rendered":"La febre de l\u2019emprenedoria"},"content":{"rendered":"<p class=\"western\" style=\"margin-bottom: 0cm;\" align=\"JUSTIFY\"><span style=\"font-family: Arial,sans-serif;\">En els darrers temps hem pogut veure com des de diferents \u00e0mbits educatius es plantegen iniciatives sobre l\u2019emprenedoria, ja sigui jornades de formaci\u00f3, cursos o seminaris. No en va la nova llei educativa insisteix en la necessitat d\u2019ensenyar aquesta nova disciplina. Cap inconvenient per part meva, sempre i quan aquesta formaci\u00f3 empresarial (diguem si us plau les coses pel seu nom) vagi acompanyada de continguts de responsabilitat social.<\/span><\/p>\n<p class=\"western\" style=\"margin-bottom: 0cm;\" align=\"JUSTIFY\"><span style=\"font-family: Arial,sans-serif;\">Seria fant\u00e0stic que aquests nous emprenedors i emprenedores en embri\u00f3 que tenim avui a les nostres aules, no tinguessin en el futur la temptaci\u00f3 d\u2019alguns <\/span><span style=\"font-family: Arial,sans-serif;\"><i>vells emprenedors<\/i><\/span><span style=\"font-family: Arial,sans-serif;\"> que s\u2019han aprofitat de la situaci\u00f3 econ\u00f2mica actual per pagar uns sous humiliants als treballadors, per donar-los de baixa quan s\u2019apropen les vacances, per pagar-los trenta euros per treballar en diumenge o per simular expedients de regulaci\u00f3 d\u2019ocupaci\u00f3 en empreses on no calia&#8230; Que bo que seria que el pa\u00eds dispos\u00e9s d\u2019emprenedors que no fessin negoci amb les necessitats i serveis b\u00e0sics de la societat, que no abusessin dels interessos i de les comissions banc\u00e0ries o que no venguessin productes financers t\u00f2xics. <\/span><\/p>\n<p class=\"western\" style=\"margin-bottom: 0cm;\" align=\"JUSTIFY\"><span style=\"font-family: Arial,sans-serif;\">Saltar\u00edem d\u2019alegria si en el futur els emprenedors o empresaris tinguessin entre les seves prioritats el respecte pel medi ambient o la cura per complir escrupolosament la legislaci\u00f3 laboral; si desterressin definitivament l\u2019especulaci\u00f3 i la voracitat que ens han condu\u00eft a la crisi de la nostra economia i admetessin que qui ha provocat aquesta crisi no han estat precisament els ciutadans i ciutadanes del carrer, <\/span><span style=\"font-family: Arial,sans-serif;\"><i>perqu\u00e8 h\u00e0gim volgut <\/i><\/span><span style=\"font-family: Arial,sans-serif;\"><i>estirar m\u00e9s el bra\u00e7 que la m\u00e0niga<\/i><\/span><span style=\"font-family: Arial,sans-serif;\">. <\/span><\/p>\n<p class=\"western\" style=\"margin-bottom: 0cm;\" align=\"JUSTIFY\"><span style=\"font-family: Arial,sans-serif;\">A m\u00e9s, com que aquests processos de formaci\u00f3 d\u2019emprenedors sorgeixen del m\u00f3n educatiu, per qu\u00e8 no aprofitem per educar en la cooperaci\u00f3? Per qu\u00e8 no posem els valors socials i democr\u00e0tics al bell mig del <\/span><span style=\"font-family: Arial,sans-serif;\"><i>corpus<\/i><\/span><span style=\"font-family: Arial,sans-serif;\"> d\u2019aquesta assignatura? D\u2019acord, estimulem la iniciativa i la creativitat, per\u00f2 no com una virtut individual sin\u00f3 com a producte de la creaci\u00f3 en grup. L\u2019objectiu en un sistema educatiu de democr\u00e0cia social que t\u00e9 com a horitz\u00f3 la igualtat, no \u00e9s arribar a promoure l\u2019\u00e8xit individual, sin\u00f3 el col\u00b7lectiu. O no?<\/span><\/p>\n<p class=\"western\" style=\"margin-bottom: 0cm;\" align=\"JUSTIFY\"><span style=\"font-family: Arial,sans-serif;\">Despr\u00e9s de patir les conseq\u00fc\u00e8ncies d\u2019aquesta crisi tan virulenta que ha malm\u00e8s tantes energies, que ha escap\u00e7at tantes potencialitats, que ha expulsat del pa\u00eds a tants joves, si alguna cosa hem de fer \u00e9s no voler saber res de l\u2019avidesa individualista empresarial o emprenedora, i educar per saber treballar en col\u00b7laboraci\u00f3, amb consci\u00e8ncia i responsabilitat social, en un m\u00f3n que nom\u00e9s t\u00e9 sortida si \u00e9s activament compartit.<\/span><\/p>\n","protected":false},"excerpt":{"rendered":"<p>Despr\u00e9s de patir les conseq\u00fc\u00e8ncies d\u2019aquesta crisi tan virulenta que ha malm\u00e8s tantes energies, que ha escap\u00e7at tantes potencialitats, que ha expulsat del pa\u00eds a tants joves, si alguna cosa hem de fer \u00e9s no voler saber res de l\u2019avidesa individualista empresarial o emprenedora, i educar per saber treballar en col\u00b7laboraci\u00f3, amb consci\u00e8ncia i responsabilitat social, en un m\u00f3n que nom\u00e9s t\u00e9 sortida si \u00e9s activament compartit.<\/p>\n","protected":false},"author":1,"featured_media":0,"comment_status":"open","ping_status":"open","sticky":false,"template":"","format":"standard","meta":{"footnotes":""},"categories":[2],"tags":[],"tipo":[],"class_list":{"0":"post-3016","1":"post","2":"type-post","3":"status-publish","4":"format-standard","6":"category-general"},"yoast_head":"<!-- This site is optimized with the Yoast SEO plugin v27.5 - https:\/\/yoast.com\/product\/yoast-seo-wordpress\/ -->\n<title>La febre de l\u2019emprenedoria - Blog de Rosa Sensat<\/title>\n<meta name=\"robots\" content=\"index, follow, max-snippet:-1, max-image-preview:large, max-video-preview:-1\" \/>\n<link rel=\"canonical\" href=\"https:\/\/diarieducacio.cat\/rosasensat\/2014\/08\/27\/la-febre-de-lemprenedoria\/\" \/>\n<meta property=\"og:locale\" content=\"ca_ES\" \/>\n<meta property=\"og:type\" content=\"article\" \/>\n<meta property=\"og:title\" content=\"La febre de l\u2019emprenedoria - Blog de Rosa Sensat\" \/>\n<meta property=\"og:description\" content=\"Despr\u00e9s de patir les conseq\u00fc\u00e8ncies d\u2019aquesta crisi tan virulenta que ha malm\u00e8s tantes energies, que ha escap\u00e7at tantes potencialitats, que ha expulsat del pa\u00eds a tants joves, si alguna cosa hem de fer \u00e9s no voler saber res de l\u2019avidesa individualista empresarial o emprenedora, i educar per saber treballar en col\u00b7laboraci\u00f3, amb consci\u00e8ncia i responsabilitat social, en un m\u00f3n que nom\u00e9s t\u00e9 sortida si \u00e9s activament compartit.\" \/>\n<meta property=\"og:url\" content=\"https:\/\/diarieducacio.cat\/rosasensat\/2014\/08\/27\/la-febre-de-lemprenedoria\/\" \/>\n<meta property=\"og:site_name\" content=\"Blog de Rosa Sensat\" \/>\n<meta property=\"article:published_time\" content=\"2014-08-27T06:00:19+00:00\" \/>\n<meta name=\"author\" content=\"Redacci\u00f3\" \/>\n<meta name=\"twitter:card\" content=\"summary_large_image\" \/>\n<meta name=\"twitter:label1\" content=\"Escrit per\" \/>\n\t<meta name=\"twitter:data1\" content=\"Redacci\u00f3\" \/>\n\t<meta name=\"twitter:label2\" content=\"Temps estimat de lectura\" \/>\n\t<meta name=\"twitter:data2\" content=\"2 minuts\" \/>\n<script type=\"application\/ld+json\" class=\"yoast-schema-graph\">{\"@context\":\"https:\\\/\\\/schema.org\",\"@graph\":[{\"@type\":\"Article\",\"@id\":\"https:\\\/\\\/diarieducacio.cat\\\/rosasensat\\\/2014\\\/08\\\/27\\\/la-febre-de-lemprenedoria\\\/#article\",\"isPartOf\":{\"@id\":\"https:\\\/\\\/diarieducacio.cat\\\/rosasensat\\\/2014\\\/08\\\/27\\\/la-febre-de-lemprenedoria\\\/\"},\"author\":{\"name\":\"Redacci\u00f3\",\"@id\":\"https:\\\/\\\/diarieducacio.cat\\\/rosasensat\\\/#\\\/schema\\\/person\\\/04093d1227f1b01952d6187a5be57900\"},\"headline\":\"La febre de l\u2019emprenedoria\",\"datePublished\":\"2014-08-27T06:00:19+00:00\",\"mainEntityOfPage\":{\"@id\":\"https:\\\/\\\/diarieducacio.cat\\\/rosasensat\\\/2014\\\/08\\\/27\\\/la-febre-de-lemprenedoria\\\/\"},\"wordCount\":453,\"commentCount\":0,\"articleSection\":[\"General\"],\"inLanguage\":\"ca\",\"potentialAction\":[{\"@type\":\"CommentAction\",\"name\":\"Comment\",\"target\":[\"https:\\\/\\\/diarieducacio.cat\\\/rosasensat\\\/2014\\\/08\\\/27\\\/la-febre-de-lemprenedoria\\\/#respond\"]}]},{\"@type\":\"WebPage\",\"@id\":\"https:\\\/\\\/diarieducacio.cat\\\/rosasensat\\\/2014\\\/08\\\/27\\\/la-febre-de-lemprenedoria\\\/\",\"url\":\"https:\\\/\\\/diarieducacio.cat\\\/rosasensat\\\/2014\\\/08\\\/27\\\/la-febre-de-lemprenedoria\\\/\",\"name\":\"La febre de l\u2019emprenedoria - Blog de Rosa Sensat\",\"isPartOf\":{\"@id\":\"https:\\\/\\\/diarieducacio.cat\\\/rosasensat\\\/#website\"},\"datePublished\":\"2014-08-27T06:00:19+00:00\",\"author\":{\"@id\":\"https:\\\/\\\/diarieducacio.cat\\\/rosasensat\\\/#\\\/schema\\\/person\\\/04093d1227f1b01952d6187a5be57900\"},\"breadcrumb\":{\"@id\":\"https:\\\/\\\/diarieducacio.cat\\\/rosasensat\\\/2014\\\/08\\\/27\\\/la-febre-de-lemprenedoria\\\/#breadcrumb\"},\"inLanguage\":\"ca\",\"potentialAction\":[{\"@type\":\"ReadAction\",\"target\":[\"https:\\\/\\\/diarieducacio.cat\\\/rosasensat\\\/2014\\\/08\\\/27\\\/la-febre-de-lemprenedoria\\\/\"]}]},{\"@type\":\"BreadcrumbList\",\"@id\":\"https:\\\/\\\/diarieducacio.cat\\\/rosasensat\\\/2014\\\/08\\\/27\\\/la-febre-de-lemprenedoria\\\/#breadcrumb\",\"itemListElement\":[{\"@type\":\"ListItem\",\"position\":1,\"name\":\"Inici\",\"item\":\"https:\\\/\\\/diarieducacio.cat\\\/rosasensat\\\/\"},{\"@type\":\"ListItem\",\"position\":2,\"name\":\"La febre de l\u2019emprenedoria\"}]},{\"@type\":\"WebSite\",\"@id\":\"https:\\\/\\\/diarieducacio.cat\\\/rosasensat\\\/#website\",\"url\":\"https:\\\/\\\/diarieducacio.cat\\\/rosasensat\\\/\",\"name\":\"Blog de Rosa Sensat\",\"description\":\"\",\"potentialAction\":[{\"@type\":\"SearchAction\",\"target\":{\"@type\":\"EntryPoint\",\"urlTemplate\":\"https:\\\/\\\/diarieducacio.cat\\\/rosasensat\\\/?s={search_term_string}\"},\"query-input\":{\"@type\":\"PropertyValueSpecification\",\"valueRequired\":true,\"valueName\":\"search_term_string\"}}],\"inLanguage\":\"ca\"},{\"@type\":\"Person\",\"@id\":\"https:\\\/\\\/diarieducacio.cat\\\/rosasensat\\\/#\\\/schema\\\/person\\\/04093d1227f1b01952d6187a5be57900\",\"name\":\"Redacci\u00f3\",\"image\":{\"@type\":\"ImageObject\",\"inLanguage\":\"ca\",\"@id\":\"https:\\\/\\\/secure.gravatar.com\\\/avatar\\\/e952ad62e08be1daabaefebd12d26c1e5fbfd687693aaa066db2433a21638ad8?s=96&d=mm&r=g\",\"url\":\"https:\\\/\\\/secure.gravatar.com\\\/avatar\\\/e952ad62e08be1daabaefebd12d26c1e5fbfd687693aaa066db2433a21638ad8?s=96&d=mm&r=g\",\"contentUrl\":\"https:\\\/\\\/secure.gravatar.com\\\/avatar\\\/e952ad62e08be1daabaefebd12d26c1e5fbfd687693aaa066db2433a21638ad8?s=96&d=mm&r=g\",\"caption\":\"Redacci\u00f3\"},\"url\":\"https:\\\/\\\/diarieducacio.cat\\\/rosasensat\\\/author\\\/npenin\\\/\"}]}<\/script>\n<!-- \/ Yoast SEO plugin. -->","yoast_head_json":{"title":"La febre de l\u2019emprenedoria - Blog de Rosa Sensat","robots":{"index":"index","follow":"follow","max-snippet":"max-snippet:-1","max-image-preview":"max-image-preview:large","max-video-preview":"max-video-preview:-1"},"canonical":"https:\/\/diarieducacio.cat\/rosasensat\/2014\/08\/27\/la-febre-de-lemprenedoria\/","og_locale":"ca_ES","og_type":"article","og_title":"La febre de l\u2019emprenedoria - Blog de Rosa Sensat","og_description":"Despr\u00e9s de patir les conseq\u00fc\u00e8ncies d\u2019aquesta crisi tan virulenta que ha malm\u00e8s tantes energies, que ha escap\u00e7at tantes potencialitats, que ha expulsat del pa\u00eds a tants joves, si alguna cosa hem de fer \u00e9s no voler saber res de l\u2019avidesa individualista empresarial o emprenedora, i educar per saber treballar en col\u00b7laboraci\u00f3, amb consci\u00e8ncia i responsabilitat social, en un m\u00f3n que nom\u00e9s t\u00e9 sortida si \u00e9s activament compartit.","og_url":"https:\/\/diarieducacio.cat\/rosasensat\/2014\/08\/27\/la-febre-de-lemprenedoria\/","og_site_name":"Blog de Rosa Sensat","article_published_time":"2014-08-27T06:00:19+00:00","author":"Redacci\u00f3","twitter_card":"summary_large_image","twitter_misc":{"Escrit per":"Redacci\u00f3","Temps estimat de lectura":"2 minuts"},"schema":{"@context":"https:\/\/schema.org","@graph":[{"@type":"Article","@id":"https:\/\/diarieducacio.cat\/rosasensat\/2014\/08\/27\/la-febre-de-lemprenedoria\/#article","isPartOf":{"@id":"https:\/\/diarieducacio.cat\/rosasensat\/2014\/08\/27\/la-febre-de-lemprenedoria\/"},"author":{"name":"Redacci\u00f3","@id":"https:\/\/diarieducacio.cat\/rosasensat\/#\/schema\/person\/04093d1227f1b01952d6187a5be57900"},"headline":"La febre de l\u2019emprenedoria","datePublished":"2014-08-27T06:00:19+00:00","mainEntityOfPage":{"@id":"https:\/\/diarieducacio.cat\/rosasensat\/2014\/08\/27\/la-febre-de-lemprenedoria\/"},"wordCount":453,"commentCount":0,"articleSection":["General"],"inLanguage":"ca","potentialAction":[{"@type":"CommentAction","name":"Comment","target":["https:\/\/diarieducacio.cat\/rosasensat\/2014\/08\/27\/la-febre-de-lemprenedoria\/#respond"]}]},{"@type":"WebPage","@id":"https:\/\/diarieducacio.cat\/rosasensat\/2014\/08\/27\/la-febre-de-lemprenedoria\/","url":"https:\/\/diarieducacio.cat\/rosasensat\/2014\/08\/27\/la-febre-de-lemprenedoria\/","name":"La febre de l\u2019emprenedoria - Blog de Rosa Sensat","isPartOf":{"@id":"https:\/\/diarieducacio.cat\/rosasensat\/#website"},"datePublished":"2014-08-27T06:00:19+00:00","author":{"@id":"https:\/\/diarieducacio.cat\/rosasensat\/#\/schema\/person\/04093d1227f1b01952d6187a5be57900"},"breadcrumb":{"@id":"https:\/\/diarieducacio.cat\/rosasensat\/2014\/08\/27\/la-febre-de-lemprenedoria\/#breadcrumb"},"inLanguage":"ca","potentialAction":[{"@type":"ReadAction","target":["https:\/\/diarieducacio.cat\/rosasensat\/2014\/08\/27\/la-febre-de-lemprenedoria\/"]}]},{"@type":"BreadcrumbList","@id":"https:\/\/diarieducacio.cat\/rosasensat\/2014\/08\/27\/la-febre-de-lemprenedoria\/#breadcrumb","itemListElement":[{"@type":"ListItem","position":1,"name":"Inici","item":"https:\/\/diarieducacio.cat\/rosasensat\/"},{"@type":"ListItem","position":2,"name":"La febre de l\u2019emprenedoria"}]},{"@type":"WebSite","@id":"https:\/\/diarieducacio.cat\/rosasensat\/#website","url":"https:\/\/diarieducacio.cat\/rosasensat\/","name":"Blog de Rosa Sensat","description":"","potentialAction":[{"@type":"SearchAction","target":{"@type":"EntryPoint","urlTemplate":"https:\/\/diarieducacio.cat\/rosasensat\/?s={search_term_string}"},"query-input":{"@type":"PropertyValueSpecification","valueRequired":true,"valueName":"search_term_string"}}],"inLanguage":"ca"},{"@type":"Person","@id":"https:\/\/diarieducacio.cat\/rosasensat\/#\/schema\/person\/04093d1227f1b01952d6187a5be57900","name":"Redacci\u00f3","image":{"@type":"ImageObject","inLanguage":"ca","@id":"https:\/\/secure.gravatar.com\/avatar\/e952ad62e08be1daabaefebd12d26c1e5fbfd687693aaa066db2433a21638ad8?s=96&d=mm&r=g","url":"https:\/\/secure.gravatar.com\/avatar\/e952ad62e08be1daabaefebd12d26c1e5fbfd687693aaa066db2433a21638ad8?s=96&d=mm&r=g","contentUrl":"https:\/\/secure.gravatar.com\/avatar\/e952ad62e08be1daabaefebd12d26c1e5fbfd687693aaa066db2433a21638ad8?s=96&d=mm&r=g","caption":"Redacci\u00f3"},"url":"https:\/\/diarieducacio.cat\/rosasensat\/author\/npenin\/"}]}},"_links":{"self":[{"href":"https:\/\/diarieducacio.cat\/rosasensat\/wp-json\/wp\/v2\/posts\/3016","targetHints":{"allow":["GET"]}}],"collection":[{"href":"https:\/\/diarieducacio.cat\/rosasensat\/wp-json\/wp\/v2\/posts"}],"about":[{"href":"https:\/\/diarieducacio.cat\/rosasensat\/wp-json\/wp\/v2\/types\/post"}],"author":[{"embeddable":true,"href":"https:\/\/diarieducacio.cat\/rosasensat\/wp-json\/wp\/v2\/users\/1"}],"replies":[{"embeddable":true,"href":"https:\/\/diarieducacio.cat\/rosasensat\/wp-json\/wp\/v2\/comments?post=3016"}],"version-history":[{"count":0,"href":"https:\/\/diarieducacio.cat\/rosasensat\/wp-json\/wp\/v2\/posts\/3016\/revisions"}],"wp:attachment":[{"href":"https:\/\/diarieducacio.cat\/rosasensat\/wp-json\/wp\/v2\/media?parent=3016"}],"wp:term":[{"taxonomy":"category","embeddable":true,"href":"https:\/\/diarieducacio.cat\/rosasensat\/wp-json\/wp\/v2\/categories?post=3016"},{"taxonomy":"post_tag","embeddable":true,"href":"https:\/\/diarieducacio.cat\/rosasensat\/wp-json\/wp\/v2\/tags?post=3016"},{"taxonomy":"tipo","embeddable":true,"href":"https:\/\/diarieducacio.cat\/rosasensat\/wp-json\/wp\/v2\/tipo?post=3016"}],"curies":[{"name":"wp","href":"https:\/\/api.w.org\/{rel}","templated":true}]}}