{"id":3018,"date":"2014-09-15T16:44:12","date_gmt":"2014-09-15T14:44:12","guid":{"rendered":"https:\/\/nostalgic-ishizaka.82-223-1-47.plesk.page\/rosasensat\/2014\/09\/15\/les-rutines-comunicatives-davant-dun-nou-inici-de-curs-escolar\/"},"modified":"2014-09-15T16:44:12","modified_gmt":"2014-09-15T14:44:12","slug":"les-rutines-comunicatives-davant-dun-nou-inici-de-curs-escolar","status":"publish","type":"post","link":"https:\/\/diarieducacio.cat\/rosasensat\/2014\/09\/15\/les-rutines-comunicatives-davant-dun-nou-inici-de-curs-escolar\/","title":{"rendered":"Les rutines comunicatives davant d\u2019un nou inici de curs escolar"},"content":{"rendered":"<p>Els humans ens trobem c\u00f2modes en la reiteraci\u00f3: les rutines ens donen seguretat, fer regularment les mateixes coses ens aporta tranquil\u00b7litat d\u2019\u00e0nim per afrontar la complexitat inherent a qualsevol recorregut vital.<\/p>\n<p>Aquests dies aquest fet es fa patent. Tan bon punt s\u2019acaben les vacances, els mitjans de comunicaci\u00f3 incorporen als seus programes els temes recurrents relacionats amb l\u2019\u00e8poca de l\u2019any. L\u2019escola \u00e9s un tema recurrent. Aix\u00ed doncs, com no podia ser d\u2019altra manera, han tornat a tractar la tornada a l\u2019escola, i dins dels molts aspectes que es poden abordar han tornat a parlar dels deures. Hi ha hagut un enfocament diferent d\u2019altres anys? No. S\u2019ha presentat algun estudi amb aportacions innovadores? No. La interpretaci\u00f3 que se\u2019n pot fer \u00e9s que l\u2019important \u00e9s parlar sobre un aspecte relacionat amb l\u2019educaci\u00f3 que no compromet gaire a res i sobre el qual tothom t\u00e9 opini\u00f3.<\/p>\n<p>D\u2019aqu\u00ed a uns dies tornarem a tenir-ne un clar exemple: en tots els telenot\u00edcies veurem infants amb bata nova que davant de la pregunta \u201cTeniu ganes de tornar a l\u2019escola?\u201d responen dient que tenen ganes de tornar a l\u2019escola per veure els amics. Tamb\u00e9 veurem infants de tres anys plorant perqu\u00e8 \u00e9s el primer dia d\u2019escola. Tots ho estem esperant, si no ho vei\u00e9ssim segur que ens intranquil\u00b7litzaria. Ens aportar\u00e0 alguna cosa? Segurament no, per\u00f2 aix\u00f2 \u00e9s el menys important: \u00e9s el primer dia d\u2019escola, s\u2019ha convertit en una not\u00edcia recurrent i se li d\u00f3na aquest tractament.<\/p>\n<p>\u00c9s decebedor veure-ho cada any, de fet \u00e9s com una mena del dia de la marmota. Per\u00f2 no s\u2019ha de perdre l\u2019esperan\u00e7a. Segur que no trigarem a veure que s\u2019aprofita aquesta situaci\u00f3 per enfocar-ho d\u2019una altra manera. Per exemple, en lloc de preguntar als infants si tenen ganes de tornar a l\u2019escola, els preguntaran si el seu nivell de participaci\u00f3 a l\u2019escola \u00e9s adequat, o si estan d\u2019acord a tenir materials editats, o si estan d\u2019acord amb els horaris&#8230; vaja, que es tractar\u00e0 els infants com el que s\u00f3n: persones amb opini\u00f3 i amb capacitat per expressar-la.<\/p>\n","protected":false},"excerpt":{"rendered":"<p>Tan bon punt s\u2019acaben les vacances, els mitjans de comunicaci\u00f3 incorporen als seus programes els temes recurrents relacionats amb l\u2019\u00e8poca de l\u2019any. L\u2019escola \u00e9s un tema recurrent.<\/p>\n","protected":false},"author":1,"featured_media":0,"comment_status":"open","ping_status":"open","sticky":false,"template":"","format":"standard","meta":{"footnotes":""},"categories":[2],"tags":[],"tipo":[],"class_list":{"0":"post-3018","1":"post","2":"type-post","3":"status-publish","4":"format-standard","6":"category-general"},"yoast_head":"<!-- This site is optimized with the Yoast SEO plugin v27.4 - https:\/\/yoast.com\/product\/yoast-seo-wordpress\/ -->\n<title>Les rutines comunicatives davant d\u2019un nou inici de curs escolar - Blog de Rosa Sensat<\/title>\n<meta name=\"robots\" content=\"index, follow, max-snippet:-1, max-image-preview:large, max-video-preview:-1\" \/>\n<link rel=\"canonical\" href=\"https:\/\/diarieducacio.cat\/rosasensat\/2014\/09\/15\/les-rutines-comunicatives-davant-dun-nou-inici-de-curs-escolar\/\" \/>\n<meta property=\"og:locale\" content=\"ca_ES\" \/>\n<meta property=\"og:type\" content=\"article\" \/>\n<meta property=\"og:title\" content=\"Les rutines comunicatives davant d\u2019un nou inici de curs escolar - Blog de Rosa Sensat\" \/>\n<meta property=\"og:description\" content=\"Tan bon punt s\u2019acaben les vacances, els mitjans de comunicaci\u00f3 incorporen als seus programes els temes recurrents relacionats amb l\u2019\u00e8poca de l\u2019any. L\u2019escola \u00e9s un tema recurrent.\" \/>\n<meta property=\"og:url\" content=\"https:\/\/diarieducacio.cat\/rosasensat\/2014\/09\/15\/les-rutines-comunicatives-davant-dun-nou-inici-de-curs-escolar\/\" \/>\n<meta property=\"og:site_name\" content=\"Blog de Rosa Sensat\" \/>\n<meta property=\"article:published_time\" content=\"2014-09-15T14:44:12+00:00\" \/>\n<meta name=\"author\" content=\"Redacci\u00f3\" \/>\n<meta name=\"twitter:card\" content=\"summary_large_image\" \/>\n<meta name=\"twitter:label1\" content=\"Escrit per\" \/>\n\t<meta name=\"twitter:data1\" content=\"Redacci\u00f3\" \/>\n\t<meta name=\"twitter:label2\" content=\"Temps estimat de lectura\" \/>\n\t<meta name=\"twitter:data2\" content=\"2 minuts\" \/>\n<script type=\"application\/ld+json\" class=\"yoast-schema-graph\">{\"@context\":\"https:\\\/\\\/schema.org\",\"@graph\":[{\"@type\":\"Article\",\"@id\":\"https:\\\/\\\/diarieducacio.cat\\\/rosasensat\\\/2014\\\/09\\\/15\\\/les-rutines-comunicatives-davant-dun-nou-inici-de-curs-escolar\\\/#article\",\"isPartOf\":{\"@id\":\"https:\\\/\\\/diarieducacio.cat\\\/rosasensat\\\/2014\\\/09\\\/15\\\/les-rutines-comunicatives-davant-dun-nou-inici-de-curs-escolar\\\/\"},\"author\":{\"name\":\"Redacci\u00f3\",\"@id\":\"https:\\\/\\\/diarieducacio.cat\\\/rosasensat\\\/#\\\/schema\\\/person\\\/04093d1227f1b01952d6187a5be57900\"},\"headline\":\"Les rutines comunicatives davant d\u2019un nou inici de curs escolar\",\"datePublished\":\"2014-09-15T14:44:12+00:00\",\"mainEntityOfPage\":{\"@id\":\"https:\\\/\\\/diarieducacio.cat\\\/rosasensat\\\/2014\\\/09\\\/15\\\/les-rutines-comunicatives-davant-dun-nou-inici-de-curs-escolar\\\/\"},\"wordCount\":383,\"commentCount\":0,\"articleSection\":[\"General\"],\"inLanguage\":\"ca\",\"potentialAction\":[{\"@type\":\"CommentAction\",\"name\":\"Comment\",\"target\":[\"https:\\\/\\\/diarieducacio.cat\\\/rosasensat\\\/2014\\\/09\\\/15\\\/les-rutines-comunicatives-davant-dun-nou-inici-de-curs-escolar\\\/#respond\"]}]},{\"@type\":\"WebPage\",\"@id\":\"https:\\\/\\\/diarieducacio.cat\\\/rosasensat\\\/2014\\\/09\\\/15\\\/les-rutines-comunicatives-davant-dun-nou-inici-de-curs-escolar\\\/\",\"url\":\"https:\\\/\\\/diarieducacio.cat\\\/rosasensat\\\/2014\\\/09\\\/15\\\/les-rutines-comunicatives-davant-dun-nou-inici-de-curs-escolar\\\/\",\"name\":\"Les rutines comunicatives davant d\u2019un nou inici de curs escolar - Blog de Rosa Sensat\",\"isPartOf\":{\"@id\":\"https:\\\/\\\/diarieducacio.cat\\\/rosasensat\\\/#website\"},\"datePublished\":\"2014-09-15T14:44:12+00:00\",\"author\":{\"@id\":\"https:\\\/\\\/diarieducacio.cat\\\/rosasensat\\\/#\\\/schema\\\/person\\\/04093d1227f1b01952d6187a5be57900\"},\"breadcrumb\":{\"@id\":\"https:\\\/\\\/diarieducacio.cat\\\/rosasensat\\\/2014\\\/09\\\/15\\\/les-rutines-comunicatives-davant-dun-nou-inici-de-curs-escolar\\\/#breadcrumb\"},\"inLanguage\":\"ca\",\"potentialAction\":[{\"@type\":\"ReadAction\",\"target\":[\"https:\\\/\\\/diarieducacio.cat\\\/rosasensat\\\/2014\\\/09\\\/15\\\/les-rutines-comunicatives-davant-dun-nou-inici-de-curs-escolar\\\/\"]}]},{\"@type\":\"BreadcrumbList\",\"@id\":\"https:\\\/\\\/diarieducacio.cat\\\/rosasensat\\\/2014\\\/09\\\/15\\\/les-rutines-comunicatives-davant-dun-nou-inici-de-curs-escolar\\\/#breadcrumb\",\"itemListElement\":[{\"@type\":\"ListItem\",\"position\":1,\"name\":\"Inici\",\"item\":\"https:\\\/\\\/diarieducacio.cat\\\/rosasensat\\\/\"},{\"@type\":\"ListItem\",\"position\":2,\"name\":\"Les rutines comunicatives davant d\u2019un nou inici de curs escolar\"}]},{\"@type\":\"WebSite\",\"@id\":\"https:\\\/\\\/diarieducacio.cat\\\/rosasensat\\\/#website\",\"url\":\"https:\\\/\\\/diarieducacio.cat\\\/rosasensat\\\/\",\"name\":\"Blog de Rosa Sensat\",\"description\":\"\",\"potentialAction\":[{\"@type\":\"SearchAction\",\"target\":{\"@type\":\"EntryPoint\",\"urlTemplate\":\"https:\\\/\\\/diarieducacio.cat\\\/rosasensat\\\/?s={search_term_string}\"},\"query-input\":{\"@type\":\"PropertyValueSpecification\",\"valueRequired\":true,\"valueName\":\"search_term_string\"}}],\"inLanguage\":\"ca\"},{\"@type\":\"Person\",\"@id\":\"https:\\\/\\\/diarieducacio.cat\\\/rosasensat\\\/#\\\/schema\\\/person\\\/04093d1227f1b01952d6187a5be57900\",\"name\":\"Redacci\u00f3\",\"image\":{\"@type\":\"ImageObject\",\"inLanguage\":\"ca\",\"@id\":\"https:\\\/\\\/secure.gravatar.com\\\/avatar\\\/e952ad62e08be1daabaefebd12d26c1e5fbfd687693aaa066db2433a21638ad8?s=96&d=mm&r=g\",\"url\":\"https:\\\/\\\/secure.gravatar.com\\\/avatar\\\/e952ad62e08be1daabaefebd12d26c1e5fbfd687693aaa066db2433a21638ad8?s=96&d=mm&r=g\",\"contentUrl\":\"https:\\\/\\\/secure.gravatar.com\\\/avatar\\\/e952ad62e08be1daabaefebd12d26c1e5fbfd687693aaa066db2433a21638ad8?s=96&d=mm&r=g\",\"caption\":\"Redacci\u00f3\"},\"url\":\"https:\\\/\\\/diarieducacio.cat\\\/rosasensat\\\/author\\\/npenin\\\/\"}]}<\/script>\n<!-- \/ Yoast SEO plugin. -->","yoast_head_json":{"title":"Les rutines comunicatives davant d\u2019un nou inici de curs escolar - Blog de Rosa Sensat","robots":{"index":"index","follow":"follow","max-snippet":"max-snippet:-1","max-image-preview":"max-image-preview:large","max-video-preview":"max-video-preview:-1"},"canonical":"https:\/\/diarieducacio.cat\/rosasensat\/2014\/09\/15\/les-rutines-comunicatives-davant-dun-nou-inici-de-curs-escolar\/","og_locale":"ca_ES","og_type":"article","og_title":"Les rutines comunicatives davant d\u2019un nou inici de curs escolar - Blog de Rosa Sensat","og_description":"Tan bon punt s\u2019acaben les vacances, els mitjans de comunicaci\u00f3 incorporen als seus programes els temes recurrents relacionats amb l\u2019\u00e8poca de l\u2019any. L\u2019escola \u00e9s un tema recurrent.","og_url":"https:\/\/diarieducacio.cat\/rosasensat\/2014\/09\/15\/les-rutines-comunicatives-davant-dun-nou-inici-de-curs-escolar\/","og_site_name":"Blog de Rosa Sensat","article_published_time":"2014-09-15T14:44:12+00:00","author":"Redacci\u00f3","twitter_card":"summary_large_image","twitter_misc":{"Escrit per":"Redacci\u00f3","Temps estimat de lectura":"2 minuts"},"schema":{"@context":"https:\/\/schema.org","@graph":[{"@type":"Article","@id":"https:\/\/diarieducacio.cat\/rosasensat\/2014\/09\/15\/les-rutines-comunicatives-davant-dun-nou-inici-de-curs-escolar\/#article","isPartOf":{"@id":"https:\/\/diarieducacio.cat\/rosasensat\/2014\/09\/15\/les-rutines-comunicatives-davant-dun-nou-inici-de-curs-escolar\/"},"author":{"name":"Redacci\u00f3","@id":"https:\/\/diarieducacio.cat\/rosasensat\/#\/schema\/person\/04093d1227f1b01952d6187a5be57900"},"headline":"Les rutines comunicatives davant d\u2019un nou inici de curs escolar","datePublished":"2014-09-15T14:44:12+00:00","mainEntityOfPage":{"@id":"https:\/\/diarieducacio.cat\/rosasensat\/2014\/09\/15\/les-rutines-comunicatives-davant-dun-nou-inici-de-curs-escolar\/"},"wordCount":383,"commentCount":0,"articleSection":["General"],"inLanguage":"ca","potentialAction":[{"@type":"CommentAction","name":"Comment","target":["https:\/\/diarieducacio.cat\/rosasensat\/2014\/09\/15\/les-rutines-comunicatives-davant-dun-nou-inici-de-curs-escolar\/#respond"]}]},{"@type":"WebPage","@id":"https:\/\/diarieducacio.cat\/rosasensat\/2014\/09\/15\/les-rutines-comunicatives-davant-dun-nou-inici-de-curs-escolar\/","url":"https:\/\/diarieducacio.cat\/rosasensat\/2014\/09\/15\/les-rutines-comunicatives-davant-dun-nou-inici-de-curs-escolar\/","name":"Les rutines comunicatives davant d\u2019un nou inici de curs escolar - Blog de Rosa Sensat","isPartOf":{"@id":"https:\/\/diarieducacio.cat\/rosasensat\/#website"},"datePublished":"2014-09-15T14:44:12+00:00","author":{"@id":"https:\/\/diarieducacio.cat\/rosasensat\/#\/schema\/person\/04093d1227f1b01952d6187a5be57900"},"breadcrumb":{"@id":"https:\/\/diarieducacio.cat\/rosasensat\/2014\/09\/15\/les-rutines-comunicatives-davant-dun-nou-inici-de-curs-escolar\/#breadcrumb"},"inLanguage":"ca","potentialAction":[{"@type":"ReadAction","target":["https:\/\/diarieducacio.cat\/rosasensat\/2014\/09\/15\/les-rutines-comunicatives-davant-dun-nou-inici-de-curs-escolar\/"]}]},{"@type":"BreadcrumbList","@id":"https:\/\/diarieducacio.cat\/rosasensat\/2014\/09\/15\/les-rutines-comunicatives-davant-dun-nou-inici-de-curs-escolar\/#breadcrumb","itemListElement":[{"@type":"ListItem","position":1,"name":"Inici","item":"https:\/\/diarieducacio.cat\/rosasensat\/"},{"@type":"ListItem","position":2,"name":"Les rutines comunicatives davant d\u2019un nou inici de curs escolar"}]},{"@type":"WebSite","@id":"https:\/\/diarieducacio.cat\/rosasensat\/#website","url":"https:\/\/diarieducacio.cat\/rosasensat\/","name":"Blog de Rosa Sensat","description":"","potentialAction":[{"@type":"SearchAction","target":{"@type":"EntryPoint","urlTemplate":"https:\/\/diarieducacio.cat\/rosasensat\/?s={search_term_string}"},"query-input":{"@type":"PropertyValueSpecification","valueRequired":true,"valueName":"search_term_string"}}],"inLanguage":"ca"},{"@type":"Person","@id":"https:\/\/diarieducacio.cat\/rosasensat\/#\/schema\/person\/04093d1227f1b01952d6187a5be57900","name":"Redacci\u00f3","image":{"@type":"ImageObject","inLanguage":"ca","@id":"https:\/\/secure.gravatar.com\/avatar\/e952ad62e08be1daabaefebd12d26c1e5fbfd687693aaa066db2433a21638ad8?s=96&d=mm&r=g","url":"https:\/\/secure.gravatar.com\/avatar\/e952ad62e08be1daabaefebd12d26c1e5fbfd687693aaa066db2433a21638ad8?s=96&d=mm&r=g","contentUrl":"https:\/\/secure.gravatar.com\/avatar\/e952ad62e08be1daabaefebd12d26c1e5fbfd687693aaa066db2433a21638ad8?s=96&d=mm&r=g","caption":"Redacci\u00f3"},"url":"https:\/\/diarieducacio.cat\/rosasensat\/author\/npenin\/"}]}},"_links":{"self":[{"href":"https:\/\/diarieducacio.cat\/rosasensat\/wp-json\/wp\/v2\/posts\/3018","targetHints":{"allow":["GET"]}}],"collection":[{"href":"https:\/\/diarieducacio.cat\/rosasensat\/wp-json\/wp\/v2\/posts"}],"about":[{"href":"https:\/\/diarieducacio.cat\/rosasensat\/wp-json\/wp\/v2\/types\/post"}],"author":[{"embeddable":true,"href":"https:\/\/diarieducacio.cat\/rosasensat\/wp-json\/wp\/v2\/users\/1"}],"replies":[{"embeddable":true,"href":"https:\/\/diarieducacio.cat\/rosasensat\/wp-json\/wp\/v2\/comments?post=3018"}],"version-history":[{"count":0,"href":"https:\/\/diarieducacio.cat\/rosasensat\/wp-json\/wp\/v2\/posts\/3018\/revisions"}],"wp:attachment":[{"href":"https:\/\/diarieducacio.cat\/rosasensat\/wp-json\/wp\/v2\/media?parent=3018"}],"wp:term":[{"taxonomy":"category","embeddable":true,"href":"https:\/\/diarieducacio.cat\/rosasensat\/wp-json\/wp\/v2\/categories?post=3018"},{"taxonomy":"post_tag","embeddable":true,"href":"https:\/\/diarieducacio.cat\/rosasensat\/wp-json\/wp\/v2\/tags?post=3018"},{"taxonomy":"tipo","embeddable":true,"href":"https:\/\/diarieducacio.cat\/rosasensat\/wp-json\/wp\/v2\/tipo?post=3018"}],"curies":[{"name":"wp","href":"https:\/\/api.w.org\/{rel}","templated":true}]}}