{"id":3023,"date":"2014-10-07T23:32:09","date_gmt":"2014-10-07T21:32:09","guid":{"rendered":"https:\/\/nostalgic-ishizaka.82-223-1-47.plesk.page\/rosasensat\/2014\/10\/07\/encara-guetos\/"},"modified":"2014-10-07T23:32:09","modified_gmt":"2014-10-07T21:32:09","slug":"encara-guetos","status":"publish","type":"post","link":"https:\/\/diarieducacio.cat\/rosasensat\/2014\/10\/07\/encara-guetos\/","title":{"rendered":"Encara guetos"},"content":{"rendered":"<p>Vaig participar una vegada a la reuni\u00f3 del claustre d\u2019una escola en proc\u00e9s de guetitzaci\u00f3; m\u2019adonava que tots els i les mestres estaven preocupats. Quan arriba el moment de la preinscripci\u00f3 no apareix per l\u2019escola cap fam\u00edlia amb caracter\u00edstiques socials o culturals diferents a les que ja hi escolaritzen els seus fills.<\/p>\n<p>\u00c9s un problema seri\u00f3s, al nostre petit o gran pa\u00eds, i mai no s\u2019han pres mesures eficaces per evitar-lo o corregir-lo.<\/p>\n<p>\u00c9s un tema seri\u00f3s perqu\u00e8 ens implica a totes les persones, i el que sembla m\u00e9s greu: la resposta que es d\u00f3na de manera expl\u00edcita o impl\u00edcita no \u00e9s favorable a la desaparici\u00f3 del gueto. Responsables de les administracions (ajuntaments i Generalitat), fam\u00edlies, professorat i opini\u00f3 p\u00fablica en general estan majorit\u00e0riament pel manteniment dels centres gueto. No ho diran obertament, les administracions fins i tot en negaran l\u2019exist\u00e8ncia, per\u00f2 a la majoria els va b\u00e9 que existeixin.<\/p>\n<p>Aix\u00ed la resta d\u2019alumnat est\u00e0 en escoles i instituts on no hi ha tantes criatures de colors, parles i costums diferents als de la majoria de la poblaci\u00f3 de Catalunya. I els pol\u00edtics pensen, pragm\u00e0ticament, que els que voten cada quatre anys s\u00f3n els de la majoria: les minories o no tenen dret a vot o no l\u2019exerceixen gaire&#8230;<\/p>\n<p>Per\u00f2 sentint parlar les persones del claustre de l\u2019escola que comentava m\u00e9s amunt se\u2019m feia el cor petit. Han invertit esfor\u00e7os, temps, il\u00b7lusions per canviar el funcionament del centre. L\u2019alumnat i les seves fam\u00edlies n\u2019estan satisfetes. Per\u00f2 tota aquesta feina i aquestes il\u00b7lusions se\u2019n poden anar en orris si es mant\u00e9 la guetitzaci\u00f3, si no aconsegueixen que altres fam\u00edlies del barri portin els seus fills i filles a l\u2019escola que tenen m\u00e9s a prop.<\/p>\n<p>No es tracta de mesures extraordin\u00e0ries, de repartiment d\u2019alumnat, de transport escolar, de m\u00e9s recursos econ\u00f2mics o personals (que mai serien sobrers)&#8230; es tractaria d\u2019aconseguir que les fam\u00edlies que viuen a l\u2019entorn de l\u2019escola se la sentissin seva, la utilitzessin per als seus infants. I en aquesta tasca el claustre \u00e9s conscient que est\u00e0 sol, que no tindr\u00e0 suport de cap inst\u00e0ncia o instituci\u00f3 m\u00e9s que paraules de reconeixement per la bona feina feta.<\/p>\n<p>I potser arribar\u00e0 un dia que les mestres i els mestres es cansaran i canviaran d\u2019escola i de barri&#8230; i es perdr\u00e0 un capital hum\u00e0 i professional important. I els nens i les nenes d\u2019aquell barri en sortiran perjudicats. I els que se\u2019n van fora, a escoles allunyades del domicili familiar per\u00f2 sense tants colors de pell diferents, no s\u2019adonaran que es perden la conviv\u00e8ncia, la relaci\u00f3, els aprenentatges amb els infants que viuen al seu costat i amb qui potser fins i tot, a vegades, juguen junts al carrer. El futur d\u2019un pa\u00eds no es construeix segregant les persones des de la inf\u00e0ncia.<\/p>\n","protected":false},"excerpt":{"rendered":"<p>Cal aconseguir que les fam\u00edlies que viuen a l\u2019entorn de l\u2019escola se la sentissin seva, la utilitzin per als seus infants. El futur d\u2019un pa\u00eds no es construeix segregant les persones des de la inf\u00e0ncia.<\/p>\n","protected":false},"author":1,"featured_media":0,"comment_status":"open","ping_status":"open","sticky":false,"template":"","format":"standard","meta":{"footnotes":""},"categories":[100,2],"tags":[],"tipo":[],"class_list":{"0":"post-3023","1":"post","2":"type-post","3":"status-publish","4":"format-standard","6":"category-escola-publica","7":"category-general"},"yoast_head":"<!-- This site is optimized with the Yoast SEO plugin v27.5 - https:\/\/yoast.com\/product\/yoast-seo-wordpress\/ -->\n<title>Encara guetos - Blog de Rosa Sensat<\/title>\n<meta name=\"robots\" content=\"index, follow, max-snippet:-1, max-image-preview:large, max-video-preview:-1\" \/>\n<link rel=\"canonical\" href=\"https:\/\/diarieducacio.cat\/rosasensat\/2014\/10\/07\/encara-guetos\/\" \/>\n<meta property=\"og:locale\" content=\"ca_ES\" \/>\n<meta property=\"og:type\" content=\"article\" \/>\n<meta property=\"og:title\" content=\"Encara guetos - Blog de Rosa Sensat\" \/>\n<meta property=\"og:description\" content=\"Cal aconseguir que les fam\u00edlies que viuen a l\u2019entorn de l\u2019escola se la sentissin seva, la utilitzin per als seus infants. El futur d\u2019un pa\u00eds no es construeix segregant les persones des de la inf\u00e0ncia.\" \/>\n<meta property=\"og:url\" content=\"https:\/\/diarieducacio.cat\/rosasensat\/2014\/10\/07\/encara-guetos\/\" \/>\n<meta property=\"og:site_name\" content=\"Blog de Rosa Sensat\" \/>\n<meta property=\"article:published_time\" content=\"2014-10-07T21:32:09+00:00\" \/>\n<meta name=\"author\" content=\"Redacci\u00f3\" \/>\n<meta name=\"twitter:card\" content=\"summary_large_image\" \/>\n<meta name=\"twitter:label1\" content=\"Escrit per\" \/>\n\t<meta name=\"twitter:data1\" content=\"Redacci\u00f3\" \/>\n\t<meta name=\"twitter:label2\" content=\"Temps estimat de lectura\" \/>\n\t<meta name=\"twitter:data2\" content=\"3 minuts\" \/>\n<script type=\"application\/ld+json\" class=\"yoast-schema-graph\">{\"@context\":\"https:\\\/\\\/schema.org\",\"@graph\":[{\"@type\":\"Article\",\"@id\":\"https:\\\/\\\/diarieducacio.cat\\\/rosasensat\\\/2014\\\/10\\\/07\\\/encara-guetos\\\/#article\",\"isPartOf\":{\"@id\":\"https:\\\/\\\/diarieducacio.cat\\\/rosasensat\\\/2014\\\/10\\\/07\\\/encara-guetos\\\/\"},\"author\":{\"name\":\"Redacci\u00f3\",\"@id\":\"https:\\\/\\\/diarieducacio.cat\\\/rosasensat\\\/#\\\/schema\\\/person\\\/04093d1227f1b01952d6187a5be57900\"},\"headline\":\"Encara guetos\",\"datePublished\":\"2014-10-07T21:32:09+00:00\",\"mainEntityOfPage\":{\"@id\":\"https:\\\/\\\/diarieducacio.cat\\\/rosasensat\\\/2014\\\/10\\\/07\\\/encara-guetos\\\/\"},\"wordCount\":518,\"commentCount\":0,\"articleSection\":[\"Escola p\u00fablica\",\"General\"],\"inLanguage\":\"ca\",\"potentialAction\":[{\"@type\":\"CommentAction\",\"name\":\"Comment\",\"target\":[\"https:\\\/\\\/diarieducacio.cat\\\/rosasensat\\\/2014\\\/10\\\/07\\\/encara-guetos\\\/#respond\"]}]},{\"@type\":\"WebPage\",\"@id\":\"https:\\\/\\\/diarieducacio.cat\\\/rosasensat\\\/2014\\\/10\\\/07\\\/encara-guetos\\\/\",\"url\":\"https:\\\/\\\/diarieducacio.cat\\\/rosasensat\\\/2014\\\/10\\\/07\\\/encara-guetos\\\/\",\"name\":\"Encara guetos - Blog de Rosa Sensat\",\"isPartOf\":{\"@id\":\"https:\\\/\\\/diarieducacio.cat\\\/rosasensat\\\/#website\"},\"datePublished\":\"2014-10-07T21:32:09+00:00\",\"author\":{\"@id\":\"https:\\\/\\\/diarieducacio.cat\\\/rosasensat\\\/#\\\/schema\\\/person\\\/04093d1227f1b01952d6187a5be57900\"},\"breadcrumb\":{\"@id\":\"https:\\\/\\\/diarieducacio.cat\\\/rosasensat\\\/2014\\\/10\\\/07\\\/encara-guetos\\\/#breadcrumb\"},\"inLanguage\":\"ca\",\"potentialAction\":[{\"@type\":\"ReadAction\",\"target\":[\"https:\\\/\\\/diarieducacio.cat\\\/rosasensat\\\/2014\\\/10\\\/07\\\/encara-guetos\\\/\"]}]},{\"@type\":\"BreadcrumbList\",\"@id\":\"https:\\\/\\\/diarieducacio.cat\\\/rosasensat\\\/2014\\\/10\\\/07\\\/encara-guetos\\\/#breadcrumb\",\"itemListElement\":[{\"@type\":\"ListItem\",\"position\":1,\"name\":\"Inici\",\"item\":\"https:\\\/\\\/diarieducacio.cat\\\/rosasensat\\\/\"},{\"@type\":\"ListItem\",\"position\":2,\"name\":\"Encara guetos\"}]},{\"@type\":\"WebSite\",\"@id\":\"https:\\\/\\\/diarieducacio.cat\\\/rosasensat\\\/#website\",\"url\":\"https:\\\/\\\/diarieducacio.cat\\\/rosasensat\\\/\",\"name\":\"Blog de Rosa Sensat\",\"description\":\"\",\"potentialAction\":[{\"@type\":\"SearchAction\",\"target\":{\"@type\":\"EntryPoint\",\"urlTemplate\":\"https:\\\/\\\/diarieducacio.cat\\\/rosasensat\\\/?s={search_term_string}\"},\"query-input\":{\"@type\":\"PropertyValueSpecification\",\"valueRequired\":true,\"valueName\":\"search_term_string\"}}],\"inLanguage\":\"ca\"},{\"@type\":\"Person\",\"@id\":\"https:\\\/\\\/diarieducacio.cat\\\/rosasensat\\\/#\\\/schema\\\/person\\\/04093d1227f1b01952d6187a5be57900\",\"name\":\"Redacci\u00f3\",\"image\":{\"@type\":\"ImageObject\",\"inLanguage\":\"ca\",\"@id\":\"https:\\\/\\\/secure.gravatar.com\\\/avatar\\\/e952ad62e08be1daabaefebd12d26c1e5fbfd687693aaa066db2433a21638ad8?s=96&d=mm&r=g\",\"url\":\"https:\\\/\\\/secure.gravatar.com\\\/avatar\\\/e952ad62e08be1daabaefebd12d26c1e5fbfd687693aaa066db2433a21638ad8?s=96&d=mm&r=g\",\"contentUrl\":\"https:\\\/\\\/secure.gravatar.com\\\/avatar\\\/e952ad62e08be1daabaefebd12d26c1e5fbfd687693aaa066db2433a21638ad8?s=96&d=mm&r=g\",\"caption\":\"Redacci\u00f3\"},\"url\":\"https:\\\/\\\/diarieducacio.cat\\\/rosasensat\\\/author\\\/npenin\\\/\"}]}<\/script>\n<!-- \/ Yoast SEO plugin. -->","yoast_head_json":{"title":"Encara guetos - Blog de Rosa Sensat","robots":{"index":"index","follow":"follow","max-snippet":"max-snippet:-1","max-image-preview":"max-image-preview:large","max-video-preview":"max-video-preview:-1"},"canonical":"https:\/\/diarieducacio.cat\/rosasensat\/2014\/10\/07\/encara-guetos\/","og_locale":"ca_ES","og_type":"article","og_title":"Encara guetos - Blog de Rosa Sensat","og_description":"Cal aconseguir que les fam\u00edlies que viuen a l\u2019entorn de l\u2019escola se la sentissin seva, la utilitzin per als seus infants. El futur d\u2019un pa\u00eds no es construeix segregant les persones des de la inf\u00e0ncia.","og_url":"https:\/\/diarieducacio.cat\/rosasensat\/2014\/10\/07\/encara-guetos\/","og_site_name":"Blog de Rosa Sensat","article_published_time":"2014-10-07T21:32:09+00:00","author":"Redacci\u00f3","twitter_card":"summary_large_image","twitter_misc":{"Escrit per":"Redacci\u00f3","Temps estimat de lectura":"3 minuts"},"schema":{"@context":"https:\/\/schema.org","@graph":[{"@type":"Article","@id":"https:\/\/diarieducacio.cat\/rosasensat\/2014\/10\/07\/encara-guetos\/#article","isPartOf":{"@id":"https:\/\/diarieducacio.cat\/rosasensat\/2014\/10\/07\/encara-guetos\/"},"author":{"name":"Redacci\u00f3","@id":"https:\/\/diarieducacio.cat\/rosasensat\/#\/schema\/person\/04093d1227f1b01952d6187a5be57900"},"headline":"Encara guetos","datePublished":"2014-10-07T21:32:09+00:00","mainEntityOfPage":{"@id":"https:\/\/diarieducacio.cat\/rosasensat\/2014\/10\/07\/encara-guetos\/"},"wordCount":518,"commentCount":0,"articleSection":["Escola p\u00fablica","General"],"inLanguage":"ca","potentialAction":[{"@type":"CommentAction","name":"Comment","target":["https:\/\/diarieducacio.cat\/rosasensat\/2014\/10\/07\/encara-guetos\/#respond"]}]},{"@type":"WebPage","@id":"https:\/\/diarieducacio.cat\/rosasensat\/2014\/10\/07\/encara-guetos\/","url":"https:\/\/diarieducacio.cat\/rosasensat\/2014\/10\/07\/encara-guetos\/","name":"Encara guetos - Blog de Rosa Sensat","isPartOf":{"@id":"https:\/\/diarieducacio.cat\/rosasensat\/#website"},"datePublished":"2014-10-07T21:32:09+00:00","author":{"@id":"https:\/\/diarieducacio.cat\/rosasensat\/#\/schema\/person\/04093d1227f1b01952d6187a5be57900"},"breadcrumb":{"@id":"https:\/\/diarieducacio.cat\/rosasensat\/2014\/10\/07\/encara-guetos\/#breadcrumb"},"inLanguage":"ca","potentialAction":[{"@type":"ReadAction","target":["https:\/\/diarieducacio.cat\/rosasensat\/2014\/10\/07\/encara-guetos\/"]}]},{"@type":"BreadcrumbList","@id":"https:\/\/diarieducacio.cat\/rosasensat\/2014\/10\/07\/encara-guetos\/#breadcrumb","itemListElement":[{"@type":"ListItem","position":1,"name":"Inici","item":"https:\/\/diarieducacio.cat\/rosasensat\/"},{"@type":"ListItem","position":2,"name":"Encara guetos"}]},{"@type":"WebSite","@id":"https:\/\/diarieducacio.cat\/rosasensat\/#website","url":"https:\/\/diarieducacio.cat\/rosasensat\/","name":"Blog de Rosa Sensat","description":"","potentialAction":[{"@type":"SearchAction","target":{"@type":"EntryPoint","urlTemplate":"https:\/\/diarieducacio.cat\/rosasensat\/?s={search_term_string}"},"query-input":{"@type":"PropertyValueSpecification","valueRequired":true,"valueName":"search_term_string"}}],"inLanguage":"ca"},{"@type":"Person","@id":"https:\/\/diarieducacio.cat\/rosasensat\/#\/schema\/person\/04093d1227f1b01952d6187a5be57900","name":"Redacci\u00f3","image":{"@type":"ImageObject","inLanguage":"ca","@id":"https:\/\/secure.gravatar.com\/avatar\/e952ad62e08be1daabaefebd12d26c1e5fbfd687693aaa066db2433a21638ad8?s=96&d=mm&r=g","url":"https:\/\/secure.gravatar.com\/avatar\/e952ad62e08be1daabaefebd12d26c1e5fbfd687693aaa066db2433a21638ad8?s=96&d=mm&r=g","contentUrl":"https:\/\/secure.gravatar.com\/avatar\/e952ad62e08be1daabaefebd12d26c1e5fbfd687693aaa066db2433a21638ad8?s=96&d=mm&r=g","caption":"Redacci\u00f3"},"url":"https:\/\/diarieducacio.cat\/rosasensat\/author\/npenin\/"}]}},"_links":{"self":[{"href":"https:\/\/diarieducacio.cat\/rosasensat\/wp-json\/wp\/v2\/posts\/3023","targetHints":{"allow":["GET"]}}],"collection":[{"href":"https:\/\/diarieducacio.cat\/rosasensat\/wp-json\/wp\/v2\/posts"}],"about":[{"href":"https:\/\/diarieducacio.cat\/rosasensat\/wp-json\/wp\/v2\/types\/post"}],"author":[{"embeddable":true,"href":"https:\/\/diarieducacio.cat\/rosasensat\/wp-json\/wp\/v2\/users\/1"}],"replies":[{"embeddable":true,"href":"https:\/\/diarieducacio.cat\/rosasensat\/wp-json\/wp\/v2\/comments?post=3023"}],"version-history":[{"count":0,"href":"https:\/\/diarieducacio.cat\/rosasensat\/wp-json\/wp\/v2\/posts\/3023\/revisions"}],"wp:attachment":[{"href":"https:\/\/diarieducacio.cat\/rosasensat\/wp-json\/wp\/v2\/media?parent=3023"}],"wp:term":[{"taxonomy":"category","embeddable":true,"href":"https:\/\/diarieducacio.cat\/rosasensat\/wp-json\/wp\/v2\/categories?post=3023"},{"taxonomy":"post_tag","embeddable":true,"href":"https:\/\/diarieducacio.cat\/rosasensat\/wp-json\/wp\/v2\/tags?post=3023"},{"taxonomy":"tipo","embeddable":true,"href":"https:\/\/diarieducacio.cat\/rosasensat\/wp-json\/wp\/v2\/tipo?post=3023"}],"curies":[{"name":"wp","href":"https:\/\/api.w.org\/{rel}","templated":true}]}}