{"id":3026,"date":"2014-11-05T07:21:16","date_gmt":"2014-11-05T06:21:16","guid":{"rendered":"https:\/\/nostalgic-ishizaka.82-223-1-47.plesk.page\/rosasensat\/2014\/11\/05\/ciutats-educadores\/"},"modified":"2014-11-05T07:21:16","modified_gmt":"2014-11-05T06:21:16","slug":"ciutats-educadores","status":"publish","type":"post","link":"https:\/\/diarieducacio.cat\/rosasensat\/2014\/11\/05\/ciutats-educadores\/","title":{"rendered":"Ciutats educadores"},"content":{"rendered":"<p>El 29 de novembre de 1990, al Palau de Congressos de Montju\u00efc, els representants de m\u00e9s de quaranta ciutats de tot el m\u00f3n aprovaven la declaraci\u00f3 de Barcelona, primera formulaci\u00f3 de la <strong>Carta de Ciutats Educadores.<\/strong><\/p>\n<p>Naixia de la m\u00e0 de Marta Mata Garriga, en aquell temps regidora d\u2019Educaci\u00f3 de l\u2019Ajuntament de Barcelona. Per alguns aquesta declaraci\u00f3 podia ser un nou esl\u00f2gan o lema, una idea abstracta, una nova utopia&#8230; per\u00f2 ella aviat la va concretar: \u201cSer ciutat educadora exigeix un comprom\u00eds p\u00fablic de la ciutat, que ha de passar de ser <em>\u2018educativa<\/em>\u2019, com ho s\u00f3n totes, a ser \u2018<em>educadora<\/em>\u2019, com ho s\u00f3n les que ho volen ser.\u201d<\/p>\n<p>I qu\u00e8 vol dir ser educadora? Des d\u2019un punt de vista m\u00e9s formal o institucional, complir, o avan\u00e7ar en el compliment, dels punts que es van discutir i definir en la Carta de Ciutats Educadores, i des d\u2019un punt de vista m\u00e9s pr\u00e0ctic, prioritzar \u2013des del govern de la ciutat\u2013 programes i\/o experi\u00e8ncies perqu\u00e8 la ciutat, que influeix en l\u2019educaci\u00f3 inexorablement, no imposi la influ\u00e8ncia, sin\u00f3 que aconsegueixi fer aflorar els valors educadors de cadascun d\u2019ells; \u00e9s a dir, tenir en compte els efectes que en rebran la inf\u00e0ncia i els joves.<\/p>\n<p>Ara que es compleix la dita de \u201croda el m\u00f3n i torna al Born\u201d, deu ser tamb\u00e9 l\u2019hora d\u2019avaluar la feina feta i de continuar i\/o renovar les seves finalitats. L\u2019objectiu fonamental, si recordo b\u00e9, era facilitar l\u2019intercanvi i difusi\u00f3 de pr\u00e0ctiques educatives innovadores per tal de ser educadores, i crear un Banc Internacional en l\u2019Associaci\u00f3 Internacional de Ciutats Educadores.<\/p>\n","protected":false},"excerpt":{"rendered":"<p>El 29 de novembre de 1990, al Palau de Congressos de Montju\u00efc, els representants de m\u00e9s de quaranta ciutats de tot el m\u00f3n aprovaven la declaraci\u00f3 de Barcelona, primera formulaci\u00f3 de la Carta de Ciutats Educadores. Naixia de la m\u00e0 de Marta Mata Garriga, en aquell temps regidora d\u2019Educaci\u00f3 de l\u2019Ajuntament de Barcelona. Per alguns<\/p>\n","protected":false},"author":1770,"featured_media":0,"comment_status":"open","ping_status":"open","sticky":false,"template":"","format":"standard","meta":{"footnotes":""},"categories":[2],"tags":[],"tipo":[],"class_list":{"0":"post-3026","1":"post","2":"type-post","3":"status-publish","4":"format-standard","6":"category-general"},"yoast_head":"<!-- This site is optimized with the Yoast SEO plugin v27.4 - https:\/\/yoast.com\/product\/yoast-seo-wordpress\/ -->\n<title>Ciutats educadores - Blog de Rosa Sensat<\/title>\n<meta name=\"robots\" content=\"index, follow, max-snippet:-1, max-image-preview:large, max-video-preview:-1\" \/>\n<link rel=\"canonical\" href=\"https:\/\/diarieducacio.cat\/rosasensat\/2014\/11\/05\/ciutats-educadores\/\" \/>\n<meta property=\"og:locale\" content=\"ca_ES\" \/>\n<meta property=\"og:type\" content=\"article\" \/>\n<meta property=\"og:title\" content=\"Ciutats educadores - Blog de Rosa Sensat\" \/>\n<meta property=\"og:description\" content=\"El 29 de novembre de 1990, al Palau de Congressos de Montju\u00efc, els representants de m\u00e9s de quaranta ciutats de tot el m\u00f3n aprovaven la declaraci\u00f3 de Barcelona, primera formulaci\u00f3 de la Carta de Ciutats Educadores. Naixia de la m\u00e0 de Marta Mata Garriga, en aquell temps regidora d\u2019Educaci\u00f3 de l\u2019Ajuntament de Barcelona. Per alguns\" \/>\n<meta property=\"og:url\" content=\"https:\/\/diarieducacio.cat\/rosasensat\/2014\/11\/05\/ciutats-educadores\/\" \/>\n<meta property=\"og:site_name\" content=\"Blog de Rosa Sensat\" \/>\n<meta property=\"article:published_time\" content=\"2014-11-05T06:21:16+00:00\" \/>\n<meta name=\"author\" content=\"Eduardo Azumendi\" \/>\n<meta name=\"twitter:card\" content=\"summary_large_image\" \/>\n<meta name=\"twitter:label1\" content=\"Escrit per\" \/>\n\t<meta name=\"twitter:data1\" content=\"Eduardo Azumendi\" \/>\n\t<meta name=\"twitter:label2\" content=\"Temps estimat de lectura\" \/>\n\t<meta name=\"twitter:data2\" content=\"1 minut\" \/>\n<script type=\"application\/ld+json\" class=\"yoast-schema-graph\">{\"@context\":\"https:\\\/\\\/schema.org\",\"@graph\":[{\"@type\":\"Article\",\"@id\":\"https:\\\/\\\/diarieducacio.cat\\\/rosasensat\\\/2014\\\/11\\\/05\\\/ciutats-educadores\\\/#article\",\"isPartOf\":{\"@id\":\"https:\\\/\\\/diarieducacio.cat\\\/rosasensat\\\/2014\\\/11\\\/05\\\/ciutats-educadores\\\/\"},\"author\":{\"name\":\"Eduardo Azumendi\",\"@id\":\"https:\\\/\\\/diarieducacio.cat\\\/rosasensat\\\/#\\\/schema\\\/person\\\/05570bf853994e6d33f8e29c53e66dba\"},\"headline\":\"Ciutats educadores\",\"datePublished\":\"2014-11-05T06:21:16+00:00\",\"mainEntityOfPage\":{\"@id\":\"https:\\\/\\\/diarieducacio.cat\\\/rosasensat\\\/2014\\\/11\\\/05\\\/ciutats-educadores\\\/\"},\"wordCount\":290,\"commentCount\":0,\"articleSection\":[\"General\"],\"inLanguage\":\"ca\",\"potentialAction\":[{\"@type\":\"CommentAction\",\"name\":\"Comment\",\"target\":[\"https:\\\/\\\/diarieducacio.cat\\\/rosasensat\\\/2014\\\/11\\\/05\\\/ciutats-educadores\\\/#respond\"]}]},{\"@type\":\"WebPage\",\"@id\":\"https:\\\/\\\/diarieducacio.cat\\\/rosasensat\\\/2014\\\/11\\\/05\\\/ciutats-educadores\\\/\",\"url\":\"https:\\\/\\\/diarieducacio.cat\\\/rosasensat\\\/2014\\\/11\\\/05\\\/ciutats-educadores\\\/\",\"name\":\"Ciutats educadores - Blog de Rosa Sensat\",\"isPartOf\":{\"@id\":\"https:\\\/\\\/diarieducacio.cat\\\/rosasensat\\\/#website\"},\"datePublished\":\"2014-11-05T06:21:16+00:00\",\"author\":{\"@id\":\"https:\\\/\\\/diarieducacio.cat\\\/rosasensat\\\/#\\\/schema\\\/person\\\/05570bf853994e6d33f8e29c53e66dba\"},\"breadcrumb\":{\"@id\":\"https:\\\/\\\/diarieducacio.cat\\\/rosasensat\\\/2014\\\/11\\\/05\\\/ciutats-educadores\\\/#breadcrumb\"},\"inLanguage\":\"ca\",\"potentialAction\":[{\"@type\":\"ReadAction\",\"target\":[\"https:\\\/\\\/diarieducacio.cat\\\/rosasensat\\\/2014\\\/11\\\/05\\\/ciutats-educadores\\\/\"]}]},{\"@type\":\"BreadcrumbList\",\"@id\":\"https:\\\/\\\/diarieducacio.cat\\\/rosasensat\\\/2014\\\/11\\\/05\\\/ciutats-educadores\\\/#breadcrumb\",\"itemListElement\":[{\"@type\":\"ListItem\",\"position\":1,\"name\":\"Inici\",\"item\":\"https:\\\/\\\/diarieducacio.cat\\\/rosasensat\\\/\"},{\"@type\":\"ListItem\",\"position\":2,\"name\":\"Ciutats educadores\"}]},{\"@type\":\"WebSite\",\"@id\":\"https:\\\/\\\/diarieducacio.cat\\\/rosasensat\\\/#website\",\"url\":\"https:\\\/\\\/diarieducacio.cat\\\/rosasensat\\\/\",\"name\":\"Blog de Rosa Sensat\",\"description\":\"\",\"potentialAction\":[{\"@type\":\"SearchAction\",\"target\":{\"@type\":\"EntryPoint\",\"urlTemplate\":\"https:\\\/\\\/diarieducacio.cat\\\/rosasensat\\\/?s={search_term_string}\"},\"query-input\":{\"@type\":\"PropertyValueSpecification\",\"valueRequired\":true,\"valueName\":\"search_term_string\"}}],\"inLanguage\":\"ca\"},{\"@type\":\"Person\",\"@id\":\"https:\\\/\\\/diarieducacio.cat\\\/rosasensat\\\/#\\\/schema\\\/person\\\/05570bf853994e6d33f8e29c53e66dba\",\"name\":\"Eduardo Azumendi\",\"image\":{\"@type\":\"ImageObject\",\"inLanguage\":\"ca\",\"@id\":\"https:\\\/\\\/secure.gravatar.com\\\/avatar\\\/21f971d84ee20d86ce555d92c7938c65391f696566e46595bcf73be05dc52de5?s=96&d=mm&r=g\",\"url\":\"https:\\\/\\\/secure.gravatar.com\\\/avatar\\\/21f971d84ee20d86ce555d92c7938c65391f696566e46595bcf73be05dc52de5?s=96&d=mm&r=g\",\"contentUrl\":\"https:\\\/\\\/secure.gravatar.com\\\/avatar\\\/21f971d84ee20d86ce555d92c7938c65391f696566e46595bcf73be05dc52de5?s=96&d=mm&r=g\",\"caption\":\"Eduardo Azumendi\"},\"url\":\"https:\\\/\\\/diarieducacio.cat\\\/rosasensat\\\/author\\\/eazumendi\\\/\"}]}<\/script>\n<!-- \/ Yoast SEO plugin. -->","yoast_head_json":{"title":"Ciutats educadores - Blog de Rosa Sensat","robots":{"index":"index","follow":"follow","max-snippet":"max-snippet:-1","max-image-preview":"max-image-preview:large","max-video-preview":"max-video-preview:-1"},"canonical":"https:\/\/diarieducacio.cat\/rosasensat\/2014\/11\/05\/ciutats-educadores\/","og_locale":"ca_ES","og_type":"article","og_title":"Ciutats educadores - Blog de Rosa Sensat","og_description":"El 29 de novembre de 1990, al Palau de Congressos de Montju\u00efc, els representants de m\u00e9s de quaranta ciutats de tot el m\u00f3n aprovaven la declaraci\u00f3 de Barcelona, primera formulaci\u00f3 de la Carta de Ciutats Educadores. Naixia de la m\u00e0 de Marta Mata Garriga, en aquell temps regidora d\u2019Educaci\u00f3 de l\u2019Ajuntament de Barcelona. Per alguns","og_url":"https:\/\/diarieducacio.cat\/rosasensat\/2014\/11\/05\/ciutats-educadores\/","og_site_name":"Blog de Rosa Sensat","article_published_time":"2014-11-05T06:21:16+00:00","author":"Eduardo Azumendi","twitter_card":"summary_large_image","twitter_misc":{"Escrit per":"Eduardo Azumendi","Temps estimat de lectura":"1 minut"},"schema":{"@context":"https:\/\/schema.org","@graph":[{"@type":"Article","@id":"https:\/\/diarieducacio.cat\/rosasensat\/2014\/11\/05\/ciutats-educadores\/#article","isPartOf":{"@id":"https:\/\/diarieducacio.cat\/rosasensat\/2014\/11\/05\/ciutats-educadores\/"},"author":{"name":"Eduardo Azumendi","@id":"https:\/\/diarieducacio.cat\/rosasensat\/#\/schema\/person\/05570bf853994e6d33f8e29c53e66dba"},"headline":"Ciutats educadores","datePublished":"2014-11-05T06:21:16+00:00","mainEntityOfPage":{"@id":"https:\/\/diarieducacio.cat\/rosasensat\/2014\/11\/05\/ciutats-educadores\/"},"wordCount":290,"commentCount":0,"articleSection":["General"],"inLanguage":"ca","potentialAction":[{"@type":"CommentAction","name":"Comment","target":["https:\/\/diarieducacio.cat\/rosasensat\/2014\/11\/05\/ciutats-educadores\/#respond"]}]},{"@type":"WebPage","@id":"https:\/\/diarieducacio.cat\/rosasensat\/2014\/11\/05\/ciutats-educadores\/","url":"https:\/\/diarieducacio.cat\/rosasensat\/2014\/11\/05\/ciutats-educadores\/","name":"Ciutats educadores - Blog de Rosa Sensat","isPartOf":{"@id":"https:\/\/diarieducacio.cat\/rosasensat\/#website"},"datePublished":"2014-11-05T06:21:16+00:00","author":{"@id":"https:\/\/diarieducacio.cat\/rosasensat\/#\/schema\/person\/05570bf853994e6d33f8e29c53e66dba"},"breadcrumb":{"@id":"https:\/\/diarieducacio.cat\/rosasensat\/2014\/11\/05\/ciutats-educadores\/#breadcrumb"},"inLanguage":"ca","potentialAction":[{"@type":"ReadAction","target":["https:\/\/diarieducacio.cat\/rosasensat\/2014\/11\/05\/ciutats-educadores\/"]}]},{"@type":"BreadcrumbList","@id":"https:\/\/diarieducacio.cat\/rosasensat\/2014\/11\/05\/ciutats-educadores\/#breadcrumb","itemListElement":[{"@type":"ListItem","position":1,"name":"Inici","item":"https:\/\/diarieducacio.cat\/rosasensat\/"},{"@type":"ListItem","position":2,"name":"Ciutats educadores"}]},{"@type":"WebSite","@id":"https:\/\/diarieducacio.cat\/rosasensat\/#website","url":"https:\/\/diarieducacio.cat\/rosasensat\/","name":"Blog de Rosa Sensat","description":"","potentialAction":[{"@type":"SearchAction","target":{"@type":"EntryPoint","urlTemplate":"https:\/\/diarieducacio.cat\/rosasensat\/?s={search_term_string}"},"query-input":{"@type":"PropertyValueSpecification","valueRequired":true,"valueName":"search_term_string"}}],"inLanguage":"ca"},{"@type":"Person","@id":"https:\/\/diarieducacio.cat\/rosasensat\/#\/schema\/person\/05570bf853994e6d33f8e29c53e66dba","name":"Eduardo Azumendi","image":{"@type":"ImageObject","inLanguage":"ca","@id":"https:\/\/secure.gravatar.com\/avatar\/21f971d84ee20d86ce555d92c7938c65391f696566e46595bcf73be05dc52de5?s=96&d=mm&r=g","url":"https:\/\/secure.gravatar.com\/avatar\/21f971d84ee20d86ce555d92c7938c65391f696566e46595bcf73be05dc52de5?s=96&d=mm&r=g","contentUrl":"https:\/\/secure.gravatar.com\/avatar\/21f971d84ee20d86ce555d92c7938c65391f696566e46595bcf73be05dc52de5?s=96&d=mm&r=g","caption":"Eduardo Azumendi"},"url":"https:\/\/diarieducacio.cat\/rosasensat\/author\/eazumendi\/"}]}},"_links":{"self":[{"href":"https:\/\/diarieducacio.cat\/rosasensat\/wp-json\/wp\/v2\/posts\/3026","targetHints":{"allow":["GET"]}}],"collection":[{"href":"https:\/\/diarieducacio.cat\/rosasensat\/wp-json\/wp\/v2\/posts"}],"about":[{"href":"https:\/\/diarieducacio.cat\/rosasensat\/wp-json\/wp\/v2\/types\/post"}],"author":[{"embeddable":true,"href":"https:\/\/diarieducacio.cat\/rosasensat\/wp-json\/wp\/v2\/users\/1770"}],"replies":[{"embeddable":true,"href":"https:\/\/diarieducacio.cat\/rosasensat\/wp-json\/wp\/v2\/comments?post=3026"}],"version-history":[{"count":0,"href":"https:\/\/diarieducacio.cat\/rosasensat\/wp-json\/wp\/v2\/posts\/3026\/revisions"}],"wp:attachment":[{"href":"https:\/\/diarieducacio.cat\/rosasensat\/wp-json\/wp\/v2\/media?parent=3026"}],"wp:term":[{"taxonomy":"category","embeddable":true,"href":"https:\/\/diarieducacio.cat\/rosasensat\/wp-json\/wp\/v2\/categories?post=3026"},{"taxonomy":"post_tag","embeddable":true,"href":"https:\/\/diarieducacio.cat\/rosasensat\/wp-json\/wp\/v2\/tags?post=3026"},{"taxonomy":"tipo","embeddable":true,"href":"https:\/\/diarieducacio.cat\/rosasensat\/wp-json\/wp\/v2\/tipo?post=3026"}],"curies":[{"name":"wp","href":"https:\/\/api.w.org\/{rel}","templated":true}]}}