{"id":3033,"date":"2014-12-12T07:57:33","date_gmt":"2014-12-12T06:57:33","guid":{"rendered":"https:\/\/nostalgic-ishizaka.82-223-1-47.plesk.page\/rosasensat\/2014\/12\/12\/escoles-cooperatives-venen-de-lluny-van-mes-lluny-encara\/"},"modified":"2014-12-12T07:57:33","modified_gmt":"2014-12-12T06:57:33","slug":"escoles-cooperatives-venen-de-lluny-van-mes-lluny-encara","status":"publish","type":"post","link":"https:\/\/diarieducacio.cat\/rosasensat\/2014\/12\/12\/escoles-cooperatives-venen-de-lluny-van-mes-lluny-encara\/","title":{"rendered":"Escoles cooperatives, v\u00e9nen de lluny i van m\u00e9s lluny encara"},"content":{"rendered":"<p>Habitualment quan es parla de centres educatius, es parla d\u2019escoles p\u00fabliques i d\u2019escoles privades, i en aquesta darrer cas de les concertades, que s\u00f3n majoria dins del sector privat. I dins d\u2019aquest, els centres religiosos tenen una aclaparadora pres\u00e8ncia. El vell conflicte entre escoles p\u00fabliques i concertades que va apareixent de manera intermitent, sovint s\u2019ha instal\u00b7lat en el dogmatisme i en el desconeixement.<\/p>\n<p>Un dels sectors m\u00e9s desconeguts, justament, de les escoles concertades, \u00e9s el col\u00b7lectiu d\u2019escoles cooperatives. Certament, les escoles cooperatives s\u00f3n les que han patit m\u00e9s que ning\u00fa aquest esquema reductor. Es tracta de centres on la titularitat \u00e9s del professorat, o dels pares i mares o b\u00e9 de tots dos estaments a las vegada. Es caracteritzen per no tenir \u00e0nim de lucre segons els seus estatus, per implementar una pedagogia innovadora i \u00e0gil, i per desenvolupar una atenci\u00f3 molt propera a l\u2019alumnat.<\/p>\n<p>Part significativa d\u2019aquests centres formaren part del Col\u00b7lectiu d&#8217;Escoles per l&#8217;Escola P\u00fablica Catalana (CEPEPC), una organitzaci\u00f3 creada en plena Transici\u00f3, el 1978, per unes vuitanta escoles fundades durant el franquisme com a cooperatives de pares i mares o del professorat a partir de finals dels anys 1960 entorn de l&#8217;Associaci\u00f3 de Mestres Rosa Sensat. Foren pioneres en la recuperaci\u00f3 de l&#8217;\u00fas del catal\u00e0 a l&#8217;escola i de la tradici\u00f3 pedag\u00f2gica de l\u2019escola activa d&#8217;abans de la guerra civil espanyola (popularitzant els m\u00e8todes de Maria Montessori i Celestin Freinet), alhora que nucli originari dels Moviments de Renovaci\u00f3 Pedag\u00f2gica de Catalunya, estesos posteriorment arreu d&#8217;Espanya i que inspiraren la reforma del sistema educatiu del 1990. Moltes entraren a la xarxa p\u00fablica, d\u2019altres, per diferents motius, romangueren com a cooperatives.<\/p>\n<p>Avui les escoles cooperatives es configuren com una alternativa educativa, basada en la vocaci\u00f3 de servei p\u00fablic i en la l\u00ednia de l\u2019economia col\u00b7laborativa, que de ben segur tindr\u00e0 un gran protagonisme en els propers anys. Tamb\u00e9 la metodologia cooperativista basada en l\u2019aprenentatge-servei, en la col\u00b7laboraci\u00f3 entre nens i nenes, entre nois i noies de diferents nivells per\u00f2 del mateix centre posseeix el valor afegit d\u2019acostumar els joves a compartir i a mirar al m\u00f3n amb la voluntat de participar-hi activament.<\/p>\n","protected":false},"excerpt":{"rendered":"<p>Habitualment quan es parla de centres educatius, es parla d\u2019escoles p\u00fabliques i d\u2019escoles privades, i en aquesta darrer cas de les concertades, que s\u00f3n majoria dins del sector privat. I dins d\u2019aquest, els centres religiosos tenen una aclaparadora pres\u00e8ncia. El vell conflicte entre escoles p\u00fabliques i concertades que va apareixent de manera intermitent, sovint s\u2019ha<\/p>\n","protected":false},"author":1,"featured_media":0,"comment_status":"open","ping_status":"open","sticky":false,"template":"","format":"standard","meta":{"footnotes":""},"categories":[2],"tags":[107],"tipo":[],"class_list":{"0":"post-3033","1":"post","2":"type-post","3":"status-publish","4":"format-standard","6":"category-general","7":"tag-escola-cooperativa"},"yoast_head":"<!-- This site is optimized with the Yoast SEO plugin v27.5 - https:\/\/yoast.com\/product\/yoast-seo-wordpress\/ -->\n<title>Escoles cooperatives, v\u00e9nen de lluny i van m\u00e9s lluny encara - Blog de Rosa Sensat<\/title>\n<meta name=\"robots\" content=\"index, follow, max-snippet:-1, max-image-preview:large, max-video-preview:-1\" \/>\n<link rel=\"canonical\" href=\"https:\/\/diarieducacio.cat\/rosasensat\/2014\/12\/12\/escoles-cooperatives-venen-de-lluny-van-mes-lluny-encara\/\" \/>\n<meta property=\"og:locale\" content=\"ca_ES\" \/>\n<meta property=\"og:type\" content=\"article\" \/>\n<meta property=\"og:title\" content=\"Escoles cooperatives, v\u00e9nen de lluny i van m\u00e9s lluny encara - Blog de Rosa Sensat\" \/>\n<meta property=\"og:description\" content=\"Habitualment quan es parla de centres educatius, es parla d\u2019escoles p\u00fabliques i d\u2019escoles privades, i en aquesta darrer cas de les concertades, que s\u00f3n majoria dins del sector privat. I dins d\u2019aquest, els centres religiosos tenen una aclaparadora pres\u00e8ncia. El vell conflicte entre escoles p\u00fabliques i concertades que va apareixent de manera intermitent, sovint s\u2019ha\" \/>\n<meta property=\"og:url\" content=\"https:\/\/diarieducacio.cat\/rosasensat\/2014\/12\/12\/escoles-cooperatives-venen-de-lluny-van-mes-lluny-encara\/\" \/>\n<meta property=\"og:site_name\" content=\"Blog de Rosa Sensat\" \/>\n<meta property=\"article:published_time\" content=\"2014-12-12T06:57:33+00:00\" \/>\n<meta name=\"author\" content=\"Redacci\u00f3\" \/>\n<meta name=\"twitter:card\" content=\"summary_large_image\" \/>\n<meta name=\"twitter:label1\" content=\"Escrit per\" \/>\n\t<meta name=\"twitter:data1\" content=\"Redacci\u00f3\" \/>\n\t<meta name=\"twitter:label2\" content=\"Temps estimat de lectura\" \/>\n\t<meta name=\"twitter:data2\" content=\"2 minuts\" \/>\n<script type=\"application\/ld+json\" class=\"yoast-schema-graph\">{\"@context\":\"https:\\\/\\\/schema.org\",\"@graph\":[{\"@type\":\"Article\",\"@id\":\"https:\\\/\\\/diarieducacio.cat\\\/rosasensat\\\/2014\\\/12\\\/12\\\/escoles-cooperatives-venen-de-lluny-van-mes-lluny-encara\\\/#article\",\"isPartOf\":{\"@id\":\"https:\\\/\\\/diarieducacio.cat\\\/rosasensat\\\/2014\\\/12\\\/12\\\/escoles-cooperatives-venen-de-lluny-van-mes-lluny-encara\\\/\"},\"author\":{\"name\":\"Redacci\u00f3\",\"@id\":\"https:\\\/\\\/diarieducacio.cat\\\/rosasensat\\\/#\\\/schema\\\/person\\\/04093d1227f1b01952d6187a5be57900\"},\"headline\":\"Escoles cooperatives, v\u00e9nen de lluny i van m\u00e9s lluny encara\",\"datePublished\":\"2014-12-12T06:57:33+00:00\",\"mainEntityOfPage\":{\"@id\":\"https:\\\/\\\/diarieducacio.cat\\\/rosasensat\\\/2014\\\/12\\\/12\\\/escoles-cooperatives-venen-de-lluny-van-mes-lluny-encara\\\/\"},\"wordCount\":401,\"commentCount\":0,\"keywords\":[\"Escola cooperativa\"],\"articleSection\":[\"General\"],\"inLanguage\":\"ca\",\"potentialAction\":[{\"@type\":\"CommentAction\",\"name\":\"Comment\",\"target\":[\"https:\\\/\\\/diarieducacio.cat\\\/rosasensat\\\/2014\\\/12\\\/12\\\/escoles-cooperatives-venen-de-lluny-van-mes-lluny-encara\\\/#respond\"]}]},{\"@type\":\"WebPage\",\"@id\":\"https:\\\/\\\/diarieducacio.cat\\\/rosasensat\\\/2014\\\/12\\\/12\\\/escoles-cooperatives-venen-de-lluny-van-mes-lluny-encara\\\/\",\"url\":\"https:\\\/\\\/diarieducacio.cat\\\/rosasensat\\\/2014\\\/12\\\/12\\\/escoles-cooperatives-venen-de-lluny-van-mes-lluny-encara\\\/\",\"name\":\"Escoles cooperatives, v\u00e9nen de lluny i van m\u00e9s lluny encara - Blog de Rosa Sensat\",\"isPartOf\":{\"@id\":\"https:\\\/\\\/diarieducacio.cat\\\/rosasensat\\\/#website\"},\"datePublished\":\"2014-12-12T06:57:33+00:00\",\"author\":{\"@id\":\"https:\\\/\\\/diarieducacio.cat\\\/rosasensat\\\/#\\\/schema\\\/person\\\/04093d1227f1b01952d6187a5be57900\"},\"breadcrumb\":{\"@id\":\"https:\\\/\\\/diarieducacio.cat\\\/rosasensat\\\/2014\\\/12\\\/12\\\/escoles-cooperatives-venen-de-lluny-van-mes-lluny-encara\\\/#breadcrumb\"},\"inLanguage\":\"ca\",\"potentialAction\":[{\"@type\":\"ReadAction\",\"target\":[\"https:\\\/\\\/diarieducacio.cat\\\/rosasensat\\\/2014\\\/12\\\/12\\\/escoles-cooperatives-venen-de-lluny-van-mes-lluny-encara\\\/\"]}]},{\"@type\":\"BreadcrumbList\",\"@id\":\"https:\\\/\\\/diarieducacio.cat\\\/rosasensat\\\/2014\\\/12\\\/12\\\/escoles-cooperatives-venen-de-lluny-van-mes-lluny-encara\\\/#breadcrumb\",\"itemListElement\":[{\"@type\":\"ListItem\",\"position\":1,\"name\":\"Inici\",\"item\":\"https:\\\/\\\/diarieducacio.cat\\\/rosasensat\\\/\"},{\"@type\":\"ListItem\",\"position\":2,\"name\":\"Escoles cooperatives, v\u00e9nen de lluny i van m\u00e9s lluny encara\"}]},{\"@type\":\"WebSite\",\"@id\":\"https:\\\/\\\/diarieducacio.cat\\\/rosasensat\\\/#website\",\"url\":\"https:\\\/\\\/diarieducacio.cat\\\/rosasensat\\\/\",\"name\":\"Blog de Rosa Sensat\",\"description\":\"\",\"potentialAction\":[{\"@type\":\"SearchAction\",\"target\":{\"@type\":\"EntryPoint\",\"urlTemplate\":\"https:\\\/\\\/diarieducacio.cat\\\/rosasensat\\\/?s={search_term_string}\"},\"query-input\":{\"@type\":\"PropertyValueSpecification\",\"valueRequired\":true,\"valueName\":\"search_term_string\"}}],\"inLanguage\":\"ca\"},{\"@type\":\"Person\",\"@id\":\"https:\\\/\\\/diarieducacio.cat\\\/rosasensat\\\/#\\\/schema\\\/person\\\/04093d1227f1b01952d6187a5be57900\",\"name\":\"Redacci\u00f3\",\"image\":{\"@type\":\"ImageObject\",\"inLanguage\":\"ca\",\"@id\":\"https:\\\/\\\/secure.gravatar.com\\\/avatar\\\/e952ad62e08be1daabaefebd12d26c1e5fbfd687693aaa066db2433a21638ad8?s=96&d=mm&r=g\",\"url\":\"https:\\\/\\\/secure.gravatar.com\\\/avatar\\\/e952ad62e08be1daabaefebd12d26c1e5fbfd687693aaa066db2433a21638ad8?s=96&d=mm&r=g\",\"contentUrl\":\"https:\\\/\\\/secure.gravatar.com\\\/avatar\\\/e952ad62e08be1daabaefebd12d26c1e5fbfd687693aaa066db2433a21638ad8?s=96&d=mm&r=g\",\"caption\":\"Redacci\u00f3\"},\"url\":\"https:\\\/\\\/diarieducacio.cat\\\/rosasensat\\\/author\\\/npenin\\\/\"}]}<\/script>\n<!-- \/ Yoast SEO plugin. -->","yoast_head_json":{"title":"Escoles cooperatives, v\u00e9nen de lluny i van m\u00e9s lluny encara - Blog de Rosa Sensat","robots":{"index":"index","follow":"follow","max-snippet":"max-snippet:-1","max-image-preview":"max-image-preview:large","max-video-preview":"max-video-preview:-1"},"canonical":"https:\/\/diarieducacio.cat\/rosasensat\/2014\/12\/12\/escoles-cooperatives-venen-de-lluny-van-mes-lluny-encara\/","og_locale":"ca_ES","og_type":"article","og_title":"Escoles cooperatives, v\u00e9nen de lluny i van m\u00e9s lluny encara - Blog de Rosa Sensat","og_description":"Habitualment quan es parla de centres educatius, es parla d\u2019escoles p\u00fabliques i d\u2019escoles privades, i en aquesta darrer cas de les concertades, que s\u00f3n majoria dins del sector privat. I dins d\u2019aquest, els centres religiosos tenen una aclaparadora pres\u00e8ncia. El vell conflicte entre escoles p\u00fabliques i concertades que va apareixent de manera intermitent, sovint s\u2019ha","og_url":"https:\/\/diarieducacio.cat\/rosasensat\/2014\/12\/12\/escoles-cooperatives-venen-de-lluny-van-mes-lluny-encara\/","og_site_name":"Blog de Rosa Sensat","article_published_time":"2014-12-12T06:57:33+00:00","author":"Redacci\u00f3","twitter_card":"summary_large_image","twitter_misc":{"Escrit per":"Redacci\u00f3","Temps estimat de lectura":"2 minuts"},"schema":{"@context":"https:\/\/schema.org","@graph":[{"@type":"Article","@id":"https:\/\/diarieducacio.cat\/rosasensat\/2014\/12\/12\/escoles-cooperatives-venen-de-lluny-van-mes-lluny-encara\/#article","isPartOf":{"@id":"https:\/\/diarieducacio.cat\/rosasensat\/2014\/12\/12\/escoles-cooperatives-venen-de-lluny-van-mes-lluny-encara\/"},"author":{"name":"Redacci\u00f3","@id":"https:\/\/diarieducacio.cat\/rosasensat\/#\/schema\/person\/04093d1227f1b01952d6187a5be57900"},"headline":"Escoles cooperatives, v\u00e9nen de lluny i van m\u00e9s lluny encara","datePublished":"2014-12-12T06:57:33+00:00","mainEntityOfPage":{"@id":"https:\/\/diarieducacio.cat\/rosasensat\/2014\/12\/12\/escoles-cooperatives-venen-de-lluny-van-mes-lluny-encara\/"},"wordCount":401,"commentCount":0,"keywords":["Escola cooperativa"],"articleSection":["General"],"inLanguage":"ca","potentialAction":[{"@type":"CommentAction","name":"Comment","target":["https:\/\/diarieducacio.cat\/rosasensat\/2014\/12\/12\/escoles-cooperatives-venen-de-lluny-van-mes-lluny-encara\/#respond"]}]},{"@type":"WebPage","@id":"https:\/\/diarieducacio.cat\/rosasensat\/2014\/12\/12\/escoles-cooperatives-venen-de-lluny-van-mes-lluny-encara\/","url":"https:\/\/diarieducacio.cat\/rosasensat\/2014\/12\/12\/escoles-cooperatives-venen-de-lluny-van-mes-lluny-encara\/","name":"Escoles cooperatives, v\u00e9nen de lluny i van m\u00e9s lluny encara - Blog de Rosa Sensat","isPartOf":{"@id":"https:\/\/diarieducacio.cat\/rosasensat\/#website"},"datePublished":"2014-12-12T06:57:33+00:00","author":{"@id":"https:\/\/diarieducacio.cat\/rosasensat\/#\/schema\/person\/04093d1227f1b01952d6187a5be57900"},"breadcrumb":{"@id":"https:\/\/diarieducacio.cat\/rosasensat\/2014\/12\/12\/escoles-cooperatives-venen-de-lluny-van-mes-lluny-encara\/#breadcrumb"},"inLanguage":"ca","potentialAction":[{"@type":"ReadAction","target":["https:\/\/diarieducacio.cat\/rosasensat\/2014\/12\/12\/escoles-cooperatives-venen-de-lluny-van-mes-lluny-encara\/"]}]},{"@type":"BreadcrumbList","@id":"https:\/\/diarieducacio.cat\/rosasensat\/2014\/12\/12\/escoles-cooperatives-venen-de-lluny-van-mes-lluny-encara\/#breadcrumb","itemListElement":[{"@type":"ListItem","position":1,"name":"Inici","item":"https:\/\/diarieducacio.cat\/rosasensat\/"},{"@type":"ListItem","position":2,"name":"Escoles cooperatives, v\u00e9nen de lluny i van m\u00e9s lluny encara"}]},{"@type":"WebSite","@id":"https:\/\/diarieducacio.cat\/rosasensat\/#website","url":"https:\/\/diarieducacio.cat\/rosasensat\/","name":"Blog de Rosa Sensat","description":"","potentialAction":[{"@type":"SearchAction","target":{"@type":"EntryPoint","urlTemplate":"https:\/\/diarieducacio.cat\/rosasensat\/?s={search_term_string}"},"query-input":{"@type":"PropertyValueSpecification","valueRequired":true,"valueName":"search_term_string"}}],"inLanguage":"ca"},{"@type":"Person","@id":"https:\/\/diarieducacio.cat\/rosasensat\/#\/schema\/person\/04093d1227f1b01952d6187a5be57900","name":"Redacci\u00f3","image":{"@type":"ImageObject","inLanguage":"ca","@id":"https:\/\/secure.gravatar.com\/avatar\/e952ad62e08be1daabaefebd12d26c1e5fbfd687693aaa066db2433a21638ad8?s=96&d=mm&r=g","url":"https:\/\/secure.gravatar.com\/avatar\/e952ad62e08be1daabaefebd12d26c1e5fbfd687693aaa066db2433a21638ad8?s=96&d=mm&r=g","contentUrl":"https:\/\/secure.gravatar.com\/avatar\/e952ad62e08be1daabaefebd12d26c1e5fbfd687693aaa066db2433a21638ad8?s=96&d=mm&r=g","caption":"Redacci\u00f3"},"url":"https:\/\/diarieducacio.cat\/rosasensat\/author\/npenin\/"}]}},"_links":{"self":[{"href":"https:\/\/diarieducacio.cat\/rosasensat\/wp-json\/wp\/v2\/posts\/3033","targetHints":{"allow":["GET"]}}],"collection":[{"href":"https:\/\/diarieducacio.cat\/rosasensat\/wp-json\/wp\/v2\/posts"}],"about":[{"href":"https:\/\/diarieducacio.cat\/rosasensat\/wp-json\/wp\/v2\/types\/post"}],"author":[{"embeddable":true,"href":"https:\/\/diarieducacio.cat\/rosasensat\/wp-json\/wp\/v2\/users\/1"}],"replies":[{"embeddable":true,"href":"https:\/\/diarieducacio.cat\/rosasensat\/wp-json\/wp\/v2\/comments?post=3033"}],"version-history":[{"count":0,"href":"https:\/\/diarieducacio.cat\/rosasensat\/wp-json\/wp\/v2\/posts\/3033\/revisions"}],"wp:attachment":[{"href":"https:\/\/diarieducacio.cat\/rosasensat\/wp-json\/wp\/v2\/media?parent=3033"}],"wp:term":[{"taxonomy":"category","embeddable":true,"href":"https:\/\/diarieducacio.cat\/rosasensat\/wp-json\/wp\/v2\/categories?post=3033"},{"taxonomy":"post_tag","embeddable":true,"href":"https:\/\/diarieducacio.cat\/rosasensat\/wp-json\/wp\/v2\/tags?post=3033"},{"taxonomy":"tipo","embeddable":true,"href":"https:\/\/diarieducacio.cat\/rosasensat\/wp-json\/wp\/v2\/tipo?post=3033"}],"curies":[{"name":"wp","href":"https:\/\/api.w.org\/{rel}","templated":true}]}}