{"id":3061,"date":"2015-04-16T05:00:00","date_gmt":"2015-04-16T03:00:00","guid":{"rendered":"https:\/\/nostalgic-ishizaka.82-223-1-47.plesk.page\/rosasensat\/2015\/04\/16\/innovacio-escolar-centres-innovadors-i-escola-publica\/"},"modified":"2024-10-27T21:37:46","modified_gmt":"2024-10-27T20:37:46","slug":"innovacio-escolar-centres-innovadors-i-escola-publica","status":"publish","type":"post","link":"https:\/\/diarieducacio.cat\/rosasensat\/2015\/04\/16\/innovacio-escolar-centres-innovadors-i-escola-publica\/","title":{"rendered":"Innovaci\u00f3 escolar, centres innovadors i escola p\u00fablica"},"content":{"rendered":"<p><a href=\"https:\/\/diarieducacio.cat\/rosasensat\/wp-content\/uploads\/sites\/9\/2015\/04\/innovaci\u00f3.jpg\"><img decoding=\"async\" class=\"alignnone size-medium wp-image-387\" src=\"https:\/\/diarieducacio.cat\/rosasensat\/wp-content\/uploads\/sites\/9\/2015\/04\/innovaci\u00f3-300x86.jpg\" alt=\"innovaci\u00f3\" width=\"300\" height=\"86\" \/><\/a><\/p>\n<p>Fa unes setmanes va sortir la not\u00edcia: alguns centres escolars dels jesu\u00eftes comen\u00e7aven una innovaci\u00f3 educativa important. Afectava la manera de treballar a les aules amb l\u2019alumnat, des de cinqu\u00e8 de prim\u00e0ria fins a segon d\u2019ESO, de moment. Molts mitjans d\u2019informaci\u00f3 se\u2019n van fer ress\u00f2 i la not\u00edcia ha generat un cert debat. <a href=\"http:\/\/diarieducacio.cat\/tag\/jesuites\/\">Al <em>Diari de l\u2019Educaci\u00f3<\/em> han aparegut diversos articles i comentaris<\/a>.<\/p>\n<p>Considero molt important que se s\u00e0piga que a uns quants centres escolars es treballa per projectes i s\u2019han deixat de banda elements de l\u2019escola tradicional com poden ser els llibres de text, els ex\u00e0mens memor\u00edstics, les aules com a espais fixos, els horaris tancats, la compartimentaci\u00f3 dels aprenentatges&#8230; Es tracta d\u2019unes innovacions necess\u00e0ries per ajudar i adequar l\u2019ensenyament als infants nascuts al segle xxi, que segurament aprenen de maneres diferents de com ho vam fer els que tenim uns quants anys a l\u2019esquena. I, com tota innovaci\u00f3, t\u00e9 aspectes a canviar i a millorar.<\/p>\n<p>Ara b\u00e9, \u00e9s significatiu que la not\u00edcia interessi i es divulgui, que es dugui a terme un debat a partir d\u2019una experi\u00e8ncia en centres concertats. \u00c9s una ll\u00e0stima que una iniciativa de centres privats es presenti com una novetat: demostra la poca import\u00e0ncia que es d\u00f3na als centres p\u00fablics, que massa vegades s\u00f3n not\u00edcia per problemes i no per encerts. Perqu\u00e8 fa uns quants anys, gaireb\u00e9 una d\u00e8cada, que centres p\u00fablics de prim\u00e0ria i secund\u00e0ria estan treballant en la l\u00ednia que ara han \u00abdescobert\u00bb els jesu\u00eftes. Tots aquests centres fa for\u00e7a temps que innoven en les seves pr\u00e0ctiques educatives, fent servir les tecnologies digitals, prioritzant la participaci\u00f3 real de l\u2019alumnat&#8230;<\/p>\n<p>Sembla, per\u00f2, que les condicions de treball no han estat les mateixes: els mestres i professors que estan duent a terme la innovaci\u00f3 a les escoles jesu\u00eftes han disposat de temps (unes quantes setmanes) per preparar-se personalment i elaborar els materials necessaris per al seu alumnat. Els ensenyants, funcionaris p\u00fablics, que han estat innovant ho han fet pel seu compte, amb la seva bona voluntat, amb el seu temps, els seus recursos personals. S\u2019han hagut de buscar la formaci\u00f3 i els materials sense deixar de fer les seves classes i complir els seus horaris.<\/p>\n<p>La responsabilitat de la patronal privada i la del Departament de la Generalitat s\u2019exerceix de manera un xic diferent. Per qu\u00e8 l\u2019administraci\u00f3 educativa no hi d\u00f3na suport expl\u00edcit? Per qu\u00e8 no informa i propaga el que estan fent els seus mestres als seus centres?<\/p>\n<p>Tota innovaci\u00f3 t\u00e9 dificultats per implantar-se; els canvis s\u00f3n complicats d\u2019acceptar: hi ha fam\u00edlies que prefereixen que els seus fills facin a l\u2019escola el que van fer elles de petites. Fa falta una pedagogia per informar i explicar les novetats. El suport dels responsables p\u00fablics \u00e9s important, com ho estat el suport dels responsables de les escoles jesu\u00eftes. Seria responsabilitat de les administracions educatives donar informaci\u00f3 d\u2019aquestes pr\u00e0ctiques i propagar-les; caldria que el Departament ajud\u00e9s els mestres i el professorat que les duen a terme.<\/p>\n<p>Potser el departament no hi creu, en la bondat de la innovaci\u00f3; la LOMCE en catal\u00e0 \u00e9s el seu model, i nom\u00e9s tolera la pres\u00e8ncia i les actuacions d\u2019aquests centres, per\u00f2 no els d\u00f3na els suports que rep el professorat dels jesu\u00eftes per part de la seva patronal, amb la qual cosa ho tenen m\u00e9s f\u00e0cil per conv\u00e8ncer les fam\u00edlies dels avantatges de les noves metodologies. El professorat de les p\u00fabliques ha de lluitar sol contra totes les dificultats.<\/p>\n<p>Un altre aspecte important: la p\u00fablica \u00e9s l\u2019escola de tothom. Les innovacions s\u2019han de fer als centres que estiguin a l\u2019abast de totes les fam\u00edlies, siguin de la condici\u00f3 econ\u00f2mica, social o \u00e8tnica que siguin. Si els canvis positius no poden beneficiar totes les persones seran uns canvis insuficients, uns canvis per a unes elits que deixaran de banda les fam\u00edlies en situacions m\u00e9s desafavorides. I \u00e9s a la p\u00fablica on s\u2019han de fer les innovacions, perqu\u00e8 aix\u00ed tothom en pot ser part\u00edcip. \u00c9s un aspecte que els centres innovadors han de vetllar especialment: que les despeses econ\u00f2miques que generen i les dedicacions hor\u00e0ries que pressuposen permetin la participaci\u00f3 de totes les fam\u00edlies.<\/p>\n<p>Una innovaci\u00f3 tan necess\u00e0ria no pot quedar nom\u00e9s en mans de la bona voluntat d\u2019algunes persones. Si els responsables del govern de la Generalitat hi estiguessin d\u2019acord afavoririen els projectes d\u2019innovaci\u00f3 educativa i els promocionarien; facilitarien els recursos necessaris per tal que no es generessin difer\u00e8ncies de qualitat entre centres. Diria que no \u00e9s el cas dels nostres actuals governants. Redacto l\u2019escrit el dia 14 d\u2019abril, aniversari d\u2019una Rep\u00fablica que va innovar en les pr\u00e0ctiques educatives.<\/p>\n","protected":false},"excerpt":{"rendered":"<p>La p\u00fablica \u00e9s l\u2019escola de tothom. Les innovacions s\u2019han de fer als centres que estiguin a l\u2019abast de totes les fam\u00edlies, siguin de la condici\u00f3 econ\u00f2mica, social o \u00e8tnica que siguin. Si els canvis positius no poden beneficiar totes les persones seran uns canvis insuficients, uns canvis per a unes elits que deixaran de banda les fam\u00edlies en situacions m\u00e9s desafavorides.<\/p>\n","protected":false},"author":1,"featured_media":3063,"comment_status":"open","ping_status":"open","sticky":false,"template":"","format":"standard","meta":{"footnotes":""},"categories":[2],"tags":[],"tipo":[],"class_list":{"0":"post-3061","1":"post","2":"type-post","3":"status-publish","4":"format-standard","5":"has-post-thumbnail","7":"category-general"},"yoast_head":"<!-- This site is optimized with the Yoast SEO plugin v27.5 - https:\/\/yoast.com\/product\/yoast-seo-wordpress\/ -->\n<title>Innovaci\u00f3 escolar, centres innovadors i escola p\u00fablica - Blog de Rosa Sensat<\/title>\n<meta name=\"robots\" content=\"index, follow, max-snippet:-1, max-image-preview:large, max-video-preview:-1\" \/>\n<link rel=\"canonical\" href=\"https:\/\/diarieducacio.cat\/rosasensat\/2015\/04\/16\/innovacio-escolar-centres-innovadors-i-escola-publica\/\" \/>\n<meta property=\"og:locale\" content=\"ca_ES\" \/>\n<meta property=\"og:type\" content=\"article\" \/>\n<meta property=\"og:title\" content=\"Innovaci\u00f3 escolar, centres innovadors i escola p\u00fablica - Blog de Rosa Sensat\" \/>\n<meta property=\"og:description\" content=\"La p\u00fablica \u00e9s l\u2019escola de tothom. Les innovacions s\u2019han de fer als centres que estiguin a l\u2019abast de totes les fam\u00edlies, siguin de la condici\u00f3 econ\u00f2mica, social o \u00e8tnica que siguin. Si els canvis positius no poden beneficiar totes les persones seran uns canvis insuficients, uns canvis per a unes elits que deixaran de banda les fam\u00edlies en situacions m\u00e9s desafavorides.\" \/>\n<meta property=\"og:url\" content=\"https:\/\/diarieducacio.cat\/rosasensat\/2015\/04\/16\/innovacio-escolar-centres-innovadors-i-escola-publica\/\" \/>\n<meta property=\"og:site_name\" content=\"Blog de Rosa Sensat\" \/>\n<meta property=\"article:published_time\" content=\"2015-04-16T03:00:00+00:00\" \/>\n<meta property=\"article:modified_time\" content=\"2024-10-27T20:37:46+00:00\" \/>\n<meta property=\"og:image\" content=\"https:\/\/diarieducacio.cat\/rosasensat\/wp-content\/uploads\/sites\/21\/2024\/10\/innovacio.jpg\" \/>\n\t<meta property=\"og:image:width\" content=\"635\" \/>\n\t<meta property=\"og:image:height\" content=\"183\" \/>\n\t<meta property=\"og:image:type\" content=\"image\/jpeg\" \/>\n<meta name=\"author\" content=\"Redacci\u00f3\" \/>\n<meta name=\"twitter:card\" content=\"summary_large_image\" \/>\n<meta name=\"twitter:label1\" content=\"Escrit per\" \/>\n\t<meta name=\"twitter:data1\" content=\"Redacci\u00f3\" \/>\n\t<meta name=\"twitter:label2\" content=\"Temps estimat de lectura\" \/>\n\t<meta name=\"twitter:data2\" content=\"4 minuts\" \/>\n<script type=\"application\/ld+json\" class=\"yoast-schema-graph\">{\"@context\":\"https:\\\/\\\/schema.org\",\"@graph\":[{\"@type\":\"Article\",\"@id\":\"https:\\\/\\\/diarieducacio.cat\\\/rosasensat\\\/2015\\\/04\\\/16\\\/innovacio-escolar-centres-innovadors-i-escola-publica\\\/#article\",\"isPartOf\":{\"@id\":\"https:\\\/\\\/diarieducacio.cat\\\/rosasensat\\\/2015\\\/04\\\/16\\\/innovacio-escolar-centres-innovadors-i-escola-publica\\\/\"},\"author\":{\"name\":\"Redacci\u00f3\",\"@id\":\"https:\\\/\\\/diarieducacio.cat\\\/rosasensat\\\/#\\\/schema\\\/person\\\/04093d1227f1b01952d6187a5be57900\"},\"headline\":\"Innovaci\u00f3 escolar, centres innovadors i escola p\u00fablica\",\"datePublished\":\"2015-04-16T03:00:00+00:00\",\"dateModified\":\"2024-10-27T20:37:46+00:00\",\"mainEntityOfPage\":{\"@id\":\"https:\\\/\\\/diarieducacio.cat\\\/rosasensat\\\/2015\\\/04\\\/16\\\/innovacio-escolar-centres-innovadors-i-escola-publica\\\/\"},\"wordCount\":853,\"commentCount\":0,\"image\":{\"@id\":\"https:\\\/\\\/diarieducacio.cat\\\/rosasensat\\\/2015\\\/04\\\/16\\\/innovacio-escolar-centres-innovadors-i-escola-publica\\\/#primaryimage\"},\"thumbnailUrl\":\"https:\\\/\\\/diarieducacio.cat\\\/rosasensat\\\/wp-content\\\/uploads\\\/sites\\\/21\\\/2024\\\/10\\\/innovacio.jpg\",\"articleSection\":[\"General\"],\"inLanguage\":\"ca\",\"potentialAction\":[{\"@type\":\"CommentAction\",\"name\":\"Comment\",\"target\":[\"https:\\\/\\\/diarieducacio.cat\\\/rosasensat\\\/2015\\\/04\\\/16\\\/innovacio-escolar-centres-innovadors-i-escola-publica\\\/#respond\"]}]},{\"@type\":\"WebPage\",\"@id\":\"https:\\\/\\\/diarieducacio.cat\\\/rosasensat\\\/2015\\\/04\\\/16\\\/innovacio-escolar-centres-innovadors-i-escola-publica\\\/\",\"url\":\"https:\\\/\\\/diarieducacio.cat\\\/rosasensat\\\/2015\\\/04\\\/16\\\/innovacio-escolar-centres-innovadors-i-escola-publica\\\/\",\"name\":\"Innovaci\u00f3 escolar, centres innovadors i escola p\u00fablica - Blog de Rosa Sensat\",\"isPartOf\":{\"@id\":\"https:\\\/\\\/diarieducacio.cat\\\/rosasensat\\\/#website\"},\"primaryImageOfPage\":{\"@id\":\"https:\\\/\\\/diarieducacio.cat\\\/rosasensat\\\/2015\\\/04\\\/16\\\/innovacio-escolar-centres-innovadors-i-escola-publica\\\/#primaryimage\"},\"image\":{\"@id\":\"https:\\\/\\\/diarieducacio.cat\\\/rosasensat\\\/2015\\\/04\\\/16\\\/innovacio-escolar-centres-innovadors-i-escola-publica\\\/#primaryimage\"},\"thumbnailUrl\":\"https:\\\/\\\/diarieducacio.cat\\\/rosasensat\\\/wp-content\\\/uploads\\\/sites\\\/21\\\/2024\\\/10\\\/innovacio.jpg\",\"datePublished\":\"2015-04-16T03:00:00+00:00\",\"dateModified\":\"2024-10-27T20:37:46+00:00\",\"author\":{\"@id\":\"https:\\\/\\\/diarieducacio.cat\\\/rosasensat\\\/#\\\/schema\\\/person\\\/04093d1227f1b01952d6187a5be57900\"},\"breadcrumb\":{\"@id\":\"https:\\\/\\\/diarieducacio.cat\\\/rosasensat\\\/2015\\\/04\\\/16\\\/innovacio-escolar-centres-innovadors-i-escola-publica\\\/#breadcrumb\"},\"inLanguage\":\"ca\",\"potentialAction\":[{\"@type\":\"ReadAction\",\"target\":[\"https:\\\/\\\/diarieducacio.cat\\\/rosasensat\\\/2015\\\/04\\\/16\\\/innovacio-escolar-centres-innovadors-i-escola-publica\\\/\"]}]},{\"@type\":\"ImageObject\",\"inLanguage\":\"ca\",\"@id\":\"https:\\\/\\\/diarieducacio.cat\\\/rosasensat\\\/2015\\\/04\\\/16\\\/innovacio-escolar-centres-innovadors-i-escola-publica\\\/#primaryimage\",\"url\":\"https:\\\/\\\/diarieducacio.cat\\\/rosasensat\\\/wp-content\\\/uploads\\\/sites\\\/21\\\/2024\\\/10\\\/innovacio.jpg\",\"contentUrl\":\"https:\\\/\\\/diarieducacio.cat\\\/rosasensat\\\/wp-content\\\/uploads\\\/sites\\\/21\\\/2024\\\/10\\\/innovacio.jpg\",\"width\":635,\"height\":183},{\"@type\":\"BreadcrumbList\",\"@id\":\"https:\\\/\\\/diarieducacio.cat\\\/rosasensat\\\/2015\\\/04\\\/16\\\/innovacio-escolar-centres-innovadors-i-escola-publica\\\/#breadcrumb\",\"itemListElement\":[{\"@type\":\"ListItem\",\"position\":1,\"name\":\"Inici\",\"item\":\"https:\\\/\\\/diarieducacio.cat\\\/rosasensat\\\/\"},{\"@type\":\"ListItem\",\"position\":2,\"name\":\"Innovaci\u00f3 escolar, centres innovadors i escola p\u00fablica\"}]},{\"@type\":\"WebSite\",\"@id\":\"https:\\\/\\\/diarieducacio.cat\\\/rosasensat\\\/#website\",\"url\":\"https:\\\/\\\/diarieducacio.cat\\\/rosasensat\\\/\",\"name\":\"Blog de Rosa Sensat\",\"description\":\"\",\"potentialAction\":[{\"@type\":\"SearchAction\",\"target\":{\"@type\":\"EntryPoint\",\"urlTemplate\":\"https:\\\/\\\/diarieducacio.cat\\\/rosasensat\\\/?s={search_term_string}\"},\"query-input\":{\"@type\":\"PropertyValueSpecification\",\"valueRequired\":true,\"valueName\":\"search_term_string\"}}],\"inLanguage\":\"ca\"},{\"@type\":\"Person\",\"@id\":\"https:\\\/\\\/diarieducacio.cat\\\/rosasensat\\\/#\\\/schema\\\/person\\\/04093d1227f1b01952d6187a5be57900\",\"name\":\"Redacci\u00f3\",\"image\":{\"@type\":\"ImageObject\",\"inLanguage\":\"ca\",\"@id\":\"https:\\\/\\\/secure.gravatar.com\\\/avatar\\\/e952ad62e08be1daabaefebd12d26c1e5fbfd687693aaa066db2433a21638ad8?s=96&d=mm&r=g\",\"url\":\"https:\\\/\\\/secure.gravatar.com\\\/avatar\\\/e952ad62e08be1daabaefebd12d26c1e5fbfd687693aaa066db2433a21638ad8?s=96&d=mm&r=g\",\"contentUrl\":\"https:\\\/\\\/secure.gravatar.com\\\/avatar\\\/e952ad62e08be1daabaefebd12d26c1e5fbfd687693aaa066db2433a21638ad8?s=96&d=mm&r=g\",\"caption\":\"Redacci\u00f3\"},\"url\":\"https:\\\/\\\/diarieducacio.cat\\\/rosasensat\\\/author\\\/npenin\\\/\"}]}<\/script>\n<!-- \/ Yoast SEO plugin. -->","yoast_head_json":{"title":"Innovaci\u00f3 escolar, centres innovadors i escola p\u00fablica - Blog de Rosa Sensat","robots":{"index":"index","follow":"follow","max-snippet":"max-snippet:-1","max-image-preview":"max-image-preview:large","max-video-preview":"max-video-preview:-1"},"canonical":"https:\/\/diarieducacio.cat\/rosasensat\/2015\/04\/16\/innovacio-escolar-centres-innovadors-i-escola-publica\/","og_locale":"ca_ES","og_type":"article","og_title":"Innovaci\u00f3 escolar, centres innovadors i escola p\u00fablica - Blog de Rosa Sensat","og_description":"La p\u00fablica \u00e9s l\u2019escola de tothom. Les innovacions s\u2019han de fer als centres que estiguin a l\u2019abast de totes les fam\u00edlies, siguin de la condici\u00f3 econ\u00f2mica, social o \u00e8tnica que siguin. Si els canvis positius no poden beneficiar totes les persones seran uns canvis insuficients, uns canvis per a unes elits que deixaran de banda les fam\u00edlies en situacions m\u00e9s desafavorides.","og_url":"https:\/\/diarieducacio.cat\/rosasensat\/2015\/04\/16\/innovacio-escolar-centres-innovadors-i-escola-publica\/","og_site_name":"Blog de Rosa Sensat","article_published_time":"2015-04-16T03:00:00+00:00","article_modified_time":"2024-10-27T20:37:46+00:00","og_image":[{"width":635,"height":183,"url":"https:\/\/diarieducacio.cat\/rosasensat\/wp-content\/uploads\/sites\/21\/2024\/10\/innovacio.jpg","type":"image\/jpeg"}],"author":"Redacci\u00f3","twitter_card":"summary_large_image","twitter_misc":{"Escrit per":"Redacci\u00f3","Temps estimat de lectura":"4 minuts"},"schema":{"@context":"https:\/\/schema.org","@graph":[{"@type":"Article","@id":"https:\/\/diarieducacio.cat\/rosasensat\/2015\/04\/16\/innovacio-escolar-centres-innovadors-i-escola-publica\/#article","isPartOf":{"@id":"https:\/\/diarieducacio.cat\/rosasensat\/2015\/04\/16\/innovacio-escolar-centres-innovadors-i-escola-publica\/"},"author":{"name":"Redacci\u00f3","@id":"https:\/\/diarieducacio.cat\/rosasensat\/#\/schema\/person\/04093d1227f1b01952d6187a5be57900"},"headline":"Innovaci\u00f3 escolar, centres innovadors i escola p\u00fablica","datePublished":"2015-04-16T03:00:00+00:00","dateModified":"2024-10-27T20:37:46+00:00","mainEntityOfPage":{"@id":"https:\/\/diarieducacio.cat\/rosasensat\/2015\/04\/16\/innovacio-escolar-centres-innovadors-i-escola-publica\/"},"wordCount":853,"commentCount":0,"image":{"@id":"https:\/\/diarieducacio.cat\/rosasensat\/2015\/04\/16\/innovacio-escolar-centres-innovadors-i-escola-publica\/#primaryimage"},"thumbnailUrl":"https:\/\/diarieducacio.cat\/rosasensat\/wp-content\/uploads\/sites\/21\/2024\/10\/innovacio.jpg","articleSection":["General"],"inLanguage":"ca","potentialAction":[{"@type":"CommentAction","name":"Comment","target":["https:\/\/diarieducacio.cat\/rosasensat\/2015\/04\/16\/innovacio-escolar-centres-innovadors-i-escola-publica\/#respond"]}]},{"@type":"WebPage","@id":"https:\/\/diarieducacio.cat\/rosasensat\/2015\/04\/16\/innovacio-escolar-centres-innovadors-i-escola-publica\/","url":"https:\/\/diarieducacio.cat\/rosasensat\/2015\/04\/16\/innovacio-escolar-centres-innovadors-i-escola-publica\/","name":"Innovaci\u00f3 escolar, centres innovadors i escola p\u00fablica - Blog de Rosa Sensat","isPartOf":{"@id":"https:\/\/diarieducacio.cat\/rosasensat\/#website"},"primaryImageOfPage":{"@id":"https:\/\/diarieducacio.cat\/rosasensat\/2015\/04\/16\/innovacio-escolar-centres-innovadors-i-escola-publica\/#primaryimage"},"image":{"@id":"https:\/\/diarieducacio.cat\/rosasensat\/2015\/04\/16\/innovacio-escolar-centres-innovadors-i-escola-publica\/#primaryimage"},"thumbnailUrl":"https:\/\/diarieducacio.cat\/rosasensat\/wp-content\/uploads\/sites\/21\/2024\/10\/innovacio.jpg","datePublished":"2015-04-16T03:00:00+00:00","dateModified":"2024-10-27T20:37:46+00:00","author":{"@id":"https:\/\/diarieducacio.cat\/rosasensat\/#\/schema\/person\/04093d1227f1b01952d6187a5be57900"},"breadcrumb":{"@id":"https:\/\/diarieducacio.cat\/rosasensat\/2015\/04\/16\/innovacio-escolar-centres-innovadors-i-escola-publica\/#breadcrumb"},"inLanguage":"ca","potentialAction":[{"@type":"ReadAction","target":["https:\/\/diarieducacio.cat\/rosasensat\/2015\/04\/16\/innovacio-escolar-centres-innovadors-i-escola-publica\/"]}]},{"@type":"ImageObject","inLanguage":"ca","@id":"https:\/\/diarieducacio.cat\/rosasensat\/2015\/04\/16\/innovacio-escolar-centres-innovadors-i-escola-publica\/#primaryimage","url":"https:\/\/diarieducacio.cat\/rosasensat\/wp-content\/uploads\/sites\/21\/2024\/10\/innovacio.jpg","contentUrl":"https:\/\/diarieducacio.cat\/rosasensat\/wp-content\/uploads\/sites\/21\/2024\/10\/innovacio.jpg","width":635,"height":183},{"@type":"BreadcrumbList","@id":"https:\/\/diarieducacio.cat\/rosasensat\/2015\/04\/16\/innovacio-escolar-centres-innovadors-i-escola-publica\/#breadcrumb","itemListElement":[{"@type":"ListItem","position":1,"name":"Inici","item":"https:\/\/diarieducacio.cat\/rosasensat\/"},{"@type":"ListItem","position":2,"name":"Innovaci\u00f3 escolar, centres innovadors i escola p\u00fablica"}]},{"@type":"WebSite","@id":"https:\/\/diarieducacio.cat\/rosasensat\/#website","url":"https:\/\/diarieducacio.cat\/rosasensat\/","name":"Blog de Rosa Sensat","description":"","potentialAction":[{"@type":"SearchAction","target":{"@type":"EntryPoint","urlTemplate":"https:\/\/diarieducacio.cat\/rosasensat\/?s={search_term_string}"},"query-input":{"@type":"PropertyValueSpecification","valueRequired":true,"valueName":"search_term_string"}}],"inLanguage":"ca"},{"@type":"Person","@id":"https:\/\/diarieducacio.cat\/rosasensat\/#\/schema\/person\/04093d1227f1b01952d6187a5be57900","name":"Redacci\u00f3","image":{"@type":"ImageObject","inLanguage":"ca","@id":"https:\/\/secure.gravatar.com\/avatar\/e952ad62e08be1daabaefebd12d26c1e5fbfd687693aaa066db2433a21638ad8?s=96&d=mm&r=g","url":"https:\/\/secure.gravatar.com\/avatar\/e952ad62e08be1daabaefebd12d26c1e5fbfd687693aaa066db2433a21638ad8?s=96&d=mm&r=g","contentUrl":"https:\/\/secure.gravatar.com\/avatar\/e952ad62e08be1daabaefebd12d26c1e5fbfd687693aaa066db2433a21638ad8?s=96&d=mm&r=g","caption":"Redacci\u00f3"},"url":"https:\/\/diarieducacio.cat\/rosasensat\/author\/npenin\/"}]}},"_links":{"self":[{"href":"https:\/\/diarieducacio.cat\/rosasensat\/wp-json\/wp\/v2\/posts\/3061","targetHints":{"allow":["GET"]}}],"collection":[{"href":"https:\/\/diarieducacio.cat\/rosasensat\/wp-json\/wp\/v2\/posts"}],"about":[{"href":"https:\/\/diarieducacio.cat\/rosasensat\/wp-json\/wp\/v2\/types\/post"}],"author":[{"embeddable":true,"href":"https:\/\/diarieducacio.cat\/rosasensat\/wp-json\/wp\/v2\/users\/1"}],"replies":[{"embeddable":true,"href":"https:\/\/diarieducacio.cat\/rosasensat\/wp-json\/wp\/v2\/comments?post=3061"}],"version-history":[{"count":1,"href":"https:\/\/diarieducacio.cat\/rosasensat\/wp-json\/wp\/v2\/posts\/3061\/revisions"}],"predecessor-version":[{"id":3062,"href":"https:\/\/diarieducacio.cat\/rosasensat\/wp-json\/wp\/v2\/posts\/3061\/revisions\/3062"}],"wp:featuredmedia":[{"embeddable":true,"href":"https:\/\/diarieducacio.cat\/rosasensat\/wp-json\/wp\/v2\/media\/3063"}],"wp:attachment":[{"href":"https:\/\/diarieducacio.cat\/rosasensat\/wp-json\/wp\/v2\/media?parent=3061"}],"wp:term":[{"taxonomy":"category","embeddable":true,"href":"https:\/\/diarieducacio.cat\/rosasensat\/wp-json\/wp\/v2\/categories?post=3061"},{"taxonomy":"post_tag","embeddable":true,"href":"https:\/\/diarieducacio.cat\/rosasensat\/wp-json\/wp\/v2\/tags?post=3061"},{"taxonomy":"tipo","embeddable":true,"href":"https:\/\/diarieducacio.cat\/rosasensat\/wp-json\/wp\/v2\/tipo?post=3061"}],"curies":[{"name":"wp","href":"https:\/\/api.w.org\/{rel}","templated":true}]}}