{"id":3067,"date":"2015-05-19T06:00:24","date_gmt":"2015-05-19T04:00:24","guid":{"rendered":"https:\/\/nostalgic-ishizaka.82-223-1-47.plesk.page\/rosasensat\/2015\/05\/19\/eleccions-i-educacio\/"},"modified":"2024-10-27T21:37:51","modified_gmt":"2024-10-27T20:37:51","slug":"eleccions-i-educacio","status":"publish","type":"post","link":"https:\/\/diarieducacio.cat\/rosasensat\/2015\/05\/19\/eleccions-i-educacio\/","title":{"rendered":"Eleccions i educaci\u00f3"},"content":{"rendered":"<p><a href=\"https:\/\/diarieducacio.cat\/rosasensat\/wp-content\/uploads\/sites\/9\/2015\/05\/tonucci.jpg\"><img decoding=\"async\" class=\" size-medium wp-image-404 aligncenter\" src=\"https:\/\/diarieducacio.cat\/rosasensat\/wp-content\/uploads\/sites\/9\/2015\/05\/tonucci-300x148.jpg\" alt=\"tonucci\" width=\"300\" height=\"148\" \/><\/a><\/p>\n<p>S\u00f3n molts el temes que es podrien tractar sobre l\u2019educaci\u00f3, per\u00f2 el 24 de maig, el proper diumenge, estem convocats a votar als municipis de Catalunya i per tant, la q\u00fcesti\u00f3 electoral \u00e9s de m\u00e0xima actualitat, tamb\u00e9 per a l\u2019educaci\u00f3.<\/p>\n<p>En el nostre pa\u00eds la realitat municipal \u00e9s un tap\u00eds molt divers, en dimensions, en climes, en realitats socials i econ\u00f2miques&#8230; Possiblement aquesta gran heterogene\u00eftat creada o desenvolupada en el per\u00edode democr\u00e0tic ha fet que es realitzessin pol\u00edtiques molt diverses.<\/p>\n<p>Ni de lluny, amb aquestes l\u00ednies, es t\u00e9 ni la pretensi\u00f3 ni el prop\u00f2sit de fer una an\u00e0lisi de les pol\u00edtiques fetes des dels ajuntaments. Conscients de les difer\u00e8ncies, proposem nom\u00e9s tres q\u00fcestions sobre educaci\u00f3, que des de cada municipi, caldr\u00e0 donar-hi resposta durant els propers quatre anys, perqu\u00e8 majorit\u00e0riament s\u00f3n una necessitat viva i creixent en la nostra societat d\u2019avui: la import\u00e0ncia d\u2019escoltar els infants i joves, la necessitat creixent de respondre al temps lliure i el vell problema de les escoles bressol.<\/p>\n<p><strong>Participaci\u00f3<\/strong><\/p>\n<p>Cada cop m\u00e9s, donar veu i escoltar els infants i joves, els ciutadans fins a divuit anys, es veu com una font d\u2019inspiraci\u00f3 per trobar solucions a temes o problemes. Ells, com nosaltres els adults, tamb\u00e9 viuen en els pobles, en els barris i en les ciutats, i per tant es plantegen q\u00fcestions que moltes vegades als adults ens poden passar desapercebudes o ni se\u2019ns acudeixen.<\/p>\n<p>Es tracta d\u2019oferir un espai i un temps perqu\u00e8 ells es puguin organitzar per parlar del que farien si tinguessin possibilitat d\u2019influir, d\u2019opinar, de proposar&#8230; Per tant, lluny d\u2019una estructura formal pensada pels adults, es tracta que els adults els escoltem perqu\u00e8 els donem confian\u00e7a.<\/p>\n<p>Aquesta manera de participaci\u00f3 ha de respondre a un veritable exercici de democr\u00e0cia directa, un aprenentatge real que en la vida hi ha punts de vista i prioritats diverses sobre una mateixa realitat, i que per a cada prioritat es poden trobar solucions: f\u00e0cils de vegades, o altres m\u00e9s dif\u00edcils o quasi impossibles de resoldre en poc temps. Per\u00f2 de tota manera aquesta possibilitat de participaci\u00f3 contribueix a crear una consci\u00e8ncia c\u00edvica a tots els infants i els adults.<\/p>\n<p>Fer-ho, nom\u00e9s demana voluntat pol\u00edtica i l\u2019\u00e8tica de confiar en ells.<\/p>\n<p><strong>Temps lliure<\/strong><\/p>\n<p>Cada cop m\u00e9s el temps escolar i el temps familiar es distancia. Est\u00e0 clar que calen pol\u00edtiques que contribueixin a harmonitzar aquesta realitat divergent. Des dels ajuntaments, des de l\u2019administraci\u00f3 m\u00e9s propera, \u00e9s des d\u2019on es poden imaginar solucions sobre el Temps Lliure, que necess\u00e0riament haur\u00e0 de ser diferent en cada contrada del pa\u00eds. No pot ser igual en una poblaci\u00f3 de la costa, que en una dels Pirineus, en una poblaci\u00f3 amb molta vida associativa que en una altra que no en t\u00e9, en un poble petit o en una ciutat mitjana o gran.<\/p>\n<p>Hi ha pa\u00efsos on l\u2019oferta d\u2019activitats de temps lliure \u00e9s m\u00e9s \u00e0mplia que l\u2019escolar, perqu\u00e8 fa d\u00e8cades que s\u2019han plantejat el tema de la conciliaci\u00f3 pensat en les fam\u00edlies, en els infants i en els joves, com un fet que cal afrontar entre tots i per a tots. Per tant \u00e9s una resposta que s\u2019ha de respondre a escala local.<\/p>\n<p>Una resposta en la qual caldria escoltar els infants i joves, perqu\u00e8 el temps lliure, en cap cas hauria de ser una prolongaci\u00f3 del temps escolar.<\/p>\n<p><strong>Escola bressol<\/strong><\/p>\n<p>Una vella necessitat no resolta, com a conseq\u00fc\u00e8ncia d\u2019una p\u00e8ssima planificaci\u00f3, d\u2019una inhibici\u00f3 de responsabilitat de l\u2019administraci\u00f3 educativa, d\u2019una inestabilitat creixent, tant per als ajuntaments, com per a les fam\u00edlies i els equips de mestres, que repercuteix directament en els infants m\u00e9s petits.<\/p>\n<p>Despr\u00e8s de d\u00e8cades, de parlar-ne, segueixen sent necess\u00e0ries en moltes poblacions de Catalunya. Per\u00f2 aquestes tamb\u00e9 s\u2019han d\u2019ajustar a les necessitats de cada localitat: tant en les dimensions, en els horaris, en els per\u00edodes de vacances i en altres possibles aspectes a definir amb car\u00e0cter general.<\/p>\n<p>Per\u00f2 el que es pot demanar per a totes elles \u00e9s que siguin una garantia d\u2019acc\u00e9s per a tots els infants, que l\u2019equip de mestres sigui estable, format i ben considerat laboralment, que els grups d\u2019infants siguin redu\u00efts per a poder respondre a les seves necessitats vitals, d\u2019atenci\u00f3 personal i a les possibilitats de desenvolupament de tot el seu potencial, obertes a les fam\u00edlies i a la comunitat propera, democr\u00e0tiques en el seu funcionament.<\/p>\n<p>S\u00f3n tres temes possibles. Per algun d\u2019ells nom\u00e9s cal voluntat pol\u00edtica, com fer realitat el dret dels infants i joves a participar activament en la vida de la seva poblaci\u00f3, altres demanen establir prioritats, pensant en la qualitat de vida dels m\u00e9s joves, perqu\u00e8 per tot ajuntament vetllar pels m\u00e9s joves ara, en el present, \u00e9s garantir el seu futur i per a molts la seva pr\u00f2pia exist\u00e8ncia.<\/p>\n","protected":false},"excerpt":{"rendered":"<p>Cada cop m\u00e9s, donar veu i escoltar els infants i joves, els ciutadans fins a divuit anys, es veu com una font d\u2019inspiraci\u00f3 per trobar solucions a temes o problemes. Ells, com nosaltres els adults, tamb\u00e9 viuen en els pobles, en els barris i en les ciutats, i per tant es plantegen q\u00fcestions que moltes vegades als adults ens poden passar desapercebudes o ni se\u2019ns acudeixen.<\/p>\n","protected":false},"author":1,"featured_media":3069,"comment_status":"open","ping_status":"open","sticky":false,"template":"","format":"standard","meta":{"footnotes":""},"categories":[2],"tags":[],"tipo":[],"class_list":{"0":"post-3067","1":"post","2":"type-post","3":"status-publish","4":"format-standard","5":"has-post-thumbnail","7":"category-general"},"yoast_head":"<!-- This site is optimized with the Yoast SEO plugin v27.5 - https:\/\/yoast.com\/product\/yoast-seo-wordpress\/ -->\n<title>Eleccions i educaci\u00f3 - Blog de Rosa Sensat<\/title>\n<meta name=\"robots\" content=\"index, follow, max-snippet:-1, max-image-preview:large, max-video-preview:-1\" \/>\n<link rel=\"canonical\" href=\"https:\/\/diarieducacio.cat\/rosasensat\/2015\/05\/19\/eleccions-i-educacio\/\" \/>\n<meta property=\"og:locale\" content=\"ca_ES\" \/>\n<meta property=\"og:type\" content=\"article\" \/>\n<meta property=\"og:title\" content=\"Eleccions i educaci\u00f3 - Blog de Rosa Sensat\" \/>\n<meta property=\"og:description\" content=\"Cada cop m\u00e9s, donar veu i escoltar els infants i joves, els ciutadans fins a divuit anys, es veu com una font d\u2019inspiraci\u00f3 per trobar solucions a temes o problemes. Ells, com nosaltres els adults, tamb\u00e9 viuen en els pobles, en els barris i en les ciutats, i per tant es plantegen q\u00fcestions que moltes vegades als adults ens poden passar desapercebudes o ni se\u2019ns acudeixen.\" \/>\n<meta property=\"og:url\" content=\"https:\/\/diarieducacio.cat\/rosasensat\/2015\/05\/19\/eleccions-i-educacio\/\" \/>\n<meta property=\"og:site_name\" content=\"Blog de Rosa Sensat\" \/>\n<meta property=\"article:published_time\" content=\"2015-05-19T04:00:24+00:00\" \/>\n<meta property=\"article:modified_time\" content=\"2024-10-27T20:37:51+00:00\" \/>\n<meta property=\"og:image\" content=\"https:\/\/diarieducacio.cat\/rosasensat\/wp-content\/uploads\/sites\/21\/2024\/10\/municipals15_txt_1024.jpg\" \/>\n\t<meta property=\"og:image:width\" content=\"1024\" \/>\n\t<meta property=\"og:image:height\" content=\"768\" \/>\n\t<meta property=\"og:image:type\" content=\"image\/jpeg\" \/>\n<meta name=\"author\" content=\"Redacci\u00f3\" \/>\n<meta name=\"twitter:card\" content=\"summary_large_image\" \/>\n<meta name=\"twitter:label1\" content=\"Escrit per\" \/>\n\t<meta name=\"twitter:data1\" content=\"Redacci\u00f3\" \/>\n\t<meta name=\"twitter:label2\" content=\"Temps estimat de lectura\" \/>\n\t<meta name=\"twitter:data2\" content=\"4 minuts\" \/>\n<script type=\"application\/ld+json\" class=\"yoast-schema-graph\">{\"@context\":\"https:\\\/\\\/schema.org\",\"@graph\":[{\"@type\":\"Article\",\"@id\":\"https:\\\/\\\/diarieducacio.cat\\\/rosasensat\\\/2015\\\/05\\\/19\\\/eleccions-i-educacio\\\/#article\",\"isPartOf\":{\"@id\":\"https:\\\/\\\/diarieducacio.cat\\\/rosasensat\\\/2015\\\/05\\\/19\\\/eleccions-i-educacio\\\/\"},\"author\":{\"name\":\"Redacci\u00f3\",\"@id\":\"https:\\\/\\\/diarieducacio.cat\\\/rosasensat\\\/#\\\/schema\\\/person\\\/04093d1227f1b01952d6187a5be57900\"},\"headline\":\"Eleccions i educaci\u00f3\",\"datePublished\":\"2015-05-19T04:00:24+00:00\",\"dateModified\":\"2024-10-27T20:37:51+00:00\",\"mainEntityOfPage\":{\"@id\":\"https:\\\/\\\/diarieducacio.cat\\\/rosasensat\\\/2015\\\/05\\\/19\\\/eleccions-i-educacio\\\/\"},\"wordCount\":873,\"commentCount\":0,\"image\":{\"@id\":\"https:\\\/\\\/diarieducacio.cat\\\/rosasensat\\\/2015\\\/05\\\/19\\\/eleccions-i-educacio\\\/#primaryimage\"},\"thumbnailUrl\":\"https:\\\/\\\/diarieducacio.cat\\\/rosasensat\\\/wp-content\\\/uploads\\\/sites\\\/21\\\/2024\\\/10\\\/municipals15_txt_1024.jpg\",\"articleSection\":[\"General\"],\"inLanguage\":\"ca\",\"potentialAction\":[{\"@type\":\"CommentAction\",\"name\":\"Comment\",\"target\":[\"https:\\\/\\\/diarieducacio.cat\\\/rosasensat\\\/2015\\\/05\\\/19\\\/eleccions-i-educacio\\\/#respond\"]}]},{\"@type\":\"WebPage\",\"@id\":\"https:\\\/\\\/diarieducacio.cat\\\/rosasensat\\\/2015\\\/05\\\/19\\\/eleccions-i-educacio\\\/\",\"url\":\"https:\\\/\\\/diarieducacio.cat\\\/rosasensat\\\/2015\\\/05\\\/19\\\/eleccions-i-educacio\\\/\",\"name\":\"Eleccions i educaci\u00f3 - Blog de Rosa Sensat\",\"isPartOf\":{\"@id\":\"https:\\\/\\\/diarieducacio.cat\\\/rosasensat\\\/#website\"},\"primaryImageOfPage\":{\"@id\":\"https:\\\/\\\/diarieducacio.cat\\\/rosasensat\\\/2015\\\/05\\\/19\\\/eleccions-i-educacio\\\/#primaryimage\"},\"image\":{\"@id\":\"https:\\\/\\\/diarieducacio.cat\\\/rosasensat\\\/2015\\\/05\\\/19\\\/eleccions-i-educacio\\\/#primaryimage\"},\"thumbnailUrl\":\"https:\\\/\\\/diarieducacio.cat\\\/rosasensat\\\/wp-content\\\/uploads\\\/sites\\\/21\\\/2024\\\/10\\\/municipals15_txt_1024.jpg\",\"datePublished\":\"2015-05-19T04:00:24+00:00\",\"dateModified\":\"2024-10-27T20:37:51+00:00\",\"author\":{\"@id\":\"https:\\\/\\\/diarieducacio.cat\\\/rosasensat\\\/#\\\/schema\\\/person\\\/04093d1227f1b01952d6187a5be57900\"},\"breadcrumb\":{\"@id\":\"https:\\\/\\\/diarieducacio.cat\\\/rosasensat\\\/2015\\\/05\\\/19\\\/eleccions-i-educacio\\\/#breadcrumb\"},\"inLanguage\":\"ca\",\"potentialAction\":[{\"@type\":\"ReadAction\",\"target\":[\"https:\\\/\\\/diarieducacio.cat\\\/rosasensat\\\/2015\\\/05\\\/19\\\/eleccions-i-educacio\\\/\"]}]},{\"@type\":\"ImageObject\",\"inLanguage\":\"ca\",\"@id\":\"https:\\\/\\\/diarieducacio.cat\\\/rosasensat\\\/2015\\\/05\\\/19\\\/eleccions-i-educacio\\\/#primaryimage\",\"url\":\"https:\\\/\\\/diarieducacio.cat\\\/rosasensat\\\/wp-content\\\/uploads\\\/sites\\\/21\\\/2024\\\/10\\\/municipals15_txt_1024.jpg\",\"contentUrl\":\"https:\\\/\\\/diarieducacio.cat\\\/rosasensat\\\/wp-content\\\/uploads\\\/sites\\\/21\\\/2024\\\/10\\\/municipals15_txt_1024.jpg\",\"width\":1024,\"height\":768},{\"@type\":\"BreadcrumbList\",\"@id\":\"https:\\\/\\\/diarieducacio.cat\\\/rosasensat\\\/2015\\\/05\\\/19\\\/eleccions-i-educacio\\\/#breadcrumb\",\"itemListElement\":[{\"@type\":\"ListItem\",\"position\":1,\"name\":\"Inici\",\"item\":\"https:\\\/\\\/diarieducacio.cat\\\/rosasensat\\\/\"},{\"@type\":\"ListItem\",\"position\":2,\"name\":\"Eleccions i educaci\u00f3\"}]},{\"@type\":\"WebSite\",\"@id\":\"https:\\\/\\\/diarieducacio.cat\\\/rosasensat\\\/#website\",\"url\":\"https:\\\/\\\/diarieducacio.cat\\\/rosasensat\\\/\",\"name\":\"Blog de Rosa Sensat\",\"description\":\"\",\"potentialAction\":[{\"@type\":\"SearchAction\",\"target\":{\"@type\":\"EntryPoint\",\"urlTemplate\":\"https:\\\/\\\/diarieducacio.cat\\\/rosasensat\\\/?s={search_term_string}\"},\"query-input\":{\"@type\":\"PropertyValueSpecification\",\"valueRequired\":true,\"valueName\":\"search_term_string\"}}],\"inLanguage\":\"ca\"},{\"@type\":\"Person\",\"@id\":\"https:\\\/\\\/diarieducacio.cat\\\/rosasensat\\\/#\\\/schema\\\/person\\\/04093d1227f1b01952d6187a5be57900\",\"name\":\"Redacci\u00f3\",\"image\":{\"@type\":\"ImageObject\",\"inLanguage\":\"ca\",\"@id\":\"https:\\\/\\\/secure.gravatar.com\\\/avatar\\\/e952ad62e08be1daabaefebd12d26c1e5fbfd687693aaa066db2433a21638ad8?s=96&d=mm&r=g\",\"url\":\"https:\\\/\\\/secure.gravatar.com\\\/avatar\\\/e952ad62e08be1daabaefebd12d26c1e5fbfd687693aaa066db2433a21638ad8?s=96&d=mm&r=g\",\"contentUrl\":\"https:\\\/\\\/secure.gravatar.com\\\/avatar\\\/e952ad62e08be1daabaefebd12d26c1e5fbfd687693aaa066db2433a21638ad8?s=96&d=mm&r=g\",\"caption\":\"Redacci\u00f3\"},\"url\":\"https:\\\/\\\/diarieducacio.cat\\\/rosasensat\\\/author\\\/npenin\\\/\"}]}<\/script>\n<!-- \/ Yoast SEO plugin. -->","yoast_head_json":{"title":"Eleccions i educaci\u00f3 - Blog de Rosa Sensat","robots":{"index":"index","follow":"follow","max-snippet":"max-snippet:-1","max-image-preview":"max-image-preview:large","max-video-preview":"max-video-preview:-1"},"canonical":"https:\/\/diarieducacio.cat\/rosasensat\/2015\/05\/19\/eleccions-i-educacio\/","og_locale":"ca_ES","og_type":"article","og_title":"Eleccions i educaci\u00f3 - Blog de Rosa Sensat","og_description":"Cada cop m\u00e9s, donar veu i escoltar els infants i joves, els ciutadans fins a divuit anys, es veu com una font d\u2019inspiraci\u00f3 per trobar solucions a temes o problemes. Ells, com nosaltres els adults, tamb\u00e9 viuen en els pobles, en els barris i en les ciutats, i per tant es plantegen q\u00fcestions que moltes vegades als adults ens poden passar desapercebudes o ni se\u2019ns acudeixen.","og_url":"https:\/\/diarieducacio.cat\/rosasensat\/2015\/05\/19\/eleccions-i-educacio\/","og_site_name":"Blog de Rosa Sensat","article_published_time":"2015-05-19T04:00:24+00:00","article_modified_time":"2024-10-27T20:37:51+00:00","og_image":[{"width":1024,"height":768,"url":"https:\/\/diarieducacio.cat\/rosasensat\/wp-content\/uploads\/sites\/21\/2024\/10\/municipals15_txt_1024.jpg","type":"image\/jpeg"}],"author":"Redacci\u00f3","twitter_card":"summary_large_image","twitter_misc":{"Escrit per":"Redacci\u00f3","Temps estimat de lectura":"4 minuts"},"schema":{"@context":"https:\/\/schema.org","@graph":[{"@type":"Article","@id":"https:\/\/diarieducacio.cat\/rosasensat\/2015\/05\/19\/eleccions-i-educacio\/#article","isPartOf":{"@id":"https:\/\/diarieducacio.cat\/rosasensat\/2015\/05\/19\/eleccions-i-educacio\/"},"author":{"name":"Redacci\u00f3","@id":"https:\/\/diarieducacio.cat\/rosasensat\/#\/schema\/person\/04093d1227f1b01952d6187a5be57900"},"headline":"Eleccions i educaci\u00f3","datePublished":"2015-05-19T04:00:24+00:00","dateModified":"2024-10-27T20:37:51+00:00","mainEntityOfPage":{"@id":"https:\/\/diarieducacio.cat\/rosasensat\/2015\/05\/19\/eleccions-i-educacio\/"},"wordCount":873,"commentCount":0,"image":{"@id":"https:\/\/diarieducacio.cat\/rosasensat\/2015\/05\/19\/eleccions-i-educacio\/#primaryimage"},"thumbnailUrl":"https:\/\/diarieducacio.cat\/rosasensat\/wp-content\/uploads\/sites\/21\/2024\/10\/municipals15_txt_1024.jpg","articleSection":["General"],"inLanguage":"ca","potentialAction":[{"@type":"CommentAction","name":"Comment","target":["https:\/\/diarieducacio.cat\/rosasensat\/2015\/05\/19\/eleccions-i-educacio\/#respond"]}]},{"@type":"WebPage","@id":"https:\/\/diarieducacio.cat\/rosasensat\/2015\/05\/19\/eleccions-i-educacio\/","url":"https:\/\/diarieducacio.cat\/rosasensat\/2015\/05\/19\/eleccions-i-educacio\/","name":"Eleccions i educaci\u00f3 - Blog de Rosa Sensat","isPartOf":{"@id":"https:\/\/diarieducacio.cat\/rosasensat\/#website"},"primaryImageOfPage":{"@id":"https:\/\/diarieducacio.cat\/rosasensat\/2015\/05\/19\/eleccions-i-educacio\/#primaryimage"},"image":{"@id":"https:\/\/diarieducacio.cat\/rosasensat\/2015\/05\/19\/eleccions-i-educacio\/#primaryimage"},"thumbnailUrl":"https:\/\/diarieducacio.cat\/rosasensat\/wp-content\/uploads\/sites\/21\/2024\/10\/municipals15_txt_1024.jpg","datePublished":"2015-05-19T04:00:24+00:00","dateModified":"2024-10-27T20:37:51+00:00","author":{"@id":"https:\/\/diarieducacio.cat\/rosasensat\/#\/schema\/person\/04093d1227f1b01952d6187a5be57900"},"breadcrumb":{"@id":"https:\/\/diarieducacio.cat\/rosasensat\/2015\/05\/19\/eleccions-i-educacio\/#breadcrumb"},"inLanguage":"ca","potentialAction":[{"@type":"ReadAction","target":["https:\/\/diarieducacio.cat\/rosasensat\/2015\/05\/19\/eleccions-i-educacio\/"]}]},{"@type":"ImageObject","inLanguage":"ca","@id":"https:\/\/diarieducacio.cat\/rosasensat\/2015\/05\/19\/eleccions-i-educacio\/#primaryimage","url":"https:\/\/diarieducacio.cat\/rosasensat\/wp-content\/uploads\/sites\/21\/2024\/10\/municipals15_txt_1024.jpg","contentUrl":"https:\/\/diarieducacio.cat\/rosasensat\/wp-content\/uploads\/sites\/21\/2024\/10\/municipals15_txt_1024.jpg","width":1024,"height":768},{"@type":"BreadcrumbList","@id":"https:\/\/diarieducacio.cat\/rosasensat\/2015\/05\/19\/eleccions-i-educacio\/#breadcrumb","itemListElement":[{"@type":"ListItem","position":1,"name":"Inici","item":"https:\/\/diarieducacio.cat\/rosasensat\/"},{"@type":"ListItem","position":2,"name":"Eleccions i educaci\u00f3"}]},{"@type":"WebSite","@id":"https:\/\/diarieducacio.cat\/rosasensat\/#website","url":"https:\/\/diarieducacio.cat\/rosasensat\/","name":"Blog de Rosa Sensat","description":"","potentialAction":[{"@type":"SearchAction","target":{"@type":"EntryPoint","urlTemplate":"https:\/\/diarieducacio.cat\/rosasensat\/?s={search_term_string}"},"query-input":{"@type":"PropertyValueSpecification","valueRequired":true,"valueName":"search_term_string"}}],"inLanguage":"ca"},{"@type":"Person","@id":"https:\/\/diarieducacio.cat\/rosasensat\/#\/schema\/person\/04093d1227f1b01952d6187a5be57900","name":"Redacci\u00f3","image":{"@type":"ImageObject","inLanguage":"ca","@id":"https:\/\/secure.gravatar.com\/avatar\/e952ad62e08be1daabaefebd12d26c1e5fbfd687693aaa066db2433a21638ad8?s=96&d=mm&r=g","url":"https:\/\/secure.gravatar.com\/avatar\/e952ad62e08be1daabaefebd12d26c1e5fbfd687693aaa066db2433a21638ad8?s=96&d=mm&r=g","contentUrl":"https:\/\/secure.gravatar.com\/avatar\/e952ad62e08be1daabaefebd12d26c1e5fbfd687693aaa066db2433a21638ad8?s=96&d=mm&r=g","caption":"Redacci\u00f3"},"url":"https:\/\/diarieducacio.cat\/rosasensat\/author\/npenin\/"}]}},"_links":{"self":[{"href":"https:\/\/diarieducacio.cat\/rosasensat\/wp-json\/wp\/v2\/posts\/3067","targetHints":{"allow":["GET"]}}],"collection":[{"href":"https:\/\/diarieducacio.cat\/rosasensat\/wp-json\/wp\/v2\/posts"}],"about":[{"href":"https:\/\/diarieducacio.cat\/rosasensat\/wp-json\/wp\/v2\/types\/post"}],"author":[{"embeddable":true,"href":"https:\/\/diarieducacio.cat\/rosasensat\/wp-json\/wp\/v2\/users\/1"}],"replies":[{"embeddable":true,"href":"https:\/\/diarieducacio.cat\/rosasensat\/wp-json\/wp\/v2\/comments?post=3067"}],"version-history":[{"count":1,"href":"https:\/\/diarieducacio.cat\/rosasensat\/wp-json\/wp\/v2\/posts\/3067\/revisions"}],"predecessor-version":[{"id":3068,"href":"https:\/\/diarieducacio.cat\/rosasensat\/wp-json\/wp\/v2\/posts\/3067\/revisions\/3068"}],"wp:featuredmedia":[{"embeddable":true,"href":"https:\/\/diarieducacio.cat\/rosasensat\/wp-json\/wp\/v2\/media\/3069"}],"wp:attachment":[{"href":"https:\/\/diarieducacio.cat\/rosasensat\/wp-json\/wp\/v2\/media?parent=3067"}],"wp:term":[{"taxonomy":"category","embeddable":true,"href":"https:\/\/diarieducacio.cat\/rosasensat\/wp-json\/wp\/v2\/categories?post=3067"},{"taxonomy":"post_tag","embeddable":true,"href":"https:\/\/diarieducacio.cat\/rosasensat\/wp-json\/wp\/v2\/tags?post=3067"},{"taxonomy":"tipo","embeddable":true,"href":"https:\/\/diarieducacio.cat\/rosasensat\/wp-json\/wp\/v2\/tipo?post=3067"}],"curies":[{"name":"wp","href":"https:\/\/api.w.org\/{rel}","templated":true}]}}