{"id":3075,"date":"2015-07-14T04:00:34","date_gmt":"2015-07-14T02:00:34","guid":{"rendered":"https:\/\/nostalgic-ishizaka.82-223-1-47.plesk.page\/rosasensat\/2015\/07\/14\/whatsapp-i-educacio\/"},"modified":"2024-10-27T21:37:54","modified_gmt":"2024-10-27T20:37:54","slug":"whatsapp-i-educacio","status":"publish","type":"post","link":"https:\/\/diarieducacio.cat\/rosasensat\/2015\/07\/14\/whatsapp-i-educacio\/","title":{"rendered":"WhatsApp i educaci\u00f3"},"content":{"rendered":"<p><a href=\"https:\/\/diarieducacio.cat\/rosasensat\/wp-content\/uploads\/sites\/9\/2015\/07\/whatsapp.jpg\"><img fetchpriority=\"high\" decoding=\"async\" class=\"alignnone  wp-image-419\" src=\"https:\/\/diarieducacio.cat\/rosasensat\/wp-content\/uploads\/sites\/9\/2015\/07\/whatsapp-300x208.jpg\" alt=\"whatsapp\" width=\"524\" height=\"363\" \/><\/a><\/p>\n<p>No descobrim res si diem que les noves tecnologies estan alterant el nostre comportament, ens obren possibilitats fins ara inexistents, modifiquen la nostra forma de comunicar-nos, de relacionar-nos, d\u2019aprendre, de treballar, d\u2019informar-nos o de divertir-nos.<\/p>\n<p>En els darrers temps s\u2019han popularitzat arreu els grups de whatsapps d\u2019alumnes o pares i mares de les escoles i instituts creats d\u2019una manera espont\u00e0nia per compartir informaci\u00f3 de manera r\u00e0pida i resoldre dubtes. Alguns centres educatius, per\u00f2, han observat amb preocupaci\u00f3 com aquests grups degeneraven en din\u00e0miques de safareig, de confusi\u00f3 o b\u00e9 magnificaven determinats problemes.<\/p>\n<p>Els progressos en l\u2019aprenentatge de les TIC en el nostre pa\u00eds han tingut sempre un tal\u00f3 d\u2019Aquil\u00b7les: El menyspreu per la bona educaci\u00f3 tecnol\u00f2gica, l\u2019abs\u00e8ncia d\u2019una \u00e8tica de les tecnologies de l\u2019educaci\u00f3 i comunicaci\u00f3 en el curr\u00edculum de l\u2019alumnat. Tot fa pensar que ara cal tamb\u00e9 fer extensiva aquesta formaci\u00f3 tecnol\u00f2gica als pares i mares, \u00e9s a dir, cal unes pautes clares sobre com utilitzar els grups de <em>whatsapp<\/em> per treure\u2019n profit i no generar problemes artificials.<\/p>\n<p>Aquesta modalitat de xarxa social que es basa en la immediatesa t\u00e9 una peculiaritat evident: Un cop premuda la fletxeta, els textos escrits o les emoticones, ja no tenen marxa enrere, ja s\u00f3n llegits per tots els integrants del grup. Aquesta falta de reflexi\u00f3 pr\u00e8via \u00e9s inherent al seu funcionament. El problema \u00e9s no ser conscients que una manera d\u2019actuar que es basa en comentaris a cop calent o en expressar criteris a vegades fr\u00edvols o poc meditats, pot fer cr\u00e9ixer rumors, inexactituds, calumnies o enormes mentides.<\/p>\n<p>Des de l\u2019educaci\u00f3 en comunicaci\u00f3 o des de l\u2019\u00e8tica de la comunicaci\u00f3 s\u2019aconsella que quan als nois i a les noies els arribi una informaci\u00f3 confusa o que assenyali l\u2019exist\u00e8ncia d\u2019un problema, el que resulta m\u00e9s l\u00f2gic i raonable \u00e9s parlar-ne en persona mai explicar-ho o fer judicis de valor a trav\u00e9s del m\u00f2bil.<\/p>\n<p>Afortunadament ja no fem aprendre de mem\u00f2ria els reis gots o perversions similars (aix\u00f2 espero), per\u00f2 \u00e9s indubtable que consumim molt temps a les nostres aules amb aprenentatges que poc tenen a veure amb el nostre segle, i en canvi, deixem de banda l\u2019alfabetitzaci\u00f3 medi\u00e0tica, l\u2019educaci\u00f3 en comunicaci\u00f3 o les bones pr\u00e0ctiques tecnol\u00f2giques. El mateix <em>whatsapp <\/em>s\u2019ha transformat en no pocs casos en un instrument de domini i control sexista entre els nostres adolescents.<\/p>\n<p>Les noves tecnologies ens han aportat beneficis impensables fa nom\u00e9s dues d\u00e8cades, per\u00f2 resulta depriment observar com acceptem els seus perjudicis, amb un conformisme i una submissi\u00f3, com si pens\u00e9ssim que \u00e9s el peatge que hem de pagar, com si fos una de les plagues d\u2019Egipte.<\/p>\n<p>Cal tractar i debatre en tots els \u00e0mbits educatius situacions en que tant joves com adults no es comuniquen cara a cara, on ens disfressem a internet per ser qui volem ser, on ser amic es comptabilitza en les xarxes socials. Nous h\u00e0bits on es substitueix la vida real per una de virtual.<\/p>\n<p>Si Barcelona \u00e9s seu del congr\u00e9s mundial dels m\u00f2bils, i cada any rebem milers i milers de visitants, i es generen tants milers de milions i estem tots tan cofois de tan b\u00e9 que s\u2019ho passen els congressistes, i de tanta tecnologia punta que es desplega a la ciutat, no estaria malament que tamb\u00e9 pogu\u00e9ssim innovar ni que fos una mica en establir unes relacions equilibrades, \u00e8tiques i cr\u00edtiques amb les tecnologies de la informaci\u00f3 i la comunicaci\u00f3.<\/p>\n","protected":false},"excerpt":{"rendered":"<p>Les noves tecnologies ens han aportat beneficis impensables fa nom\u00e9s dues d\u00e8cades, per\u00f2 resulta depriment observar com acceptem els seus perjudicis, amb un conformisme i una submissi\u00f3, com si pens\u00e9ssim que \u00e9s el peatge que hempagar, com si fos unales plagues d\u2019Egipte.<\/p>\n","protected":false},"author":1,"featured_media":0,"comment_status":"open","ping_status":"open","sticky":false,"template":"","format":"standard","meta":{"footnotes":""},"categories":[2],"tags":[],"tipo":[],"class_list":{"0":"post-3075","1":"post","2":"type-post","3":"status-publish","4":"format-standard","6":"category-general"},"yoast_head":"<!-- This site is optimized with the Yoast SEO plugin v27.5 - https:\/\/yoast.com\/product\/yoast-seo-wordpress\/ -->\n<title>WhatsApp i educaci\u00f3 - Blog de Rosa Sensat<\/title>\n<meta name=\"robots\" content=\"index, follow, max-snippet:-1, max-image-preview:large, max-video-preview:-1\" \/>\n<link rel=\"canonical\" href=\"https:\/\/diarieducacio.cat\/rosasensat\/2015\/07\/14\/whatsapp-i-educacio\/\" \/>\n<meta property=\"og:locale\" content=\"ca_ES\" \/>\n<meta property=\"og:type\" content=\"article\" \/>\n<meta property=\"og:title\" content=\"WhatsApp i educaci\u00f3 - Blog de Rosa Sensat\" \/>\n<meta property=\"og:description\" content=\"Les noves tecnologies ens han aportat beneficis impensables fa nom\u00e9s dues d\u00e8cades, per\u00f2 resulta depriment observar com acceptem els seus perjudicis, amb un conformisme i una submissi\u00f3, com si pens\u00e9ssim que \u00e9s el peatge que hempagar, com si fos unales plagues d\u2019Egipte.\" \/>\n<meta property=\"og:url\" content=\"https:\/\/diarieducacio.cat\/rosasensat\/2015\/07\/14\/whatsapp-i-educacio\/\" \/>\n<meta property=\"og:site_name\" content=\"Blog de Rosa Sensat\" \/>\n<meta property=\"article:published_time\" content=\"2015-07-14T02:00:34+00:00\" \/>\n<meta property=\"article:modified_time\" content=\"2024-10-27T20:37:54+00:00\" \/>\n<meta name=\"author\" content=\"Redacci\u00f3\" \/>\n<meta name=\"twitter:card\" content=\"summary_large_image\" \/>\n<meta name=\"twitter:label1\" content=\"Escrit per\" \/>\n\t<meta name=\"twitter:data1\" content=\"Redacci\u00f3\" \/>\n\t<meta name=\"twitter:label2\" content=\"Temps estimat de lectura\" \/>\n\t<meta name=\"twitter:data2\" content=\"3 minuts\" \/>\n<script type=\"application\/ld+json\" class=\"yoast-schema-graph\">{\"@context\":\"https:\\\/\\\/schema.org\",\"@graph\":[{\"@type\":\"Article\",\"@id\":\"https:\\\/\\\/diarieducacio.cat\\\/rosasensat\\\/2015\\\/07\\\/14\\\/whatsapp-i-educacio\\\/#article\",\"isPartOf\":{\"@id\":\"https:\\\/\\\/diarieducacio.cat\\\/rosasensat\\\/2015\\\/07\\\/14\\\/whatsapp-i-educacio\\\/\"},\"author\":{\"name\":\"Redacci\u00f3\",\"@id\":\"https:\\\/\\\/diarieducacio.cat\\\/rosasensat\\\/#\\\/schema\\\/person\\\/04093d1227f1b01952d6187a5be57900\"},\"headline\":\"WhatsApp i educaci\u00f3\",\"datePublished\":\"2015-07-14T02:00:34+00:00\",\"dateModified\":\"2024-10-27T20:37:54+00:00\",\"mainEntityOfPage\":{\"@id\":\"https:\\\/\\\/diarieducacio.cat\\\/rosasensat\\\/2015\\\/07\\\/14\\\/whatsapp-i-educacio\\\/\"},\"wordCount\":617,\"commentCount\":0,\"image\":{\"@id\":\"https:\\\/\\\/diarieducacio.cat\\\/rosasensat\\\/2015\\\/07\\\/14\\\/whatsapp-i-educacio\\\/#primaryimage\"},\"thumbnailUrl\":\"https:\\\/\\\/diarieducacio.cat\\\/rosasensat\\\/wp-content\\\/uploads\\\/sites\\\/9\\\/2015\\\/07\\\/whatsapp-300x208.jpg\",\"articleSection\":[\"General\"],\"inLanguage\":\"ca\",\"potentialAction\":[{\"@type\":\"CommentAction\",\"name\":\"Comment\",\"target\":[\"https:\\\/\\\/diarieducacio.cat\\\/rosasensat\\\/2015\\\/07\\\/14\\\/whatsapp-i-educacio\\\/#respond\"]}]},{\"@type\":\"WebPage\",\"@id\":\"https:\\\/\\\/diarieducacio.cat\\\/rosasensat\\\/2015\\\/07\\\/14\\\/whatsapp-i-educacio\\\/\",\"url\":\"https:\\\/\\\/diarieducacio.cat\\\/rosasensat\\\/2015\\\/07\\\/14\\\/whatsapp-i-educacio\\\/\",\"name\":\"WhatsApp i educaci\u00f3 - Blog de Rosa Sensat\",\"isPartOf\":{\"@id\":\"https:\\\/\\\/diarieducacio.cat\\\/rosasensat\\\/#website\"},\"primaryImageOfPage\":{\"@id\":\"https:\\\/\\\/diarieducacio.cat\\\/rosasensat\\\/2015\\\/07\\\/14\\\/whatsapp-i-educacio\\\/#primaryimage\"},\"image\":{\"@id\":\"https:\\\/\\\/diarieducacio.cat\\\/rosasensat\\\/2015\\\/07\\\/14\\\/whatsapp-i-educacio\\\/#primaryimage\"},\"thumbnailUrl\":\"https:\\\/\\\/diarieducacio.cat\\\/rosasensat\\\/wp-content\\\/uploads\\\/sites\\\/9\\\/2015\\\/07\\\/whatsapp-300x208.jpg\",\"datePublished\":\"2015-07-14T02:00:34+00:00\",\"dateModified\":\"2024-10-27T20:37:54+00:00\",\"author\":{\"@id\":\"https:\\\/\\\/diarieducacio.cat\\\/rosasensat\\\/#\\\/schema\\\/person\\\/04093d1227f1b01952d6187a5be57900\"},\"breadcrumb\":{\"@id\":\"https:\\\/\\\/diarieducacio.cat\\\/rosasensat\\\/2015\\\/07\\\/14\\\/whatsapp-i-educacio\\\/#breadcrumb\"},\"inLanguage\":\"ca\",\"potentialAction\":[{\"@type\":\"ReadAction\",\"target\":[\"https:\\\/\\\/diarieducacio.cat\\\/rosasensat\\\/2015\\\/07\\\/14\\\/whatsapp-i-educacio\\\/\"]}]},{\"@type\":\"ImageObject\",\"inLanguage\":\"ca\",\"@id\":\"https:\\\/\\\/diarieducacio.cat\\\/rosasensat\\\/2015\\\/07\\\/14\\\/whatsapp-i-educacio\\\/#primaryimage\",\"url\":\"\",\"contentUrl\":\"\"},{\"@type\":\"BreadcrumbList\",\"@id\":\"https:\\\/\\\/diarieducacio.cat\\\/rosasensat\\\/2015\\\/07\\\/14\\\/whatsapp-i-educacio\\\/#breadcrumb\",\"itemListElement\":[{\"@type\":\"ListItem\",\"position\":1,\"name\":\"Inici\",\"item\":\"https:\\\/\\\/diarieducacio.cat\\\/rosasensat\\\/\"},{\"@type\":\"ListItem\",\"position\":2,\"name\":\"WhatsApp i educaci\u00f3\"}]},{\"@type\":\"WebSite\",\"@id\":\"https:\\\/\\\/diarieducacio.cat\\\/rosasensat\\\/#website\",\"url\":\"https:\\\/\\\/diarieducacio.cat\\\/rosasensat\\\/\",\"name\":\"Blog de Rosa Sensat\",\"description\":\"\",\"potentialAction\":[{\"@type\":\"SearchAction\",\"target\":{\"@type\":\"EntryPoint\",\"urlTemplate\":\"https:\\\/\\\/diarieducacio.cat\\\/rosasensat\\\/?s={search_term_string}\"},\"query-input\":{\"@type\":\"PropertyValueSpecification\",\"valueRequired\":true,\"valueName\":\"search_term_string\"}}],\"inLanguage\":\"ca\"},{\"@type\":\"Person\",\"@id\":\"https:\\\/\\\/diarieducacio.cat\\\/rosasensat\\\/#\\\/schema\\\/person\\\/04093d1227f1b01952d6187a5be57900\",\"name\":\"Redacci\u00f3\",\"image\":{\"@type\":\"ImageObject\",\"inLanguage\":\"ca\",\"@id\":\"https:\\\/\\\/secure.gravatar.com\\\/avatar\\\/e952ad62e08be1daabaefebd12d26c1e5fbfd687693aaa066db2433a21638ad8?s=96&d=mm&r=g\",\"url\":\"https:\\\/\\\/secure.gravatar.com\\\/avatar\\\/e952ad62e08be1daabaefebd12d26c1e5fbfd687693aaa066db2433a21638ad8?s=96&d=mm&r=g\",\"contentUrl\":\"https:\\\/\\\/secure.gravatar.com\\\/avatar\\\/e952ad62e08be1daabaefebd12d26c1e5fbfd687693aaa066db2433a21638ad8?s=96&d=mm&r=g\",\"caption\":\"Redacci\u00f3\"},\"url\":\"https:\\\/\\\/diarieducacio.cat\\\/rosasensat\\\/author\\\/npenin\\\/\"}]}<\/script>\n<!-- \/ Yoast SEO plugin. -->","yoast_head_json":{"title":"WhatsApp i educaci\u00f3 - Blog de Rosa Sensat","robots":{"index":"index","follow":"follow","max-snippet":"max-snippet:-1","max-image-preview":"max-image-preview:large","max-video-preview":"max-video-preview:-1"},"canonical":"https:\/\/diarieducacio.cat\/rosasensat\/2015\/07\/14\/whatsapp-i-educacio\/","og_locale":"ca_ES","og_type":"article","og_title":"WhatsApp i educaci\u00f3 - Blog de Rosa Sensat","og_description":"Les noves tecnologies ens han aportat beneficis impensables fa nom\u00e9s dues d\u00e8cades, per\u00f2 resulta depriment observar com acceptem els seus perjudicis, amb un conformisme i una submissi\u00f3, com si pens\u00e9ssim que \u00e9s el peatge que hempagar, com si fos unales plagues d\u2019Egipte.","og_url":"https:\/\/diarieducacio.cat\/rosasensat\/2015\/07\/14\/whatsapp-i-educacio\/","og_site_name":"Blog de Rosa Sensat","article_published_time":"2015-07-14T02:00:34+00:00","article_modified_time":"2024-10-27T20:37:54+00:00","author":"Redacci\u00f3","twitter_card":"summary_large_image","twitter_misc":{"Escrit per":"Redacci\u00f3","Temps estimat de lectura":"3 minuts"},"schema":{"@context":"https:\/\/schema.org","@graph":[{"@type":"Article","@id":"https:\/\/diarieducacio.cat\/rosasensat\/2015\/07\/14\/whatsapp-i-educacio\/#article","isPartOf":{"@id":"https:\/\/diarieducacio.cat\/rosasensat\/2015\/07\/14\/whatsapp-i-educacio\/"},"author":{"name":"Redacci\u00f3","@id":"https:\/\/diarieducacio.cat\/rosasensat\/#\/schema\/person\/04093d1227f1b01952d6187a5be57900"},"headline":"WhatsApp i educaci\u00f3","datePublished":"2015-07-14T02:00:34+00:00","dateModified":"2024-10-27T20:37:54+00:00","mainEntityOfPage":{"@id":"https:\/\/diarieducacio.cat\/rosasensat\/2015\/07\/14\/whatsapp-i-educacio\/"},"wordCount":617,"commentCount":0,"image":{"@id":"https:\/\/diarieducacio.cat\/rosasensat\/2015\/07\/14\/whatsapp-i-educacio\/#primaryimage"},"thumbnailUrl":"https:\/\/diarieducacio.cat\/rosasensat\/wp-content\/uploads\/sites\/9\/2015\/07\/whatsapp-300x208.jpg","articleSection":["General"],"inLanguage":"ca","potentialAction":[{"@type":"CommentAction","name":"Comment","target":["https:\/\/diarieducacio.cat\/rosasensat\/2015\/07\/14\/whatsapp-i-educacio\/#respond"]}]},{"@type":"WebPage","@id":"https:\/\/diarieducacio.cat\/rosasensat\/2015\/07\/14\/whatsapp-i-educacio\/","url":"https:\/\/diarieducacio.cat\/rosasensat\/2015\/07\/14\/whatsapp-i-educacio\/","name":"WhatsApp i educaci\u00f3 - Blog de Rosa Sensat","isPartOf":{"@id":"https:\/\/diarieducacio.cat\/rosasensat\/#website"},"primaryImageOfPage":{"@id":"https:\/\/diarieducacio.cat\/rosasensat\/2015\/07\/14\/whatsapp-i-educacio\/#primaryimage"},"image":{"@id":"https:\/\/diarieducacio.cat\/rosasensat\/2015\/07\/14\/whatsapp-i-educacio\/#primaryimage"},"thumbnailUrl":"https:\/\/diarieducacio.cat\/rosasensat\/wp-content\/uploads\/sites\/9\/2015\/07\/whatsapp-300x208.jpg","datePublished":"2015-07-14T02:00:34+00:00","dateModified":"2024-10-27T20:37:54+00:00","author":{"@id":"https:\/\/diarieducacio.cat\/rosasensat\/#\/schema\/person\/04093d1227f1b01952d6187a5be57900"},"breadcrumb":{"@id":"https:\/\/diarieducacio.cat\/rosasensat\/2015\/07\/14\/whatsapp-i-educacio\/#breadcrumb"},"inLanguage":"ca","potentialAction":[{"@type":"ReadAction","target":["https:\/\/diarieducacio.cat\/rosasensat\/2015\/07\/14\/whatsapp-i-educacio\/"]}]},{"@type":"ImageObject","inLanguage":"ca","@id":"https:\/\/diarieducacio.cat\/rosasensat\/2015\/07\/14\/whatsapp-i-educacio\/#primaryimage","url":"","contentUrl":""},{"@type":"BreadcrumbList","@id":"https:\/\/diarieducacio.cat\/rosasensat\/2015\/07\/14\/whatsapp-i-educacio\/#breadcrumb","itemListElement":[{"@type":"ListItem","position":1,"name":"Inici","item":"https:\/\/diarieducacio.cat\/rosasensat\/"},{"@type":"ListItem","position":2,"name":"WhatsApp i educaci\u00f3"}]},{"@type":"WebSite","@id":"https:\/\/diarieducacio.cat\/rosasensat\/#website","url":"https:\/\/diarieducacio.cat\/rosasensat\/","name":"Blog de Rosa Sensat","description":"","potentialAction":[{"@type":"SearchAction","target":{"@type":"EntryPoint","urlTemplate":"https:\/\/diarieducacio.cat\/rosasensat\/?s={search_term_string}"},"query-input":{"@type":"PropertyValueSpecification","valueRequired":true,"valueName":"search_term_string"}}],"inLanguage":"ca"},{"@type":"Person","@id":"https:\/\/diarieducacio.cat\/rosasensat\/#\/schema\/person\/04093d1227f1b01952d6187a5be57900","name":"Redacci\u00f3","image":{"@type":"ImageObject","inLanguage":"ca","@id":"https:\/\/secure.gravatar.com\/avatar\/e952ad62e08be1daabaefebd12d26c1e5fbfd687693aaa066db2433a21638ad8?s=96&d=mm&r=g","url":"https:\/\/secure.gravatar.com\/avatar\/e952ad62e08be1daabaefebd12d26c1e5fbfd687693aaa066db2433a21638ad8?s=96&d=mm&r=g","contentUrl":"https:\/\/secure.gravatar.com\/avatar\/e952ad62e08be1daabaefebd12d26c1e5fbfd687693aaa066db2433a21638ad8?s=96&d=mm&r=g","caption":"Redacci\u00f3"},"url":"https:\/\/diarieducacio.cat\/rosasensat\/author\/npenin\/"}]}},"_links":{"self":[{"href":"https:\/\/diarieducacio.cat\/rosasensat\/wp-json\/wp\/v2\/posts\/3075","targetHints":{"allow":["GET"]}}],"collection":[{"href":"https:\/\/diarieducacio.cat\/rosasensat\/wp-json\/wp\/v2\/posts"}],"about":[{"href":"https:\/\/diarieducacio.cat\/rosasensat\/wp-json\/wp\/v2\/types\/post"}],"author":[{"embeddable":true,"href":"https:\/\/diarieducacio.cat\/rosasensat\/wp-json\/wp\/v2\/users\/1"}],"replies":[{"embeddable":true,"href":"https:\/\/diarieducacio.cat\/rosasensat\/wp-json\/wp\/v2\/comments?post=3075"}],"version-history":[{"count":1,"href":"https:\/\/diarieducacio.cat\/rosasensat\/wp-json\/wp\/v2\/posts\/3075\/revisions"}],"predecessor-version":[{"id":3076,"href":"https:\/\/diarieducacio.cat\/rosasensat\/wp-json\/wp\/v2\/posts\/3075\/revisions\/3076"}],"wp:attachment":[{"href":"https:\/\/diarieducacio.cat\/rosasensat\/wp-json\/wp\/v2\/media?parent=3075"}],"wp:term":[{"taxonomy":"category","embeddable":true,"href":"https:\/\/diarieducacio.cat\/rosasensat\/wp-json\/wp\/v2\/categories?post=3075"},{"taxonomy":"post_tag","embeddable":true,"href":"https:\/\/diarieducacio.cat\/rosasensat\/wp-json\/wp\/v2\/tags?post=3075"},{"taxonomy":"tipo","embeddable":true,"href":"https:\/\/diarieducacio.cat\/rosasensat\/wp-json\/wp\/v2\/tipo?post=3075"}],"curies":[{"name":"wp","href":"https:\/\/api.w.org\/{rel}","templated":true}]}}