{"id":3083,"date":"2015-11-11T06:00:00","date_gmt":"2015-11-11T05:00:00","guid":{"rendered":"https:\/\/nostalgic-ishizaka.82-223-1-47.plesk.page\/rosasensat\/2015\/11\/11\/leducacio-abans-que\/"},"modified":"2024-10-27T21:38:02","modified_gmt":"2024-10-27T20:38:02","slug":"leducacio-abans-que","status":"publish","type":"post","link":"https:\/\/diarieducacio.cat\/rosasensat\/2015\/11\/11\/leducacio-abans-que\/","title":{"rendered":"\u00abL\u2019educaci\u00f3 abans que\u2026\u00bb"},"content":{"rendered":"<p><strong><span style=\"text-decoration: underline;\"><a href=\"https:\/\/diarieducacio.cat\/rosasensat\/wp-content\/uploads\/sites\/9\/2015\/11\/fer-bugada-13.jpg\"><img fetchpriority=\"high\" decoding=\"async\" class=\"aligncenter size-full wp-image-460\" src=\"https:\/\/diarieducacio.cat\/rosasensat\/wp-content\/uploads\/sites\/9\/2015\/11\/fer-bugada-13.jpg\" alt=\"fer bugada (13)\" width=\"640\" height=\"480\" \/><\/a><\/span><\/strong><\/p>\n<p>Possiblement ser\u00e0 una de les frases que escoltarem m\u00e9s aquests dies de campanyes electorals. Encara que els pol\u00edtics ho embelleixin parlant de \u00abprioritat\u00bb, \u00abprimer que\u2026\u00bb i altres, la realitat \u00e9s que despr\u00e9s tot queda relegat a l\u2019ensenyament, als continguts, als canvis de llei\u2026 I l\u2019educaci\u00f3, com a proc\u00e9s vital i enriquiment d\u2019experi\u00e8ncies, \u00e9s tan escassa que nom\u00e9s es t\u00e9 en compte en alguns articles de la llei que en poques ocasions es desenvolupen.<\/p>\n<p>Avui, que gaireb\u00e9 tot ho podem saber i con\u00e8ixer pitjant una tecla de l\u2019ordinador, del tel\u00e8fon\u2026, ens entestem a tenir una escola de memoritzaci\u00f3, de repetici\u00f3, de deures i ex\u00e0mens, amb uns continguts dividits i atomitzats resultat de la ci\u00e8ncia dels adults i que no tenen res a veure amb l\u2019experi\u00e8ncia de l\u2019infant.<\/p>\n<p>Segurament haur\u00edem de con\u00e8ixer m\u00e9s el pensament de pedagogs cl\u00e0ssics, com John Dewey (1859-1952), que resumeix la seva proposta pedag\u00f2gica en: \u00abEls nens, els joves, i tamb\u00e9 els adults aprenem mitjan\u00e7ant una acci\u00f3 que la pensem i\/o la dialoguem amb els altres, i en traiem conseq\u00fc\u00e8ncies\u00bb. Per ell la base de l\u2019aprenentatge \u00e9s \u00abl\u2019experi\u00e8ncia reflexiva\u00bb, l\u2019experi\u00e8ncia com a assaig, que suposa canvi i aprenentatge si est\u00e0 conscientment connectada amb les conseq\u00fc\u00e8ncies que ens aporta.<\/p>\n<p>El concepte d\u2019inter\u00e8s, el projecte, \u00e9s fonamental en la teoria educativa de Dewey. Estimular la curiositat de l\u2019infant, proporcionar un entorn que estimuli respostes, que faci descobrir objectes i activitats que li interessin, s\u00f3n camins per obtenir el comprom\u00eds i la responsabilitat a aprendre dels infants i joves.<\/p>\n<p>Els centres educatius haurien de representar molt m\u00e9s la vida real, l\u2019actualitat de la societat, i plantejar treballs i projectes vius que reflecteixin la complexitat de la realitat.<\/p>\n<p>De ben segur que per fer real \u00abL\u2019educaci\u00f3 abans que\u2026\u00bb ens manca un gran debat i consens de concepte i un est\u00edmul de l\u2019educaci\u00f3 per a la societat del coneixement i de la tecnologia, i experi\u00e8ncies diverses per portar-les a bon port. Com ens deia Marta Mata, \u00abno \u00e9s la ci\u00e8ncia, o el mestre, el centre de l\u2019educaci\u00f3 i de l\u2019escola, sin\u00f3 l\u2019infant, al voltant del qual giren l\u2019activitat i el contingut de l\u2019educaci\u00f3\u00bb.<\/p>\n","protected":false},"excerpt":{"rendered":"<p>Els centres educatius haurien de representar molt m\u00e9s la vida real, l\u2019actualitat de la societat, i plantejar treballs i projectes vius que reflecteixin la complexitat de la realitat.<\/p>\n","protected":false},"author":1770,"featured_media":0,"comment_status":"open","ping_status":"open","sticky":false,"template":"","format":"standard","meta":{"footnotes":""},"categories":[2],"tags":[],"tipo":[],"class_list":{"0":"post-3083","1":"post","2":"type-post","3":"status-publish","4":"format-standard","6":"category-general"},"yoast_head":"<!-- This site is optimized with the Yoast SEO plugin v27.4 - https:\/\/yoast.com\/product\/yoast-seo-wordpress\/ -->\n<title>\u00abL\u2019educaci\u00f3 abans que\u2026\u00bb - Blog de Rosa Sensat<\/title>\n<meta name=\"robots\" content=\"index, follow, max-snippet:-1, max-image-preview:large, max-video-preview:-1\" \/>\n<link rel=\"canonical\" href=\"https:\/\/diarieducacio.cat\/rosasensat\/2015\/11\/11\/leducacio-abans-que\/\" \/>\n<meta property=\"og:locale\" content=\"ca_ES\" \/>\n<meta property=\"og:type\" content=\"article\" \/>\n<meta property=\"og:title\" content=\"\u00abL\u2019educaci\u00f3 abans que\u2026\u00bb - Blog de Rosa Sensat\" \/>\n<meta property=\"og:description\" content=\"Els centres educatius haurien de representar molt m\u00e9s la vida real, l\u2019actualitat de la societat, i plantejar treballs i projectes vius que reflecteixin la complexitat de la realitat.\" \/>\n<meta property=\"og:url\" content=\"https:\/\/diarieducacio.cat\/rosasensat\/2015\/11\/11\/leducacio-abans-que\/\" \/>\n<meta property=\"og:site_name\" content=\"Blog de Rosa Sensat\" \/>\n<meta property=\"article:published_time\" content=\"2015-11-11T05:00:00+00:00\" \/>\n<meta property=\"article:modified_time\" content=\"2024-10-27T20:38:02+00:00\" \/>\n<meta name=\"author\" content=\"Eduardo Azumendi\" \/>\n<meta name=\"twitter:card\" content=\"summary_large_image\" \/>\n<meta name=\"twitter:label1\" content=\"Escrit per\" \/>\n\t<meta name=\"twitter:data1\" content=\"Eduardo Azumendi\" \/>\n\t<meta name=\"twitter:label2\" content=\"Temps estimat de lectura\" \/>\n\t<meta name=\"twitter:data2\" content=\"2 minuts\" \/>\n<script type=\"application\/ld+json\" class=\"yoast-schema-graph\">{\"@context\":\"https:\\\/\\\/schema.org\",\"@graph\":[{\"@type\":\"Article\",\"@id\":\"https:\\\/\\\/diarieducacio.cat\\\/rosasensat\\\/2015\\\/11\\\/11\\\/leducacio-abans-que\\\/#article\",\"isPartOf\":{\"@id\":\"https:\\\/\\\/diarieducacio.cat\\\/rosasensat\\\/2015\\\/11\\\/11\\\/leducacio-abans-que\\\/\"},\"author\":{\"name\":\"Eduardo Azumendi\",\"@id\":\"https:\\\/\\\/diarieducacio.cat\\\/rosasensat\\\/#\\\/schema\\\/person\\\/05570bf853994e6d33f8e29c53e66dba\"},\"headline\":\"\u00abL\u2019educaci\u00f3 abans que\u2026\u00bb\",\"datePublished\":\"2015-11-11T05:00:00+00:00\",\"dateModified\":\"2024-10-27T20:38:02+00:00\",\"mainEntityOfPage\":{\"@id\":\"https:\\\/\\\/diarieducacio.cat\\\/rosasensat\\\/2015\\\/11\\\/11\\\/leducacio-abans-que\\\/\"},\"wordCount\":402,\"commentCount\":0,\"image\":{\"@id\":\"https:\\\/\\\/diarieducacio.cat\\\/rosasensat\\\/2015\\\/11\\\/11\\\/leducacio-abans-que\\\/#primaryimage\"},\"thumbnailUrl\":\"https:\\\/\\\/diarieducacio.cat\\\/rosasensat\\\/wp-content\\\/uploads\\\/sites\\\/9\\\/2015\\\/11\\\/fer-bugada-13.jpg\",\"articleSection\":[\"General\"],\"inLanguage\":\"ca\",\"potentialAction\":[{\"@type\":\"CommentAction\",\"name\":\"Comment\",\"target\":[\"https:\\\/\\\/diarieducacio.cat\\\/rosasensat\\\/2015\\\/11\\\/11\\\/leducacio-abans-que\\\/#respond\"]}]},{\"@type\":\"WebPage\",\"@id\":\"https:\\\/\\\/diarieducacio.cat\\\/rosasensat\\\/2015\\\/11\\\/11\\\/leducacio-abans-que\\\/\",\"url\":\"https:\\\/\\\/diarieducacio.cat\\\/rosasensat\\\/2015\\\/11\\\/11\\\/leducacio-abans-que\\\/\",\"name\":\"\u00abL\u2019educaci\u00f3 abans que\u2026\u00bb - Blog de Rosa Sensat\",\"isPartOf\":{\"@id\":\"https:\\\/\\\/diarieducacio.cat\\\/rosasensat\\\/#website\"},\"primaryImageOfPage\":{\"@id\":\"https:\\\/\\\/diarieducacio.cat\\\/rosasensat\\\/2015\\\/11\\\/11\\\/leducacio-abans-que\\\/#primaryimage\"},\"image\":{\"@id\":\"https:\\\/\\\/diarieducacio.cat\\\/rosasensat\\\/2015\\\/11\\\/11\\\/leducacio-abans-que\\\/#primaryimage\"},\"thumbnailUrl\":\"https:\\\/\\\/diarieducacio.cat\\\/rosasensat\\\/wp-content\\\/uploads\\\/sites\\\/9\\\/2015\\\/11\\\/fer-bugada-13.jpg\",\"datePublished\":\"2015-11-11T05:00:00+00:00\",\"dateModified\":\"2024-10-27T20:38:02+00:00\",\"author\":{\"@id\":\"https:\\\/\\\/diarieducacio.cat\\\/rosasensat\\\/#\\\/schema\\\/person\\\/05570bf853994e6d33f8e29c53e66dba\"},\"breadcrumb\":{\"@id\":\"https:\\\/\\\/diarieducacio.cat\\\/rosasensat\\\/2015\\\/11\\\/11\\\/leducacio-abans-que\\\/#breadcrumb\"},\"inLanguage\":\"ca\",\"potentialAction\":[{\"@type\":\"ReadAction\",\"target\":[\"https:\\\/\\\/diarieducacio.cat\\\/rosasensat\\\/2015\\\/11\\\/11\\\/leducacio-abans-que\\\/\"]}]},{\"@type\":\"ImageObject\",\"inLanguage\":\"ca\",\"@id\":\"https:\\\/\\\/diarieducacio.cat\\\/rosasensat\\\/2015\\\/11\\\/11\\\/leducacio-abans-que\\\/#primaryimage\",\"url\":\"https:\\\/\\\/diarieducacio.cat\\\/rosasensat\\\/wp-content\\\/uploads\\\/sites\\\/9\\\/2015\\\/11\\\/fer-bugada-13.jpg\",\"contentUrl\":\"https:\\\/\\\/diarieducacio.cat\\\/rosasensat\\\/wp-content\\\/uploads\\\/sites\\\/9\\\/2015\\\/11\\\/fer-bugada-13.jpg\"},{\"@type\":\"BreadcrumbList\",\"@id\":\"https:\\\/\\\/diarieducacio.cat\\\/rosasensat\\\/2015\\\/11\\\/11\\\/leducacio-abans-que\\\/#breadcrumb\",\"itemListElement\":[{\"@type\":\"ListItem\",\"position\":1,\"name\":\"Inici\",\"item\":\"https:\\\/\\\/diarieducacio.cat\\\/rosasensat\\\/\"},{\"@type\":\"ListItem\",\"position\":2,\"name\":\"\u00abL\u2019educaci\u00f3 abans que\u2026\u00bb\"}]},{\"@type\":\"WebSite\",\"@id\":\"https:\\\/\\\/diarieducacio.cat\\\/rosasensat\\\/#website\",\"url\":\"https:\\\/\\\/diarieducacio.cat\\\/rosasensat\\\/\",\"name\":\"Blog de Rosa Sensat\",\"description\":\"\",\"potentialAction\":[{\"@type\":\"SearchAction\",\"target\":{\"@type\":\"EntryPoint\",\"urlTemplate\":\"https:\\\/\\\/diarieducacio.cat\\\/rosasensat\\\/?s={search_term_string}\"},\"query-input\":{\"@type\":\"PropertyValueSpecification\",\"valueRequired\":true,\"valueName\":\"search_term_string\"}}],\"inLanguage\":\"ca\"},{\"@type\":\"Person\",\"@id\":\"https:\\\/\\\/diarieducacio.cat\\\/rosasensat\\\/#\\\/schema\\\/person\\\/05570bf853994e6d33f8e29c53e66dba\",\"name\":\"Eduardo Azumendi\",\"image\":{\"@type\":\"ImageObject\",\"inLanguage\":\"ca\",\"@id\":\"https:\\\/\\\/secure.gravatar.com\\\/avatar\\\/21f971d84ee20d86ce555d92c7938c65391f696566e46595bcf73be05dc52de5?s=96&d=mm&r=g\",\"url\":\"https:\\\/\\\/secure.gravatar.com\\\/avatar\\\/21f971d84ee20d86ce555d92c7938c65391f696566e46595bcf73be05dc52de5?s=96&d=mm&r=g\",\"contentUrl\":\"https:\\\/\\\/secure.gravatar.com\\\/avatar\\\/21f971d84ee20d86ce555d92c7938c65391f696566e46595bcf73be05dc52de5?s=96&d=mm&r=g\",\"caption\":\"Eduardo Azumendi\"},\"url\":\"https:\\\/\\\/diarieducacio.cat\\\/rosasensat\\\/author\\\/eazumendi\\\/\"}]}<\/script>\n<!-- \/ Yoast SEO plugin. -->","yoast_head_json":{"title":"\u00abL\u2019educaci\u00f3 abans que\u2026\u00bb - Blog de Rosa Sensat","robots":{"index":"index","follow":"follow","max-snippet":"max-snippet:-1","max-image-preview":"max-image-preview:large","max-video-preview":"max-video-preview:-1"},"canonical":"https:\/\/diarieducacio.cat\/rosasensat\/2015\/11\/11\/leducacio-abans-que\/","og_locale":"ca_ES","og_type":"article","og_title":"\u00abL\u2019educaci\u00f3 abans que\u2026\u00bb - Blog de Rosa Sensat","og_description":"Els centres educatius haurien de representar molt m\u00e9s la vida real, l\u2019actualitat de la societat, i plantejar treballs i projectes vius que reflecteixin la complexitat de la realitat.","og_url":"https:\/\/diarieducacio.cat\/rosasensat\/2015\/11\/11\/leducacio-abans-que\/","og_site_name":"Blog de Rosa Sensat","article_published_time":"2015-11-11T05:00:00+00:00","article_modified_time":"2024-10-27T20:38:02+00:00","author":"Eduardo Azumendi","twitter_card":"summary_large_image","twitter_misc":{"Escrit per":"Eduardo Azumendi","Temps estimat de lectura":"2 minuts"},"schema":{"@context":"https:\/\/schema.org","@graph":[{"@type":"Article","@id":"https:\/\/diarieducacio.cat\/rosasensat\/2015\/11\/11\/leducacio-abans-que\/#article","isPartOf":{"@id":"https:\/\/diarieducacio.cat\/rosasensat\/2015\/11\/11\/leducacio-abans-que\/"},"author":{"name":"Eduardo Azumendi","@id":"https:\/\/diarieducacio.cat\/rosasensat\/#\/schema\/person\/05570bf853994e6d33f8e29c53e66dba"},"headline":"\u00abL\u2019educaci\u00f3 abans que\u2026\u00bb","datePublished":"2015-11-11T05:00:00+00:00","dateModified":"2024-10-27T20:38:02+00:00","mainEntityOfPage":{"@id":"https:\/\/diarieducacio.cat\/rosasensat\/2015\/11\/11\/leducacio-abans-que\/"},"wordCount":402,"commentCount":0,"image":{"@id":"https:\/\/diarieducacio.cat\/rosasensat\/2015\/11\/11\/leducacio-abans-que\/#primaryimage"},"thumbnailUrl":"https:\/\/diarieducacio.cat\/rosasensat\/wp-content\/uploads\/sites\/9\/2015\/11\/fer-bugada-13.jpg","articleSection":["General"],"inLanguage":"ca","potentialAction":[{"@type":"CommentAction","name":"Comment","target":["https:\/\/diarieducacio.cat\/rosasensat\/2015\/11\/11\/leducacio-abans-que\/#respond"]}]},{"@type":"WebPage","@id":"https:\/\/diarieducacio.cat\/rosasensat\/2015\/11\/11\/leducacio-abans-que\/","url":"https:\/\/diarieducacio.cat\/rosasensat\/2015\/11\/11\/leducacio-abans-que\/","name":"\u00abL\u2019educaci\u00f3 abans que\u2026\u00bb - Blog de Rosa Sensat","isPartOf":{"@id":"https:\/\/diarieducacio.cat\/rosasensat\/#website"},"primaryImageOfPage":{"@id":"https:\/\/diarieducacio.cat\/rosasensat\/2015\/11\/11\/leducacio-abans-que\/#primaryimage"},"image":{"@id":"https:\/\/diarieducacio.cat\/rosasensat\/2015\/11\/11\/leducacio-abans-que\/#primaryimage"},"thumbnailUrl":"https:\/\/diarieducacio.cat\/rosasensat\/wp-content\/uploads\/sites\/9\/2015\/11\/fer-bugada-13.jpg","datePublished":"2015-11-11T05:00:00+00:00","dateModified":"2024-10-27T20:38:02+00:00","author":{"@id":"https:\/\/diarieducacio.cat\/rosasensat\/#\/schema\/person\/05570bf853994e6d33f8e29c53e66dba"},"breadcrumb":{"@id":"https:\/\/diarieducacio.cat\/rosasensat\/2015\/11\/11\/leducacio-abans-que\/#breadcrumb"},"inLanguage":"ca","potentialAction":[{"@type":"ReadAction","target":["https:\/\/diarieducacio.cat\/rosasensat\/2015\/11\/11\/leducacio-abans-que\/"]}]},{"@type":"ImageObject","inLanguage":"ca","@id":"https:\/\/diarieducacio.cat\/rosasensat\/2015\/11\/11\/leducacio-abans-que\/#primaryimage","url":"https:\/\/diarieducacio.cat\/rosasensat\/wp-content\/uploads\/sites\/9\/2015\/11\/fer-bugada-13.jpg","contentUrl":"https:\/\/diarieducacio.cat\/rosasensat\/wp-content\/uploads\/sites\/9\/2015\/11\/fer-bugada-13.jpg"},{"@type":"BreadcrumbList","@id":"https:\/\/diarieducacio.cat\/rosasensat\/2015\/11\/11\/leducacio-abans-que\/#breadcrumb","itemListElement":[{"@type":"ListItem","position":1,"name":"Inici","item":"https:\/\/diarieducacio.cat\/rosasensat\/"},{"@type":"ListItem","position":2,"name":"\u00abL\u2019educaci\u00f3 abans que\u2026\u00bb"}]},{"@type":"WebSite","@id":"https:\/\/diarieducacio.cat\/rosasensat\/#website","url":"https:\/\/diarieducacio.cat\/rosasensat\/","name":"Blog de Rosa Sensat","description":"","potentialAction":[{"@type":"SearchAction","target":{"@type":"EntryPoint","urlTemplate":"https:\/\/diarieducacio.cat\/rosasensat\/?s={search_term_string}"},"query-input":{"@type":"PropertyValueSpecification","valueRequired":true,"valueName":"search_term_string"}}],"inLanguage":"ca"},{"@type":"Person","@id":"https:\/\/diarieducacio.cat\/rosasensat\/#\/schema\/person\/05570bf853994e6d33f8e29c53e66dba","name":"Eduardo Azumendi","image":{"@type":"ImageObject","inLanguage":"ca","@id":"https:\/\/secure.gravatar.com\/avatar\/21f971d84ee20d86ce555d92c7938c65391f696566e46595bcf73be05dc52de5?s=96&d=mm&r=g","url":"https:\/\/secure.gravatar.com\/avatar\/21f971d84ee20d86ce555d92c7938c65391f696566e46595bcf73be05dc52de5?s=96&d=mm&r=g","contentUrl":"https:\/\/secure.gravatar.com\/avatar\/21f971d84ee20d86ce555d92c7938c65391f696566e46595bcf73be05dc52de5?s=96&d=mm&r=g","caption":"Eduardo Azumendi"},"url":"https:\/\/diarieducacio.cat\/rosasensat\/author\/eazumendi\/"}]}},"_links":{"self":[{"href":"https:\/\/diarieducacio.cat\/rosasensat\/wp-json\/wp\/v2\/posts\/3083","targetHints":{"allow":["GET"]}}],"collection":[{"href":"https:\/\/diarieducacio.cat\/rosasensat\/wp-json\/wp\/v2\/posts"}],"about":[{"href":"https:\/\/diarieducacio.cat\/rosasensat\/wp-json\/wp\/v2\/types\/post"}],"author":[{"embeddable":true,"href":"https:\/\/diarieducacio.cat\/rosasensat\/wp-json\/wp\/v2\/users\/1770"}],"replies":[{"embeddable":true,"href":"https:\/\/diarieducacio.cat\/rosasensat\/wp-json\/wp\/v2\/comments?post=3083"}],"version-history":[{"count":1,"href":"https:\/\/diarieducacio.cat\/rosasensat\/wp-json\/wp\/v2\/posts\/3083\/revisions"}],"predecessor-version":[{"id":3084,"href":"https:\/\/diarieducacio.cat\/rosasensat\/wp-json\/wp\/v2\/posts\/3083\/revisions\/3084"}],"wp:attachment":[{"href":"https:\/\/diarieducacio.cat\/rosasensat\/wp-json\/wp\/v2\/media?parent=3083"}],"wp:term":[{"taxonomy":"category","embeddable":true,"href":"https:\/\/diarieducacio.cat\/rosasensat\/wp-json\/wp\/v2\/categories?post=3083"},{"taxonomy":"post_tag","embeddable":true,"href":"https:\/\/diarieducacio.cat\/rosasensat\/wp-json\/wp\/v2\/tags?post=3083"},{"taxonomy":"tipo","embeddable":true,"href":"https:\/\/diarieducacio.cat\/rosasensat\/wp-json\/wp\/v2\/tipo?post=3083"}],"curies":[{"name":"wp","href":"https:\/\/api.w.org\/{rel}","templated":true}]}}