{"id":3093,"date":"2015-12-17T06:00:27","date_gmt":"2015-12-17T05:00:27","guid":{"rendered":"https:\/\/nostalgic-ishizaka.82-223-1-47.plesk.page\/rosasensat\/2015\/12\/17\/el-llibre-blanc-no-parla-deducacio\/"},"modified":"2024-10-27T21:38:09","modified_gmt":"2024-10-27T20:38:09","slug":"el-llibre-blanc-no-parla-deducacio","status":"publish","type":"post","link":"https:\/\/diarieducacio.cat\/rosasensat\/2015\/12\/17\/el-llibre-blanc-no-parla-deducacio\/","title":{"rendered":"El Llibre blanc no parla d\u2019educaci\u00f3"},"content":{"rendered":"<p class=\"western\" lang=\"ca-ES\">\u00a0<a href=\"https:\/\/diarieducacio.cat\/rosasensat\/wp-content\/uploads\/sites\/9\/2015\/12\/Captura-de-pantalla-2015-12-16-a-les-18.35.33.png\" rel=\"attachment wp-att-504\"><img fetchpriority=\"high\" decoding=\"async\" class=\"aligncenter size-full wp-image-504\" src=\"https:\/\/diarieducacio.cat\/rosasensat\/wp-content\/uploads\/sites\/9\/2015\/12\/Captura-de-pantalla-2015-12-16-a-les-18.35.33.png\" alt=\"Captura de pantalla 2015-12-16 a les 18.35.33\" width=\"714\" height=\"475\" \/><\/a><\/p>\n<p class=\"western\" lang=\"ca-ES\"><em><span style=\"font-size: medium;\">Amb la publicaci\u00f3 del <\/span><\/em><span style=\"font-size: medium;\"><i>Llibre blanc de la professi\u00f3 docent<\/i><\/span><b><i> <\/i><\/b><span style=\"font-size: medium;\">de Jos\u00e9 Antonio Marina s\u2019ha generat un cert debat sobre la professi\u00f3, sobre la capacitaci\u00f3 exigible per fer de mestre o de professor. No entrarem a analitzar els interessos que hi ha darrere aquest llibre blanc, potser pensat per afavorir l\u2019ensenyament privat i intentar desprestigiar un xic el professorat p\u00fablic, per\u00f2 s\u00ed que voldria alertar sobre all\u00f2 que hi he trobat a faltar. M\u2019ha preocupat que tant en les propostes de Marina com en el debat generat (en all\u00f2 que n\u2019he pogut llegir) no apareixen o apareixen molt poc alguns aspectes per a mi fonamentals. <\/span><b><span style=\"font-size: medium;\">No he trobat que es parli gaire d\u2019EDUCACI\u00d3 <\/span><\/b><span style=\"font-size: medium;\">en maj\u00fascules, com correspon a la seva import\u00e0ncia. Ja s\u00e9 que l\u2019Administraci\u00f3 parla nom\u00e9s d\u2019ensenyament, per\u00f2 haur\u00edem de depassar el marc escolar i poder parlar d\u2019educaci\u00f3. <\/span><\/p>\n<p class=\"western\" lang=\"ca-ES\"><span style=\"font-size: medium;\">En el debat al voltant del llibre blanc es parla de les persones que volen dedicar-se a la professi\u00f3 docent. \u00c9s molt important que les que vulguin fer de mestres entenguin com han de relacionar-se amb infants i adolescents, que estiguin conven\u00e7udes que <\/span><b><span style=\"font-size: medium;\">cal educar<\/span><\/b><span style=\"font-size: medium;\">, un aspecte que a les etapes obligat\u00f2ries \u00e9s b\u00e0sic. Fer de professor implica una actitud especial: no n\u2019hi ha prou de saber els continguts i com ensenyar-los, fa falta saber expressar les emocions i saber contenir-les, i ajudar a fer-ho a l\u2019alumnat.<\/span><\/p>\n<p class=\"western\" lang=\"ca-ES\"><span style=\"font-size: medium;\">Si demanem a l\u2019alumnat que siguin capa\u00e7os de treballar en equip, o en grup, que siguin cr\u00edtics, que tinguin opinions pr\u00f2pies, que s\u00e0piguen i vulguin col\u00b7laborar, que aprenguin a ser solidaris, a sentir empatia envers els altres&#8230; Seria bo, penso, que al seu professorat, a les seves mestres, tamb\u00e9 els deman\u00e9ssim alguna cosa semblant<\/span><b><span style=\"font-size: medium;\">. Per poder animar i ensenyar aquestes actituds, aquests valors, als infants o adolescents, cal con\u00e8ixer-los i, sobretot, practicar-los.<\/span><\/b><\/p>\n<p class=\"western\" lang=\"ca-ES\"><a href=\"https:\/\/diarieducacio.cat\/rosasensat\/wp-content\/uploads\/sites\/9\/2015\/12\/Captura-de-pantalla-2015-12-16-a-les-18.34.26.png\" rel=\"attachment wp-att-503\"><img decoding=\"async\" class=\"aligncenter size-full wp-image-503\" src=\"https:\/\/diarieducacio.cat\/rosasensat\/wp-content\/uploads\/sites\/9\/2015\/12\/Captura-de-pantalla-2015-12-16-a-les-18.34.26.png\" alt=\"Captura de pantalla 2015-12-16 a les 18.34.26\" width=\"362\" height=\"487\" \/><\/a><\/p>\n<blockquote>\n<p class=\"western\" lang=\"ca-ES\"><b><span style=\"font-size: medium;\">Fa falta saber educar<\/span><\/b><\/p>\n<\/blockquote>\n<p class=\"western\" lang=\"ca-ES\"><span style=\"font-size: medium;\">Per al senyor Marina, que figura com a responsable principal del llibre, aquests aspectes no s\u00f3n prioritaris; als que el valoren o critiquen no sembla que els preocupin gaire; a l\u2019informe TALIS<a class=\"sdfootnoteanc\" href=\"#sdfootnote1sym\" name=\"sdfootnote1anc\"><sup>1<\/sup><\/a> de l\u2019OCDE hi he trobat poques refer\u00e8ncies. <\/span><b><span style=\"font-size: medium;\">Em sobta aquesta abs\u00e8ncia<\/span><\/b><span style=\"font-size: medium;\">, ens cal fer un toc d\u2019atenci\u00f3. A escoles i instituts s\u2019hi apleguen nois i noies, es formen els futurs adults del nostre pa\u00eds. Les persones necessitem desenvolupar-nos plenament, <\/span><b><span style=\"font-size: medium;\">cal una educaci\u00f3 integral<\/span><\/b><span style=\"font-size: medium;\"> que tingui en compte tots els aspectes de la personalitat, biol\u00f2gics, ps\u00edquics i relacionals. No s\u2019educar\u00e0 b\u00e9 ni aprendr\u00e0 la criatura que no tingui m\u00ednimament cobertes les necessitats vitals (menjar, habitatge, estimaci\u00f3); no podr\u00e0 cr\u00e9ixer qui no tingui un m\u00ednim d\u2019equilibri emocional gr\u00e0cies a l\u2019acolliment dels adults de refer\u00e8ncia, a casa i a l\u2019escola; no podr\u00e0 fer-se gran qui no es relacioni amb les persones del seu entorn immediat, com a m\u00ednim: cal pensar la import\u00e0ncia de les relacions entre els iguals, els seus companys i companyes, i amb els adults, mestres i professorat. Evidentment, els professionals de l\u2019ensenyament han de dominar les mat\u00e8ries que imparteixen, perqu\u00e8 s\u00f3n necessaris uns coneixements did\u00e0ctics que ens ajudin a ensenyar-les de la millor manera per facilitar els aprenentatges, per\u00f2 <\/span><b><span style=\"font-size: medium;\">tamb\u00e9 fa falta saber educar<\/span><\/b><span style=\"font-size: medium;\">, fer de tutors del nostre alumnat, fer d\u2019adults de refer\u00e8ncia davant els infants i adolescents. Per fer tot aix\u00f2 cal estar una mica preparats, cal esfor\u00e7ar-se per aconseguir-ho, cal dedicar temps a aprendre-ho.<\/span><\/p>\n<p class=\"western\" lang=\"ca-ES\"><span style=\"font-size: medium;\">Es t\u00e9 en compte, a la formaci\u00f3 inicial o permanent? Es valora, a l\u2019hora d\u2019accedir a la doc\u00e8ncia?<\/span><\/p>\n<p lang=\"ca-ES\"><span style=\"font-size: medium;\">Em sembla <\/span><b><span style=\"font-size: medium;\">que la resposta \u00e9s no<\/span><\/b><span style=\"font-size: medium;\">.<\/span> <span style=\"font-size: medium;\">Compta m\u00e9s un t\u00edtol acad\u00e8mic que tenir capacitat d\u2019empatia.<\/span><span style=\"font-size: medium;\"> I \u00e9s greu. Perqu\u00e8 per aconseguir uns bons aprenentatges, un alumnat competent, per ajudar els nostres infants i adolescents a cr\u00e9ixer, a relacionar-se en pla d\u2019igualtat, a viure feli\u00e7os, cal tenir en compte els aspectes que comentem. Que no apareguin als debats, que quan es vol millorar la formaci\u00f3 dels mestres i el seu acc\u00e9s a la doc\u00e8ncia no es valorin, em sembla un d\u00e8ficit important que patiran els nostres nens i nenes, nois i noies.<\/span><\/p>\n<p class=\"sdfootnote-western\" lang=\"ca-ES\"><a class=\"sdfootnotesym\" href=\"#sdfootnote1anc\" name=\"sdfootnote1sym\">1<\/a><sup> <\/sup> <span style=\"font-family: Calibri,serif;\">Informe TALIS (Enquesta Internacional sobre Ensenyament i Aprenentatge).<\/span><\/p>\n","protected":false},"excerpt":{"rendered":"<p>M\u2019ha preocupat que tant en les propostes de Marina com en el debat generat no apareixen o apareixen molt poc alguns aspectes per a mi fonamentals. No he trobat que es parli gaire d\u2019EDUCACI\u00d3 en maj\u00fascules, com correspon a la seva import\u00e0ncia.<\/p>\n","protected":false},"author":1,"featured_media":0,"comment_status":"open","ping_status":"open","sticky":false,"template":"","format":"standard","meta":{"footnotes":""},"categories":[2],"tags":[],"tipo":[],"class_list":{"0":"post-3093","1":"post","2":"type-post","3":"status-publish","4":"format-standard","6":"category-general"},"yoast_head":"<!-- This site is optimized with the Yoast SEO plugin v27.4 - https:\/\/yoast.com\/product\/yoast-seo-wordpress\/ -->\n<title>El Llibre blanc no parla d\u2019educaci\u00f3 - Blog de Rosa Sensat<\/title>\n<meta name=\"robots\" content=\"index, follow, max-snippet:-1, max-image-preview:large, max-video-preview:-1\" \/>\n<link rel=\"canonical\" href=\"https:\/\/diarieducacio.cat\/rosasensat\/2015\/12\/17\/el-llibre-blanc-no-parla-deducacio\/\" \/>\n<meta property=\"og:locale\" content=\"ca_ES\" \/>\n<meta property=\"og:type\" content=\"article\" \/>\n<meta property=\"og:title\" content=\"El Llibre blanc no parla d\u2019educaci\u00f3 - Blog de Rosa Sensat\" \/>\n<meta property=\"og:description\" content=\"M\u2019ha preocupat que tant en les propostes de Marina com en el debat generat no apareixen o apareixen molt poc alguns aspectes per a mi fonamentals. No he trobat que es parli gaire d\u2019EDUCACI\u00d3 en maj\u00fascules, com correspon a la seva import\u00e0ncia.\" \/>\n<meta property=\"og:url\" content=\"https:\/\/diarieducacio.cat\/rosasensat\/2015\/12\/17\/el-llibre-blanc-no-parla-deducacio\/\" \/>\n<meta property=\"og:site_name\" content=\"Blog de Rosa Sensat\" \/>\n<meta property=\"article:published_time\" content=\"2015-12-17T05:00:27+00:00\" \/>\n<meta property=\"article:modified_time\" content=\"2024-10-27T20:38:09+00:00\" \/>\n<meta name=\"author\" content=\"Redacci\u00f3\" \/>\n<meta name=\"twitter:card\" content=\"summary_large_image\" \/>\n<meta name=\"twitter:label1\" content=\"Escrit per\" \/>\n\t<meta name=\"twitter:data1\" content=\"Redacci\u00f3\" \/>\n\t<meta name=\"twitter:label2\" content=\"Temps estimat de lectura\" \/>\n\t<meta name=\"twitter:data2\" content=\"4 minuts\" \/>\n<script type=\"application\/ld+json\" class=\"yoast-schema-graph\">{\"@context\":\"https:\\\/\\\/schema.org\",\"@graph\":[{\"@type\":\"Article\",\"@id\":\"https:\\\/\\\/diarieducacio.cat\\\/rosasensat\\\/2015\\\/12\\\/17\\\/el-llibre-blanc-no-parla-deducacio\\\/#article\",\"isPartOf\":{\"@id\":\"https:\\\/\\\/diarieducacio.cat\\\/rosasensat\\\/2015\\\/12\\\/17\\\/el-llibre-blanc-no-parla-deducacio\\\/\"},\"author\":{\"name\":\"Redacci\u00f3\",\"@id\":\"https:\\\/\\\/diarieducacio.cat\\\/rosasensat\\\/#\\\/schema\\\/person\\\/04093d1227f1b01952d6187a5be57900\"},\"headline\":\"El Llibre blanc no parla d\u2019educaci\u00f3\",\"datePublished\":\"2015-12-17T05:00:27+00:00\",\"dateModified\":\"2024-10-27T20:38:09+00:00\",\"mainEntityOfPage\":{\"@id\":\"https:\\\/\\\/diarieducacio.cat\\\/rosasensat\\\/2015\\\/12\\\/17\\\/el-llibre-blanc-no-parla-deducacio\\\/\"},\"wordCount\":733,\"commentCount\":0,\"image\":{\"@id\":\"https:\\\/\\\/diarieducacio.cat\\\/rosasensat\\\/2015\\\/12\\\/17\\\/el-llibre-blanc-no-parla-deducacio\\\/#primaryimage\"},\"thumbnailUrl\":\"https:\\\/\\\/diarieducacio.cat\\\/rosasensat\\\/wp-content\\\/uploads\\\/sites\\\/9\\\/2015\\\/12\\\/Captura-de-pantalla-2015-12-16-a-les-18.35.33.png\",\"articleSection\":[\"General\"],\"inLanguage\":\"ca\",\"potentialAction\":[{\"@type\":\"CommentAction\",\"name\":\"Comment\",\"target\":[\"https:\\\/\\\/diarieducacio.cat\\\/rosasensat\\\/2015\\\/12\\\/17\\\/el-llibre-blanc-no-parla-deducacio\\\/#respond\"]}]},{\"@type\":\"WebPage\",\"@id\":\"https:\\\/\\\/diarieducacio.cat\\\/rosasensat\\\/2015\\\/12\\\/17\\\/el-llibre-blanc-no-parla-deducacio\\\/\",\"url\":\"https:\\\/\\\/diarieducacio.cat\\\/rosasensat\\\/2015\\\/12\\\/17\\\/el-llibre-blanc-no-parla-deducacio\\\/\",\"name\":\"El Llibre blanc no parla d\u2019educaci\u00f3 - Blog de Rosa Sensat\",\"isPartOf\":{\"@id\":\"https:\\\/\\\/diarieducacio.cat\\\/rosasensat\\\/#website\"},\"primaryImageOfPage\":{\"@id\":\"https:\\\/\\\/diarieducacio.cat\\\/rosasensat\\\/2015\\\/12\\\/17\\\/el-llibre-blanc-no-parla-deducacio\\\/#primaryimage\"},\"image\":{\"@id\":\"https:\\\/\\\/diarieducacio.cat\\\/rosasensat\\\/2015\\\/12\\\/17\\\/el-llibre-blanc-no-parla-deducacio\\\/#primaryimage\"},\"thumbnailUrl\":\"https:\\\/\\\/diarieducacio.cat\\\/rosasensat\\\/wp-content\\\/uploads\\\/sites\\\/9\\\/2015\\\/12\\\/Captura-de-pantalla-2015-12-16-a-les-18.35.33.png\",\"datePublished\":\"2015-12-17T05:00:27+00:00\",\"dateModified\":\"2024-10-27T20:38:09+00:00\",\"author\":{\"@id\":\"https:\\\/\\\/diarieducacio.cat\\\/rosasensat\\\/#\\\/schema\\\/person\\\/04093d1227f1b01952d6187a5be57900\"},\"breadcrumb\":{\"@id\":\"https:\\\/\\\/diarieducacio.cat\\\/rosasensat\\\/2015\\\/12\\\/17\\\/el-llibre-blanc-no-parla-deducacio\\\/#breadcrumb\"},\"inLanguage\":\"ca\",\"potentialAction\":[{\"@type\":\"ReadAction\",\"target\":[\"https:\\\/\\\/diarieducacio.cat\\\/rosasensat\\\/2015\\\/12\\\/17\\\/el-llibre-blanc-no-parla-deducacio\\\/\"]}]},{\"@type\":\"ImageObject\",\"inLanguage\":\"ca\",\"@id\":\"https:\\\/\\\/diarieducacio.cat\\\/rosasensat\\\/2015\\\/12\\\/17\\\/el-llibre-blanc-no-parla-deducacio\\\/#primaryimage\",\"url\":\"https:\\\/\\\/diarieducacio.cat\\\/rosasensat\\\/wp-content\\\/uploads\\\/sites\\\/9\\\/2015\\\/12\\\/Captura-de-pantalla-2015-12-16-a-les-18.35.33.png\",\"contentUrl\":\"https:\\\/\\\/diarieducacio.cat\\\/rosasensat\\\/wp-content\\\/uploads\\\/sites\\\/9\\\/2015\\\/12\\\/Captura-de-pantalla-2015-12-16-a-les-18.35.33.png\"},{\"@type\":\"BreadcrumbList\",\"@id\":\"https:\\\/\\\/diarieducacio.cat\\\/rosasensat\\\/2015\\\/12\\\/17\\\/el-llibre-blanc-no-parla-deducacio\\\/#breadcrumb\",\"itemListElement\":[{\"@type\":\"ListItem\",\"position\":1,\"name\":\"Inici\",\"item\":\"https:\\\/\\\/diarieducacio.cat\\\/rosasensat\\\/\"},{\"@type\":\"ListItem\",\"position\":2,\"name\":\"El Llibre blanc no parla d\u2019educaci\u00f3\"}]},{\"@type\":\"WebSite\",\"@id\":\"https:\\\/\\\/diarieducacio.cat\\\/rosasensat\\\/#website\",\"url\":\"https:\\\/\\\/diarieducacio.cat\\\/rosasensat\\\/\",\"name\":\"Blog de Rosa Sensat\",\"description\":\"\",\"potentialAction\":[{\"@type\":\"SearchAction\",\"target\":{\"@type\":\"EntryPoint\",\"urlTemplate\":\"https:\\\/\\\/diarieducacio.cat\\\/rosasensat\\\/?s={search_term_string}\"},\"query-input\":{\"@type\":\"PropertyValueSpecification\",\"valueRequired\":true,\"valueName\":\"search_term_string\"}}],\"inLanguage\":\"ca\"},{\"@type\":\"Person\",\"@id\":\"https:\\\/\\\/diarieducacio.cat\\\/rosasensat\\\/#\\\/schema\\\/person\\\/04093d1227f1b01952d6187a5be57900\",\"name\":\"Redacci\u00f3\",\"image\":{\"@type\":\"ImageObject\",\"inLanguage\":\"ca\",\"@id\":\"https:\\\/\\\/secure.gravatar.com\\\/avatar\\\/e952ad62e08be1daabaefebd12d26c1e5fbfd687693aaa066db2433a21638ad8?s=96&d=mm&r=g\",\"url\":\"https:\\\/\\\/secure.gravatar.com\\\/avatar\\\/e952ad62e08be1daabaefebd12d26c1e5fbfd687693aaa066db2433a21638ad8?s=96&d=mm&r=g\",\"contentUrl\":\"https:\\\/\\\/secure.gravatar.com\\\/avatar\\\/e952ad62e08be1daabaefebd12d26c1e5fbfd687693aaa066db2433a21638ad8?s=96&d=mm&r=g\",\"caption\":\"Redacci\u00f3\"},\"url\":\"https:\\\/\\\/diarieducacio.cat\\\/rosasensat\\\/author\\\/npenin\\\/\"}]}<\/script>\n<!-- \/ Yoast SEO plugin. -->","yoast_head_json":{"title":"El Llibre blanc no parla d\u2019educaci\u00f3 - Blog de Rosa Sensat","robots":{"index":"index","follow":"follow","max-snippet":"max-snippet:-1","max-image-preview":"max-image-preview:large","max-video-preview":"max-video-preview:-1"},"canonical":"https:\/\/diarieducacio.cat\/rosasensat\/2015\/12\/17\/el-llibre-blanc-no-parla-deducacio\/","og_locale":"ca_ES","og_type":"article","og_title":"El Llibre blanc no parla d\u2019educaci\u00f3 - Blog de Rosa Sensat","og_description":"M\u2019ha preocupat que tant en les propostes de Marina com en el debat generat no apareixen o apareixen molt poc alguns aspectes per a mi fonamentals. No he trobat que es parli gaire d\u2019EDUCACI\u00d3 en maj\u00fascules, com correspon a la seva import\u00e0ncia.","og_url":"https:\/\/diarieducacio.cat\/rosasensat\/2015\/12\/17\/el-llibre-blanc-no-parla-deducacio\/","og_site_name":"Blog de Rosa Sensat","article_published_time":"2015-12-17T05:00:27+00:00","article_modified_time":"2024-10-27T20:38:09+00:00","author":"Redacci\u00f3","twitter_card":"summary_large_image","twitter_misc":{"Escrit per":"Redacci\u00f3","Temps estimat de lectura":"4 minuts"},"schema":{"@context":"https:\/\/schema.org","@graph":[{"@type":"Article","@id":"https:\/\/diarieducacio.cat\/rosasensat\/2015\/12\/17\/el-llibre-blanc-no-parla-deducacio\/#article","isPartOf":{"@id":"https:\/\/diarieducacio.cat\/rosasensat\/2015\/12\/17\/el-llibre-blanc-no-parla-deducacio\/"},"author":{"name":"Redacci\u00f3","@id":"https:\/\/diarieducacio.cat\/rosasensat\/#\/schema\/person\/04093d1227f1b01952d6187a5be57900"},"headline":"El Llibre blanc no parla d\u2019educaci\u00f3","datePublished":"2015-12-17T05:00:27+00:00","dateModified":"2024-10-27T20:38:09+00:00","mainEntityOfPage":{"@id":"https:\/\/diarieducacio.cat\/rosasensat\/2015\/12\/17\/el-llibre-blanc-no-parla-deducacio\/"},"wordCount":733,"commentCount":0,"image":{"@id":"https:\/\/diarieducacio.cat\/rosasensat\/2015\/12\/17\/el-llibre-blanc-no-parla-deducacio\/#primaryimage"},"thumbnailUrl":"https:\/\/diarieducacio.cat\/rosasensat\/wp-content\/uploads\/sites\/9\/2015\/12\/Captura-de-pantalla-2015-12-16-a-les-18.35.33.png","articleSection":["General"],"inLanguage":"ca","potentialAction":[{"@type":"CommentAction","name":"Comment","target":["https:\/\/diarieducacio.cat\/rosasensat\/2015\/12\/17\/el-llibre-blanc-no-parla-deducacio\/#respond"]}]},{"@type":"WebPage","@id":"https:\/\/diarieducacio.cat\/rosasensat\/2015\/12\/17\/el-llibre-blanc-no-parla-deducacio\/","url":"https:\/\/diarieducacio.cat\/rosasensat\/2015\/12\/17\/el-llibre-blanc-no-parla-deducacio\/","name":"El Llibre blanc no parla d\u2019educaci\u00f3 - Blog de Rosa Sensat","isPartOf":{"@id":"https:\/\/diarieducacio.cat\/rosasensat\/#website"},"primaryImageOfPage":{"@id":"https:\/\/diarieducacio.cat\/rosasensat\/2015\/12\/17\/el-llibre-blanc-no-parla-deducacio\/#primaryimage"},"image":{"@id":"https:\/\/diarieducacio.cat\/rosasensat\/2015\/12\/17\/el-llibre-blanc-no-parla-deducacio\/#primaryimage"},"thumbnailUrl":"https:\/\/diarieducacio.cat\/rosasensat\/wp-content\/uploads\/sites\/9\/2015\/12\/Captura-de-pantalla-2015-12-16-a-les-18.35.33.png","datePublished":"2015-12-17T05:00:27+00:00","dateModified":"2024-10-27T20:38:09+00:00","author":{"@id":"https:\/\/diarieducacio.cat\/rosasensat\/#\/schema\/person\/04093d1227f1b01952d6187a5be57900"},"breadcrumb":{"@id":"https:\/\/diarieducacio.cat\/rosasensat\/2015\/12\/17\/el-llibre-blanc-no-parla-deducacio\/#breadcrumb"},"inLanguage":"ca","potentialAction":[{"@type":"ReadAction","target":["https:\/\/diarieducacio.cat\/rosasensat\/2015\/12\/17\/el-llibre-blanc-no-parla-deducacio\/"]}]},{"@type":"ImageObject","inLanguage":"ca","@id":"https:\/\/diarieducacio.cat\/rosasensat\/2015\/12\/17\/el-llibre-blanc-no-parla-deducacio\/#primaryimage","url":"https:\/\/diarieducacio.cat\/rosasensat\/wp-content\/uploads\/sites\/9\/2015\/12\/Captura-de-pantalla-2015-12-16-a-les-18.35.33.png","contentUrl":"https:\/\/diarieducacio.cat\/rosasensat\/wp-content\/uploads\/sites\/9\/2015\/12\/Captura-de-pantalla-2015-12-16-a-les-18.35.33.png"},{"@type":"BreadcrumbList","@id":"https:\/\/diarieducacio.cat\/rosasensat\/2015\/12\/17\/el-llibre-blanc-no-parla-deducacio\/#breadcrumb","itemListElement":[{"@type":"ListItem","position":1,"name":"Inici","item":"https:\/\/diarieducacio.cat\/rosasensat\/"},{"@type":"ListItem","position":2,"name":"El Llibre blanc no parla d\u2019educaci\u00f3"}]},{"@type":"WebSite","@id":"https:\/\/diarieducacio.cat\/rosasensat\/#website","url":"https:\/\/diarieducacio.cat\/rosasensat\/","name":"Blog de Rosa Sensat","description":"","potentialAction":[{"@type":"SearchAction","target":{"@type":"EntryPoint","urlTemplate":"https:\/\/diarieducacio.cat\/rosasensat\/?s={search_term_string}"},"query-input":{"@type":"PropertyValueSpecification","valueRequired":true,"valueName":"search_term_string"}}],"inLanguage":"ca"},{"@type":"Person","@id":"https:\/\/diarieducacio.cat\/rosasensat\/#\/schema\/person\/04093d1227f1b01952d6187a5be57900","name":"Redacci\u00f3","image":{"@type":"ImageObject","inLanguage":"ca","@id":"https:\/\/secure.gravatar.com\/avatar\/e952ad62e08be1daabaefebd12d26c1e5fbfd687693aaa066db2433a21638ad8?s=96&d=mm&r=g","url":"https:\/\/secure.gravatar.com\/avatar\/e952ad62e08be1daabaefebd12d26c1e5fbfd687693aaa066db2433a21638ad8?s=96&d=mm&r=g","contentUrl":"https:\/\/secure.gravatar.com\/avatar\/e952ad62e08be1daabaefebd12d26c1e5fbfd687693aaa066db2433a21638ad8?s=96&d=mm&r=g","caption":"Redacci\u00f3"},"url":"https:\/\/diarieducacio.cat\/rosasensat\/author\/npenin\/"}]}},"_links":{"self":[{"href":"https:\/\/diarieducacio.cat\/rosasensat\/wp-json\/wp\/v2\/posts\/3093","targetHints":{"allow":["GET"]}}],"collection":[{"href":"https:\/\/diarieducacio.cat\/rosasensat\/wp-json\/wp\/v2\/posts"}],"about":[{"href":"https:\/\/diarieducacio.cat\/rosasensat\/wp-json\/wp\/v2\/types\/post"}],"author":[{"embeddable":true,"href":"https:\/\/diarieducacio.cat\/rosasensat\/wp-json\/wp\/v2\/users\/1"}],"replies":[{"embeddable":true,"href":"https:\/\/diarieducacio.cat\/rosasensat\/wp-json\/wp\/v2\/comments?post=3093"}],"version-history":[{"count":1,"href":"https:\/\/diarieducacio.cat\/rosasensat\/wp-json\/wp\/v2\/posts\/3093\/revisions"}],"predecessor-version":[{"id":3094,"href":"https:\/\/diarieducacio.cat\/rosasensat\/wp-json\/wp\/v2\/posts\/3093\/revisions\/3094"}],"wp:attachment":[{"href":"https:\/\/diarieducacio.cat\/rosasensat\/wp-json\/wp\/v2\/media?parent=3093"}],"wp:term":[{"taxonomy":"category","embeddable":true,"href":"https:\/\/diarieducacio.cat\/rosasensat\/wp-json\/wp\/v2\/categories?post=3093"},{"taxonomy":"post_tag","embeddable":true,"href":"https:\/\/diarieducacio.cat\/rosasensat\/wp-json\/wp\/v2\/tags?post=3093"},{"taxonomy":"tipo","embeddable":true,"href":"https:\/\/diarieducacio.cat\/rosasensat\/wp-json\/wp\/v2\/tipo?post=3093"}],"curies":[{"name":"wp","href":"https:\/\/api.w.org\/{rel}","templated":true}]}}