{"id":3095,"date":"2016-01-26T06:00:50","date_gmt":"2016-01-26T05:00:50","guid":{"rendered":"https:\/\/nostalgic-ishizaka.82-223-1-47.plesk.page\/rosasensat\/2016\/01\/26\/deures-escolars-i-perdua-de-la-perspectiva-de-compromis-amb-leducacio\/"},"modified":"2024-10-27T21:38:10","modified_gmt":"2024-10-27T20:38:10","slug":"deures-escolars-i-perdua-de-la-perspectiva-de-compromis-amb-leducacio","status":"publish","type":"post","link":"https:\/\/diarieducacio.cat\/rosasensat\/2016\/01\/26\/deures-escolars-i-perdua-de-la-perspectiva-de-compromis-amb-leducacio\/","title":{"rendered":"Deures escolars i p\u00e8rdua de la perspectiva de comprom\u00eds amb l&#8217;educaci\u00f3"},"content":{"rendered":"<p><strong>\u00a0<a href=\"https:\/\/diarieducacio.cat\/rosasensat\/wp-content\/uploads\/sites\/9\/2015\/12\/1443432964_stop-deberes.jpg\" rel=\"attachment wp-att-513\"><img fetchpriority=\"high\" decoding=\"async\" class=\"aligncenter size-full wp-image-513\" src=\"https:\/\/diarieducacio.cat\/rosasensat\/wp-content\/uploads\/sites\/9\/2015\/12\/1443432964_stop-deberes.jpg\" alt=\"1443432964_stop-deberes\" width=\"500\" height=\"333\" \/><\/a><\/strong><\/p>\n<p>Fins on arriba la pressi\u00f3 que reben els Equips Directius i els equips per omplir, a vegades contrarellotge, de continguts els programes? Des de quan el resultat final sense tenir en compte el proc\u00e9s s&#8217; ha transformat en el m\u00e9s rellevant? Com se segueix amb atenci\u00f3 i delicadesa l&#8217;evoluci\u00f3 global d&#8217; una criatura, les seves inseguretats, alegries, frustracions&#8230;? Quant de temps s\u2019est\u00e0 dedicant a compartir, acompanyar, con\u00e8ixer les fam\u00edlies i les seves circumst\u00e0ncies?<\/p>\n<p>Redefinim, si us plau, el comprom\u00eds de l&#8217;educaci\u00f3, de l&#8217;escola. Quin sentit t\u00e9 organitzar un munt de tasques a fer a les llars quan la majoria de criatures no tenen un adult present o qualificat per determinats continguts.<\/p>\n<p>Com es pacten amb les fam\u00edlies aquestes tasques, el sentit final (mem\u00f2ria, consolidaci\u00f3, repetici\u00f3, recerca, lectura&#8230;) i com els equips organitzen els famosos deures?<\/p>\n<p>Comparativament amb els pa\u00efsos avan\u00e7ats, educativament com estem en tema deures? Diuen que un estudi de la OCDE ens posa en 6,5 hores setmanals, dos per sobre de la mitja, 4,8, i que els resultats no justifiquen aquesta proposta. (Cuadernos de Pedagog\u00eda,461, Nov.2015).<\/p>\n<p>I qu\u00e8 hem de dir de com s&#8217;augmenten les desigualtats quan les fam\u00edlies ni saben ni poden ajudar els seus fills i filles, no tenen la tecnologia (ordinadors, connexions, impressores), no saben altres idiomes o no estan presents per horaris laborals?<\/p>\n<p>Molts interrogants. A canvi, estem formant a la canalla per entendre, reflexionar, q\u00fcestionar, modificar aquest m\u00f3n ple de desigualtats, insolidaritat i consumisme?<\/p>\n<p>Ah! per\u00f2 els deures s\u00f3n sagrats, oi?<\/p>\n","protected":false},"excerpt":{"rendered":"<p>Estem formant a la canalla per entendre, reflexionar, q\u00fcestionar, modificar aquest m\u00f3n ple de desigualtats, insolidaritat i consumisme? Ah! per\u00f2 els deures s\u00f3n sagrats, oi?<\/p>\n","protected":false},"author":1,"featured_media":0,"comment_status":"open","ping_status":"open","sticky":false,"template":"","format":"standard","meta":{"footnotes":""},"categories":[117],"tags":[],"tipo":[],"class_list":{"0":"post-3095","1":"post","2":"type-post","3":"status-publish","4":"format-standard","6":"category-deures"},"yoast_head":"<!-- This site is optimized with the Yoast SEO plugin v27.4 - https:\/\/yoast.com\/product\/yoast-seo-wordpress\/ -->\n<title>Deures escolars i p\u00e8rdua de la perspectiva de comprom\u00eds amb l&#039;educaci\u00f3 - Blog de Rosa Sensat<\/title>\n<meta name=\"robots\" content=\"index, follow, max-snippet:-1, max-image-preview:large, max-video-preview:-1\" \/>\n<link rel=\"canonical\" href=\"https:\/\/diarieducacio.cat\/rosasensat\/2016\/01\/26\/deures-escolars-i-perdua-de-la-perspectiva-de-compromis-amb-leducacio\/\" \/>\n<meta property=\"og:locale\" content=\"ca_ES\" \/>\n<meta property=\"og:type\" content=\"article\" \/>\n<meta property=\"og:title\" content=\"Deures escolars i p\u00e8rdua de la perspectiva de comprom\u00eds amb l&#039;educaci\u00f3 - Blog de Rosa Sensat\" \/>\n<meta property=\"og:description\" content=\"Estem formant a la canalla per entendre, reflexionar, q\u00fcestionar, modificar aquest m\u00f3n ple de desigualtats, insolidaritat i consumisme? Ah! per\u00f2 els deures s\u00f3n sagrats, oi?\" \/>\n<meta property=\"og:url\" content=\"https:\/\/diarieducacio.cat\/rosasensat\/2016\/01\/26\/deures-escolars-i-perdua-de-la-perspectiva-de-compromis-amb-leducacio\/\" \/>\n<meta property=\"og:site_name\" content=\"Blog de Rosa Sensat\" \/>\n<meta property=\"article:published_time\" content=\"2016-01-26T05:00:50+00:00\" \/>\n<meta property=\"article:modified_time\" content=\"2024-10-27T20:38:10+00:00\" \/>\n<meta name=\"author\" content=\"Redacci\u00f3\" \/>\n<meta name=\"twitter:card\" content=\"summary_large_image\" \/>\n<meta name=\"twitter:label1\" content=\"Escrit per\" \/>\n\t<meta name=\"twitter:data1\" content=\"Redacci\u00f3\" \/>\n\t<meta name=\"twitter:label2\" content=\"Temps estimat de lectura\" \/>\n\t<meta name=\"twitter:data2\" content=\"1 minut\" \/>\n<script type=\"application\/ld+json\" class=\"yoast-schema-graph\">{\"@context\":\"https:\\\/\\\/schema.org\",\"@graph\":[{\"@type\":\"Article\",\"@id\":\"https:\\\/\\\/diarieducacio.cat\\\/rosasensat\\\/2016\\\/01\\\/26\\\/deures-escolars-i-perdua-de-la-perspectiva-de-compromis-amb-leducacio\\\/#article\",\"isPartOf\":{\"@id\":\"https:\\\/\\\/diarieducacio.cat\\\/rosasensat\\\/2016\\\/01\\\/26\\\/deures-escolars-i-perdua-de-la-perspectiva-de-compromis-amb-leducacio\\\/\"},\"author\":{\"name\":\"Redacci\u00f3\",\"@id\":\"https:\\\/\\\/diarieducacio.cat\\\/rosasensat\\\/#\\\/schema\\\/person\\\/04093d1227f1b01952d6187a5be57900\"},\"headline\":\"Deures escolars i p\u00e8rdua de la perspectiva de comprom\u00eds amb l&#8217;educaci\u00f3\",\"datePublished\":\"2016-01-26T05:00:50+00:00\",\"dateModified\":\"2024-10-27T20:38:10+00:00\",\"mainEntityOfPage\":{\"@id\":\"https:\\\/\\\/diarieducacio.cat\\\/rosasensat\\\/2016\\\/01\\\/26\\\/deures-escolars-i-perdua-de-la-perspectiva-de-compromis-amb-leducacio\\\/\"},\"wordCount\":280,\"commentCount\":0,\"image\":{\"@id\":\"https:\\\/\\\/diarieducacio.cat\\\/rosasensat\\\/2016\\\/01\\\/26\\\/deures-escolars-i-perdua-de-la-perspectiva-de-compromis-amb-leducacio\\\/#primaryimage\"},\"thumbnailUrl\":\"https:\\\/\\\/diarieducacio.cat\\\/rosasensat\\\/wp-content\\\/uploads\\\/sites\\\/9\\\/2015\\\/12\\\/1443432964_stop-deberes.jpg\",\"articleSection\":[\"Deures\"],\"inLanguage\":\"ca\",\"potentialAction\":[{\"@type\":\"CommentAction\",\"name\":\"Comment\",\"target\":[\"https:\\\/\\\/diarieducacio.cat\\\/rosasensat\\\/2016\\\/01\\\/26\\\/deures-escolars-i-perdua-de-la-perspectiva-de-compromis-amb-leducacio\\\/#respond\"]}]},{\"@type\":\"WebPage\",\"@id\":\"https:\\\/\\\/diarieducacio.cat\\\/rosasensat\\\/2016\\\/01\\\/26\\\/deures-escolars-i-perdua-de-la-perspectiva-de-compromis-amb-leducacio\\\/\",\"url\":\"https:\\\/\\\/diarieducacio.cat\\\/rosasensat\\\/2016\\\/01\\\/26\\\/deures-escolars-i-perdua-de-la-perspectiva-de-compromis-amb-leducacio\\\/\",\"name\":\"Deures escolars i p\u00e8rdua de la perspectiva de comprom\u00eds amb l'educaci\u00f3 - Blog de Rosa Sensat\",\"isPartOf\":{\"@id\":\"https:\\\/\\\/diarieducacio.cat\\\/rosasensat\\\/#website\"},\"primaryImageOfPage\":{\"@id\":\"https:\\\/\\\/diarieducacio.cat\\\/rosasensat\\\/2016\\\/01\\\/26\\\/deures-escolars-i-perdua-de-la-perspectiva-de-compromis-amb-leducacio\\\/#primaryimage\"},\"image\":{\"@id\":\"https:\\\/\\\/diarieducacio.cat\\\/rosasensat\\\/2016\\\/01\\\/26\\\/deures-escolars-i-perdua-de-la-perspectiva-de-compromis-amb-leducacio\\\/#primaryimage\"},\"thumbnailUrl\":\"https:\\\/\\\/diarieducacio.cat\\\/rosasensat\\\/wp-content\\\/uploads\\\/sites\\\/9\\\/2015\\\/12\\\/1443432964_stop-deberes.jpg\",\"datePublished\":\"2016-01-26T05:00:50+00:00\",\"dateModified\":\"2024-10-27T20:38:10+00:00\",\"author\":{\"@id\":\"https:\\\/\\\/diarieducacio.cat\\\/rosasensat\\\/#\\\/schema\\\/person\\\/04093d1227f1b01952d6187a5be57900\"},\"breadcrumb\":{\"@id\":\"https:\\\/\\\/diarieducacio.cat\\\/rosasensat\\\/2016\\\/01\\\/26\\\/deures-escolars-i-perdua-de-la-perspectiva-de-compromis-amb-leducacio\\\/#breadcrumb\"},\"inLanguage\":\"ca\",\"potentialAction\":[{\"@type\":\"ReadAction\",\"target\":[\"https:\\\/\\\/diarieducacio.cat\\\/rosasensat\\\/2016\\\/01\\\/26\\\/deures-escolars-i-perdua-de-la-perspectiva-de-compromis-amb-leducacio\\\/\"]}]},{\"@type\":\"ImageObject\",\"inLanguage\":\"ca\",\"@id\":\"https:\\\/\\\/diarieducacio.cat\\\/rosasensat\\\/2016\\\/01\\\/26\\\/deures-escolars-i-perdua-de-la-perspectiva-de-compromis-amb-leducacio\\\/#primaryimage\",\"url\":\"https:\\\/\\\/diarieducacio.cat\\\/rosasensat\\\/wp-content\\\/uploads\\\/sites\\\/9\\\/2015\\\/12\\\/1443432964_stop-deberes.jpg\",\"contentUrl\":\"https:\\\/\\\/diarieducacio.cat\\\/rosasensat\\\/wp-content\\\/uploads\\\/sites\\\/9\\\/2015\\\/12\\\/1443432964_stop-deberes.jpg\"},{\"@type\":\"BreadcrumbList\",\"@id\":\"https:\\\/\\\/diarieducacio.cat\\\/rosasensat\\\/2016\\\/01\\\/26\\\/deures-escolars-i-perdua-de-la-perspectiva-de-compromis-amb-leducacio\\\/#breadcrumb\",\"itemListElement\":[{\"@type\":\"ListItem\",\"position\":1,\"name\":\"Inici\",\"item\":\"https:\\\/\\\/diarieducacio.cat\\\/rosasensat\\\/\"},{\"@type\":\"ListItem\",\"position\":2,\"name\":\"Deures escolars i p\u00e8rdua de la perspectiva de comprom\u00eds amb l&#8217;educaci\u00f3\"}]},{\"@type\":\"WebSite\",\"@id\":\"https:\\\/\\\/diarieducacio.cat\\\/rosasensat\\\/#website\",\"url\":\"https:\\\/\\\/diarieducacio.cat\\\/rosasensat\\\/\",\"name\":\"Blog de Rosa Sensat\",\"description\":\"\",\"potentialAction\":[{\"@type\":\"SearchAction\",\"target\":{\"@type\":\"EntryPoint\",\"urlTemplate\":\"https:\\\/\\\/diarieducacio.cat\\\/rosasensat\\\/?s={search_term_string}\"},\"query-input\":{\"@type\":\"PropertyValueSpecification\",\"valueRequired\":true,\"valueName\":\"search_term_string\"}}],\"inLanguage\":\"ca\"},{\"@type\":\"Person\",\"@id\":\"https:\\\/\\\/diarieducacio.cat\\\/rosasensat\\\/#\\\/schema\\\/person\\\/04093d1227f1b01952d6187a5be57900\",\"name\":\"Redacci\u00f3\",\"image\":{\"@type\":\"ImageObject\",\"inLanguage\":\"ca\",\"@id\":\"https:\\\/\\\/secure.gravatar.com\\\/avatar\\\/e952ad62e08be1daabaefebd12d26c1e5fbfd687693aaa066db2433a21638ad8?s=96&d=mm&r=g\",\"url\":\"https:\\\/\\\/secure.gravatar.com\\\/avatar\\\/e952ad62e08be1daabaefebd12d26c1e5fbfd687693aaa066db2433a21638ad8?s=96&d=mm&r=g\",\"contentUrl\":\"https:\\\/\\\/secure.gravatar.com\\\/avatar\\\/e952ad62e08be1daabaefebd12d26c1e5fbfd687693aaa066db2433a21638ad8?s=96&d=mm&r=g\",\"caption\":\"Redacci\u00f3\"},\"url\":\"https:\\\/\\\/diarieducacio.cat\\\/rosasensat\\\/author\\\/npenin\\\/\"}]}<\/script>\n<!-- \/ Yoast SEO plugin. -->","yoast_head_json":{"title":"Deures escolars i p\u00e8rdua de la perspectiva de comprom\u00eds amb l'educaci\u00f3 - Blog de Rosa Sensat","robots":{"index":"index","follow":"follow","max-snippet":"max-snippet:-1","max-image-preview":"max-image-preview:large","max-video-preview":"max-video-preview:-1"},"canonical":"https:\/\/diarieducacio.cat\/rosasensat\/2016\/01\/26\/deures-escolars-i-perdua-de-la-perspectiva-de-compromis-amb-leducacio\/","og_locale":"ca_ES","og_type":"article","og_title":"Deures escolars i p\u00e8rdua de la perspectiva de comprom\u00eds amb l'educaci\u00f3 - Blog de Rosa Sensat","og_description":"Estem formant a la canalla per entendre, reflexionar, q\u00fcestionar, modificar aquest m\u00f3n ple de desigualtats, insolidaritat i consumisme? Ah! per\u00f2 els deures s\u00f3n sagrats, oi?","og_url":"https:\/\/diarieducacio.cat\/rosasensat\/2016\/01\/26\/deures-escolars-i-perdua-de-la-perspectiva-de-compromis-amb-leducacio\/","og_site_name":"Blog de Rosa Sensat","article_published_time":"2016-01-26T05:00:50+00:00","article_modified_time":"2024-10-27T20:38:10+00:00","author":"Redacci\u00f3","twitter_card":"summary_large_image","twitter_misc":{"Escrit per":"Redacci\u00f3","Temps estimat de lectura":"1 minut"},"schema":{"@context":"https:\/\/schema.org","@graph":[{"@type":"Article","@id":"https:\/\/diarieducacio.cat\/rosasensat\/2016\/01\/26\/deures-escolars-i-perdua-de-la-perspectiva-de-compromis-amb-leducacio\/#article","isPartOf":{"@id":"https:\/\/diarieducacio.cat\/rosasensat\/2016\/01\/26\/deures-escolars-i-perdua-de-la-perspectiva-de-compromis-amb-leducacio\/"},"author":{"name":"Redacci\u00f3","@id":"https:\/\/diarieducacio.cat\/rosasensat\/#\/schema\/person\/04093d1227f1b01952d6187a5be57900"},"headline":"Deures escolars i p\u00e8rdua de la perspectiva de comprom\u00eds amb l&#8217;educaci\u00f3","datePublished":"2016-01-26T05:00:50+00:00","dateModified":"2024-10-27T20:38:10+00:00","mainEntityOfPage":{"@id":"https:\/\/diarieducacio.cat\/rosasensat\/2016\/01\/26\/deures-escolars-i-perdua-de-la-perspectiva-de-compromis-amb-leducacio\/"},"wordCount":280,"commentCount":0,"image":{"@id":"https:\/\/diarieducacio.cat\/rosasensat\/2016\/01\/26\/deures-escolars-i-perdua-de-la-perspectiva-de-compromis-amb-leducacio\/#primaryimage"},"thumbnailUrl":"https:\/\/diarieducacio.cat\/rosasensat\/wp-content\/uploads\/sites\/9\/2015\/12\/1443432964_stop-deberes.jpg","articleSection":["Deures"],"inLanguage":"ca","potentialAction":[{"@type":"CommentAction","name":"Comment","target":["https:\/\/diarieducacio.cat\/rosasensat\/2016\/01\/26\/deures-escolars-i-perdua-de-la-perspectiva-de-compromis-amb-leducacio\/#respond"]}]},{"@type":"WebPage","@id":"https:\/\/diarieducacio.cat\/rosasensat\/2016\/01\/26\/deures-escolars-i-perdua-de-la-perspectiva-de-compromis-amb-leducacio\/","url":"https:\/\/diarieducacio.cat\/rosasensat\/2016\/01\/26\/deures-escolars-i-perdua-de-la-perspectiva-de-compromis-amb-leducacio\/","name":"Deures escolars i p\u00e8rdua de la perspectiva de comprom\u00eds amb l'educaci\u00f3 - Blog de Rosa Sensat","isPartOf":{"@id":"https:\/\/diarieducacio.cat\/rosasensat\/#website"},"primaryImageOfPage":{"@id":"https:\/\/diarieducacio.cat\/rosasensat\/2016\/01\/26\/deures-escolars-i-perdua-de-la-perspectiva-de-compromis-amb-leducacio\/#primaryimage"},"image":{"@id":"https:\/\/diarieducacio.cat\/rosasensat\/2016\/01\/26\/deures-escolars-i-perdua-de-la-perspectiva-de-compromis-amb-leducacio\/#primaryimage"},"thumbnailUrl":"https:\/\/diarieducacio.cat\/rosasensat\/wp-content\/uploads\/sites\/9\/2015\/12\/1443432964_stop-deberes.jpg","datePublished":"2016-01-26T05:00:50+00:00","dateModified":"2024-10-27T20:38:10+00:00","author":{"@id":"https:\/\/diarieducacio.cat\/rosasensat\/#\/schema\/person\/04093d1227f1b01952d6187a5be57900"},"breadcrumb":{"@id":"https:\/\/diarieducacio.cat\/rosasensat\/2016\/01\/26\/deures-escolars-i-perdua-de-la-perspectiva-de-compromis-amb-leducacio\/#breadcrumb"},"inLanguage":"ca","potentialAction":[{"@type":"ReadAction","target":["https:\/\/diarieducacio.cat\/rosasensat\/2016\/01\/26\/deures-escolars-i-perdua-de-la-perspectiva-de-compromis-amb-leducacio\/"]}]},{"@type":"ImageObject","inLanguage":"ca","@id":"https:\/\/diarieducacio.cat\/rosasensat\/2016\/01\/26\/deures-escolars-i-perdua-de-la-perspectiva-de-compromis-amb-leducacio\/#primaryimage","url":"https:\/\/diarieducacio.cat\/rosasensat\/wp-content\/uploads\/sites\/9\/2015\/12\/1443432964_stop-deberes.jpg","contentUrl":"https:\/\/diarieducacio.cat\/rosasensat\/wp-content\/uploads\/sites\/9\/2015\/12\/1443432964_stop-deberes.jpg"},{"@type":"BreadcrumbList","@id":"https:\/\/diarieducacio.cat\/rosasensat\/2016\/01\/26\/deures-escolars-i-perdua-de-la-perspectiva-de-compromis-amb-leducacio\/#breadcrumb","itemListElement":[{"@type":"ListItem","position":1,"name":"Inici","item":"https:\/\/diarieducacio.cat\/rosasensat\/"},{"@type":"ListItem","position":2,"name":"Deures escolars i p\u00e8rdua de la perspectiva de comprom\u00eds amb l&#8217;educaci\u00f3"}]},{"@type":"WebSite","@id":"https:\/\/diarieducacio.cat\/rosasensat\/#website","url":"https:\/\/diarieducacio.cat\/rosasensat\/","name":"Blog de Rosa Sensat","description":"","potentialAction":[{"@type":"SearchAction","target":{"@type":"EntryPoint","urlTemplate":"https:\/\/diarieducacio.cat\/rosasensat\/?s={search_term_string}"},"query-input":{"@type":"PropertyValueSpecification","valueRequired":true,"valueName":"search_term_string"}}],"inLanguage":"ca"},{"@type":"Person","@id":"https:\/\/diarieducacio.cat\/rosasensat\/#\/schema\/person\/04093d1227f1b01952d6187a5be57900","name":"Redacci\u00f3","image":{"@type":"ImageObject","inLanguage":"ca","@id":"https:\/\/secure.gravatar.com\/avatar\/e952ad62e08be1daabaefebd12d26c1e5fbfd687693aaa066db2433a21638ad8?s=96&d=mm&r=g","url":"https:\/\/secure.gravatar.com\/avatar\/e952ad62e08be1daabaefebd12d26c1e5fbfd687693aaa066db2433a21638ad8?s=96&d=mm&r=g","contentUrl":"https:\/\/secure.gravatar.com\/avatar\/e952ad62e08be1daabaefebd12d26c1e5fbfd687693aaa066db2433a21638ad8?s=96&d=mm&r=g","caption":"Redacci\u00f3"},"url":"https:\/\/diarieducacio.cat\/rosasensat\/author\/npenin\/"}]}},"_links":{"self":[{"href":"https:\/\/diarieducacio.cat\/rosasensat\/wp-json\/wp\/v2\/posts\/3095","targetHints":{"allow":["GET"]}}],"collection":[{"href":"https:\/\/diarieducacio.cat\/rosasensat\/wp-json\/wp\/v2\/posts"}],"about":[{"href":"https:\/\/diarieducacio.cat\/rosasensat\/wp-json\/wp\/v2\/types\/post"}],"author":[{"embeddable":true,"href":"https:\/\/diarieducacio.cat\/rosasensat\/wp-json\/wp\/v2\/users\/1"}],"replies":[{"embeddable":true,"href":"https:\/\/diarieducacio.cat\/rosasensat\/wp-json\/wp\/v2\/comments?post=3095"}],"version-history":[{"count":1,"href":"https:\/\/diarieducacio.cat\/rosasensat\/wp-json\/wp\/v2\/posts\/3095\/revisions"}],"predecessor-version":[{"id":3096,"href":"https:\/\/diarieducacio.cat\/rosasensat\/wp-json\/wp\/v2\/posts\/3095\/revisions\/3096"}],"wp:attachment":[{"href":"https:\/\/diarieducacio.cat\/rosasensat\/wp-json\/wp\/v2\/media?parent=3095"}],"wp:term":[{"taxonomy":"category","embeddable":true,"href":"https:\/\/diarieducacio.cat\/rosasensat\/wp-json\/wp\/v2\/categories?post=3095"},{"taxonomy":"post_tag","embeddable":true,"href":"https:\/\/diarieducacio.cat\/rosasensat\/wp-json\/wp\/v2\/tags?post=3095"},{"taxonomy":"tipo","embeddable":true,"href":"https:\/\/diarieducacio.cat\/rosasensat\/wp-json\/wp\/v2\/tipo?post=3095"}],"curies":[{"name":"wp","href":"https:\/\/api.w.org\/{rel}","templated":true}]}}