{"id":3107,"date":"2016-02-03T06:00:05","date_gmt":"2016-02-03T05:00:05","guid":{"rendered":"https:\/\/nostalgic-ishizaka.82-223-1-47.plesk.page\/rosasensat\/2016\/02\/03\/preparacio-per-a-la-vida-o-per-a-lexit-escolar\/"},"modified":"2024-10-27T21:38:18","modified_gmt":"2024-10-27T20:38:18","slug":"preparacio-per-a-la-vida-o-per-a-lexit-escolar","status":"publish","type":"post","link":"https:\/\/diarieducacio.cat\/rosasensat\/2016\/02\/03\/preparacio-per-a-la-vida-o-per-a-lexit-escolar\/","title":{"rendered":"Preparaci\u00f3 per a la vida o per a l\u2019\u00e8xit escolar?"},"content":{"rendered":"<figure id=\"attachment_558\" aria-describedby=\"caption-attachment-558\" style=\"width: 1400px\" class=\"wp-caption aligncenter\"><a href=\"https:\/\/diarieducacio.cat\/rosasensat\/wp-content\/uploads\/sites\/9\/2016\/02\/jobs-1.jpg\" rel=\"attachment wp-att-558\"><img fetchpriority=\"high\" decoding=\"async\" class=\"wp-image-558 size-full\" title=\"Steve Jobs i Steve Wozniak al garatge, als inicis d'Apple\" src=\"https:\/\/diarieducacio.cat\/rosasensat\/wp-content\/uploads\/sites\/9\/2016\/02\/jobs-1.jpg\" alt=\"Apple Computer wurde 1976 von Steve Jobs (links), Steve Wozniak (rechts) und Ronald Wayne (nicht im Bild) in der Garage von Jobs' Eltern gegr (Archivfoto aus dem Jahr 1976). Foto: Apple +++(c) dpa - Report+++\" width=\"1400\" height=\"1029\" \/><\/a><figcaption id=\"caption-attachment-558\" class=\"wp-caption-text\"><em><strong>Steve Jobs i Steve Wozniak al garatge, als inicis d&#8217;Apple.<\/strong><\/em><\/figcaption><\/figure>\n<p>Fa un parell de mesos vaig assistir a una confer\u00e8ncia d\u2019en Richard Gerver, un dels referents en innovaci\u00f3 educativa i autor de dos assaigs prou interessants (\u201c<em>Crear hoy la escuela del ma\u00f1ana\u201d<\/em>\u00a0 i\u00a0<em>\u201cEl Cambio: aprende a quererlo, aprende a liderarlo\u201d<\/em>\u00a0). Va ser una xerrada molt amena i on va deixar anar algunes p\u00edndoles sobre el futur de l\u2019educaci\u00f3 i de la societat en general, tot ben amanit amb nombroses situacions familiars i personals. Una de les an\u00e8cdotes es referia a un encontre que va tenir amb l\u2019Steve Wozniak, el cofundador d\u2019Apple, on aquest li recordava com, al m\u00edtic garatge, quan l\u2019empresa comen\u00e7ava a fer-se gran, van dubtar sobre quin perfil havien de tenir les persones que necessitaven contractar&#8230; Quina va ser la seva decisi\u00f3?<\/p>\n<p>Si penseu en t\u00e8cnics inform\u00e0tics, enginyers electr\u00f2nics, matem\u00e0tics, etc. us equivoqueu perqu\u00e8 Wozniak i Jobs van entendre, finalment, que el que els calia era un perfil de persona que fos capa\u00e7 de treballar sense ning\u00fa que els man\u00e9s, sense director, sense gerent, sense cap de personal; volien persones que tinguessin iniciativa per donar resposta als problemes que poguessin trobar (en aquell moment, encara desconeguts).<\/p>\n<blockquote><p><strong>Els alumnes han estudiat matem\u00e0tiques per\u00f2 \u00bfserien capa\u00e7os de calcular i entendre el que els costaria un pr\u00e9stec bancari?<\/strong><\/p><\/blockquote>\n<p>El fet anterior, extrapolat a l\u2019escola, ens fa reflexionar sobre si l\u2019escola afavoreix la formaci\u00f3 d\u2019aquest tipus de ciutad\u00e0 aut\u00f2nom i pensador capa\u00e7 d\u2019aplicar en el seu dia a dia el que ha apr\u00e9s a l\u2019aula. O, dit duna altra manera, si els coneixements i habilitats \u00fatils a la vida s\u00f3n els mateixos que s\u2019utilitzen per a l\u2019\u00e8xit acad\u00e8mic. Els alumnes que als setze anys acaben els estudis obligatoris tenen coneixements de qu\u00edmica per\u00f2 \u00bfsaben llegir l\u2019etiqueta dels productes que trobem al supermercat?; els alumnes han estudiat matem\u00e0tiques per\u00f2 \u00bfserien capa\u00e7os de calcular i entendre el que els costaria un pr\u00e9stec bancari?; han practicat llengua i llegit literatura per\u00f2 \u00bfpoden expressar amb coher\u00e8ncia els seus sentiments en un full, negre sobre blanc?, etc.<\/p>\n<p>Actualment, el perfil de persones que cerquen les empreses que fan entrevistes de treball no t\u00e9 a veure nom\u00e9s amb els estudis que han realitzat i amb els m\u00e0sters que acaparen. Les empreses volen persones que siguin \u201cmultcultis\u201d, \u00e9s a dir, que es puguin relacionar i entendre amb d\u2019altres de diferent cultura, religi\u00f3, ra\u00e7a, etc. A m\u00e9s a m\u00e9s, volen que tinguin coneixements d\u2019inform\u00e0tica (que s\u00e0piguen moure\u2019s per les xarxes socials, que coneguin com fer una videoconfer\u00e8ncia, que puguin trobar f\u00e0cilment la informaci\u00f3 rellevant a la xarxa, etc.). Els coneixements de diversos idiomes tamb\u00e9 \u00e9s ben valorat i apreciat. I sobretot, sobretot, busquen persones que siguin capaces de treballar en equip perqu\u00e8 est\u00e0 demostrat que el resultat dels grups que es coordinen i on tots aporten i sumen, obtenen uns resultats laborals i humans, exponencialment molt superiors.<\/p>\n<p>Aquestes aspectes formen part del perfil de persona competent que busquen les empreses, ara mateix: Capacitat de resoldre problemes aut\u00f2nomament, multiculturalitat, capacitat de treball en equip, coneixements inform\u00e0tics i d\u2019idiomes. La pregunta \u00e9s si s\u00f3n antag\u00f2niques aquestes visions del que s\u2019hauria d\u2019aprendre a l\u2019escola, a l\u2019institut, amb el que s\u2019ensenya. Crec que no, per\u00f2 potser caldria mirar una mica cap a l\u2019interior de cadasc\u00fa de nosaltres i pensar quina mena de ciutadans volem que siguin, realment, els nostres alumnes.<\/p>\n","protected":false},"excerpt":{"rendered":"<p>\u00bfL\u2019escola afavoreix la formaci\u00f3 d&#8217;una ciutadania aut\u00f2noma i pensadora capa\u00e7 d\u2019aplicar en el seu dia a dia el que ha apr\u00e9s a l\u2019aula? O, dit duna altra manera, \u00bfels coneixements i habilitats \u00fatils a la vida s\u00f3n els mateixos que avui s\u2019utilitzen per a l\u2019\u00e8xit acad\u00e8mic?<\/p>\n","protected":false},"author":1,"featured_media":0,"comment_status":"open","ping_status":"open","sticky":false,"template":"","format":"standard","meta":{"footnotes":""},"categories":[2],"tags":[],"tipo":[],"class_list":{"0":"post-3107","1":"post","2":"type-post","3":"status-publish","4":"format-standard","6":"category-general"},"yoast_head":"<!-- This site is optimized with the Yoast SEO plugin v27.4 - https:\/\/yoast.com\/product\/yoast-seo-wordpress\/ -->\n<title>Preparaci\u00f3 per a la vida o per a l\u2019\u00e8xit escolar? - Blog de Rosa Sensat<\/title>\n<meta name=\"robots\" content=\"index, follow, max-snippet:-1, max-image-preview:large, max-video-preview:-1\" \/>\n<link rel=\"canonical\" href=\"https:\/\/diarieducacio.cat\/rosasensat\/2016\/02\/03\/preparacio-per-a-la-vida-o-per-a-lexit-escolar\/\" \/>\n<meta property=\"og:locale\" content=\"ca_ES\" \/>\n<meta property=\"og:type\" content=\"article\" \/>\n<meta property=\"og:title\" content=\"Preparaci\u00f3 per a la vida o per a l\u2019\u00e8xit escolar? - Blog de Rosa Sensat\" \/>\n<meta property=\"og:description\" content=\"\u00bfL\u2019escola afavoreix la formaci\u00f3 d&#039;una ciutadania aut\u00f2noma i pensadora capa\u00e7 d\u2019aplicar en el seu dia a dia el que ha apr\u00e9s a l\u2019aula? O, dit duna altra manera, \u00bfels coneixements i habilitats \u00fatils a la vida s\u00f3n els mateixos que avui s\u2019utilitzen per a l\u2019\u00e8xit acad\u00e8mic?\" \/>\n<meta property=\"og:url\" content=\"https:\/\/diarieducacio.cat\/rosasensat\/2016\/02\/03\/preparacio-per-a-la-vida-o-per-a-lexit-escolar\/\" \/>\n<meta property=\"og:site_name\" content=\"Blog de Rosa Sensat\" \/>\n<meta property=\"article:published_time\" content=\"2016-02-03T05:00:05+00:00\" \/>\n<meta property=\"article:modified_time\" content=\"2024-10-27T20:38:18+00:00\" \/>\n<meta name=\"author\" content=\"Redacci\u00f3\" \/>\n<meta name=\"twitter:card\" content=\"summary_large_image\" \/>\n<meta name=\"twitter:label1\" content=\"Escrit per\" \/>\n\t<meta name=\"twitter:data1\" content=\"Redacci\u00f3\" \/>\n\t<meta name=\"twitter:label2\" content=\"Temps estimat de lectura\" \/>\n\t<meta name=\"twitter:data2\" content=\"3 minuts\" \/>\n<script type=\"application\/ld+json\" class=\"yoast-schema-graph\">{\"@context\":\"https:\\\/\\\/schema.org\",\"@graph\":[{\"@type\":\"Article\",\"@id\":\"https:\\\/\\\/diarieducacio.cat\\\/rosasensat\\\/2016\\\/02\\\/03\\\/preparacio-per-a-la-vida-o-per-a-lexit-escolar\\\/#article\",\"isPartOf\":{\"@id\":\"https:\\\/\\\/diarieducacio.cat\\\/rosasensat\\\/2016\\\/02\\\/03\\\/preparacio-per-a-la-vida-o-per-a-lexit-escolar\\\/\"},\"author\":{\"name\":\"Redacci\u00f3\",\"@id\":\"https:\\\/\\\/diarieducacio.cat\\\/rosasensat\\\/#\\\/schema\\\/person\\\/04093d1227f1b01952d6187a5be57900\"},\"headline\":\"Preparaci\u00f3 per a la vida o per a l\u2019\u00e8xit escolar?\",\"datePublished\":\"2016-02-03T05:00:05+00:00\",\"dateModified\":\"2024-10-27T20:38:18+00:00\",\"mainEntityOfPage\":{\"@id\":\"https:\\\/\\\/diarieducacio.cat\\\/rosasensat\\\/2016\\\/02\\\/03\\\/preparacio-per-a-la-vida-o-per-a-lexit-escolar\\\/\"},\"wordCount\":635,\"commentCount\":0,\"image\":{\"@id\":\"https:\\\/\\\/diarieducacio.cat\\\/rosasensat\\\/2016\\\/02\\\/03\\\/preparacio-per-a-la-vida-o-per-a-lexit-escolar\\\/#primaryimage\"},\"thumbnailUrl\":\"https:\\\/\\\/diarieducacio.cat\\\/rosasensat\\\/wp-content\\\/uploads\\\/sites\\\/9\\\/2016\\\/02\\\/jobs-1.jpg\",\"articleSection\":[\"General\"],\"inLanguage\":\"ca\",\"potentialAction\":[{\"@type\":\"CommentAction\",\"name\":\"Comment\",\"target\":[\"https:\\\/\\\/diarieducacio.cat\\\/rosasensat\\\/2016\\\/02\\\/03\\\/preparacio-per-a-la-vida-o-per-a-lexit-escolar\\\/#respond\"]}]},{\"@type\":\"WebPage\",\"@id\":\"https:\\\/\\\/diarieducacio.cat\\\/rosasensat\\\/2016\\\/02\\\/03\\\/preparacio-per-a-la-vida-o-per-a-lexit-escolar\\\/\",\"url\":\"https:\\\/\\\/diarieducacio.cat\\\/rosasensat\\\/2016\\\/02\\\/03\\\/preparacio-per-a-la-vida-o-per-a-lexit-escolar\\\/\",\"name\":\"Preparaci\u00f3 per a la vida o per a l\u2019\u00e8xit escolar? - Blog de Rosa Sensat\",\"isPartOf\":{\"@id\":\"https:\\\/\\\/diarieducacio.cat\\\/rosasensat\\\/#website\"},\"primaryImageOfPage\":{\"@id\":\"https:\\\/\\\/diarieducacio.cat\\\/rosasensat\\\/2016\\\/02\\\/03\\\/preparacio-per-a-la-vida-o-per-a-lexit-escolar\\\/#primaryimage\"},\"image\":{\"@id\":\"https:\\\/\\\/diarieducacio.cat\\\/rosasensat\\\/2016\\\/02\\\/03\\\/preparacio-per-a-la-vida-o-per-a-lexit-escolar\\\/#primaryimage\"},\"thumbnailUrl\":\"https:\\\/\\\/diarieducacio.cat\\\/rosasensat\\\/wp-content\\\/uploads\\\/sites\\\/9\\\/2016\\\/02\\\/jobs-1.jpg\",\"datePublished\":\"2016-02-03T05:00:05+00:00\",\"dateModified\":\"2024-10-27T20:38:18+00:00\",\"author\":{\"@id\":\"https:\\\/\\\/diarieducacio.cat\\\/rosasensat\\\/#\\\/schema\\\/person\\\/04093d1227f1b01952d6187a5be57900\"},\"breadcrumb\":{\"@id\":\"https:\\\/\\\/diarieducacio.cat\\\/rosasensat\\\/2016\\\/02\\\/03\\\/preparacio-per-a-la-vida-o-per-a-lexit-escolar\\\/#breadcrumb\"},\"inLanguage\":\"ca\",\"potentialAction\":[{\"@type\":\"ReadAction\",\"target\":[\"https:\\\/\\\/diarieducacio.cat\\\/rosasensat\\\/2016\\\/02\\\/03\\\/preparacio-per-a-la-vida-o-per-a-lexit-escolar\\\/\"]}]},{\"@type\":\"ImageObject\",\"inLanguage\":\"ca\",\"@id\":\"https:\\\/\\\/diarieducacio.cat\\\/rosasensat\\\/2016\\\/02\\\/03\\\/preparacio-per-a-la-vida-o-per-a-lexit-escolar\\\/#primaryimage\",\"url\":\"https:\\\/\\\/diarieducacio.cat\\\/rosasensat\\\/wp-content\\\/uploads\\\/sites\\\/9\\\/2016\\\/02\\\/jobs-1.jpg\",\"contentUrl\":\"https:\\\/\\\/diarieducacio.cat\\\/rosasensat\\\/wp-content\\\/uploads\\\/sites\\\/9\\\/2016\\\/02\\\/jobs-1.jpg\"},{\"@type\":\"BreadcrumbList\",\"@id\":\"https:\\\/\\\/diarieducacio.cat\\\/rosasensat\\\/2016\\\/02\\\/03\\\/preparacio-per-a-la-vida-o-per-a-lexit-escolar\\\/#breadcrumb\",\"itemListElement\":[{\"@type\":\"ListItem\",\"position\":1,\"name\":\"Inici\",\"item\":\"https:\\\/\\\/diarieducacio.cat\\\/rosasensat\\\/\"},{\"@type\":\"ListItem\",\"position\":2,\"name\":\"Preparaci\u00f3 per a la vida o per a l\u2019\u00e8xit escolar?\"}]},{\"@type\":\"WebSite\",\"@id\":\"https:\\\/\\\/diarieducacio.cat\\\/rosasensat\\\/#website\",\"url\":\"https:\\\/\\\/diarieducacio.cat\\\/rosasensat\\\/\",\"name\":\"Blog de Rosa Sensat\",\"description\":\"\",\"potentialAction\":[{\"@type\":\"SearchAction\",\"target\":{\"@type\":\"EntryPoint\",\"urlTemplate\":\"https:\\\/\\\/diarieducacio.cat\\\/rosasensat\\\/?s={search_term_string}\"},\"query-input\":{\"@type\":\"PropertyValueSpecification\",\"valueRequired\":true,\"valueName\":\"search_term_string\"}}],\"inLanguage\":\"ca\"},{\"@type\":\"Person\",\"@id\":\"https:\\\/\\\/diarieducacio.cat\\\/rosasensat\\\/#\\\/schema\\\/person\\\/04093d1227f1b01952d6187a5be57900\",\"name\":\"Redacci\u00f3\",\"image\":{\"@type\":\"ImageObject\",\"inLanguage\":\"ca\",\"@id\":\"https:\\\/\\\/secure.gravatar.com\\\/avatar\\\/e952ad62e08be1daabaefebd12d26c1e5fbfd687693aaa066db2433a21638ad8?s=96&d=mm&r=g\",\"url\":\"https:\\\/\\\/secure.gravatar.com\\\/avatar\\\/e952ad62e08be1daabaefebd12d26c1e5fbfd687693aaa066db2433a21638ad8?s=96&d=mm&r=g\",\"contentUrl\":\"https:\\\/\\\/secure.gravatar.com\\\/avatar\\\/e952ad62e08be1daabaefebd12d26c1e5fbfd687693aaa066db2433a21638ad8?s=96&d=mm&r=g\",\"caption\":\"Redacci\u00f3\"},\"url\":\"https:\\\/\\\/diarieducacio.cat\\\/rosasensat\\\/author\\\/npenin\\\/\"}]}<\/script>\n<!-- \/ Yoast SEO plugin. -->","yoast_head_json":{"title":"Preparaci\u00f3 per a la vida o per a l\u2019\u00e8xit escolar? - Blog de Rosa Sensat","robots":{"index":"index","follow":"follow","max-snippet":"max-snippet:-1","max-image-preview":"max-image-preview:large","max-video-preview":"max-video-preview:-1"},"canonical":"https:\/\/diarieducacio.cat\/rosasensat\/2016\/02\/03\/preparacio-per-a-la-vida-o-per-a-lexit-escolar\/","og_locale":"ca_ES","og_type":"article","og_title":"Preparaci\u00f3 per a la vida o per a l\u2019\u00e8xit escolar? - Blog de Rosa Sensat","og_description":"\u00bfL\u2019escola afavoreix la formaci\u00f3 d'una ciutadania aut\u00f2noma i pensadora capa\u00e7 d\u2019aplicar en el seu dia a dia el que ha apr\u00e9s a l\u2019aula? O, dit duna altra manera, \u00bfels coneixements i habilitats \u00fatils a la vida s\u00f3n els mateixos que avui s\u2019utilitzen per a l\u2019\u00e8xit acad\u00e8mic?","og_url":"https:\/\/diarieducacio.cat\/rosasensat\/2016\/02\/03\/preparacio-per-a-la-vida-o-per-a-lexit-escolar\/","og_site_name":"Blog de Rosa Sensat","article_published_time":"2016-02-03T05:00:05+00:00","article_modified_time":"2024-10-27T20:38:18+00:00","author":"Redacci\u00f3","twitter_card":"summary_large_image","twitter_misc":{"Escrit per":"Redacci\u00f3","Temps estimat de lectura":"3 minuts"},"schema":{"@context":"https:\/\/schema.org","@graph":[{"@type":"Article","@id":"https:\/\/diarieducacio.cat\/rosasensat\/2016\/02\/03\/preparacio-per-a-la-vida-o-per-a-lexit-escolar\/#article","isPartOf":{"@id":"https:\/\/diarieducacio.cat\/rosasensat\/2016\/02\/03\/preparacio-per-a-la-vida-o-per-a-lexit-escolar\/"},"author":{"name":"Redacci\u00f3","@id":"https:\/\/diarieducacio.cat\/rosasensat\/#\/schema\/person\/04093d1227f1b01952d6187a5be57900"},"headline":"Preparaci\u00f3 per a la vida o per a l\u2019\u00e8xit escolar?","datePublished":"2016-02-03T05:00:05+00:00","dateModified":"2024-10-27T20:38:18+00:00","mainEntityOfPage":{"@id":"https:\/\/diarieducacio.cat\/rosasensat\/2016\/02\/03\/preparacio-per-a-la-vida-o-per-a-lexit-escolar\/"},"wordCount":635,"commentCount":0,"image":{"@id":"https:\/\/diarieducacio.cat\/rosasensat\/2016\/02\/03\/preparacio-per-a-la-vida-o-per-a-lexit-escolar\/#primaryimage"},"thumbnailUrl":"https:\/\/diarieducacio.cat\/rosasensat\/wp-content\/uploads\/sites\/9\/2016\/02\/jobs-1.jpg","articleSection":["General"],"inLanguage":"ca","potentialAction":[{"@type":"CommentAction","name":"Comment","target":["https:\/\/diarieducacio.cat\/rosasensat\/2016\/02\/03\/preparacio-per-a-la-vida-o-per-a-lexit-escolar\/#respond"]}]},{"@type":"WebPage","@id":"https:\/\/diarieducacio.cat\/rosasensat\/2016\/02\/03\/preparacio-per-a-la-vida-o-per-a-lexit-escolar\/","url":"https:\/\/diarieducacio.cat\/rosasensat\/2016\/02\/03\/preparacio-per-a-la-vida-o-per-a-lexit-escolar\/","name":"Preparaci\u00f3 per a la vida o per a l\u2019\u00e8xit escolar? - Blog de Rosa Sensat","isPartOf":{"@id":"https:\/\/diarieducacio.cat\/rosasensat\/#website"},"primaryImageOfPage":{"@id":"https:\/\/diarieducacio.cat\/rosasensat\/2016\/02\/03\/preparacio-per-a-la-vida-o-per-a-lexit-escolar\/#primaryimage"},"image":{"@id":"https:\/\/diarieducacio.cat\/rosasensat\/2016\/02\/03\/preparacio-per-a-la-vida-o-per-a-lexit-escolar\/#primaryimage"},"thumbnailUrl":"https:\/\/diarieducacio.cat\/rosasensat\/wp-content\/uploads\/sites\/9\/2016\/02\/jobs-1.jpg","datePublished":"2016-02-03T05:00:05+00:00","dateModified":"2024-10-27T20:38:18+00:00","author":{"@id":"https:\/\/diarieducacio.cat\/rosasensat\/#\/schema\/person\/04093d1227f1b01952d6187a5be57900"},"breadcrumb":{"@id":"https:\/\/diarieducacio.cat\/rosasensat\/2016\/02\/03\/preparacio-per-a-la-vida-o-per-a-lexit-escolar\/#breadcrumb"},"inLanguage":"ca","potentialAction":[{"@type":"ReadAction","target":["https:\/\/diarieducacio.cat\/rosasensat\/2016\/02\/03\/preparacio-per-a-la-vida-o-per-a-lexit-escolar\/"]}]},{"@type":"ImageObject","inLanguage":"ca","@id":"https:\/\/diarieducacio.cat\/rosasensat\/2016\/02\/03\/preparacio-per-a-la-vida-o-per-a-lexit-escolar\/#primaryimage","url":"https:\/\/diarieducacio.cat\/rosasensat\/wp-content\/uploads\/sites\/9\/2016\/02\/jobs-1.jpg","contentUrl":"https:\/\/diarieducacio.cat\/rosasensat\/wp-content\/uploads\/sites\/9\/2016\/02\/jobs-1.jpg"},{"@type":"BreadcrumbList","@id":"https:\/\/diarieducacio.cat\/rosasensat\/2016\/02\/03\/preparacio-per-a-la-vida-o-per-a-lexit-escolar\/#breadcrumb","itemListElement":[{"@type":"ListItem","position":1,"name":"Inici","item":"https:\/\/diarieducacio.cat\/rosasensat\/"},{"@type":"ListItem","position":2,"name":"Preparaci\u00f3 per a la vida o per a l\u2019\u00e8xit escolar?"}]},{"@type":"WebSite","@id":"https:\/\/diarieducacio.cat\/rosasensat\/#website","url":"https:\/\/diarieducacio.cat\/rosasensat\/","name":"Blog de Rosa Sensat","description":"","potentialAction":[{"@type":"SearchAction","target":{"@type":"EntryPoint","urlTemplate":"https:\/\/diarieducacio.cat\/rosasensat\/?s={search_term_string}"},"query-input":{"@type":"PropertyValueSpecification","valueRequired":true,"valueName":"search_term_string"}}],"inLanguage":"ca"},{"@type":"Person","@id":"https:\/\/diarieducacio.cat\/rosasensat\/#\/schema\/person\/04093d1227f1b01952d6187a5be57900","name":"Redacci\u00f3","image":{"@type":"ImageObject","inLanguage":"ca","@id":"https:\/\/secure.gravatar.com\/avatar\/e952ad62e08be1daabaefebd12d26c1e5fbfd687693aaa066db2433a21638ad8?s=96&d=mm&r=g","url":"https:\/\/secure.gravatar.com\/avatar\/e952ad62e08be1daabaefebd12d26c1e5fbfd687693aaa066db2433a21638ad8?s=96&d=mm&r=g","contentUrl":"https:\/\/secure.gravatar.com\/avatar\/e952ad62e08be1daabaefebd12d26c1e5fbfd687693aaa066db2433a21638ad8?s=96&d=mm&r=g","caption":"Redacci\u00f3"},"url":"https:\/\/diarieducacio.cat\/rosasensat\/author\/npenin\/"}]}},"_links":{"self":[{"href":"https:\/\/diarieducacio.cat\/rosasensat\/wp-json\/wp\/v2\/posts\/3107","targetHints":{"allow":["GET"]}}],"collection":[{"href":"https:\/\/diarieducacio.cat\/rosasensat\/wp-json\/wp\/v2\/posts"}],"about":[{"href":"https:\/\/diarieducacio.cat\/rosasensat\/wp-json\/wp\/v2\/types\/post"}],"author":[{"embeddable":true,"href":"https:\/\/diarieducacio.cat\/rosasensat\/wp-json\/wp\/v2\/users\/1"}],"replies":[{"embeddable":true,"href":"https:\/\/diarieducacio.cat\/rosasensat\/wp-json\/wp\/v2\/comments?post=3107"}],"version-history":[{"count":1,"href":"https:\/\/diarieducacio.cat\/rosasensat\/wp-json\/wp\/v2\/posts\/3107\/revisions"}],"predecessor-version":[{"id":3108,"href":"https:\/\/diarieducacio.cat\/rosasensat\/wp-json\/wp\/v2\/posts\/3107\/revisions\/3108"}],"wp:attachment":[{"href":"https:\/\/diarieducacio.cat\/rosasensat\/wp-json\/wp\/v2\/media?parent=3107"}],"wp:term":[{"taxonomy":"category","embeddable":true,"href":"https:\/\/diarieducacio.cat\/rosasensat\/wp-json\/wp\/v2\/categories?post=3107"},{"taxonomy":"post_tag","embeddable":true,"href":"https:\/\/diarieducacio.cat\/rosasensat\/wp-json\/wp\/v2\/tags?post=3107"},{"taxonomy":"tipo","embeddable":true,"href":"https:\/\/diarieducacio.cat\/rosasensat\/wp-json\/wp\/v2\/tipo?post=3107"}],"curies":[{"name":"wp","href":"https:\/\/api.w.org\/{rel}","templated":true}]}}