{"id":3128,"date":"2016-03-08T10:05:15","date_gmt":"2016-03-08T09:05:15","guid":{"rendered":"https:\/\/nostalgic-ishizaka.82-223-1-47.plesk.page\/rosasensat\/2016\/03\/08\/de-les-petites-coses\/"},"modified":"2024-10-27T21:38:36","modified_gmt":"2024-10-27T20:38:36","slug":"de-les-petites-coses","status":"publish","type":"post","link":"https:\/\/diarieducacio.cat\/rosasensat\/2016\/03\/08\/de-les-petites-coses\/","title":{"rendered":"De les petites coses"},"content":{"rendered":"<figure id=\"attachment_644\" aria-describedby=\"caption-attachment-644\" style=\"width: 720px\" class=\"wp-caption aligncenter\"><a href=\"https:\/\/diarieducacio.cat\/rosasensat\/wp-content\/uploads\/sites\/9\/2016\/03\/IMG_6047.jpg\" rel=\"attachment wp-att-644\"><img fetchpriority=\"high\" decoding=\"async\" class=\"wp-image-644 size-full\" src=\"https:\/\/diarieducacio.cat\/rosasensat\/wp-content\/uploads\/sites\/9\/2016\/03\/IMG_6047.jpg\" alt=\"IMG_6047\" width=\"720\" height=\"480\" \/><\/a><figcaption id=\"caption-attachment-644\" class=\"wp-caption-text\">Foto: Lectura de la declaraci\u00f3 de l\u2019Escola d\u2019Estiu de Rosa Sensat. \/ Pablo Ram\u00edrez<\/figcaption><\/figure>\n<p>Un altre any tornem a celebrar el dia Internacional de la Dona. Es torna a parlar de la situaci\u00f3 de les dones, de les desigualtats a nivell mundial, els mitjans audiovisuals van farcits de dades que ens en donen una panor\u00e0mica general.<\/p>\n<p>No far\u00e9 una an\u00e0lisi de les dades macro, no s\u00f3c cap experta i no puc aprofundir en un tema tan complex. Jo em fixo en les coses petites del meu voltant, en els gests nimis, en all\u00f2 que les dones fem cada dia i que s\u00f3n el substrat, el corrent soterrani que afavoreix la desigualtat que encara patim, a voltes imperceptiblement, a voltes com una petita nosa que pa\u00efm sense adonar-nos-en.<\/p>\n<blockquote><p><strong>Potser l\u2019home fa la compra, per\u00f2 \u00e9s la dona qui fa la llista<\/strong><\/p><\/blockquote>\n<p>Quan sento parlar a dones, sobretot joves, en converses disteses on es comenta el dia a dia, m\u2019adono que la responsabilitat de l\u2019organitzaci\u00f3 familiar recau en elles. En la majoria de fam\u00edlies \u00e9s la dona qui es preocupa de la intend\u00e8ncia, potser l\u2019home fa la compra, per\u00f2 \u00e9s la dona qui fa la llista. \u00c9s la dona qui est\u00e0 al cas de la renovaci\u00f3 de vestuari de les criatures i no diguem de la roba de casa, aquest \u00e9s un territori absolutament femen\u00ed. \u00c9s la dona qui porta el control de les visites m\u00e8diques, potser el pare porta filles i fills al metge, per\u00f2 \u00e9s la mare qui est\u00e0 al cas del dia i de l\u2019hora en qu\u00e8 s\u2019hi ha d\u2019anar. \u00c9s la dona qui&#8230; Podr\u00edem estendre la llista per\u00f2 crec que no cal, queda palesa quina \u00e9s la intenci\u00f3.<\/p>\n<p>El m\u00e9s sorprenent \u00e9s que una bona part de les dones no fan cap q\u00fcestionament de la seva situaci\u00f3, l\u2019accepten, fins i tot ho troben natural, consubstancial amb elles mateixes, com si form\u00e9s part del seu ADN.<\/p>\n<p>Quan parlem del tema amb grups d\u2019amics o en tert\u00falies familiars sempre hi ha qui assegura que tot ha canviat molt, que les desigualtats pr\u00e0cticament han desaparegut; segons la meva percepci\u00f3, aquestes opinions s\u00f3n m\u00e9s fruit d\u2019indicadors poc consistents que d\u2019all\u00f2 que en realitat passa.<\/p>\n<p>On aquesta percepci\u00f3 \u00e9s m\u00e9s simptom\u00e0tica \u00e9s en l\u2019adolesc\u00e8ncia. \u00c9s preocupant que les noies trobin totalment \u201cnormal\u201d complaure els nois, el fet que ells tinguin tot el dret a fiscalitzar el seu m\u00f2bil o a dir-los com han d\u2019anar vestides. Qu\u00e8 ens est\u00e0 passant? Qu\u00e8 hem fet malament? Quin model estan reben de la societat adulta? Quins valors els estem transmetent?<\/p>\n<blockquote><p><strong>Segles i segles de patir aquest estat de coses, aquestes condicions, ens ha fet ser com som<\/strong><\/p><\/blockquote>\n<p>Casualment, fa pocs dies he acabat de llegir un llibre que, malgrat no tracta espec\u00edficament sobre les dones, s\u00ed hi fa refer\u00e8ncia constant. Llegint-lo he ent\u00e8s quines s\u00f3n les raons d\u2019aquesta submissi\u00f3 volunt\u00e0ria, d\u2019aquesta acceptaci\u00f3 sense reserves de les desigualtats tant a nivell social com familiar.<\/p>\n<p>Diferents societats, comen\u00e7ant per la grega, bressol de totes les civilitzacions i de la democr\u00e0cia, han adjudicat a la dona un paper secundari. Aix\u00f2 ha estat una constant al llarg del segles: durant cents d\u2019anys no se\u2019ns ha perm\u00e8s l\u2019acc\u00e9s a l\u2019educaci\u00f3, se\u2019ns ha excl\u00f2s de la pol\u00edtica; les accions violentes en l\u2019\u00e0mbit familiar han estat sovintejades sota la consideraci\u00f3 impl\u00edcita de ser propietat dels pare i, posteriorment, del marit, maltractaments que han format part dels \u201ccostums socials\u201d justificats pels poders establerts.<\/p>\n<p>Segles i segles de patir aquest estat de coses, aquestes condicions, ens ha fet ser com som. Saber d\u2019on venim ens ajuda a entendre el per qu\u00e8 de tot plegat. Saber la nostra hist\u00f2ria ens ha d\u2019ajudar a propiciar canvis, canvis com els que van aconseguir dones valentes i generoses, dones que van entendre que havia arribat el moment de dir prou, dones que a finals del segle XIX van lluitar pel dret de vot d\u2019aquest col\u00b7lectiu i que, posteriorment, van continuar demanant-ne d\u2019altres. Va ser l\u2019inici d\u2019un cam\u00ed llarg que requereix, sense cap dubte, el convenciment i la voluntat ferma, la determinaci\u00f3 en construir la nostra vida quotidiana en base al principi d\u2019igualtat entre homes i dones.<\/p>\n","protected":false},"excerpt":{"rendered":"<p>Saber la nostra hist\u00f2ria ens ha d\u2019ajudar a propiciar canvis, canvis com els que van aconseguir dones valentes i generoses, dones que van entendre que havia arribat el moment de dir prou, dones que a finals del segle XIX van lluitar pel dret de vot d\u2019aquest col\u00b7lectiu i que, posteriorment, van continuar demanant-ne d\u2019altres. Va ser l\u2019inici d\u2019un cam\u00ed llarg que requereix, sense cap dubte, el convenciment i la voluntat ferma, la determinaci\u00f3 en construir la nostra vida quotidiana en base al principi d\u2019igualtat entre homes i dones.<\/p>\n","protected":false},"author":1,"featured_media":0,"comment_status":"open","ping_status":"open","sticky":false,"template":"","format":"standard","meta":{"footnotes":""},"categories":[2],"tags":[],"tipo":[],"class_list":{"0":"post-3128","1":"post","2":"type-post","3":"status-publish","4":"format-standard","6":"category-general"},"yoast_head":"<!-- This site is optimized with the Yoast SEO plugin v27.5 - https:\/\/yoast.com\/product\/yoast-seo-wordpress\/ -->\n<title>De les petites coses - Blog de Rosa Sensat<\/title>\n<meta name=\"robots\" content=\"index, follow, max-snippet:-1, max-image-preview:large, max-video-preview:-1\" \/>\n<link rel=\"canonical\" href=\"https:\/\/diarieducacio.cat\/rosasensat\/2016\/03\/08\/de-les-petites-coses\/\" \/>\n<meta property=\"og:locale\" content=\"ca_ES\" \/>\n<meta property=\"og:type\" content=\"article\" \/>\n<meta property=\"og:title\" content=\"De les petites coses - Blog de Rosa Sensat\" \/>\n<meta property=\"og:description\" content=\"Saber la nostra hist\u00f2ria ens ha d\u2019ajudar a propiciar canvis, canvis com els que van aconseguir dones valentes i generoses, dones que van entendre que havia arribat el moment de dir prou, dones que a finals del segle XIX van lluitar pel dret de vot d\u2019aquest col\u00b7lectiu i que, posteriorment, van continuar demanant-ne d\u2019altres. Va ser l\u2019inici d\u2019un cam\u00ed llarg que requereix, sense cap dubte, el convenciment i la voluntat ferma, la determinaci\u00f3 en construir la nostra vida quotidiana en base al principi d\u2019igualtat entre homes i dones.\" \/>\n<meta property=\"og:url\" content=\"https:\/\/diarieducacio.cat\/rosasensat\/2016\/03\/08\/de-les-petites-coses\/\" \/>\n<meta property=\"og:site_name\" content=\"Blog de Rosa Sensat\" \/>\n<meta property=\"article:published_time\" content=\"2016-03-08T09:05:15+00:00\" \/>\n<meta property=\"article:modified_time\" content=\"2024-10-27T20:38:36+00:00\" \/>\n<meta name=\"author\" content=\"Redacci\u00f3\" \/>\n<meta name=\"twitter:card\" content=\"summary_large_image\" \/>\n<meta name=\"twitter:label1\" content=\"Escrit per\" \/>\n\t<meta name=\"twitter:data1\" content=\"Redacci\u00f3\" \/>\n\t<meta name=\"twitter:label2\" content=\"Temps estimat de lectura\" \/>\n\t<meta name=\"twitter:data2\" content=\"4 minuts\" \/>\n<script type=\"application\/ld+json\" class=\"yoast-schema-graph\">{\"@context\":\"https:\\\/\\\/schema.org\",\"@graph\":[{\"@type\":\"Article\",\"@id\":\"https:\\\/\\\/diarieducacio.cat\\\/rosasensat\\\/2016\\\/03\\\/08\\\/de-les-petites-coses\\\/#article\",\"isPartOf\":{\"@id\":\"https:\\\/\\\/diarieducacio.cat\\\/rosasensat\\\/2016\\\/03\\\/08\\\/de-les-petites-coses\\\/\"},\"author\":{\"name\":\"Redacci\u00f3\",\"@id\":\"https:\\\/\\\/diarieducacio.cat\\\/rosasensat\\\/#\\\/schema\\\/person\\\/04093d1227f1b01952d6187a5be57900\"},\"headline\":\"De les petites coses\",\"datePublished\":\"2016-03-08T09:05:15+00:00\",\"dateModified\":\"2024-10-27T20:38:36+00:00\",\"mainEntityOfPage\":{\"@id\":\"https:\\\/\\\/diarieducacio.cat\\\/rosasensat\\\/2016\\\/03\\\/08\\\/de-les-petites-coses\\\/\"},\"wordCount\":761,\"commentCount\":0,\"image\":{\"@id\":\"https:\\\/\\\/diarieducacio.cat\\\/rosasensat\\\/2016\\\/03\\\/08\\\/de-les-petites-coses\\\/#primaryimage\"},\"thumbnailUrl\":\"https:\\\/\\\/diarieducacio.cat\\\/rosasensat\\\/wp-content\\\/uploads\\\/sites\\\/9\\\/2016\\\/03\\\/IMG_6047.jpg\",\"articleSection\":[\"General\"],\"inLanguage\":\"ca\",\"potentialAction\":[{\"@type\":\"CommentAction\",\"name\":\"Comment\",\"target\":[\"https:\\\/\\\/diarieducacio.cat\\\/rosasensat\\\/2016\\\/03\\\/08\\\/de-les-petites-coses\\\/#respond\"]}]},{\"@type\":\"WebPage\",\"@id\":\"https:\\\/\\\/diarieducacio.cat\\\/rosasensat\\\/2016\\\/03\\\/08\\\/de-les-petites-coses\\\/\",\"url\":\"https:\\\/\\\/diarieducacio.cat\\\/rosasensat\\\/2016\\\/03\\\/08\\\/de-les-petites-coses\\\/\",\"name\":\"De les petites coses - Blog de Rosa Sensat\",\"isPartOf\":{\"@id\":\"https:\\\/\\\/diarieducacio.cat\\\/rosasensat\\\/#website\"},\"primaryImageOfPage\":{\"@id\":\"https:\\\/\\\/diarieducacio.cat\\\/rosasensat\\\/2016\\\/03\\\/08\\\/de-les-petites-coses\\\/#primaryimage\"},\"image\":{\"@id\":\"https:\\\/\\\/diarieducacio.cat\\\/rosasensat\\\/2016\\\/03\\\/08\\\/de-les-petites-coses\\\/#primaryimage\"},\"thumbnailUrl\":\"https:\\\/\\\/diarieducacio.cat\\\/rosasensat\\\/wp-content\\\/uploads\\\/sites\\\/9\\\/2016\\\/03\\\/IMG_6047.jpg\",\"datePublished\":\"2016-03-08T09:05:15+00:00\",\"dateModified\":\"2024-10-27T20:38:36+00:00\",\"author\":{\"@id\":\"https:\\\/\\\/diarieducacio.cat\\\/rosasensat\\\/#\\\/schema\\\/person\\\/04093d1227f1b01952d6187a5be57900\"},\"breadcrumb\":{\"@id\":\"https:\\\/\\\/diarieducacio.cat\\\/rosasensat\\\/2016\\\/03\\\/08\\\/de-les-petites-coses\\\/#breadcrumb\"},\"inLanguage\":\"ca\",\"potentialAction\":[{\"@type\":\"ReadAction\",\"target\":[\"https:\\\/\\\/diarieducacio.cat\\\/rosasensat\\\/2016\\\/03\\\/08\\\/de-les-petites-coses\\\/\"]}]},{\"@type\":\"ImageObject\",\"inLanguage\":\"ca\",\"@id\":\"https:\\\/\\\/diarieducacio.cat\\\/rosasensat\\\/2016\\\/03\\\/08\\\/de-les-petites-coses\\\/#primaryimage\",\"url\":\"https:\\\/\\\/diarieducacio.cat\\\/rosasensat\\\/wp-content\\\/uploads\\\/sites\\\/9\\\/2016\\\/03\\\/IMG_6047.jpg\",\"contentUrl\":\"https:\\\/\\\/diarieducacio.cat\\\/rosasensat\\\/wp-content\\\/uploads\\\/sites\\\/9\\\/2016\\\/03\\\/IMG_6047.jpg\"},{\"@type\":\"BreadcrumbList\",\"@id\":\"https:\\\/\\\/diarieducacio.cat\\\/rosasensat\\\/2016\\\/03\\\/08\\\/de-les-petites-coses\\\/#breadcrumb\",\"itemListElement\":[{\"@type\":\"ListItem\",\"position\":1,\"name\":\"Inici\",\"item\":\"https:\\\/\\\/diarieducacio.cat\\\/rosasensat\\\/\"},{\"@type\":\"ListItem\",\"position\":2,\"name\":\"De les petites coses\"}]},{\"@type\":\"WebSite\",\"@id\":\"https:\\\/\\\/diarieducacio.cat\\\/rosasensat\\\/#website\",\"url\":\"https:\\\/\\\/diarieducacio.cat\\\/rosasensat\\\/\",\"name\":\"Blog de Rosa Sensat\",\"description\":\"\",\"potentialAction\":[{\"@type\":\"SearchAction\",\"target\":{\"@type\":\"EntryPoint\",\"urlTemplate\":\"https:\\\/\\\/diarieducacio.cat\\\/rosasensat\\\/?s={search_term_string}\"},\"query-input\":{\"@type\":\"PropertyValueSpecification\",\"valueRequired\":true,\"valueName\":\"search_term_string\"}}],\"inLanguage\":\"ca\"},{\"@type\":\"Person\",\"@id\":\"https:\\\/\\\/diarieducacio.cat\\\/rosasensat\\\/#\\\/schema\\\/person\\\/04093d1227f1b01952d6187a5be57900\",\"name\":\"Redacci\u00f3\",\"image\":{\"@type\":\"ImageObject\",\"inLanguage\":\"ca\",\"@id\":\"https:\\\/\\\/secure.gravatar.com\\\/avatar\\\/e952ad62e08be1daabaefebd12d26c1e5fbfd687693aaa066db2433a21638ad8?s=96&d=mm&r=g\",\"url\":\"https:\\\/\\\/secure.gravatar.com\\\/avatar\\\/e952ad62e08be1daabaefebd12d26c1e5fbfd687693aaa066db2433a21638ad8?s=96&d=mm&r=g\",\"contentUrl\":\"https:\\\/\\\/secure.gravatar.com\\\/avatar\\\/e952ad62e08be1daabaefebd12d26c1e5fbfd687693aaa066db2433a21638ad8?s=96&d=mm&r=g\",\"caption\":\"Redacci\u00f3\"},\"url\":\"https:\\\/\\\/diarieducacio.cat\\\/rosasensat\\\/author\\\/npenin\\\/\"}]}<\/script>\n<!-- \/ Yoast SEO plugin. -->","yoast_head_json":{"title":"De les petites coses - Blog de Rosa Sensat","robots":{"index":"index","follow":"follow","max-snippet":"max-snippet:-1","max-image-preview":"max-image-preview:large","max-video-preview":"max-video-preview:-1"},"canonical":"https:\/\/diarieducacio.cat\/rosasensat\/2016\/03\/08\/de-les-petites-coses\/","og_locale":"ca_ES","og_type":"article","og_title":"De les petites coses - Blog de Rosa Sensat","og_description":"Saber la nostra hist\u00f2ria ens ha d\u2019ajudar a propiciar canvis, canvis com els que van aconseguir dones valentes i generoses, dones que van entendre que havia arribat el moment de dir prou, dones que a finals del segle XIX van lluitar pel dret de vot d\u2019aquest col\u00b7lectiu i que, posteriorment, van continuar demanant-ne d\u2019altres. Va ser l\u2019inici d\u2019un cam\u00ed llarg que requereix, sense cap dubte, el convenciment i la voluntat ferma, la determinaci\u00f3 en construir la nostra vida quotidiana en base al principi d\u2019igualtat entre homes i dones.","og_url":"https:\/\/diarieducacio.cat\/rosasensat\/2016\/03\/08\/de-les-petites-coses\/","og_site_name":"Blog de Rosa Sensat","article_published_time":"2016-03-08T09:05:15+00:00","article_modified_time":"2024-10-27T20:38:36+00:00","author":"Redacci\u00f3","twitter_card":"summary_large_image","twitter_misc":{"Escrit per":"Redacci\u00f3","Temps estimat de lectura":"4 minuts"},"schema":{"@context":"https:\/\/schema.org","@graph":[{"@type":"Article","@id":"https:\/\/diarieducacio.cat\/rosasensat\/2016\/03\/08\/de-les-petites-coses\/#article","isPartOf":{"@id":"https:\/\/diarieducacio.cat\/rosasensat\/2016\/03\/08\/de-les-petites-coses\/"},"author":{"name":"Redacci\u00f3","@id":"https:\/\/diarieducacio.cat\/rosasensat\/#\/schema\/person\/04093d1227f1b01952d6187a5be57900"},"headline":"De les petites coses","datePublished":"2016-03-08T09:05:15+00:00","dateModified":"2024-10-27T20:38:36+00:00","mainEntityOfPage":{"@id":"https:\/\/diarieducacio.cat\/rosasensat\/2016\/03\/08\/de-les-petites-coses\/"},"wordCount":761,"commentCount":0,"image":{"@id":"https:\/\/diarieducacio.cat\/rosasensat\/2016\/03\/08\/de-les-petites-coses\/#primaryimage"},"thumbnailUrl":"https:\/\/diarieducacio.cat\/rosasensat\/wp-content\/uploads\/sites\/9\/2016\/03\/IMG_6047.jpg","articleSection":["General"],"inLanguage":"ca","potentialAction":[{"@type":"CommentAction","name":"Comment","target":["https:\/\/diarieducacio.cat\/rosasensat\/2016\/03\/08\/de-les-petites-coses\/#respond"]}]},{"@type":"WebPage","@id":"https:\/\/diarieducacio.cat\/rosasensat\/2016\/03\/08\/de-les-petites-coses\/","url":"https:\/\/diarieducacio.cat\/rosasensat\/2016\/03\/08\/de-les-petites-coses\/","name":"De les petites coses - Blog de Rosa Sensat","isPartOf":{"@id":"https:\/\/diarieducacio.cat\/rosasensat\/#website"},"primaryImageOfPage":{"@id":"https:\/\/diarieducacio.cat\/rosasensat\/2016\/03\/08\/de-les-petites-coses\/#primaryimage"},"image":{"@id":"https:\/\/diarieducacio.cat\/rosasensat\/2016\/03\/08\/de-les-petites-coses\/#primaryimage"},"thumbnailUrl":"https:\/\/diarieducacio.cat\/rosasensat\/wp-content\/uploads\/sites\/9\/2016\/03\/IMG_6047.jpg","datePublished":"2016-03-08T09:05:15+00:00","dateModified":"2024-10-27T20:38:36+00:00","author":{"@id":"https:\/\/diarieducacio.cat\/rosasensat\/#\/schema\/person\/04093d1227f1b01952d6187a5be57900"},"breadcrumb":{"@id":"https:\/\/diarieducacio.cat\/rosasensat\/2016\/03\/08\/de-les-petites-coses\/#breadcrumb"},"inLanguage":"ca","potentialAction":[{"@type":"ReadAction","target":["https:\/\/diarieducacio.cat\/rosasensat\/2016\/03\/08\/de-les-petites-coses\/"]}]},{"@type":"ImageObject","inLanguage":"ca","@id":"https:\/\/diarieducacio.cat\/rosasensat\/2016\/03\/08\/de-les-petites-coses\/#primaryimage","url":"https:\/\/diarieducacio.cat\/rosasensat\/wp-content\/uploads\/sites\/9\/2016\/03\/IMG_6047.jpg","contentUrl":"https:\/\/diarieducacio.cat\/rosasensat\/wp-content\/uploads\/sites\/9\/2016\/03\/IMG_6047.jpg"},{"@type":"BreadcrumbList","@id":"https:\/\/diarieducacio.cat\/rosasensat\/2016\/03\/08\/de-les-petites-coses\/#breadcrumb","itemListElement":[{"@type":"ListItem","position":1,"name":"Inici","item":"https:\/\/diarieducacio.cat\/rosasensat\/"},{"@type":"ListItem","position":2,"name":"De les petites coses"}]},{"@type":"WebSite","@id":"https:\/\/diarieducacio.cat\/rosasensat\/#website","url":"https:\/\/diarieducacio.cat\/rosasensat\/","name":"Blog de Rosa Sensat","description":"","potentialAction":[{"@type":"SearchAction","target":{"@type":"EntryPoint","urlTemplate":"https:\/\/diarieducacio.cat\/rosasensat\/?s={search_term_string}"},"query-input":{"@type":"PropertyValueSpecification","valueRequired":true,"valueName":"search_term_string"}}],"inLanguage":"ca"},{"@type":"Person","@id":"https:\/\/diarieducacio.cat\/rosasensat\/#\/schema\/person\/04093d1227f1b01952d6187a5be57900","name":"Redacci\u00f3","image":{"@type":"ImageObject","inLanguage":"ca","@id":"https:\/\/secure.gravatar.com\/avatar\/e952ad62e08be1daabaefebd12d26c1e5fbfd687693aaa066db2433a21638ad8?s=96&d=mm&r=g","url":"https:\/\/secure.gravatar.com\/avatar\/e952ad62e08be1daabaefebd12d26c1e5fbfd687693aaa066db2433a21638ad8?s=96&d=mm&r=g","contentUrl":"https:\/\/secure.gravatar.com\/avatar\/e952ad62e08be1daabaefebd12d26c1e5fbfd687693aaa066db2433a21638ad8?s=96&d=mm&r=g","caption":"Redacci\u00f3"},"url":"https:\/\/diarieducacio.cat\/rosasensat\/author\/npenin\/"}]}},"_links":{"self":[{"href":"https:\/\/diarieducacio.cat\/rosasensat\/wp-json\/wp\/v2\/posts\/3128","targetHints":{"allow":["GET"]}}],"collection":[{"href":"https:\/\/diarieducacio.cat\/rosasensat\/wp-json\/wp\/v2\/posts"}],"about":[{"href":"https:\/\/diarieducacio.cat\/rosasensat\/wp-json\/wp\/v2\/types\/post"}],"author":[{"embeddable":true,"href":"https:\/\/diarieducacio.cat\/rosasensat\/wp-json\/wp\/v2\/users\/1"}],"replies":[{"embeddable":true,"href":"https:\/\/diarieducacio.cat\/rosasensat\/wp-json\/wp\/v2\/comments?post=3128"}],"version-history":[{"count":1,"href":"https:\/\/diarieducacio.cat\/rosasensat\/wp-json\/wp\/v2\/posts\/3128\/revisions"}],"predecessor-version":[{"id":3129,"href":"https:\/\/diarieducacio.cat\/rosasensat\/wp-json\/wp\/v2\/posts\/3128\/revisions\/3129"}],"wp:attachment":[{"href":"https:\/\/diarieducacio.cat\/rosasensat\/wp-json\/wp\/v2\/media?parent=3128"}],"wp:term":[{"taxonomy":"category","embeddable":true,"href":"https:\/\/diarieducacio.cat\/rosasensat\/wp-json\/wp\/v2\/categories?post=3128"},{"taxonomy":"post_tag","embeddable":true,"href":"https:\/\/diarieducacio.cat\/rosasensat\/wp-json\/wp\/v2\/tags?post=3128"},{"taxonomy":"tipo","embeddable":true,"href":"https:\/\/diarieducacio.cat\/rosasensat\/wp-json\/wp\/v2\/tipo?post=3128"}],"curies":[{"name":"wp","href":"https:\/\/api.w.org\/{rel}","templated":true}]}}