{"id":3148,"date":"2016-04-19T05:00:26","date_gmt":"2016-04-19T03:00:26","guid":{"rendered":"https:\/\/nostalgic-ishizaka.82-223-1-47.plesk.page\/rosasensat\/2016\/04\/19\/la-marta-marta-aspirava-a-una-escola-publica-que-fos-la-sintesi-del-bo-i-millor-de-la-pedagogia-de-tots-els-temps\/"},"modified":"2024-10-27T21:38:51","modified_gmt":"2024-10-27T20:38:51","slug":"la-marta-marta-aspirava-a-una-escola-publica-que-fos-la-sintesi-del-bo-i-millor-de-la-pedagogia-de-tots-els-temps","status":"publish","type":"post","link":"https:\/\/diarieducacio.cat\/rosasensat\/2016\/04\/19\/la-marta-marta-aspirava-a-una-escola-publica-que-fos-la-sintesi-del-bo-i-millor-de-la-pedagogia-de-tots-els-temps\/","title":{"rendered":"La Marta Mata aspirava a una escola p\u00fablica que fos la s\u00edntesi  del bo i millor de la pedagogia de tots els temps"},"content":{"rendered":"<p><strong><a href=\"https:\/\/diarieducacio.cat\/rosasensat\/wp-content\/uploads\/sites\/9\/2016\/04\/Anymartamata_gran.png\" rel=\"attachment wp-att-720\"><img fetchpriority=\"high\" decoding=\"async\" class=\"aligncenter size-full wp-image-720\" src=\"https:\/\/diarieducacio.cat\/rosasensat\/wp-content\/uploads\/sites\/9\/2016\/04\/Anymartamata_gran.png\" alt=\"Anymartamata_gran\" width=\"1920\" height=\"1080\" \/><\/a><br \/>\n<\/strong><\/p>\n<p>Aquest any 2016, la Marta Mata Garriga faria 90 anys, per\u00f2 malauradament en fa 10 que ens va deixar . El Patronat de la Fundaci\u00f3, que porta el seu nom, hem decidit dedicar l\u2019any a la seva mem\u00f2ria i anar organitzant petits actes que ens ajudin a reflexionar , a dialogar, a\u00a0 pensar en el futur, i tamb\u00e9, a gaudir del dia a dia, doncs\u00a0 ella era una dona s\u00e0via, treballadora que tamb\u00e9 li agradava fruir de les petites coses que donen plaer i felicitat.<\/p>\n<p>Aquest diumenge li vam dedicar la XXXena. Marxa pels Camins del Pened\u00e8s, i m\u00e9s de cent persones camin\u00e0rem i\/o corr\u00edem per uns itineraris, pr\u00e8viament senyalitzats: un tram curt d\u2019uns tretze quil\u00f2metres, o el recorregut llarg de m\u00e9s de dinou.<\/p>\n<p>Els darrers dilluns de cada mes, si s\u00f3n dies h\u00e0bils, organitzem una tert\u00falia pedag\u00f2gica sobre un dels seus articles publicats en el llibre \u201cPer avan\u00e7ar en l\u2019educaci\u00f3\u201d publicat per EUMO en la col\u00b7lecci\u00f3 Textos Pedag\u00f2gics. Hem parlat d\u2019Escola p\u00fablica i aquest mes ho farem sobre Renovaci\u00f3 Pedag\u00f2gica, el mes de maig sobre la Llengua i la normalitzaci\u00f3 ling\u00fc\u00edstica, el mes de setembre d\u2019educaci\u00f3 infantil i el mes de novembre, com aquests darrers anys, organitzarem la Jornada que porta el seu nom i la pedagoga que aprofundirem, des d\u2019un punt de vista educatiu,\u00a0 ser\u00e0 Marta Mata.<\/p>\n<p>El pensament de la Marta Mata, malgrat fer anys que\u00a0 va escriure, \u00e9s d\u2019una gran actualitat, ja que era una dona avan\u00e7ada en el seu temps, ben informada i connectada amb les corrents pedag\u00f2giques d\u2019Europa\u00a0 i del m\u00f3n , i tamb\u00e9, perqu\u00e8\u00a0 l\u2019avan\u00e7 fet resulta insuficient.<\/p>\n<blockquote><p><strong>Els nens han de ser educats\u00a0 no solament de cara\u00a0 a l\u2019estat actual de l\u2019esp\u00e8cie humana , sin\u00f3 tamb\u00e9 de cara a un estat futur possiblement millor<\/strong><\/p><\/blockquote>\n<p>La Marta aspirava a una escola p\u00fablica que fos la s\u00edntesi\u00a0 del bo i millor de la pedagogia de tot els temps i, ens deia \u201cque la seva concepci\u00f3 i realitat s\u2019erigeix com a resposta al dret a l\u2019educaci\u00f3 de tot infant, de tots i cada un dels infants. Que per ser realment escola p\u00fablica, l\u2019escola ha de tenir els requisits que li permetin afrontar l\u2019educaci\u00f3 de tots i cada un dels infants, amb \u00e8xit, l\u2019\u00e8xit d\u2019ajudar-los a ser persones, ciutadans actius d\u2019aquest m\u00f3n\u201d.<\/p>\n<p>I, ens parla de l\u2019\u00e8xit com a resultat favorable de cadasc\u00fa, i no d\u2019excel\u00b7l\u00e8ncia (paraula darrerament\u00a0 repetida) que vol dir que un \u00e9s molt bo respecte als altres, amb un significat\u00a0 competitiu.<\/p>\n<p>Tamb\u00e9 ens deia que \u201cUn dels principis de l\u2019art educatiu que haurien de tenir en compte\u00a0 sobretot els homes que planifiquen l\u2019educaci\u00f3 \u00e9s que els nens han de ser educats\u00a0 no solament de cara\u00a0 a l\u2019estat actual de l\u2019esp\u00e8cie humana , sin\u00f3 tamb\u00e9 de cara a un estat futur possiblement millor; \u00e9s a dir d\u2019acord amb la idea de la humanitat i amb el seu dest\u00ed global\u201d<\/p>\n<blockquote><p><strong>Tot \u00e9s educaci\u00f3 per l\u2019infant <\/strong><\/p><\/blockquote>\n<p>Rellegir cadascun dels articles del llibre \u00e9s un gust, per\u00f2 el plaer arriba al s\u00fammum amb les seves intervencions al Parlament de Catalunya o al Congr\u00e9s de Diputats, dels anys 1982 i 1979 respectivament, reivindicant la prioritat educativa de tota instituci\u00f3 dedicada al nen i com m\u00e9s petit m\u00e9s educativa precisament, perqu\u00e8 tot \u00e9s educaci\u00f3 per l\u2019infant. L\u2019escola bressol, apareix en la proposici\u00f3 com el que \u00e9s tota escola, no \u00e9s alternativa a la fam\u00edlia, sin\u00f3 que hi col\u00b7labora unes hores del dia en l\u2019educaci\u00f3 del nen i nena, oferint un espai, unes activitats, una seguretat, un afecte, uns companys, un seguiment, una orientaci\u00f3\u2026<\/p>\n<p>La Marta va ajudar molt i molt a canviar la relaci\u00f3 dels infants amb els adults del calaix assistencial, de salut o de treball, on es trobava en les administracions, per donar-li el valor educatiu, coneixedora com era que l\u2019educaci\u00f3 \u00e9s una inversi\u00f3 de futur i no un augment de la despesa, que per a masses persones sembla una cosa terrible.<\/p>\n<p>Altres col\u00b7lectius, com el m\u00f3n pol\u00edtic i el penedesenc tamb\u00e9 s\u2019estan organitzant per recordar la Marta Mata en alguna activitat , amb el convenciment que mentre existeix el r\u00e8cord, no existeix la separaci\u00f3 definitiva.<\/p>\n","protected":false},"excerpt":{"rendered":"<p>\u201cPer ser realment escola p\u00fablica, l\u2019escola ha de tenir els requisits que li permetin afrontar l\u2019educaci\u00f3 de tots i cada un dels infants, amb \u00e8xit, l\u2019\u00e8xit d\u2019ajudar-los a ser persones, ciutadans actius d\u2019aquest m\u00f3n\u201d  (Marta Mata).<\/p>\n","protected":false},"author":1770,"featured_media":0,"comment_status":"open","ping_status":"open","sticky":false,"template":"","format":"standard","meta":{"footnotes":""},"categories":[2],"tags":[127],"tipo":[],"class_list":{"0":"post-3148","1":"post","2":"type-post","3":"status-publish","4":"format-standard","6":"category-general","7":"tag-marta-mata"},"yoast_head":"<!-- This site is optimized with the Yoast SEO plugin v27.4 - https:\/\/yoast.com\/product\/yoast-seo-wordpress\/ -->\n<title>La Marta Mata aspirava a una escola p\u00fablica que fos la s\u00edntesi del bo i millor de la pedagogia de tots els temps - Blog de Rosa Sensat<\/title>\n<meta name=\"robots\" content=\"index, follow, max-snippet:-1, max-image-preview:large, max-video-preview:-1\" \/>\n<link rel=\"canonical\" href=\"https:\/\/diarieducacio.cat\/rosasensat\/2016\/04\/19\/la-marta-marta-aspirava-a-una-escola-publica-que-fos-la-sintesi-del-bo-i-millor-de-la-pedagogia-de-tots-els-temps\/\" \/>\n<meta property=\"og:locale\" content=\"ca_ES\" \/>\n<meta property=\"og:type\" content=\"article\" \/>\n<meta property=\"og:title\" content=\"La Marta Mata aspirava a una escola p\u00fablica que fos la s\u00edntesi del bo i millor de la pedagogia de tots els temps - Blog de Rosa Sensat\" \/>\n<meta property=\"og:description\" content=\"\u201cPer ser realment escola p\u00fablica, l\u2019escola ha de tenir els requisits que li permetin afrontar l\u2019educaci\u00f3 de tots i cada un dels infants, amb \u00e8xit, l\u2019\u00e8xit d\u2019ajudar-los a ser persones, ciutadans actius d\u2019aquest m\u00f3n\u201d (Marta Mata).\" \/>\n<meta property=\"og:url\" content=\"https:\/\/diarieducacio.cat\/rosasensat\/2016\/04\/19\/la-marta-marta-aspirava-a-una-escola-publica-que-fos-la-sintesi-del-bo-i-millor-de-la-pedagogia-de-tots-els-temps\/\" \/>\n<meta property=\"og:site_name\" content=\"Blog de Rosa Sensat\" \/>\n<meta property=\"article:published_time\" content=\"2016-04-19T03:00:26+00:00\" \/>\n<meta property=\"article:modified_time\" content=\"2024-10-27T20:38:51+00:00\" \/>\n<meta name=\"author\" content=\"Eduardo Azumendi\" \/>\n<meta name=\"twitter:card\" content=\"summary_large_image\" \/>\n<meta name=\"twitter:label1\" content=\"Escrit per\" \/>\n\t<meta name=\"twitter:data1\" content=\"Eduardo Azumendi\" \/>\n\t<meta name=\"twitter:label2\" content=\"Temps estimat de lectura\" \/>\n\t<meta name=\"twitter:data2\" content=\"4 minuts\" \/>\n<script type=\"application\/ld+json\" class=\"yoast-schema-graph\">{\"@context\":\"https:\\\/\\\/schema.org\",\"@graph\":[{\"@type\":\"Article\",\"@id\":\"https:\\\/\\\/diarieducacio.cat\\\/rosasensat\\\/2016\\\/04\\\/19\\\/la-marta-marta-aspirava-a-una-escola-publica-que-fos-la-sintesi-del-bo-i-millor-de-la-pedagogia-de-tots-els-temps\\\/#article\",\"isPartOf\":{\"@id\":\"https:\\\/\\\/diarieducacio.cat\\\/rosasensat\\\/2016\\\/04\\\/19\\\/la-marta-marta-aspirava-a-una-escola-publica-que-fos-la-sintesi-del-bo-i-millor-de-la-pedagogia-de-tots-els-temps\\\/\"},\"author\":{\"name\":\"Eduardo Azumendi\",\"@id\":\"https:\\\/\\\/diarieducacio.cat\\\/rosasensat\\\/#\\\/schema\\\/person\\\/05570bf853994e6d33f8e29c53e66dba\"},\"headline\":\"La Marta Mata aspirava a una escola p\u00fablica que fos la s\u00edntesi del bo i millor de la pedagogia de tots els temps\",\"datePublished\":\"2016-04-19T03:00:26+00:00\",\"dateModified\":\"2024-10-27T20:38:51+00:00\",\"mainEntityOfPage\":{\"@id\":\"https:\\\/\\\/diarieducacio.cat\\\/rosasensat\\\/2016\\\/04\\\/19\\\/la-marta-marta-aspirava-a-una-escola-publica-que-fos-la-sintesi-del-bo-i-millor-de-la-pedagogia-de-tots-els-temps\\\/\"},\"wordCount\":765,\"commentCount\":0,\"image\":{\"@id\":\"https:\\\/\\\/diarieducacio.cat\\\/rosasensat\\\/2016\\\/04\\\/19\\\/la-marta-marta-aspirava-a-una-escola-publica-que-fos-la-sintesi-del-bo-i-millor-de-la-pedagogia-de-tots-els-temps\\\/#primaryimage\"},\"thumbnailUrl\":\"https:\\\/\\\/diarieducacio.cat\\\/rosasensat\\\/wp-content\\\/uploads\\\/sites\\\/9\\\/2016\\\/04\\\/Anymartamata_gran.png\",\"keywords\":[\"Marta Mata\"],\"articleSection\":[\"General\"],\"inLanguage\":\"ca\",\"potentialAction\":[{\"@type\":\"CommentAction\",\"name\":\"Comment\",\"target\":[\"https:\\\/\\\/diarieducacio.cat\\\/rosasensat\\\/2016\\\/04\\\/19\\\/la-marta-marta-aspirava-a-una-escola-publica-que-fos-la-sintesi-del-bo-i-millor-de-la-pedagogia-de-tots-els-temps\\\/#respond\"]}]},{\"@type\":\"WebPage\",\"@id\":\"https:\\\/\\\/diarieducacio.cat\\\/rosasensat\\\/2016\\\/04\\\/19\\\/la-marta-marta-aspirava-a-una-escola-publica-que-fos-la-sintesi-del-bo-i-millor-de-la-pedagogia-de-tots-els-temps\\\/\",\"url\":\"https:\\\/\\\/diarieducacio.cat\\\/rosasensat\\\/2016\\\/04\\\/19\\\/la-marta-marta-aspirava-a-una-escola-publica-que-fos-la-sintesi-del-bo-i-millor-de-la-pedagogia-de-tots-els-temps\\\/\",\"name\":\"La Marta Mata aspirava a una escola p\u00fablica que fos la s\u00edntesi del bo i millor de la pedagogia de tots els temps - Blog de Rosa Sensat\",\"isPartOf\":{\"@id\":\"https:\\\/\\\/diarieducacio.cat\\\/rosasensat\\\/#website\"},\"primaryImageOfPage\":{\"@id\":\"https:\\\/\\\/diarieducacio.cat\\\/rosasensat\\\/2016\\\/04\\\/19\\\/la-marta-marta-aspirava-a-una-escola-publica-que-fos-la-sintesi-del-bo-i-millor-de-la-pedagogia-de-tots-els-temps\\\/#primaryimage\"},\"image\":{\"@id\":\"https:\\\/\\\/diarieducacio.cat\\\/rosasensat\\\/2016\\\/04\\\/19\\\/la-marta-marta-aspirava-a-una-escola-publica-que-fos-la-sintesi-del-bo-i-millor-de-la-pedagogia-de-tots-els-temps\\\/#primaryimage\"},\"thumbnailUrl\":\"https:\\\/\\\/diarieducacio.cat\\\/rosasensat\\\/wp-content\\\/uploads\\\/sites\\\/9\\\/2016\\\/04\\\/Anymartamata_gran.png\",\"datePublished\":\"2016-04-19T03:00:26+00:00\",\"dateModified\":\"2024-10-27T20:38:51+00:00\",\"author\":{\"@id\":\"https:\\\/\\\/diarieducacio.cat\\\/rosasensat\\\/#\\\/schema\\\/person\\\/05570bf853994e6d33f8e29c53e66dba\"},\"breadcrumb\":{\"@id\":\"https:\\\/\\\/diarieducacio.cat\\\/rosasensat\\\/2016\\\/04\\\/19\\\/la-marta-marta-aspirava-a-una-escola-publica-que-fos-la-sintesi-del-bo-i-millor-de-la-pedagogia-de-tots-els-temps\\\/#breadcrumb\"},\"inLanguage\":\"ca\",\"potentialAction\":[{\"@type\":\"ReadAction\",\"target\":[\"https:\\\/\\\/diarieducacio.cat\\\/rosasensat\\\/2016\\\/04\\\/19\\\/la-marta-marta-aspirava-a-una-escola-publica-que-fos-la-sintesi-del-bo-i-millor-de-la-pedagogia-de-tots-els-temps\\\/\"]}]},{\"@type\":\"ImageObject\",\"inLanguage\":\"ca\",\"@id\":\"https:\\\/\\\/diarieducacio.cat\\\/rosasensat\\\/2016\\\/04\\\/19\\\/la-marta-marta-aspirava-a-una-escola-publica-que-fos-la-sintesi-del-bo-i-millor-de-la-pedagogia-de-tots-els-temps\\\/#primaryimage\",\"url\":\"https:\\\/\\\/diarieducacio.cat\\\/rosasensat\\\/wp-content\\\/uploads\\\/sites\\\/9\\\/2016\\\/04\\\/Anymartamata_gran.png\",\"contentUrl\":\"https:\\\/\\\/diarieducacio.cat\\\/rosasensat\\\/wp-content\\\/uploads\\\/sites\\\/9\\\/2016\\\/04\\\/Anymartamata_gran.png\"},{\"@type\":\"BreadcrumbList\",\"@id\":\"https:\\\/\\\/diarieducacio.cat\\\/rosasensat\\\/2016\\\/04\\\/19\\\/la-marta-marta-aspirava-a-una-escola-publica-que-fos-la-sintesi-del-bo-i-millor-de-la-pedagogia-de-tots-els-temps\\\/#breadcrumb\",\"itemListElement\":[{\"@type\":\"ListItem\",\"position\":1,\"name\":\"Inici\",\"item\":\"https:\\\/\\\/diarieducacio.cat\\\/rosasensat\\\/\"},{\"@type\":\"ListItem\",\"position\":2,\"name\":\"La Marta Mata aspirava a una escola p\u00fablica que fos la s\u00edntesi del bo i millor de la pedagogia de tots els temps\"}]},{\"@type\":\"WebSite\",\"@id\":\"https:\\\/\\\/diarieducacio.cat\\\/rosasensat\\\/#website\",\"url\":\"https:\\\/\\\/diarieducacio.cat\\\/rosasensat\\\/\",\"name\":\"Blog de Rosa Sensat\",\"description\":\"\",\"potentialAction\":[{\"@type\":\"SearchAction\",\"target\":{\"@type\":\"EntryPoint\",\"urlTemplate\":\"https:\\\/\\\/diarieducacio.cat\\\/rosasensat\\\/?s={search_term_string}\"},\"query-input\":{\"@type\":\"PropertyValueSpecification\",\"valueRequired\":true,\"valueName\":\"search_term_string\"}}],\"inLanguage\":\"ca\"},{\"@type\":\"Person\",\"@id\":\"https:\\\/\\\/diarieducacio.cat\\\/rosasensat\\\/#\\\/schema\\\/person\\\/05570bf853994e6d33f8e29c53e66dba\",\"name\":\"Eduardo Azumendi\",\"image\":{\"@type\":\"ImageObject\",\"inLanguage\":\"ca\",\"@id\":\"https:\\\/\\\/secure.gravatar.com\\\/avatar\\\/21f971d84ee20d86ce555d92c7938c65391f696566e46595bcf73be05dc52de5?s=96&d=mm&r=g\",\"url\":\"https:\\\/\\\/secure.gravatar.com\\\/avatar\\\/21f971d84ee20d86ce555d92c7938c65391f696566e46595bcf73be05dc52de5?s=96&d=mm&r=g\",\"contentUrl\":\"https:\\\/\\\/secure.gravatar.com\\\/avatar\\\/21f971d84ee20d86ce555d92c7938c65391f696566e46595bcf73be05dc52de5?s=96&d=mm&r=g\",\"caption\":\"Eduardo Azumendi\"},\"url\":\"https:\\\/\\\/diarieducacio.cat\\\/rosasensat\\\/author\\\/eazumendi\\\/\"}]}<\/script>\n<!-- \/ Yoast SEO plugin. -->","yoast_head_json":{"title":"La Marta Mata aspirava a una escola p\u00fablica que fos la s\u00edntesi del bo i millor de la pedagogia de tots els temps - Blog de Rosa Sensat","robots":{"index":"index","follow":"follow","max-snippet":"max-snippet:-1","max-image-preview":"max-image-preview:large","max-video-preview":"max-video-preview:-1"},"canonical":"https:\/\/diarieducacio.cat\/rosasensat\/2016\/04\/19\/la-marta-marta-aspirava-a-una-escola-publica-que-fos-la-sintesi-del-bo-i-millor-de-la-pedagogia-de-tots-els-temps\/","og_locale":"ca_ES","og_type":"article","og_title":"La Marta Mata aspirava a una escola p\u00fablica que fos la s\u00edntesi del bo i millor de la pedagogia de tots els temps - Blog de Rosa Sensat","og_description":"\u201cPer ser realment escola p\u00fablica, l\u2019escola ha de tenir els requisits que li permetin afrontar l\u2019educaci\u00f3 de tots i cada un dels infants, amb \u00e8xit, l\u2019\u00e8xit d\u2019ajudar-los a ser persones, ciutadans actius d\u2019aquest m\u00f3n\u201d (Marta Mata).","og_url":"https:\/\/diarieducacio.cat\/rosasensat\/2016\/04\/19\/la-marta-marta-aspirava-a-una-escola-publica-que-fos-la-sintesi-del-bo-i-millor-de-la-pedagogia-de-tots-els-temps\/","og_site_name":"Blog de Rosa Sensat","article_published_time":"2016-04-19T03:00:26+00:00","article_modified_time":"2024-10-27T20:38:51+00:00","author":"Eduardo Azumendi","twitter_card":"summary_large_image","twitter_misc":{"Escrit per":"Eduardo Azumendi","Temps estimat de lectura":"4 minuts"},"schema":{"@context":"https:\/\/schema.org","@graph":[{"@type":"Article","@id":"https:\/\/diarieducacio.cat\/rosasensat\/2016\/04\/19\/la-marta-marta-aspirava-a-una-escola-publica-que-fos-la-sintesi-del-bo-i-millor-de-la-pedagogia-de-tots-els-temps\/#article","isPartOf":{"@id":"https:\/\/diarieducacio.cat\/rosasensat\/2016\/04\/19\/la-marta-marta-aspirava-a-una-escola-publica-que-fos-la-sintesi-del-bo-i-millor-de-la-pedagogia-de-tots-els-temps\/"},"author":{"name":"Eduardo Azumendi","@id":"https:\/\/diarieducacio.cat\/rosasensat\/#\/schema\/person\/05570bf853994e6d33f8e29c53e66dba"},"headline":"La Marta Mata aspirava a una escola p\u00fablica que fos la s\u00edntesi del bo i millor de la pedagogia de tots els temps","datePublished":"2016-04-19T03:00:26+00:00","dateModified":"2024-10-27T20:38:51+00:00","mainEntityOfPage":{"@id":"https:\/\/diarieducacio.cat\/rosasensat\/2016\/04\/19\/la-marta-marta-aspirava-a-una-escola-publica-que-fos-la-sintesi-del-bo-i-millor-de-la-pedagogia-de-tots-els-temps\/"},"wordCount":765,"commentCount":0,"image":{"@id":"https:\/\/diarieducacio.cat\/rosasensat\/2016\/04\/19\/la-marta-marta-aspirava-a-una-escola-publica-que-fos-la-sintesi-del-bo-i-millor-de-la-pedagogia-de-tots-els-temps\/#primaryimage"},"thumbnailUrl":"https:\/\/diarieducacio.cat\/rosasensat\/wp-content\/uploads\/sites\/9\/2016\/04\/Anymartamata_gran.png","keywords":["Marta Mata"],"articleSection":["General"],"inLanguage":"ca","potentialAction":[{"@type":"CommentAction","name":"Comment","target":["https:\/\/diarieducacio.cat\/rosasensat\/2016\/04\/19\/la-marta-marta-aspirava-a-una-escola-publica-que-fos-la-sintesi-del-bo-i-millor-de-la-pedagogia-de-tots-els-temps\/#respond"]}]},{"@type":"WebPage","@id":"https:\/\/diarieducacio.cat\/rosasensat\/2016\/04\/19\/la-marta-marta-aspirava-a-una-escola-publica-que-fos-la-sintesi-del-bo-i-millor-de-la-pedagogia-de-tots-els-temps\/","url":"https:\/\/diarieducacio.cat\/rosasensat\/2016\/04\/19\/la-marta-marta-aspirava-a-una-escola-publica-que-fos-la-sintesi-del-bo-i-millor-de-la-pedagogia-de-tots-els-temps\/","name":"La Marta Mata aspirava a una escola p\u00fablica que fos la s\u00edntesi del bo i millor de la pedagogia de tots els temps - Blog de Rosa Sensat","isPartOf":{"@id":"https:\/\/diarieducacio.cat\/rosasensat\/#website"},"primaryImageOfPage":{"@id":"https:\/\/diarieducacio.cat\/rosasensat\/2016\/04\/19\/la-marta-marta-aspirava-a-una-escola-publica-que-fos-la-sintesi-del-bo-i-millor-de-la-pedagogia-de-tots-els-temps\/#primaryimage"},"image":{"@id":"https:\/\/diarieducacio.cat\/rosasensat\/2016\/04\/19\/la-marta-marta-aspirava-a-una-escola-publica-que-fos-la-sintesi-del-bo-i-millor-de-la-pedagogia-de-tots-els-temps\/#primaryimage"},"thumbnailUrl":"https:\/\/diarieducacio.cat\/rosasensat\/wp-content\/uploads\/sites\/9\/2016\/04\/Anymartamata_gran.png","datePublished":"2016-04-19T03:00:26+00:00","dateModified":"2024-10-27T20:38:51+00:00","author":{"@id":"https:\/\/diarieducacio.cat\/rosasensat\/#\/schema\/person\/05570bf853994e6d33f8e29c53e66dba"},"breadcrumb":{"@id":"https:\/\/diarieducacio.cat\/rosasensat\/2016\/04\/19\/la-marta-marta-aspirava-a-una-escola-publica-que-fos-la-sintesi-del-bo-i-millor-de-la-pedagogia-de-tots-els-temps\/#breadcrumb"},"inLanguage":"ca","potentialAction":[{"@type":"ReadAction","target":["https:\/\/diarieducacio.cat\/rosasensat\/2016\/04\/19\/la-marta-marta-aspirava-a-una-escola-publica-que-fos-la-sintesi-del-bo-i-millor-de-la-pedagogia-de-tots-els-temps\/"]}]},{"@type":"ImageObject","inLanguage":"ca","@id":"https:\/\/diarieducacio.cat\/rosasensat\/2016\/04\/19\/la-marta-marta-aspirava-a-una-escola-publica-que-fos-la-sintesi-del-bo-i-millor-de-la-pedagogia-de-tots-els-temps\/#primaryimage","url":"https:\/\/diarieducacio.cat\/rosasensat\/wp-content\/uploads\/sites\/9\/2016\/04\/Anymartamata_gran.png","contentUrl":"https:\/\/diarieducacio.cat\/rosasensat\/wp-content\/uploads\/sites\/9\/2016\/04\/Anymartamata_gran.png"},{"@type":"BreadcrumbList","@id":"https:\/\/diarieducacio.cat\/rosasensat\/2016\/04\/19\/la-marta-marta-aspirava-a-una-escola-publica-que-fos-la-sintesi-del-bo-i-millor-de-la-pedagogia-de-tots-els-temps\/#breadcrumb","itemListElement":[{"@type":"ListItem","position":1,"name":"Inici","item":"https:\/\/diarieducacio.cat\/rosasensat\/"},{"@type":"ListItem","position":2,"name":"La Marta Mata aspirava a una escola p\u00fablica que fos la s\u00edntesi del bo i millor de la pedagogia de tots els temps"}]},{"@type":"WebSite","@id":"https:\/\/diarieducacio.cat\/rosasensat\/#website","url":"https:\/\/diarieducacio.cat\/rosasensat\/","name":"Blog de Rosa Sensat","description":"","potentialAction":[{"@type":"SearchAction","target":{"@type":"EntryPoint","urlTemplate":"https:\/\/diarieducacio.cat\/rosasensat\/?s={search_term_string}"},"query-input":{"@type":"PropertyValueSpecification","valueRequired":true,"valueName":"search_term_string"}}],"inLanguage":"ca"},{"@type":"Person","@id":"https:\/\/diarieducacio.cat\/rosasensat\/#\/schema\/person\/05570bf853994e6d33f8e29c53e66dba","name":"Eduardo Azumendi","image":{"@type":"ImageObject","inLanguage":"ca","@id":"https:\/\/secure.gravatar.com\/avatar\/21f971d84ee20d86ce555d92c7938c65391f696566e46595bcf73be05dc52de5?s=96&d=mm&r=g","url":"https:\/\/secure.gravatar.com\/avatar\/21f971d84ee20d86ce555d92c7938c65391f696566e46595bcf73be05dc52de5?s=96&d=mm&r=g","contentUrl":"https:\/\/secure.gravatar.com\/avatar\/21f971d84ee20d86ce555d92c7938c65391f696566e46595bcf73be05dc52de5?s=96&d=mm&r=g","caption":"Eduardo Azumendi"},"url":"https:\/\/diarieducacio.cat\/rosasensat\/author\/eazumendi\/"}]}},"_links":{"self":[{"href":"https:\/\/diarieducacio.cat\/rosasensat\/wp-json\/wp\/v2\/posts\/3148","targetHints":{"allow":["GET"]}}],"collection":[{"href":"https:\/\/diarieducacio.cat\/rosasensat\/wp-json\/wp\/v2\/posts"}],"about":[{"href":"https:\/\/diarieducacio.cat\/rosasensat\/wp-json\/wp\/v2\/types\/post"}],"author":[{"embeddable":true,"href":"https:\/\/diarieducacio.cat\/rosasensat\/wp-json\/wp\/v2\/users\/1770"}],"replies":[{"embeddable":true,"href":"https:\/\/diarieducacio.cat\/rosasensat\/wp-json\/wp\/v2\/comments?post=3148"}],"version-history":[{"count":1,"href":"https:\/\/diarieducacio.cat\/rosasensat\/wp-json\/wp\/v2\/posts\/3148\/revisions"}],"predecessor-version":[{"id":3149,"href":"https:\/\/diarieducacio.cat\/rosasensat\/wp-json\/wp\/v2\/posts\/3148\/revisions\/3149"}],"wp:attachment":[{"href":"https:\/\/diarieducacio.cat\/rosasensat\/wp-json\/wp\/v2\/media?parent=3148"}],"wp:term":[{"taxonomy":"category","embeddable":true,"href":"https:\/\/diarieducacio.cat\/rosasensat\/wp-json\/wp\/v2\/categories?post=3148"},{"taxonomy":"post_tag","embeddable":true,"href":"https:\/\/diarieducacio.cat\/rosasensat\/wp-json\/wp\/v2\/tags?post=3148"},{"taxonomy":"tipo","embeddable":true,"href":"https:\/\/diarieducacio.cat\/rosasensat\/wp-json\/wp\/v2\/tipo?post=3148"}],"curies":[{"name":"wp","href":"https:\/\/api.w.org\/{rel}","templated":true}]}}