{"id":3199,"date":"2016-11-23T05:00:20","date_gmt":"2016-11-23T04:00:20","guid":{"rendered":"https:\/\/nostalgic-ishizaka.82-223-1-47.plesk.page\/rosasensat\/2016\/11\/23\/la-veu-i-la-pell\/"},"modified":"2024-10-27T21:39:48","modified_gmt":"2024-10-27T20:39:48","slug":"la-veu-i-la-pell","status":"publish","type":"post","link":"https:\/\/diarieducacio.cat\/rosasensat\/2016\/11\/23\/la-veu-i-la-pell\/","title":{"rendered":"La veu i la pell"},"content":{"rendered":"<figure id=\"attachment_967\" aria-describedby=\"caption-attachment-967\" style=\"width: 4320px\" class=\"wp-caption aligncenter\"><a href=\"https:\/\/diarieducacio.cat\/rosasensat\/wp-content\/uploads\/sites\/9\/2016\/11\/1.jpg\"><img fetchpriority=\"high\" decoding=\"async\" class=\"wp-image-967 size-full\" src=\"https:\/\/diarieducacio.cat\/rosasensat\/wp-content\/uploads\/sites\/9\/2016\/11\/1.jpg\" alt=\"1\" width=\"4320\" height=\"3240\" \/><\/a><figcaption id=\"caption-attachment-967\" class=\"wp-caption-text\">Foto: \u00c0ngela Bosch<\/figcaption><\/figure>\n<p>Voldria reflexionar un moment en com constru\u00efm els vincles cada dia des de zero, perqu\u00e8 com totes les coses bones de la vida, el vincle \u00e9s etern i nom\u00e9s dura mentre batega.<\/p>\n<p>Voldria pensar doncs, en l\u2019element imprescindible per a cultivar-lo: la pres\u00e8ncia. Que ens suposa una manera concreta d\u2019estar, de ser, d\u2019acompanyar. I en els dos vestits que pot portar la pres\u00e8ncia: la veu i la pell.<\/p>\n<p>La pell \u00e9s la pres\u00e8ncia m\u00e9s concreta, m\u00e9s directa i m\u00e9s propera.<\/p>\n<p>\u00c9s oferir la falda, agafar de la m\u00e0.<\/p>\n<p>Escalfar les mans de l\u2019altre quan s\u2019han quedat fredes.<\/p>\n<p>\u00c9s una proximitat, un \u201cpots seure al meu costat\u201d.<\/p>\n<p>\u00c9s disponibilitat (malgrat el seu silenci).<\/p>\n<p>S\u00f3n els jocs de falda i la riallada que n\u2019omple els espais buits.<\/p>\n<p>La pell \u00e9s un acompanyament discret.<\/p>\n<p>&nbsp;<\/p>\n<p>La veu \u00e9s la pres\u00e8ncia entera, com una prolongaci\u00f3 de la mirada.<\/p>\n<p>\u00c9s la paraula que narra el moment present.<\/p>\n<p>\u00c9s la veu de l\u2019altre prenent sentit dins el teu cap.<\/p>\n<p>\u00c9s un aprendre a a escoltar, a callar, a parlar, a interpretar.<\/p>\n<p>\u00c9s possibilitat (malgrat la seva incorpore\u00eftat) .<\/p>\n<p>S\u00f3n les cantarelles lligades a la mirada.<\/p>\n<p>La veu \u00e9s un acompanyament en la dist\u00e0ncia.<\/p>\n<p>&nbsp;<\/p>\n<p>La veu i la pell esdevenen pres\u00e8ncia en tant que teixeixen complicitats.<\/p>\n<p>Aprenem de la veu tot all\u00f2 que la pell, silenciosa, no ens deixa escoltar.<\/p>\n<p>Aprenem de la pell tot all\u00f2 que la veu, harm\u00f2nica, no ens deixa tocar.<\/p>\n<p>La pres\u00e8ncia \u00e9s en l\u2019estar amb la veu i la pell.<\/p>\n<p>Que s\u00f3n eternes i nom\u00e9s duren mentre bateguen.<\/p>\n<figure id=\"attachment_973\" aria-describedby=\"caption-attachment-973\" style=\"width: 3264px\" class=\"wp-caption aligncenter\"><a href=\"https:\/\/diarieducacio.cat\/rosasensat\/wp-content\/uploads\/sites\/9\/2016\/11\/IMG_2058.jpg\"><img decoding=\"async\" class=\"wp-image-973 size-full\" src=\"https:\/\/diarieducacio.cat\/rosasensat\/wp-content\/uploads\/sites\/9\/2016\/11\/IMG_2058.jpg\" alt=\"img_2058\" width=\"3264\" height=\"2448\" \/><\/a><figcaption id=\"caption-attachment-973\" class=\"wp-caption-text\">Foto: \u00c0ngela Bosch<\/figcaption><\/figure>\n","protected":false},"excerpt":{"rendered":"<p>Els humans som \u00e9ssers socials per naturalesa. Ens portem dins els uns als altres i aix\u00ed comencem el nostre cam\u00ed. Ens vinculem els uns amb els altres. Teixim xarxes d\u2019aliances i d\u2019aquestes en neixen els afectes. L\u2019afecte es nodreix del vincle, i el vincle es nodreix de l\u2019afecte.<\/p>\n","protected":false},"author":1,"featured_media":0,"comment_status":"open","ping_status":"open","sticky":false,"template":"","format":"standard","meta":{"footnotes":""},"categories":[2],"tags":[],"tipo":[],"class_list":{"0":"post-3199","1":"post","2":"type-post","3":"status-publish","4":"format-standard","6":"category-general"},"yoast_head":"<!-- This site is optimized with the Yoast SEO plugin v27.4 - https:\/\/yoast.com\/product\/yoast-seo-wordpress\/ -->\n<title>La veu i la pell - Blog de Rosa Sensat<\/title>\n<meta name=\"robots\" content=\"index, follow, max-snippet:-1, max-image-preview:large, max-video-preview:-1\" \/>\n<link rel=\"canonical\" href=\"https:\/\/diarieducacio.cat\/rosasensat\/2016\/11\/23\/la-veu-i-la-pell\/\" \/>\n<meta property=\"og:locale\" content=\"ca_ES\" \/>\n<meta property=\"og:type\" content=\"article\" \/>\n<meta property=\"og:title\" content=\"La veu i la pell - Blog de Rosa Sensat\" \/>\n<meta property=\"og:description\" content=\"Els humans som \u00e9ssers socials per naturalesa. Ens portem dins els uns als altres i aix\u00ed comencem el nostre cam\u00ed. Ens vinculem els uns amb els altres. Teixim xarxes d\u2019aliances i d\u2019aquestes en neixen els afectes. L\u2019afecte es nodreix del vincle, i el vincle es nodreix de l\u2019afecte.\" \/>\n<meta property=\"og:url\" content=\"https:\/\/diarieducacio.cat\/rosasensat\/2016\/11\/23\/la-veu-i-la-pell\/\" \/>\n<meta property=\"og:site_name\" content=\"Blog de Rosa Sensat\" \/>\n<meta property=\"article:published_time\" content=\"2016-11-23T04:00:20+00:00\" \/>\n<meta property=\"article:modified_time\" content=\"2024-10-27T20:39:48+00:00\" \/>\n<meta name=\"author\" content=\"Redacci\u00f3\" \/>\n<meta name=\"twitter:card\" content=\"summary_large_image\" \/>\n<meta name=\"twitter:label1\" content=\"Escrit per\" \/>\n\t<meta name=\"twitter:data1\" content=\"Redacci\u00f3\" \/>\n\t<meta name=\"twitter:label2\" content=\"Temps estimat de lectura\" \/>\n\t<meta name=\"twitter:data2\" content=\"2 minuts\" \/>\n<script type=\"application\/ld+json\" class=\"yoast-schema-graph\">{\"@context\":\"https:\\\/\\\/schema.org\",\"@graph\":[{\"@type\":\"Article\",\"@id\":\"https:\\\/\\\/diarieducacio.cat\\\/rosasensat\\\/2016\\\/11\\\/23\\\/la-veu-i-la-pell\\\/#article\",\"isPartOf\":{\"@id\":\"https:\\\/\\\/diarieducacio.cat\\\/rosasensat\\\/2016\\\/11\\\/23\\\/la-veu-i-la-pell\\\/\"},\"author\":{\"name\":\"Redacci\u00f3\",\"@id\":\"https:\\\/\\\/diarieducacio.cat\\\/rosasensat\\\/#\\\/schema\\\/person\\\/04093d1227f1b01952d6187a5be57900\"},\"headline\":\"La veu i la pell\",\"datePublished\":\"2016-11-23T04:00:20+00:00\",\"dateModified\":\"2024-10-27T20:39:48+00:00\",\"mainEntityOfPage\":{\"@id\":\"https:\\\/\\\/diarieducacio.cat\\\/rosasensat\\\/2016\\\/11\\\/23\\\/la-veu-i-la-pell\\\/\"},\"wordCount\":307,\"commentCount\":0,\"image\":{\"@id\":\"https:\\\/\\\/diarieducacio.cat\\\/rosasensat\\\/2016\\\/11\\\/23\\\/la-veu-i-la-pell\\\/#primaryimage\"},\"thumbnailUrl\":\"https:\\\/\\\/diarieducacio.cat\\\/rosasensat\\\/wp-content\\\/uploads\\\/sites\\\/9\\\/2016\\\/11\\\/1.jpg\",\"articleSection\":[\"General\"],\"inLanguage\":\"ca\",\"potentialAction\":[{\"@type\":\"CommentAction\",\"name\":\"Comment\",\"target\":[\"https:\\\/\\\/diarieducacio.cat\\\/rosasensat\\\/2016\\\/11\\\/23\\\/la-veu-i-la-pell\\\/#respond\"]}]},{\"@type\":\"WebPage\",\"@id\":\"https:\\\/\\\/diarieducacio.cat\\\/rosasensat\\\/2016\\\/11\\\/23\\\/la-veu-i-la-pell\\\/\",\"url\":\"https:\\\/\\\/diarieducacio.cat\\\/rosasensat\\\/2016\\\/11\\\/23\\\/la-veu-i-la-pell\\\/\",\"name\":\"La veu i la pell - Blog de Rosa Sensat\",\"isPartOf\":{\"@id\":\"https:\\\/\\\/diarieducacio.cat\\\/rosasensat\\\/#website\"},\"primaryImageOfPage\":{\"@id\":\"https:\\\/\\\/diarieducacio.cat\\\/rosasensat\\\/2016\\\/11\\\/23\\\/la-veu-i-la-pell\\\/#primaryimage\"},\"image\":{\"@id\":\"https:\\\/\\\/diarieducacio.cat\\\/rosasensat\\\/2016\\\/11\\\/23\\\/la-veu-i-la-pell\\\/#primaryimage\"},\"thumbnailUrl\":\"https:\\\/\\\/diarieducacio.cat\\\/rosasensat\\\/wp-content\\\/uploads\\\/sites\\\/9\\\/2016\\\/11\\\/1.jpg\",\"datePublished\":\"2016-11-23T04:00:20+00:00\",\"dateModified\":\"2024-10-27T20:39:48+00:00\",\"author\":{\"@id\":\"https:\\\/\\\/diarieducacio.cat\\\/rosasensat\\\/#\\\/schema\\\/person\\\/04093d1227f1b01952d6187a5be57900\"},\"breadcrumb\":{\"@id\":\"https:\\\/\\\/diarieducacio.cat\\\/rosasensat\\\/2016\\\/11\\\/23\\\/la-veu-i-la-pell\\\/#breadcrumb\"},\"inLanguage\":\"ca\",\"potentialAction\":[{\"@type\":\"ReadAction\",\"target\":[\"https:\\\/\\\/diarieducacio.cat\\\/rosasensat\\\/2016\\\/11\\\/23\\\/la-veu-i-la-pell\\\/\"]}]},{\"@type\":\"ImageObject\",\"inLanguage\":\"ca\",\"@id\":\"https:\\\/\\\/diarieducacio.cat\\\/rosasensat\\\/2016\\\/11\\\/23\\\/la-veu-i-la-pell\\\/#primaryimage\",\"url\":\"https:\\\/\\\/diarieducacio.cat\\\/rosasensat\\\/wp-content\\\/uploads\\\/sites\\\/9\\\/2016\\\/11\\\/1.jpg\",\"contentUrl\":\"https:\\\/\\\/diarieducacio.cat\\\/rosasensat\\\/wp-content\\\/uploads\\\/sites\\\/9\\\/2016\\\/11\\\/1.jpg\"},{\"@type\":\"BreadcrumbList\",\"@id\":\"https:\\\/\\\/diarieducacio.cat\\\/rosasensat\\\/2016\\\/11\\\/23\\\/la-veu-i-la-pell\\\/#breadcrumb\",\"itemListElement\":[{\"@type\":\"ListItem\",\"position\":1,\"name\":\"Inici\",\"item\":\"https:\\\/\\\/diarieducacio.cat\\\/rosasensat\\\/\"},{\"@type\":\"ListItem\",\"position\":2,\"name\":\"La veu i la pell\"}]},{\"@type\":\"WebSite\",\"@id\":\"https:\\\/\\\/diarieducacio.cat\\\/rosasensat\\\/#website\",\"url\":\"https:\\\/\\\/diarieducacio.cat\\\/rosasensat\\\/\",\"name\":\"Blog de Rosa Sensat\",\"description\":\"\",\"potentialAction\":[{\"@type\":\"SearchAction\",\"target\":{\"@type\":\"EntryPoint\",\"urlTemplate\":\"https:\\\/\\\/diarieducacio.cat\\\/rosasensat\\\/?s={search_term_string}\"},\"query-input\":{\"@type\":\"PropertyValueSpecification\",\"valueRequired\":true,\"valueName\":\"search_term_string\"}}],\"inLanguage\":\"ca\"},{\"@type\":\"Person\",\"@id\":\"https:\\\/\\\/diarieducacio.cat\\\/rosasensat\\\/#\\\/schema\\\/person\\\/04093d1227f1b01952d6187a5be57900\",\"name\":\"Redacci\u00f3\",\"image\":{\"@type\":\"ImageObject\",\"inLanguage\":\"ca\",\"@id\":\"https:\\\/\\\/secure.gravatar.com\\\/avatar\\\/e952ad62e08be1daabaefebd12d26c1e5fbfd687693aaa066db2433a21638ad8?s=96&d=mm&r=g\",\"url\":\"https:\\\/\\\/secure.gravatar.com\\\/avatar\\\/e952ad62e08be1daabaefebd12d26c1e5fbfd687693aaa066db2433a21638ad8?s=96&d=mm&r=g\",\"contentUrl\":\"https:\\\/\\\/secure.gravatar.com\\\/avatar\\\/e952ad62e08be1daabaefebd12d26c1e5fbfd687693aaa066db2433a21638ad8?s=96&d=mm&r=g\",\"caption\":\"Redacci\u00f3\"},\"url\":\"https:\\\/\\\/diarieducacio.cat\\\/rosasensat\\\/author\\\/npenin\\\/\"}]}<\/script>\n<!-- \/ Yoast SEO plugin. -->","yoast_head_json":{"title":"La veu i la pell - Blog de Rosa Sensat","robots":{"index":"index","follow":"follow","max-snippet":"max-snippet:-1","max-image-preview":"max-image-preview:large","max-video-preview":"max-video-preview:-1"},"canonical":"https:\/\/diarieducacio.cat\/rosasensat\/2016\/11\/23\/la-veu-i-la-pell\/","og_locale":"ca_ES","og_type":"article","og_title":"La veu i la pell - Blog de Rosa Sensat","og_description":"Els humans som \u00e9ssers socials per naturalesa. Ens portem dins els uns als altres i aix\u00ed comencem el nostre cam\u00ed. Ens vinculem els uns amb els altres. Teixim xarxes d\u2019aliances i d\u2019aquestes en neixen els afectes. L\u2019afecte es nodreix del vincle, i el vincle es nodreix de l\u2019afecte.","og_url":"https:\/\/diarieducacio.cat\/rosasensat\/2016\/11\/23\/la-veu-i-la-pell\/","og_site_name":"Blog de Rosa Sensat","article_published_time":"2016-11-23T04:00:20+00:00","article_modified_time":"2024-10-27T20:39:48+00:00","author":"Redacci\u00f3","twitter_card":"summary_large_image","twitter_misc":{"Escrit per":"Redacci\u00f3","Temps estimat de lectura":"2 minuts"},"schema":{"@context":"https:\/\/schema.org","@graph":[{"@type":"Article","@id":"https:\/\/diarieducacio.cat\/rosasensat\/2016\/11\/23\/la-veu-i-la-pell\/#article","isPartOf":{"@id":"https:\/\/diarieducacio.cat\/rosasensat\/2016\/11\/23\/la-veu-i-la-pell\/"},"author":{"name":"Redacci\u00f3","@id":"https:\/\/diarieducacio.cat\/rosasensat\/#\/schema\/person\/04093d1227f1b01952d6187a5be57900"},"headline":"La veu i la pell","datePublished":"2016-11-23T04:00:20+00:00","dateModified":"2024-10-27T20:39:48+00:00","mainEntityOfPage":{"@id":"https:\/\/diarieducacio.cat\/rosasensat\/2016\/11\/23\/la-veu-i-la-pell\/"},"wordCount":307,"commentCount":0,"image":{"@id":"https:\/\/diarieducacio.cat\/rosasensat\/2016\/11\/23\/la-veu-i-la-pell\/#primaryimage"},"thumbnailUrl":"https:\/\/diarieducacio.cat\/rosasensat\/wp-content\/uploads\/sites\/9\/2016\/11\/1.jpg","articleSection":["General"],"inLanguage":"ca","potentialAction":[{"@type":"CommentAction","name":"Comment","target":["https:\/\/diarieducacio.cat\/rosasensat\/2016\/11\/23\/la-veu-i-la-pell\/#respond"]}]},{"@type":"WebPage","@id":"https:\/\/diarieducacio.cat\/rosasensat\/2016\/11\/23\/la-veu-i-la-pell\/","url":"https:\/\/diarieducacio.cat\/rosasensat\/2016\/11\/23\/la-veu-i-la-pell\/","name":"La veu i la pell - Blog de Rosa Sensat","isPartOf":{"@id":"https:\/\/diarieducacio.cat\/rosasensat\/#website"},"primaryImageOfPage":{"@id":"https:\/\/diarieducacio.cat\/rosasensat\/2016\/11\/23\/la-veu-i-la-pell\/#primaryimage"},"image":{"@id":"https:\/\/diarieducacio.cat\/rosasensat\/2016\/11\/23\/la-veu-i-la-pell\/#primaryimage"},"thumbnailUrl":"https:\/\/diarieducacio.cat\/rosasensat\/wp-content\/uploads\/sites\/9\/2016\/11\/1.jpg","datePublished":"2016-11-23T04:00:20+00:00","dateModified":"2024-10-27T20:39:48+00:00","author":{"@id":"https:\/\/diarieducacio.cat\/rosasensat\/#\/schema\/person\/04093d1227f1b01952d6187a5be57900"},"breadcrumb":{"@id":"https:\/\/diarieducacio.cat\/rosasensat\/2016\/11\/23\/la-veu-i-la-pell\/#breadcrumb"},"inLanguage":"ca","potentialAction":[{"@type":"ReadAction","target":["https:\/\/diarieducacio.cat\/rosasensat\/2016\/11\/23\/la-veu-i-la-pell\/"]}]},{"@type":"ImageObject","inLanguage":"ca","@id":"https:\/\/diarieducacio.cat\/rosasensat\/2016\/11\/23\/la-veu-i-la-pell\/#primaryimage","url":"https:\/\/diarieducacio.cat\/rosasensat\/wp-content\/uploads\/sites\/9\/2016\/11\/1.jpg","contentUrl":"https:\/\/diarieducacio.cat\/rosasensat\/wp-content\/uploads\/sites\/9\/2016\/11\/1.jpg"},{"@type":"BreadcrumbList","@id":"https:\/\/diarieducacio.cat\/rosasensat\/2016\/11\/23\/la-veu-i-la-pell\/#breadcrumb","itemListElement":[{"@type":"ListItem","position":1,"name":"Inici","item":"https:\/\/diarieducacio.cat\/rosasensat\/"},{"@type":"ListItem","position":2,"name":"La veu i la pell"}]},{"@type":"WebSite","@id":"https:\/\/diarieducacio.cat\/rosasensat\/#website","url":"https:\/\/diarieducacio.cat\/rosasensat\/","name":"Blog de Rosa Sensat","description":"","potentialAction":[{"@type":"SearchAction","target":{"@type":"EntryPoint","urlTemplate":"https:\/\/diarieducacio.cat\/rosasensat\/?s={search_term_string}"},"query-input":{"@type":"PropertyValueSpecification","valueRequired":true,"valueName":"search_term_string"}}],"inLanguage":"ca"},{"@type":"Person","@id":"https:\/\/diarieducacio.cat\/rosasensat\/#\/schema\/person\/04093d1227f1b01952d6187a5be57900","name":"Redacci\u00f3","image":{"@type":"ImageObject","inLanguage":"ca","@id":"https:\/\/secure.gravatar.com\/avatar\/e952ad62e08be1daabaefebd12d26c1e5fbfd687693aaa066db2433a21638ad8?s=96&d=mm&r=g","url":"https:\/\/secure.gravatar.com\/avatar\/e952ad62e08be1daabaefebd12d26c1e5fbfd687693aaa066db2433a21638ad8?s=96&d=mm&r=g","contentUrl":"https:\/\/secure.gravatar.com\/avatar\/e952ad62e08be1daabaefebd12d26c1e5fbfd687693aaa066db2433a21638ad8?s=96&d=mm&r=g","caption":"Redacci\u00f3"},"url":"https:\/\/diarieducacio.cat\/rosasensat\/author\/npenin\/"}]}},"_links":{"self":[{"href":"https:\/\/diarieducacio.cat\/rosasensat\/wp-json\/wp\/v2\/posts\/3199","targetHints":{"allow":["GET"]}}],"collection":[{"href":"https:\/\/diarieducacio.cat\/rosasensat\/wp-json\/wp\/v2\/posts"}],"about":[{"href":"https:\/\/diarieducacio.cat\/rosasensat\/wp-json\/wp\/v2\/types\/post"}],"author":[{"embeddable":true,"href":"https:\/\/diarieducacio.cat\/rosasensat\/wp-json\/wp\/v2\/users\/1"}],"replies":[{"embeddable":true,"href":"https:\/\/diarieducacio.cat\/rosasensat\/wp-json\/wp\/v2\/comments?post=3199"}],"version-history":[{"count":1,"href":"https:\/\/diarieducacio.cat\/rosasensat\/wp-json\/wp\/v2\/posts\/3199\/revisions"}],"predecessor-version":[{"id":3200,"href":"https:\/\/diarieducacio.cat\/rosasensat\/wp-json\/wp\/v2\/posts\/3199\/revisions\/3200"}],"wp:attachment":[{"href":"https:\/\/diarieducacio.cat\/rosasensat\/wp-json\/wp\/v2\/media?parent=3199"}],"wp:term":[{"taxonomy":"category","embeddable":true,"href":"https:\/\/diarieducacio.cat\/rosasensat\/wp-json\/wp\/v2\/categories?post=3199"},{"taxonomy":"post_tag","embeddable":true,"href":"https:\/\/diarieducacio.cat\/rosasensat\/wp-json\/wp\/v2\/tags?post=3199"},{"taxonomy":"tipo","embeddable":true,"href":"https:\/\/diarieducacio.cat\/rosasensat\/wp-json\/wp\/v2\/tipo?post=3199"}],"curies":[{"name":"wp","href":"https:\/\/api.w.org\/{rel}","templated":true}]}}