{"id":3228,"date":"2017-02-21T05:00:05","date_gmt":"2017-02-21T04:00:05","guid":{"rendered":"https:\/\/nostalgic-ishizaka.82-223-1-47.plesk.page\/rosasensat\/2017\/02\/21\/una-proposta\/"},"modified":"2024-10-27T21:40:15","modified_gmt":"2024-10-27T20:40:15","slug":"una-proposta","status":"publish","type":"post","link":"https:\/\/diarieducacio.cat\/rosasensat\/2017\/02\/21\/una-proposta\/","title":{"rendered":"Una proposta"},"content":{"rendered":"<figure id=\"attachment_1117\" aria-describedby=\"caption-attachment-1117\" style=\"width: 3264px\" class=\"wp-caption aligncenter\"><a href=\"https:\/\/diarieducacio.cat\/rosasensat\/wp-content\/uploads\/sites\/9\/2017\/02\/IMG_8496_1.jpg\"><img fetchpriority=\"high\" decoding=\"async\" class=\"wp-image-1117 size-full\" src=\"https:\/\/diarieducacio.cat\/rosasensat\/wp-content\/uploads\/sites\/9\/2017\/02\/IMG_8496_1.jpg\" width=\"3264\" height=\"2116\" \/><\/a><figcaption id=\"caption-attachment-1117\" class=\"wp-caption-text\">Estudiants visitant la biblioteca de Rosa Sensat \/ JORDI NAVARRO<\/figcaption><\/figure>\n<p>Era un dissabte de novembre i en un descans d\u2019una jornada de formaci\u00f3 vaig estar parlant amb una mestra sobre el moment que estaven vivint l\u2019educaci\u00f3, l\u2019escola i els instituts de Catalunya, sobre les moltes coses que s\u2019estaven fent i sobre les dificultats i els dubtes que sorgien. Era una conversa distesa, perqu\u00e8 l\u2019entusiasme sobre qui ho estava fent podia m\u00e9s que les dificultats que tenien per fer-ho.<\/p>\n<p>Aquests tipus de conversa s\u00f3n habituals en aquesta mena de jornades, en les quals es participa pel plaer de donar i rebre, sense esperar cap altre tipus de compensaci\u00f3. \u00c9s on acostumes a trobar grans mestres i professors que gaudeixen de la seva feina.<\/p>\n<p>La mestra amb qui parlava es va posar molt seriosa de cop i volta i em va dir: &#8220;Jo ho arreglaria de seguida: oferiria passar de les trenta-set hores i mitja que ara s\u2019han de treballar a trenta-cinc hores a la setmana per a tothom, per\u00f2 fetes a l\u2019escola o a l\u2019institut&#8221;. Totes dues v\u00e0rem riure, un riure de complicitat, perqu\u00e8 era tan f\u00e0cil&#8230;! Per\u00f2 seria impossible.<\/p>\n<blockquote><p><strong>Una proposta de m\u00e9s que es convertir\u00e0 en menys<\/strong><\/p><\/blockquote>\n<p>Ara que, tant pel que diuen els pressupostos de la Generalitat com pel possible acord entre el Departament d\u2019Ensenyament i els sindicats, sembla que el curs que ve es podr\u00e0 recuperar en part la falta de mestres i professors \u2013una escassa per\u00f2 bona not\u00edcia\u2013, m\u2019ha tornat al cap la conversa de novembre, perqu\u00e8 segons el que apareix als mitjans d\u2019informaci\u00f3 l\u2019augment de mestres s\u2019acompanya d\u2019una proposta denigrant: es podr\u00e0 \u00aballiberar\u00bb mestres i professors del treball amb els infants.<\/p>\n<p>En definitiva, \u00e9s una proposta de m\u00e9s que es convertir\u00e0 en menys. Perqu\u00e8 el que fa \u00e9s reduir les possibilitats de millora de l\u2019organitzaci\u00f3 dels grups, de poder organitzar de tant en tant, t\u00edmidament, grups m\u00e9s petits, de poder experimentar com \u00e9s de diferent treballar junts dos mestres, encara que sigui poc. Una veritable ll\u00e0stima, que nom\u00e9s agradar\u00e0 a aquells a qui no agrada la feina d\u2019educar.<\/p>\n<p>Tornant al novembre, si a l\u2019augment de mestres i professors s\u2019hi suma el comprom\u00eds, la voluntat o l\u2019obligatorietat d\u2019\u00aballiberar-se\u00bb del treball a casa, el resultat seria d\u2019una gran potencialitat. Fer de mestre amb els infants i joves \u00e9s el m\u00e9s important, per\u00f2 tamb\u00e9 ho \u00e9s fer escola o institut amb els companys i les fam\u00edlies, i per a aix\u00f2 calen hores per estar junts. Aquesta \u00e9s la meva proposta.<\/p>\n<p>Qui gosa fer-ho?<\/p>\n","protected":false},"excerpt":{"rendered":"<p>Fer de mestre amb els infants i joves \u00e9s el m\u00e9s important, per\u00f2 tamb\u00e9 ho \u00e9s fer escola o institut amb els companys i les fam\u00edlies, i per a aix\u00f2 calen hores per estar junts.<\/p>\n","protected":false},"author":1,"featured_media":0,"comment_status":"open","ping_status":"open","sticky":false,"template":"","format":"standard","meta":{"footnotes":""},"categories":[104,2,119],"tags":[177,118,178,179],"tipo":[],"class_list":{"0":"post-3228","1":"post","2":"type-post","3":"status-publish","4":"format-standard","6":"category-formacio","7":"category-general","8":"category-innovacio","9":"tag-formacio","10":"tag-innovacio","11":"tag-irene-balaguer","12":"tag-mestre"},"yoast_head":"<!-- This site is optimized with the Yoast SEO plugin v27.5 - https:\/\/yoast.com\/product\/yoast-seo-wordpress\/ -->\n<title>Una proposta - Blog de Rosa Sensat<\/title>\n<meta name=\"robots\" content=\"index, follow, max-snippet:-1, max-image-preview:large, max-video-preview:-1\" \/>\n<link rel=\"canonical\" href=\"https:\/\/diarieducacio.cat\/rosasensat\/2017\/02\/21\/una-proposta\/\" \/>\n<meta property=\"og:locale\" content=\"ca_ES\" \/>\n<meta property=\"og:type\" content=\"article\" \/>\n<meta property=\"og:title\" content=\"Una proposta - Blog de Rosa Sensat\" \/>\n<meta property=\"og:description\" content=\"Fer de mestre amb els infants i joves \u00e9s el m\u00e9s important, per\u00f2 tamb\u00e9 ho \u00e9s fer escola o institut amb els companys i les fam\u00edlies, i per a aix\u00f2 calen hores per estar junts.\" \/>\n<meta property=\"og:url\" content=\"https:\/\/diarieducacio.cat\/rosasensat\/2017\/02\/21\/una-proposta\/\" \/>\n<meta property=\"og:site_name\" content=\"Blog de Rosa Sensat\" \/>\n<meta property=\"article:published_time\" content=\"2017-02-21T04:00:05+00:00\" \/>\n<meta property=\"article:modified_time\" content=\"2024-10-27T20:40:15+00:00\" \/>\n<meta name=\"author\" content=\"Redacci\u00f3\" \/>\n<meta name=\"twitter:card\" content=\"summary_large_image\" \/>\n<meta name=\"twitter:label1\" content=\"Escrit per\" \/>\n\t<meta name=\"twitter:data1\" content=\"Redacci\u00f3\" \/>\n\t<meta name=\"twitter:label2\" content=\"Temps estimat de lectura\" \/>\n\t<meta name=\"twitter:data2\" content=\"2 minuts\" \/>\n<script type=\"application\/ld+json\" class=\"yoast-schema-graph\">{\"@context\":\"https:\\\/\\\/schema.org\",\"@graph\":[{\"@type\":\"Article\",\"@id\":\"https:\\\/\\\/diarieducacio.cat\\\/rosasensat\\\/2017\\\/02\\\/21\\\/una-proposta\\\/#article\",\"isPartOf\":{\"@id\":\"https:\\\/\\\/diarieducacio.cat\\\/rosasensat\\\/2017\\\/02\\\/21\\\/una-proposta\\\/\"},\"author\":{\"name\":\"Redacci\u00f3\",\"@id\":\"https:\\\/\\\/diarieducacio.cat\\\/rosasensat\\\/#\\\/schema\\\/person\\\/04093d1227f1b01952d6187a5be57900\"},\"headline\":\"Una proposta\",\"datePublished\":\"2017-02-21T04:00:05+00:00\",\"dateModified\":\"2024-10-27T20:40:15+00:00\",\"mainEntityOfPage\":{\"@id\":\"https:\\\/\\\/diarieducacio.cat\\\/rosasensat\\\/2017\\\/02\\\/21\\\/una-proposta\\\/\"},\"wordCount\":458,\"commentCount\":0,\"image\":{\"@id\":\"https:\\\/\\\/diarieducacio.cat\\\/rosasensat\\\/2017\\\/02\\\/21\\\/una-proposta\\\/#primaryimage\"},\"thumbnailUrl\":\"https:\\\/\\\/diarieducacio.cat\\\/rosasensat\\\/wp-content\\\/uploads\\\/sites\\\/9\\\/2017\\\/02\\\/IMG_8496_1.jpg\",\"keywords\":[\"formaci\u00f3\",\"Innovaci\u00f3\",\"Irene Balaguer\",\"mestre\"],\"articleSection\":[\"Formaci\u00f3\",\"General\",\"Innovaci\u00f3\"],\"inLanguage\":\"ca\",\"potentialAction\":[{\"@type\":\"CommentAction\",\"name\":\"Comment\",\"target\":[\"https:\\\/\\\/diarieducacio.cat\\\/rosasensat\\\/2017\\\/02\\\/21\\\/una-proposta\\\/#respond\"]}]},{\"@type\":\"WebPage\",\"@id\":\"https:\\\/\\\/diarieducacio.cat\\\/rosasensat\\\/2017\\\/02\\\/21\\\/una-proposta\\\/\",\"url\":\"https:\\\/\\\/diarieducacio.cat\\\/rosasensat\\\/2017\\\/02\\\/21\\\/una-proposta\\\/\",\"name\":\"Una proposta - Blog de Rosa Sensat\",\"isPartOf\":{\"@id\":\"https:\\\/\\\/diarieducacio.cat\\\/rosasensat\\\/#website\"},\"primaryImageOfPage\":{\"@id\":\"https:\\\/\\\/diarieducacio.cat\\\/rosasensat\\\/2017\\\/02\\\/21\\\/una-proposta\\\/#primaryimage\"},\"image\":{\"@id\":\"https:\\\/\\\/diarieducacio.cat\\\/rosasensat\\\/2017\\\/02\\\/21\\\/una-proposta\\\/#primaryimage\"},\"thumbnailUrl\":\"https:\\\/\\\/diarieducacio.cat\\\/rosasensat\\\/wp-content\\\/uploads\\\/sites\\\/9\\\/2017\\\/02\\\/IMG_8496_1.jpg\",\"datePublished\":\"2017-02-21T04:00:05+00:00\",\"dateModified\":\"2024-10-27T20:40:15+00:00\",\"author\":{\"@id\":\"https:\\\/\\\/diarieducacio.cat\\\/rosasensat\\\/#\\\/schema\\\/person\\\/04093d1227f1b01952d6187a5be57900\"},\"breadcrumb\":{\"@id\":\"https:\\\/\\\/diarieducacio.cat\\\/rosasensat\\\/2017\\\/02\\\/21\\\/una-proposta\\\/#breadcrumb\"},\"inLanguage\":\"ca\",\"potentialAction\":[{\"@type\":\"ReadAction\",\"target\":[\"https:\\\/\\\/diarieducacio.cat\\\/rosasensat\\\/2017\\\/02\\\/21\\\/una-proposta\\\/\"]}]},{\"@type\":\"ImageObject\",\"inLanguage\":\"ca\",\"@id\":\"https:\\\/\\\/diarieducacio.cat\\\/rosasensat\\\/2017\\\/02\\\/21\\\/una-proposta\\\/#primaryimage\",\"url\":\"https:\\\/\\\/diarieducacio.cat\\\/rosasensat\\\/wp-content\\\/uploads\\\/sites\\\/9\\\/2017\\\/02\\\/IMG_8496_1.jpg\",\"contentUrl\":\"https:\\\/\\\/diarieducacio.cat\\\/rosasensat\\\/wp-content\\\/uploads\\\/sites\\\/9\\\/2017\\\/02\\\/IMG_8496_1.jpg\"},{\"@type\":\"BreadcrumbList\",\"@id\":\"https:\\\/\\\/diarieducacio.cat\\\/rosasensat\\\/2017\\\/02\\\/21\\\/una-proposta\\\/#breadcrumb\",\"itemListElement\":[{\"@type\":\"ListItem\",\"position\":1,\"name\":\"Inici\",\"item\":\"https:\\\/\\\/diarieducacio.cat\\\/rosasensat\\\/\"},{\"@type\":\"ListItem\",\"position\":2,\"name\":\"Una proposta\"}]},{\"@type\":\"WebSite\",\"@id\":\"https:\\\/\\\/diarieducacio.cat\\\/rosasensat\\\/#website\",\"url\":\"https:\\\/\\\/diarieducacio.cat\\\/rosasensat\\\/\",\"name\":\"Blog de Rosa Sensat\",\"description\":\"\",\"potentialAction\":[{\"@type\":\"SearchAction\",\"target\":{\"@type\":\"EntryPoint\",\"urlTemplate\":\"https:\\\/\\\/diarieducacio.cat\\\/rosasensat\\\/?s={search_term_string}\"},\"query-input\":{\"@type\":\"PropertyValueSpecification\",\"valueRequired\":true,\"valueName\":\"search_term_string\"}}],\"inLanguage\":\"ca\"},{\"@type\":\"Person\",\"@id\":\"https:\\\/\\\/diarieducacio.cat\\\/rosasensat\\\/#\\\/schema\\\/person\\\/04093d1227f1b01952d6187a5be57900\",\"name\":\"Redacci\u00f3\",\"image\":{\"@type\":\"ImageObject\",\"inLanguage\":\"ca\",\"@id\":\"https:\\\/\\\/secure.gravatar.com\\\/avatar\\\/e952ad62e08be1daabaefebd12d26c1e5fbfd687693aaa066db2433a21638ad8?s=96&d=mm&r=g\",\"url\":\"https:\\\/\\\/secure.gravatar.com\\\/avatar\\\/e952ad62e08be1daabaefebd12d26c1e5fbfd687693aaa066db2433a21638ad8?s=96&d=mm&r=g\",\"contentUrl\":\"https:\\\/\\\/secure.gravatar.com\\\/avatar\\\/e952ad62e08be1daabaefebd12d26c1e5fbfd687693aaa066db2433a21638ad8?s=96&d=mm&r=g\",\"caption\":\"Redacci\u00f3\"},\"url\":\"https:\\\/\\\/diarieducacio.cat\\\/rosasensat\\\/author\\\/npenin\\\/\"}]}<\/script>\n<!-- \/ Yoast SEO plugin. -->","yoast_head_json":{"title":"Una proposta - Blog de Rosa Sensat","robots":{"index":"index","follow":"follow","max-snippet":"max-snippet:-1","max-image-preview":"max-image-preview:large","max-video-preview":"max-video-preview:-1"},"canonical":"https:\/\/diarieducacio.cat\/rosasensat\/2017\/02\/21\/una-proposta\/","og_locale":"ca_ES","og_type":"article","og_title":"Una proposta - Blog de Rosa Sensat","og_description":"Fer de mestre amb els infants i joves \u00e9s el m\u00e9s important, per\u00f2 tamb\u00e9 ho \u00e9s fer escola o institut amb els companys i les fam\u00edlies, i per a aix\u00f2 calen hores per estar junts.","og_url":"https:\/\/diarieducacio.cat\/rosasensat\/2017\/02\/21\/una-proposta\/","og_site_name":"Blog de Rosa Sensat","article_published_time":"2017-02-21T04:00:05+00:00","article_modified_time":"2024-10-27T20:40:15+00:00","author":"Redacci\u00f3","twitter_card":"summary_large_image","twitter_misc":{"Escrit per":"Redacci\u00f3","Temps estimat de lectura":"2 minuts"},"schema":{"@context":"https:\/\/schema.org","@graph":[{"@type":"Article","@id":"https:\/\/diarieducacio.cat\/rosasensat\/2017\/02\/21\/una-proposta\/#article","isPartOf":{"@id":"https:\/\/diarieducacio.cat\/rosasensat\/2017\/02\/21\/una-proposta\/"},"author":{"name":"Redacci\u00f3","@id":"https:\/\/diarieducacio.cat\/rosasensat\/#\/schema\/person\/04093d1227f1b01952d6187a5be57900"},"headline":"Una proposta","datePublished":"2017-02-21T04:00:05+00:00","dateModified":"2024-10-27T20:40:15+00:00","mainEntityOfPage":{"@id":"https:\/\/diarieducacio.cat\/rosasensat\/2017\/02\/21\/una-proposta\/"},"wordCount":458,"commentCount":0,"image":{"@id":"https:\/\/diarieducacio.cat\/rosasensat\/2017\/02\/21\/una-proposta\/#primaryimage"},"thumbnailUrl":"https:\/\/diarieducacio.cat\/rosasensat\/wp-content\/uploads\/sites\/9\/2017\/02\/IMG_8496_1.jpg","keywords":["formaci\u00f3","Innovaci\u00f3","Irene Balaguer","mestre"],"articleSection":["Formaci\u00f3","General","Innovaci\u00f3"],"inLanguage":"ca","potentialAction":[{"@type":"CommentAction","name":"Comment","target":["https:\/\/diarieducacio.cat\/rosasensat\/2017\/02\/21\/una-proposta\/#respond"]}]},{"@type":"WebPage","@id":"https:\/\/diarieducacio.cat\/rosasensat\/2017\/02\/21\/una-proposta\/","url":"https:\/\/diarieducacio.cat\/rosasensat\/2017\/02\/21\/una-proposta\/","name":"Una proposta - Blog de Rosa Sensat","isPartOf":{"@id":"https:\/\/diarieducacio.cat\/rosasensat\/#website"},"primaryImageOfPage":{"@id":"https:\/\/diarieducacio.cat\/rosasensat\/2017\/02\/21\/una-proposta\/#primaryimage"},"image":{"@id":"https:\/\/diarieducacio.cat\/rosasensat\/2017\/02\/21\/una-proposta\/#primaryimage"},"thumbnailUrl":"https:\/\/diarieducacio.cat\/rosasensat\/wp-content\/uploads\/sites\/9\/2017\/02\/IMG_8496_1.jpg","datePublished":"2017-02-21T04:00:05+00:00","dateModified":"2024-10-27T20:40:15+00:00","author":{"@id":"https:\/\/diarieducacio.cat\/rosasensat\/#\/schema\/person\/04093d1227f1b01952d6187a5be57900"},"breadcrumb":{"@id":"https:\/\/diarieducacio.cat\/rosasensat\/2017\/02\/21\/una-proposta\/#breadcrumb"},"inLanguage":"ca","potentialAction":[{"@type":"ReadAction","target":["https:\/\/diarieducacio.cat\/rosasensat\/2017\/02\/21\/una-proposta\/"]}]},{"@type":"ImageObject","inLanguage":"ca","@id":"https:\/\/diarieducacio.cat\/rosasensat\/2017\/02\/21\/una-proposta\/#primaryimage","url":"https:\/\/diarieducacio.cat\/rosasensat\/wp-content\/uploads\/sites\/9\/2017\/02\/IMG_8496_1.jpg","contentUrl":"https:\/\/diarieducacio.cat\/rosasensat\/wp-content\/uploads\/sites\/9\/2017\/02\/IMG_8496_1.jpg"},{"@type":"BreadcrumbList","@id":"https:\/\/diarieducacio.cat\/rosasensat\/2017\/02\/21\/una-proposta\/#breadcrumb","itemListElement":[{"@type":"ListItem","position":1,"name":"Inici","item":"https:\/\/diarieducacio.cat\/rosasensat\/"},{"@type":"ListItem","position":2,"name":"Una proposta"}]},{"@type":"WebSite","@id":"https:\/\/diarieducacio.cat\/rosasensat\/#website","url":"https:\/\/diarieducacio.cat\/rosasensat\/","name":"Blog de Rosa Sensat","description":"","potentialAction":[{"@type":"SearchAction","target":{"@type":"EntryPoint","urlTemplate":"https:\/\/diarieducacio.cat\/rosasensat\/?s={search_term_string}"},"query-input":{"@type":"PropertyValueSpecification","valueRequired":true,"valueName":"search_term_string"}}],"inLanguage":"ca"},{"@type":"Person","@id":"https:\/\/diarieducacio.cat\/rosasensat\/#\/schema\/person\/04093d1227f1b01952d6187a5be57900","name":"Redacci\u00f3","image":{"@type":"ImageObject","inLanguage":"ca","@id":"https:\/\/secure.gravatar.com\/avatar\/e952ad62e08be1daabaefebd12d26c1e5fbfd687693aaa066db2433a21638ad8?s=96&d=mm&r=g","url":"https:\/\/secure.gravatar.com\/avatar\/e952ad62e08be1daabaefebd12d26c1e5fbfd687693aaa066db2433a21638ad8?s=96&d=mm&r=g","contentUrl":"https:\/\/secure.gravatar.com\/avatar\/e952ad62e08be1daabaefebd12d26c1e5fbfd687693aaa066db2433a21638ad8?s=96&d=mm&r=g","caption":"Redacci\u00f3"},"url":"https:\/\/diarieducacio.cat\/rosasensat\/author\/npenin\/"}]}},"_links":{"self":[{"href":"https:\/\/diarieducacio.cat\/rosasensat\/wp-json\/wp\/v2\/posts\/3228","targetHints":{"allow":["GET"]}}],"collection":[{"href":"https:\/\/diarieducacio.cat\/rosasensat\/wp-json\/wp\/v2\/posts"}],"about":[{"href":"https:\/\/diarieducacio.cat\/rosasensat\/wp-json\/wp\/v2\/types\/post"}],"author":[{"embeddable":true,"href":"https:\/\/diarieducacio.cat\/rosasensat\/wp-json\/wp\/v2\/users\/1"}],"replies":[{"embeddable":true,"href":"https:\/\/diarieducacio.cat\/rosasensat\/wp-json\/wp\/v2\/comments?post=3228"}],"version-history":[{"count":1,"href":"https:\/\/diarieducacio.cat\/rosasensat\/wp-json\/wp\/v2\/posts\/3228\/revisions"}],"predecessor-version":[{"id":3229,"href":"https:\/\/diarieducacio.cat\/rosasensat\/wp-json\/wp\/v2\/posts\/3228\/revisions\/3229"}],"wp:attachment":[{"href":"https:\/\/diarieducacio.cat\/rosasensat\/wp-json\/wp\/v2\/media?parent=3228"}],"wp:term":[{"taxonomy":"category","embeddable":true,"href":"https:\/\/diarieducacio.cat\/rosasensat\/wp-json\/wp\/v2\/categories?post=3228"},{"taxonomy":"post_tag","embeddable":true,"href":"https:\/\/diarieducacio.cat\/rosasensat\/wp-json\/wp\/v2\/tags?post=3228"},{"taxonomy":"tipo","embeddable":true,"href":"https:\/\/diarieducacio.cat\/rosasensat\/wp-json\/wp\/v2\/tipo?post=3228"}],"curies":[{"name":"wp","href":"https:\/\/api.w.org\/{rel}","templated":true}]}}