{"id":3232,"date":"2017-03-02T05:00:05","date_gmt":"2017-03-02T04:00:05","guid":{"rendered":"https:\/\/nostalgic-ishizaka.82-223-1-47.plesk.page\/rosasensat\/2017\/03\/02\/la-importancia-de-desobeir\/"},"modified":"2024-10-27T21:40:18","modified_gmt":"2024-10-27T20:40:18","slug":"la-importancia-de-desobeir","status":"publish","type":"post","link":"https:\/\/diarieducacio.cat\/rosasensat\/2017\/03\/02\/la-importancia-de-desobeir\/","title":{"rendered":"La import\u00e0ncia de desobeir"},"content":{"rendered":"<figure id=\"attachment_1148\" aria-describedby=\"caption-attachment-1148\" style=\"width: 4000px\" class=\"wp-caption aligncenter\"><a href=\"https:\/\/diarieducacio.cat\/rosasensat\/wp-content\/uploads\/sites\/9\/2017\/02\/15M_1.jpg\"><img fetchpriority=\"high\" decoding=\"async\" class=\"wp-image-1148 size-full\" src=\"https:\/\/diarieducacio.cat\/rosasensat\/wp-content\/uploads\/sites\/9\/2017\/02\/15M_1.jpg\" width=\"4000\" height=\"3000\" \/><\/a><figcaption id=\"caption-attachment-1148\" class=\"wp-caption-text\">Representants de Rosa Sensat parlant amb el 15M a la Pla\u00e7a Catalunya el 2011.<\/figcaption><\/figure>\n<p>Em sorprenen certes actituds d\u2019avui, quan algunes persones (fins i tot pol\u00edtics) desobeeixen i despr\u00e9s s\u2019exclamen perqu\u00e8 s\u00f3n castigades o denunciades. Desobeir \u00e9s leg\u00edtim, per\u00f2 l\u00f2gicament tot acte contrari a les normes ser\u00e0 castigat d\u2019una manera o altra; si no, no seria una veritable desobedi\u00e8ncia. Gandhi i altres persones que han lluitat per transformar la societat en favor dels m\u00e9s necessitats <strong>van desobeir<\/strong>, per\u00f2 van acceptar les conseq\u00fc\u00e8ncies dels seus actes. Al llarg dels quaranta anys que he treballat de mestre i de professor<a href=\"#_ftn1\" name=\"_ftnref1\">[1]<\/a> <strong>he desobe\u00eft conscientment<\/strong> m\u00e9s d\u2019una vegada, i he fet front a les conseq\u00fc\u00e8ncies. He pensat que les normes han d\u2019estar al servei de les persones i no a l\u2019inrev\u00e9s, tot seguint la frase de l\u2019Evangeli<em> \u00ab<\/em>El dissabte s\u2019ha fet per a l\u2019home i no l\u2019home per al dissabte\u00bb<em>.<\/em> Una normativa escolar que no estigui al servei de l\u2019alumnat no \u00e9s leg\u00edtima: <strong>s\u2019ha de desobeir i entomar-ne les conseq\u00fc\u00e8ncies<\/strong> (a mi m\u2019ha costat la destituci\u00f3 de c\u00e0rrecs directius).<\/p>\n<p>En l\u2019\u00e0mbit escolar, alguns infants desobeeixen per reafirmar-se, perqu\u00e8 se\u2019ls tingui en compte, perqu\u00e8 pensen que no se\u2019ls fa cas, per cridar l\u2019atenci\u00f3, per reclamar la pres\u00e8ncia de la persona adulta de refer\u00e8ncia, per augmentar la seva autoestima&#8230; Per aix\u00f2 <strong>\u00e9s important desobeir algunes vegades. <\/strong>I, a m\u00e9s, l\u2019adult pot posar l\u00edmits a la desobedi\u00e8ncia explicant-li afectuosament per qu\u00e8 all\u00f2 no s\u2019ha de fer.<\/p>\n<blockquote><p><strong>L\u2019error ajuda a l\u2019aprenentatge, desobeir ajuda a cr\u00e9ixer<\/strong><\/p><\/blockquote>\n<p>Als instituts hem de pensar que <strong>l\u2019adolescent necessita rebel\u00b7lar-se<\/strong> per anar afermant la seva personalitat, per cr\u00e9ixer i madurar com a persona. \u00c9s tasca del professorat contenir aquesta rebel\u00b7li\u00f3, una rebel\u00b7li\u00f3 contra el m\u00f3n adult que els posa (i els ha de posar) l\u00edmits. Si entenem que les actituds de l\u2019alumnat no van contra nosaltres sin\u00f3 contra el que representem (el poder del m\u00f3n adult), les nostres reaccions seran m\u00e9s tranquil\u00b7les, no ens sentirem atacats: les actituds contestat\u00e0ries es reduiran i els conflictes disminuiran. El paper de l\u2019adult davant l\u2019adolescent hauria de ser com una paret de front\u00f3 encoixinada que torna la pilota per\u00f2 amb menys for\u00e7a, que tempera els impulsos dels joves. I ens hauria de preocupar aquell noi o noia que al llarg de tota l\u2019ESO no ha desobe\u00eft mai, no s\u2019ha rebel\u00b7lat.<strong> Sense desobeir alguna vegada no es far\u00e0 adult<\/strong>. Perqu\u00e8 desobeint, <strong>transgredint una norma, est\u00e0 fent un aprenentatge de la llibertat i la responsabilitat.<\/strong><\/p>\n<p>Una cosa m\u00e9s:<strong> hem de tenir en compte que no \u00e9s el mateix la legalitat que la legitimitat<\/strong>. Les lleis canvien sovint; la legitimitat t\u00e9 a veure amb l\u2019\u00e8tica personal, social o comunit\u00e0ria, i no canvia tan f\u00e0cilment. Aquests dies ens hem manifestat per acollir refugiats, un fet que est\u00e0 prohibit a uns quants estats d\u2019Europa. <strong>Ajudar una persona refugiada pot ser il\u00b7legal, per\u00f2 \u00e9s ben leg\u00edtim. <\/strong>Aqu\u00ed tenim una llei que haur\u00edem de desobeir obertament. En <strong>una escola o institut es poden donar conflictes entre legalitat i legitimitat<\/strong>: normes sobre l\u2019aparen\u00e7a externa, sobre la tinen\u00e7a d\u2019aparells, els deures excessius, el silenci total a les aules&#8230; Les normes, necess\u00e0ries per a la conviv\u00e8ncia, han de ser poques, consensuades i educadores. Les persones que ens dediquem a ensenyar i educar hem de ser conscients del nostre paper, sent exigents i dialogants alhora, imparcials, conseq\u00fcents, sense ridiculitzar mai, manifestant afecte. Hem de saber que els nois i noies no s\u00f3n iguals, <strong>que caldr\u00e0 tractar-los tot respectant les seves difer\u00e8ncies. \u00a0<\/strong><strong>L\u2019error ajuda a l\u2019aprenentatge, desobeir ajuda a cr\u00e9ixer.<\/strong><\/p>\n<p><a href=\"#_ftnref1\" name=\"_ftn1\">[1]<\/a> Podeu veure aquestes reflexions i altres ampliades a Joan M. Girona (2015), <em>Vaig comen\u00e7ar a anar a escola als sis anys<\/em>. Edicions de <a href=\"http:\/\/www2.rosasensat.org\/pagina\/els-llibres\">Rosa Sensat<\/a>.<\/p>\n","protected":false},"excerpt":{"rendered":"<p>Desobeir \u00e9s leg\u00edtim, per\u00f2 l\u00f2gicament tot acte contrari a les normes ser\u00e0 castigat d\u2019una manera o altra; si no, no seria una veritable desobedi\u00e8ncia.<\/p>\n","protected":false},"author":1,"featured_media":0,"comment_status":"open","ping_status":"open","sticky":false,"template":"","format":"standard","meta":{"footnotes":""},"categories":[96,100,2],"tags":[182,183],"tipo":[],"class_list":{"0":"post-3232","1":"post","2":"type-post","3":"status-publish","4":"format-standard","6":"category-escola-laica","7":"category-escola-publica","8":"category-general","9":"tag-adolescencia","10":"tag-desobediencia"},"yoast_head":"<!-- This site is optimized with the Yoast SEO plugin v27.4 - https:\/\/yoast.com\/product\/yoast-seo-wordpress\/ -->\n<title>La import\u00e0ncia de desobeir - Blog de Rosa Sensat<\/title>\n<meta name=\"robots\" content=\"index, follow, max-snippet:-1, max-image-preview:large, max-video-preview:-1\" \/>\n<link rel=\"canonical\" href=\"https:\/\/diarieducacio.cat\/rosasensat\/2017\/03\/02\/la-importancia-de-desobeir\/\" \/>\n<meta property=\"og:locale\" content=\"ca_ES\" \/>\n<meta property=\"og:type\" content=\"article\" \/>\n<meta property=\"og:title\" content=\"La import\u00e0ncia de desobeir - Blog de Rosa Sensat\" \/>\n<meta property=\"og:description\" content=\"Desobeir \u00e9s leg\u00edtim, per\u00f2 l\u00f2gicament tot acte contrari a les normes ser\u00e0 castigat d\u2019una manera o altra; si no, no seria una veritable desobedi\u00e8ncia.\" \/>\n<meta property=\"og:url\" content=\"https:\/\/diarieducacio.cat\/rosasensat\/2017\/03\/02\/la-importancia-de-desobeir\/\" \/>\n<meta property=\"og:site_name\" content=\"Blog de Rosa Sensat\" \/>\n<meta property=\"article:published_time\" content=\"2017-03-02T04:00:05+00:00\" \/>\n<meta property=\"article:modified_time\" content=\"2024-10-27T20:40:18+00:00\" \/>\n<meta name=\"author\" content=\"Redacci\u00f3\" \/>\n<meta name=\"twitter:card\" content=\"summary_large_image\" \/>\n<meta name=\"twitter:label1\" content=\"Escrit per\" \/>\n\t<meta name=\"twitter:data1\" content=\"Redacci\u00f3\" \/>\n\t<meta name=\"twitter:label2\" content=\"Temps estimat de lectura\" \/>\n\t<meta name=\"twitter:data2\" content=\"3 minuts\" \/>\n<script type=\"application\/ld+json\" class=\"yoast-schema-graph\">{\"@context\":\"https:\\\/\\\/schema.org\",\"@graph\":[{\"@type\":\"Article\",\"@id\":\"https:\\\/\\\/diarieducacio.cat\\\/rosasensat\\\/2017\\\/03\\\/02\\\/la-importancia-de-desobeir\\\/#article\",\"isPartOf\":{\"@id\":\"https:\\\/\\\/diarieducacio.cat\\\/rosasensat\\\/2017\\\/03\\\/02\\\/la-importancia-de-desobeir\\\/\"},\"author\":{\"name\":\"Redacci\u00f3\",\"@id\":\"https:\\\/\\\/diarieducacio.cat\\\/rosasensat\\\/#\\\/schema\\\/person\\\/04093d1227f1b01952d6187a5be57900\"},\"headline\":\"La import\u00e0ncia de desobeir\",\"datePublished\":\"2017-03-02T04:00:05+00:00\",\"dateModified\":\"2024-10-27T20:40:18+00:00\",\"mainEntityOfPage\":{\"@id\":\"https:\\\/\\\/diarieducacio.cat\\\/rosasensat\\\/2017\\\/03\\\/02\\\/la-importancia-de-desobeir\\\/\"},\"wordCount\":698,\"commentCount\":0,\"image\":{\"@id\":\"https:\\\/\\\/diarieducacio.cat\\\/rosasensat\\\/2017\\\/03\\\/02\\\/la-importancia-de-desobeir\\\/#primaryimage\"},\"thumbnailUrl\":\"https:\\\/\\\/diarieducacio.cat\\\/rosasensat\\\/wp-content\\\/uploads\\\/sites\\\/9\\\/2017\\\/02\\\/15M_1.jpg\",\"keywords\":[\"Adolesc\u00e8ncia\",\"Desobedi\u00e8ncia\"],\"articleSection\":[\"Escola laica\",\"Escola p\u00fablica\",\"General\"],\"inLanguage\":\"ca\",\"potentialAction\":[{\"@type\":\"CommentAction\",\"name\":\"Comment\",\"target\":[\"https:\\\/\\\/diarieducacio.cat\\\/rosasensat\\\/2017\\\/03\\\/02\\\/la-importancia-de-desobeir\\\/#respond\"]}]},{\"@type\":\"WebPage\",\"@id\":\"https:\\\/\\\/diarieducacio.cat\\\/rosasensat\\\/2017\\\/03\\\/02\\\/la-importancia-de-desobeir\\\/\",\"url\":\"https:\\\/\\\/diarieducacio.cat\\\/rosasensat\\\/2017\\\/03\\\/02\\\/la-importancia-de-desobeir\\\/\",\"name\":\"La import\u00e0ncia de desobeir - Blog de Rosa Sensat\",\"isPartOf\":{\"@id\":\"https:\\\/\\\/diarieducacio.cat\\\/rosasensat\\\/#website\"},\"primaryImageOfPage\":{\"@id\":\"https:\\\/\\\/diarieducacio.cat\\\/rosasensat\\\/2017\\\/03\\\/02\\\/la-importancia-de-desobeir\\\/#primaryimage\"},\"image\":{\"@id\":\"https:\\\/\\\/diarieducacio.cat\\\/rosasensat\\\/2017\\\/03\\\/02\\\/la-importancia-de-desobeir\\\/#primaryimage\"},\"thumbnailUrl\":\"https:\\\/\\\/diarieducacio.cat\\\/rosasensat\\\/wp-content\\\/uploads\\\/sites\\\/9\\\/2017\\\/02\\\/15M_1.jpg\",\"datePublished\":\"2017-03-02T04:00:05+00:00\",\"dateModified\":\"2024-10-27T20:40:18+00:00\",\"author\":{\"@id\":\"https:\\\/\\\/diarieducacio.cat\\\/rosasensat\\\/#\\\/schema\\\/person\\\/04093d1227f1b01952d6187a5be57900\"},\"breadcrumb\":{\"@id\":\"https:\\\/\\\/diarieducacio.cat\\\/rosasensat\\\/2017\\\/03\\\/02\\\/la-importancia-de-desobeir\\\/#breadcrumb\"},\"inLanguage\":\"ca\",\"potentialAction\":[{\"@type\":\"ReadAction\",\"target\":[\"https:\\\/\\\/diarieducacio.cat\\\/rosasensat\\\/2017\\\/03\\\/02\\\/la-importancia-de-desobeir\\\/\"]}]},{\"@type\":\"ImageObject\",\"inLanguage\":\"ca\",\"@id\":\"https:\\\/\\\/diarieducacio.cat\\\/rosasensat\\\/2017\\\/03\\\/02\\\/la-importancia-de-desobeir\\\/#primaryimage\",\"url\":\"https:\\\/\\\/diarieducacio.cat\\\/rosasensat\\\/wp-content\\\/uploads\\\/sites\\\/9\\\/2017\\\/02\\\/15M_1.jpg\",\"contentUrl\":\"https:\\\/\\\/diarieducacio.cat\\\/rosasensat\\\/wp-content\\\/uploads\\\/sites\\\/9\\\/2017\\\/02\\\/15M_1.jpg\"},{\"@type\":\"BreadcrumbList\",\"@id\":\"https:\\\/\\\/diarieducacio.cat\\\/rosasensat\\\/2017\\\/03\\\/02\\\/la-importancia-de-desobeir\\\/#breadcrumb\",\"itemListElement\":[{\"@type\":\"ListItem\",\"position\":1,\"name\":\"Inici\",\"item\":\"https:\\\/\\\/diarieducacio.cat\\\/rosasensat\\\/\"},{\"@type\":\"ListItem\",\"position\":2,\"name\":\"La import\u00e0ncia de desobeir\"}]},{\"@type\":\"WebSite\",\"@id\":\"https:\\\/\\\/diarieducacio.cat\\\/rosasensat\\\/#website\",\"url\":\"https:\\\/\\\/diarieducacio.cat\\\/rosasensat\\\/\",\"name\":\"Blog de Rosa Sensat\",\"description\":\"\",\"potentialAction\":[{\"@type\":\"SearchAction\",\"target\":{\"@type\":\"EntryPoint\",\"urlTemplate\":\"https:\\\/\\\/diarieducacio.cat\\\/rosasensat\\\/?s={search_term_string}\"},\"query-input\":{\"@type\":\"PropertyValueSpecification\",\"valueRequired\":true,\"valueName\":\"search_term_string\"}}],\"inLanguage\":\"ca\"},{\"@type\":\"Person\",\"@id\":\"https:\\\/\\\/diarieducacio.cat\\\/rosasensat\\\/#\\\/schema\\\/person\\\/04093d1227f1b01952d6187a5be57900\",\"name\":\"Redacci\u00f3\",\"image\":{\"@type\":\"ImageObject\",\"inLanguage\":\"ca\",\"@id\":\"https:\\\/\\\/secure.gravatar.com\\\/avatar\\\/e952ad62e08be1daabaefebd12d26c1e5fbfd687693aaa066db2433a21638ad8?s=96&d=mm&r=g\",\"url\":\"https:\\\/\\\/secure.gravatar.com\\\/avatar\\\/e952ad62e08be1daabaefebd12d26c1e5fbfd687693aaa066db2433a21638ad8?s=96&d=mm&r=g\",\"contentUrl\":\"https:\\\/\\\/secure.gravatar.com\\\/avatar\\\/e952ad62e08be1daabaefebd12d26c1e5fbfd687693aaa066db2433a21638ad8?s=96&d=mm&r=g\",\"caption\":\"Redacci\u00f3\"},\"url\":\"https:\\\/\\\/diarieducacio.cat\\\/rosasensat\\\/author\\\/npenin\\\/\"}]}<\/script>\n<!-- \/ Yoast SEO plugin. -->","yoast_head_json":{"title":"La import\u00e0ncia de desobeir - Blog de Rosa Sensat","robots":{"index":"index","follow":"follow","max-snippet":"max-snippet:-1","max-image-preview":"max-image-preview:large","max-video-preview":"max-video-preview:-1"},"canonical":"https:\/\/diarieducacio.cat\/rosasensat\/2017\/03\/02\/la-importancia-de-desobeir\/","og_locale":"ca_ES","og_type":"article","og_title":"La import\u00e0ncia de desobeir - Blog de Rosa Sensat","og_description":"Desobeir \u00e9s leg\u00edtim, per\u00f2 l\u00f2gicament tot acte contrari a les normes ser\u00e0 castigat d\u2019una manera o altra; si no, no seria una veritable desobedi\u00e8ncia.","og_url":"https:\/\/diarieducacio.cat\/rosasensat\/2017\/03\/02\/la-importancia-de-desobeir\/","og_site_name":"Blog de Rosa Sensat","article_published_time":"2017-03-02T04:00:05+00:00","article_modified_time":"2024-10-27T20:40:18+00:00","author":"Redacci\u00f3","twitter_card":"summary_large_image","twitter_misc":{"Escrit per":"Redacci\u00f3","Temps estimat de lectura":"3 minuts"},"schema":{"@context":"https:\/\/schema.org","@graph":[{"@type":"Article","@id":"https:\/\/diarieducacio.cat\/rosasensat\/2017\/03\/02\/la-importancia-de-desobeir\/#article","isPartOf":{"@id":"https:\/\/diarieducacio.cat\/rosasensat\/2017\/03\/02\/la-importancia-de-desobeir\/"},"author":{"name":"Redacci\u00f3","@id":"https:\/\/diarieducacio.cat\/rosasensat\/#\/schema\/person\/04093d1227f1b01952d6187a5be57900"},"headline":"La import\u00e0ncia de desobeir","datePublished":"2017-03-02T04:00:05+00:00","dateModified":"2024-10-27T20:40:18+00:00","mainEntityOfPage":{"@id":"https:\/\/diarieducacio.cat\/rosasensat\/2017\/03\/02\/la-importancia-de-desobeir\/"},"wordCount":698,"commentCount":0,"image":{"@id":"https:\/\/diarieducacio.cat\/rosasensat\/2017\/03\/02\/la-importancia-de-desobeir\/#primaryimage"},"thumbnailUrl":"https:\/\/diarieducacio.cat\/rosasensat\/wp-content\/uploads\/sites\/9\/2017\/02\/15M_1.jpg","keywords":["Adolesc\u00e8ncia","Desobedi\u00e8ncia"],"articleSection":["Escola laica","Escola p\u00fablica","General"],"inLanguage":"ca","potentialAction":[{"@type":"CommentAction","name":"Comment","target":["https:\/\/diarieducacio.cat\/rosasensat\/2017\/03\/02\/la-importancia-de-desobeir\/#respond"]}]},{"@type":"WebPage","@id":"https:\/\/diarieducacio.cat\/rosasensat\/2017\/03\/02\/la-importancia-de-desobeir\/","url":"https:\/\/diarieducacio.cat\/rosasensat\/2017\/03\/02\/la-importancia-de-desobeir\/","name":"La import\u00e0ncia de desobeir - Blog de Rosa Sensat","isPartOf":{"@id":"https:\/\/diarieducacio.cat\/rosasensat\/#website"},"primaryImageOfPage":{"@id":"https:\/\/diarieducacio.cat\/rosasensat\/2017\/03\/02\/la-importancia-de-desobeir\/#primaryimage"},"image":{"@id":"https:\/\/diarieducacio.cat\/rosasensat\/2017\/03\/02\/la-importancia-de-desobeir\/#primaryimage"},"thumbnailUrl":"https:\/\/diarieducacio.cat\/rosasensat\/wp-content\/uploads\/sites\/9\/2017\/02\/15M_1.jpg","datePublished":"2017-03-02T04:00:05+00:00","dateModified":"2024-10-27T20:40:18+00:00","author":{"@id":"https:\/\/diarieducacio.cat\/rosasensat\/#\/schema\/person\/04093d1227f1b01952d6187a5be57900"},"breadcrumb":{"@id":"https:\/\/diarieducacio.cat\/rosasensat\/2017\/03\/02\/la-importancia-de-desobeir\/#breadcrumb"},"inLanguage":"ca","potentialAction":[{"@type":"ReadAction","target":["https:\/\/diarieducacio.cat\/rosasensat\/2017\/03\/02\/la-importancia-de-desobeir\/"]}]},{"@type":"ImageObject","inLanguage":"ca","@id":"https:\/\/diarieducacio.cat\/rosasensat\/2017\/03\/02\/la-importancia-de-desobeir\/#primaryimage","url":"https:\/\/diarieducacio.cat\/rosasensat\/wp-content\/uploads\/sites\/9\/2017\/02\/15M_1.jpg","contentUrl":"https:\/\/diarieducacio.cat\/rosasensat\/wp-content\/uploads\/sites\/9\/2017\/02\/15M_1.jpg"},{"@type":"BreadcrumbList","@id":"https:\/\/diarieducacio.cat\/rosasensat\/2017\/03\/02\/la-importancia-de-desobeir\/#breadcrumb","itemListElement":[{"@type":"ListItem","position":1,"name":"Inici","item":"https:\/\/diarieducacio.cat\/rosasensat\/"},{"@type":"ListItem","position":2,"name":"La import\u00e0ncia de desobeir"}]},{"@type":"WebSite","@id":"https:\/\/diarieducacio.cat\/rosasensat\/#website","url":"https:\/\/diarieducacio.cat\/rosasensat\/","name":"Blog de Rosa Sensat","description":"","potentialAction":[{"@type":"SearchAction","target":{"@type":"EntryPoint","urlTemplate":"https:\/\/diarieducacio.cat\/rosasensat\/?s={search_term_string}"},"query-input":{"@type":"PropertyValueSpecification","valueRequired":true,"valueName":"search_term_string"}}],"inLanguage":"ca"},{"@type":"Person","@id":"https:\/\/diarieducacio.cat\/rosasensat\/#\/schema\/person\/04093d1227f1b01952d6187a5be57900","name":"Redacci\u00f3","image":{"@type":"ImageObject","inLanguage":"ca","@id":"https:\/\/secure.gravatar.com\/avatar\/e952ad62e08be1daabaefebd12d26c1e5fbfd687693aaa066db2433a21638ad8?s=96&d=mm&r=g","url":"https:\/\/secure.gravatar.com\/avatar\/e952ad62e08be1daabaefebd12d26c1e5fbfd687693aaa066db2433a21638ad8?s=96&d=mm&r=g","contentUrl":"https:\/\/secure.gravatar.com\/avatar\/e952ad62e08be1daabaefebd12d26c1e5fbfd687693aaa066db2433a21638ad8?s=96&d=mm&r=g","caption":"Redacci\u00f3"},"url":"https:\/\/diarieducacio.cat\/rosasensat\/author\/npenin\/"}]}},"_links":{"self":[{"href":"https:\/\/diarieducacio.cat\/rosasensat\/wp-json\/wp\/v2\/posts\/3232","targetHints":{"allow":["GET"]}}],"collection":[{"href":"https:\/\/diarieducacio.cat\/rosasensat\/wp-json\/wp\/v2\/posts"}],"about":[{"href":"https:\/\/diarieducacio.cat\/rosasensat\/wp-json\/wp\/v2\/types\/post"}],"author":[{"embeddable":true,"href":"https:\/\/diarieducacio.cat\/rosasensat\/wp-json\/wp\/v2\/users\/1"}],"replies":[{"embeddable":true,"href":"https:\/\/diarieducacio.cat\/rosasensat\/wp-json\/wp\/v2\/comments?post=3232"}],"version-history":[{"count":1,"href":"https:\/\/diarieducacio.cat\/rosasensat\/wp-json\/wp\/v2\/posts\/3232\/revisions"}],"predecessor-version":[{"id":3233,"href":"https:\/\/diarieducacio.cat\/rosasensat\/wp-json\/wp\/v2\/posts\/3232\/revisions\/3233"}],"wp:attachment":[{"href":"https:\/\/diarieducacio.cat\/rosasensat\/wp-json\/wp\/v2\/media?parent=3232"}],"wp:term":[{"taxonomy":"category","embeddable":true,"href":"https:\/\/diarieducacio.cat\/rosasensat\/wp-json\/wp\/v2\/categories?post=3232"},{"taxonomy":"post_tag","embeddable":true,"href":"https:\/\/diarieducacio.cat\/rosasensat\/wp-json\/wp\/v2\/tags?post=3232"},{"taxonomy":"tipo","embeddable":true,"href":"https:\/\/diarieducacio.cat\/rosasensat\/wp-json\/wp\/v2\/tipo?post=3232"}],"curies":[{"name":"wp","href":"https:\/\/api.w.org\/{rel}","templated":true}]}}