{"id":3254,"date":"2017-06-06T04:00:04","date_gmt":"2017-06-06T02:00:04","guid":{"rendered":"https:\/\/nostalgic-ishizaka.82-223-1-47.plesk.page\/rosasensat\/2017\/06\/06\/educacio-als-mes-petits-escoles-bressol\/"},"modified":"2024-10-27T21:40:44","modified_gmt":"2024-10-27T20:40:44","slug":"educacio-als-mes-petits-escoles-bressol","status":"publish","type":"post","link":"https:\/\/diarieducacio.cat\/rosasensat\/2017\/06\/06\/educacio-als-mes-petits-escoles-bressol\/","title":{"rendered":"Educaci\u00f3 per als m\u00e9s petits en escoles bressol"},"content":{"rendered":"<p><a href=\"https:\/\/diarieducacio.cat\/rosasensat\/wp-content\/uploads\/sites\/9\/2016\/12\/psico-grans-2-2009-2010-062.jpg\"><img fetchpriority=\"high\" decoding=\"async\" class=\"aligncenter size-full wp-image-1007\" src=\"https:\/\/diarieducacio.cat\/rosasensat\/wp-content\/uploads\/sites\/9\/2016\/12\/psico-grans-2-2009-2010-062.jpg\" alt=\"\" width=\"2592\" height=\"1944\" \/><\/a><\/p>\n<p>Darrerament, es torna a parlar amb insist\u00e8ncia de si l\u2019educaci\u00f3 dels m\u00e9s petits (de 0 a 3 anys) ha de ser a casa o a l\u2019escola, debat o pol\u00e8mica que es va repetint c\u00edclicament. Vull mostrar la meva preocupaci\u00f3 perqu\u00e8 en alguna d\u2019aquestes darreres aportacions, que he llegit a la premsa, s\u2019hi pot entreveure una demanda de xec escolar. Uns i altres volen donar al debat un vern\u00eds d\u2019innovaci\u00f3 i de progressisme, i, dit sigui amb gran respecte, respon a pol\u00edtiques que ja vam debatre als anys vuitanta del segle passat, i hi vam tornar al Parlament de Catalunya el mes de juny dels anys 2000 i 2004.<\/p>\n<p>Just a l\u2019inici de la democr\u00e0cia \u2013l\u2019any 1979\u2013 la diputada Marta Mata va presentar una proposici\u00f3 no de llei al Congr\u00e9s dels Diputats defensant la necessitat d\u2019una bona educaci\u00f3 per als infants els sis primers anys de vida, i l\u2019any 1982 hi va tornar al Parlament de Catalunya, amb una proposici\u00f3 de llei sobre l\u2019educaci\u00f3 dels infants fins als 3 anys.<\/p>\n<p>En les seves paraules: \u00abLa proposici\u00f3 pret\u00e9n, en primer lloc, definir i deixar ben clara la prioritat educativa de tota instituci\u00f3 dedicada a l\u2019infant, com m\u00e9s petit m\u00e9s educativa, perqu\u00e8 el m\u00e9s important \u00e9s l\u2019ajut al desenvolupament de la personalitat de l\u2019infant.\u00bb<\/p>\n<p>En aquell moment, l\u2019atenci\u00f3 als m\u00e9s petits estava repartida en tres departaments: el de Serveis Socials, que s\u2019ocupava de la part assistencial; el de Treball, i el de Sanitat. En cap cas inclo\u00efa el d\u2019Ensenyament o Educaci\u00f3. Marta Mata va ser la primera que va demanar que calia canviar-ho, per\u00f2 va costar anys aconseguir-ho.<\/p>\n<blockquote><p><a href=\"https:\/\/diarieducacio.cat\/rosasensat\/wp-content\/uploads\/sites\/9\/2017\/05\/DSC_3580_1.jpg\"><img decoding=\"async\" class=\"alignleft wp-image-1250 size-medium\" src=\"https:\/\/diarieducacio.cat\/rosasensat\/wp-content\/uploads\/sites\/9\/2017\/05\/DSC_3580_1-241x300.jpg\" alt=\"\" width=\"241\" height=\"300\" \/><\/a><\/p>\n<p><strong>Marta Mata: \u00abL\u2019escola bressol no \u00e9s obligat\u00f2ria, no pot ser-ho, perqu\u00e8 en la seva tasca la col\u00b7laboraci\u00f3 amb els pares \u00e9s tan essencial que nom\u00e9s funciona quan \u00e9s volguda\u00bb<\/strong><\/p><\/blockquote>\n<p>L\u2019escola bressol apareix en la proposici\u00f3 \u00abcom el que \u00e9s tota escola; no \u00e9s alternativa a la fam\u00edlia, sin\u00f3 que col\u00b7labora unes hores del dia amb la fam\u00edlia en l\u2019educaci\u00f3 de l\u2019infant, oferint un espai, unes activitats, una seguretat, un afecte, uns companys, un seguiment, una orientaci\u00f3, i tot plegat concebut amb el major rigor professional possible avui dia\u00bb.<\/p>\n<p>I continua: \u00abL\u2019escola bressol no \u00e9s obligat\u00f2ria, no pot ser-ho, perqu\u00e8 en la seva tasca la col\u00b7laboraci\u00f3 amb els pares \u00e9s tan essencial que nom\u00e9s funciona quan \u00e9s volguda; en canvi, considerem obligaci\u00f3 de l\u2019Administraci\u00f3 oferir el servei d\u2019escola bressol, de tal manera que tota la poblaci\u00f3 el pugui con\u00e8ixer i el pugui assolir quan vulgui.\u00bb<\/p>\n<p>Marta Mata continua dient-nos en la proposici\u00f3: \u00abSabem tamb\u00e9 que caldran molts recursos i, per aix\u00f2, no proposem encara la gratu\u00eftat que desitjar\u00edem, sin\u00f3 l\u2019esfor\u00e7 de tots fins a aconseguir la xarxa per\u00f2, principalment, l\u2019esfor\u00e7 de l\u2019Administraci\u00f3 en la dedicaci\u00f3 de recursos.\u00bb<\/p>\n<p>En ple segle xxi, s\u00f3n encara poques les persones que creuen que els fons que es dediquen a l\u2019educaci\u00f3 \u2013i no diguem la dels m\u00e9s petits\u2013 s\u00f3n una inversi\u00f3 de futur i no una despesa.<\/p>\n<blockquote><p><strong>Gr\u00e0cies a persones com Marta Mata i altres pedagogs, la imatge de la cura dels infants ha canviat positivament: ara es considera l\u2019infant un \u00e9sser actiu, amb innombrables potencialitats, i un enorme desig de relacionar-se i de comunicar-se amb els altres<\/strong><\/p><\/blockquote>\n<p>Avui, 2017, el ritme de vida que portem pares i mares, treballant fora de casa, i sovint fora del lloc de resid\u00e8ncia, amb els pisos petits i els nuclis familiars m\u00e9s red<\/p>\n<p>u\u00efts que fa uns anys, fa que les escoles bressol i les llars o jardins d\u2019infants siguin encara m\u00e9s necess\u00e0ries, amb mestres rigorosament formats per educar els infants.<\/p>\n<p>Sortosament, gr\u00e0cies als aven\u00e7os pedag\u00f2gics, als estudis psicol\u00f2gics i al treball de persones com Marta Mata i altres pedagogs, la imatge de la cura dels infants ha canviat positivament: ara es considera l\u2019infant un \u00e9sser actiu, amb innombrables potencialitats, com ara la plasticitat, les ganes de cr\u00e9ixer, la curiositat, la capacitat de sorprendre\u2019s i un enorme desig de relacionar-se i de comunicar-se amb els altres, \u00abparlant\u00bb a les persones adultes a trav\u00e9s d\u2019accions i reaccions. Les seves veus hi s\u00f3n des del naixement i cal escoltar-les. I, des de ben petits, cal deixar-los explorar, descobrir l\u2019ambient, cercar noves sensacions, recon\u00e8ixer les coses de cada dia i valorar-les, i encoratjar-los a fer-ho.<\/p>\n<p>El paper de l\u2019adult que t\u00e9 a c\u00e0rrec l\u2019infant \u00e9s donar-li seguretat i suport. Les persones que treballen en l\u2019educaci\u00f3 dels nens i les nenes m\u00e9s petits han de seguir i acompanyar els infants \u2013lluny de seguir programes i complir-los\u2013 i compartir aquesta missi\u00f3 amb la fam\u00edlia, per anar construint junts el cam\u00ed que permeti a l\u2019infant desenvolupar-se com a persona: cadasc\u00fa, diferent de l\u2019altre.<\/p>\n<p>Si creiem que l\u2019educaci\u00f3 \u00e9s una responsabilitat de tota la societat (o la tribu) i que ha de tenir com a objectiu combatre desigualtats i treballar per la igualtat d\u2019oportunitats, cal reivindicar i exigir que les administracions inverteixin en educaci\u00f3 infantil amb unes escoles dignes, amb uns mestres preparats, amb unes r\u00e0tios que permetin un tractament als infants que, com demanen els articles 28 i 29 de la Convenci\u00f3 sobre els Drets de l\u2019Infant, permeti desenvolupar al m\u00e0xim la seva personalitat, el seu talent i la seva capacitat mental i f\u00edsica.<\/p>\n","protected":false},"excerpt":{"rendered":"<p>Si creiem que l\u2019educaci\u00f3 \u00e9s una responsabilitat de tota la societat (o la tribu) i que ha de tenir com a objectiu combatre desigualtats i treballar per la igualtat d\u2019oportunitats, cal reivindicar i exigir que les administracions inverteixin en educaci\u00f3 infantil amb unes escoles dignes i amb uns mestres preparats.<\/p>\n","protected":false},"author":1770,"featured_media":0,"comment_status":"open","ping_status":"open","sticky":false,"template":"","format":"standard","meta":{"footnotes":""},"categories":[173,102],"tags":[],"tipo":[],"class_list":{"0":"post-3254","1":"post","2":"type-post","3":"status-publish","4":"format-standard","6":"category-0-3","7":"category-bressol"},"yoast_head":"<!-- This site is optimized with the Yoast SEO plugin v27.4 - https:\/\/yoast.com\/product\/yoast-seo-wordpress\/ -->\n<title>Educaci\u00f3 per als m\u00e9s petits en escoles bressol - Blog de Rosa Sensat<\/title>\n<meta name=\"robots\" content=\"index, follow, max-snippet:-1, max-image-preview:large, max-video-preview:-1\" \/>\n<link rel=\"canonical\" href=\"https:\/\/diarieducacio.cat\/rosasensat\/2017\/06\/06\/educacio-als-mes-petits-escoles-bressol\/\" \/>\n<meta property=\"og:locale\" content=\"ca_ES\" \/>\n<meta property=\"og:type\" content=\"article\" \/>\n<meta property=\"og:title\" content=\"Educaci\u00f3 per als m\u00e9s petits en escoles bressol - Blog de Rosa Sensat\" \/>\n<meta property=\"og:description\" content=\"Si creiem que l\u2019educaci\u00f3 \u00e9s una responsabilitat de tota la societat (o la tribu) i que ha de tenir com a objectiu combatre desigualtats i treballar per la igualtat d\u2019oportunitats, cal reivindicar i exigir que les administracions inverteixin en educaci\u00f3 infantil amb unes escoles dignes i amb uns mestres preparats.\" \/>\n<meta property=\"og:url\" content=\"https:\/\/diarieducacio.cat\/rosasensat\/2017\/06\/06\/educacio-als-mes-petits-escoles-bressol\/\" \/>\n<meta property=\"og:site_name\" content=\"Blog de Rosa Sensat\" \/>\n<meta property=\"article:published_time\" content=\"2017-06-06T02:00:04+00:00\" \/>\n<meta property=\"article:modified_time\" content=\"2024-10-27T20:40:44+00:00\" \/>\n<meta name=\"author\" content=\"Eduardo Azumendi\" \/>\n<meta name=\"twitter:card\" content=\"summary_large_image\" \/>\n<meta name=\"twitter:label1\" content=\"Escrit per\" \/>\n\t<meta name=\"twitter:data1\" content=\"Eduardo Azumendi\" \/>\n\t<meta name=\"twitter:label2\" content=\"Temps estimat de lectura\" \/>\n\t<meta name=\"twitter:data2\" content=\"5 minuts\" \/>\n<script type=\"application\/ld+json\" class=\"yoast-schema-graph\">{\"@context\":\"https:\\\/\\\/schema.org\",\"@graph\":[{\"@type\":\"Article\",\"@id\":\"https:\\\/\\\/diarieducacio.cat\\\/rosasensat\\\/2017\\\/06\\\/06\\\/educacio-als-mes-petits-escoles-bressol\\\/#article\",\"isPartOf\":{\"@id\":\"https:\\\/\\\/diarieducacio.cat\\\/rosasensat\\\/2017\\\/06\\\/06\\\/educacio-als-mes-petits-escoles-bressol\\\/\"},\"author\":{\"name\":\"Eduardo Azumendi\",\"@id\":\"https:\\\/\\\/diarieducacio.cat\\\/rosasensat\\\/#\\\/schema\\\/person\\\/05570bf853994e6d33f8e29c53e66dba\"},\"headline\":\"Educaci\u00f3 per als m\u00e9s petits en escoles bressol\",\"datePublished\":\"2017-06-06T02:00:04+00:00\",\"dateModified\":\"2024-10-27T20:40:44+00:00\",\"mainEntityOfPage\":{\"@id\":\"https:\\\/\\\/diarieducacio.cat\\\/rosasensat\\\/2017\\\/06\\\/06\\\/educacio-als-mes-petits-escoles-bressol\\\/\"},\"wordCount\":943,\"commentCount\":0,\"image\":{\"@id\":\"https:\\\/\\\/diarieducacio.cat\\\/rosasensat\\\/2017\\\/06\\\/06\\\/educacio-als-mes-petits-escoles-bressol\\\/#primaryimage\"},\"thumbnailUrl\":\"https:\\\/\\\/diarieducacio.cat\\\/rosasensat\\\/wp-content\\\/uploads\\\/sites\\\/9\\\/2016\\\/12\\\/psico-grans-2-2009-2010-062.jpg\",\"articleSection\":[\"0-3\",\"Bressol\"],\"inLanguage\":\"ca\",\"potentialAction\":[{\"@type\":\"CommentAction\",\"name\":\"Comment\",\"target\":[\"https:\\\/\\\/diarieducacio.cat\\\/rosasensat\\\/2017\\\/06\\\/06\\\/educacio-als-mes-petits-escoles-bressol\\\/#respond\"]}]},{\"@type\":\"WebPage\",\"@id\":\"https:\\\/\\\/diarieducacio.cat\\\/rosasensat\\\/2017\\\/06\\\/06\\\/educacio-als-mes-petits-escoles-bressol\\\/\",\"url\":\"https:\\\/\\\/diarieducacio.cat\\\/rosasensat\\\/2017\\\/06\\\/06\\\/educacio-als-mes-petits-escoles-bressol\\\/\",\"name\":\"Educaci\u00f3 per als m\u00e9s petits en escoles bressol - Blog de Rosa Sensat\",\"isPartOf\":{\"@id\":\"https:\\\/\\\/diarieducacio.cat\\\/rosasensat\\\/#website\"},\"primaryImageOfPage\":{\"@id\":\"https:\\\/\\\/diarieducacio.cat\\\/rosasensat\\\/2017\\\/06\\\/06\\\/educacio-als-mes-petits-escoles-bressol\\\/#primaryimage\"},\"image\":{\"@id\":\"https:\\\/\\\/diarieducacio.cat\\\/rosasensat\\\/2017\\\/06\\\/06\\\/educacio-als-mes-petits-escoles-bressol\\\/#primaryimage\"},\"thumbnailUrl\":\"https:\\\/\\\/diarieducacio.cat\\\/rosasensat\\\/wp-content\\\/uploads\\\/sites\\\/9\\\/2016\\\/12\\\/psico-grans-2-2009-2010-062.jpg\",\"datePublished\":\"2017-06-06T02:00:04+00:00\",\"dateModified\":\"2024-10-27T20:40:44+00:00\",\"author\":{\"@id\":\"https:\\\/\\\/diarieducacio.cat\\\/rosasensat\\\/#\\\/schema\\\/person\\\/05570bf853994e6d33f8e29c53e66dba\"},\"breadcrumb\":{\"@id\":\"https:\\\/\\\/diarieducacio.cat\\\/rosasensat\\\/2017\\\/06\\\/06\\\/educacio-als-mes-petits-escoles-bressol\\\/#breadcrumb\"},\"inLanguage\":\"ca\",\"potentialAction\":[{\"@type\":\"ReadAction\",\"target\":[\"https:\\\/\\\/diarieducacio.cat\\\/rosasensat\\\/2017\\\/06\\\/06\\\/educacio-als-mes-petits-escoles-bressol\\\/\"]}]},{\"@type\":\"ImageObject\",\"inLanguage\":\"ca\",\"@id\":\"https:\\\/\\\/diarieducacio.cat\\\/rosasensat\\\/2017\\\/06\\\/06\\\/educacio-als-mes-petits-escoles-bressol\\\/#primaryimage\",\"url\":\"https:\\\/\\\/diarieducacio.cat\\\/rosasensat\\\/wp-content\\\/uploads\\\/sites\\\/9\\\/2016\\\/12\\\/psico-grans-2-2009-2010-062.jpg\",\"contentUrl\":\"https:\\\/\\\/diarieducacio.cat\\\/rosasensat\\\/wp-content\\\/uploads\\\/sites\\\/9\\\/2016\\\/12\\\/psico-grans-2-2009-2010-062.jpg\"},{\"@type\":\"BreadcrumbList\",\"@id\":\"https:\\\/\\\/diarieducacio.cat\\\/rosasensat\\\/2017\\\/06\\\/06\\\/educacio-als-mes-petits-escoles-bressol\\\/#breadcrumb\",\"itemListElement\":[{\"@type\":\"ListItem\",\"position\":1,\"name\":\"Inici\",\"item\":\"https:\\\/\\\/diarieducacio.cat\\\/rosasensat\\\/\"},{\"@type\":\"ListItem\",\"position\":2,\"name\":\"Educaci\u00f3 per als m\u00e9s petits en escoles bressol\"}]},{\"@type\":\"WebSite\",\"@id\":\"https:\\\/\\\/diarieducacio.cat\\\/rosasensat\\\/#website\",\"url\":\"https:\\\/\\\/diarieducacio.cat\\\/rosasensat\\\/\",\"name\":\"Blog de Rosa Sensat\",\"description\":\"\",\"potentialAction\":[{\"@type\":\"SearchAction\",\"target\":{\"@type\":\"EntryPoint\",\"urlTemplate\":\"https:\\\/\\\/diarieducacio.cat\\\/rosasensat\\\/?s={search_term_string}\"},\"query-input\":{\"@type\":\"PropertyValueSpecification\",\"valueRequired\":true,\"valueName\":\"search_term_string\"}}],\"inLanguage\":\"ca\"},{\"@type\":\"Person\",\"@id\":\"https:\\\/\\\/diarieducacio.cat\\\/rosasensat\\\/#\\\/schema\\\/person\\\/05570bf853994e6d33f8e29c53e66dba\",\"name\":\"Eduardo Azumendi\",\"image\":{\"@type\":\"ImageObject\",\"inLanguage\":\"ca\",\"@id\":\"https:\\\/\\\/secure.gravatar.com\\\/avatar\\\/21f971d84ee20d86ce555d92c7938c65391f696566e46595bcf73be05dc52de5?s=96&d=mm&r=g\",\"url\":\"https:\\\/\\\/secure.gravatar.com\\\/avatar\\\/21f971d84ee20d86ce555d92c7938c65391f696566e46595bcf73be05dc52de5?s=96&d=mm&r=g\",\"contentUrl\":\"https:\\\/\\\/secure.gravatar.com\\\/avatar\\\/21f971d84ee20d86ce555d92c7938c65391f696566e46595bcf73be05dc52de5?s=96&d=mm&r=g\",\"caption\":\"Eduardo Azumendi\"},\"url\":\"https:\\\/\\\/diarieducacio.cat\\\/rosasensat\\\/author\\\/eazumendi\\\/\"}]}<\/script>\n<!-- \/ Yoast SEO plugin. -->","yoast_head_json":{"title":"Educaci\u00f3 per als m\u00e9s petits en escoles bressol - Blog de Rosa Sensat","robots":{"index":"index","follow":"follow","max-snippet":"max-snippet:-1","max-image-preview":"max-image-preview:large","max-video-preview":"max-video-preview:-1"},"canonical":"https:\/\/diarieducacio.cat\/rosasensat\/2017\/06\/06\/educacio-als-mes-petits-escoles-bressol\/","og_locale":"ca_ES","og_type":"article","og_title":"Educaci\u00f3 per als m\u00e9s petits en escoles bressol - Blog de Rosa Sensat","og_description":"Si creiem que l\u2019educaci\u00f3 \u00e9s una responsabilitat de tota la societat (o la tribu) i que ha de tenir com a objectiu combatre desigualtats i treballar per la igualtat d\u2019oportunitats, cal reivindicar i exigir que les administracions inverteixin en educaci\u00f3 infantil amb unes escoles dignes i amb uns mestres preparats.","og_url":"https:\/\/diarieducacio.cat\/rosasensat\/2017\/06\/06\/educacio-als-mes-petits-escoles-bressol\/","og_site_name":"Blog de Rosa Sensat","article_published_time":"2017-06-06T02:00:04+00:00","article_modified_time":"2024-10-27T20:40:44+00:00","author":"Eduardo Azumendi","twitter_card":"summary_large_image","twitter_misc":{"Escrit per":"Eduardo Azumendi","Temps estimat de lectura":"5 minuts"},"schema":{"@context":"https:\/\/schema.org","@graph":[{"@type":"Article","@id":"https:\/\/diarieducacio.cat\/rosasensat\/2017\/06\/06\/educacio-als-mes-petits-escoles-bressol\/#article","isPartOf":{"@id":"https:\/\/diarieducacio.cat\/rosasensat\/2017\/06\/06\/educacio-als-mes-petits-escoles-bressol\/"},"author":{"name":"Eduardo Azumendi","@id":"https:\/\/diarieducacio.cat\/rosasensat\/#\/schema\/person\/05570bf853994e6d33f8e29c53e66dba"},"headline":"Educaci\u00f3 per als m\u00e9s petits en escoles bressol","datePublished":"2017-06-06T02:00:04+00:00","dateModified":"2024-10-27T20:40:44+00:00","mainEntityOfPage":{"@id":"https:\/\/diarieducacio.cat\/rosasensat\/2017\/06\/06\/educacio-als-mes-petits-escoles-bressol\/"},"wordCount":943,"commentCount":0,"image":{"@id":"https:\/\/diarieducacio.cat\/rosasensat\/2017\/06\/06\/educacio-als-mes-petits-escoles-bressol\/#primaryimage"},"thumbnailUrl":"https:\/\/diarieducacio.cat\/rosasensat\/wp-content\/uploads\/sites\/9\/2016\/12\/psico-grans-2-2009-2010-062.jpg","articleSection":["0-3","Bressol"],"inLanguage":"ca","potentialAction":[{"@type":"CommentAction","name":"Comment","target":["https:\/\/diarieducacio.cat\/rosasensat\/2017\/06\/06\/educacio-als-mes-petits-escoles-bressol\/#respond"]}]},{"@type":"WebPage","@id":"https:\/\/diarieducacio.cat\/rosasensat\/2017\/06\/06\/educacio-als-mes-petits-escoles-bressol\/","url":"https:\/\/diarieducacio.cat\/rosasensat\/2017\/06\/06\/educacio-als-mes-petits-escoles-bressol\/","name":"Educaci\u00f3 per als m\u00e9s petits en escoles bressol - Blog de Rosa Sensat","isPartOf":{"@id":"https:\/\/diarieducacio.cat\/rosasensat\/#website"},"primaryImageOfPage":{"@id":"https:\/\/diarieducacio.cat\/rosasensat\/2017\/06\/06\/educacio-als-mes-petits-escoles-bressol\/#primaryimage"},"image":{"@id":"https:\/\/diarieducacio.cat\/rosasensat\/2017\/06\/06\/educacio-als-mes-petits-escoles-bressol\/#primaryimage"},"thumbnailUrl":"https:\/\/diarieducacio.cat\/rosasensat\/wp-content\/uploads\/sites\/9\/2016\/12\/psico-grans-2-2009-2010-062.jpg","datePublished":"2017-06-06T02:00:04+00:00","dateModified":"2024-10-27T20:40:44+00:00","author":{"@id":"https:\/\/diarieducacio.cat\/rosasensat\/#\/schema\/person\/05570bf853994e6d33f8e29c53e66dba"},"breadcrumb":{"@id":"https:\/\/diarieducacio.cat\/rosasensat\/2017\/06\/06\/educacio-als-mes-petits-escoles-bressol\/#breadcrumb"},"inLanguage":"ca","potentialAction":[{"@type":"ReadAction","target":["https:\/\/diarieducacio.cat\/rosasensat\/2017\/06\/06\/educacio-als-mes-petits-escoles-bressol\/"]}]},{"@type":"ImageObject","inLanguage":"ca","@id":"https:\/\/diarieducacio.cat\/rosasensat\/2017\/06\/06\/educacio-als-mes-petits-escoles-bressol\/#primaryimage","url":"https:\/\/diarieducacio.cat\/rosasensat\/wp-content\/uploads\/sites\/9\/2016\/12\/psico-grans-2-2009-2010-062.jpg","contentUrl":"https:\/\/diarieducacio.cat\/rosasensat\/wp-content\/uploads\/sites\/9\/2016\/12\/psico-grans-2-2009-2010-062.jpg"},{"@type":"BreadcrumbList","@id":"https:\/\/diarieducacio.cat\/rosasensat\/2017\/06\/06\/educacio-als-mes-petits-escoles-bressol\/#breadcrumb","itemListElement":[{"@type":"ListItem","position":1,"name":"Inici","item":"https:\/\/diarieducacio.cat\/rosasensat\/"},{"@type":"ListItem","position":2,"name":"Educaci\u00f3 per als m\u00e9s petits en escoles bressol"}]},{"@type":"WebSite","@id":"https:\/\/diarieducacio.cat\/rosasensat\/#website","url":"https:\/\/diarieducacio.cat\/rosasensat\/","name":"Blog de Rosa Sensat","description":"","potentialAction":[{"@type":"SearchAction","target":{"@type":"EntryPoint","urlTemplate":"https:\/\/diarieducacio.cat\/rosasensat\/?s={search_term_string}"},"query-input":{"@type":"PropertyValueSpecification","valueRequired":true,"valueName":"search_term_string"}}],"inLanguage":"ca"},{"@type":"Person","@id":"https:\/\/diarieducacio.cat\/rosasensat\/#\/schema\/person\/05570bf853994e6d33f8e29c53e66dba","name":"Eduardo Azumendi","image":{"@type":"ImageObject","inLanguage":"ca","@id":"https:\/\/secure.gravatar.com\/avatar\/21f971d84ee20d86ce555d92c7938c65391f696566e46595bcf73be05dc52de5?s=96&d=mm&r=g","url":"https:\/\/secure.gravatar.com\/avatar\/21f971d84ee20d86ce555d92c7938c65391f696566e46595bcf73be05dc52de5?s=96&d=mm&r=g","contentUrl":"https:\/\/secure.gravatar.com\/avatar\/21f971d84ee20d86ce555d92c7938c65391f696566e46595bcf73be05dc52de5?s=96&d=mm&r=g","caption":"Eduardo Azumendi"},"url":"https:\/\/diarieducacio.cat\/rosasensat\/author\/eazumendi\/"}]}},"_links":{"self":[{"href":"https:\/\/diarieducacio.cat\/rosasensat\/wp-json\/wp\/v2\/posts\/3254","targetHints":{"allow":["GET"]}}],"collection":[{"href":"https:\/\/diarieducacio.cat\/rosasensat\/wp-json\/wp\/v2\/posts"}],"about":[{"href":"https:\/\/diarieducacio.cat\/rosasensat\/wp-json\/wp\/v2\/types\/post"}],"author":[{"embeddable":true,"href":"https:\/\/diarieducacio.cat\/rosasensat\/wp-json\/wp\/v2\/users\/1770"}],"replies":[{"embeddable":true,"href":"https:\/\/diarieducacio.cat\/rosasensat\/wp-json\/wp\/v2\/comments?post=3254"}],"version-history":[{"count":1,"href":"https:\/\/diarieducacio.cat\/rosasensat\/wp-json\/wp\/v2\/posts\/3254\/revisions"}],"predecessor-version":[{"id":3255,"href":"https:\/\/diarieducacio.cat\/rosasensat\/wp-json\/wp\/v2\/posts\/3254\/revisions\/3255"}],"wp:attachment":[{"href":"https:\/\/diarieducacio.cat\/rosasensat\/wp-json\/wp\/v2\/media?parent=3254"}],"wp:term":[{"taxonomy":"category","embeddable":true,"href":"https:\/\/diarieducacio.cat\/rosasensat\/wp-json\/wp\/v2\/categories?post=3254"},{"taxonomy":"post_tag","embeddable":true,"href":"https:\/\/diarieducacio.cat\/rosasensat\/wp-json\/wp\/v2\/tags?post=3254"},{"taxonomy":"tipo","embeddable":true,"href":"https:\/\/diarieducacio.cat\/rosasensat\/wp-json\/wp\/v2\/tipo?post=3254"}],"curies":[{"name":"wp","href":"https:\/\/api.w.org\/{rel}","templated":true}]}}