{"id":3256,"date":"2017-06-13T04:00:37","date_gmt":"2017-06-13T02:00:37","guid":{"rendered":"https:\/\/nostalgic-ishizaka.82-223-1-47.plesk.page\/rosasensat\/2017\/06\/13\/infancia-separada\/"},"modified":"2024-10-27T21:40:45","modified_gmt":"2024-10-27T20:40:45","slug":"infancia-separada","status":"publish","type":"post","link":"https:\/\/diarieducacio.cat\/rosasensat\/2017\/06\/13\/infancia-separada\/","title":{"rendered":"Inf\u00e0ncia separada"},"content":{"rendered":"<figure id=\"attachment_1255\" aria-describedby=\"caption-attachment-1255\" style=\"width: 475px\" class=\"wp-caption aligncenter\"><a href=\"https:\/\/diarieducacio.cat\/rosasensat\/wp-content\/uploads\/sites\/9\/2017\/06\/infants-amb-ipad.jpg\"><img fetchpriority=\"high\" decoding=\"async\" class=\"wp-image-1255 size-full\" src=\"https:\/\/diarieducacio.cat\/rosasensat\/wp-content\/uploads\/sites\/9\/2017\/06\/infants-amb-ipad.jpg\" alt=\"\" width=\"475\" height=\"317\" \/><\/a><figcaption id=\"caption-attachment-1255\" class=\"wp-caption-text\">Foto: Pixabay<\/figcaption><\/figure>\n<ul>\n<li><em>Perdoni\u2026 en aquest restaurant tenen wifi? \u00c9s que si el nen no t\u00e9 la Tablet, ens dona la tabarra tota l\u2019estona.<\/em><\/li>\n<\/ul>\n<p>Aquesta escena, viscuda en un restaurant de platja qualsevol, resulta avui terriblement habitual. I no, no vull fer ara cap reflexi\u00f3 sobre les noves tecnologies. Nom\u00e9s el temps i els experts ens diran de quina manera\u00a0 la xarxa i els dispositius intel\u00b7ligents ens est\u00e0 connectant, o b\u00e9 a\u00efllant del m\u00f3n real. Amb aquesta escena volia descriure i denunciar la tend\u00e8ncia creixent de separar els infants del m\u00f3n dels adults. Una tend\u00e8ncia que ha anat penetrant a la nostra societat\u00a0 i que fins i tot ja comen\u00e7a a deixar-nos indiferent. I aix\u00f2 ho fa encara m\u00e9s terrible.<\/p>\n<p><em>Els nens molesten. Com que molesten, ens les hem d\u2019empescar perqu\u00e8 es distreguin d\u2019alguna manera i ens deixin a nosaltres, adults, tranquils per parlar de les nostres coses.<\/em><\/p>\n<p>Amb la generalitzaci\u00f3 d\u2019aquesta idea, poc a poc hem anat delegant i desaprenent a saber estar al costat dels nens i nenes, a descobrir com el m\u00f3n dels infants i el dels adults, quan es trenen b\u00e9, s\u2019enriqueixen l\u2019un amb l\u2019altre&#8230; l\u2019un de l\u2019altre!<\/p>\n<p>Voleu m\u00e9s exemples? Aneu a una botiga de mobles suecs i veureu que a l\u2019entrada podeu bescanviar el vostre infant per un clauer amb un n\u00famero, i que el podreu recuperar a la sortida. O els espais de joc\u00a0 a les entrades dels supermercats. Tamb\u00e9 hi ha el gest pretesament respectu\u00f3s de la identitat dels m\u00e9s petits com \u00e9s el \u201cmen\u00fa infantil\u201d dels restaurants, que de fet els condemna a menjar\u00a0 \u00fanicament macarrons i tall arrebossat amb patates.<\/p>\n<p>No hem de fer un m\u00f3n m\u00e9s simple per ajudar els infants , sin\u00f3 un m\u00f3n m\u00e9s senzill, que vol dir m\u00e9s comprensible. I aix\u00f2 val tant per l\u2019escola com per qualsevol altre context educador, com la fam\u00edlia o els espais p\u00fablics. I sobretot no hem de deixar-nos perdre l\u2019oportunitat de ser nosaltres, educadors (mestres, pares o mares) els qui facilitem la comprensi\u00f3 d\u2019aquest nostre magn\u00edfic i contradictori m\u00f3n als petits que tenim al costat. Potser aix\u00ed ens adonarem que ells el saben llegir molt millor del que nosaltres pensem.<\/p>\n<ul>\n<li><em>Pobret nen! \u2013va dir la nena de la taula del costat. \u00c9s tan pobre que ho t\u00e9 tot!<\/em><\/li>\n<\/ul>\n","protected":false},"excerpt":{"rendered":"<p>No hem de fer un m\u00f3n m\u00e9s simple per ajudar els infants , sin\u00f3 un m\u00f3n m\u00e9s senzill, que vol dir m\u00e9s comprensible. I aix\u00f2 val tant per l\u2019escola com per qualsevol altre context educador, com la fam\u00edlia o els espais p\u00fablics.<\/p>\n","protected":false},"author":1,"featured_media":0,"comment_status":"open","ping_status":"open","sticky":false,"template":"","format":"standard","meta":{"footnotes":""},"categories":[197],"tags":[],"tipo":[],"class_list":{"0":"post-3256","1":"post","2":"type-post","3":"status-publish","4":"format-standard","6":"category-infants"},"yoast_head":"<!-- This site is optimized with the Yoast SEO plugin v27.4 - https:\/\/yoast.com\/product\/yoast-seo-wordpress\/ -->\n<title>Inf\u00e0ncia separada - Blog de Rosa Sensat<\/title>\n<meta name=\"robots\" content=\"index, follow, max-snippet:-1, max-image-preview:large, max-video-preview:-1\" \/>\n<link rel=\"canonical\" href=\"https:\/\/diarieducacio.cat\/rosasensat\/2017\/06\/13\/infancia-separada\/\" \/>\n<meta property=\"og:locale\" content=\"ca_ES\" \/>\n<meta property=\"og:type\" content=\"article\" \/>\n<meta property=\"og:title\" content=\"Inf\u00e0ncia separada - Blog de Rosa Sensat\" \/>\n<meta property=\"og:description\" content=\"No hem de fer un m\u00f3n m\u00e9s simple per ajudar els infants , sin\u00f3 un m\u00f3n m\u00e9s senzill, que vol dir m\u00e9s comprensible. I aix\u00f2 val tant per l\u2019escola com per qualsevol altre context educador, com la fam\u00edlia o els espais p\u00fablics.\" \/>\n<meta property=\"og:url\" content=\"https:\/\/diarieducacio.cat\/rosasensat\/2017\/06\/13\/infancia-separada\/\" \/>\n<meta property=\"og:site_name\" content=\"Blog de Rosa Sensat\" \/>\n<meta property=\"article:published_time\" content=\"2017-06-13T02:00:37+00:00\" \/>\n<meta property=\"article:modified_time\" content=\"2024-10-27T20:40:45+00:00\" \/>\n<meta name=\"author\" content=\"Redacci\u00f3\" \/>\n<meta name=\"twitter:card\" content=\"summary_large_image\" \/>\n<meta name=\"twitter:label1\" content=\"Escrit per\" \/>\n\t<meta name=\"twitter:data1\" content=\"Redacci\u00f3\" \/>\n\t<meta name=\"twitter:label2\" content=\"Temps estimat de lectura\" \/>\n\t<meta name=\"twitter:data2\" content=\"2 minuts\" \/>\n<script type=\"application\/ld+json\" class=\"yoast-schema-graph\">{\"@context\":\"https:\\\/\\\/schema.org\",\"@graph\":[{\"@type\":\"Article\",\"@id\":\"https:\\\/\\\/diarieducacio.cat\\\/rosasensat\\\/2017\\\/06\\\/13\\\/infancia-separada\\\/#article\",\"isPartOf\":{\"@id\":\"https:\\\/\\\/diarieducacio.cat\\\/rosasensat\\\/2017\\\/06\\\/13\\\/infancia-separada\\\/\"},\"author\":{\"name\":\"Redacci\u00f3\",\"@id\":\"https:\\\/\\\/diarieducacio.cat\\\/rosasensat\\\/#\\\/schema\\\/person\\\/04093d1227f1b01952d6187a5be57900\"},\"headline\":\"Inf\u00e0ncia separada\",\"datePublished\":\"2017-06-13T02:00:37+00:00\",\"dateModified\":\"2024-10-27T20:40:45+00:00\",\"mainEntityOfPage\":{\"@id\":\"https:\\\/\\\/diarieducacio.cat\\\/rosasensat\\\/2017\\\/06\\\/13\\\/infancia-separada\\\/\"},\"wordCount\":422,\"commentCount\":0,\"image\":{\"@id\":\"https:\\\/\\\/diarieducacio.cat\\\/rosasensat\\\/2017\\\/06\\\/13\\\/infancia-separada\\\/#primaryimage\"},\"thumbnailUrl\":\"https:\\\/\\\/diarieducacio.cat\\\/rosasensat\\\/wp-content\\\/uploads\\\/sites\\\/9\\\/2017\\\/06\\\/infants-amb-ipad.jpg\",\"articleSection\":[\"infants\"],\"inLanguage\":\"ca\",\"potentialAction\":[{\"@type\":\"CommentAction\",\"name\":\"Comment\",\"target\":[\"https:\\\/\\\/diarieducacio.cat\\\/rosasensat\\\/2017\\\/06\\\/13\\\/infancia-separada\\\/#respond\"]}]},{\"@type\":\"WebPage\",\"@id\":\"https:\\\/\\\/diarieducacio.cat\\\/rosasensat\\\/2017\\\/06\\\/13\\\/infancia-separada\\\/\",\"url\":\"https:\\\/\\\/diarieducacio.cat\\\/rosasensat\\\/2017\\\/06\\\/13\\\/infancia-separada\\\/\",\"name\":\"Inf\u00e0ncia separada - Blog de Rosa Sensat\",\"isPartOf\":{\"@id\":\"https:\\\/\\\/diarieducacio.cat\\\/rosasensat\\\/#website\"},\"primaryImageOfPage\":{\"@id\":\"https:\\\/\\\/diarieducacio.cat\\\/rosasensat\\\/2017\\\/06\\\/13\\\/infancia-separada\\\/#primaryimage\"},\"image\":{\"@id\":\"https:\\\/\\\/diarieducacio.cat\\\/rosasensat\\\/2017\\\/06\\\/13\\\/infancia-separada\\\/#primaryimage\"},\"thumbnailUrl\":\"https:\\\/\\\/diarieducacio.cat\\\/rosasensat\\\/wp-content\\\/uploads\\\/sites\\\/9\\\/2017\\\/06\\\/infants-amb-ipad.jpg\",\"datePublished\":\"2017-06-13T02:00:37+00:00\",\"dateModified\":\"2024-10-27T20:40:45+00:00\",\"author\":{\"@id\":\"https:\\\/\\\/diarieducacio.cat\\\/rosasensat\\\/#\\\/schema\\\/person\\\/04093d1227f1b01952d6187a5be57900\"},\"breadcrumb\":{\"@id\":\"https:\\\/\\\/diarieducacio.cat\\\/rosasensat\\\/2017\\\/06\\\/13\\\/infancia-separada\\\/#breadcrumb\"},\"inLanguage\":\"ca\",\"potentialAction\":[{\"@type\":\"ReadAction\",\"target\":[\"https:\\\/\\\/diarieducacio.cat\\\/rosasensat\\\/2017\\\/06\\\/13\\\/infancia-separada\\\/\"]}]},{\"@type\":\"ImageObject\",\"inLanguage\":\"ca\",\"@id\":\"https:\\\/\\\/diarieducacio.cat\\\/rosasensat\\\/2017\\\/06\\\/13\\\/infancia-separada\\\/#primaryimage\",\"url\":\"https:\\\/\\\/diarieducacio.cat\\\/rosasensat\\\/wp-content\\\/uploads\\\/sites\\\/9\\\/2017\\\/06\\\/infants-amb-ipad.jpg\",\"contentUrl\":\"https:\\\/\\\/diarieducacio.cat\\\/rosasensat\\\/wp-content\\\/uploads\\\/sites\\\/9\\\/2017\\\/06\\\/infants-amb-ipad.jpg\"},{\"@type\":\"BreadcrumbList\",\"@id\":\"https:\\\/\\\/diarieducacio.cat\\\/rosasensat\\\/2017\\\/06\\\/13\\\/infancia-separada\\\/#breadcrumb\",\"itemListElement\":[{\"@type\":\"ListItem\",\"position\":1,\"name\":\"Inici\",\"item\":\"https:\\\/\\\/diarieducacio.cat\\\/rosasensat\\\/\"},{\"@type\":\"ListItem\",\"position\":2,\"name\":\"Inf\u00e0ncia separada\"}]},{\"@type\":\"WebSite\",\"@id\":\"https:\\\/\\\/diarieducacio.cat\\\/rosasensat\\\/#website\",\"url\":\"https:\\\/\\\/diarieducacio.cat\\\/rosasensat\\\/\",\"name\":\"Blog de Rosa Sensat\",\"description\":\"\",\"potentialAction\":[{\"@type\":\"SearchAction\",\"target\":{\"@type\":\"EntryPoint\",\"urlTemplate\":\"https:\\\/\\\/diarieducacio.cat\\\/rosasensat\\\/?s={search_term_string}\"},\"query-input\":{\"@type\":\"PropertyValueSpecification\",\"valueRequired\":true,\"valueName\":\"search_term_string\"}}],\"inLanguage\":\"ca\"},{\"@type\":\"Person\",\"@id\":\"https:\\\/\\\/diarieducacio.cat\\\/rosasensat\\\/#\\\/schema\\\/person\\\/04093d1227f1b01952d6187a5be57900\",\"name\":\"Redacci\u00f3\",\"image\":{\"@type\":\"ImageObject\",\"inLanguage\":\"ca\",\"@id\":\"https:\\\/\\\/secure.gravatar.com\\\/avatar\\\/e952ad62e08be1daabaefebd12d26c1e5fbfd687693aaa066db2433a21638ad8?s=96&d=mm&r=g\",\"url\":\"https:\\\/\\\/secure.gravatar.com\\\/avatar\\\/e952ad62e08be1daabaefebd12d26c1e5fbfd687693aaa066db2433a21638ad8?s=96&d=mm&r=g\",\"contentUrl\":\"https:\\\/\\\/secure.gravatar.com\\\/avatar\\\/e952ad62e08be1daabaefebd12d26c1e5fbfd687693aaa066db2433a21638ad8?s=96&d=mm&r=g\",\"caption\":\"Redacci\u00f3\"},\"url\":\"https:\\\/\\\/diarieducacio.cat\\\/rosasensat\\\/author\\\/npenin\\\/\"}]}<\/script>\n<!-- \/ Yoast SEO plugin. -->","yoast_head_json":{"title":"Inf\u00e0ncia separada - Blog de Rosa Sensat","robots":{"index":"index","follow":"follow","max-snippet":"max-snippet:-1","max-image-preview":"max-image-preview:large","max-video-preview":"max-video-preview:-1"},"canonical":"https:\/\/diarieducacio.cat\/rosasensat\/2017\/06\/13\/infancia-separada\/","og_locale":"ca_ES","og_type":"article","og_title":"Inf\u00e0ncia separada - Blog de Rosa Sensat","og_description":"No hem de fer un m\u00f3n m\u00e9s simple per ajudar els infants , sin\u00f3 un m\u00f3n m\u00e9s senzill, que vol dir m\u00e9s comprensible. I aix\u00f2 val tant per l\u2019escola com per qualsevol altre context educador, com la fam\u00edlia o els espais p\u00fablics.","og_url":"https:\/\/diarieducacio.cat\/rosasensat\/2017\/06\/13\/infancia-separada\/","og_site_name":"Blog de Rosa Sensat","article_published_time":"2017-06-13T02:00:37+00:00","article_modified_time":"2024-10-27T20:40:45+00:00","author":"Redacci\u00f3","twitter_card":"summary_large_image","twitter_misc":{"Escrit per":"Redacci\u00f3","Temps estimat de lectura":"2 minuts"},"schema":{"@context":"https:\/\/schema.org","@graph":[{"@type":"Article","@id":"https:\/\/diarieducacio.cat\/rosasensat\/2017\/06\/13\/infancia-separada\/#article","isPartOf":{"@id":"https:\/\/diarieducacio.cat\/rosasensat\/2017\/06\/13\/infancia-separada\/"},"author":{"name":"Redacci\u00f3","@id":"https:\/\/diarieducacio.cat\/rosasensat\/#\/schema\/person\/04093d1227f1b01952d6187a5be57900"},"headline":"Inf\u00e0ncia separada","datePublished":"2017-06-13T02:00:37+00:00","dateModified":"2024-10-27T20:40:45+00:00","mainEntityOfPage":{"@id":"https:\/\/diarieducacio.cat\/rosasensat\/2017\/06\/13\/infancia-separada\/"},"wordCount":422,"commentCount":0,"image":{"@id":"https:\/\/diarieducacio.cat\/rosasensat\/2017\/06\/13\/infancia-separada\/#primaryimage"},"thumbnailUrl":"https:\/\/diarieducacio.cat\/rosasensat\/wp-content\/uploads\/sites\/9\/2017\/06\/infants-amb-ipad.jpg","articleSection":["infants"],"inLanguage":"ca","potentialAction":[{"@type":"CommentAction","name":"Comment","target":["https:\/\/diarieducacio.cat\/rosasensat\/2017\/06\/13\/infancia-separada\/#respond"]}]},{"@type":"WebPage","@id":"https:\/\/diarieducacio.cat\/rosasensat\/2017\/06\/13\/infancia-separada\/","url":"https:\/\/diarieducacio.cat\/rosasensat\/2017\/06\/13\/infancia-separada\/","name":"Inf\u00e0ncia separada - Blog de Rosa Sensat","isPartOf":{"@id":"https:\/\/diarieducacio.cat\/rosasensat\/#website"},"primaryImageOfPage":{"@id":"https:\/\/diarieducacio.cat\/rosasensat\/2017\/06\/13\/infancia-separada\/#primaryimage"},"image":{"@id":"https:\/\/diarieducacio.cat\/rosasensat\/2017\/06\/13\/infancia-separada\/#primaryimage"},"thumbnailUrl":"https:\/\/diarieducacio.cat\/rosasensat\/wp-content\/uploads\/sites\/9\/2017\/06\/infants-amb-ipad.jpg","datePublished":"2017-06-13T02:00:37+00:00","dateModified":"2024-10-27T20:40:45+00:00","author":{"@id":"https:\/\/diarieducacio.cat\/rosasensat\/#\/schema\/person\/04093d1227f1b01952d6187a5be57900"},"breadcrumb":{"@id":"https:\/\/diarieducacio.cat\/rosasensat\/2017\/06\/13\/infancia-separada\/#breadcrumb"},"inLanguage":"ca","potentialAction":[{"@type":"ReadAction","target":["https:\/\/diarieducacio.cat\/rosasensat\/2017\/06\/13\/infancia-separada\/"]}]},{"@type":"ImageObject","inLanguage":"ca","@id":"https:\/\/diarieducacio.cat\/rosasensat\/2017\/06\/13\/infancia-separada\/#primaryimage","url":"https:\/\/diarieducacio.cat\/rosasensat\/wp-content\/uploads\/sites\/9\/2017\/06\/infants-amb-ipad.jpg","contentUrl":"https:\/\/diarieducacio.cat\/rosasensat\/wp-content\/uploads\/sites\/9\/2017\/06\/infants-amb-ipad.jpg"},{"@type":"BreadcrumbList","@id":"https:\/\/diarieducacio.cat\/rosasensat\/2017\/06\/13\/infancia-separada\/#breadcrumb","itemListElement":[{"@type":"ListItem","position":1,"name":"Inici","item":"https:\/\/diarieducacio.cat\/rosasensat\/"},{"@type":"ListItem","position":2,"name":"Inf\u00e0ncia separada"}]},{"@type":"WebSite","@id":"https:\/\/diarieducacio.cat\/rosasensat\/#website","url":"https:\/\/diarieducacio.cat\/rosasensat\/","name":"Blog de Rosa Sensat","description":"","potentialAction":[{"@type":"SearchAction","target":{"@type":"EntryPoint","urlTemplate":"https:\/\/diarieducacio.cat\/rosasensat\/?s={search_term_string}"},"query-input":{"@type":"PropertyValueSpecification","valueRequired":true,"valueName":"search_term_string"}}],"inLanguage":"ca"},{"@type":"Person","@id":"https:\/\/diarieducacio.cat\/rosasensat\/#\/schema\/person\/04093d1227f1b01952d6187a5be57900","name":"Redacci\u00f3","image":{"@type":"ImageObject","inLanguage":"ca","@id":"https:\/\/secure.gravatar.com\/avatar\/e952ad62e08be1daabaefebd12d26c1e5fbfd687693aaa066db2433a21638ad8?s=96&d=mm&r=g","url":"https:\/\/secure.gravatar.com\/avatar\/e952ad62e08be1daabaefebd12d26c1e5fbfd687693aaa066db2433a21638ad8?s=96&d=mm&r=g","contentUrl":"https:\/\/secure.gravatar.com\/avatar\/e952ad62e08be1daabaefebd12d26c1e5fbfd687693aaa066db2433a21638ad8?s=96&d=mm&r=g","caption":"Redacci\u00f3"},"url":"https:\/\/diarieducacio.cat\/rosasensat\/author\/npenin\/"}]}},"_links":{"self":[{"href":"https:\/\/diarieducacio.cat\/rosasensat\/wp-json\/wp\/v2\/posts\/3256","targetHints":{"allow":["GET"]}}],"collection":[{"href":"https:\/\/diarieducacio.cat\/rosasensat\/wp-json\/wp\/v2\/posts"}],"about":[{"href":"https:\/\/diarieducacio.cat\/rosasensat\/wp-json\/wp\/v2\/types\/post"}],"author":[{"embeddable":true,"href":"https:\/\/diarieducacio.cat\/rosasensat\/wp-json\/wp\/v2\/users\/1"}],"replies":[{"embeddable":true,"href":"https:\/\/diarieducacio.cat\/rosasensat\/wp-json\/wp\/v2\/comments?post=3256"}],"version-history":[{"count":1,"href":"https:\/\/diarieducacio.cat\/rosasensat\/wp-json\/wp\/v2\/posts\/3256\/revisions"}],"predecessor-version":[{"id":3257,"href":"https:\/\/diarieducacio.cat\/rosasensat\/wp-json\/wp\/v2\/posts\/3256\/revisions\/3257"}],"wp:attachment":[{"href":"https:\/\/diarieducacio.cat\/rosasensat\/wp-json\/wp\/v2\/media?parent=3256"}],"wp:term":[{"taxonomy":"category","embeddable":true,"href":"https:\/\/diarieducacio.cat\/rosasensat\/wp-json\/wp\/v2\/categories?post=3256"},{"taxonomy":"post_tag","embeddable":true,"href":"https:\/\/diarieducacio.cat\/rosasensat\/wp-json\/wp\/v2\/tags?post=3256"},{"taxonomy":"tipo","embeddable":true,"href":"https:\/\/diarieducacio.cat\/rosasensat\/wp-json\/wp\/v2\/tipo?post=3256"}],"curies":[{"name":"wp","href":"https:\/\/api.w.org\/{rel}","templated":true}]}}