{"id":3260,"date":"2017-06-28T02:00:56","date_gmt":"2017-06-28T00:00:56","guid":{"rendered":"https:\/\/nostalgic-ishizaka.82-223-1-47.plesk.page\/rosasensat\/2017\/06\/28\/infancia-exhibida\/"},"modified":"2024-10-27T21:40:55","modified_gmt":"2024-10-27T20:40:55","slug":"infancia-exhibida","status":"publish","type":"post","link":"https:\/\/diarieducacio.cat\/rosasensat\/2017\/06\/28\/infancia-exhibida\/","title":{"rendered":"Inf\u00e0ncia exhibida"},"content":{"rendered":"<p><span style=\"font-weight: 400;\"><a href=\"https:\/\/diarieducacio.cat\/rosasensat\/wp-content\/uploads\/sites\/9\/2017\/06\/festival-5.jpeg\"><img fetchpriority=\"high\" decoding=\"async\" class=\"aligncenter wp-image-1276 size-full\" src=\"https:\/\/diarieducacio.cat\/rosasensat\/wp-content\/uploads\/sites\/9\/2017\/06\/festival-5.jpeg\" alt=\"\" width=\"400\" height=\"265\" \/><\/a><\/span><\/p>\n<p><span style=\"font-weight: 400;\">Des de fa uns dies, i coincidint amb el final del curs, a les portes d\u2019algunes escoles es veuen fam\u00edlies esperant neguitoses: cues llargues que no s\u2019acaben mai, plenes d\u2019emoci\u00f3, nervis i expectatives\u2026 Tothom espera i t\u00e9 preparat algun dispositiu que li permeti captar una imatge, un v\u00eddeo\u2026 La nit abans han tret aquella c\u00e0mera gran que van comprar fa temps i que sovint no fan servir, n\u2019han carregat les bateries i n\u2019han netejat la lent, s\u2019han assegurat que la targeta de mem\u00f2ria \u00e9s buida&#8230; <\/span><\/p>\n<p><span style=\"font-weight: 400;\">Les fam\u00edlies d\u2019una llar d\u2019infants esperen a les portes del teatre m\u00e9s important de la ciutat, despr\u00e9s d\u2019haver ingressat una quantitat de diners indigna per pagar la disfressa que portar\u00e0 el seu fill i l\u2019entrada. Mares, pares, \u00e0vies, avis&#8230; esperen que obrin les portes per ocupar la seva localitat&#8230;<\/span><\/p>\n<p><span style=\"font-weight: 400;\">Diumenge al mat\u00ed, a les portes d\u2019una escola de Barcelona, una cua llargu\u00edssima de fam\u00edlies d\u2019infants que han escollit fer una extraescolar qualsevol i que provenen de diferents escoles de la zona esperen des de fa m\u00e9s d\u2019una hora que obrin les portes per buscar algun dels pocs llocs lliures amb ombra que hi ha disponibles&#8230;<\/span><\/p>\n<p><strong>&#8230; tot est\u00e0 preparat per a l\u2019espectacle<\/strong><\/p>\n<p><a href=\"https:\/\/diarieducacio.cat\/rosasensat\/wp-content\/uploads\/sites\/9\/2017\/06\/Festival-3.jpg\"><img decoding=\"async\" class=\"size-full wp-image-1275 alignleft\" src=\"https:\/\/diarieducacio.cat\/rosasensat\/wp-content\/uploads\/sites\/9\/2017\/06\/Festival-3.jpg\" alt=\"\" width=\"274\" height=\"184\" \/><\/a><\/p>\n<p><span style=\"font-weight: 400;\">\u00abEl temps \u00e9s un b\u00e9 esc\u00e0s a les escoles i les llars.\u00bb Possiblement aquesta \u00e9s una afirmaci\u00f3 amb la qual tots els que treballem en el m\u00f3n de l\u2019educaci\u00f3 estar\u00edem d\u2019acord. Ens falta temps per dissenyar noves situacions educatives, per revisar els processos documentats amb altres companyes i companys, per reflexionar en equip, per elaborar documentacions, per fer els informes, per poder tenir m\u00e9s trobades amb les fam\u00edlies en les quals construir el projecte de la nostra escola&#8230; M\u00e9s temps! Per\u00f2 en realitat no es tracta nom\u00e9s d\u2019una q\u00fcesti\u00f3 de quantitat, sin\u00f3 tamb\u00e9 de prioritzar l\u2019\u00fas que fem del temps en coher\u00e8ncia amb el projecte educatiu que estiguem construint i amb el concepte d\u2019infant que es troba al seu centre. <\/span><\/p>\n<p><span style=\"font-weight: 400;\">Els educadors i educadores, els i les mestres i els monitors i monitores han centrat tots els esfor\u00e7os a triar les m\u00fasiques, crear les coreografies, ensenyar i fer repetir els moviments des de fa molt de temps&#8230; massa temps!<\/span><\/p>\n<p><span style=\"font-weight: 400;\">Aquesta realitat implica necess\u00e0riament fer un replantejament per part dels equips, per tal de dedicar temps a all\u00f2 que realment \u00e9s important per al nostre projecte&#8230; Quin temps dediquem a les escoles i llars a pensar, preparar, discutir, organitzar els espais i materials necessaris per tal de fer un festival qualsevol? Quin temps han de dedicar els mestres a ensenyar una coreografia, can\u00e7\u00f3&#8230; noves, fins a arribar a un nivell \u00f2ptim per poder ser mostrat? Quina \u00e9s la pressi\u00f3 que sent el professional per tal que el resultat sigui de qualitat i poder tenir un reconeixement per part de les fam\u00edlies? Quina \u00e9s l\u2019actitud que t\u00e9 cap als infants que els costa de fer-ho, els que no hi estan interessats? En quins processos de competitivitat es veu immers tenint en compte la comparativa que fan les fam\u00edlies, i alguns companys i companyes dels diferents grups que hi participen?<\/span><\/p>\n<p><strong>Els infants fa temps que assagen una coreografia, una dansa&#8230; molt de temps&#8230; massa temps!<\/strong><\/p>\n<p><span style=\"font-weight: 400;\">I des del punt de vista dels infants&#8230; Quina significativitat t\u00e9 l\u2019aprenentatge d\u2019una dansa, can\u00e7\u00f3, coreografia&#8230; escollida per un adult amb la finalitat de mostrar-la a les fam\u00edlies? Quin \u00e9s el valor que li estem transmetent en posar-lo en una situaci\u00f3 de fer uns moviments una vegada i una altra per aconseguir reproduir-los amb la m\u00e0xima exactitud? Repetir amb esfor\u00e7 \u00e9s una estrat\u00e8gia que pot tenir un gran valor si est\u00e0 contextualitzada en una situaci\u00f3 viscuda per l\u2019infant d\u2019una forma funcional i significativa, per\u00f2 no \u00e9s l\u2019\u00fanica v\u00e0lida, ni tampoc pot ser l\u2019\u00fanica en qu\u00e8 els infants trobin expl\u00edcitament el reconeixement d\u2019educadors, mestres i fam\u00edlies.<\/span><\/p>\n<p><span style=\"font-weight: 400;\">En algun moment alg\u00fa s\u2019ha parat a pensar per qu\u00e8 es fan aquests tipus d\u2019exhibicions infantils en el context escolar? Amb quina intenci\u00f3 es porten a terme? I quina concepci\u00f3 d\u2019inf\u00e0ncia es troba al darrere de cada un dels festivals i de les \u00abmostres\u00bb que es fan, independent del tipus de disciplina de qu\u00e8 es tracti (esportiva, teatral, cantates&#8230;)? Potser estem parlant d\u2019una inf\u00e0ncia exhibida?<\/span><\/p>\n<p><span style=\"font-weight: 400;\">A vegades he sentit com un argument el fet d\u2019acostar els infants al fet teatral, a la viv\u00e8ncia d\u2019un concert. \u00c9s cert que hi ha experi\u00e8ncies que poden ser molt enriquidores en qu\u00e8 es produeix un contacte i una col\u00b7laboraci\u00f3 real entre grups escolars i persones \u00abespecialistes\u00bb que es dediquen a algun \u00e0mbit de les arts, com una manera de connectar escola i societat. Viure experi\u00e8ncies com a espectadors i com a actors pot ser molt enriquidor en el moment just, partint de la realitat dels infants, trobant l\u2019equilibri entre les seves capacitats, els seus interessos reals i les expectatives que sovint es projecten sobre ells. Quina necessitat real t\u00e9 un infant de 2, 3, 4 o 5 anys de fer una actuaci\u00f3 dalt d\u2019un escenari? Com poden els infants gestionar les emocions que els suposa una experi\u00e8ncia d\u2019aquest tipus? Aquests han de ser els moments en qu\u00e8 trobi el reconeixement per part de tothom?<\/span><\/p>\n<p><span style=\"font-weight: 400;\"><a href=\"https:\/\/diarieducacio.cat\/rosasensat\/wp-content\/uploads\/sites\/9\/2017\/06\/Festival-4.jpg\"><img decoding=\"async\" class=\"aligncenter size-full wp-image-1278\" src=\"https:\/\/diarieducacio.cat\/rosasensat\/wp-content\/uploads\/sites\/9\/2017\/06\/Festival-4.jpg\" alt=\"\" width=\"1150\" height=\"400\" \/><\/a><\/span><\/p>\n<p><span style=\"font-weight: 400;\">Quan un equip de monitors, d\u2019educadors i\/o de mestres decideixen presentar a la vista de les fam\u00edlies alguna cosa que els infants s\u00f3n capa\u00e7os de fer (despr\u00e9s d\u2019hores de pr\u00e0ctica i repetici\u00f3), tenen el prop\u00f2sit expl\u00edcit o impl\u00edcit de demostrar l\u2019\u00e8xit de la instituci\u00f3 educativa a trav\u00e9s de l\u2019exhibici\u00f3 i l\u2019espectacle, o incl\u00fas de la competici\u00f3.<\/span><\/p>\n<p><span style=\"font-weight: 400;\">Quins pensaments tenim sobre les expectatives de les fam\u00edlies respecte de les escoles i altres institucions que ofereixen activitats per a infants fora de la jornada escolar? Quin temps hem dedicat a reflexionar sobre el que pensem que esperen de nosaltres, i el que \u00e9s m\u00e9s important, quin temps hem dedicat a reflexionar en el si de la nostra instituci\u00f3 educativa respecte dels valors que volem promoure i sobre el concepte d\u2019infant en qu\u00e8 creiem i que tenim el comprom\u00eds de transmetre m\u00e9s enll\u00e0 dels l\u00edmits f\u00edsics de l\u2019escola?<\/span><\/p>\n<p><span style=\"font-weight: 400;\">Oferir a les fam\u00edlies all\u00f2 que pensem que esperen, sense haver passat per un proc\u00e9s sincer i cr\u00edtic de reflexi\u00f3 de les pr\u00e0ctiques instaurades des de fa temps i repetides inconscientment, ens fa entrar en una espiral sense sortida en qu\u00e8 cap dels agents que hi intervenim en surt beneficiat, i en la qual s\u00ed que n\u2019hi ha un que en surt clarament perjudicat: la inf\u00e0ncia. Infants exhibits, des de ben petits, als quals se\u2019ls acostuma a transmetre la idea del gran valor que t\u00e9 dedicar grans esfor\u00e7os a fer coses per mostrar-les, a practicar i practicar per aconseguir el reconeixement i la valoraci\u00f3 dels altres&#8230; On queda el plaer de l\u2019infant per gaudir d\u2019aspectes tan importants com la m\u00fasica, l\u2019expressi\u00f3 corporal, la pr\u00e0ctica de qualsevol esport&#8230;? Un plaer per gaudir de la seva creativitat plenament decidida i amb una intencionalitat i comprom\u00eds clars. <\/span><\/p>\n<p><span style=\"font-weight: 400;\">Potser hi ha la tend\u00e8ncia de mantenir una actitud continuista i gens reflexiva respecte d\u2019una concepci\u00f3 mercantilista i infravalorada de la inf\u00e0ncia que es va iniciar fa temps en determinats canals de televisi\u00f3 i campanyes publicit\u00e0ries, en els quals entenen aquesta primera etapa de la vida com una gran possibilitat amb la qual aconseguir un benefici, en qu\u00e8 el principal valor \u00e9s la capacitat d\u2019imitar accions o de fer all\u00f2 que fan els adults&#8230; Inf\u00e0ncia exhibida i simplificada, en la qual es projecten anhels d\u2019\u00e8xit de futur. Grans coneixedors de la tendresa que \u00e9s capa\u00e7 de generar la imatge d\u2019un infant, l\u2019exploten al m\u00e0xim dels l\u00edmits \u00e8tics en situacions ben diverses&#8230; Es crea, doncs, en l\u2019imaginari col\u00b7lectiu de la societat una pressi\u00f3 inconscient sobre la inf\u00e0ncia, una gran dificultat per adonar-se del paper que tenen els infants en el present, en el seu present, en l\u2019aqu\u00ed i l\u2019ara. Sovint el punt de vista dels adults es posa en el futur&#8230; un futur desitjat, imaginat, esperat&#8230; un futur a llarg termini&#8230; Aquestes expectatives de futur fan prendre decisions sobre l\u2019educaci\u00f3 i incl\u00fas la instrucci\u00f3 de la inf\u00e0ncia. Valors de competitivitat, de la necessitat de ser els millors per triomfar. <\/span><\/p>\n<p><span style=\"font-weight: 400;\">Deixem d\u2019exhibir els infants, recuperem les paraules de Janusz Korczak<\/span><i><span style=\"font-weight: 400;\">: \u00ab<\/span><\/i><span style=\"font-weight: 400;\">Els infants no s\u00f3n les persones de dem\u00e0, s\u00f3n persones des d\u2019avui\u00bb&#8230; valorem el present dels infants i permetem que visquin la inf\u00e0ncia en plenitud i calma, que siguin els protagonistes del seu temps. Reivindiquem la possibilitat de generar canvis socials a partir de l\u2019escola; podem i tenim la responsabilitat de mostrar una altra inf\u00e0ncia que no s\u2019exhibeix, que gaudeix del seu present. Fem-ho!<\/span><\/p>\n<p>&nbsp;<\/p>\n<p>&nbsp;<\/p>\n<p>&nbsp;<\/p>\n","protected":false},"excerpt":{"rendered":"<p>Hi ha la tend\u00e8ncia de mantenir una actitud continuista i gens reflexiva respecte d\u2019una concepci\u00f3 mercantilista i infravalorada de la inf\u00e0ncia que es va iniciar fa temps en determinats canals de televisi\u00f3 i campanyes publicit\u00e0ries, en els quals entenen la primera etapa de la vida com una gran possibilitat amb la qual aconseguir un benefici, en qu\u00e8 el principal valor \u00e9s la capacitat d\u2019imitar accions o de fer all\u00f2 que fan els adults&#8230; Inf\u00e0ncia exhibida i simplificada, en la qual es projecten anhels d\u2019\u00e8xit de futur.<\/p>\n","protected":false},"author":571,"featured_media":0,"comment_status":"open","ping_status":"open","sticky":false,"template":"","format":"standard","meta":{"footnotes":""},"categories":[102,2],"tags":[],"tipo":[],"class_list":{"0":"post-3260","1":"post","2":"type-post","3":"status-publish","4":"format-standard","6":"category-bressol","7":"category-general"},"yoast_head":"<!-- This site is optimized with the Yoast SEO plugin v27.4 - https:\/\/yoast.com\/product\/yoast-seo-wordpress\/ -->\n<title>Inf\u00e0ncia exhibida - Blog de Rosa Sensat<\/title>\n<meta name=\"robots\" content=\"index, follow, max-snippet:-1, max-image-preview:large, max-video-preview:-1\" \/>\n<link rel=\"canonical\" href=\"https:\/\/diarieducacio.cat\/rosasensat\/2017\/06\/28\/infancia-exhibida\/\" \/>\n<meta property=\"og:locale\" content=\"ca_ES\" \/>\n<meta property=\"og:type\" content=\"article\" \/>\n<meta property=\"og:title\" content=\"Inf\u00e0ncia exhibida - Blog de Rosa Sensat\" \/>\n<meta property=\"og:description\" content=\"Hi ha la tend\u00e8ncia de mantenir una actitud continuista i gens reflexiva respecte d\u2019una concepci\u00f3 mercantilista i infravalorada de la inf\u00e0ncia que es va iniciar fa temps en determinats canals de televisi\u00f3 i campanyes publicit\u00e0ries, en els quals entenen la primera etapa de la vida com una gran possibilitat amb la qual aconseguir un benefici, en qu\u00e8 el principal valor \u00e9s la capacitat d\u2019imitar accions o de fer all\u00f2 que fan els adults... Inf\u00e0ncia exhibida i simplificada, en la qual es projecten anhels d\u2019\u00e8xit de futur.\" \/>\n<meta property=\"og:url\" content=\"https:\/\/diarieducacio.cat\/rosasensat\/2017\/06\/28\/infancia-exhibida\/\" \/>\n<meta property=\"og:site_name\" content=\"Blog de Rosa Sensat\" \/>\n<meta property=\"article:published_time\" content=\"2017-06-28T00:00:56+00:00\" \/>\n<meta property=\"article:modified_time\" content=\"2024-10-27T20:40:55+00:00\" \/>\n<meta name=\"author\" content=\"Antonio A. M\u00e1rquez Ord\u00f3\u00f1ez\" \/>\n<meta name=\"twitter:card\" content=\"summary_large_image\" \/>\n<meta name=\"twitter:label1\" content=\"Escrit per\" \/>\n\t<meta name=\"twitter:data1\" content=\"Antonio A. M\u00e1rquez Ord\u00f3\u00f1ez\" \/>\n\t<meta name=\"twitter:label2\" content=\"Temps estimat de lectura\" \/>\n\t<meta name=\"twitter:data2\" content=\"8 minuts\" \/>\n<script type=\"application\/ld+json\" class=\"yoast-schema-graph\">{\"@context\":\"https:\\\/\\\/schema.org\",\"@graph\":[{\"@type\":\"Article\",\"@id\":\"https:\\\/\\\/diarieducacio.cat\\\/rosasensat\\\/2017\\\/06\\\/28\\\/infancia-exhibida\\\/#article\",\"isPartOf\":{\"@id\":\"https:\\\/\\\/diarieducacio.cat\\\/rosasensat\\\/2017\\\/06\\\/28\\\/infancia-exhibida\\\/\"},\"author\":{\"name\":\"Antonio A. M\u00e1rquez Ord\u00f3\u00f1ez\",\"@id\":\"https:\\\/\\\/diarieducacio.cat\\\/rosasensat\\\/#\\\/schema\\\/person\\\/2f67baa29ed14803ed9bef19564c8cf4\"},\"headline\":\"Inf\u00e0ncia exhibida\",\"datePublished\":\"2017-06-28T00:00:56+00:00\",\"dateModified\":\"2024-10-27T20:40:55+00:00\",\"mainEntityOfPage\":{\"@id\":\"https:\\\/\\\/diarieducacio.cat\\\/rosasensat\\\/2017\\\/06\\\/28\\\/infancia-exhibida\\\/\"},\"wordCount\":1544,\"commentCount\":0,\"image\":{\"@id\":\"https:\\\/\\\/diarieducacio.cat\\\/rosasensat\\\/2017\\\/06\\\/28\\\/infancia-exhibida\\\/#primaryimage\"},\"thumbnailUrl\":\"https:\\\/\\\/diarieducacio.cat\\\/rosasensat\\\/wp-content\\\/uploads\\\/sites\\\/9\\\/2017\\\/06\\\/festival-5.jpeg\",\"articleSection\":[\"Bressol\",\"General\"],\"inLanguage\":\"ca\",\"potentialAction\":[{\"@type\":\"CommentAction\",\"name\":\"Comment\",\"target\":[\"https:\\\/\\\/diarieducacio.cat\\\/rosasensat\\\/2017\\\/06\\\/28\\\/infancia-exhibida\\\/#respond\"]}]},{\"@type\":\"WebPage\",\"@id\":\"https:\\\/\\\/diarieducacio.cat\\\/rosasensat\\\/2017\\\/06\\\/28\\\/infancia-exhibida\\\/\",\"url\":\"https:\\\/\\\/diarieducacio.cat\\\/rosasensat\\\/2017\\\/06\\\/28\\\/infancia-exhibida\\\/\",\"name\":\"Inf\u00e0ncia exhibida - Blog de Rosa Sensat\",\"isPartOf\":{\"@id\":\"https:\\\/\\\/diarieducacio.cat\\\/rosasensat\\\/#website\"},\"primaryImageOfPage\":{\"@id\":\"https:\\\/\\\/diarieducacio.cat\\\/rosasensat\\\/2017\\\/06\\\/28\\\/infancia-exhibida\\\/#primaryimage\"},\"image\":{\"@id\":\"https:\\\/\\\/diarieducacio.cat\\\/rosasensat\\\/2017\\\/06\\\/28\\\/infancia-exhibida\\\/#primaryimage\"},\"thumbnailUrl\":\"https:\\\/\\\/diarieducacio.cat\\\/rosasensat\\\/wp-content\\\/uploads\\\/sites\\\/9\\\/2017\\\/06\\\/festival-5.jpeg\",\"datePublished\":\"2017-06-28T00:00:56+00:00\",\"dateModified\":\"2024-10-27T20:40:55+00:00\",\"author\":{\"@id\":\"https:\\\/\\\/diarieducacio.cat\\\/rosasensat\\\/#\\\/schema\\\/person\\\/2f67baa29ed14803ed9bef19564c8cf4\"},\"breadcrumb\":{\"@id\":\"https:\\\/\\\/diarieducacio.cat\\\/rosasensat\\\/2017\\\/06\\\/28\\\/infancia-exhibida\\\/#breadcrumb\"},\"inLanguage\":\"ca\",\"potentialAction\":[{\"@type\":\"ReadAction\",\"target\":[\"https:\\\/\\\/diarieducacio.cat\\\/rosasensat\\\/2017\\\/06\\\/28\\\/infancia-exhibida\\\/\"]}]},{\"@type\":\"ImageObject\",\"inLanguage\":\"ca\",\"@id\":\"https:\\\/\\\/diarieducacio.cat\\\/rosasensat\\\/2017\\\/06\\\/28\\\/infancia-exhibida\\\/#primaryimage\",\"url\":\"https:\\\/\\\/diarieducacio.cat\\\/rosasensat\\\/wp-content\\\/uploads\\\/sites\\\/9\\\/2017\\\/06\\\/festival-5.jpeg\",\"contentUrl\":\"https:\\\/\\\/diarieducacio.cat\\\/rosasensat\\\/wp-content\\\/uploads\\\/sites\\\/9\\\/2017\\\/06\\\/festival-5.jpeg\"},{\"@type\":\"BreadcrumbList\",\"@id\":\"https:\\\/\\\/diarieducacio.cat\\\/rosasensat\\\/2017\\\/06\\\/28\\\/infancia-exhibida\\\/#breadcrumb\",\"itemListElement\":[{\"@type\":\"ListItem\",\"position\":1,\"name\":\"Inici\",\"item\":\"https:\\\/\\\/diarieducacio.cat\\\/rosasensat\\\/\"},{\"@type\":\"ListItem\",\"position\":2,\"name\":\"Inf\u00e0ncia exhibida\"}]},{\"@type\":\"WebSite\",\"@id\":\"https:\\\/\\\/diarieducacio.cat\\\/rosasensat\\\/#website\",\"url\":\"https:\\\/\\\/diarieducacio.cat\\\/rosasensat\\\/\",\"name\":\"Blog de Rosa Sensat\",\"description\":\"\",\"potentialAction\":[{\"@type\":\"SearchAction\",\"target\":{\"@type\":\"EntryPoint\",\"urlTemplate\":\"https:\\\/\\\/diarieducacio.cat\\\/rosasensat\\\/?s={search_term_string}\"},\"query-input\":{\"@type\":\"PropertyValueSpecification\",\"valueRequired\":true,\"valueName\":\"search_term_string\"}}],\"inLanguage\":\"ca\"},{\"@type\":\"Person\",\"@id\":\"https:\\\/\\\/diarieducacio.cat\\\/rosasensat\\\/#\\\/schema\\\/person\\\/2f67baa29ed14803ed9bef19564c8cf4\",\"name\":\"Antonio A. M\u00e1rquez Ord\u00f3\u00f1ez\",\"image\":{\"@type\":\"ImageObject\",\"inLanguage\":\"ca\",\"@id\":\"https:\\\/\\\/secure.gravatar.com\\\/avatar\\\/44b39a72e44792b0ad1b726b684ec3b68aeb0b8950284f34c6f7a18a2887bf94?s=96&d=mm&r=g\",\"url\":\"https:\\\/\\\/secure.gravatar.com\\\/avatar\\\/44b39a72e44792b0ad1b726b684ec3b68aeb0b8950284f34c6f7a18a2887bf94?s=96&d=mm&r=g\",\"contentUrl\":\"https:\\\/\\\/secure.gravatar.com\\\/avatar\\\/44b39a72e44792b0ad1b726b684ec3b68aeb0b8950284f34c6f7a18a2887bf94?s=96&d=mm&r=g\",\"caption\":\"Antonio A. M\u00e1rquez Ord\u00f3\u00f1ez\"},\"url\":\"https:\\\/\\\/diarieducacio.cat\\\/rosasensat\\\/author\\\/amarquezo\\\/\"}]}<\/script>\n<!-- \/ Yoast SEO plugin. -->","yoast_head_json":{"title":"Inf\u00e0ncia exhibida - Blog de Rosa Sensat","robots":{"index":"index","follow":"follow","max-snippet":"max-snippet:-1","max-image-preview":"max-image-preview:large","max-video-preview":"max-video-preview:-1"},"canonical":"https:\/\/diarieducacio.cat\/rosasensat\/2017\/06\/28\/infancia-exhibida\/","og_locale":"ca_ES","og_type":"article","og_title":"Inf\u00e0ncia exhibida - Blog de Rosa Sensat","og_description":"Hi ha la tend\u00e8ncia de mantenir una actitud continuista i gens reflexiva respecte d\u2019una concepci\u00f3 mercantilista i infravalorada de la inf\u00e0ncia que es va iniciar fa temps en determinats canals de televisi\u00f3 i campanyes publicit\u00e0ries, en els quals entenen la primera etapa de la vida com una gran possibilitat amb la qual aconseguir un benefici, en qu\u00e8 el principal valor \u00e9s la capacitat d\u2019imitar accions o de fer all\u00f2 que fan els adults... Inf\u00e0ncia exhibida i simplificada, en la qual es projecten anhels d\u2019\u00e8xit de futur.","og_url":"https:\/\/diarieducacio.cat\/rosasensat\/2017\/06\/28\/infancia-exhibida\/","og_site_name":"Blog de Rosa Sensat","article_published_time":"2017-06-28T00:00:56+00:00","article_modified_time":"2024-10-27T20:40:55+00:00","author":"Antonio A. M\u00e1rquez Ord\u00f3\u00f1ez","twitter_card":"summary_large_image","twitter_misc":{"Escrit per":"Antonio A. M\u00e1rquez Ord\u00f3\u00f1ez","Temps estimat de lectura":"8 minuts"},"schema":{"@context":"https:\/\/schema.org","@graph":[{"@type":"Article","@id":"https:\/\/diarieducacio.cat\/rosasensat\/2017\/06\/28\/infancia-exhibida\/#article","isPartOf":{"@id":"https:\/\/diarieducacio.cat\/rosasensat\/2017\/06\/28\/infancia-exhibida\/"},"author":{"name":"Antonio A. M\u00e1rquez Ord\u00f3\u00f1ez","@id":"https:\/\/diarieducacio.cat\/rosasensat\/#\/schema\/person\/2f67baa29ed14803ed9bef19564c8cf4"},"headline":"Inf\u00e0ncia exhibida","datePublished":"2017-06-28T00:00:56+00:00","dateModified":"2024-10-27T20:40:55+00:00","mainEntityOfPage":{"@id":"https:\/\/diarieducacio.cat\/rosasensat\/2017\/06\/28\/infancia-exhibida\/"},"wordCount":1544,"commentCount":0,"image":{"@id":"https:\/\/diarieducacio.cat\/rosasensat\/2017\/06\/28\/infancia-exhibida\/#primaryimage"},"thumbnailUrl":"https:\/\/diarieducacio.cat\/rosasensat\/wp-content\/uploads\/sites\/9\/2017\/06\/festival-5.jpeg","articleSection":["Bressol","General"],"inLanguage":"ca","potentialAction":[{"@type":"CommentAction","name":"Comment","target":["https:\/\/diarieducacio.cat\/rosasensat\/2017\/06\/28\/infancia-exhibida\/#respond"]}]},{"@type":"WebPage","@id":"https:\/\/diarieducacio.cat\/rosasensat\/2017\/06\/28\/infancia-exhibida\/","url":"https:\/\/diarieducacio.cat\/rosasensat\/2017\/06\/28\/infancia-exhibida\/","name":"Inf\u00e0ncia exhibida - Blog de Rosa Sensat","isPartOf":{"@id":"https:\/\/diarieducacio.cat\/rosasensat\/#website"},"primaryImageOfPage":{"@id":"https:\/\/diarieducacio.cat\/rosasensat\/2017\/06\/28\/infancia-exhibida\/#primaryimage"},"image":{"@id":"https:\/\/diarieducacio.cat\/rosasensat\/2017\/06\/28\/infancia-exhibida\/#primaryimage"},"thumbnailUrl":"https:\/\/diarieducacio.cat\/rosasensat\/wp-content\/uploads\/sites\/9\/2017\/06\/festival-5.jpeg","datePublished":"2017-06-28T00:00:56+00:00","dateModified":"2024-10-27T20:40:55+00:00","author":{"@id":"https:\/\/diarieducacio.cat\/rosasensat\/#\/schema\/person\/2f67baa29ed14803ed9bef19564c8cf4"},"breadcrumb":{"@id":"https:\/\/diarieducacio.cat\/rosasensat\/2017\/06\/28\/infancia-exhibida\/#breadcrumb"},"inLanguage":"ca","potentialAction":[{"@type":"ReadAction","target":["https:\/\/diarieducacio.cat\/rosasensat\/2017\/06\/28\/infancia-exhibida\/"]}]},{"@type":"ImageObject","inLanguage":"ca","@id":"https:\/\/diarieducacio.cat\/rosasensat\/2017\/06\/28\/infancia-exhibida\/#primaryimage","url":"https:\/\/diarieducacio.cat\/rosasensat\/wp-content\/uploads\/sites\/9\/2017\/06\/festival-5.jpeg","contentUrl":"https:\/\/diarieducacio.cat\/rosasensat\/wp-content\/uploads\/sites\/9\/2017\/06\/festival-5.jpeg"},{"@type":"BreadcrumbList","@id":"https:\/\/diarieducacio.cat\/rosasensat\/2017\/06\/28\/infancia-exhibida\/#breadcrumb","itemListElement":[{"@type":"ListItem","position":1,"name":"Inici","item":"https:\/\/diarieducacio.cat\/rosasensat\/"},{"@type":"ListItem","position":2,"name":"Inf\u00e0ncia exhibida"}]},{"@type":"WebSite","@id":"https:\/\/diarieducacio.cat\/rosasensat\/#website","url":"https:\/\/diarieducacio.cat\/rosasensat\/","name":"Blog de Rosa Sensat","description":"","potentialAction":[{"@type":"SearchAction","target":{"@type":"EntryPoint","urlTemplate":"https:\/\/diarieducacio.cat\/rosasensat\/?s={search_term_string}"},"query-input":{"@type":"PropertyValueSpecification","valueRequired":true,"valueName":"search_term_string"}}],"inLanguage":"ca"},{"@type":"Person","@id":"https:\/\/diarieducacio.cat\/rosasensat\/#\/schema\/person\/2f67baa29ed14803ed9bef19564c8cf4","name":"Antonio A. M\u00e1rquez Ord\u00f3\u00f1ez","image":{"@type":"ImageObject","inLanguage":"ca","@id":"https:\/\/secure.gravatar.com\/avatar\/44b39a72e44792b0ad1b726b684ec3b68aeb0b8950284f34c6f7a18a2887bf94?s=96&d=mm&r=g","url":"https:\/\/secure.gravatar.com\/avatar\/44b39a72e44792b0ad1b726b684ec3b68aeb0b8950284f34c6f7a18a2887bf94?s=96&d=mm&r=g","contentUrl":"https:\/\/secure.gravatar.com\/avatar\/44b39a72e44792b0ad1b726b684ec3b68aeb0b8950284f34c6f7a18a2887bf94?s=96&d=mm&r=g","caption":"Antonio A. M\u00e1rquez Ord\u00f3\u00f1ez"},"url":"https:\/\/diarieducacio.cat\/rosasensat\/author\/amarquezo\/"}]}},"_links":{"self":[{"href":"https:\/\/diarieducacio.cat\/rosasensat\/wp-json\/wp\/v2\/posts\/3260","targetHints":{"allow":["GET"]}}],"collection":[{"href":"https:\/\/diarieducacio.cat\/rosasensat\/wp-json\/wp\/v2\/posts"}],"about":[{"href":"https:\/\/diarieducacio.cat\/rosasensat\/wp-json\/wp\/v2\/types\/post"}],"author":[{"embeddable":true,"href":"https:\/\/diarieducacio.cat\/rosasensat\/wp-json\/wp\/v2\/users\/571"}],"replies":[{"embeddable":true,"href":"https:\/\/diarieducacio.cat\/rosasensat\/wp-json\/wp\/v2\/comments?post=3260"}],"version-history":[{"count":1,"href":"https:\/\/diarieducacio.cat\/rosasensat\/wp-json\/wp\/v2\/posts\/3260\/revisions"}],"predecessor-version":[{"id":3261,"href":"https:\/\/diarieducacio.cat\/rosasensat\/wp-json\/wp\/v2\/posts\/3260\/revisions\/3261"}],"wp:attachment":[{"href":"https:\/\/diarieducacio.cat\/rosasensat\/wp-json\/wp\/v2\/media?parent=3260"}],"wp:term":[{"taxonomy":"category","embeddable":true,"href":"https:\/\/diarieducacio.cat\/rosasensat\/wp-json\/wp\/v2\/categories?post=3260"},{"taxonomy":"post_tag","embeddable":true,"href":"https:\/\/diarieducacio.cat\/rosasensat\/wp-json\/wp\/v2\/tags?post=3260"},{"taxonomy":"tipo","embeddable":true,"href":"https:\/\/diarieducacio.cat\/rosasensat\/wp-json\/wp\/v2\/tipo?post=3260"}],"curies":[{"name":"wp","href":"https:\/\/api.w.org\/{rel}","templated":true}]}}