{"id":3264,"date":"2017-09-12T04:00:38","date_gmt":"2017-09-12T02:00:38","guid":{"rendered":"https:\/\/nostalgic-ishizaka.82-223-1-47.plesk.page\/rosasensat\/2017\/09\/12\/escola-equitativa-inclusiva-connectada-mon\/"},"modified":"2024-10-27T21:41:00","modified_gmt":"2024-10-27T20:41:00","slug":"escola-equitativa-inclusiva-connectada-mon","status":"publish","type":"post","link":"https:\/\/diarieducacio.cat\/rosasensat\/2017\/09\/12\/escola-equitativa-inclusiva-connectada-mon\/","title":{"rendered":"Per una escola equitativa, inclusiva i connectada al m\u00f3n"},"content":{"rendered":"<p><span style=\"color: #000000;\"><span style=\"font-family: Arial,serif;\"><a href=\"https:\/\/diarieducacio.cat\/rosasensat\/wp-content\/uploads\/sites\/9\/2016\/10\/FOTOS_P\u00e1gina_2.jpg\"><img fetchpriority=\"high\" decoding=\"async\" class=\"aligncenter size-full wp-image-915\" src=\"https:\/\/diarieducacio.cat\/rosasensat\/wp-content\/uploads\/sites\/9\/2016\/10\/FOTOS_P\u00e1gina_2.jpg\" alt=\"\" width=\"3385\" height=\"2489\" \/><\/a><\/span><\/span><\/p>\n<p><span style=\"color: #000000;\"><span style=\"font-family: Arial,serif;\">A Rosa Sensat vam comen\u00e7ar el curs el passat 6 de setembre, colpits de prop pels atemptats del 17 d&#8217;agost, amb una taula rodona per compartir, reflexionar, i anar a fons sobre el paper dels mestres, de l&#8217;escola i de la societat en uns moments com aquests. Aquests fets que ens fan trontollar, i una vegada m\u00e9s ens fan replantejar per qu\u00e8 eduquem i com ho fem, si el que volem \u00e9s educar per l&#8217;emancipaci\u00f3 de les persones en una societat diversa. <\/span><\/span><\/p>\n<p><span style=\"color: #000000;\"><span style=\"font-family: Arial,serif;\">En aquesta taula rodona vam compartir punts de vista amb els companys m\u00e9s experts, en un espai de debat conjunt, mestres de totes les etapes educatives, obrint m\u00e9s dubtes que certeses i amb valentia. Tenim el convenciment que el que ens cal ara no s\u00f3n m\u00e9s protocols per complir, sin\u00f3 anar m\u00e9s al fons de l&#8217;an\u00e0lisi dels fets que ens envolten, amb m\u00e9s rigor, amb m\u00e9s coneixement i amb m\u00e9s projectes conjunts i en xarxa. Com a educadors ens comprometem a continuar el di\u00e0leg obert amb els infants i joves, fam\u00edlies, i altres agents educatius per continuar treballant per una cultura de la pau, en un m\u00f3n on la viol\u00e8ncia, l&#8217;odi i el mal, s\u00f3n encara els protagonistes en molts \u00e0mbits. <\/span><\/span><\/p>\n<p><span style=\"color: #000000;\"><span style=\"font-family: Arial,serif;\">Al juliol vam acabar el curs amb les piles carregades, despr\u00e9s d&#8217;una escola d&#8217;estiu amb una gran participaci\u00f3 de mestres que declar\u00e0vem a les <a href=\"http:\/\/www2.rosasensat.org\/files\/conclusions_escola_estiu_2017-1.pdf\">conclusions del tema general\u00a0 <\/a>que: &#8220;En una societat plena de diversitat, conflictes i reptes, el canvi \u00e9s necessari per aconseguir infants actius, cr\u00edtics, curiosos, compromesos i sans, que puguin cr\u00e9ixer en dignitat i resoldre els conflictes col\u00b7lectius&#8221;. Declar\u00e0vem tamb\u00e9 que &#8220;hi ha reptes de molts tipus: organitzatius, educatius, formatius, socials&#8230; i la clau \u00e9s afrontar-los en comunitat i amb valentia. Un dels principals reptes \u00e9s prioritzar la igualtat d\u2019oportunitats i vetllar per una escola m\u00e9s equitativa&#8221;. I acab\u00e0vem dient que &#8220;amb implicaci\u00f3, comprom\u00eds, il\u00b7lusi\u00f3, i recursos es pot afrontar qualsevol repte&#8221;.<\/span><\/span><\/p>\n<p><strong>Aquests darrers anys, la pressi\u00f3 de la comunitat educativa ha estat clau per aconseguir algunes mesures per a la millora de les plantilles, de l\u2019equitat i l\u2019educaci\u00f3 inclusiva, per\u00f2 quedem lluny d\u2019una planificaci\u00f3 p\u00fablica i seriosa per acabar amb la segregaci\u00f3 dels alumnes, que aposti per la inclusi\u00f3 i l\u2019equitat<\/strong><\/p>\n<p><span style=\"color: #000000;\"><span style=\"font-family: Arial,serif;\">Tamb\u00e9 aquests primers dies de setembre, com a associaci\u00f3 implicada dins del Marc Unitari de la Comunitat Educativa de Catalunya (MUCE), hem elaborat un <a href=\"http:\/\/www.mrp.cat\/admin\/magatzem\/inicides\/roda-de-premsa-inici-curs-2017-2018.pdf\">document<\/a>, per demanar un creixement sostingut del pressupost educatiu. Entre d&#8217;altres q\u00fcestions es demana al Govern del pa\u00eds que si l\u2019educaci\u00f3 \u00e9s una prioritat, cal que ho demostri amb fets. Aquests darrers anys, la pressi\u00f3 de la comunitat educativa ha estat clau per aconseguir algunes mesures per a la millora de les plantilles, de l\u2019equitat i l\u2019educaci\u00f3 inclusiva, per\u00f2 quedem lluny d\u2019una planificaci\u00f3 p\u00fablica i seriosa per acabar amb la segregaci\u00f3 dels alumnes, que aposti per la inclusi\u00f3 i l\u2019equitat. Es continua denunciant que el pes relatiu per l&#8217;educaci\u00f3 dins el pressupost s\u2019ha redu\u00eft des del 2010, tamb\u00e9 en relaci\u00f3 amb el PIB, i que som encara dels territoris de l\u2019Estat Espanyol i d\u2019Europa amb menys inversi\u00f3 p\u00fablica en <\/span><\/span><span style=\"color: #000000;\"><span style=\"font-family: Arial,serif;\">educaci\u00f3. <\/span><\/span><\/p>\n<p><span style=\"color: #000000;\"><span style=\"font-family: Arial,serif;\"><a href=\"https:\/\/diarieducacio.cat\/rosasensat\/wp-content\/uploads\/sites\/9\/2017\/09\/IMG_1200.jpg\"><img decoding=\"async\" class=\"alignleft wp-image-1303 size-large\" src=\"https:\/\/diarieducacio.cat\/rosasensat\/wp-content\/uploads\/sites\/9\/2017\/09\/IMG_1200-292x1024.jpg\" alt=\"\" width=\"292\" height=\"1024\" \/><\/a>Necessitem aquesta inversi\u00f3 per tirar endavant la feina del dia a dia a les escoles i instituts, i treballar amb les garanties que tots els infants i joves, no nom\u00e9s seran atesos en funci\u00f3 de les seves necessitats, sin\u00f3 que rebran una educaci\u00f3 de qualitat. Aquesta \u00e9s la responsabilitat de l\u2019administraci\u00f3, que ha de fer una aposta clara i contundent, amb recursos i normatives apropiats, per una escola p\u00fablica que ofereixi oportunitats i reptes a tots els infants, independentment del lloc de proced\u00e8ncia o del nivell socioecon\u00f2mic.<\/span><\/span><\/p>\n<blockquote><p><strong>Des de Rosa Sensat continuem apostant per la formaci\u00f3 dels mestres i professors, com un dels pilars imprescindibles per millorar l&#8217;educaci\u00f3, una formaci\u00f3<\/strong><\/p><\/blockquote>\n<p><span style=\"color: #000000;\"><span style=\"font-family: Arial,serif;\">Com a mestres continuarem amb les nostres responsabilitats que passen, entre d&#8217;altres per organitzar-nos com a equips, de manera coordinada, amb espais de reflexi\u00f3, debat i acci\u00f3 que ens permetin definir on volem anar i planificar les accions per arribar-hi. L&#8217;objectiu que ens proposem \u00e9s la creaci\u00f3 d\u2019una escola equitativa, inclusiva i connectada al m\u00f3n. Tal com declar\u00e0vem en la passada 52a Escola d&#8217;Estiu de Rosa Sensat, aquest curs 2017-2018 &#8220;treballem per anar m\u00e9s enll\u00e0 dels canvis metodol\u00f2gics, i per reformular l\u2019escola mirant sempre la inf\u00e0ncia, i creant des del present projectes plens de futur que trenquin la dualitat entre escola i vida&#8221;. <\/span><\/span><\/p>\n<p><span style=\"color: #000000;\"><span style=\"font-family: Arial,serif;\">Des de Rosa Sensat continuem apostant per la formaci\u00f3 dels mestres i professors, com un dels pilars imprescindibles per millorar l&#8217;educaci\u00f3, una formaci\u00f3 que, com diu <a href=\"http:\/\/diarieducacio.cat\/escolaestiurosasensat\/2017\/07\/07\/sesta-transformant-lescola\/\">Gino Ferri<\/a>, &#8220;promogui el canvi, no de les maneres de fer (perqu\u00e8 el resultat gaireb\u00e9 sempre \u00e9s canviar la forma per seguir fent el mateix) sin\u00f3 de les maneres de pensar&#8221;. Entenem, doncs, que la formaci\u00f3 de mestres, tal com entenem la formaci\u00f3 dels infants i joves, \u00e9s un proc\u00e9s en el qual el protagonista ha de ser cada mestre, juntament amb el treball col\u00b7lectiu amb altres companys i companyes, una formaci\u00f3 que passa per la generositat i pel comprom\u00eds&#8230; I \u00e9s per aix\u00f2 que les portes de l&#8217;associaci\u00f3 continuen obertes per oferir un espai de trobada, de debat, de reflexi\u00f3, de comprom\u00eds i de millora de la professi\u00f3. <\/span><\/span><\/p>\n<p><span style=\"color: #000000;\"><span style=\"font-family: Arial,serif;\">Esperem que aquest curs 2017-2018 siguem molts m\u00e9s que treballem en aquest sentit. <\/span><\/span><\/p>\n","protected":false},"excerpt":{"rendered":"<p>Com a mestres, aquest curs ens proposem aconseguir una escola equitativa, inclusiva i connectada al m\u00f3n i treballarem, tal com d\u00e8iem a les conclusions de la 52a Escola d&#8217;Estiu, per anar m\u00e9s enll\u00e0 dels canvis metodol\u00f2gics, reformular l\u2019escola mirant sempre la inf\u00e0ncia, i creant des del present projectes plens de futur que trenquin la dualitat entre escola i vida.<\/p>\n","protected":false},"author":124,"featured_media":0,"comment_status":"open","ping_status":"open","sticky":false,"template":"","format":"standard","meta":{"footnotes":""},"categories":[95,100,104,2,103,119],"tags":[],"tipo":[],"class_list":{"0":"post-3264","1":"post","2":"type-post","3":"status-publish","4":"format-standard","6":"category-escola-inclusiva","7":"category-escola-publica","8":"category-formacio","9":"category-general","10":"category-inici-curs","11":"category-innovacio"},"yoast_head":"<!-- This site is optimized with the Yoast SEO plugin v27.4 - https:\/\/yoast.com\/product\/yoast-seo-wordpress\/ -->\n<title>Per una escola equitativa, inclusiva i connectada al m\u00f3n - Blog de Rosa Sensat<\/title>\n<meta name=\"robots\" content=\"index, follow, max-snippet:-1, max-image-preview:large, max-video-preview:-1\" \/>\n<link rel=\"canonical\" href=\"https:\/\/diarieducacio.cat\/rosasensat\/2017\/09\/12\/escola-equitativa-inclusiva-connectada-mon\/\" \/>\n<meta property=\"og:locale\" content=\"ca_ES\" \/>\n<meta property=\"og:type\" content=\"article\" \/>\n<meta property=\"og:title\" content=\"Per una escola equitativa, inclusiva i connectada al m\u00f3n - Blog de Rosa Sensat\" \/>\n<meta property=\"og:description\" content=\"Com a mestres, aquest curs ens proposem aconseguir una escola equitativa, inclusiva i connectada al m\u00f3n i treballarem, tal com d\u00e8iem a les conclusions de la 52a Escola d&#039;Estiu, per anar m\u00e9s enll\u00e0 dels canvis metodol\u00f2gics, reformular l\u2019escola mirant sempre la inf\u00e0ncia, i creant des del present projectes plens de futur que trenquin la dualitat entre escola i vida.\" \/>\n<meta property=\"og:url\" content=\"https:\/\/diarieducacio.cat\/rosasensat\/2017\/09\/12\/escola-equitativa-inclusiva-connectada-mon\/\" \/>\n<meta property=\"og:site_name\" content=\"Blog de Rosa Sensat\" \/>\n<meta property=\"article:published_time\" content=\"2017-09-12T02:00:38+00:00\" \/>\n<meta property=\"article:modified_time\" content=\"2024-10-27T20:41:00+00:00\" \/>\n<meta property=\"og:image\" content=\"https:\/\/diarieducacio.cat\/rosasensat\/wp-content\/uploads\/sites\/9\/2017\/09\/IMG_1200-292x1024.jpg\" \/>\n<meta name=\"author\" content=\"Marta Pla i Llum\u00e0\" \/>\n<meta name=\"twitter:card\" content=\"summary_large_image\" \/>\n<meta name=\"twitter:label1\" content=\"Escrit per\" \/>\n\t<meta name=\"twitter:data1\" content=\"Marta Pla i Llum\u00e0\" \/>\n\t<meta name=\"twitter:label2\" content=\"Temps estimat de lectura\" \/>\n\t<meta name=\"twitter:data2\" content=\"5 minuts\" \/>\n<script type=\"application\/ld+json\" class=\"yoast-schema-graph\">{\"@context\":\"https:\\\/\\\/schema.org\",\"@graph\":[{\"@type\":\"Article\",\"@id\":\"https:\\\/\\\/diarieducacio.cat\\\/rosasensat\\\/2017\\\/09\\\/12\\\/escola-equitativa-inclusiva-connectada-mon\\\/#article\",\"isPartOf\":{\"@id\":\"https:\\\/\\\/diarieducacio.cat\\\/rosasensat\\\/2017\\\/09\\\/12\\\/escola-equitativa-inclusiva-connectada-mon\\\/\"},\"author\":{\"name\":\"Marta Pla i Llum\u00e0\",\"@id\":\"https:\\\/\\\/diarieducacio.cat\\\/rosasensat\\\/#\\\/schema\\\/person\\\/39293baef3d1fe95121c50d3014511c2\"},\"headline\":\"Per una escola equitativa, inclusiva i connectada al m\u00f3n\",\"datePublished\":\"2017-09-12T02:00:38+00:00\",\"dateModified\":\"2024-10-27T20:41:00+00:00\",\"mainEntityOfPage\":{\"@id\":\"https:\\\/\\\/diarieducacio.cat\\\/rosasensat\\\/2017\\\/09\\\/12\\\/escola-equitativa-inclusiva-connectada-mon\\\/\"},\"wordCount\":957,\"commentCount\":0,\"image\":{\"@id\":\"https:\\\/\\\/diarieducacio.cat\\\/rosasensat\\\/2017\\\/09\\\/12\\\/escola-equitativa-inclusiva-connectada-mon\\\/#primaryimage\"},\"thumbnailUrl\":\"https:\\\/\\\/diarieducacio.cat\\\/rosasensat\\\/wp-content\\\/uploads\\\/sites\\\/9\\\/2017\\\/09\\\/IMG_1200-292x1024.jpg\",\"articleSection\":[\"Escola inclusiva\",\"Escola p\u00fablica\",\"Formaci\u00f3\",\"General\",\"inici curs\",\"Innovaci\u00f3\"],\"inLanguage\":\"ca\",\"potentialAction\":[{\"@type\":\"CommentAction\",\"name\":\"Comment\",\"target\":[\"https:\\\/\\\/diarieducacio.cat\\\/rosasensat\\\/2017\\\/09\\\/12\\\/escola-equitativa-inclusiva-connectada-mon\\\/#respond\"]}]},{\"@type\":\"WebPage\",\"@id\":\"https:\\\/\\\/diarieducacio.cat\\\/rosasensat\\\/2017\\\/09\\\/12\\\/escola-equitativa-inclusiva-connectada-mon\\\/\",\"url\":\"https:\\\/\\\/diarieducacio.cat\\\/rosasensat\\\/2017\\\/09\\\/12\\\/escola-equitativa-inclusiva-connectada-mon\\\/\",\"name\":\"Per una escola equitativa, inclusiva i connectada al m\u00f3n - Blog de Rosa Sensat\",\"isPartOf\":{\"@id\":\"https:\\\/\\\/diarieducacio.cat\\\/rosasensat\\\/#website\"},\"primaryImageOfPage\":{\"@id\":\"https:\\\/\\\/diarieducacio.cat\\\/rosasensat\\\/2017\\\/09\\\/12\\\/escola-equitativa-inclusiva-connectada-mon\\\/#primaryimage\"},\"image\":{\"@id\":\"https:\\\/\\\/diarieducacio.cat\\\/rosasensat\\\/2017\\\/09\\\/12\\\/escola-equitativa-inclusiva-connectada-mon\\\/#primaryimage\"},\"thumbnailUrl\":\"https:\\\/\\\/diarieducacio.cat\\\/rosasensat\\\/wp-content\\\/uploads\\\/sites\\\/9\\\/2017\\\/09\\\/IMG_1200-292x1024.jpg\",\"datePublished\":\"2017-09-12T02:00:38+00:00\",\"dateModified\":\"2024-10-27T20:41:00+00:00\",\"author\":{\"@id\":\"https:\\\/\\\/diarieducacio.cat\\\/rosasensat\\\/#\\\/schema\\\/person\\\/39293baef3d1fe95121c50d3014511c2\"},\"breadcrumb\":{\"@id\":\"https:\\\/\\\/diarieducacio.cat\\\/rosasensat\\\/2017\\\/09\\\/12\\\/escola-equitativa-inclusiva-connectada-mon\\\/#breadcrumb\"},\"inLanguage\":\"ca\",\"potentialAction\":[{\"@type\":\"ReadAction\",\"target\":[\"https:\\\/\\\/diarieducacio.cat\\\/rosasensat\\\/2017\\\/09\\\/12\\\/escola-equitativa-inclusiva-connectada-mon\\\/\"]}]},{\"@type\":\"ImageObject\",\"inLanguage\":\"ca\",\"@id\":\"https:\\\/\\\/diarieducacio.cat\\\/rosasensat\\\/2017\\\/09\\\/12\\\/escola-equitativa-inclusiva-connectada-mon\\\/#primaryimage\",\"url\":\"\",\"contentUrl\":\"\"},{\"@type\":\"BreadcrumbList\",\"@id\":\"https:\\\/\\\/diarieducacio.cat\\\/rosasensat\\\/2017\\\/09\\\/12\\\/escola-equitativa-inclusiva-connectada-mon\\\/#breadcrumb\",\"itemListElement\":[{\"@type\":\"ListItem\",\"position\":1,\"name\":\"Inici\",\"item\":\"https:\\\/\\\/diarieducacio.cat\\\/rosasensat\\\/\"},{\"@type\":\"ListItem\",\"position\":2,\"name\":\"Per una escola equitativa, inclusiva i connectada al m\u00f3n\"}]},{\"@type\":\"WebSite\",\"@id\":\"https:\\\/\\\/diarieducacio.cat\\\/rosasensat\\\/#website\",\"url\":\"https:\\\/\\\/diarieducacio.cat\\\/rosasensat\\\/\",\"name\":\"Blog de Rosa Sensat\",\"description\":\"\",\"potentialAction\":[{\"@type\":\"SearchAction\",\"target\":{\"@type\":\"EntryPoint\",\"urlTemplate\":\"https:\\\/\\\/diarieducacio.cat\\\/rosasensat\\\/?s={search_term_string}\"},\"query-input\":{\"@type\":\"PropertyValueSpecification\",\"valueRequired\":true,\"valueName\":\"search_term_string\"}}],\"inLanguage\":\"ca\"},{\"@type\":\"Person\",\"@id\":\"https:\\\/\\\/diarieducacio.cat\\\/rosasensat\\\/#\\\/schema\\\/person\\\/39293baef3d1fe95121c50d3014511c2\",\"name\":\"Marta Pla i Llum\u00e0\",\"image\":{\"@type\":\"ImageObject\",\"inLanguage\":\"ca\",\"@id\":\"https:\\\/\\\/diarieducacio.cat\\\/wp-content\\\/uploads\\\/2024\\\/11\\\/marta-pla-i-lluma_avatar-96x96.jpg\",\"url\":\"https:\\\/\\\/diarieducacio.cat\\\/wp-content\\\/uploads\\\/2024\\\/11\\\/marta-pla-i-lluma_avatar-96x96.jpg\",\"contentUrl\":\"https:\\\/\\\/diarieducacio.cat\\\/wp-content\\\/uploads\\\/2024\\\/11\\\/marta-pla-i-lluma_avatar-96x96.jpg\",\"caption\":\"Marta Pla i Llum\u00e0\"},\"url\":\"https:\\\/\\\/diarieducacio.cat\\\/rosasensat\\\/author\\\/mpla\\\/\"}]}<\/script>\n<!-- \/ Yoast SEO plugin. -->","yoast_head_json":{"title":"Per una escola equitativa, inclusiva i connectada al m\u00f3n - Blog de Rosa Sensat","robots":{"index":"index","follow":"follow","max-snippet":"max-snippet:-1","max-image-preview":"max-image-preview:large","max-video-preview":"max-video-preview:-1"},"canonical":"https:\/\/diarieducacio.cat\/rosasensat\/2017\/09\/12\/escola-equitativa-inclusiva-connectada-mon\/","og_locale":"ca_ES","og_type":"article","og_title":"Per una escola equitativa, inclusiva i connectada al m\u00f3n - Blog de Rosa Sensat","og_description":"Com a mestres, aquest curs ens proposem aconseguir una escola equitativa, inclusiva i connectada al m\u00f3n i treballarem, tal com d\u00e8iem a les conclusions de la 52a Escola d'Estiu, per anar m\u00e9s enll\u00e0 dels canvis metodol\u00f2gics, reformular l\u2019escola mirant sempre la inf\u00e0ncia, i creant des del present projectes plens de futur que trenquin la dualitat entre escola i vida.","og_url":"https:\/\/diarieducacio.cat\/rosasensat\/2017\/09\/12\/escola-equitativa-inclusiva-connectada-mon\/","og_site_name":"Blog de Rosa Sensat","article_published_time":"2017-09-12T02:00:38+00:00","article_modified_time":"2024-10-27T20:41:00+00:00","og_image":[{"url":"https:\/\/diarieducacio.cat\/rosasensat\/wp-content\/uploads\/sites\/9\/2017\/09\/IMG_1200-292x1024.jpg","type":"","width":"","height":""}],"author":"Marta Pla i Llum\u00e0","twitter_card":"summary_large_image","twitter_misc":{"Escrit per":"Marta Pla i Llum\u00e0","Temps estimat de lectura":"5 minuts"},"schema":{"@context":"https:\/\/schema.org","@graph":[{"@type":"Article","@id":"https:\/\/diarieducacio.cat\/rosasensat\/2017\/09\/12\/escola-equitativa-inclusiva-connectada-mon\/#article","isPartOf":{"@id":"https:\/\/diarieducacio.cat\/rosasensat\/2017\/09\/12\/escola-equitativa-inclusiva-connectada-mon\/"},"author":{"name":"Marta Pla i Llum\u00e0","@id":"https:\/\/diarieducacio.cat\/rosasensat\/#\/schema\/person\/39293baef3d1fe95121c50d3014511c2"},"headline":"Per una escola equitativa, inclusiva i connectada al m\u00f3n","datePublished":"2017-09-12T02:00:38+00:00","dateModified":"2024-10-27T20:41:00+00:00","mainEntityOfPage":{"@id":"https:\/\/diarieducacio.cat\/rosasensat\/2017\/09\/12\/escola-equitativa-inclusiva-connectada-mon\/"},"wordCount":957,"commentCount":0,"image":{"@id":"https:\/\/diarieducacio.cat\/rosasensat\/2017\/09\/12\/escola-equitativa-inclusiva-connectada-mon\/#primaryimage"},"thumbnailUrl":"https:\/\/diarieducacio.cat\/rosasensat\/wp-content\/uploads\/sites\/9\/2017\/09\/IMG_1200-292x1024.jpg","articleSection":["Escola inclusiva","Escola p\u00fablica","Formaci\u00f3","General","inici curs","Innovaci\u00f3"],"inLanguage":"ca","potentialAction":[{"@type":"CommentAction","name":"Comment","target":["https:\/\/diarieducacio.cat\/rosasensat\/2017\/09\/12\/escola-equitativa-inclusiva-connectada-mon\/#respond"]}]},{"@type":"WebPage","@id":"https:\/\/diarieducacio.cat\/rosasensat\/2017\/09\/12\/escola-equitativa-inclusiva-connectada-mon\/","url":"https:\/\/diarieducacio.cat\/rosasensat\/2017\/09\/12\/escola-equitativa-inclusiva-connectada-mon\/","name":"Per una escola equitativa, inclusiva i connectada al m\u00f3n - Blog de Rosa Sensat","isPartOf":{"@id":"https:\/\/diarieducacio.cat\/rosasensat\/#website"},"primaryImageOfPage":{"@id":"https:\/\/diarieducacio.cat\/rosasensat\/2017\/09\/12\/escola-equitativa-inclusiva-connectada-mon\/#primaryimage"},"image":{"@id":"https:\/\/diarieducacio.cat\/rosasensat\/2017\/09\/12\/escola-equitativa-inclusiva-connectada-mon\/#primaryimage"},"thumbnailUrl":"https:\/\/diarieducacio.cat\/rosasensat\/wp-content\/uploads\/sites\/9\/2017\/09\/IMG_1200-292x1024.jpg","datePublished":"2017-09-12T02:00:38+00:00","dateModified":"2024-10-27T20:41:00+00:00","author":{"@id":"https:\/\/diarieducacio.cat\/rosasensat\/#\/schema\/person\/39293baef3d1fe95121c50d3014511c2"},"breadcrumb":{"@id":"https:\/\/diarieducacio.cat\/rosasensat\/2017\/09\/12\/escola-equitativa-inclusiva-connectada-mon\/#breadcrumb"},"inLanguage":"ca","potentialAction":[{"@type":"ReadAction","target":["https:\/\/diarieducacio.cat\/rosasensat\/2017\/09\/12\/escola-equitativa-inclusiva-connectada-mon\/"]}]},{"@type":"ImageObject","inLanguage":"ca","@id":"https:\/\/diarieducacio.cat\/rosasensat\/2017\/09\/12\/escola-equitativa-inclusiva-connectada-mon\/#primaryimage","url":"","contentUrl":""},{"@type":"BreadcrumbList","@id":"https:\/\/diarieducacio.cat\/rosasensat\/2017\/09\/12\/escola-equitativa-inclusiva-connectada-mon\/#breadcrumb","itemListElement":[{"@type":"ListItem","position":1,"name":"Inici","item":"https:\/\/diarieducacio.cat\/rosasensat\/"},{"@type":"ListItem","position":2,"name":"Per una escola equitativa, inclusiva i connectada al m\u00f3n"}]},{"@type":"WebSite","@id":"https:\/\/diarieducacio.cat\/rosasensat\/#website","url":"https:\/\/diarieducacio.cat\/rosasensat\/","name":"Blog de Rosa Sensat","description":"","potentialAction":[{"@type":"SearchAction","target":{"@type":"EntryPoint","urlTemplate":"https:\/\/diarieducacio.cat\/rosasensat\/?s={search_term_string}"},"query-input":{"@type":"PropertyValueSpecification","valueRequired":true,"valueName":"search_term_string"}}],"inLanguage":"ca"},{"@type":"Person","@id":"https:\/\/diarieducacio.cat\/rosasensat\/#\/schema\/person\/39293baef3d1fe95121c50d3014511c2","name":"Marta Pla i Llum\u00e0","image":{"@type":"ImageObject","inLanguage":"ca","@id":"https:\/\/diarieducacio.cat\/wp-content\/uploads\/2024\/11\/marta-pla-i-lluma_avatar-96x96.jpg","url":"https:\/\/diarieducacio.cat\/wp-content\/uploads\/2024\/11\/marta-pla-i-lluma_avatar-96x96.jpg","contentUrl":"https:\/\/diarieducacio.cat\/wp-content\/uploads\/2024\/11\/marta-pla-i-lluma_avatar-96x96.jpg","caption":"Marta Pla i Llum\u00e0"},"url":"https:\/\/diarieducacio.cat\/rosasensat\/author\/mpla\/"}]}},"_links":{"self":[{"href":"https:\/\/diarieducacio.cat\/rosasensat\/wp-json\/wp\/v2\/posts\/3264","targetHints":{"allow":["GET"]}}],"collection":[{"href":"https:\/\/diarieducacio.cat\/rosasensat\/wp-json\/wp\/v2\/posts"}],"about":[{"href":"https:\/\/diarieducacio.cat\/rosasensat\/wp-json\/wp\/v2\/types\/post"}],"author":[{"embeddable":true,"href":"https:\/\/diarieducacio.cat\/rosasensat\/wp-json\/wp\/v2\/users\/124"}],"replies":[{"embeddable":true,"href":"https:\/\/diarieducacio.cat\/rosasensat\/wp-json\/wp\/v2\/comments?post=3264"}],"version-history":[{"count":1,"href":"https:\/\/diarieducacio.cat\/rosasensat\/wp-json\/wp\/v2\/posts\/3264\/revisions"}],"predecessor-version":[{"id":3265,"href":"https:\/\/diarieducacio.cat\/rosasensat\/wp-json\/wp\/v2\/posts\/3264\/revisions\/3265"}],"wp:attachment":[{"href":"https:\/\/diarieducacio.cat\/rosasensat\/wp-json\/wp\/v2\/media?parent=3264"}],"wp:term":[{"taxonomy":"category","embeddable":true,"href":"https:\/\/diarieducacio.cat\/rosasensat\/wp-json\/wp\/v2\/categories?post=3264"},{"taxonomy":"post_tag","embeddable":true,"href":"https:\/\/diarieducacio.cat\/rosasensat\/wp-json\/wp\/v2\/tags?post=3264"},{"taxonomy":"tipo","embeddable":true,"href":"https:\/\/diarieducacio.cat\/rosasensat\/wp-json\/wp\/v2\/tipo?post=3264"}],"curies":[{"name":"wp","href":"https:\/\/api.w.org\/{rel}","templated":true}]}}