{"id":3268,"date":"2017-09-26T07:03:49","date_gmt":"2017-09-26T05:03:49","guid":{"rendered":"https:\/\/nostalgic-ishizaka.82-223-1-47.plesk.page\/rosasensat\/2017\/09\/26\/lescola-espai-llibertat-acolliment\/"},"modified":"2024-10-27T21:41:04","modified_gmt":"2024-10-27T20:41:04","slug":"lescola-espai-llibertat-acolliment","status":"publish","type":"post","link":"https:\/\/diarieducacio.cat\/rosasensat\/2017\/09\/26\/lescola-espai-llibertat-acolliment\/","title":{"rendered":"L&#8217;escola: espai de llibertat i acolliment"},"content":{"rendered":"<figure id=\"attachment_1317\" aria-describedby=\"caption-attachment-1317\" style=\"width: 2240px\" class=\"wp-caption aligncenter\"><a href=\"https:\/\/diarieducacio.cat\/rosasensat\/wp-content\/uploads\/sites\/9\/2017\/09\/3.jpg\"><img fetchpriority=\"high\" decoding=\"async\" class=\"wp-image-1317 size-full\" src=\"https:\/\/diarieducacio.cat\/rosasensat\/wp-content\/uploads\/sites\/9\/2017\/09\/3.jpg\" alt=\"\" width=\"2240\" height=\"1680\" \/><\/a><figcaption id=\"caption-attachment-1317\" class=\"wp-caption-text\">Foto: Clara Elias<\/figcaption><\/figure>\n<p>Els <strong>fets de les Rambles<\/strong> van oc\u00f3rrer el 17 d\u2019agost per\u00f2 \u00e9s un tema que no s\u2019esgota i que continuar\u00e0 afectant les nostres vides. Potser a algunes persones els provocar\u00e0 fins i tot algun trastorn<strong>. A les escoles i instituts no podem deixar-ho de banda.<\/strong> D\u2019una manera o altra, sense aclaparar, n\u2019hem de parlar: hem de permetre i animar que hom s\u2019expressi. <strong>El centre escolar ha de continuar sent un espai d\u2019acolliment i llibertat. <\/strong>I anar a contracorrent del que voldria imposar la societat i les administracions, que prefereixen que controlem i no que eduquem cr\u00edticament.<\/p>\n<p>Espai d\u2019acolliment i de llibertat vol dir que <strong>hom pot parlar de tot sense por, pot expressar el que sent i el que pensa sense haver de preocupar-se del que diran, del que pensaran de mi, del que \u00e9s pol\u00edticament correcte que es diu ara<\/strong>.<\/p>\n<p>En aquesta l\u00ednia cal posar en q\u00fcesti\u00f3 el <strong>PRODERAI (Prevenci\u00f3, detecci\u00f3 i intervenci\u00f3 de processos de radicalitzaci\u00f3 als centres educatius)<\/strong> dels Departaments d\u2019Ensenyament i Interior. No ajuda a la tasca que hem de fer. No \u00e9s aquest el cam\u00ed, no \u00e9s aquesta la nostra tasca. L\u2019escola no ha de criminalitzar a cap criatura. La tasca dels adults, dels educadors, \u00e9s ajudar a elaborar les emocions i els sentiments que puguin tenir l\u2019alumnat. Hem d\u2019acceptar tothom i promoure una educaci\u00f3 cr\u00edtica sense assenyalar a ning\u00fa per la seva religi\u00f3, les seves idees&#8230; Hem d\u2019ajudar a construir la identitat a infants i adolescents. La tasca consisteix en caminar vers la igualtat tot respectant les difer\u00e8ncies. Un cam\u00ed que ajuda a la inclusi\u00f3, a aconseguir que tothom tingui les mateixes oportunitats.<\/p>\n<blockquote><p>Llibertat vol dir poder parlar de tot. Res no \u00e9s ali\u00e8 als espais educatius<\/p><\/blockquote>\n<p>S<strong>ense oblidar la situaci\u00f3 social<\/strong>, l\u2019ambient i l\u2019entorn en que vivim. Fa uns cursos es parlava de l\u2019educaci\u00f3 per la ciutadania, per defensar el manteniment d\u2019aquesta assignatura que la LOMCE ha eliminat. Per\u00f2 <strong>\u00e9s previ que el nostre alumnat sigui ciutad\u00e0, que tingui tots els drets<\/strong> de ciutadania i diria que aquest no \u00e9s el cas d\u2019una part significativa dels infants i adolescents escolaritzats. La qual cosa fa m\u00e9s dif\u00edcil la nostra tasca i \u00e9s imprescindible que ho tinguem present i com a conseq\u00fc\u00e8ncia valorem la necessitat de comptar amb les altres inst\u00e0ncies i persones que treballen per l\u2019educaci\u00f3. <strong>Entre tots posarem m\u00e9s grans de sorra per la <\/strong><a href=\"http:\/\/www.blogrosasensat.org\/2017\/08\/profe-que-ha-passat.html\"><strong>inclusi\u00f3<\/strong><\/a><strong> de tothom en pla d\u2019igualtat<\/strong><\/p>\n<p><strong>Llibertat vol dir poder parlar de tot<\/strong>. Res no \u00e9s ali\u00e8 als espais educatius. Pot haver nois i noies que pensin que els de Ripoll s\u00f3n herois. Va passar fa uns quants anys quan l\u2019afer de les torres bessones, Ben Laden va ser considerat heroi per una part d\u2019alumnes. Hem d\u2019estar preparats per si es d\u00f3na la situaci\u00f3, afrontar-la, no amagar-la, no depreciar-la: <strong>L\u2019empatia hi ha de ser.<\/strong> Tant amb uns com altres: amb qui doni suport als de Ripoll i amb qui vulgui fer fora del pa\u00eds als estrangers, per posar els dos extrems possibles i, enmig, tota la diversitat de comportaments i actituds que trobem.<\/p>\n<blockquote><p>La comunitat escolar, petit exemple de la comunitat ciutadana i nacional, hauria d\u2019elaborar el dol col\u00b7lectivament perqu\u00e8 tota la comunitat ha viscut els fets terribles<\/p><\/blockquote>\n<figure id=\"attachment_1318\" aria-describedby=\"caption-attachment-1318\" style=\"width: 168px\" class=\"wp-caption alignleft\"><a href=\"https:\/\/diarieducacio.cat\/rosasensat\/wp-content\/uploads\/sites\/9\/2017\/09\/per-publicar.jpg\"><img decoding=\"async\" class=\"wp-image-1318 size-medium\" src=\"https:\/\/diarieducacio.cat\/rosasensat\/wp-content\/uploads\/sites\/9\/2017\/09\/per-publicar-168x300.jpg\" alt=\"\" width=\"168\" height=\"300\" \/><\/a><figcaption id=\"caption-attachment-1318\" class=\"wp-caption-text\">Foto: Clara Elias<\/figcaption><\/figure>\n<p>I ens hem d\u2019interrogar sobre tot el que va passar. <strong>Hom diu que hi va haver 16 v\u00edctimes mortals.<\/strong> <strong>Els sis nois morts amb l\u2019actuaci\u00f3 policial no s\u00f3n v\u00edctimes?<\/strong> \u00c9s un \u00e8xit haver-los matats, fins i tot el darrer quan ja estava tot sol? Hi ha qui ha parlat d\u2019execucions extrajudicials en un pa\u00eds on no hi ha pena de mort. <strong>No \u00e9s bo acceptar el verb<\/strong> <strong>abatre<\/strong> per referir-se a la mort dels presumptes terroristes. No \u00e9s un tema de ca\u00e7a major, no s\u2019ha matat un c\u00e9rvol sin\u00f3 una persona. No \u00e9s excusa que a d\u2019altres pa\u00efsos hagin fet el mateix i que la gran majoria de mitjans d\u2019informaci\u00f3 facin servir aquest verb.<\/p>\n<p>Aquest vocabulari pot ajudar a augmentar l\u2019odi als assassins. I si es consolida, pot provocar persones amb sentiments dolents, amb ganes de fer mal. <strong>No \u00e9s bo alegrar-se per la mort dels considerats enemics.<\/strong> L\u2019odi pot ser-hi present i hi hem de comptar a l\u2019hora d\u2019elaborar el dol que ha de ser individual i col\u00b7lectiu. <strong>La comunitat escolar, petit exemple de la comunitat ciutadana i nacional, hauria d\u2019elaborar el dol col\u00b7lectivament<\/strong> perqu\u00e8 tota la comunitat ha viscut els fets terribles.<\/p>\n<p>Tamb\u00e9 \u00e9s bo pensar, malgrat no sigui el tema m\u00e9s important, <strong>qu\u00e8 fem mantenint les religions dins de les aules.<\/strong> Les religions a les parr\u00f2quies, sinagogues, mesquites, oratoris, centres de culte&#8230; i no a les aules provocant divisions entre els membres de les diferents confessions i amb els no creients.<\/p>\n<p><strong>Escola espai d\u2019acolliment<\/strong>: relacions entre adults i infants o adolescents, relacions entre ells i elles&#8230; pr\u00e0ctica de l\u2019empatia, posar-se al lloc dels altres per diferents que pensem que siguin, que no ho s\u00f3n tant. Hi ha m\u00e9s elements d\u2019igualtat que de difer\u00e8ncia entre les persones. Hem de posar el nostre gra de sorra per ajudar a la inclusi\u00f3 de tothom. Recordar els valors que pretenem inculcar, igualtat, respecte&#8230; <strong>hem de continuar, ja ho f\u00e8iem, l\u2019escola no ha fallat, els espais educadors no han fallat&#8230; ha fallat una societat que dia a dia augmenta la desigualtat, augmenta la necessitat de competir per sobreviure.<\/strong> Que dia a dia minva l\u2019esperit de col\u00b7laboraci\u00f3, de solidaritat, les ganes d\u2019ajudar els altres. Que impedeix que l\u2019escola faci d\u2019ascensor social com feia fa anys. <strong>Un sistema econ\u00f2mic<\/strong> que vol controlar totes les fonts d\u2019energia al preu que sigui, i aix\u00f2 est\u00e0 <a href=\"http:\/\/diarieducacio.cat\/profe-qui-son-els-dolents\/\">provocant cont\u00ednues guerres<\/a> i la reacci\u00f3 dels que s\u00f3n agredits. L\u2019acolliment ens ajuda a elaborar les pors que puguem tenir (els adults tamb\u00e9 en tenim), sabent que la guerra continua i poden produir-se altres atemptats.<\/p>\n<p>A les aules cal <strong>mantenir l\u2019educaci\u00f3 intercultural, l\u2019educaci\u00f3 antiracista.<\/strong> Han augmentat els comportaments racistes arrels dels atemptats. L\u2019escola no \u00e9s un bolet i aix\u00f2 tamb\u00e9 pot passar a les aules i als patis. Per qu\u00e8 es fan minuts de silenci per v\u00edctimes europees i ens oblidem de les no europees? El professorat som membres de la societat i compartim virtuts i vicis, comportaments correctes i d\u2019altres que no ho s\u00f3n tant. Per tant caldr\u00e0 fer-hi atenci\u00f3; all\u00f2 que en d\u00e8iem el curr\u00edculum ocult, present a llibres i materials did\u00e0ctics, tamb\u00e9 ens ho hem d\u2019aplicar.<\/p>\n<p>A voltes els comportaments racistes, encara que siguin light, tamb\u00e9 se\u2019ns escapen a nosaltres, el subconscient ens pot jugar males passades; cal fixar-s\u2019hi. Acceptar l\u2019altra persona tal com \u00e9s i respectar-la, a vegades, no \u00e9s senzill. El racisme \u00e9s quelcom innat, potser per aix\u00f2 no valorem igual les v\u00edctimes europees i les no europees; <strong>l\u2019antiracisme \u00e9s fruit de l\u2019educaci\u00f3&#8230; aquesta \u00e9s una de les nostres tasques.<\/strong><\/p>\n<p>&nbsp;<\/p>\n","protected":false},"excerpt":{"rendered":"<p>Els fets de les Rambles van oc\u00f3rrer el 17 d\u2019agost per\u00f2 \u00e9s un tema que no s\u2019esgota i que continuar\u00e0 afectant les nostres vides. El centre escolar ha de continuar sent un espai d\u2019acolliment i llibertat. I ha d&#8217;anar a contracorrent del que voldria imposar la societat i les administracions, que prefereixen que controlem i no que eduquem cr\u00edticament.<\/p>\n","protected":false},"author":1,"featured_media":0,"comment_status":"open","ping_status":"open","sticky":false,"template":"","format":"standard","meta":{"footnotes":""},"categories":[100,104,2,200,201,202,125],"tags":[],"tipo":[],"class_list":{"0":"post-3268","1":"post","2":"type-post","3":"status-publish","4":"format-standard","6":"category-escola-publica","7":"category-formacio","8":"category-general","9":"category-llibertat","10":"category-radicalitzacio","11":"category-rambles","12":"category-solidaritat"},"yoast_head":"<!-- This site is optimized with the Yoast SEO plugin v27.4 - https:\/\/yoast.com\/product\/yoast-seo-wordpress\/ -->\n<title>L&#039;escola: espai de llibertat i acolliment - Blog de Rosa Sensat<\/title>\n<meta name=\"robots\" content=\"index, follow, max-snippet:-1, max-image-preview:large, max-video-preview:-1\" \/>\n<link rel=\"canonical\" href=\"https:\/\/diarieducacio.cat\/rosasensat\/2017\/09\/26\/lescola-espai-llibertat-acolliment\/\" \/>\n<meta property=\"og:locale\" content=\"ca_ES\" \/>\n<meta property=\"og:type\" content=\"article\" \/>\n<meta property=\"og:title\" content=\"L&#039;escola: espai de llibertat i acolliment - Blog de Rosa Sensat\" \/>\n<meta property=\"og:description\" content=\"Els fets de les Rambles van oc\u00f3rrer el 17 d\u2019agost per\u00f2 \u00e9s un tema que no s\u2019esgota i que continuar\u00e0 afectant les nostres vides. El centre escolar ha de continuar sent un espai d\u2019acolliment i llibertat. I ha d&#039;anar a contracorrent del que voldria imposar la societat i les administracions, que prefereixen que controlem i no que eduquem cr\u00edticament.\" \/>\n<meta property=\"og:url\" content=\"https:\/\/diarieducacio.cat\/rosasensat\/2017\/09\/26\/lescola-espai-llibertat-acolliment\/\" \/>\n<meta property=\"og:site_name\" content=\"Blog de Rosa Sensat\" \/>\n<meta property=\"article:published_time\" content=\"2017-09-26T05:03:49+00:00\" \/>\n<meta property=\"article:modified_time\" content=\"2024-10-27T20:41:04+00:00\" \/>\n<meta property=\"og:image\" content=\"https:\/\/diarieducacio.cat\/rosasensat\/wp-content\/uploads\/sites\/21\/2020\/05\/Obetura.jpg\" \/>\n\t<meta property=\"og:image:width\" content=\"1200\" \/>\n\t<meta property=\"og:image:height\" content=\"900\" \/>\n\t<meta property=\"og:image:type\" content=\"image\/jpeg\" \/>\n<meta name=\"author\" content=\"Redacci\u00f3\" \/>\n<meta name=\"twitter:card\" content=\"summary_large_image\" \/>\n<meta name=\"twitter:label1\" content=\"Escrit per\" \/>\n\t<meta name=\"twitter:data1\" content=\"Redacci\u00f3\" \/>\n\t<meta name=\"twitter:label2\" content=\"Temps estimat de lectura\" \/>\n\t<meta name=\"twitter:data2\" content=\"6 minuts\" \/>\n<script type=\"application\/ld+json\" class=\"yoast-schema-graph\">{\"@context\":\"https:\\\/\\\/schema.org\",\"@graph\":[{\"@type\":\"Article\",\"@id\":\"https:\\\/\\\/diarieducacio.cat\\\/rosasensat\\\/2017\\\/09\\\/26\\\/lescola-espai-llibertat-acolliment\\\/#article\",\"isPartOf\":{\"@id\":\"https:\\\/\\\/diarieducacio.cat\\\/rosasensat\\\/2017\\\/09\\\/26\\\/lescola-espai-llibertat-acolliment\\\/\"},\"author\":{\"name\":\"Redacci\u00f3\",\"@id\":\"https:\\\/\\\/diarieducacio.cat\\\/rosasensat\\\/#\\\/schema\\\/person\\\/04093d1227f1b01952d6187a5be57900\"},\"headline\":\"L&#8217;escola: espai de llibertat i acolliment\",\"datePublished\":\"2017-09-26T05:03:49+00:00\",\"dateModified\":\"2024-10-27T20:41:04+00:00\",\"mainEntityOfPage\":{\"@id\":\"https:\\\/\\\/diarieducacio.cat\\\/rosasensat\\\/2017\\\/09\\\/26\\\/lescola-espai-llibertat-acolliment\\\/\"},\"wordCount\":1236,\"commentCount\":0,\"image\":{\"@id\":\"https:\\\/\\\/diarieducacio.cat\\\/rosasensat\\\/2017\\\/09\\\/26\\\/lescola-espai-llibertat-acolliment\\\/#primaryimage\"},\"thumbnailUrl\":\"https:\\\/\\\/diarieducacio.cat\\\/rosasensat\\\/wp-content\\\/uploads\\\/sites\\\/9\\\/2017\\\/09\\\/3.jpg\",\"articleSection\":[\"Escola p\u00fablica\",\"Formaci\u00f3\",\"General\",\"llibertat\",\"Radicalitzaci\u00f3\",\"Rambles\",\"solidaritat\"],\"inLanguage\":\"ca\",\"potentialAction\":[{\"@type\":\"CommentAction\",\"name\":\"Comment\",\"target\":[\"https:\\\/\\\/diarieducacio.cat\\\/rosasensat\\\/2017\\\/09\\\/26\\\/lescola-espai-llibertat-acolliment\\\/#respond\"]}]},{\"@type\":\"WebPage\",\"@id\":\"https:\\\/\\\/diarieducacio.cat\\\/rosasensat\\\/2017\\\/09\\\/26\\\/lescola-espai-llibertat-acolliment\\\/\",\"url\":\"https:\\\/\\\/diarieducacio.cat\\\/rosasensat\\\/2017\\\/09\\\/26\\\/lescola-espai-llibertat-acolliment\\\/\",\"name\":\"L'escola: espai de llibertat i acolliment - Blog de Rosa Sensat\",\"isPartOf\":{\"@id\":\"https:\\\/\\\/diarieducacio.cat\\\/rosasensat\\\/#website\"},\"primaryImageOfPage\":{\"@id\":\"https:\\\/\\\/diarieducacio.cat\\\/rosasensat\\\/2017\\\/09\\\/26\\\/lescola-espai-llibertat-acolliment\\\/#primaryimage\"},\"image\":{\"@id\":\"https:\\\/\\\/diarieducacio.cat\\\/rosasensat\\\/2017\\\/09\\\/26\\\/lescola-espai-llibertat-acolliment\\\/#primaryimage\"},\"thumbnailUrl\":\"https:\\\/\\\/diarieducacio.cat\\\/rosasensat\\\/wp-content\\\/uploads\\\/sites\\\/9\\\/2017\\\/09\\\/3.jpg\",\"datePublished\":\"2017-09-26T05:03:49+00:00\",\"dateModified\":\"2024-10-27T20:41:04+00:00\",\"author\":{\"@id\":\"https:\\\/\\\/diarieducacio.cat\\\/rosasensat\\\/#\\\/schema\\\/person\\\/04093d1227f1b01952d6187a5be57900\"},\"breadcrumb\":{\"@id\":\"https:\\\/\\\/diarieducacio.cat\\\/rosasensat\\\/2017\\\/09\\\/26\\\/lescola-espai-llibertat-acolliment\\\/#breadcrumb\"},\"inLanguage\":\"ca\",\"potentialAction\":[{\"@type\":\"ReadAction\",\"target\":[\"https:\\\/\\\/diarieducacio.cat\\\/rosasensat\\\/2017\\\/09\\\/26\\\/lescola-espai-llibertat-acolliment\\\/\"]}]},{\"@type\":\"ImageObject\",\"inLanguage\":\"ca\",\"@id\":\"https:\\\/\\\/diarieducacio.cat\\\/rosasensat\\\/2017\\\/09\\\/26\\\/lescola-espai-llibertat-acolliment\\\/#primaryimage\",\"url\":\"https:\\\/\\\/diarieducacio.cat\\\/rosasensat\\\/wp-content\\\/uploads\\\/sites\\\/9\\\/2017\\\/09\\\/3.jpg\",\"contentUrl\":\"https:\\\/\\\/diarieducacio.cat\\\/rosasensat\\\/wp-content\\\/uploads\\\/sites\\\/9\\\/2017\\\/09\\\/3.jpg\"},{\"@type\":\"BreadcrumbList\",\"@id\":\"https:\\\/\\\/diarieducacio.cat\\\/rosasensat\\\/2017\\\/09\\\/26\\\/lescola-espai-llibertat-acolliment\\\/#breadcrumb\",\"itemListElement\":[{\"@type\":\"ListItem\",\"position\":1,\"name\":\"Inici\",\"item\":\"https:\\\/\\\/diarieducacio.cat\\\/rosasensat\\\/\"},{\"@type\":\"ListItem\",\"position\":2,\"name\":\"L&#8217;escola: espai de llibertat i acolliment\"}]},{\"@type\":\"WebSite\",\"@id\":\"https:\\\/\\\/diarieducacio.cat\\\/rosasensat\\\/#website\",\"url\":\"https:\\\/\\\/diarieducacio.cat\\\/rosasensat\\\/\",\"name\":\"Blog de Rosa Sensat\",\"description\":\"\",\"potentialAction\":[{\"@type\":\"SearchAction\",\"target\":{\"@type\":\"EntryPoint\",\"urlTemplate\":\"https:\\\/\\\/diarieducacio.cat\\\/rosasensat\\\/?s={search_term_string}\"},\"query-input\":{\"@type\":\"PropertyValueSpecification\",\"valueRequired\":true,\"valueName\":\"search_term_string\"}}],\"inLanguage\":\"ca\"},{\"@type\":\"Person\",\"@id\":\"https:\\\/\\\/diarieducacio.cat\\\/rosasensat\\\/#\\\/schema\\\/person\\\/04093d1227f1b01952d6187a5be57900\",\"name\":\"Redacci\u00f3\",\"image\":{\"@type\":\"ImageObject\",\"inLanguage\":\"ca\",\"@id\":\"https:\\\/\\\/secure.gravatar.com\\\/avatar\\\/e952ad62e08be1daabaefebd12d26c1e5fbfd687693aaa066db2433a21638ad8?s=96&d=mm&r=g\",\"url\":\"https:\\\/\\\/secure.gravatar.com\\\/avatar\\\/e952ad62e08be1daabaefebd12d26c1e5fbfd687693aaa066db2433a21638ad8?s=96&d=mm&r=g\",\"contentUrl\":\"https:\\\/\\\/secure.gravatar.com\\\/avatar\\\/e952ad62e08be1daabaefebd12d26c1e5fbfd687693aaa066db2433a21638ad8?s=96&d=mm&r=g\",\"caption\":\"Redacci\u00f3\"},\"url\":\"https:\\\/\\\/diarieducacio.cat\\\/rosasensat\\\/author\\\/npenin\\\/\"}]}<\/script>\n<!-- \/ Yoast SEO plugin. -->","yoast_head_json":{"title":"L'escola: espai de llibertat i acolliment - Blog de Rosa Sensat","robots":{"index":"index","follow":"follow","max-snippet":"max-snippet:-1","max-image-preview":"max-image-preview:large","max-video-preview":"max-video-preview:-1"},"canonical":"https:\/\/diarieducacio.cat\/rosasensat\/2017\/09\/26\/lescola-espai-llibertat-acolliment\/","og_locale":"ca_ES","og_type":"article","og_title":"L'escola: espai de llibertat i acolliment - Blog de Rosa Sensat","og_description":"Els fets de les Rambles van oc\u00f3rrer el 17 d\u2019agost per\u00f2 \u00e9s un tema que no s\u2019esgota i que continuar\u00e0 afectant les nostres vides. El centre escolar ha de continuar sent un espai d\u2019acolliment i llibertat. I ha d'anar a contracorrent del que voldria imposar la societat i les administracions, que prefereixen que controlem i no que eduquem cr\u00edticament.","og_url":"https:\/\/diarieducacio.cat\/rosasensat\/2017\/09\/26\/lescola-espai-llibertat-acolliment\/","og_site_name":"Blog de Rosa Sensat","article_published_time":"2017-09-26T05:03:49+00:00","article_modified_time":"2024-10-27T20:41:04+00:00","og_image":[{"width":1200,"height":900,"url":"https:\/\/diarieducacio.cat\/rosasensat\/wp-content\/uploads\/sites\/21\/2020\/05\/Obetura.jpg","type":"image\/jpeg"}],"author":"Redacci\u00f3","twitter_card":"summary_large_image","twitter_misc":{"Escrit per":"Redacci\u00f3","Temps estimat de lectura":"6 minuts"},"schema":{"@context":"https:\/\/schema.org","@graph":[{"@type":"Article","@id":"https:\/\/diarieducacio.cat\/rosasensat\/2017\/09\/26\/lescola-espai-llibertat-acolliment\/#article","isPartOf":{"@id":"https:\/\/diarieducacio.cat\/rosasensat\/2017\/09\/26\/lescola-espai-llibertat-acolliment\/"},"author":{"name":"Redacci\u00f3","@id":"https:\/\/diarieducacio.cat\/rosasensat\/#\/schema\/person\/04093d1227f1b01952d6187a5be57900"},"headline":"L&#8217;escola: espai de llibertat i acolliment","datePublished":"2017-09-26T05:03:49+00:00","dateModified":"2024-10-27T20:41:04+00:00","mainEntityOfPage":{"@id":"https:\/\/diarieducacio.cat\/rosasensat\/2017\/09\/26\/lescola-espai-llibertat-acolliment\/"},"wordCount":1236,"commentCount":0,"image":{"@id":"https:\/\/diarieducacio.cat\/rosasensat\/2017\/09\/26\/lescola-espai-llibertat-acolliment\/#primaryimage"},"thumbnailUrl":"https:\/\/diarieducacio.cat\/rosasensat\/wp-content\/uploads\/sites\/9\/2017\/09\/3.jpg","articleSection":["Escola p\u00fablica","Formaci\u00f3","General","llibertat","Radicalitzaci\u00f3","Rambles","solidaritat"],"inLanguage":"ca","potentialAction":[{"@type":"CommentAction","name":"Comment","target":["https:\/\/diarieducacio.cat\/rosasensat\/2017\/09\/26\/lescola-espai-llibertat-acolliment\/#respond"]}]},{"@type":"WebPage","@id":"https:\/\/diarieducacio.cat\/rosasensat\/2017\/09\/26\/lescola-espai-llibertat-acolliment\/","url":"https:\/\/diarieducacio.cat\/rosasensat\/2017\/09\/26\/lescola-espai-llibertat-acolliment\/","name":"L'escola: espai de llibertat i acolliment - Blog de Rosa Sensat","isPartOf":{"@id":"https:\/\/diarieducacio.cat\/rosasensat\/#website"},"primaryImageOfPage":{"@id":"https:\/\/diarieducacio.cat\/rosasensat\/2017\/09\/26\/lescola-espai-llibertat-acolliment\/#primaryimage"},"image":{"@id":"https:\/\/diarieducacio.cat\/rosasensat\/2017\/09\/26\/lescola-espai-llibertat-acolliment\/#primaryimage"},"thumbnailUrl":"https:\/\/diarieducacio.cat\/rosasensat\/wp-content\/uploads\/sites\/9\/2017\/09\/3.jpg","datePublished":"2017-09-26T05:03:49+00:00","dateModified":"2024-10-27T20:41:04+00:00","author":{"@id":"https:\/\/diarieducacio.cat\/rosasensat\/#\/schema\/person\/04093d1227f1b01952d6187a5be57900"},"breadcrumb":{"@id":"https:\/\/diarieducacio.cat\/rosasensat\/2017\/09\/26\/lescola-espai-llibertat-acolliment\/#breadcrumb"},"inLanguage":"ca","potentialAction":[{"@type":"ReadAction","target":["https:\/\/diarieducacio.cat\/rosasensat\/2017\/09\/26\/lescola-espai-llibertat-acolliment\/"]}]},{"@type":"ImageObject","inLanguage":"ca","@id":"https:\/\/diarieducacio.cat\/rosasensat\/2017\/09\/26\/lescola-espai-llibertat-acolliment\/#primaryimage","url":"https:\/\/diarieducacio.cat\/rosasensat\/wp-content\/uploads\/sites\/9\/2017\/09\/3.jpg","contentUrl":"https:\/\/diarieducacio.cat\/rosasensat\/wp-content\/uploads\/sites\/9\/2017\/09\/3.jpg"},{"@type":"BreadcrumbList","@id":"https:\/\/diarieducacio.cat\/rosasensat\/2017\/09\/26\/lescola-espai-llibertat-acolliment\/#breadcrumb","itemListElement":[{"@type":"ListItem","position":1,"name":"Inici","item":"https:\/\/diarieducacio.cat\/rosasensat\/"},{"@type":"ListItem","position":2,"name":"L&#8217;escola: espai de llibertat i acolliment"}]},{"@type":"WebSite","@id":"https:\/\/diarieducacio.cat\/rosasensat\/#website","url":"https:\/\/diarieducacio.cat\/rosasensat\/","name":"Blog de Rosa Sensat","description":"","potentialAction":[{"@type":"SearchAction","target":{"@type":"EntryPoint","urlTemplate":"https:\/\/diarieducacio.cat\/rosasensat\/?s={search_term_string}"},"query-input":{"@type":"PropertyValueSpecification","valueRequired":true,"valueName":"search_term_string"}}],"inLanguage":"ca"},{"@type":"Person","@id":"https:\/\/diarieducacio.cat\/rosasensat\/#\/schema\/person\/04093d1227f1b01952d6187a5be57900","name":"Redacci\u00f3","image":{"@type":"ImageObject","inLanguage":"ca","@id":"https:\/\/secure.gravatar.com\/avatar\/e952ad62e08be1daabaefebd12d26c1e5fbfd687693aaa066db2433a21638ad8?s=96&d=mm&r=g","url":"https:\/\/secure.gravatar.com\/avatar\/e952ad62e08be1daabaefebd12d26c1e5fbfd687693aaa066db2433a21638ad8?s=96&d=mm&r=g","contentUrl":"https:\/\/secure.gravatar.com\/avatar\/e952ad62e08be1daabaefebd12d26c1e5fbfd687693aaa066db2433a21638ad8?s=96&d=mm&r=g","caption":"Redacci\u00f3"},"url":"https:\/\/diarieducacio.cat\/rosasensat\/author\/npenin\/"}]}},"_links":{"self":[{"href":"https:\/\/diarieducacio.cat\/rosasensat\/wp-json\/wp\/v2\/posts\/3268","targetHints":{"allow":["GET"]}}],"collection":[{"href":"https:\/\/diarieducacio.cat\/rosasensat\/wp-json\/wp\/v2\/posts"}],"about":[{"href":"https:\/\/diarieducacio.cat\/rosasensat\/wp-json\/wp\/v2\/types\/post"}],"author":[{"embeddable":true,"href":"https:\/\/diarieducacio.cat\/rosasensat\/wp-json\/wp\/v2\/users\/1"}],"replies":[{"embeddable":true,"href":"https:\/\/diarieducacio.cat\/rosasensat\/wp-json\/wp\/v2\/comments?post=3268"}],"version-history":[{"count":1,"href":"https:\/\/diarieducacio.cat\/rosasensat\/wp-json\/wp\/v2\/posts\/3268\/revisions"}],"predecessor-version":[{"id":3269,"href":"https:\/\/diarieducacio.cat\/rosasensat\/wp-json\/wp\/v2\/posts\/3268\/revisions\/3269"}],"wp:attachment":[{"href":"https:\/\/diarieducacio.cat\/rosasensat\/wp-json\/wp\/v2\/media?parent=3268"}],"wp:term":[{"taxonomy":"category","embeddable":true,"href":"https:\/\/diarieducacio.cat\/rosasensat\/wp-json\/wp\/v2\/categories?post=3268"},{"taxonomy":"post_tag","embeddable":true,"href":"https:\/\/diarieducacio.cat\/rosasensat\/wp-json\/wp\/v2\/tags?post=3268"},{"taxonomy":"tipo","embeddable":true,"href":"https:\/\/diarieducacio.cat\/rosasensat\/wp-json\/wp\/v2\/tipo?post=3268"}],"curies":[{"name":"wp","href":"https:\/\/api.w.org\/{rel}","templated":true}]}}