{"id":3288,"date":"2017-12-04T07:11:02","date_gmt":"2017-12-04T06:11:02","guid":{"rendered":"https:\/\/nostalgic-ishizaka.82-223-1-47.plesk.page\/rosasensat\/2017\/12\/04\/compartir-es-creixer\/"},"modified":"2024-10-27T21:41:48","modified_gmt":"2024-10-27T20:41:48","slug":"compartir-es-creixer","status":"publish","type":"post","link":"https:\/\/diarieducacio.cat\/rosasensat\/2017\/12\/04\/compartir-es-creixer\/","title":{"rendered":"Compartir \u00e9s cr\u00e9ixer"},"content":{"rendered":"<figure style=\"width: 640px\" class=\"wp-caption alignnone\"><a href=\"https:\/\/1.bp.blogspot.com\/-WF4LWOmE-3o\/Wh7eRoiqh2I\/AAAAAAAABdE\/8iO36iCfOrUocXNeK1oRcZaNLco_7xNGwCEwYBhgL\/s1600\/06-visita%2Bgrup%2BGarrotxa%2Bi%2BMatar%25C3%25B3.jpg\"><img fetchpriority=\"high\" decoding=\"async\" src=\"https:\/\/nostalgic-ishizaka.82-223-1-47.plesk.page\/rosasensat\/wp-content\/uploads\/sites\/21\/2024\/10\/06-visitagrupGarrotxaiMatarC3B3.jpg\" alt=\"\" width=\"640\" height=\"480\" border=\"0\" data-original-width=\"1296\" data-original-height=\"972\" \/><\/a><figcaption class=\"wp-caption-text\">Visita d&#8217;un grup de mestres de la Garrotxa i Matar\u00f3 a l&#8217;escola bressol municipal Sant Nicolau de Llavaneres.<\/figcaption><\/figure>\n<p>Cinc persones que s\u2019han aixecat ben d\u2019hora d\u2019un mat\u00ed de tardor omplen un cotxe\u00a0 amb la calefacci\u00f3 posada tot i que les mans i els peus continuen gla\u00e7ats. Despr\u00e9s de rectificar diverses vegades la ruta,\u00a0 guiats per un GPS que sembla no tenir-la massa clara, veuen un edifici gran ple de finestres i ciment, amb pistes esportives, algun arbre, uns troncs alineats a terra i una estructura feta amb unes plantes que s\u2019entrellacen buscant-se i deixant intuir a les cinc ocupants que aquell pot ser el seu dest\u00ed.<\/p>\n<p>Comen\u00e7a a brollar la il\u00b7lusi\u00f3 dins del cotxe, en el que tot just ara, quan ja ha passat m\u00e9s d\u2019una hora i mitja de viatge, es nota l\u2019escalfor. Despr\u00e9s de fer unes quantes voltes abans d\u2019aparcar, caminen juntes mirant cap a l\u2019interior dels murs i les baranes, buscant quelcom que les ajudi a refor\u00e7ar la idea de per qu\u00e8 estan all\u00e0\u2026 Un cistell al costat de la porta, uns arbres que donen una lli\u00e7\u00f3 clara i contundent de l\u2019\u00e8poca de l\u2019any en qu\u00e8 es troben, oferint una gamma de colors infinita, vidreres grans sense cap tipus de decoraci\u00f3 enganxada\u2026 m\u00e0xima expectaci\u00f3.<\/p>\n<p>Entren a una cafeteria que hi ha molt a prop, o ho intenten, doncs est\u00e0 absolutament plena i desbordada per una multitud de persones, la majoria dones, que parlen, prenen alguna beguda calenta i mengen amb presses. Veuen cares amb una falta evident de son, de cansament f\u00edsic i psicol\u00f2gic despr\u00e9s d\u2019una setmana plena de moments intensos, alguns agradables i satisfactoris, d\u2019altres plens de tensi\u00f3&#8230; Per\u00f2 tamb\u00e9 amb una actitud d\u2019expectaci\u00f3 i il\u00b7lusi\u00f3, de rialles nervioses&#8230;<\/p>\n<p>Davant d\u2019elles, entra una parella de persones d\u2019uns 75 anys que cada mat\u00ed van a esmorzar i que veuen que la taula on seuen sempre est\u00e0 ocupada&#8230;\u00a0 \u00a0\u2013 \u201cQu\u00e8 fa tota aquesta gent aqu\u00ed?\u201d &#8211; pregunten. El cambrer, entre corredisses, alhora que prepara un tallat i un caf\u00e8 descafe\u00efnat de m\u00e0quina amb llet desnatada, recull uns plats de la barra i intenta cobrar a deu persones per separat el que han consumit, els saluda amb un gran\u00a0 somriure: -\u201cBon dia parella! Heu vist quina gentada? Es veu que venen a visitar l\u2019escola&#8230;\u201d.<\/p>\n<p>Quin \u00e9s el motiu pel qual tantes persones del col\u00b7lectiu de mestres ens mobilitzem en un dia festiu, sense obligaci\u00f3 ni cap tipus de remuneraci\u00f3, per visitar una escola? Quina estranya for\u00e7a interna ens empeny a buscar, visitar, con\u00e8ixer altres realitats educatives?<\/p>\n<p>En un temps de canvis socials, pol\u00edtics i educatius profunds com el que vivim, sembla que cada vegada som m\u00e9s conscients de quina \u00e9s la nostra zona de confort. Estem desenvolupant la capacitat per entendre que la realitat que coneixem i vivim dia a dia, cal ser observada i revisada, per poder-la millorar a trav\u00e9s de la reflexi\u00f3, fins al punt de convertir-se en una necessitat per sortir d\u2019una confortabilitat tranquil\u2022la, mon\u00f2tona i sovint avorrida.<\/p>\n<blockquote class=\"tr_bq\"><p><b>Volem millorar, tenim l\u2019actitud, i busquem escoles, projectes i equips que pensem que ja han fet un cam\u00ed que nosaltres encara, ni tan sols hem imaginat<\/b><\/p><\/blockquote>\n<p>Hem passat molt temps, massa fins i tot, dedicant esfor\u00e7os individuals i personals a visitar altres pa\u00efsos (It\u00e0lia, Hongria, Alemanya&#8230;) amb experi\u00e8ncies educatives afian\u00e7ades i estables, que ens han servit d\u2019inspiraci\u00f3 i de refer\u00e8ncia, a partir de les quals replantejar-nos les pr\u00f2pies pr\u00e0ctiques. Per\u00f2 aquestes experi\u00e8ncies s\u2019han creat en un context f\u00edsic i social i unes condicions molt concretes&#8230; I aix\u00f2 ha servit a vegades com a excusa per fer una valoraci\u00f3 negativa respecte de la possible \u201caplicaci\u00f3\u201d d\u2019all\u00f2 observat i viscut: \u201c\u00c9s qu\u00e8 hi ha dos mestres per aula!\u201d, \u201cJa voldr\u00edem nosaltres aquestes r\u00e0tios\u201d, \u201cQuins espais exteriors! Nosaltres nom\u00e9s tenim ciment!\u201d&#8230; Sempre hi ha elements que ens poden frenar les ganes de canviar la nostra realitat, que intenten fer-nos desistir d\u2019una necess\u00e0ria i rica actitud positiva i proactiva, que cada vegada m\u00e9s, identifica el nostre col\u00b7lectiu.<\/p>\n<p>Anem aprenent que buscar \u201creceptes\u201d concretes, no \u00e9s el m\u00e9s important, que el que realment \u00e9s interessant \u00e9s la recerca d\u2019est\u00edmuls per confrontar-los amb les altres persones de l\u2019equip, per tal que ens ajudin a construir nous criteris a partir dels que tornar a observar la pr\u00f2pia realitat amb una nova mirada, una nova actitud. Una transformaci\u00f3 que no nom\u00e9s \u00e9s professional, perqu\u00e8 com b\u00e9 diu en Joan Carles M\u00e8lich (2006): \u201cQui no es transforma en la formaci\u00f3\u00a0 nom\u00e9s s\u2019informa.\u201d Quan\u00a0 aquesta recerca es fa en solitari, les possibilitats reals que provoquin canvis en el si del projecte educatiu de l\u2019escola \u00e9s molt parcial i limitat, per\u00f2 quan es converteix en una experi\u00e8ncia compartida amb altres persones de l\u2019equip, genera unes din\u00e0miques de reflexi\u00f3 constant que fan remoure, a trav\u00e9s de la discussi\u00f3 i la confrontaci\u00f3, els fonaments \u201creals\u201d sobre els que constru\u00efm la nostra pr\u00e0ctica di\u00e0ria.<\/p>\n<table class=\"tr-caption-container\" cellspacing=\"0\" cellpadding=\"0\">\n<tbody>\n<tr>\n<td><a href=\"https:\/\/3.bp.blogspot.com\/-amCSHoD6oQs\/Wh7eQrXgjzI\/AAAAAAAABdE\/WgZO36xmuAEOOjwkOILasza5j1_JKF7GgCEwYBhgL\/s1600\/03-visita%2Beb%2BElna%2Bi%2BMenuts.jpg\"><img decoding=\"async\" src=\"https:\/\/nostalgic-ishizaka.82-223-1-47.plesk.page\/rosasensat\/wp-content\/uploads\/sites\/21\/2024\/10\/03-visitaebElnaiMenuts.jpg\" width=\"640\" height=\"480\" border=\"0\" data-original-width=\"1600\" data-original-height=\"1200\" \/><\/a><\/td>\n<\/tr>\n<tr>\n<td class=\"tr-caption\"><b>Visita eb Elna i Menuts<\/b><\/td>\n<\/tr>\n<\/tbody>\n<\/table>\n<p>Per\u00f2 no ens cal anar tan lluny per con\u00e8ixer experi\u00e8ncies educatives riques i din\u00e0miques. A casa nostra en tenim molt\u00edssims exemples d\u2019equips de mestres que treballen dia a dia amb dignitat i coher\u00e8ncia, malgrat les dures condicions en qu\u00e8 sovint es troben, guiats per la convicci\u00f3 que hi ha una altra forma possible d\u2019entendre l\u2019escola i la societat.<\/p>\n<blockquote class=\"tr_bq\"><p><b>Hem de vetllar per tal que en el moment \u201cd\u2019organitzar\u201d o \u201canar a fer\u201d una visita, no es descontextualitzi ni de l\u2019entorn en qu\u00e8 est\u00e0 ubicat, ni de l\u2019evoluci\u00f3 de la que \u00e9s fruit, doncs en aquests processos canviants i din\u00e0mics \u00e9s sovint on recau el valor i la ra\u00f3 de ser del projecte educatiu<\/b><\/p><\/blockquote>\n<p>D\u2019altra banda, fa un cert temps semblava que nom\u00e9s hi havia la possibilitat de con\u00e8ixer alguns projectes de determinades escoles que oferien la seva experi\u00e8ncia amb la confian\u00e7a i la seguretat necess\u00e0ria com per obrir les portes a persones externes, per mostrar-se, explicar-se i justificar-se davant dels altres.<\/p>\n<p>Cada vegada m\u00e9s, els equips de mestres de diferents escoles estan passant per un proc\u00e9s d\u2019empoderament, en qu\u00e8 es veuen capa\u00e7os de mostrar la seva realitat. Per\u00f2 hi ha una actitud que he pogut observar en determinades persones o equips que em fa patir especialment, que s\u2019allunya de la que crec que hauria de ser una constant en la nostra professi\u00f3: La humilitat. Caldria ser fidels a la realitat, honestos i transparents, saber qui som, quin \u00e9s el cam\u00ed que hem recorregut fins a arribar on estem, identificant i mostrant quines han sigut i s\u00f3n les dificultats que tenim, aix\u00ed com les potencialitats que ens permeten avan\u00e7ar. Viure l\u2019escola des de la humilitat que ens proporciona el saber que el nostre projecte \u00e9s quelcom en construcci\u00f3, perqu\u00e8 es construeix cada dia, doncs la realitat \u00e9s incerta, viva i canviant.<\/p>\n<p>En aquesta din\u00e0mica de constants visites s\u2019obren molts interrogants: Nom\u00e9s cal visitar les \u201cescoles-bandera\u201d amb projectes molt definits? \u00c9s l\u00edcit cobrar per oferir la possibilitat de visitar l\u2019escola?\u00a0 I si ho fem&#8230; som conscients del que estem oferint? Quin temps es dedica a \u201cvisitar\u201d i quin a \u201creflexionar\u201d? Qu\u00e8 determina que un projecte o escola es \u201cpugui\u201d compartir? Interrogants que espero que obrin noves discussions i que ofereixin la possibilitat de generar debats.<\/p>\n<p>Tinguem la certesa que obrir les portes de la nostra escola o visitar-ne d\u2019altres s\u00f3n grans oportunitats per reflexionar sobre els principis sobre els quals es construeix la nostra pr\u00e0ctica, a trav\u00e9s de la mirada i l\u2019experi\u00e8ncia de totes i cada una de les persones amb qu\u00e8 ens trobem, perqu\u00e8 compartir \u00e9s cr\u00e9ixer.<\/p>\n","protected":false},"excerpt":{"rendered":"<p>Hem de vetllar per tal que en el moment &#8220;d\u2019organitzar\u201d o \u201canar a fer\u201d una visita, no es descontextualitzi ni de l\u2019entorn en qu\u00e8 est\u00e0 ubicat, ni de l\u2019evoluci\u00f3 de la que \u00e9s fruit, doncs en aquests processos canviants i din\u00e0mics \u00e9s sovint on recau el valor i la ra\u00f3 de ser del projecte educatiu.<\/p>\n","protected":false},"author":571,"featured_media":3292,"comment_status":"open","ping_status":"open","sticky":false,"template":"","format":"standard","meta":{"footnotes":""},"categories":[173,102,104,2],"tags":[],"tipo":[],"class_list":{"0":"post-3288","1":"post","2":"type-post","3":"status-publish","4":"format-standard","5":"has-post-thumbnail","7":"category-0-3","8":"category-bressol","9":"category-formacio","10":"category-general"},"yoast_head":"<!-- This site is optimized with the Yoast SEO plugin v27.4 - https:\/\/yoast.com\/product\/yoast-seo-wordpress\/ -->\n<title>Compartir \u00e9s cr\u00e9ixer - Blog de Rosa Sensat<\/title>\n<meta name=\"robots\" content=\"index, follow, max-snippet:-1, max-image-preview:large, max-video-preview:-1\" \/>\n<link rel=\"canonical\" href=\"https:\/\/diarieducacio.cat\/rosasensat\/2017\/12\/04\/compartir-es-creixer\/\" \/>\n<meta property=\"og:locale\" content=\"ca_ES\" \/>\n<meta property=\"og:type\" content=\"article\" \/>\n<meta property=\"og:title\" content=\"Compartir \u00e9s cr\u00e9ixer - Blog de Rosa Sensat\" \/>\n<meta property=\"og:description\" content=\"Hem de vetllar per tal que en el moment &quot;d\u2019organitzar\u201d o \u201canar a fer\u201d una visita, no es descontextualitzi ni de l\u2019entorn en qu\u00e8 est\u00e0 ubicat, ni de l\u2019evoluci\u00f3 de la que \u00e9s fruit, doncs en aquests processos canviants i din\u00e0mics \u00e9s sovint on recau el valor i la ra\u00f3 de ser del projecte educatiu.\" \/>\n<meta property=\"og:url\" content=\"https:\/\/diarieducacio.cat\/rosasensat\/2017\/12\/04\/compartir-es-creixer\/\" \/>\n<meta property=\"og:site_name\" content=\"Blog de Rosa Sensat\" \/>\n<meta property=\"article:published_time\" content=\"2017-12-04T06:11:02+00:00\" \/>\n<meta property=\"article:modified_time\" content=\"2024-10-27T20:41:48+00:00\" \/>\n<meta property=\"og:image\" content=\"https:\/\/diarieducacio.cat\/rosasensat\/wp-content\/uploads\/sites\/21\/2024\/10\/06-visita-grup-Garrotxa-i-Mataro.jpg\" \/>\n\t<meta property=\"og:image:width\" content=\"1296\" \/>\n\t<meta property=\"og:image:height\" content=\"972\" \/>\n\t<meta property=\"og:image:type\" content=\"image\/jpeg\" \/>\n<meta name=\"author\" content=\"Antonio A. M\u00e1rquez Ord\u00f3\u00f1ez\" \/>\n<meta name=\"twitter:card\" content=\"summary_large_image\" \/>\n<meta name=\"twitter:label1\" content=\"Escrit per\" \/>\n\t<meta name=\"twitter:data1\" content=\"Antonio A. M\u00e1rquez Ord\u00f3\u00f1ez\" \/>\n\t<meta name=\"twitter:label2\" content=\"Temps estimat de lectura\" \/>\n\t<meta name=\"twitter:data2\" content=\"7 minuts\" \/>\n<script type=\"application\/ld+json\" class=\"yoast-schema-graph\">{\"@context\":\"https:\\\/\\\/schema.org\",\"@graph\":[{\"@type\":\"Article\",\"@id\":\"https:\\\/\\\/diarieducacio.cat\\\/rosasensat\\\/2017\\\/12\\\/04\\\/compartir-es-creixer\\\/#article\",\"isPartOf\":{\"@id\":\"https:\\\/\\\/diarieducacio.cat\\\/rosasensat\\\/2017\\\/12\\\/04\\\/compartir-es-creixer\\\/\"},\"author\":{\"name\":\"Antonio A. M\u00e1rquez Ord\u00f3\u00f1ez\",\"@id\":\"https:\\\/\\\/diarieducacio.cat\\\/rosasensat\\\/#\\\/schema\\\/person\\\/2f67baa29ed14803ed9bef19564c8cf4\"},\"headline\":\"Compartir \u00e9s cr\u00e9ixer\",\"datePublished\":\"2017-12-04T06:11:02+00:00\",\"dateModified\":\"2024-10-27T20:41:48+00:00\",\"mainEntityOfPage\":{\"@id\":\"https:\\\/\\\/diarieducacio.cat\\\/rosasensat\\\/2017\\\/12\\\/04\\\/compartir-es-creixer\\\/\"},\"wordCount\":1358,\"commentCount\":0,\"image\":{\"@id\":\"https:\\\/\\\/diarieducacio.cat\\\/rosasensat\\\/2017\\\/12\\\/04\\\/compartir-es-creixer\\\/#primaryimage\"},\"thumbnailUrl\":\"https:\\\/\\\/diarieducacio.cat\\\/rosasensat\\\/wp-content\\\/uploads\\\/sites\\\/21\\\/2024\\\/10\\\/06-visita-grup-Garrotxa-i-Mataro.jpg\",\"articleSection\":[\"0-3\",\"Bressol\",\"Formaci\u00f3\",\"General\"],\"inLanguage\":\"ca\",\"potentialAction\":[{\"@type\":\"CommentAction\",\"name\":\"Comment\",\"target\":[\"https:\\\/\\\/diarieducacio.cat\\\/rosasensat\\\/2017\\\/12\\\/04\\\/compartir-es-creixer\\\/#respond\"]}]},{\"@type\":\"WebPage\",\"@id\":\"https:\\\/\\\/diarieducacio.cat\\\/rosasensat\\\/2017\\\/12\\\/04\\\/compartir-es-creixer\\\/\",\"url\":\"https:\\\/\\\/diarieducacio.cat\\\/rosasensat\\\/2017\\\/12\\\/04\\\/compartir-es-creixer\\\/\",\"name\":\"Compartir \u00e9s cr\u00e9ixer - Blog de Rosa Sensat\",\"isPartOf\":{\"@id\":\"https:\\\/\\\/diarieducacio.cat\\\/rosasensat\\\/#website\"},\"primaryImageOfPage\":{\"@id\":\"https:\\\/\\\/diarieducacio.cat\\\/rosasensat\\\/2017\\\/12\\\/04\\\/compartir-es-creixer\\\/#primaryimage\"},\"image\":{\"@id\":\"https:\\\/\\\/diarieducacio.cat\\\/rosasensat\\\/2017\\\/12\\\/04\\\/compartir-es-creixer\\\/#primaryimage\"},\"thumbnailUrl\":\"https:\\\/\\\/diarieducacio.cat\\\/rosasensat\\\/wp-content\\\/uploads\\\/sites\\\/21\\\/2024\\\/10\\\/06-visita-grup-Garrotxa-i-Mataro.jpg\",\"datePublished\":\"2017-12-04T06:11:02+00:00\",\"dateModified\":\"2024-10-27T20:41:48+00:00\",\"author\":{\"@id\":\"https:\\\/\\\/diarieducacio.cat\\\/rosasensat\\\/#\\\/schema\\\/person\\\/2f67baa29ed14803ed9bef19564c8cf4\"},\"breadcrumb\":{\"@id\":\"https:\\\/\\\/diarieducacio.cat\\\/rosasensat\\\/2017\\\/12\\\/04\\\/compartir-es-creixer\\\/#breadcrumb\"},\"inLanguage\":\"ca\",\"potentialAction\":[{\"@type\":\"ReadAction\",\"target\":[\"https:\\\/\\\/diarieducacio.cat\\\/rosasensat\\\/2017\\\/12\\\/04\\\/compartir-es-creixer\\\/\"]}]},{\"@type\":\"ImageObject\",\"inLanguage\":\"ca\",\"@id\":\"https:\\\/\\\/diarieducacio.cat\\\/rosasensat\\\/2017\\\/12\\\/04\\\/compartir-es-creixer\\\/#primaryimage\",\"url\":\"https:\\\/\\\/diarieducacio.cat\\\/rosasensat\\\/wp-content\\\/uploads\\\/sites\\\/21\\\/2024\\\/10\\\/06-visita-grup-Garrotxa-i-Mataro.jpg\",\"contentUrl\":\"https:\\\/\\\/diarieducacio.cat\\\/rosasensat\\\/wp-content\\\/uploads\\\/sites\\\/21\\\/2024\\\/10\\\/06-visita-grup-Garrotxa-i-Mataro.jpg\",\"width\":1296,\"height\":972},{\"@type\":\"BreadcrumbList\",\"@id\":\"https:\\\/\\\/diarieducacio.cat\\\/rosasensat\\\/2017\\\/12\\\/04\\\/compartir-es-creixer\\\/#breadcrumb\",\"itemListElement\":[{\"@type\":\"ListItem\",\"position\":1,\"name\":\"Inici\",\"item\":\"https:\\\/\\\/diarieducacio.cat\\\/rosasensat\\\/\"},{\"@type\":\"ListItem\",\"position\":2,\"name\":\"Compartir \u00e9s cr\u00e9ixer\"}]},{\"@type\":\"WebSite\",\"@id\":\"https:\\\/\\\/diarieducacio.cat\\\/rosasensat\\\/#website\",\"url\":\"https:\\\/\\\/diarieducacio.cat\\\/rosasensat\\\/\",\"name\":\"Blog de Rosa Sensat\",\"description\":\"\",\"potentialAction\":[{\"@type\":\"SearchAction\",\"target\":{\"@type\":\"EntryPoint\",\"urlTemplate\":\"https:\\\/\\\/diarieducacio.cat\\\/rosasensat\\\/?s={search_term_string}\"},\"query-input\":{\"@type\":\"PropertyValueSpecification\",\"valueRequired\":true,\"valueName\":\"search_term_string\"}}],\"inLanguage\":\"ca\"},{\"@type\":\"Person\",\"@id\":\"https:\\\/\\\/diarieducacio.cat\\\/rosasensat\\\/#\\\/schema\\\/person\\\/2f67baa29ed14803ed9bef19564c8cf4\",\"name\":\"Antonio A. M\u00e1rquez Ord\u00f3\u00f1ez\",\"image\":{\"@type\":\"ImageObject\",\"inLanguage\":\"ca\",\"@id\":\"https:\\\/\\\/secure.gravatar.com\\\/avatar\\\/44b39a72e44792b0ad1b726b684ec3b68aeb0b8950284f34c6f7a18a2887bf94?s=96&d=mm&r=g\",\"url\":\"https:\\\/\\\/secure.gravatar.com\\\/avatar\\\/44b39a72e44792b0ad1b726b684ec3b68aeb0b8950284f34c6f7a18a2887bf94?s=96&d=mm&r=g\",\"contentUrl\":\"https:\\\/\\\/secure.gravatar.com\\\/avatar\\\/44b39a72e44792b0ad1b726b684ec3b68aeb0b8950284f34c6f7a18a2887bf94?s=96&d=mm&r=g\",\"caption\":\"Antonio A. M\u00e1rquez Ord\u00f3\u00f1ez\"},\"url\":\"https:\\\/\\\/diarieducacio.cat\\\/rosasensat\\\/author\\\/amarquezo\\\/\"}]}<\/script>\n<!-- \/ Yoast SEO plugin. -->","yoast_head_json":{"title":"Compartir \u00e9s cr\u00e9ixer - Blog de Rosa Sensat","robots":{"index":"index","follow":"follow","max-snippet":"max-snippet:-1","max-image-preview":"max-image-preview:large","max-video-preview":"max-video-preview:-1"},"canonical":"https:\/\/diarieducacio.cat\/rosasensat\/2017\/12\/04\/compartir-es-creixer\/","og_locale":"ca_ES","og_type":"article","og_title":"Compartir \u00e9s cr\u00e9ixer - Blog de Rosa Sensat","og_description":"Hem de vetllar per tal que en el moment \"d\u2019organitzar\u201d o \u201canar a fer\u201d una visita, no es descontextualitzi ni de l\u2019entorn en qu\u00e8 est\u00e0 ubicat, ni de l\u2019evoluci\u00f3 de la que \u00e9s fruit, doncs en aquests processos canviants i din\u00e0mics \u00e9s sovint on recau el valor i la ra\u00f3 de ser del projecte educatiu.","og_url":"https:\/\/diarieducacio.cat\/rosasensat\/2017\/12\/04\/compartir-es-creixer\/","og_site_name":"Blog de Rosa Sensat","article_published_time":"2017-12-04T06:11:02+00:00","article_modified_time":"2024-10-27T20:41:48+00:00","og_image":[{"width":1296,"height":972,"url":"https:\/\/diarieducacio.cat\/rosasensat\/wp-content\/uploads\/sites\/21\/2024\/10\/06-visita-grup-Garrotxa-i-Mataro.jpg","type":"image\/jpeg"}],"author":"Antonio A. M\u00e1rquez Ord\u00f3\u00f1ez","twitter_card":"summary_large_image","twitter_misc":{"Escrit per":"Antonio A. M\u00e1rquez Ord\u00f3\u00f1ez","Temps estimat de lectura":"7 minuts"},"schema":{"@context":"https:\/\/schema.org","@graph":[{"@type":"Article","@id":"https:\/\/diarieducacio.cat\/rosasensat\/2017\/12\/04\/compartir-es-creixer\/#article","isPartOf":{"@id":"https:\/\/diarieducacio.cat\/rosasensat\/2017\/12\/04\/compartir-es-creixer\/"},"author":{"name":"Antonio A. M\u00e1rquez Ord\u00f3\u00f1ez","@id":"https:\/\/diarieducacio.cat\/rosasensat\/#\/schema\/person\/2f67baa29ed14803ed9bef19564c8cf4"},"headline":"Compartir \u00e9s cr\u00e9ixer","datePublished":"2017-12-04T06:11:02+00:00","dateModified":"2024-10-27T20:41:48+00:00","mainEntityOfPage":{"@id":"https:\/\/diarieducacio.cat\/rosasensat\/2017\/12\/04\/compartir-es-creixer\/"},"wordCount":1358,"commentCount":0,"image":{"@id":"https:\/\/diarieducacio.cat\/rosasensat\/2017\/12\/04\/compartir-es-creixer\/#primaryimage"},"thumbnailUrl":"https:\/\/diarieducacio.cat\/rosasensat\/wp-content\/uploads\/sites\/21\/2024\/10\/06-visita-grup-Garrotxa-i-Mataro.jpg","articleSection":["0-3","Bressol","Formaci\u00f3","General"],"inLanguage":"ca","potentialAction":[{"@type":"CommentAction","name":"Comment","target":["https:\/\/diarieducacio.cat\/rosasensat\/2017\/12\/04\/compartir-es-creixer\/#respond"]}]},{"@type":"WebPage","@id":"https:\/\/diarieducacio.cat\/rosasensat\/2017\/12\/04\/compartir-es-creixer\/","url":"https:\/\/diarieducacio.cat\/rosasensat\/2017\/12\/04\/compartir-es-creixer\/","name":"Compartir \u00e9s cr\u00e9ixer - Blog de Rosa Sensat","isPartOf":{"@id":"https:\/\/diarieducacio.cat\/rosasensat\/#website"},"primaryImageOfPage":{"@id":"https:\/\/diarieducacio.cat\/rosasensat\/2017\/12\/04\/compartir-es-creixer\/#primaryimage"},"image":{"@id":"https:\/\/diarieducacio.cat\/rosasensat\/2017\/12\/04\/compartir-es-creixer\/#primaryimage"},"thumbnailUrl":"https:\/\/diarieducacio.cat\/rosasensat\/wp-content\/uploads\/sites\/21\/2024\/10\/06-visita-grup-Garrotxa-i-Mataro.jpg","datePublished":"2017-12-04T06:11:02+00:00","dateModified":"2024-10-27T20:41:48+00:00","author":{"@id":"https:\/\/diarieducacio.cat\/rosasensat\/#\/schema\/person\/2f67baa29ed14803ed9bef19564c8cf4"},"breadcrumb":{"@id":"https:\/\/diarieducacio.cat\/rosasensat\/2017\/12\/04\/compartir-es-creixer\/#breadcrumb"},"inLanguage":"ca","potentialAction":[{"@type":"ReadAction","target":["https:\/\/diarieducacio.cat\/rosasensat\/2017\/12\/04\/compartir-es-creixer\/"]}]},{"@type":"ImageObject","inLanguage":"ca","@id":"https:\/\/diarieducacio.cat\/rosasensat\/2017\/12\/04\/compartir-es-creixer\/#primaryimage","url":"https:\/\/diarieducacio.cat\/rosasensat\/wp-content\/uploads\/sites\/21\/2024\/10\/06-visita-grup-Garrotxa-i-Mataro.jpg","contentUrl":"https:\/\/diarieducacio.cat\/rosasensat\/wp-content\/uploads\/sites\/21\/2024\/10\/06-visita-grup-Garrotxa-i-Mataro.jpg","width":1296,"height":972},{"@type":"BreadcrumbList","@id":"https:\/\/diarieducacio.cat\/rosasensat\/2017\/12\/04\/compartir-es-creixer\/#breadcrumb","itemListElement":[{"@type":"ListItem","position":1,"name":"Inici","item":"https:\/\/diarieducacio.cat\/rosasensat\/"},{"@type":"ListItem","position":2,"name":"Compartir \u00e9s cr\u00e9ixer"}]},{"@type":"WebSite","@id":"https:\/\/diarieducacio.cat\/rosasensat\/#website","url":"https:\/\/diarieducacio.cat\/rosasensat\/","name":"Blog de Rosa Sensat","description":"","potentialAction":[{"@type":"SearchAction","target":{"@type":"EntryPoint","urlTemplate":"https:\/\/diarieducacio.cat\/rosasensat\/?s={search_term_string}"},"query-input":{"@type":"PropertyValueSpecification","valueRequired":true,"valueName":"search_term_string"}}],"inLanguage":"ca"},{"@type":"Person","@id":"https:\/\/diarieducacio.cat\/rosasensat\/#\/schema\/person\/2f67baa29ed14803ed9bef19564c8cf4","name":"Antonio A. M\u00e1rquez Ord\u00f3\u00f1ez","image":{"@type":"ImageObject","inLanguage":"ca","@id":"https:\/\/secure.gravatar.com\/avatar\/44b39a72e44792b0ad1b726b684ec3b68aeb0b8950284f34c6f7a18a2887bf94?s=96&d=mm&r=g","url":"https:\/\/secure.gravatar.com\/avatar\/44b39a72e44792b0ad1b726b684ec3b68aeb0b8950284f34c6f7a18a2887bf94?s=96&d=mm&r=g","contentUrl":"https:\/\/secure.gravatar.com\/avatar\/44b39a72e44792b0ad1b726b684ec3b68aeb0b8950284f34c6f7a18a2887bf94?s=96&d=mm&r=g","caption":"Antonio A. M\u00e1rquez Ord\u00f3\u00f1ez"},"url":"https:\/\/diarieducacio.cat\/rosasensat\/author\/amarquezo\/"}]}},"_links":{"self":[{"href":"https:\/\/diarieducacio.cat\/rosasensat\/wp-json\/wp\/v2\/posts\/3288","targetHints":{"allow":["GET"]}}],"collection":[{"href":"https:\/\/diarieducacio.cat\/rosasensat\/wp-json\/wp\/v2\/posts"}],"about":[{"href":"https:\/\/diarieducacio.cat\/rosasensat\/wp-json\/wp\/v2\/types\/post"}],"author":[{"embeddable":true,"href":"https:\/\/diarieducacio.cat\/rosasensat\/wp-json\/wp\/v2\/users\/571"}],"replies":[{"embeddable":true,"href":"https:\/\/diarieducacio.cat\/rosasensat\/wp-json\/wp\/v2\/comments?post=3288"}],"version-history":[{"count":1,"href":"https:\/\/diarieducacio.cat\/rosasensat\/wp-json\/wp\/v2\/posts\/3288\/revisions"}],"predecessor-version":[{"id":3291,"href":"https:\/\/diarieducacio.cat\/rosasensat\/wp-json\/wp\/v2\/posts\/3288\/revisions\/3291"}],"wp:featuredmedia":[{"embeddable":true,"href":"https:\/\/diarieducacio.cat\/rosasensat\/wp-json\/wp\/v2\/media\/3292"}],"wp:attachment":[{"href":"https:\/\/diarieducacio.cat\/rosasensat\/wp-json\/wp\/v2\/media?parent=3288"}],"wp:term":[{"taxonomy":"category","embeddable":true,"href":"https:\/\/diarieducacio.cat\/rosasensat\/wp-json\/wp\/v2\/categories?post=3288"},{"taxonomy":"post_tag","embeddable":true,"href":"https:\/\/diarieducacio.cat\/rosasensat\/wp-json\/wp\/v2\/tags?post=3288"},{"taxonomy":"tipo","embeddable":true,"href":"https:\/\/diarieducacio.cat\/rosasensat\/wp-json\/wp\/v2\/tipo?post=3288"}],"curies":[{"name":"wp","href":"https:\/\/api.w.org\/{rel}","templated":true}]}}