{"id":3334,"date":"2018-03-19T23:05:19","date_gmt":"2018-03-19T22:05:19","guid":{"rendered":"https:\/\/nostalgic-ishizaka.82-223-1-47.plesk.page\/rosasensat\/2018\/03\/19\/ens-vestim-dequip-o-som-un-equip\/"},"modified":"2024-10-27T21:44:55","modified_gmt":"2024-10-27T20:44:55","slug":"ens-vestim-dequip-o-som-un-equip","status":"publish","type":"post","link":"https:\/\/diarieducacio.cat\/rosasensat\/2018\/03\/19\/ens-vestim-dequip-o-som-un-equip\/","title":{"rendered":"Ens vestim d\u2019equip o som un equip?"},"content":{"rendered":"<p>Equip&#8230; una paraula que fem servir molt en el context de les escoles, per\u00f2 que sovint tinc dubtes respecte de la plena consci\u00e8ncia del seu significat quan en fem \u00fas.<\/p>\n<p>Si busquem quin \u00e9s el seu significat ens trobem amb dues accepcions, d\u2019acord amb el <i>Diccionari <\/i>de l\u2019Institut d\u2019Estudis Catalans:<\/p>\n<p><b>1 <\/b><i>2 <\/i><i>m.<\/i> [LC] All\u00f2 amb qu\u00e8 s\u2019equipa alg\u00fa, especialment el vestit, els estris. <i>Un equip de futbolista.<\/i><\/p>\n<p><b>2 <\/b><i>1 <\/i><i>m.<\/i> [LC] Grup de persones organitzat per a un objecte determinat. <i>La tasca de revisi\u00f3, la fa un equip molt nombr\u00f3s.<\/i><\/p>\n<p>Resulta que en tots dos casos em sento identificat amb algun dels diferents \u00abequips\u00bb als quals he pogut pert\u00e0nyer o que he conegut, perqu\u00e8 n\u2019hi ha alguns que estan organitzats per un objecte o objectiu determinat i d\u2019altres en qu\u00e8 sembla que nom\u00e9s hi ha un \u00abvestit\u00bb d\u2019equip, \u00e9s a dir, que sembla que \u00e9s un equip pel fet de compartir alguns elements comuns&#8230; o potser simplement \u00e9s un agrupament de persones que, temporalment, es troben juntes?&#8230;<\/p>\n<p><i><strong>&#8230;Ens vestim d\u2019equip o som un equip?<\/strong> <\/i><\/p>\n<p>En una societat en qu\u00e8 es dona tanta import\u00e0ncia a la imatge que projectem als altres, i a m\u00e9s a m\u00e9s, coincidint actualment amb l\u2019\u00e8poca en qu\u00e8 mostrem les escoles i els projectes a les fam\u00edlies que volen matricular els seus fills i filles, sembla haver-hi la necessitat de fer una operaci\u00f3 d\u2019est\u00e8tica epid\u00e8rmica i superficial, que ja no nom\u00e9s afecta els espais i materials (aspecte del qual ja s\u2019ha parlat a bastament), sin\u00f3 que \u00e9s una intervenci\u00f3 que afecta tamb\u00e9 la imatge de l\u2019equip que s\u2019ofereix&#8230;<\/p>\n<p><i><strong>&#8230;fem veure que ens vestim?<\/strong> <\/i><\/p>\n<figure id=\"attachment_1530\" aria-describedby=\"caption-attachment-1530\" style=\"width: 620px\" class=\"wp-caption aligncenter\"><a href=\"https:\/\/diarieducacio.cat\/rosasensat\/wp-content\/uploads\/sites\/9\/2018\/03\/Captura-de-pantalla-2018-03-10-a-les-12.14.54.png\"><img fetchpriority=\"high\" decoding=\"async\" class=\"wp-image-1530 size-full\" src=\"https:\/\/diarieducacio.cat\/rosasensat\/wp-content\/uploads\/sites\/9\/2018\/03\/Captura-de-pantalla-2018-03-10-a-les-12.14.54.png\" alt=\"\" width=\"620\" height=\"576\" \/><\/a><figcaption id=\"caption-attachment-1530\" class=\"wp-caption-text\">Mestres de la Llar d\u2019Infants P\u00fablica Sant Nicolau de Sant Andreu de Llavaneres,<\/figcaption><\/figure>\n<p>Quin pensem que \u00e9s el punt fort del nostre equip? A vegades ens podem trobar amb escoles on la imatge d\u2019equip que es projecta est\u00e0 centrada en un \u00fanic aspecte: la sobrevaloraci\u00f3 de la part personal. Com el que va viure una companya quan en l\u2019entrevista que va fer amb una directora d\u2019una escola p\u00fablica, amb la intenci\u00f3 d\u2019incorporar-se al \u00abseu equip\u00bb (estrany sentiment de propietat), aquella li intenta explicar el gran equip que s\u00f3n basant-se en el fet que cada mes fan un sopar tots junts, compartint un gran ambient, molt relaxat i agradable que fa que tothom tingui ganes de tornar a l\u2019escola&#8230;<\/p>\n<p><strong><i>&#8230;Ens vestim nom\u00e9s de festa i gresca?<\/i><\/strong><\/p>\n<p>Si tenim la necessitat de donar una bona imatge d\u2019equip \u00e9s perqu\u00e8 sabem que \u00e9s un element important i ben valorat. De fet, fa poc temps es va fer p\u00fablic el resultat del primer Edubar\u00f2metre, una macroenquesta feta per la Fundaci\u00f3 Jaume Bofill a infants, educadores i mestres i fam\u00edlies, on una de les dades indicava que el 53% dels enquestats afirmaven que els seus centres estan immersos en processos de canvi i on una de les principals preocupacions \u00e9s que les innovacions s\u00f3n a\u00efllades al conjunt del centre. D\u2019aquest percentatge, un 45% identificaven el treball col\u00b7laboratiu del professorat com un dels elements clau per aconseguir redre\u00e7ar la situaci\u00f3. \u00c9s a dir, en el nostre col\u00b7lectiu s\u2019ha despertat la necessitat de viure processos de canvi&#8230; i som conscients que el treball en equip \u00e9s fonamental per aconseguir-ho i evitar que els canvis siguin a\u00efllats i sense valor i repercussi\u00f3 a tota l\u2019escola.<\/p>\n<p>Atesa aquesta import\u00e0ncia i el valor del treball en equip, ens afanyem a oferir situacions de treball en grup, treball cooperatiu&#8230; als infants i joves de les escoles i instituts. I quan se\u2019ns en pregunta la causa i se\u2019ns demana el valor que t\u00e9, sovint parlem des d\u2019un punt de vista clarament neoliberal i ens referim a la necessitat d\u2019abastir un mercat laboral en qu\u00e8 hi ha una demanda cada vegada m\u00e9s gran de persones amb capacitat per treballar en equip&#8230; Nom\u00e9s caldria mirar una mica enrere, a principis del segle XX, amb l\u2019Escola Nova, per trobar la resposta: aleshores es prenia l\u2019educaci\u00f3 com la recerca d\u2019uns valors democr\u00e0tics que havien de permetre als individus esdevenir \u00e9ssers m\u00e9s lliures a partir de la confrontaci\u00f3 del propi pensament amb el dels altres i arribar a interpretar la realitat des de la riquesa que ofereix la possibilitat de la trobada entre diferents persones.<\/p>\n<p>Per\u00f2 ens costa molt mirar enrere&#8230; deixem perdre els referents per la immediatesa que ens ofereix el neoliberalisme salvatge que ens envolta. En aquest moment caiem en la m\u00e9s gran de les incoher\u00e8ncies, en qu\u00e8 diem que \u00e9s el millor per als infants i joves, per\u00f2 no som capa\u00e7os de fer-ho amb la resta de companys de l\u2019escola&#8230; Departaments estancs, portes tancades que separen, especialistes en \u00abnom\u00e9s\u00bb una mat\u00e8ria que s\u2019ocupen tan sols de la seva \u00e0rea sense coordinar-se amb la resta, tutors d\u2019un grup, els meus infants, els teus infants, els seus infants&#8230; L\u2019escola, tots els infants i l\u2019educaci\u00f3 \u00e9s responsabilitat de tots i nom\u00e9s entre tots aconseguirem canviar-la.<\/p>\n<p>Com diu Philippe Meirieu, cal crear una pedagogia de la democr\u00e0cia que vagi en contra d\u2019actuar en solitari, d\u2019oblidar el patrimoni pedag\u00f2gic i d\u2019ignorar les experi\u00e8ncies dels companys i companyes.<\/p>\n<p><strong><i>Aix\u00ed doncs, vestim els altres per\u00f2 no a nosaltres mateixos?<\/i><\/strong><\/p>\n<p>D\u2019altra banda, vivim el moment de les xarxes, ben variades i de tota mena&#8230; una necessitat desconeguda pr\u00e0cticament fins al moment que provoca que cada escola hagi de pert\u00e0nyer a una, dues, tres xarxes&#8230; com m\u00e9s millor, i si pot ser tamb\u00e9 a alguna internacional. A cada centre, alguna persona que s\u2019encarrega d\u2019assistir a les trobades de les xarxes, a preparar, rebre, oferir&#8230; alguna persona que ha de dedicar m\u00e9s temps a connectar-se amb persones d\u2019altres equips que amb companys de la pr\u00f2pia escola. Sentim la pressi\u00f3 de treballar en xarxa quan sovint ens manquen les estrat\u00e8gies b\u00e0siques per treballar amb el propi equip.<\/p>\n<p><strong><i>Ens anem a vestir amb persones d\u2019altres llocs?<\/i><\/strong><\/p>\n<figure id=\"attachment_1531\" aria-describedby=\"caption-attachment-1531\" style=\"width: 689px\" class=\"wp-caption aligncenter\"><a href=\"https:\/\/diarieducacio.cat\/rosasensat\/wp-content\/uploads\/sites\/9\/2018\/03\/Captura-de-pantalla-2018-03-10-a-les-12.15.09.png\"><img decoding=\"async\" class=\"wp-image-1531 size-full\" src=\"https:\/\/diarieducacio.cat\/rosasensat\/wp-content\/uploads\/sites\/9\/2018\/03\/Captura-de-pantalla-2018-03-10-a-les-12.15.09.png\" alt=\"\" width=\"689\" height=\"577\" srcset=\"https:\/\/diarieducacio.cat\/rosasensat\/wp-content\/uploads\/sites\/21\/2018\/03\/Captura-de-pantalla-2018-03-10-a-les-12.15.09.png 689w, https:\/\/diarieducacio.cat\/rosasensat\/wp-content\/uploads\/sites\/21\/2018\/03\/Captura-de-pantalla-2018-03-10-a-les-12.15.09-300x251.png 300w, https:\/\/diarieducacio.cat\/rosasensat\/wp-content\/uploads\/sites\/21\/2018\/03\/Captura-de-pantalla-2018-03-10-a-les-12.15.09-150x126.png 150w, https:\/\/diarieducacio.cat\/rosasensat\/wp-content\/uploads\/sites\/21\/2018\/03\/Captura-de-pantalla-2018-03-10-a-les-12.15.09-450x377.png 450w\" sizes=\"(max-width: 689px) 100vw, 689px\" \/><\/a><figcaption id=\"caption-attachment-1531\" class=\"wp-caption-text\">Mestres de la Llar d\u2019Infants P\u00fablica Sant Nicolau de Sant Andreu de Llavaneres,<\/figcaption><\/figure>\n<p>Si per treballar en equip entenem que cal compartir un o m\u00e9s objectius comuns, pr\u00e8viament caldria definir quins s\u00f3n, no? Per\u00f2 la realitat \u00e9s la que \u00e9s&#8230; Projectes de direccions fets per una \u00fanica persona (el director), que ha d\u2019actuar com a l\u00edder de l\u2019equip. Un equip amb un l\u00edder que tamb\u00e9 t\u00e9 el t\u00edtol de cap de personal, amb capacitat per reclamar o negar la continu\u00eftat d\u2019algunes de les persones que estan a l\u2019equip&#8230; \u00c9s aquesta una relaci\u00f3 realment \u00abhoritzontal\u00bb, d\u2019igual a igual, que permet una discussi\u00f3 oberta, cr\u00edtica i constructiva? Potser haur\u00edem de buscar una organitzaci\u00f3 diferent que es basi en \u00abequips de gesti\u00f3\u00bb reals que s\u2019encarreguin de gestionar aspectes que altres membres de l\u2019equip per les seves funcions no puguin o vulguin fer&#8230;<\/p>\n<p><strong><i>Ens vestim d\u2019equip des de dalt?<\/i><\/strong><\/p>\n<p>Tal com s\u2019indica al document \u00abEl comprom\u00eds \u00e8tic del professorat\u00bb (Federaci\u00f3 de Moviments de Renovaci\u00f3 Pedag\u00f2gica de Catalunya, 2011), \u00e9s necessari tenir un alt grau de comprom\u00eds \u00e8tic no nom\u00e9s cap a la inf\u00e0ncia i l\u2019entorn f\u00edsic i social, sin\u00f3 tamb\u00e9 cap al propi centre educatiu. Cal generar espais de reflexi\u00f3 estable entre iguals sobre la pr\u00f2pia pr\u00e0ctica que estiguin en coher\u00e8ncia amb el projecte educatiu, on cada una de les persones que formen l\u2019equip educatiu prengui un rol amb valors d\u2019estima, respecte, conviv\u00e8ncia, implicaci\u00f3, participaci\u00f3 i cooperaci\u00f3. D\u2019aquesta manera hem de concebre el treball en equip del professorat com un instrument d\u2019enriquiment del treball diari i com a element de coher\u00e8ncia i continu\u00eftat de les accions que es deriven del projecte educatiu.<\/p>\n<p>Aix\u00ed doncs, cada membre de l\u2019equip d\u2019una escola hauria de reflectir tots i cada un dels valors que s\u2019han constru\u00eft amb la resta de l\u2019equip, com explicava Edgar Morin, en un principi holofragm\u00e0tic pel qual cada part cont\u00e9 tota la informaci\u00f3 del tot. Perqu\u00e8 si reflexionem en equip a partir de la pr\u00f2pia pr\u00e0ctica per donar significat a les experi\u00e8ncies que han tingut els infants estarem construint coneixement a partir d\u2019una pr\u00e0ctica reflexiva i constant, per\u00f2 \u00e9s imprescindible que les reflexions que s\u2019elaboren no quedin en un full d\u2019acta oblidat. El coneixement i els valors que hem constru\u00eft cal posar-los en pr\u00e0ctica; \u00e9s l\u2019\u00fanica manera de trobar la coher\u00e8ncia entre el que l\u2019equip reflexiona i el que fa cada un&#8230;<\/p>\n<p><strong>&#8230;pensem com ens vestim i despr\u00e9s ens posem el que volem?<\/strong><\/p>\n<figure id=\"attachment_1528\" aria-describedby=\"caption-attachment-1528\" style=\"width: 779px\" class=\"wp-caption aligncenter\"><a href=\"https:\/\/diarieducacio.cat\/rosasensat\/wp-content\/uploads\/sites\/9\/2018\/03\/Captura-de-pantalla-2018-03-10-a-les-12.13.59.png\"><img decoding=\"async\" class=\"wp-image-1528 size-full\" src=\"https:\/\/diarieducacio.cat\/rosasensat\/wp-content\/uploads\/sites\/9\/2018\/03\/Captura-de-pantalla-2018-03-10-a-les-12.13.59.png\" alt=\"\" width=\"779\" height=\"575\" \/><\/a><figcaption id=\"caption-attachment-1528\" class=\"wp-caption-text\">Reuni\u00f3 de mestres de la Llar d\u2019Infants P\u00fablica Sant Nicolau de Sant Andreu de Llavaneres,<\/figcaption><\/figure>\n<p>Deixem de vestir-nos amb aspectes superficials que no ens ajuden a canviar el pensament, busquem un grup de persones amb les quals sentir que cadasc\u00fa t\u00e9 un paper \u00fanic i fonamental, perqu\u00e8 el punt de vista de cada persona aporta un nou significat a les interpretacions que fem cada dia. Anem a la recerca d\u2019un equip de mestres que en un moment determinat tingui la necessitat de plantejar-se quin \u00e9s el sentit de les seves accions, quins els objectius que es plantegen i de quina manera arribar-hi.<\/p>\n<p>Un equip amb qui poder compartir l\u2019emoci\u00f3 de descobrir cada dia alguna cosa nova sobre els infants que tenim al davant, emocions compartides que ens fan sentir-nos m\u00e9s a prop els uns dels altres. Una proximitat que ens permetr\u00e0 ser capa\u00e7os de resoldre els problemes i reptes que se\u2019ns presentin&#8230; Amb temps, flexibilitat i rigor!<\/p>\n","protected":false},"excerpt":{"rendered":"<p>En una societat en qu\u00e8 es dona tanta import\u00e0ncia a la imatge que projectem als altres, sembla haver-hi la necessitat de fer una operaci\u00f3 d\u2019est\u00e8tica epid\u00e8rmica i superficial, que ja no nom\u00e9s afecta els espais i materials, sin\u00f3 que \u00e9s una intervenci\u00f3 que afecta tamb\u00e9 la imatge de l\u2019equip que s\u2019ofereix..<\/p>\n","protected":false},"author":571,"featured_media":3336,"comment_status":"open","ping_status":"open","sticky":false,"template":"","format":"standard","meta":{"footnotes":""},"categories":[2],"tags":[],"tipo":[],"class_list":{"0":"post-3334","1":"post","2":"type-post","3":"status-publish","4":"format-standard","5":"has-post-thumbnail","7":"category-general"},"yoast_head":"<!-- This site is optimized with the Yoast SEO plugin v27.4 - https:\/\/yoast.com\/product\/yoast-seo-wordpress\/ -->\n<title>Ens vestim d\u2019equip o som un equip? - Blog de Rosa Sensat<\/title>\n<meta name=\"robots\" content=\"index, follow, max-snippet:-1, max-image-preview:large, max-video-preview:-1\" \/>\n<link rel=\"canonical\" href=\"https:\/\/diarieducacio.cat\/rosasensat\/2018\/03\/19\/ens-vestim-dequip-o-som-un-equip\/\" \/>\n<meta property=\"og:locale\" content=\"ca_ES\" \/>\n<meta property=\"og:type\" content=\"article\" \/>\n<meta property=\"og:title\" content=\"Ens vestim d\u2019equip o som un equip? - Blog de Rosa Sensat\" \/>\n<meta property=\"og:description\" content=\"En una societat en qu\u00e8 es dona tanta import\u00e0ncia a la imatge que projectem als altres, sembla haver-hi la necessitat de fer una operaci\u00f3 d\u2019est\u00e8tica epid\u00e8rmica i superficial, que ja no nom\u00e9s afecta els espais i materials, sin\u00f3 que \u00e9s una intervenci\u00f3 que afecta tamb\u00e9 la imatge de l\u2019equip que s\u2019ofereix..\" \/>\n<meta property=\"og:url\" content=\"https:\/\/diarieducacio.cat\/rosasensat\/2018\/03\/19\/ens-vestim-dequip-o-som-un-equip\/\" \/>\n<meta property=\"og:site_name\" content=\"Blog de Rosa Sensat\" \/>\n<meta property=\"article:published_time\" content=\"2018-03-19T22:05:19+00:00\" \/>\n<meta property=\"article:modified_time\" content=\"2024-10-27T20:44:55+00:00\" \/>\n<meta property=\"og:image\" content=\"https:\/\/diarieducacio.cat\/rosasensat\/wp-content\/uploads\/sites\/21\/2024\/10\/Captura-de-pantalla-2018-03-10-a-les-12.14.38.png\" \/>\n\t<meta property=\"og:image:width\" content=\"1134\" \/>\n\t<meta property=\"og:image:height\" content=\"597\" \/>\n\t<meta property=\"og:image:type\" content=\"image\/png\" \/>\n<meta name=\"author\" content=\"Antonio A. M\u00e1rquez Ord\u00f3\u00f1ez\" \/>\n<meta name=\"twitter:card\" content=\"summary_large_image\" \/>\n<meta name=\"twitter:label1\" content=\"Escrit per\" \/>\n\t<meta name=\"twitter:data1\" content=\"Antonio A. M\u00e1rquez Ord\u00f3\u00f1ez\" \/>\n\t<meta name=\"twitter:label2\" content=\"Temps estimat de lectura\" \/>\n\t<meta name=\"twitter:data2\" content=\"8 minuts\" \/>\n<script type=\"application\/ld+json\" class=\"yoast-schema-graph\">{\"@context\":\"https:\\\/\\\/schema.org\",\"@graph\":[{\"@type\":\"Article\",\"@id\":\"https:\\\/\\\/diarieducacio.cat\\\/rosasensat\\\/2018\\\/03\\\/19\\\/ens-vestim-dequip-o-som-un-equip\\\/#article\",\"isPartOf\":{\"@id\":\"https:\\\/\\\/diarieducacio.cat\\\/rosasensat\\\/2018\\\/03\\\/19\\\/ens-vestim-dequip-o-som-un-equip\\\/\"},\"author\":{\"name\":\"Antonio A. M\u00e1rquez Ord\u00f3\u00f1ez\",\"@id\":\"https:\\\/\\\/diarieducacio.cat\\\/rosasensat\\\/#\\\/schema\\\/person\\\/2f67baa29ed14803ed9bef19564c8cf4\"},\"headline\":\"Ens vestim d\u2019equip o som un equip?\",\"datePublished\":\"2018-03-19T22:05:19+00:00\",\"dateModified\":\"2024-10-27T20:44:55+00:00\",\"mainEntityOfPage\":{\"@id\":\"https:\\\/\\\/diarieducacio.cat\\\/rosasensat\\\/2018\\\/03\\\/19\\\/ens-vestim-dequip-o-som-un-equip\\\/\"},\"wordCount\":1686,\"commentCount\":0,\"image\":{\"@id\":\"https:\\\/\\\/diarieducacio.cat\\\/rosasensat\\\/2018\\\/03\\\/19\\\/ens-vestim-dequip-o-som-un-equip\\\/#primaryimage\"},\"thumbnailUrl\":\"https:\\\/\\\/diarieducacio.cat\\\/rosasensat\\\/wp-content\\\/uploads\\\/sites\\\/21\\\/2024\\\/10\\\/Captura-de-pantalla-2018-03-10-a-les-12.14.38.png\",\"articleSection\":[\"General\"],\"inLanguage\":\"ca\",\"potentialAction\":[{\"@type\":\"CommentAction\",\"name\":\"Comment\",\"target\":[\"https:\\\/\\\/diarieducacio.cat\\\/rosasensat\\\/2018\\\/03\\\/19\\\/ens-vestim-dequip-o-som-un-equip\\\/#respond\"]}]},{\"@type\":\"WebPage\",\"@id\":\"https:\\\/\\\/diarieducacio.cat\\\/rosasensat\\\/2018\\\/03\\\/19\\\/ens-vestim-dequip-o-som-un-equip\\\/\",\"url\":\"https:\\\/\\\/diarieducacio.cat\\\/rosasensat\\\/2018\\\/03\\\/19\\\/ens-vestim-dequip-o-som-un-equip\\\/\",\"name\":\"Ens vestim d\u2019equip o som un equip? - Blog de Rosa Sensat\",\"isPartOf\":{\"@id\":\"https:\\\/\\\/diarieducacio.cat\\\/rosasensat\\\/#website\"},\"primaryImageOfPage\":{\"@id\":\"https:\\\/\\\/diarieducacio.cat\\\/rosasensat\\\/2018\\\/03\\\/19\\\/ens-vestim-dequip-o-som-un-equip\\\/#primaryimage\"},\"image\":{\"@id\":\"https:\\\/\\\/diarieducacio.cat\\\/rosasensat\\\/2018\\\/03\\\/19\\\/ens-vestim-dequip-o-som-un-equip\\\/#primaryimage\"},\"thumbnailUrl\":\"https:\\\/\\\/diarieducacio.cat\\\/rosasensat\\\/wp-content\\\/uploads\\\/sites\\\/21\\\/2024\\\/10\\\/Captura-de-pantalla-2018-03-10-a-les-12.14.38.png\",\"datePublished\":\"2018-03-19T22:05:19+00:00\",\"dateModified\":\"2024-10-27T20:44:55+00:00\",\"author\":{\"@id\":\"https:\\\/\\\/diarieducacio.cat\\\/rosasensat\\\/#\\\/schema\\\/person\\\/2f67baa29ed14803ed9bef19564c8cf4\"},\"breadcrumb\":{\"@id\":\"https:\\\/\\\/diarieducacio.cat\\\/rosasensat\\\/2018\\\/03\\\/19\\\/ens-vestim-dequip-o-som-un-equip\\\/#breadcrumb\"},\"inLanguage\":\"ca\",\"potentialAction\":[{\"@type\":\"ReadAction\",\"target\":[\"https:\\\/\\\/diarieducacio.cat\\\/rosasensat\\\/2018\\\/03\\\/19\\\/ens-vestim-dequip-o-som-un-equip\\\/\"]}]},{\"@type\":\"ImageObject\",\"inLanguage\":\"ca\",\"@id\":\"https:\\\/\\\/diarieducacio.cat\\\/rosasensat\\\/2018\\\/03\\\/19\\\/ens-vestim-dequip-o-som-un-equip\\\/#primaryimage\",\"url\":\"https:\\\/\\\/diarieducacio.cat\\\/rosasensat\\\/wp-content\\\/uploads\\\/sites\\\/21\\\/2024\\\/10\\\/Captura-de-pantalla-2018-03-10-a-les-12.14.38.png\",\"contentUrl\":\"https:\\\/\\\/diarieducacio.cat\\\/rosasensat\\\/wp-content\\\/uploads\\\/sites\\\/21\\\/2024\\\/10\\\/Captura-de-pantalla-2018-03-10-a-les-12.14.38.png\",\"width\":1134,\"height\":597},{\"@type\":\"BreadcrumbList\",\"@id\":\"https:\\\/\\\/diarieducacio.cat\\\/rosasensat\\\/2018\\\/03\\\/19\\\/ens-vestim-dequip-o-som-un-equip\\\/#breadcrumb\",\"itemListElement\":[{\"@type\":\"ListItem\",\"position\":1,\"name\":\"Inici\",\"item\":\"https:\\\/\\\/diarieducacio.cat\\\/rosasensat\\\/\"},{\"@type\":\"ListItem\",\"position\":2,\"name\":\"Ens vestim d\u2019equip o som un equip?\"}]},{\"@type\":\"WebSite\",\"@id\":\"https:\\\/\\\/diarieducacio.cat\\\/rosasensat\\\/#website\",\"url\":\"https:\\\/\\\/diarieducacio.cat\\\/rosasensat\\\/\",\"name\":\"Blog de Rosa Sensat\",\"description\":\"\",\"potentialAction\":[{\"@type\":\"SearchAction\",\"target\":{\"@type\":\"EntryPoint\",\"urlTemplate\":\"https:\\\/\\\/diarieducacio.cat\\\/rosasensat\\\/?s={search_term_string}\"},\"query-input\":{\"@type\":\"PropertyValueSpecification\",\"valueRequired\":true,\"valueName\":\"search_term_string\"}}],\"inLanguage\":\"ca\"},{\"@type\":\"Person\",\"@id\":\"https:\\\/\\\/diarieducacio.cat\\\/rosasensat\\\/#\\\/schema\\\/person\\\/2f67baa29ed14803ed9bef19564c8cf4\",\"name\":\"Antonio A. M\u00e1rquez Ord\u00f3\u00f1ez\",\"image\":{\"@type\":\"ImageObject\",\"inLanguage\":\"ca\",\"@id\":\"https:\\\/\\\/secure.gravatar.com\\\/avatar\\\/44b39a72e44792b0ad1b726b684ec3b68aeb0b8950284f34c6f7a18a2887bf94?s=96&d=mm&r=g\",\"url\":\"https:\\\/\\\/secure.gravatar.com\\\/avatar\\\/44b39a72e44792b0ad1b726b684ec3b68aeb0b8950284f34c6f7a18a2887bf94?s=96&d=mm&r=g\",\"contentUrl\":\"https:\\\/\\\/secure.gravatar.com\\\/avatar\\\/44b39a72e44792b0ad1b726b684ec3b68aeb0b8950284f34c6f7a18a2887bf94?s=96&d=mm&r=g\",\"caption\":\"Antonio A. M\u00e1rquez Ord\u00f3\u00f1ez\"},\"url\":\"https:\\\/\\\/diarieducacio.cat\\\/rosasensat\\\/author\\\/amarquezo\\\/\"}]}<\/script>\n<!-- \/ Yoast SEO plugin. -->","yoast_head_json":{"title":"Ens vestim d\u2019equip o som un equip? - Blog de Rosa Sensat","robots":{"index":"index","follow":"follow","max-snippet":"max-snippet:-1","max-image-preview":"max-image-preview:large","max-video-preview":"max-video-preview:-1"},"canonical":"https:\/\/diarieducacio.cat\/rosasensat\/2018\/03\/19\/ens-vestim-dequip-o-som-un-equip\/","og_locale":"ca_ES","og_type":"article","og_title":"Ens vestim d\u2019equip o som un equip? - Blog de Rosa Sensat","og_description":"En una societat en qu\u00e8 es dona tanta import\u00e0ncia a la imatge que projectem als altres, sembla haver-hi la necessitat de fer una operaci\u00f3 d\u2019est\u00e8tica epid\u00e8rmica i superficial, que ja no nom\u00e9s afecta els espais i materials, sin\u00f3 que \u00e9s una intervenci\u00f3 que afecta tamb\u00e9 la imatge de l\u2019equip que s\u2019ofereix..","og_url":"https:\/\/diarieducacio.cat\/rosasensat\/2018\/03\/19\/ens-vestim-dequip-o-som-un-equip\/","og_site_name":"Blog de Rosa Sensat","article_published_time":"2018-03-19T22:05:19+00:00","article_modified_time":"2024-10-27T20:44:55+00:00","og_image":[{"width":1134,"height":597,"url":"https:\/\/diarieducacio.cat\/rosasensat\/wp-content\/uploads\/sites\/21\/2024\/10\/Captura-de-pantalla-2018-03-10-a-les-12.14.38.png","type":"image\/png"}],"author":"Antonio A. M\u00e1rquez Ord\u00f3\u00f1ez","twitter_card":"summary_large_image","twitter_misc":{"Escrit per":"Antonio A. M\u00e1rquez Ord\u00f3\u00f1ez","Temps estimat de lectura":"8 minuts"},"schema":{"@context":"https:\/\/schema.org","@graph":[{"@type":"Article","@id":"https:\/\/diarieducacio.cat\/rosasensat\/2018\/03\/19\/ens-vestim-dequip-o-som-un-equip\/#article","isPartOf":{"@id":"https:\/\/diarieducacio.cat\/rosasensat\/2018\/03\/19\/ens-vestim-dequip-o-som-un-equip\/"},"author":{"name":"Antonio A. M\u00e1rquez Ord\u00f3\u00f1ez","@id":"https:\/\/diarieducacio.cat\/rosasensat\/#\/schema\/person\/2f67baa29ed14803ed9bef19564c8cf4"},"headline":"Ens vestim d\u2019equip o som un equip?","datePublished":"2018-03-19T22:05:19+00:00","dateModified":"2024-10-27T20:44:55+00:00","mainEntityOfPage":{"@id":"https:\/\/diarieducacio.cat\/rosasensat\/2018\/03\/19\/ens-vestim-dequip-o-som-un-equip\/"},"wordCount":1686,"commentCount":0,"image":{"@id":"https:\/\/diarieducacio.cat\/rosasensat\/2018\/03\/19\/ens-vestim-dequip-o-som-un-equip\/#primaryimage"},"thumbnailUrl":"https:\/\/diarieducacio.cat\/rosasensat\/wp-content\/uploads\/sites\/21\/2024\/10\/Captura-de-pantalla-2018-03-10-a-les-12.14.38.png","articleSection":["General"],"inLanguage":"ca","potentialAction":[{"@type":"CommentAction","name":"Comment","target":["https:\/\/diarieducacio.cat\/rosasensat\/2018\/03\/19\/ens-vestim-dequip-o-som-un-equip\/#respond"]}]},{"@type":"WebPage","@id":"https:\/\/diarieducacio.cat\/rosasensat\/2018\/03\/19\/ens-vestim-dequip-o-som-un-equip\/","url":"https:\/\/diarieducacio.cat\/rosasensat\/2018\/03\/19\/ens-vestim-dequip-o-som-un-equip\/","name":"Ens vestim d\u2019equip o som un equip? - Blog de Rosa Sensat","isPartOf":{"@id":"https:\/\/diarieducacio.cat\/rosasensat\/#website"},"primaryImageOfPage":{"@id":"https:\/\/diarieducacio.cat\/rosasensat\/2018\/03\/19\/ens-vestim-dequip-o-som-un-equip\/#primaryimage"},"image":{"@id":"https:\/\/diarieducacio.cat\/rosasensat\/2018\/03\/19\/ens-vestim-dequip-o-som-un-equip\/#primaryimage"},"thumbnailUrl":"https:\/\/diarieducacio.cat\/rosasensat\/wp-content\/uploads\/sites\/21\/2024\/10\/Captura-de-pantalla-2018-03-10-a-les-12.14.38.png","datePublished":"2018-03-19T22:05:19+00:00","dateModified":"2024-10-27T20:44:55+00:00","author":{"@id":"https:\/\/diarieducacio.cat\/rosasensat\/#\/schema\/person\/2f67baa29ed14803ed9bef19564c8cf4"},"breadcrumb":{"@id":"https:\/\/diarieducacio.cat\/rosasensat\/2018\/03\/19\/ens-vestim-dequip-o-som-un-equip\/#breadcrumb"},"inLanguage":"ca","potentialAction":[{"@type":"ReadAction","target":["https:\/\/diarieducacio.cat\/rosasensat\/2018\/03\/19\/ens-vestim-dequip-o-som-un-equip\/"]}]},{"@type":"ImageObject","inLanguage":"ca","@id":"https:\/\/diarieducacio.cat\/rosasensat\/2018\/03\/19\/ens-vestim-dequip-o-som-un-equip\/#primaryimage","url":"https:\/\/diarieducacio.cat\/rosasensat\/wp-content\/uploads\/sites\/21\/2024\/10\/Captura-de-pantalla-2018-03-10-a-les-12.14.38.png","contentUrl":"https:\/\/diarieducacio.cat\/rosasensat\/wp-content\/uploads\/sites\/21\/2024\/10\/Captura-de-pantalla-2018-03-10-a-les-12.14.38.png","width":1134,"height":597},{"@type":"BreadcrumbList","@id":"https:\/\/diarieducacio.cat\/rosasensat\/2018\/03\/19\/ens-vestim-dequip-o-som-un-equip\/#breadcrumb","itemListElement":[{"@type":"ListItem","position":1,"name":"Inici","item":"https:\/\/diarieducacio.cat\/rosasensat\/"},{"@type":"ListItem","position":2,"name":"Ens vestim d\u2019equip o som un equip?"}]},{"@type":"WebSite","@id":"https:\/\/diarieducacio.cat\/rosasensat\/#website","url":"https:\/\/diarieducacio.cat\/rosasensat\/","name":"Blog de Rosa Sensat","description":"","potentialAction":[{"@type":"SearchAction","target":{"@type":"EntryPoint","urlTemplate":"https:\/\/diarieducacio.cat\/rosasensat\/?s={search_term_string}"},"query-input":{"@type":"PropertyValueSpecification","valueRequired":true,"valueName":"search_term_string"}}],"inLanguage":"ca"},{"@type":"Person","@id":"https:\/\/diarieducacio.cat\/rosasensat\/#\/schema\/person\/2f67baa29ed14803ed9bef19564c8cf4","name":"Antonio A. M\u00e1rquez Ord\u00f3\u00f1ez","image":{"@type":"ImageObject","inLanguage":"ca","@id":"https:\/\/secure.gravatar.com\/avatar\/44b39a72e44792b0ad1b726b684ec3b68aeb0b8950284f34c6f7a18a2887bf94?s=96&d=mm&r=g","url":"https:\/\/secure.gravatar.com\/avatar\/44b39a72e44792b0ad1b726b684ec3b68aeb0b8950284f34c6f7a18a2887bf94?s=96&d=mm&r=g","contentUrl":"https:\/\/secure.gravatar.com\/avatar\/44b39a72e44792b0ad1b726b684ec3b68aeb0b8950284f34c6f7a18a2887bf94?s=96&d=mm&r=g","caption":"Antonio A. M\u00e1rquez Ord\u00f3\u00f1ez"},"url":"https:\/\/diarieducacio.cat\/rosasensat\/author\/amarquezo\/"}]}},"_links":{"self":[{"href":"https:\/\/diarieducacio.cat\/rosasensat\/wp-json\/wp\/v2\/posts\/3334","targetHints":{"allow":["GET"]}}],"collection":[{"href":"https:\/\/diarieducacio.cat\/rosasensat\/wp-json\/wp\/v2\/posts"}],"about":[{"href":"https:\/\/diarieducacio.cat\/rosasensat\/wp-json\/wp\/v2\/types\/post"}],"author":[{"embeddable":true,"href":"https:\/\/diarieducacio.cat\/rosasensat\/wp-json\/wp\/v2\/users\/571"}],"replies":[{"embeddable":true,"href":"https:\/\/diarieducacio.cat\/rosasensat\/wp-json\/wp\/v2\/comments?post=3334"}],"version-history":[{"count":1,"href":"https:\/\/diarieducacio.cat\/rosasensat\/wp-json\/wp\/v2\/posts\/3334\/revisions"}],"predecessor-version":[{"id":3335,"href":"https:\/\/diarieducacio.cat\/rosasensat\/wp-json\/wp\/v2\/posts\/3334\/revisions\/3335"}],"wp:featuredmedia":[{"embeddable":true,"href":"https:\/\/diarieducacio.cat\/rosasensat\/wp-json\/wp\/v2\/media\/3336"}],"wp:attachment":[{"href":"https:\/\/diarieducacio.cat\/rosasensat\/wp-json\/wp\/v2\/media?parent=3334"}],"wp:term":[{"taxonomy":"category","embeddable":true,"href":"https:\/\/diarieducacio.cat\/rosasensat\/wp-json\/wp\/v2\/categories?post=3334"},{"taxonomy":"post_tag","embeddable":true,"href":"https:\/\/diarieducacio.cat\/rosasensat\/wp-json\/wp\/v2\/tags?post=3334"},{"taxonomy":"tipo","embeddable":true,"href":"https:\/\/diarieducacio.cat\/rosasensat\/wp-json\/wp\/v2\/tipo?post=3334"}],"curies":[{"name":"wp","href":"https:\/\/api.w.org\/{rel}","templated":true}]}}