{"id":3379,"date":"2018-09-20T03:00:15","date_gmt":"2018-09-20T01:00:15","guid":{"rendered":"https:\/\/nostalgic-ishizaka.82-223-1-47.plesk.page\/rosasensat\/2018\/09\/20\/com-educar-mentre-assassinen-milers-de-persones-que-volen-arribar-a-europa\/"},"modified":"2025-03-28T15:04:24","modified_gmt":"2025-03-28T14:04:24","slug":"com-educar-mentre-assassinen-milers-de-persones-que-volen-arribar-a-europa","status":"publish","type":"post","link":"https:\/\/diarieducacio.cat\/rosasensat\/2018\/09\/20\/com-educar-mentre-assassinen-milers-de-persones-que-volen-arribar-a-europa\/","title":{"rendered":"Com educar mentre assassinen milers de persones que volen arribar a Europa?"},"content":{"rendered":"<p><a href=\"https:\/\/diarieducacio.cat\/rosasensat\/wp-content\/uploads\/sites\/9\/2018\/09\/sub-buzz-18091-1497946052-1.jpg\"><\/a><\/p>\n<p>El darrer curs escolar va acabar amb les arribades de vaixells plens de persones immigrants als ports de Val\u00e8ncia i Barcelona, i tamb\u00e9 amb la mort de moltes m\u00e9s ofegades al mar Mediterrani.<\/p>\n<p>Vam viure el rescat de les dotze criatures i el seu monitor a una cova de Thail\u00e0ndia: els mitjans de desinformaci\u00f3 i les xarxes socials van estar molt pendents de la seva sort. Molta menys repercussi\u00f3 van tenir (i tenen) els infants morts al Mediterrani.<\/p>\n<p>Continuem vivint en un m\u00f3n on creixen les desigualtats, els comportaments racistes, l\u2019explotaci\u00f3 de les persones i la hipocresia dels que tenen poder. Tot el contrari del que volem inculcar a les aules molts mestres i, des de casa, moltes fam\u00edlies. Pot oc\u00f3rrer que molts infants visquin com quelcom habitual l\u2019ofegament sistem\u00e0tic de milers d\u2019immigrants; o b\u00e9, veure tractat com il\u00b7legal o delinq\u00fcent a qui no ha com\u00e8s cap altre delicte que intentar arribar a un altre pa\u00eds perqu\u00e8 al seu no hi t\u00e9 futur.<\/p>\n<blockquote><p><strong>Col\u00b7laboraci\u00f3, cooperaci\u00f3, empatia&#8230; paraules i conceptes que comencen a estar buits a la vida quotidiana<\/strong><\/p><\/blockquote>\n<p>Col\u00b7laboraci\u00f3, cooperaci\u00f3, empatia&#8230; paraules i conceptes que comencen a estar buits a la vida quotidiana. El que est\u00e0 passant al m\u00f3n \u00e9s molt greu, i a casa nostra potser ens distraiem amb ruptures i discussions egoistes. Els que tenen el poder ens diuen que la civilitzaci\u00f3 occidental \u00e9s superior a altres cultures; per\u00f2 es comporta com depredadora, com assassina dels inferiors, dels que no necessita per augmentar els beneficis dels pocs que controlen l\u2019economia. A aquests els interessa m\u00e0 d\u2019obra barata competent i sobre tot competitiva; qui no pot treballar no fa cap falta, no consumeix i no \u00e9s \u00fatil al sistema.<\/p>\n<p>Enmig d\u2019aquesta ideologia dominant estan creixent infants i adolescents i hi ha qui s\u2019estranya que augmentin els comportaments insolidaris, classistes, masclistes&#8230; que es donen cont\u00ednuament als pa\u00efsos europeus; el nostre no n\u2019\u00e9s una excepci\u00f3. Perqu\u00e8 la ideologia dominant \u00e9s neoliberal, vol privatitzar pensions, sanitat, ensenyament; proposa caritat i no just\u00edcia per compensar les enormes desigualtats.<\/p>\n<p>A les aules no podem amagar el que passa, el nostre alumnat ho est\u00e0 vivint dia a dia com d\u00e8iem: cal parlar-ne, explicar-ho clarament, denunciar les situacions d\u2019injust\u00edcia, sense por d\u2019adoctrinar. Nom\u00e9s diuen que adoctrinem els que promouen els ofegaments de tantes i tantes persones: aquests no volen que pensem, que critiquem, que ho coneguem. Prohibeixen ajudar les persones desvalgudes, amenacen en condemnar-nos com a c\u00f2mplices de delinq\u00fcents.<\/p>\n<p>Per ensenyar, per educar cr\u00edticament cal fer-hi front, cal incidir en les compet\u00e8ncies que impliquen solidaritat, cooperaci\u00f3, ajuda m\u00fatua, treball en equip&#8230; Aix\u00ed ajudarem l\u2019alumnat perqu\u00e8 pugui transformar aquesta societat, aquest sistema que mata sense pietat, que augmenta les desigualtats entre pa\u00efsos i entre persones que es veuen obligades a pidolar habitatge o feina digna; que s\u00f3n v\u00edctimes de les guerres; unes guerres que nom\u00e9s tenen per objectiu augmentar els beneficis, augmentar els negocis, augmentar les difer\u00e8ncies de sous entre persones; i marginar, deixar morir de gana a les sobreres per als seus interessos.<\/p>\n<p><a href=\"https:\/\/diarieducacio.cat\/rosasensat\/wp-content\/uploads\/sites\/9\/2018\/09\/sub-buzz-19166-1497949462-5.jpg\"><img fetchpriority=\"high\" decoding=\"async\" class=\"aligncenter size-full wp-image-1657\" src=\"https:\/\/diarieducacio.cat\/rosasensat\/wp-content\/uploads\/sites\/9\/2018\/09\/sub-buzz-19166-1497949462-5.jpg\" alt=\"\" width=\"715\" height=\"477\" srcset=\"https:\/\/diarieducacio.cat\/rosasensat\/wp-content\/uploads\/sites\/21\/2018\/09\/sub-buzz-19166-1497949462-5.jpg 715w, https:\/\/diarieducacio.cat\/rosasensat\/wp-content\/uploads\/sites\/21\/2018\/09\/sub-buzz-19166-1497949462-5-300x200.jpg 300w, https:\/\/diarieducacio.cat\/rosasensat\/wp-content\/uploads\/sites\/21\/2018\/09\/sub-buzz-19166-1497949462-5-150x100.jpg 150w, https:\/\/diarieducacio.cat\/rosasensat\/wp-content\/uploads\/sites\/21\/2018\/09\/sub-buzz-19166-1497949462-5-450x300.jpg 450w\" sizes=\"(max-width: 715px) 100vw, 715px\" \/><\/a><\/p>\n<p>Quantes criatures sense futur! Quantes persones que volen el millor per als seus infants han de veure com moren, o els hi prenen, o els perden&#8230; qui es fa c\u00e0rrec de tanta angoixa, tanta por, tanta mis\u00e8ria, tanta r\u00e0bia?<\/p>\n<p>Vam parlar dels atemptats a Par\u00eds i a Barcelona&#8230; de les viol\u00e8ncies del nostre pa\u00eds i hem vist conseq\u00fc\u00e8ncies per l\u2019educaci\u00f3 futura de petits i grans&#8230; el que est\u00e0 passant a les portes d\u2019Europa (portes blindades) ens fa ser m\u00e9s egoistes, m\u00e9s tancats en nosaltres, menys solidaris, m\u00e9s competitius&#8230; fins quan ho consentirem? fins quan ho haurem de comentar a les aules per aportar una mica de solidaritat, una mica d\u2019empatia, d\u2019estimaci\u00f3 envers tantes persones abandonades, oblidades, marginades?&#8230; no podem parlar d\u2019inclusi\u00f3 si col\u00b7laborem activament o per omissi\u00f3 a la marginaci\u00f3 de persones humanes, tan humanes com nosaltres mateixos.<\/p>\n<p>Hem denunciat l\u2019exist\u00e8ncia de guetos escolars a casa nostra: hem de denunciar que hi ha guetos molt greus a la vora d\u2019Europa, d\u2019Espanya, de Catalunya. Hem denunciat i continuem denunciant els desnonaments que pateixen fam\u00edlies senceres amb criatures incloses&#8230; i qu\u00e8 \u00e9s si no, el que pateixen les fam\u00edlies desnonades dels seus pa\u00efsos?<\/p>\n<blockquote><p><strong>Quan segreguem alumnes amb desavantatges de qualsevol mena o classifiquem per nivells estem reproduint aquest m\u00f3n injust<\/strong><\/p><\/blockquote>\n<p>Des del centres escolars podem lluitar contra les segregacions humanes: no segregant ning\u00fa a les escoles ni a les aules. Migrants de pa\u00efsos pobres, gitanos amb pocs recursos, fam\u00edlies empobrides&#8230; no estan en pla d\u2019igualtat per escollir centre. Com qui vol entrar a Europa i no est\u00e0 en igualtat de condicions per fer-ho. Potser no podem anar al mar a salvar vides, potser no podem canviar del tot el sistema que ho permet i ho impulsa&#8230; per\u00f2 podem fer-ho a casa, al barri, a la ciutat i a l\u2019Escola. Quan segreguem alumnes amb desavantatges de qualsevol mena o classifiquem per nivells estem reproduint aquest m\u00f3n injust. Estem col\u00b7laborant amb aquells que augmenten les desigualtats. En una escola nom\u00e9s hi ha alumnat, a seques, sense adjectius.com va deixar escrit en Pere Pujol\u00e0s.<\/p>\n<p>Perqu\u00e8 si hi ha persones que ploren quan el seu equip perd un campionat i no ploren en veure tantes persones i criatures ofegades, vol dir que no hem aconseguit que la solidaritat sigui un valor per a la majoria. Si exigim el respecte als drets humans al nostre pa\u00eds, hem de ser coherents i exigir el mateix respecte als drets de TOTES LES PERSONES. De les que s\u00f3n perseguides al Marroc i expulsades al desert amb el suport econ\u00f2mic i pol\u00edtic dels governs europeus; de les criatures mortes, assassinades al Iemen o a Palestina davant la indifer\u00e8ncia de molta gent.<\/p>\n<p>Persones diferents en \u00e8tnia, color, llengua, g\u00e8nere, religi\u00f3&#8230; per\u00f2 iguals en drets i dignitats humanes. Evidentment les administracions que hi tenen compet\u00e8ncies i responsabilitats haurien de ser les primeres en actuar; per\u00f2 dif\u00edcilment ho faran. Els interessos de classe o electorals fan que mantinguin les segregacions. Continuen separant-nos: escoles privades, concertades, p\u00fabliques. Continuen no frenant les segregacions dins els centres escolars.<\/p>\n<p>Continuen no impulsant decididament un ensenyament i una educaci\u00f3 inclusives de deb\u00f2. Ens toca al professorat i mestres que volem educar, el fer-ho en el nostre \u00e0mbit de treball i de responsabilitat.<\/p>\n","protected":false},"excerpt":{"rendered":"<p>Des del centres escolars podem lluitar contra les segregacions humanes: no segregant ning\u00fa a les escoles ni a les aules. Migrants de pa\u00efsos pobres, gitanos amb pocs recursos, fam\u00edlies empobrides&#8230; no estan en pla d\u2019igualtat per escollir centre. Com qui vol entrar a Europa i no est\u00e0 en igualtat de condicions per fer-ho.<\/p>\n","protected":false},"author":20,"featured_media":3381,"comment_status":"open","ping_status":"open","sticky":false,"template":"","format":"standard","meta":{"footnotes":""},"categories":[200,124,125],"tags":[],"tipo":[],"class_list":{"0":"post-3379","1":"post","2":"type-post","3":"status-publish","4":"format-standard","5":"has-post-thumbnail","7":"category-llibertat","8":"category-refugiats","9":"category-solidaritat"},"yoast_head":"<!-- This site is optimized with the Yoast SEO plugin v27.5 - https:\/\/yoast.com\/product\/yoast-seo-wordpress\/ -->\n<title>Com educar mentre assassinen milers de persones que volen arribar a Europa? - Blog de Rosa Sensat<\/title>\n<meta name=\"robots\" content=\"index, follow, max-snippet:-1, max-image-preview:large, max-video-preview:-1\" \/>\n<link rel=\"canonical\" href=\"https:\/\/diarieducacio.cat\/rosasensat\/2018\/09\/20\/com-educar-mentre-assassinen-milers-de-persones-que-volen-arribar-a-europa\/\" \/>\n<meta property=\"og:locale\" content=\"ca_ES\" \/>\n<meta property=\"og:type\" content=\"article\" \/>\n<meta property=\"og:title\" content=\"Com educar mentre assassinen milers de persones que volen arribar a Europa? - Blog de Rosa Sensat\" \/>\n<meta property=\"og:description\" content=\"Des del centres escolars podem lluitar contra les segregacions humanes: no segregant ning\u00fa a les escoles ni a les aules. Migrants de pa\u00efsos pobres, gitanos amb pocs recursos, fam\u00edlies empobrides... no estan en pla d\u2019igualtat per escollir centre. Com qui vol entrar a Europa i no est\u00e0 en igualtat de condicions per fer-ho.\" \/>\n<meta property=\"og:url\" content=\"https:\/\/diarieducacio.cat\/rosasensat\/2018\/09\/20\/com-educar-mentre-assassinen-milers-de-persones-que-volen-arribar-a-europa\/\" \/>\n<meta property=\"og:site_name\" content=\"Blog de Rosa Sensat\" \/>\n<meta property=\"article:published_time\" content=\"2018-09-20T01:00:15+00:00\" \/>\n<meta property=\"article:modified_time\" content=\"2025-03-28T14:04:24+00:00\" \/>\n<meta property=\"og:image\" content=\"https:\/\/diarieducacio.cat\/rosasensat\/wp-content\/uploads\/sites\/21\/2024\/10\/sub-buzz-18091-1497946052-1.jpg\" \/>\n\t<meta property=\"og:image:width\" content=\"715\" \/>\n\t<meta property=\"og:image:height\" content=\"557\" \/>\n\t<meta property=\"og:image:type\" content=\"image\/jpeg\" \/>\n<meta name=\"author\" content=\"Joan M. Girona\" \/>\n<meta name=\"twitter:card\" content=\"summary_large_image\" \/>\n<meta name=\"twitter:label1\" content=\"Escrit per\" \/>\n\t<meta name=\"twitter:data1\" content=\"Joan M. Girona\" \/>\n\t<meta name=\"twitter:label2\" content=\"Temps estimat de lectura\" \/>\n\t<meta name=\"twitter:data2\" content=\"6 minuts\" \/>\n<script type=\"application\/ld+json\" class=\"yoast-schema-graph\">{\"@context\":\"https:\\\/\\\/schema.org\",\"@graph\":[{\"@type\":\"Article\",\"@id\":\"https:\\\/\\\/diarieducacio.cat\\\/rosasensat\\\/2018\\\/09\\\/20\\\/com-educar-mentre-assassinen-milers-de-persones-que-volen-arribar-a-europa\\\/#article\",\"isPartOf\":{\"@id\":\"https:\\\/\\\/diarieducacio.cat\\\/rosasensat\\\/2018\\\/09\\\/20\\\/com-educar-mentre-assassinen-milers-de-persones-que-volen-arribar-a-europa\\\/\"},\"author\":{\"name\":\"Joan M. Girona\",\"@id\":\"https:\\\/\\\/diarieducacio.cat\\\/rosasensat\\\/#\\\/schema\\\/person\\\/36b39da3e9b8f1b38f26b32a1f94fa4a\"},\"headline\":\"Com educar mentre assassinen milers de persones que volen arribar a Europa?\",\"datePublished\":\"2018-09-20T01:00:15+00:00\",\"dateModified\":\"2025-03-28T14:04:24+00:00\",\"mainEntityOfPage\":{\"@id\":\"https:\\\/\\\/diarieducacio.cat\\\/rosasensat\\\/2018\\\/09\\\/20\\\/com-educar-mentre-assassinen-milers-de-persones-que-volen-arribar-a-europa\\\/\"},\"wordCount\":1125,\"commentCount\":0,\"image\":{\"@id\":\"https:\\\/\\\/diarieducacio.cat\\\/rosasensat\\\/2018\\\/09\\\/20\\\/com-educar-mentre-assassinen-milers-de-persones-que-volen-arribar-a-europa\\\/#primaryimage\"},\"thumbnailUrl\":\"https:\\\/\\\/diarieducacio.cat\\\/rosasensat\\\/wp-content\\\/uploads\\\/sites\\\/21\\\/2024\\\/10\\\/sub-buzz-18091-1497946052-1.jpg\",\"articleSection\":[\"llibertat\",\"refugiats\",\"solidaritat\"],\"inLanguage\":\"ca\",\"potentialAction\":[{\"@type\":\"CommentAction\",\"name\":\"Comment\",\"target\":[\"https:\\\/\\\/diarieducacio.cat\\\/rosasensat\\\/2018\\\/09\\\/20\\\/com-educar-mentre-assassinen-milers-de-persones-que-volen-arribar-a-europa\\\/#respond\"]}]},{\"@type\":\"WebPage\",\"@id\":\"https:\\\/\\\/diarieducacio.cat\\\/rosasensat\\\/2018\\\/09\\\/20\\\/com-educar-mentre-assassinen-milers-de-persones-que-volen-arribar-a-europa\\\/\",\"url\":\"https:\\\/\\\/diarieducacio.cat\\\/rosasensat\\\/2018\\\/09\\\/20\\\/com-educar-mentre-assassinen-milers-de-persones-que-volen-arribar-a-europa\\\/\",\"name\":\"Com educar mentre assassinen milers de persones que volen arribar a Europa? - Blog de Rosa Sensat\",\"isPartOf\":{\"@id\":\"https:\\\/\\\/diarieducacio.cat\\\/rosasensat\\\/#website\"},\"primaryImageOfPage\":{\"@id\":\"https:\\\/\\\/diarieducacio.cat\\\/rosasensat\\\/2018\\\/09\\\/20\\\/com-educar-mentre-assassinen-milers-de-persones-que-volen-arribar-a-europa\\\/#primaryimage\"},\"image\":{\"@id\":\"https:\\\/\\\/diarieducacio.cat\\\/rosasensat\\\/2018\\\/09\\\/20\\\/com-educar-mentre-assassinen-milers-de-persones-que-volen-arribar-a-europa\\\/#primaryimage\"},\"thumbnailUrl\":\"https:\\\/\\\/diarieducacio.cat\\\/rosasensat\\\/wp-content\\\/uploads\\\/sites\\\/21\\\/2024\\\/10\\\/sub-buzz-18091-1497946052-1.jpg\",\"datePublished\":\"2018-09-20T01:00:15+00:00\",\"dateModified\":\"2025-03-28T14:04:24+00:00\",\"author\":{\"@id\":\"https:\\\/\\\/diarieducacio.cat\\\/rosasensat\\\/#\\\/schema\\\/person\\\/36b39da3e9b8f1b38f26b32a1f94fa4a\"},\"breadcrumb\":{\"@id\":\"https:\\\/\\\/diarieducacio.cat\\\/rosasensat\\\/2018\\\/09\\\/20\\\/com-educar-mentre-assassinen-milers-de-persones-que-volen-arribar-a-europa\\\/#breadcrumb\"},\"inLanguage\":\"ca\",\"potentialAction\":[{\"@type\":\"ReadAction\",\"target\":[\"https:\\\/\\\/diarieducacio.cat\\\/rosasensat\\\/2018\\\/09\\\/20\\\/com-educar-mentre-assassinen-milers-de-persones-que-volen-arribar-a-europa\\\/\"]}]},{\"@type\":\"ImageObject\",\"inLanguage\":\"ca\",\"@id\":\"https:\\\/\\\/diarieducacio.cat\\\/rosasensat\\\/2018\\\/09\\\/20\\\/com-educar-mentre-assassinen-milers-de-persones-que-volen-arribar-a-europa\\\/#primaryimage\",\"url\":\"https:\\\/\\\/diarieducacio.cat\\\/rosasensat\\\/wp-content\\\/uploads\\\/sites\\\/21\\\/2024\\\/10\\\/sub-buzz-18091-1497946052-1.jpg\",\"contentUrl\":\"https:\\\/\\\/diarieducacio.cat\\\/rosasensat\\\/wp-content\\\/uploads\\\/sites\\\/21\\\/2024\\\/10\\\/sub-buzz-18091-1497946052-1.jpg\",\"width\":715,\"height\":557},{\"@type\":\"BreadcrumbList\",\"@id\":\"https:\\\/\\\/diarieducacio.cat\\\/rosasensat\\\/2018\\\/09\\\/20\\\/com-educar-mentre-assassinen-milers-de-persones-que-volen-arribar-a-europa\\\/#breadcrumb\",\"itemListElement\":[{\"@type\":\"ListItem\",\"position\":1,\"name\":\"Inici\",\"item\":\"https:\\\/\\\/diarieducacio.cat\\\/rosasensat\\\/\"},{\"@type\":\"ListItem\",\"position\":2,\"name\":\"Com educar mentre assassinen milers de persones que volen arribar a Europa?\"}]},{\"@type\":\"WebSite\",\"@id\":\"https:\\\/\\\/diarieducacio.cat\\\/rosasensat\\\/#website\",\"url\":\"https:\\\/\\\/diarieducacio.cat\\\/rosasensat\\\/\",\"name\":\"Blog de Rosa Sensat\",\"description\":\"\",\"potentialAction\":[{\"@type\":\"SearchAction\",\"target\":{\"@type\":\"EntryPoint\",\"urlTemplate\":\"https:\\\/\\\/diarieducacio.cat\\\/rosasensat\\\/?s={search_term_string}\"},\"query-input\":{\"@type\":\"PropertyValueSpecification\",\"valueRequired\":true,\"valueName\":\"search_term_string\"}}],\"inLanguage\":\"ca\"},{\"@type\":\"Person\",\"@id\":\"https:\\\/\\\/diarieducacio.cat\\\/rosasensat\\\/#\\\/schema\\\/person\\\/36b39da3e9b8f1b38f26b32a1f94fa4a\",\"name\":\"Joan M. Girona\",\"image\":{\"@type\":\"ImageObject\",\"inLanguage\":\"ca\",\"@id\":\"https:\\\/\\\/diarieducacio.cat\\\/wp-content\\\/uploads\\\/2024\\\/10\\\/joan-m.-girona_avatar_2-96x96.jpg\",\"url\":\"https:\\\/\\\/diarieducacio.cat\\\/wp-content\\\/uploads\\\/2024\\\/10\\\/joan-m.-girona_avatar_2-96x96.jpg\",\"contentUrl\":\"https:\\\/\\\/diarieducacio.cat\\\/wp-content\\\/uploads\\\/2024\\\/10\\\/joan-m.-girona_avatar_2-96x96.jpg\",\"caption\":\"Joan M. Girona\"},\"description\":\"Mestre i psicopedagog\",\"url\":\"https:\\\/\\\/diarieducacio.cat\\\/rosasensat\\\/author\\\/jgirona\\\/\"}]}<\/script>\n<!-- \/ Yoast SEO plugin. -->","yoast_head_json":{"title":"Com educar mentre assassinen milers de persones que volen arribar a Europa? - Blog de Rosa Sensat","robots":{"index":"index","follow":"follow","max-snippet":"max-snippet:-1","max-image-preview":"max-image-preview:large","max-video-preview":"max-video-preview:-1"},"canonical":"https:\/\/diarieducacio.cat\/rosasensat\/2018\/09\/20\/com-educar-mentre-assassinen-milers-de-persones-que-volen-arribar-a-europa\/","og_locale":"ca_ES","og_type":"article","og_title":"Com educar mentre assassinen milers de persones que volen arribar a Europa? - Blog de Rosa Sensat","og_description":"Des del centres escolars podem lluitar contra les segregacions humanes: no segregant ning\u00fa a les escoles ni a les aules. Migrants de pa\u00efsos pobres, gitanos amb pocs recursos, fam\u00edlies empobrides... no estan en pla d\u2019igualtat per escollir centre. Com qui vol entrar a Europa i no est\u00e0 en igualtat de condicions per fer-ho.","og_url":"https:\/\/diarieducacio.cat\/rosasensat\/2018\/09\/20\/com-educar-mentre-assassinen-milers-de-persones-que-volen-arribar-a-europa\/","og_site_name":"Blog de Rosa Sensat","article_published_time":"2018-09-20T01:00:15+00:00","article_modified_time":"2025-03-28T14:04:24+00:00","og_image":[{"width":715,"height":557,"url":"https:\/\/diarieducacio.cat\/rosasensat\/wp-content\/uploads\/sites\/21\/2024\/10\/sub-buzz-18091-1497946052-1.jpg","type":"image\/jpeg"}],"author":"Joan M. Girona","twitter_card":"summary_large_image","twitter_misc":{"Escrit per":"Joan M. Girona","Temps estimat de lectura":"6 minuts"},"schema":{"@context":"https:\/\/schema.org","@graph":[{"@type":"Article","@id":"https:\/\/diarieducacio.cat\/rosasensat\/2018\/09\/20\/com-educar-mentre-assassinen-milers-de-persones-que-volen-arribar-a-europa\/#article","isPartOf":{"@id":"https:\/\/diarieducacio.cat\/rosasensat\/2018\/09\/20\/com-educar-mentre-assassinen-milers-de-persones-que-volen-arribar-a-europa\/"},"author":{"name":"Joan M. Girona","@id":"https:\/\/diarieducacio.cat\/rosasensat\/#\/schema\/person\/36b39da3e9b8f1b38f26b32a1f94fa4a"},"headline":"Com educar mentre assassinen milers de persones que volen arribar a Europa?","datePublished":"2018-09-20T01:00:15+00:00","dateModified":"2025-03-28T14:04:24+00:00","mainEntityOfPage":{"@id":"https:\/\/diarieducacio.cat\/rosasensat\/2018\/09\/20\/com-educar-mentre-assassinen-milers-de-persones-que-volen-arribar-a-europa\/"},"wordCount":1125,"commentCount":0,"image":{"@id":"https:\/\/diarieducacio.cat\/rosasensat\/2018\/09\/20\/com-educar-mentre-assassinen-milers-de-persones-que-volen-arribar-a-europa\/#primaryimage"},"thumbnailUrl":"https:\/\/diarieducacio.cat\/rosasensat\/wp-content\/uploads\/sites\/21\/2024\/10\/sub-buzz-18091-1497946052-1.jpg","articleSection":["llibertat","refugiats","solidaritat"],"inLanguage":"ca","potentialAction":[{"@type":"CommentAction","name":"Comment","target":["https:\/\/diarieducacio.cat\/rosasensat\/2018\/09\/20\/com-educar-mentre-assassinen-milers-de-persones-que-volen-arribar-a-europa\/#respond"]}]},{"@type":"WebPage","@id":"https:\/\/diarieducacio.cat\/rosasensat\/2018\/09\/20\/com-educar-mentre-assassinen-milers-de-persones-que-volen-arribar-a-europa\/","url":"https:\/\/diarieducacio.cat\/rosasensat\/2018\/09\/20\/com-educar-mentre-assassinen-milers-de-persones-que-volen-arribar-a-europa\/","name":"Com educar mentre assassinen milers de persones que volen arribar a Europa? - Blog de Rosa Sensat","isPartOf":{"@id":"https:\/\/diarieducacio.cat\/rosasensat\/#website"},"primaryImageOfPage":{"@id":"https:\/\/diarieducacio.cat\/rosasensat\/2018\/09\/20\/com-educar-mentre-assassinen-milers-de-persones-que-volen-arribar-a-europa\/#primaryimage"},"image":{"@id":"https:\/\/diarieducacio.cat\/rosasensat\/2018\/09\/20\/com-educar-mentre-assassinen-milers-de-persones-que-volen-arribar-a-europa\/#primaryimage"},"thumbnailUrl":"https:\/\/diarieducacio.cat\/rosasensat\/wp-content\/uploads\/sites\/21\/2024\/10\/sub-buzz-18091-1497946052-1.jpg","datePublished":"2018-09-20T01:00:15+00:00","dateModified":"2025-03-28T14:04:24+00:00","author":{"@id":"https:\/\/diarieducacio.cat\/rosasensat\/#\/schema\/person\/36b39da3e9b8f1b38f26b32a1f94fa4a"},"breadcrumb":{"@id":"https:\/\/diarieducacio.cat\/rosasensat\/2018\/09\/20\/com-educar-mentre-assassinen-milers-de-persones-que-volen-arribar-a-europa\/#breadcrumb"},"inLanguage":"ca","potentialAction":[{"@type":"ReadAction","target":["https:\/\/diarieducacio.cat\/rosasensat\/2018\/09\/20\/com-educar-mentre-assassinen-milers-de-persones-que-volen-arribar-a-europa\/"]}]},{"@type":"ImageObject","inLanguage":"ca","@id":"https:\/\/diarieducacio.cat\/rosasensat\/2018\/09\/20\/com-educar-mentre-assassinen-milers-de-persones-que-volen-arribar-a-europa\/#primaryimage","url":"https:\/\/diarieducacio.cat\/rosasensat\/wp-content\/uploads\/sites\/21\/2024\/10\/sub-buzz-18091-1497946052-1.jpg","contentUrl":"https:\/\/diarieducacio.cat\/rosasensat\/wp-content\/uploads\/sites\/21\/2024\/10\/sub-buzz-18091-1497946052-1.jpg","width":715,"height":557},{"@type":"BreadcrumbList","@id":"https:\/\/diarieducacio.cat\/rosasensat\/2018\/09\/20\/com-educar-mentre-assassinen-milers-de-persones-que-volen-arribar-a-europa\/#breadcrumb","itemListElement":[{"@type":"ListItem","position":1,"name":"Inici","item":"https:\/\/diarieducacio.cat\/rosasensat\/"},{"@type":"ListItem","position":2,"name":"Com educar mentre assassinen milers de persones que volen arribar a Europa?"}]},{"@type":"WebSite","@id":"https:\/\/diarieducacio.cat\/rosasensat\/#website","url":"https:\/\/diarieducacio.cat\/rosasensat\/","name":"Blog de Rosa Sensat","description":"","potentialAction":[{"@type":"SearchAction","target":{"@type":"EntryPoint","urlTemplate":"https:\/\/diarieducacio.cat\/rosasensat\/?s={search_term_string}"},"query-input":{"@type":"PropertyValueSpecification","valueRequired":true,"valueName":"search_term_string"}}],"inLanguage":"ca"},{"@type":"Person","@id":"https:\/\/diarieducacio.cat\/rosasensat\/#\/schema\/person\/36b39da3e9b8f1b38f26b32a1f94fa4a","name":"Joan M. Girona","image":{"@type":"ImageObject","inLanguage":"ca","@id":"https:\/\/diarieducacio.cat\/wp-content\/uploads\/2024\/10\/joan-m.-girona_avatar_2-96x96.jpg","url":"https:\/\/diarieducacio.cat\/wp-content\/uploads\/2024\/10\/joan-m.-girona_avatar_2-96x96.jpg","contentUrl":"https:\/\/diarieducacio.cat\/wp-content\/uploads\/2024\/10\/joan-m.-girona_avatar_2-96x96.jpg","caption":"Joan M. Girona"},"description":"Mestre i psicopedagog","url":"https:\/\/diarieducacio.cat\/rosasensat\/author\/jgirona\/"}]}},"_links":{"self":[{"href":"https:\/\/diarieducacio.cat\/rosasensat\/wp-json\/wp\/v2\/posts\/3379","targetHints":{"allow":["GET"]}}],"collection":[{"href":"https:\/\/diarieducacio.cat\/rosasensat\/wp-json\/wp\/v2\/posts"}],"about":[{"href":"https:\/\/diarieducacio.cat\/rosasensat\/wp-json\/wp\/v2\/types\/post"}],"author":[{"embeddable":true,"href":"https:\/\/diarieducacio.cat\/rosasensat\/wp-json\/wp\/v2\/users\/20"}],"replies":[{"embeddable":true,"href":"https:\/\/diarieducacio.cat\/rosasensat\/wp-json\/wp\/v2\/comments?post=3379"}],"version-history":[{"count":1,"href":"https:\/\/diarieducacio.cat\/rosasensat\/wp-json\/wp\/v2\/posts\/3379\/revisions"}],"predecessor-version":[{"id":3380,"href":"https:\/\/diarieducacio.cat\/rosasensat\/wp-json\/wp\/v2\/posts\/3379\/revisions\/3380"}],"wp:featuredmedia":[{"embeddable":true,"href":"https:\/\/diarieducacio.cat\/rosasensat\/wp-json\/wp\/v2\/media\/3381"}],"wp:attachment":[{"href":"https:\/\/diarieducacio.cat\/rosasensat\/wp-json\/wp\/v2\/media?parent=3379"}],"wp:term":[{"taxonomy":"category","embeddable":true,"href":"https:\/\/diarieducacio.cat\/rosasensat\/wp-json\/wp\/v2\/categories?post=3379"},{"taxonomy":"post_tag","embeddable":true,"href":"https:\/\/diarieducacio.cat\/rosasensat\/wp-json\/wp\/v2\/tags?post=3379"},{"taxonomy":"tipo","embeddable":true,"href":"https:\/\/diarieducacio.cat\/rosasensat\/wp-json\/wp\/v2\/tipo?post=3379"}],"curies":[{"name":"wp","href":"https:\/\/api.w.org\/{rel}","templated":true}]}}