{"id":3414,"date":"2019-04-09T05:33:43","date_gmt":"2019-04-09T03:33:43","guid":{"rendered":"https:\/\/nostalgic-ishizaka.82-223-1-47.plesk.page\/rosasensat\/2019\/04\/09\/allo-que-el-vent-mai-no-sendura\/"},"modified":"2025-03-28T14:44:31","modified_gmt":"2025-03-28T13:44:31","slug":"allo-que-el-vent-mai-no-sendura","status":"publish","type":"post","link":"https:\/\/diarieducacio.cat\/rosasensat\/2019\/04\/09\/allo-que-el-vent-mai-no-sendura\/","title":{"rendered":"All\u00f2 que el vent mai no s\u2019endur\u00e0!"},"content":{"rendered":"<p>A la pel\u00b7l\u00edcula \u00abEl prado de las estrellas\u00bb hi ha una escena on un mestre jubilat li diu al seu alumne:<\/p>\n<p><em>\u2014Jo et puc parlar dels grecs, de Leonardo, dels volcans, puc mostrar-te la import\u00e0ncia de la f\u00edsica, la qu\u00edmica, les matem\u00e0tiques, l&#8217;estudi de les ci\u00e8ncies per al enteniment del m\u00f3n que habitem, puc ensenyar-te a jugar a escacs, dir-te els llibres que hauries de llegir, amb la curiositat sempre viva i exigent. Jo estic especialitzat, estimat pupil, en tot all\u00f2 que no serveix per a res&#8230;<\/em><\/p>\n<p>\u00c9s una escena bonica de la cinta que va dirigir Camus \u2014Mario, no us confongueu amb l\u2019altre Camus\u2014 que ens serveix per presentar a un mestre jubilat, per\u00f2 no retirat, que \u00e9s un referent per a tots aquells que convivim amb els infants a les aules, als esplais, als teatres o a les biblioteques.<\/p>\n<p>Parlo d\u2019en Cela \u2014Jaume, no us confongueu amb l\u2019altre Cela\u2014 persona estimad\u00edssima per tots els que hem tingut l\u2019ocasi\u00f3 de coincidir amb ell, ni que sigui uns minuts, en alguna conversa informal o hem assistit a alguna de les seves incomptables confer\u00e8ncies pedag\u00f2giques.<\/p>\n<p>En Jaume Cela t\u00e9 una traject\u00f2ria prol\u00edfica com a escriptor. Dels seus llibres, especialment la s\u00e8rie dedicada al m\u00f3n educatiu, en podem extreure consells de vida i ensenyaments diversos perqu\u00e8 els seus pensament provoquen que ens coneguem una mica m\u00e9s a nosaltres mateixos, si fa no fa com expressava Robin Sharma a \u00abEl monjo que va vendre el seu Ferrari\u00bb quan afirmava que no \u00e9s el que podem extreure dels llibres all\u00f2 que ens enriqueix; all\u00f2 que ens enriqueix de deb\u00f2 \u00e9s tot el que els llibres poden extreure de nosaltres. Els llibres \u2014continuava explicant Robin Sharma\u2014 en realitat no ens ensenyen res de nou, ens ajuden a veure tot el que ja \u00e9s dins nostre.<\/p>\n<p>En Cela acaba de publicar <a href=\"https:\/\/www.rosasensat.org\/producte\/picotejades-pedagogiques\/\">\u00abPicotejades pedag\u00f2giques\u00bb<\/a>, un llibre amb una portada curiosa on veiem a en Jaume assegut en mig del cam\u00ed, amb la ma estesa envers unes gallines, oferint-los aliment, la mirada concentrada en les bestioletes. Sens dubte, \u00e9s una met\u00e0fora del que trobarem a les p\u00e0gines interiors i que el propi autor s\u2019encarrega d\u2019explicar a la presentaci\u00f3:<\/p>\n<p><em>Observava com caminaven i com picotejaven. Avancen a cops de cap. Em preguntava com es devia veure la realitat, o el que pensem que \u00e9s real, des de la seva visi\u00f3, amb aquells cops sobtats per\u00f2 amb una certa harmonia&#8230;.<\/em><\/p>\n<p>El llibre est\u00e0 format per gaireb\u00e9 una cinquantena de reflexions de tota mena on es combinen records de persones concretes amb an\u00e8cdotes familiars i escolars, refer\u00e8ncies a fil\u00f2sofs \u2014Schopenhauer, Nietzsche\u2014, actors de cinema \u2014Streep, Redford\u2014, o poetes \u2014Elliot, Maragall\u2014, tot un c\u00f2ctel que facilita i provoca una lectura estimulant i que s\u2019ha de fer amb una llibreta a m\u00e0 per anar apuntant el que nom\u00e9s s\u2019insinua, obligant-nos a investigar, si volem.<\/p>\n<p>M\u2019ha agradat que al final de cada \u00abpicotejada\u00bb hi hagi un espai en blanc que convida a deixar-hi la nostra opini\u00f3.<\/p>\n<p>Tamb\u00e9 \u00e9s d\u2019agrair que no s\u2019amagui o suavitzi cap tema, per aspre que pugui resultar \u2014per exemple, a \u00abel curr\u00edculum \u00e9s la vida\u00bb ens parla de les acusacions d\u2019adoctrinament a les escoles\u2014 rememorant l\u2019entrevista a Noam Chomski quan li van retreure que parl\u00e9s de pol\u00edtica, ell, que era un ling\u00fcista. La seva contundent resposta venia a dir que s\u00ed, que era un ling\u00fcista per\u00f2, sobretot, primer era persona.<\/p>\n<p>Aprofitar\u00e9 la presentaci\u00f3 que es far\u00e0 el dia 9 d\u2019abril per demanar-li opini\u00f3 sobre un tema que em preocupa; m\u2019agradar\u00e0 saber qu\u00e8 en pensa del xou de les jornades de portes obertes que organitzen alguns centres educatius per mostrar la seva escola i per veure qui la t\u00e9 mes llarga (la llista de projectes).<\/p>\n<p>Tamb\u00e9 aprofitar\u00e9 per comentar-li si sap la quantitat de contes on les gallines en s\u00f3n protagonistes. Hi ha \u00abla gallineta roja\u00bb, les gallines que volien fer \u00abl\u2019ou m\u00e9s bonic del m\u00f3n\u00bb, les del magn\u00edfic llibre \u00abla uni\u00f3 fa la for\u00e7a\u00bb i, sobretot, sobretot, \u00abla gallina blava\u00bb d\u2019en Casares. Per fer-ne un estudi, oi?<\/p>\n<p><strong>Ens veurem avui a la <a href=\"https:\/\/www.rosasensat.org\/presentacio-de-picotejades-pedagogiques\/\">presentaci\u00f3 del llibre<\/a> a l\u2019Associaci\u00f3 de Mestres Rosa Sensat<\/strong><\/p>\n<p>Podrem felicitar a en Jaume per aquest nou llibre i tamb\u00e9 per formar part de les persones que ens acompanyen i ens ajuden a fer la vida i la feina m\u00e9s f\u00e0cil.<\/p>\n<p>Bioy Casares, l\u2019escriptor argent\u00ed, va dir una vegada que els llibres amaguen llocs meravellosos que no coneixem, contenen experi\u00e8ncies que no hem viscut mai i que despr\u00e9s d\u2019una bona lectura som m\u00e9s rics. Aquest d\u2019en Cela, n\u2019\u00e9s un exemple.<\/p>\n<p>&nbsp;<\/p>\n<p>Jaume Centelles<\/p>\n<p><em>jcentell@xtec.cat<\/em><\/p>\n","protected":false},"excerpt":{"rendered":"<p>Jaume Cela presenta avui un nou llibre on desenvolupa ple de reflexions pedag\u00f2giques que no ens deixen indiferents. Jaume Centelles ens en fa una ressenya per anar obrint boca.<\/p>\n","protected":false},"author":332,"featured_media":3415,"comment_status":"open","ping_status":"open","sticky":false,"template":"","format":"standard","meta":{"footnotes":""},"categories":[104,2,234,235],"tags":[242,243,155,156],"tipo":[],"class_list":{"0":"post-3414","1":"post","2":"type-post","3":"status-publish","4":"format-standard","5":"has-post-thumbnail","7":"category-formacio","8":"category-general","9":"category-lectura","10":"category-llibres","11":"tag-jaume-cela","12":"tag-jaume-centelles","13":"tag-lectura","14":"tag-llibres"},"yoast_head":"<!-- This site is optimized with the Yoast SEO plugin v27.4 - https:\/\/yoast.com\/product\/yoast-seo-wordpress\/ -->\n<title>All\u00f2 que el vent mai no s\u2019endur\u00e0! - Blog de Rosa Sensat<\/title>\n<meta name=\"robots\" content=\"index, follow, max-snippet:-1, max-image-preview:large, max-video-preview:-1\" \/>\n<link rel=\"canonical\" href=\"https:\/\/diarieducacio.cat\/rosasensat\/2019\/04\/09\/allo-que-el-vent-mai-no-sendura\/\" \/>\n<meta property=\"og:locale\" content=\"ca_ES\" \/>\n<meta property=\"og:type\" content=\"article\" \/>\n<meta property=\"og:title\" content=\"All\u00f2 que el vent mai no s\u2019endur\u00e0! - Blog de Rosa Sensat\" \/>\n<meta property=\"og:description\" content=\"Jaume Cela presenta avui un nou llibre on desenvolupa ple de reflexions pedag\u00f2giques que no ens deixen indiferents. Jaume Centelles ens en fa una ressenya per anar obrint boca.\" \/>\n<meta property=\"og:url\" content=\"https:\/\/diarieducacio.cat\/rosasensat\/2019\/04\/09\/allo-que-el-vent-mai-no-sendura\/\" \/>\n<meta property=\"og:site_name\" content=\"Blog de Rosa Sensat\" \/>\n<meta property=\"article:published_time\" content=\"2019-04-09T03:33:43+00:00\" \/>\n<meta property=\"article:modified_time\" content=\"2025-03-28T13:44:31+00:00\" \/>\n<meta property=\"og:image\" content=\"https:\/\/diarieducacio.cat\/rosasensat\/wp-content\/uploads\/sites\/21\/2024\/10\/picotejades.jpg\" \/>\n\t<meta property=\"og:image:width\" content=\"486\" \/>\n\t<meta property=\"og:image:height\" content=\"773\" \/>\n\t<meta property=\"og:image:type\" content=\"image\/jpeg\" \/>\n<meta name=\"author\" content=\"Jaume Centelles\" \/>\n<meta name=\"twitter:card\" content=\"summary_large_image\" \/>\n<meta name=\"twitter:label1\" content=\"Escrit per\" \/>\n\t<meta name=\"twitter:data1\" content=\"Jaume Centelles\" \/>\n\t<meta name=\"twitter:label2\" content=\"Temps estimat de lectura\" \/>\n\t<meta name=\"twitter:data2\" content=\"4 minuts\" \/>\n<script type=\"application\/ld+json\" class=\"yoast-schema-graph\">{\"@context\":\"https:\\\/\\\/schema.org\",\"@graph\":[{\"@type\":\"Article\",\"@id\":\"https:\\\/\\\/diarieducacio.cat\\\/rosasensat\\\/2019\\\/04\\\/09\\\/allo-que-el-vent-mai-no-sendura\\\/#article\",\"isPartOf\":{\"@id\":\"https:\\\/\\\/diarieducacio.cat\\\/rosasensat\\\/2019\\\/04\\\/09\\\/allo-que-el-vent-mai-no-sendura\\\/\"},\"author\":{\"name\":\"Jaume Centelles\",\"@id\":\"https:\\\/\\\/diarieducacio.cat\\\/rosasensat\\\/#\\\/schema\\\/person\\\/ff128fd69e6a6f173adee523af49159a\"},\"headline\":\"All\u00f2 que el vent mai no s\u2019endur\u00e0!\",\"datePublished\":\"2019-04-09T03:33:43+00:00\",\"dateModified\":\"2025-03-28T13:44:31+00:00\",\"mainEntityOfPage\":{\"@id\":\"https:\\\/\\\/diarieducacio.cat\\\/rosasensat\\\/2019\\\/04\\\/09\\\/allo-que-el-vent-mai-no-sendura\\\/\"},\"wordCount\":827,\"commentCount\":0,\"image\":{\"@id\":\"https:\\\/\\\/diarieducacio.cat\\\/rosasensat\\\/2019\\\/04\\\/09\\\/allo-que-el-vent-mai-no-sendura\\\/#primaryimage\"},\"thumbnailUrl\":\"https:\\\/\\\/diarieducacio.cat\\\/rosasensat\\\/wp-content\\\/uploads\\\/sites\\\/21\\\/2024\\\/10\\\/picotejades.jpg\",\"keywords\":[\"JAume Cela\",\"Jaume Centelles\",\"lectura\",\"llibres\"],\"articleSection\":[\"Formaci\u00f3\",\"General\",\"Lectura\",\"llibres\"],\"inLanguage\":\"ca\",\"potentialAction\":[{\"@type\":\"CommentAction\",\"name\":\"Comment\",\"target\":[\"https:\\\/\\\/diarieducacio.cat\\\/rosasensat\\\/2019\\\/04\\\/09\\\/allo-que-el-vent-mai-no-sendura\\\/#respond\"]}]},{\"@type\":\"WebPage\",\"@id\":\"https:\\\/\\\/diarieducacio.cat\\\/rosasensat\\\/2019\\\/04\\\/09\\\/allo-que-el-vent-mai-no-sendura\\\/\",\"url\":\"https:\\\/\\\/diarieducacio.cat\\\/rosasensat\\\/2019\\\/04\\\/09\\\/allo-que-el-vent-mai-no-sendura\\\/\",\"name\":\"All\u00f2 que el vent mai no s\u2019endur\u00e0! - Blog de Rosa Sensat\",\"isPartOf\":{\"@id\":\"https:\\\/\\\/diarieducacio.cat\\\/rosasensat\\\/#website\"},\"primaryImageOfPage\":{\"@id\":\"https:\\\/\\\/diarieducacio.cat\\\/rosasensat\\\/2019\\\/04\\\/09\\\/allo-que-el-vent-mai-no-sendura\\\/#primaryimage\"},\"image\":{\"@id\":\"https:\\\/\\\/diarieducacio.cat\\\/rosasensat\\\/2019\\\/04\\\/09\\\/allo-que-el-vent-mai-no-sendura\\\/#primaryimage\"},\"thumbnailUrl\":\"https:\\\/\\\/diarieducacio.cat\\\/rosasensat\\\/wp-content\\\/uploads\\\/sites\\\/21\\\/2024\\\/10\\\/picotejades.jpg\",\"datePublished\":\"2019-04-09T03:33:43+00:00\",\"dateModified\":\"2025-03-28T13:44:31+00:00\",\"author\":{\"@id\":\"https:\\\/\\\/diarieducacio.cat\\\/rosasensat\\\/#\\\/schema\\\/person\\\/ff128fd69e6a6f173adee523af49159a\"},\"breadcrumb\":{\"@id\":\"https:\\\/\\\/diarieducacio.cat\\\/rosasensat\\\/2019\\\/04\\\/09\\\/allo-que-el-vent-mai-no-sendura\\\/#breadcrumb\"},\"inLanguage\":\"ca\",\"potentialAction\":[{\"@type\":\"ReadAction\",\"target\":[\"https:\\\/\\\/diarieducacio.cat\\\/rosasensat\\\/2019\\\/04\\\/09\\\/allo-que-el-vent-mai-no-sendura\\\/\"]}]},{\"@type\":\"ImageObject\",\"inLanguage\":\"ca\",\"@id\":\"https:\\\/\\\/diarieducacio.cat\\\/rosasensat\\\/2019\\\/04\\\/09\\\/allo-que-el-vent-mai-no-sendura\\\/#primaryimage\",\"url\":\"https:\\\/\\\/diarieducacio.cat\\\/rosasensat\\\/wp-content\\\/uploads\\\/sites\\\/21\\\/2024\\\/10\\\/picotejades.jpg\",\"contentUrl\":\"https:\\\/\\\/diarieducacio.cat\\\/rosasensat\\\/wp-content\\\/uploads\\\/sites\\\/21\\\/2024\\\/10\\\/picotejades.jpg\",\"width\":486,\"height\":773},{\"@type\":\"BreadcrumbList\",\"@id\":\"https:\\\/\\\/diarieducacio.cat\\\/rosasensat\\\/2019\\\/04\\\/09\\\/allo-que-el-vent-mai-no-sendura\\\/#breadcrumb\",\"itemListElement\":[{\"@type\":\"ListItem\",\"position\":1,\"name\":\"Inici\",\"item\":\"https:\\\/\\\/diarieducacio.cat\\\/rosasensat\\\/\"},{\"@type\":\"ListItem\",\"position\":2,\"name\":\"All\u00f2 que el vent mai no s\u2019endur\u00e0!\"}]},{\"@type\":\"WebSite\",\"@id\":\"https:\\\/\\\/diarieducacio.cat\\\/rosasensat\\\/#website\",\"url\":\"https:\\\/\\\/diarieducacio.cat\\\/rosasensat\\\/\",\"name\":\"Blog de Rosa Sensat\",\"description\":\"\",\"potentialAction\":[{\"@type\":\"SearchAction\",\"target\":{\"@type\":\"EntryPoint\",\"urlTemplate\":\"https:\\\/\\\/diarieducacio.cat\\\/rosasensat\\\/?s={search_term_string}\"},\"query-input\":{\"@type\":\"PropertyValueSpecification\",\"valueRequired\":true,\"valueName\":\"search_term_string\"}}],\"inLanguage\":\"ca\"},{\"@type\":\"Person\",\"@id\":\"https:\\\/\\\/diarieducacio.cat\\\/rosasensat\\\/#\\\/schema\\\/person\\\/ff128fd69e6a6f173adee523af49159a\",\"name\":\"Jaume Centelles\",\"image\":{\"@type\":\"ImageObject\",\"inLanguage\":\"ca\",\"@id\":\"https:\\\/\\\/secure.gravatar.com\\\/avatar\\\/d420410cd47b92f2ab94b773ded1df830232cb4a80532492215270daae35b74c?s=96&d=mm&r=g\",\"url\":\"https:\\\/\\\/secure.gravatar.com\\\/avatar\\\/d420410cd47b92f2ab94b773ded1df830232cb4a80532492215270daae35b74c?s=96&d=mm&r=g\",\"contentUrl\":\"https:\\\/\\\/secure.gravatar.com\\\/avatar\\\/d420410cd47b92f2ab94b773ded1df830232cb4a80532492215270daae35b74c?s=96&d=mm&r=g\",\"caption\":\"Jaume Centelles\"},\"description\":\"Mestre jubilat. Forma part del Grup de treball \u201cPassi\u00f3 per la lectura\\\" de l\u2019Associaci\u00f3 de Mestres Rosa Sensat.\",\"sameAs\":[\"http:\\\/\\\/jaumecentelles.cat\\\/\"],\"url\":\"https:\\\/\\\/diarieducacio.cat\\\/rosasensat\\\/author\\\/jaumecentelles\\\/\"}]}<\/script>\n<!-- \/ Yoast SEO plugin. -->","yoast_head_json":{"title":"All\u00f2 que el vent mai no s\u2019endur\u00e0! - Blog de Rosa Sensat","robots":{"index":"index","follow":"follow","max-snippet":"max-snippet:-1","max-image-preview":"max-image-preview:large","max-video-preview":"max-video-preview:-1"},"canonical":"https:\/\/diarieducacio.cat\/rosasensat\/2019\/04\/09\/allo-que-el-vent-mai-no-sendura\/","og_locale":"ca_ES","og_type":"article","og_title":"All\u00f2 que el vent mai no s\u2019endur\u00e0! - Blog de Rosa Sensat","og_description":"Jaume Cela presenta avui un nou llibre on desenvolupa ple de reflexions pedag\u00f2giques que no ens deixen indiferents. Jaume Centelles ens en fa una ressenya per anar obrint boca.","og_url":"https:\/\/diarieducacio.cat\/rosasensat\/2019\/04\/09\/allo-que-el-vent-mai-no-sendura\/","og_site_name":"Blog de Rosa Sensat","article_published_time":"2019-04-09T03:33:43+00:00","article_modified_time":"2025-03-28T13:44:31+00:00","og_image":[{"width":486,"height":773,"url":"https:\/\/diarieducacio.cat\/rosasensat\/wp-content\/uploads\/sites\/21\/2024\/10\/picotejades.jpg","type":"image\/jpeg"}],"author":"Jaume Centelles","twitter_card":"summary_large_image","twitter_misc":{"Escrit per":"Jaume Centelles","Temps estimat de lectura":"4 minuts"},"schema":{"@context":"https:\/\/schema.org","@graph":[{"@type":"Article","@id":"https:\/\/diarieducacio.cat\/rosasensat\/2019\/04\/09\/allo-que-el-vent-mai-no-sendura\/#article","isPartOf":{"@id":"https:\/\/diarieducacio.cat\/rosasensat\/2019\/04\/09\/allo-que-el-vent-mai-no-sendura\/"},"author":{"name":"Jaume Centelles","@id":"https:\/\/diarieducacio.cat\/rosasensat\/#\/schema\/person\/ff128fd69e6a6f173adee523af49159a"},"headline":"All\u00f2 que el vent mai no s\u2019endur\u00e0!","datePublished":"2019-04-09T03:33:43+00:00","dateModified":"2025-03-28T13:44:31+00:00","mainEntityOfPage":{"@id":"https:\/\/diarieducacio.cat\/rosasensat\/2019\/04\/09\/allo-que-el-vent-mai-no-sendura\/"},"wordCount":827,"commentCount":0,"image":{"@id":"https:\/\/diarieducacio.cat\/rosasensat\/2019\/04\/09\/allo-que-el-vent-mai-no-sendura\/#primaryimage"},"thumbnailUrl":"https:\/\/diarieducacio.cat\/rosasensat\/wp-content\/uploads\/sites\/21\/2024\/10\/picotejades.jpg","keywords":["JAume Cela","Jaume Centelles","lectura","llibres"],"articleSection":["Formaci\u00f3","General","Lectura","llibres"],"inLanguage":"ca","potentialAction":[{"@type":"CommentAction","name":"Comment","target":["https:\/\/diarieducacio.cat\/rosasensat\/2019\/04\/09\/allo-que-el-vent-mai-no-sendura\/#respond"]}]},{"@type":"WebPage","@id":"https:\/\/diarieducacio.cat\/rosasensat\/2019\/04\/09\/allo-que-el-vent-mai-no-sendura\/","url":"https:\/\/diarieducacio.cat\/rosasensat\/2019\/04\/09\/allo-que-el-vent-mai-no-sendura\/","name":"All\u00f2 que el vent mai no s\u2019endur\u00e0! - Blog de Rosa Sensat","isPartOf":{"@id":"https:\/\/diarieducacio.cat\/rosasensat\/#website"},"primaryImageOfPage":{"@id":"https:\/\/diarieducacio.cat\/rosasensat\/2019\/04\/09\/allo-que-el-vent-mai-no-sendura\/#primaryimage"},"image":{"@id":"https:\/\/diarieducacio.cat\/rosasensat\/2019\/04\/09\/allo-que-el-vent-mai-no-sendura\/#primaryimage"},"thumbnailUrl":"https:\/\/diarieducacio.cat\/rosasensat\/wp-content\/uploads\/sites\/21\/2024\/10\/picotejades.jpg","datePublished":"2019-04-09T03:33:43+00:00","dateModified":"2025-03-28T13:44:31+00:00","author":{"@id":"https:\/\/diarieducacio.cat\/rosasensat\/#\/schema\/person\/ff128fd69e6a6f173adee523af49159a"},"breadcrumb":{"@id":"https:\/\/diarieducacio.cat\/rosasensat\/2019\/04\/09\/allo-que-el-vent-mai-no-sendura\/#breadcrumb"},"inLanguage":"ca","potentialAction":[{"@type":"ReadAction","target":["https:\/\/diarieducacio.cat\/rosasensat\/2019\/04\/09\/allo-que-el-vent-mai-no-sendura\/"]}]},{"@type":"ImageObject","inLanguage":"ca","@id":"https:\/\/diarieducacio.cat\/rosasensat\/2019\/04\/09\/allo-que-el-vent-mai-no-sendura\/#primaryimage","url":"https:\/\/diarieducacio.cat\/rosasensat\/wp-content\/uploads\/sites\/21\/2024\/10\/picotejades.jpg","contentUrl":"https:\/\/diarieducacio.cat\/rosasensat\/wp-content\/uploads\/sites\/21\/2024\/10\/picotejades.jpg","width":486,"height":773},{"@type":"BreadcrumbList","@id":"https:\/\/diarieducacio.cat\/rosasensat\/2019\/04\/09\/allo-que-el-vent-mai-no-sendura\/#breadcrumb","itemListElement":[{"@type":"ListItem","position":1,"name":"Inici","item":"https:\/\/diarieducacio.cat\/rosasensat\/"},{"@type":"ListItem","position":2,"name":"All\u00f2 que el vent mai no s\u2019endur\u00e0!"}]},{"@type":"WebSite","@id":"https:\/\/diarieducacio.cat\/rosasensat\/#website","url":"https:\/\/diarieducacio.cat\/rosasensat\/","name":"Blog de Rosa Sensat","description":"","potentialAction":[{"@type":"SearchAction","target":{"@type":"EntryPoint","urlTemplate":"https:\/\/diarieducacio.cat\/rosasensat\/?s={search_term_string}"},"query-input":{"@type":"PropertyValueSpecification","valueRequired":true,"valueName":"search_term_string"}}],"inLanguage":"ca"},{"@type":"Person","@id":"https:\/\/diarieducacio.cat\/rosasensat\/#\/schema\/person\/ff128fd69e6a6f173adee523af49159a","name":"Jaume Centelles","image":{"@type":"ImageObject","inLanguage":"ca","@id":"https:\/\/secure.gravatar.com\/avatar\/d420410cd47b92f2ab94b773ded1df830232cb4a80532492215270daae35b74c?s=96&d=mm&r=g","url":"https:\/\/secure.gravatar.com\/avatar\/d420410cd47b92f2ab94b773ded1df830232cb4a80532492215270daae35b74c?s=96&d=mm&r=g","contentUrl":"https:\/\/secure.gravatar.com\/avatar\/d420410cd47b92f2ab94b773ded1df830232cb4a80532492215270daae35b74c?s=96&d=mm&r=g","caption":"Jaume Centelles"},"description":"Mestre jubilat. Forma part del Grup de treball \u201cPassi\u00f3 per la lectura\" de l\u2019Associaci\u00f3 de Mestres Rosa Sensat.","sameAs":["http:\/\/jaumecentelles.cat\/"],"url":"https:\/\/diarieducacio.cat\/rosasensat\/author\/jaumecentelles\/"}]}},"_links":{"self":[{"href":"https:\/\/diarieducacio.cat\/rosasensat\/wp-json\/wp\/v2\/posts\/3414","targetHints":{"allow":["GET"]}}],"collection":[{"href":"https:\/\/diarieducacio.cat\/rosasensat\/wp-json\/wp\/v2\/posts"}],"about":[{"href":"https:\/\/diarieducacio.cat\/rosasensat\/wp-json\/wp\/v2\/types\/post"}],"author":[{"embeddable":true,"href":"https:\/\/diarieducacio.cat\/rosasensat\/wp-json\/wp\/v2\/users\/332"}],"replies":[{"embeddable":true,"href":"https:\/\/diarieducacio.cat\/rosasensat\/wp-json\/wp\/v2\/comments?post=3414"}],"version-history":[{"count":1,"href":"https:\/\/diarieducacio.cat\/rosasensat\/wp-json\/wp\/v2\/posts\/3414\/revisions"}],"predecessor-version":[{"id":3784,"href":"https:\/\/diarieducacio.cat\/rosasensat\/wp-json\/wp\/v2\/posts\/3414\/revisions\/3784"}],"wp:featuredmedia":[{"embeddable":true,"href":"https:\/\/diarieducacio.cat\/rosasensat\/wp-json\/wp\/v2\/media\/3415"}],"wp:attachment":[{"href":"https:\/\/diarieducacio.cat\/rosasensat\/wp-json\/wp\/v2\/media?parent=3414"}],"wp:term":[{"taxonomy":"category","embeddable":true,"href":"https:\/\/diarieducacio.cat\/rosasensat\/wp-json\/wp\/v2\/categories?post=3414"},{"taxonomy":"post_tag","embeddable":true,"href":"https:\/\/diarieducacio.cat\/rosasensat\/wp-json\/wp\/v2\/tags?post=3414"},{"taxonomy":"tipo","embeddable":true,"href":"https:\/\/diarieducacio.cat\/rosasensat\/wp-json\/wp\/v2\/tipo?post=3414"}],"curies":[{"name":"wp","href":"https:\/\/api.w.org\/{rel}","templated":true}]}}