{"id":3479,"date":"2021-04-13T22:20:45","date_gmt":"2021-04-13T20:20:45","guid":{"rendered":"https:\/\/nostalgic-ishizaka.82-223-1-47.plesk.page\/rosasensat\/2021\/04\/13\/recuperant-la-memoria\/"},"modified":"2025-03-27T12:23:37","modified_gmt":"2025-03-27T11:23:37","slug":"recuperant-la-memoria","status":"publish","type":"post","link":"https:\/\/diarieducacio.cat\/rosasensat\/2021\/04\/13\/recuperant-la-memoria\/","title":{"rendered":"Recuperant la mem\u00f2ria"},"content":{"rendered":"<p><span style=\"font-weight: 400\">Ara fa noranta anys de l\u2019exili del Borb\u00f3 i la proclamaci\u00f3 pac\u00edfica de la Rep\u00fablica, que amb alts i baixos no va tenir temps de consolidar-se degut a l\u2019aixecament militar, un aixecament que volien violent i curt per tornar a restablir la monarquia. I no va ser aix\u00ed. Va ser violent i llarg, amb la vict\u00f2ria militar final dels sollevats. El pa\u00eds va quedar dividit entre vencedors i ven\u00e7uts. Tot i que la guerra oficialment va acabar l\u2019abril del 1939, alguns dels vencedors van manifestar p\u00fablicament que \u00abla batalla continua\u00bb. I aix\u00ed va ser.<\/span><\/p>\n<blockquote><p><span style=\"font-weight: 400\">Varen ser uns temps \u00e0lgids de renovaci\u00f3. Les autoritats republicanes a l\u2019Estat i el govern catal\u00e0 a casa nostra s\u2019esfor\u00e7aren per consolidar una escola que ajud\u00e9s <\/span><i><span style=\"font-weight: 400\">a pensar i no pas a emmagatzemar.<\/span><\/i><\/p><\/blockquote>\n<p><span style=\"font-weight: 400\">Durant els anys republicans en pau en l\u2019\u00e0mbit educatiu i escolar es produ\u00efren notables canvis. Varen ser uns temps \u00e0lgids de renovaci\u00f3. Les autoritats republicanes a l\u2019Estat i el govern catal\u00e0 a casa nostra s\u2019esfor\u00e7aren per consolidar una escola que ajud\u00e9s <\/span><i><span style=\"font-weight: 400\">a pensar i no pas a emmagatzemar, <\/span><\/i><span style=\"font-weight: 400\">tal com m\u2019explicava la mestra Bargall\u00f3, exiliada a M\u00e8xic. L\u2019escola republicana volia fer ciutadans i no pas s\u00fabdits. Era una escola per a tots, nens i nenes junts, amb un ensenyament actiu, laic, que aplicava les propostes renovadores que es coneixien a trav\u00e9s de les Escoles d\u2019Estiu amb la pres\u00e8ncia de Clapar\u00e8de, Decroly, Freinet, etc., i les sortides per con\u00e8ixer escoles d\u2019Europa.<\/span><\/p>\n<p><span style=\"font-weight: 400\">A Catalunya els valors de l\u2019escola quedaren promulgats a l\u2019article 11 de l\u2019Estatut interior, que afirmava: \u00abL\u2019ensenyament primari ser\u00e0 obligatori, catal\u00e0 quant a la llengua i a l\u2019esperit, i s\u2019inspirar\u00e0 en els ideals de treball, llibertat, just\u00edcia social i solidaritat humana.\u00bb\u00a0<\/span><\/p>\n<p><span style=\"font-weight: 400\">El juliol del 1936, amb l\u2019esclat de viol\u00e8ncia, tot aquest esfor\u00e7 quedar\u00e0 trasbalsat: hi haur\u00e0 mestres que marxaran al front (voluntaris o for\u00e7osos), arribaran col\u00f2nies de nens i nenes refugiats des de territoris en guerra, es bombardejaran poblacions, col\u00b7legis de congregacions religioses acabaran cremats, etc. Guerra i revoluci\u00f3.<\/span><\/p>\n<p><span style=\"font-weight: 400\">El gener i febrer del 1939 milers de persones que fugien de l\u2019embat militar passaren la ratlla dels Pirineus cap a Fran\u00e7a, entre aquests, una bona colla de mestres, homes i dones. La majoria seran \u00abacollits\u00bb als camps de concentraci\u00f3 (m\u00e9s tard anomenats camps d\u2019acollida i camps de refugiats). Tamb\u00e9 passaren milers d\u2019infants, bona part formant part de col\u00f2nies i acomboiats per mestres i mestresses (encara falta l\u2019estudi en profunditat d\u2019aquest col\u00b7lectiu d\u2019infants i les ajudes per acollir-los). Cam\u00ed de l\u2019exili hi anaren una bona colla dels mestres que havien treballat a les escoles del pa\u00eds durant la Rep\u00fablica i, tamb\u00e9, d\u2019altres que havien arribat a Catalunya acompanyant col\u00f2nies d\u2019infants i fugint de les zones de viol\u00e8ncia. Des de Portbou fins a Puigcerd\u00e0, qualsevol carretera era bona per sortir (coll dels Belitres, coll de Banyuls, el Port\u00fas, Costoja, coll d\u2019Ares, etc.).<\/span><\/p>\n<p><span style=\"font-weight: 400\">Els canvis renovadors que va viure l\u2019escola durant els anys republicans (la nova formaci\u00f3 dels futurs mestres; la formaci\u00f3 permanent a trav\u00e9s de les Escoles d\u2019Estiu, dels cursos i les jornades, l\u2019escola activa, l\u2019escola en catal\u00e0, la coeducaci\u00f3, etc.) varen quedar estroncats de soca-rel.\u00a0<\/span><\/p>\n<blockquote><p><span style=\"font-weight: 400\">Els canvis renovadors que va viure l\u2019escola durant els anys republicans varen quedar estroncats de soca-rel.\u00a0<\/span><\/p><\/blockquote>\n<p><span style=\"font-weight: 400\">El col\u00b7lectiu que va marxar, confiant en una bona acollida per part del govern franc\u00e8s, era plural des del punt de vista pol\u00edtic (BOC, PSUC, ERC, POUM, AC, USC, PSOE, EC, etc.) i tamb\u00e9 des del punt de vista professional (des de professors de les Escoles Normals i inspectors a mestres interins; des de professors de les escoles de l\u2019Ajuntament de Barcelona fins a mestres de pobles rurals). La pluralitat tamb\u00e9 es manifestava a l\u2019hora d\u2019ensenyar (des del Grup Batec, seguidors de les propostes de Freinet, als que practicaven les metodologies que consideraven m\u00e9s adients per a la formaci\u00f3 dels seus escolars). I eren plurals, tamb\u00e9, en el comprom\u00eds republic\u00e0 (des dels que tingueren c\u00e0rrecs directius en el Consell de l\u2019Escola Nova Unificada, el CENU, fins a d\u2019altres que simplement eren republicans).<\/span><\/p>\n<p><span style=\"font-weight: 400\">A Catalunya la guerra va acabar a mitjan febrer del 1939 amb l\u2019arribada de l\u2019ex\u00e8rcit franquista a la frontera. M\u00e9s del 12 per cent dels mestres que havien treballat a Catalunya entraren a Fran\u00e7a. I aqu\u00ed, a casa nostra, comen\u00e7\u00e0 el silenci. I el buit. Marxaren els capdavanters de la renovaci\u00f3 pedag\u00f2gica (homes i dones) i una bona colla de mestres que a les seves poblacions no varen estalviar esfor\u00e7os per garantir una bona escola, el centre de la qual eren els infants. I comen\u00e7\u00e0 la depuraci\u00f3 del magisteri. I la depuraci\u00f3 de les biblioteques escolars. La reculada ser\u00e0 enorme quant a continguts i metodologies. I el buit deixat pels exiliats s\u2019omplir\u00e0 seleccionant nous mestres amb criteris pol\u00edtics. I es consolidar\u00e0 un nacionalcatolicisme galopant.<\/span><\/p>\n<p><span style=\"font-weight: 400\">I despr\u00e9s d\u2019una llarga i dura dictadura arribar\u00e0 la democr\u00e0cia. Amb una amnistia que far\u00e0 que la democr\u00e0cia sigui de segona divisi\u00f3. I continuar\u00e0 el silenci. Quina hist\u00f2ria s\u2019explica a les escoles?<\/span><\/p>\n<p><span style=\"font-weight: 400\">No heu pensat mai quin pa\u00eds tindr\u00edem si tots aquests homes i dones no haguessin hagut de marxar a l\u2019exili? I si s\u2019hagu\u00e9s pogut consolidar el model escolar promogut per la Generalitat i el govern republic\u00e0?<\/span><\/p>\n<p><span style=\"font-weight: 400\">No heu pensat mai quina escola tindr\u00edem si els mestres que ara treballen a l\u2019escola coneguessin aquestes hist\u00f2ries trencades i se sentissin hereus intel\u00b7lectuals d\u2019aquests mestres exiliats?<\/span><\/p>\n<blockquote><p><span style=\"font-weight: 400\">No heu pensat mai quin pa\u00eds tindr\u00edem si tots aquests homes i dones no haguessin hagut de marxar a l\u2019exili? I si s\u2019hagu\u00e9s pogut consolidar el model escolar promogut per la Generalitat i el govern republic\u00e0?<\/span><\/p><\/blockquote>\n<p><span style=\"font-weight: 400\">L\u2019any 1995 el rector de la Universitat de Girona, Josep M. Nadal, en un acte d\u2019homenatge als exiliats els va dir: \u00abTenim un deute amb tots vost\u00e8s i ara nom\u00e9s en paguem una part. La resta, si em permeten, l\u2019hauran de cobrar els nostres nets, el futur. Nom\u00e9s podrem pagar tot el que els devem si som capa\u00e7os de fer entendre a les generacions futures la pedagogia de la fraternitat. Si som capa\u00e7os de fer entendre que els valors sobre els quals s\u2019aixeca una civilitzaci\u00f3 no poden ser els que ens parlen de mil\u00b7lenarisme i fanatisme, sin\u00f3 els que ens fan veure el m\u00f3n amb els ulls del saber i el respecte a la difer\u00e8ncia.\u00bb\u00a0<\/span><\/p>\n","protected":false},"excerpt":{"rendered":"<p>Ara fa noranta anys de l\u2019exili del Borb\u00f3 i la proclamaci\u00f3 pac\u00edfica de la Rep\u00fablica, que amb alts i baixos no va tenir temps de consolidar-se degut a l\u2019aixecament militar, un aixecament que volien violent i curt per tornar a restablir la monarquia. I no va ser aix\u00ed. Va ser violent i llarg, amb la<\/p>\n","protected":false},"author":144,"featured_media":3480,"comment_status":"open","ping_status":"open","sticky":false,"template":"","format":"standard","meta":{"footnotes":""},"categories":[100,2,246],"tags":[310,169,162,311],"tipo":[],"class_list":{"0":"post-3479","1":"post","2":"type-post","3":"status-publish","4":"format-standard","5":"has-post-thumbnail","7":"category-escola-publica","8":"category-general","9":"category-memoria-historica","10":"tag-14-dabril","11":"tag-escola","12":"tag-mestres","13":"tag-republica"},"yoast_head":"<!-- This site is optimized with the Yoast SEO plugin v27.5 - https:\/\/yoast.com\/product\/yoast-seo-wordpress\/ -->\n<title>Recuperant la mem\u00f2ria - Blog de Rosa Sensat<\/title>\n<meta name=\"robots\" content=\"index, follow, max-snippet:-1, max-image-preview:large, max-video-preview:-1\" \/>\n<link rel=\"canonical\" href=\"https:\/\/diarieducacio.cat\/rosasensat\/2021\/04\/13\/recuperant-la-memoria\/\" \/>\n<meta property=\"og:locale\" content=\"ca_ES\" \/>\n<meta property=\"og:type\" content=\"article\" \/>\n<meta property=\"og:title\" content=\"Recuperant la mem\u00f2ria - Blog de Rosa Sensat\" \/>\n<meta property=\"og:description\" content=\"Ara fa noranta anys de l\u2019exili del Borb\u00f3 i la proclamaci\u00f3 pac\u00edfica de la Rep\u00fablica, que amb alts i baixos no va tenir temps de consolidar-se degut a l\u2019aixecament militar, un aixecament que volien violent i curt per tornar a restablir la monarquia. I no va ser aix\u00ed. Va ser violent i llarg, amb la\" \/>\n<meta property=\"og:url\" content=\"https:\/\/diarieducacio.cat\/rosasensat\/2021\/04\/13\/recuperant-la-memoria\/\" \/>\n<meta property=\"og:site_name\" content=\"Blog de Rosa Sensat\" \/>\n<meta property=\"article:published_time\" content=\"2021-04-13T20:20:45+00:00\" \/>\n<meta property=\"article:modified_time\" content=\"2025-03-27T11:23:37+00:00\" \/>\n<meta property=\"og:image\" content=\"https:\/\/diarieducacio.cat\/rosasensat\/wp-content\/uploads\/sites\/21\/2024\/10\/mestres-republicans.jpg\" \/>\n\t<meta property=\"og:image:width\" content=\"600\" \/>\n\t<meta property=\"og:image:height\" content=\"430\" \/>\n\t<meta property=\"og:image:type\" content=\"image\/jpeg\" \/>\n<meta name=\"author\" content=\"Salom\u00f3 Marqu\u00e8s\" \/>\n<meta name=\"twitter:card\" content=\"summary_large_image\" \/>\n<meta name=\"twitter:label1\" content=\"Escrit per\" \/>\n\t<meta name=\"twitter:data1\" content=\"Salom\u00f3 Marqu\u00e8s\" \/>\n\t<meta name=\"twitter:label2\" content=\"Temps estimat de lectura\" \/>\n\t<meta name=\"twitter:data2\" content=\"6 minuts\" \/>\n<script type=\"application\/ld+json\" class=\"yoast-schema-graph\">{\"@context\":\"https:\\\/\\\/schema.org\",\"@graph\":[{\"@type\":\"Article\",\"@id\":\"https:\\\/\\\/diarieducacio.cat\\\/rosasensat\\\/2021\\\/04\\\/13\\\/recuperant-la-memoria\\\/#article\",\"isPartOf\":{\"@id\":\"https:\\\/\\\/diarieducacio.cat\\\/rosasensat\\\/2021\\\/04\\\/13\\\/recuperant-la-memoria\\\/\"},\"author\":{\"name\":\"Salom\u00f3 Marqu\u00e8s\",\"@id\":\"https:\\\/\\\/diarieducacio.cat\\\/rosasensat\\\/#\\\/schema\\\/person\\\/9ee3276a7771f22a353c6afd3c11d23c\"},\"headline\":\"Recuperant la mem\u00f2ria\",\"datePublished\":\"2021-04-13T20:20:45+00:00\",\"dateModified\":\"2025-03-27T11:23:37+00:00\",\"mainEntityOfPage\":{\"@id\":\"https:\\\/\\\/diarieducacio.cat\\\/rosasensat\\\/2021\\\/04\\\/13\\\/recuperant-la-memoria\\\/\"},\"wordCount\":1145,\"commentCount\":0,\"image\":{\"@id\":\"https:\\\/\\\/diarieducacio.cat\\\/rosasensat\\\/2021\\\/04\\\/13\\\/recuperant-la-memoria\\\/#primaryimage\"},\"thumbnailUrl\":\"https:\\\/\\\/diarieducacio.cat\\\/rosasensat\\\/wp-content\\\/uploads\\\/sites\\\/21\\\/2024\\\/10\\\/mestres-republicans.jpg\",\"keywords\":[\"14 d'abril\",\"escola\",\"mestres\",\"republica\"],\"articleSection\":[\"Escola p\u00fablica\",\"General\",\"Mem\u00f2ria hist\u00f2rica\"],\"inLanguage\":\"ca\",\"potentialAction\":[{\"@type\":\"CommentAction\",\"name\":\"Comment\",\"target\":[\"https:\\\/\\\/diarieducacio.cat\\\/rosasensat\\\/2021\\\/04\\\/13\\\/recuperant-la-memoria\\\/#respond\"]}]},{\"@type\":\"WebPage\",\"@id\":\"https:\\\/\\\/diarieducacio.cat\\\/rosasensat\\\/2021\\\/04\\\/13\\\/recuperant-la-memoria\\\/\",\"url\":\"https:\\\/\\\/diarieducacio.cat\\\/rosasensat\\\/2021\\\/04\\\/13\\\/recuperant-la-memoria\\\/\",\"name\":\"Recuperant la mem\u00f2ria - Blog de Rosa Sensat\",\"isPartOf\":{\"@id\":\"https:\\\/\\\/diarieducacio.cat\\\/rosasensat\\\/#website\"},\"primaryImageOfPage\":{\"@id\":\"https:\\\/\\\/diarieducacio.cat\\\/rosasensat\\\/2021\\\/04\\\/13\\\/recuperant-la-memoria\\\/#primaryimage\"},\"image\":{\"@id\":\"https:\\\/\\\/diarieducacio.cat\\\/rosasensat\\\/2021\\\/04\\\/13\\\/recuperant-la-memoria\\\/#primaryimage\"},\"thumbnailUrl\":\"https:\\\/\\\/diarieducacio.cat\\\/rosasensat\\\/wp-content\\\/uploads\\\/sites\\\/21\\\/2024\\\/10\\\/mestres-republicans.jpg\",\"datePublished\":\"2021-04-13T20:20:45+00:00\",\"dateModified\":\"2025-03-27T11:23:37+00:00\",\"author\":{\"@id\":\"https:\\\/\\\/diarieducacio.cat\\\/rosasensat\\\/#\\\/schema\\\/person\\\/9ee3276a7771f22a353c6afd3c11d23c\"},\"breadcrumb\":{\"@id\":\"https:\\\/\\\/diarieducacio.cat\\\/rosasensat\\\/2021\\\/04\\\/13\\\/recuperant-la-memoria\\\/#breadcrumb\"},\"inLanguage\":\"ca\",\"potentialAction\":[{\"@type\":\"ReadAction\",\"target\":[\"https:\\\/\\\/diarieducacio.cat\\\/rosasensat\\\/2021\\\/04\\\/13\\\/recuperant-la-memoria\\\/\"]}]},{\"@type\":\"ImageObject\",\"inLanguage\":\"ca\",\"@id\":\"https:\\\/\\\/diarieducacio.cat\\\/rosasensat\\\/2021\\\/04\\\/13\\\/recuperant-la-memoria\\\/#primaryimage\",\"url\":\"https:\\\/\\\/diarieducacio.cat\\\/rosasensat\\\/wp-content\\\/uploads\\\/sites\\\/21\\\/2024\\\/10\\\/mestres-republicans.jpg\",\"contentUrl\":\"https:\\\/\\\/diarieducacio.cat\\\/rosasensat\\\/wp-content\\\/uploads\\\/sites\\\/21\\\/2024\\\/10\\\/mestres-republicans.jpg\",\"width\":600,\"height\":430},{\"@type\":\"BreadcrumbList\",\"@id\":\"https:\\\/\\\/diarieducacio.cat\\\/rosasensat\\\/2021\\\/04\\\/13\\\/recuperant-la-memoria\\\/#breadcrumb\",\"itemListElement\":[{\"@type\":\"ListItem\",\"position\":1,\"name\":\"Inici\",\"item\":\"https:\\\/\\\/diarieducacio.cat\\\/rosasensat\\\/\"},{\"@type\":\"ListItem\",\"position\":2,\"name\":\"Recuperant la mem\u00f2ria\"}]},{\"@type\":\"WebSite\",\"@id\":\"https:\\\/\\\/diarieducacio.cat\\\/rosasensat\\\/#website\",\"url\":\"https:\\\/\\\/diarieducacio.cat\\\/rosasensat\\\/\",\"name\":\"Blog de Rosa Sensat\",\"description\":\"\",\"potentialAction\":[{\"@type\":\"SearchAction\",\"target\":{\"@type\":\"EntryPoint\",\"urlTemplate\":\"https:\\\/\\\/diarieducacio.cat\\\/rosasensat\\\/?s={search_term_string}\"},\"query-input\":{\"@type\":\"PropertyValueSpecification\",\"valueRequired\":true,\"valueName\":\"search_term_string\"}}],\"inLanguage\":\"ca\"},{\"@type\":\"Person\",\"@id\":\"https:\\\/\\\/diarieducacio.cat\\\/rosasensat\\\/#\\\/schema\\\/person\\\/9ee3276a7771f22a353c6afd3c11d23c\",\"name\":\"Salom\u00f3 Marqu\u00e8s\",\"image\":{\"@type\":\"ImageObject\",\"inLanguage\":\"ca\",\"@id\":\"https:\\\/\\\/diarieducacio.cat\\\/wp-content\\\/uploads\\\/2024\\\/11\\\/salomo-marques_avatar-96x96.jpg\",\"url\":\"https:\\\/\\\/diarieducacio.cat\\\/wp-content\\\/uploads\\\/2024\\\/11\\\/salomo-marques_avatar-96x96.jpg\",\"contentUrl\":\"https:\\\/\\\/diarieducacio.cat\\\/wp-content\\\/uploads\\\/2024\\\/11\\\/salomo-marques_avatar-96x96.jpg\",\"caption\":\"Salom\u00f3 Marqu\u00e8s\"},\"description\":\"Pedagog i docent. Autor del llibre '1939: l'exili del magisteri de Catalunya' (Rosa Sensat)\",\"url\":\"https:\\\/\\\/diarieducacio.cat\\\/rosasensat\\\/author\\\/salomomarques\\\/\"}]}<\/script>\n<!-- \/ Yoast SEO plugin. -->","yoast_head_json":{"title":"Recuperant la mem\u00f2ria - Blog de Rosa Sensat","robots":{"index":"index","follow":"follow","max-snippet":"max-snippet:-1","max-image-preview":"max-image-preview:large","max-video-preview":"max-video-preview:-1"},"canonical":"https:\/\/diarieducacio.cat\/rosasensat\/2021\/04\/13\/recuperant-la-memoria\/","og_locale":"ca_ES","og_type":"article","og_title":"Recuperant la mem\u00f2ria - Blog de Rosa Sensat","og_description":"Ara fa noranta anys de l\u2019exili del Borb\u00f3 i la proclamaci\u00f3 pac\u00edfica de la Rep\u00fablica, que amb alts i baixos no va tenir temps de consolidar-se degut a l\u2019aixecament militar, un aixecament que volien violent i curt per tornar a restablir la monarquia. I no va ser aix\u00ed. Va ser violent i llarg, amb la","og_url":"https:\/\/diarieducacio.cat\/rosasensat\/2021\/04\/13\/recuperant-la-memoria\/","og_site_name":"Blog de Rosa Sensat","article_published_time":"2021-04-13T20:20:45+00:00","article_modified_time":"2025-03-27T11:23:37+00:00","og_image":[{"width":600,"height":430,"url":"https:\/\/diarieducacio.cat\/rosasensat\/wp-content\/uploads\/sites\/21\/2024\/10\/mestres-republicans.jpg","type":"image\/jpeg"}],"author":"Salom\u00f3 Marqu\u00e8s","twitter_card":"summary_large_image","twitter_misc":{"Escrit per":"Salom\u00f3 Marqu\u00e8s","Temps estimat de lectura":"6 minuts"},"schema":{"@context":"https:\/\/schema.org","@graph":[{"@type":"Article","@id":"https:\/\/diarieducacio.cat\/rosasensat\/2021\/04\/13\/recuperant-la-memoria\/#article","isPartOf":{"@id":"https:\/\/diarieducacio.cat\/rosasensat\/2021\/04\/13\/recuperant-la-memoria\/"},"author":{"name":"Salom\u00f3 Marqu\u00e8s","@id":"https:\/\/diarieducacio.cat\/rosasensat\/#\/schema\/person\/9ee3276a7771f22a353c6afd3c11d23c"},"headline":"Recuperant la mem\u00f2ria","datePublished":"2021-04-13T20:20:45+00:00","dateModified":"2025-03-27T11:23:37+00:00","mainEntityOfPage":{"@id":"https:\/\/diarieducacio.cat\/rosasensat\/2021\/04\/13\/recuperant-la-memoria\/"},"wordCount":1145,"commentCount":0,"image":{"@id":"https:\/\/diarieducacio.cat\/rosasensat\/2021\/04\/13\/recuperant-la-memoria\/#primaryimage"},"thumbnailUrl":"https:\/\/diarieducacio.cat\/rosasensat\/wp-content\/uploads\/sites\/21\/2024\/10\/mestres-republicans.jpg","keywords":["14 d'abril","escola","mestres","republica"],"articleSection":["Escola p\u00fablica","General","Mem\u00f2ria hist\u00f2rica"],"inLanguage":"ca","potentialAction":[{"@type":"CommentAction","name":"Comment","target":["https:\/\/diarieducacio.cat\/rosasensat\/2021\/04\/13\/recuperant-la-memoria\/#respond"]}]},{"@type":"WebPage","@id":"https:\/\/diarieducacio.cat\/rosasensat\/2021\/04\/13\/recuperant-la-memoria\/","url":"https:\/\/diarieducacio.cat\/rosasensat\/2021\/04\/13\/recuperant-la-memoria\/","name":"Recuperant la mem\u00f2ria - Blog de Rosa Sensat","isPartOf":{"@id":"https:\/\/diarieducacio.cat\/rosasensat\/#website"},"primaryImageOfPage":{"@id":"https:\/\/diarieducacio.cat\/rosasensat\/2021\/04\/13\/recuperant-la-memoria\/#primaryimage"},"image":{"@id":"https:\/\/diarieducacio.cat\/rosasensat\/2021\/04\/13\/recuperant-la-memoria\/#primaryimage"},"thumbnailUrl":"https:\/\/diarieducacio.cat\/rosasensat\/wp-content\/uploads\/sites\/21\/2024\/10\/mestres-republicans.jpg","datePublished":"2021-04-13T20:20:45+00:00","dateModified":"2025-03-27T11:23:37+00:00","author":{"@id":"https:\/\/diarieducacio.cat\/rosasensat\/#\/schema\/person\/9ee3276a7771f22a353c6afd3c11d23c"},"breadcrumb":{"@id":"https:\/\/diarieducacio.cat\/rosasensat\/2021\/04\/13\/recuperant-la-memoria\/#breadcrumb"},"inLanguage":"ca","potentialAction":[{"@type":"ReadAction","target":["https:\/\/diarieducacio.cat\/rosasensat\/2021\/04\/13\/recuperant-la-memoria\/"]}]},{"@type":"ImageObject","inLanguage":"ca","@id":"https:\/\/diarieducacio.cat\/rosasensat\/2021\/04\/13\/recuperant-la-memoria\/#primaryimage","url":"https:\/\/diarieducacio.cat\/rosasensat\/wp-content\/uploads\/sites\/21\/2024\/10\/mestres-republicans.jpg","contentUrl":"https:\/\/diarieducacio.cat\/rosasensat\/wp-content\/uploads\/sites\/21\/2024\/10\/mestres-republicans.jpg","width":600,"height":430},{"@type":"BreadcrumbList","@id":"https:\/\/diarieducacio.cat\/rosasensat\/2021\/04\/13\/recuperant-la-memoria\/#breadcrumb","itemListElement":[{"@type":"ListItem","position":1,"name":"Inici","item":"https:\/\/diarieducacio.cat\/rosasensat\/"},{"@type":"ListItem","position":2,"name":"Recuperant la mem\u00f2ria"}]},{"@type":"WebSite","@id":"https:\/\/diarieducacio.cat\/rosasensat\/#website","url":"https:\/\/diarieducacio.cat\/rosasensat\/","name":"Blog de Rosa Sensat","description":"","potentialAction":[{"@type":"SearchAction","target":{"@type":"EntryPoint","urlTemplate":"https:\/\/diarieducacio.cat\/rosasensat\/?s={search_term_string}"},"query-input":{"@type":"PropertyValueSpecification","valueRequired":true,"valueName":"search_term_string"}}],"inLanguage":"ca"},{"@type":"Person","@id":"https:\/\/diarieducacio.cat\/rosasensat\/#\/schema\/person\/9ee3276a7771f22a353c6afd3c11d23c","name":"Salom\u00f3 Marqu\u00e8s","image":{"@type":"ImageObject","inLanguage":"ca","@id":"https:\/\/diarieducacio.cat\/wp-content\/uploads\/2024\/11\/salomo-marques_avatar-96x96.jpg","url":"https:\/\/diarieducacio.cat\/wp-content\/uploads\/2024\/11\/salomo-marques_avatar-96x96.jpg","contentUrl":"https:\/\/diarieducacio.cat\/wp-content\/uploads\/2024\/11\/salomo-marques_avatar-96x96.jpg","caption":"Salom\u00f3 Marqu\u00e8s"},"description":"Pedagog i docent. Autor del llibre '1939: l'exili del magisteri de Catalunya' (Rosa Sensat)","url":"https:\/\/diarieducacio.cat\/rosasensat\/author\/salomomarques\/"}]}},"_links":{"self":[{"href":"https:\/\/diarieducacio.cat\/rosasensat\/wp-json\/wp\/v2\/posts\/3479","targetHints":{"allow":["GET"]}}],"collection":[{"href":"https:\/\/diarieducacio.cat\/rosasensat\/wp-json\/wp\/v2\/posts"}],"about":[{"href":"https:\/\/diarieducacio.cat\/rosasensat\/wp-json\/wp\/v2\/types\/post"}],"author":[{"embeddable":true,"href":"https:\/\/diarieducacio.cat\/rosasensat\/wp-json\/wp\/v2\/users\/144"}],"replies":[{"embeddable":true,"href":"https:\/\/diarieducacio.cat\/rosasensat\/wp-json\/wp\/v2\/comments?post=3479"}],"version-history":[{"count":1,"href":"https:\/\/diarieducacio.cat\/rosasensat\/wp-json\/wp\/v2\/posts\/3479\/revisions"}],"predecessor-version":[{"id":3768,"href":"https:\/\/diarieducacio.cat\/rosasensat\/wp-json\/wp\/v2\/posts\/3479\/revisions\/3768"}],"wp:featuredmedia":[{"embeddable":true,"href":"https:\/\/diarieducacio.cat\/rosasensat\/wp-json\/wp\/v2\/media\/3480"}],"wp:attachment":[{"href":"https:\/\/diarieducacio.cat\/rosasensat\/wp-json\/wp\/v2\/media?parent=3479"}],"wp:term":[{"taxonomy":"category","embeddable":true,"href":"https:\/\/diarieducacio.cat\/rosasensat\/wp-json\/wp\/v2\/categories?post=3479"},{"taxonomy":"post_tag","embeddable":true,"href":"https:\/\/diarieducacio.cat\/rosasensat\/wp-json\/wp\/v2\/tags?post=3479"},{"taxonomy":"tipo","embeddable":true,"href":"https:\/\/diarieducacio.cat\/rosasensat\/wp-json\/wp\/v2\/tipo?post=3479"}],"curies":[{"name":"wp","href":"https:\/\/api.w.org\/{rel}","templated":true}]}}