{"id":3507,"date":"2021-12-02T23:05:09","date_gmt":"2021-12-02T22:05:09","guid":{"rendered":"https:\/\/nostalgic-ishizaka.82-223-1-47.plesk.page\/rosasensat\/2021\/12\/02\/dia-3d-hora-blablabla\/"},"modified":"2025-03-27T12:09:40","modified_gmt":"2025-03-27T11:09:40","slug":"dia-3d-hora-blablabla","status":"publish","type":"post","link":"https:\/\/diarieducacio.cat\/rosasensat\/2021\/12\/02\/dia-3d-hora-blablabla\/","title":{"rendered":"Dia 3D, hora &#8216;blablabl\u00e0&#8217;?"},"content":{"rendered":"<h4>Reflexions pr\u00e8vies<\/h4>\n<p><span style=\"font-weight: 400\">En parlem un dia i despr\u00e9s 8.736 hores d\u2019oblit. Aix\u00f2 s\u00ed, tothom ho celebra, especialment els pol\u00edtics i pol\u00edtiques de totes les colles i demarcacions locals, regionals, nacionals, estatals i fins i tot internacionals organitzant a correcuita\u00a0 tota mena d\u2019actes, manifestos i d\u2019altres expressions\u00a0 col\u00b7lectives en qu\u00e8 les persones que hi concorren fan paleses llurs conviccions, desitjos o sentiments a favor d\u2019una opini\u00f3 o d\u2019una reivindicaci\u00f3 que consideren justa.<\/span><\/p>\n<p><span style=\"font-weight: 400\">I avui, 27 de novembre, que \u00e9s paradoxalment el dia que se celebra la meva discapacitat \u2013el CID10 diu que tinc una malaltia autoimmune de la pell anomenada dermatitis at\u00f2pica L20\u2013 escric aquest article que es publicar\u00e0 el Dia 3D. Aquesta peculiar condici\u00f3 de salut que patim entre un 5 i un 15% de la poblaci\u00f3 mundial es caracteritza per unes picors intenses en brots intermitents que van amunt i avall en funci\u00f3 de ves a saber quin motiu o\u00a0 motius i no pares de rascar \u2013de dia i de nit\u2013 i et lesiones la pell, i produeixes una mena de polsim semblant a la sorra d\u2019una platja. La mare em deia que ja vaig n\u00e9ixer amb aquest problema&#8230; les meves filles i el meu fill tamb\u00e9.<\/span><\/p>\n<p><span style=\"font-weight: 400\">Veig que el <\/span><strong>dia 3 de desembre<\/strong><span style=\"font-weight: 400\"><strong>, efectivament, se solemnitza el dia internacional de les persones amb discapacitat i el de la S\u00edndrome de Marfan (trastorn que incideix en el teixit connectiu), \u00e9s tamb\u00e9 el dia de l\u2019Euskera, i \u2013com no podia ser d\u2019una altra manera\u2013 se celebra el dia Internacional del 3D, el dia dels metges\u2026 Ah! I el dia mundial del des\u00fas dels pesticides.\u00a0<\/strong><\/span><\/p>\n<p><span style=\"font-weight: 400\">Un bon aiguabarreig que fa especialment feixuc de maridar la gen\u00e8tica de la fibrilina, amb les variants ling\u00fc\u00edstiques d\u2019una llengua que fa la compet\u00e8ncia al cristianisme \u2013vull dir en antiguitat\u2013 mata-b\u00e8sties, barreres i vegetals diversos que malmeten els ecosistemes naturals i humans i nom\u00e9s em \u201cfaltava pel duro\u201d haver d\u2019entrar en una tercera dimensi\u00f3 desconeguda\u00a0 amb un atuell\u00a0 que encara distorsiona m\u00e9s una realitat prou difusa i imprecisa. I els galens i galenes! L\u2019atzar t\u00e9 moments <em>jungians<\/em> amb s\u00edmbols, arquetipus i\u00a0 sincronismes d\u2019all\u00f2 m\u00e9s divers.<\/span><\/p>\n<p><span style=\"font-weight: 400\">Se m\u2019entorpeixen les mans, i tot plegat em treu de polleguera&#8230; <strong>Com pot ser que en un mateix dia hi aflueixin 6 commemoracions. Vaig a posar-hi seny, i mirar\u00e9 de no gratar gaire mentre teclejo&#8230;<\/strong><\/span><\/p>\n<h4>Qu\u00e8 celebrem avui?<\/h4>\n<p><span style=\"font-weight: 400\">El 14 d\u2019octubre de 1992, l\u2019Assemblea General de les Nacions Unides, mitjan\u00e7ant\u00a0 la resoluci\u00f3 47\/3, va instaurar el 3 de desembre com el <\/span>Dia Internacional de les Persones amb Discapacitat<span style=\"font-weight: 400\">; amb el prop\u00f2sit de parar esment a la situaci\u00f3 de les persones amb aquesta condici\u00f3 de salut, i celebrar arreu del planeta, amb diferents esdeveniments i activitats ad hoc, la diada. <strong>L\u2019objectiu b\u00e0sic \u00e9s mobilitzar institucions educatives, acad\u00e8miques, pol\u00edtiques, socials i organitzacions de suport tant del sector p\u00fablic com del privat, a fi de promoure la reflexi\u00f3 davant q\u00fcestions cr\u00edtiques relacionades amb els beneficis de la inclusi\u00f3 sense barreres ni discriminacions de cap mena.<\/strong> Reconec que els dies \u201cD\u201d esdevenen un poder\u00f3s trampol\u00ed de transformaci\u00f3, descoberta, visibilitzaci\u00f3, sensibilitzaci\u00f3 i canvi de mirada que, aix\u00f2 s\u00ed, m\u2019agradaria que no acostumessin a durar de Nadal a Sant Esteve, com sol ser habitual.<\/span><\/p>\n<blockquote><p><span style=\"font-weight: 400\">El lema d\u2019enguany t\u00e9 per divisa <\/span>\u201cempoderar <span style=\"font-weight: 400\">les persones amb discapacitat\u201d, per tal que incrementin la seva for\u00e7a i capacitat\u00a0 d\u2019actuaci\u00f3 en l\u2019\u00e0mbit pol\u00edtic i social, en conson\u00e0ncia amb <\/span>l\u2019Agenda 2030<\/p><\/blockquote>\n<p><span style=\"font-weight: 400\">Des de fa 4 anys, i amb una clara p\u00e0tina d\u2019olimpisme, la discapacitat no nom\u00e9s t\u00e9 dia, sin\u00f3 que tamb\u00e9 t\u00e9 una bandera acolorida amb or, argent i bronze. I cada any, des del 1997, aquest dia t\u00e9 un lema entorn del qual es van alineant les diferents accions. I al llarg d\u2019aquests 24 anys en destaco els seg\u00fcents:\u00a0<\/span><\/p>\n<p><span style=\"font-weight: 400\">El 2020: <strong>\u201cReconstruir millor: cap a <\/strong><\/span><strong>un m\u00f3n post Covid-19 inclusiu<\/strong><span style=\"font-weight: 400\"><strong>, accessible i sostenible per a les persones amb discapacitat\u201d<\/strong>. Contr\u00e0riament, les dades ens evidencien un retroc\u00e9s important d\u2019aquest desider\u00e0tum.\u00a0\u00a0\u00a0<\/span><\/p>\n<p><span style=\"font-weight: 400\">Els anys 2012, 2013 i 2014 feien refer\u00e8ncia a <strong>\u201c<\/strong><\/span><strong>trencar i eliminar barreres<\/strong><span style=\"font-weight: 400\"><strong>, obrint les portes a una societat inclusiva i accessible per a tothom\u201d<\/strong>. Les barreres s\u00f3n la clau de volta de l\u2019exclusi\u00f3 i la persona amb discapacitat se les troba arreu, essent les actitudinals\u00a0 les\u00a0 que couen m\u00e9s&#8230;<\/span><\/p>\n<p><span style=\"font-weight: 400\">El 2008 fou l\u2019any de la <strong>\u201c<\/strong><\/span><strong>Convenci\u00f3 sobre els drets de les persones amb discapacitat: dignitat i just\u00edcia per a tothom\u201d.\u00a0<\/strong><\/p>\n<p><span style=\"font-weight: 400\">El 2004 va n\u00e9ixer el <\/span><strong><i>\u201c<\/i><i>Nihil de nobis, sine nobis<span style=\"font-weight: 400\">\u201d<\/span><\/i><\/strong><span style=\"font-weight: 400\"> (Res Sobre Nosaltres Sense Nosaltres), que els anglosaxons van fer seva amb el \u201c<\/span><em><span style=\"font-weight: 400\">Nothing About Us<\/span><\/em><span style=\"font-weight: 400\"><em> Without Us<\/em>\u201d.<\/span><\/p>\n<p><span style=\"font-weight: 400\">I d\u2019aquesta manera podr\u00edem anar transitant per arguments i mots que fan refer\u00e8ncia als drets, la sostenibilitat, l\u2019acc\u00e9s a la tecnologia, la mateixa veu, al treball decent, la vida independent, la participaci\u00f3, l\u2019accessibilitat i la igualtat plenes. Totes recollides en la Convenci\u00f3 de drets per a les persones amb discapacitat aprovada i ratificada per l\u2019Estat espanyol el 3 de maig de 2008.<\/span><\/p>\n<p><span style=\"font-weight: 400\">El lema d\u2019enguany \u2013gaireb\u00e9 igual que el dels 2018, 2019 i 2015, 2009\u2013 t\u00e9 per divisa <\/span>\u201cempoderar <span style=\"font-weight: 400\">les persones amb discapacitat\u201d, per tal que incrementin la seva for\u00e7a i capacitat\u00a0 d\u2019actuaci\u00f3 en l\u2019\u00e0mbit pol\u00edtic i social, en conson\u00e0ncia amb <\/span>l\u2019Agenda 2030<span style=\"font-weight: 400\">. Recordem que els Objectius de Desenvolupament Sostenible i en concret l\u2019ODS 4 se centra en \u201cGarantir una <\/span>educaci\u00f3 inclusiva<span style=\"font-weight: 400\">, equitativa i de qualitat en l\u2019educaci\u00f3 obligat\u00f2ria\u201d (tamb\u00e9 el recull l\u2019Article 26 dels Drets Humans i el 24 de la Convenci\u00f3).<\/span><\/p>\n<h4>Reflexions finals<\/h4>\n<p><span style=\"font-weight: 400\">Un bon amic amb una discapacitat f\u00edsica important que s\u2019havia passat i es passava la vida trencant i superant barreres i obstacles de tota mena en els distints entorns socials on li havia tocat bregar em deia l\u2019altre dia:<\/span><\/p>\n<p><i><span style=\"font-weight: 400\">\u2014 <\/span><\/i><span style=\"font-weight: 400\">M\u2019indigna<\/span> <span style=\"font-weight: 400\">que s\u2019hagin de celebrar diades especials per a gent que senzillament tenim capacitats i potencialitats diferents.<\/span><\/p>\n<p><i><span style=\"font-weight: 400\">\u2014 <\/span><\/i><span style=\"font-weight: 400\">Els l\u00edmits me\u2019ls poso jo,<\/span><i><span style=\"font-weight: 400\">\u00a0<\/span><\/i><span style=\"font-weight: 400\">i si la societat t\u00e9 una idea clara de <\/span>just\u00edcia<span style=\"font-weight: 400\">, m\u00e9s enll\u00e0 de l\u2019equitat i encara massa sovint de la caritat i la pena, perqu\u00e8 cal celebrar aquest dia?<\/span><i><span style=\"font-weight: 400\">\u2014<\/span><\/i><span style=\"font-weight: 400\"> reblava indignat&#8230;<\/span><\/p>\n<blockquote><p><span style=\"font-weight: 400\">\u00c9s imprescindible que imperi <\/span>la Just\u00edcia<span style=\"font-weight: 400\"> i \u00e9s per aix\u00f2 que hem d\u2019introduir canvis en el sistema a fi de corregir els problemes de base que barren el pas a la igualtat real d\u2019oportunitats<\/span><\/p><\/blockquote>\n<p><strong>Em vaig quedar amb la idea de Just\u00edcia<\/strong><span style=\"font-weight: 400\"><strong> \u2013la just\u00edcia social tamb\u00e9 t\u00e9 una diada\u2013 i potser seria el comod\u00ed de tots els dies que ens toca commemorar.<\/strong> Si cada dia ho fos de <\/span>la Just\u00edcia<span style=\"font-weight: 400\"> com a principi universal i de valors, voldria dir que tindr\u00edem com a referents l\u2019equitat, la dignitat, la llibertat, la igualtat, l\u2019\u00e8tica, l\u2019honestedat, la proporcionalitat, el respecte a la legalitat i sobretot la proscripci\u00f3 de l\u2019arbitrarietat.<\/span><\/p>\n<p><span style=\"font-weight: 400\">I probablement no s\u2019emetrien m\u00e9s dict\u00e0mens com el darrer del Comit\u00e8 sobre els Drets de les Persones amb Discapacitat de Nacions Unides el 18 de setembre de 2020, recordant que l\u2019Estat, com a signant de la Convenci\u00f3, t\u00e9 l\u2019obligaci\u00f3, entre d\u2019altres de:<\/span><\/p>\n<ul>\n<li style=\"font-weight: 400\"><span style=\"font-weight: 400\">Eliminar el model m\u00e8dic de la discapacitat i definir clarament la inclusi\u00f3 plena de tots els alumnes amb discapacitat en el sistema educatiu general, independentment de les seves caracter\u00edstiques personals i amb acc\u00e9s als serveis de suport requerits.\u00a0<\/span><\/li>\n<li style=\"font-weight: 400\"><span style=\"font-weight: 400\">Formular una pol\u00edtica integral d\u2019educaci\u00f3 inclusiva, acompanyada d\u2019estrat\u00e8gies per a promoure una cultura d\u2019inclusi\u00f3 en l\u2019ensenyament obligatori (Secund\u00e0ria tamb\u00e9), amb avaluacions individualitzades i basades en els drets humans de les necessitats educatives i els ajustaments necessaris, el suport als docents,\u00a0 el respecte de la diversitat per tal de garantir el dret a la igualtat i a la\u00a0 no discriminaci\u00f3, i la participaci\u00f3 plena i efectiva de les persones amb discapacitat en la societat.<\/span><\/li>\n<li style=\"font-weight: 400\"><span style=\"font-weight: 400\">Eliminar tota segregaci\u00f3 educativa d\u2019estudiants amb discapacitat, tant en els Centres d\u2019Educaci\u00f3 Especial, com en les unitats especialitzades dins dels centres ordinaris. El nostre\u00a0 Decret 150\/2017, de 17 d\u2019octubre, de l\u2019atenci\u00f3 educativa a l\u2019alumnat en el marc d\u2019un sistema educatiu inclusiu avan\u00e7a en aquesta l\u00ednia i la Llei Cela\u00e1 tamb\u00e9, a despit d\u2019anar a empentes i rodolons.<\/span><\/li>\n<\/ul>\n<h5>Conclusi\u00f3<\/h5>\n<p><span style=\"font-weight: 400\">Cercar la igualtat o l\u2019equitat en l\u2019acc\u00e9s als recursos i suports no \u00e9s suficient. \u00c9s imprescindible que imperi <\/span>la Just\u00edcia<span style=\"font-weight: 400\"> i \u00e9s per aix\u00f2 que hem d\u2019introduir canvis en el sistema a fi de corregir els problemes de base que barren el pas a la igualtat real d\u2019oportunitats. Les barreres s\u00f3n sist\u00e8miques!<\/span><\/p>\n<p><strong>Una bona diada sense barreres!<\/strong><\/p>\n","protected":false},"excerpt":{"rendered":"<p>Reflexions pr\u00e8vies En parlem un dia i despr\u00e9s 8.736 hores d\u2019oblit. Aix\u00f2 s\u00ed, tothom ho celebra, especialment els pol\u00edtics i pol\u00edtiques de totes les colles i demarcacions locals, regionals, nacionals, estatals i fins i tot internacionals organitzant a correcuita\u00a0 tota mena d\u2019actes, manifestos i d\u2019altres expressions\u00a0 col\u00b7lectives en qu\u00e8 les persones que hi concorren fan<\/p>\n","protected":false},"author":312,"featured_media":3508,"comment_status":"open","ping_status":"open","sticky":false,"template":"","format":"standard","meta":{"footnotes":""},"categories":[247,95],"tags":[341,282,136,342],"tipo":[],"class_list":{"0":"post-3507","1":"post","2":"type-post","3":"status-publish","4":"format-standard","5":"has-post-thumbnail","7":"category-drets-dels-infants","8":"category-escola-inclusiva","9":"tag-discapacitat","10":"tag-escola-inclusiva","11":"tag-inclusio","12":"tag-justicia-social"},"yoast_head":"<!-- This site is optimized with the Yoast SEO plugin v27.5 - https:\/\/yoast.com\/product\/yoast-seo-wordpress\/ -->\n<title>Dia 3D, hora &#039;blablabl\u00e0&#039;? - Blog de Rosa Sensat<\/title>\n<meta name=\"robots\" content=\"index, follow, max-snippet:-1, max-image-preview:large, max-video-preview:-1\" \/>\n<link rel=\"canonical\" href=\"https:\/\/diarieducacio.cat\/rosasensat\/2021\/12\/02\/dia-3d-hora-blablabla\/\" \/>\n<meta property=\"og:locale\" content=\"ca_ES\" \/>\n<meta property=\"og:type\" content=\"article\" \/>\n<meta property=\"og:title\" content=\"Dia 3D, hora &#039;blablabl\u00e0&#039;? - Blog de Rosa Sensat\" \/>\n<meta property=\"og:description\" content=\"Reflexions pr\u00e8vies En parlem un dia i despr\u00e9s 8.736 hores d\u2019oblit. Aix\u00f2 s\u00ed, tothom ho celebra, especialment els pol\u00edtics i pol\u00edtiques de totes les colles i demarcacions locals, regionals, nacionals, estatals i fins i tot internacionals organitzant a correcuita\u00a0 tota mena d\u2019actes, manifestos i d\u2019altres expressions\u00a0 col\u00b7lectives en qu\u00e8 les persones que hi concorren fan\" \/>\n<meta property=\"og:url\" content=\"https:\/\/diarieducacio.cat\/rosasensat\/2021\/12\/02\/dia-3d-hora-blablabla\/\" \/>\n<meta property=\"og:site_name\" content=\"Blog de Rosa Sensat\" \/>\n<meta property=\"article:published_time\" content=\"2021-12-02T22:05:09+00:00\" \/>\n<meta property=\"article:modified_time\" content=\"2025-03-27T11:09:40+00:00\" \/>\n<meta property=\"og:image\" content=\"https:\/\/diarieducacio.cat\/rosasensat\/wp-content\/uploads\/sites\/21\/2024\/10\/iStock-1331949571.jpg\" \/>\n\t<meta property=\"og:image:width\" content=\"1374\" \/>\n\t<meta property=\"og:image:height\" content=\"763\" \/>\n\t<meta property=\"og:image:type\" content=\"image\/jpeg\" \/>\n<meta name=\"author\" content=\"Efr\u00e8n Carbonell\" \/>\n<meta name=\"twitter:card\" content=\"summary_large_image\" \/>\n<meta name=\"twitter:label1\" content=\"Escrit per\" \/>\n\t<meta name=\"twitter:data1\" content=\"Efr\u00e8n Carbonell\" \/>\n\t<meta name=\"twitter:label2\" content=\"Temps estimat de lectura\" \/>\n\t<meta name=\"twitter:data2\" content=\"7 minuts\" \/>\n<script type=\"application\/ld+json\" class=\"yoast-schema-graph\">{\"@context\":\"https:\\\/\\\/schema.org\",\"@graph\":[{\"@type\":\"Article\",\"@id\":\"https:\\\/\\\/diarieducacio.cat\\\/rosasensat\\\/2021\\\/12\\\/02\\\/dia-3d-hora-blablabla\\\/#article\",\"isPartOf\":{\"@id\":\"https:\\\/\\\/diarieducacio.cat\\\/rosasensat\\\/2021\\\/12\\\/02\\\/dia-3d-hora-blablabla\\\/\"},\"author\":{\"name\":\"Efr\u00e8n Carbonell\",\"@id\":\"https:\\\/\\\/diarieducacio.cat\\\/rosasensat\\\/#\\\/schema\\\/person\\\/e0e4bd1644fe7d501d3ce4663b114aeb\"},\"headline\":\"Dia 3D, hora &#8216;blablabl\u00e0&#8217;?\",\"datePublished\":\"2021-12-02T22:05:09+00:00\",\"dateModified\":\"2025-03-27T11:09:40+00:00\",\"mainEntityOfPage\":{\"@id\":\"https:\\\/\\\/diarieducacio.cat\\\/rosasensat\\\/2021\\\/12\\\/02\\\/dia-3d-hora-blablabla\\\/\"},\"wordCount\":1466,\"commentCount\":0,\"image\":{\"@id\":\"https:\\\/\\\/diarieducacio.cat\\\/rosasensat\\\/2021\\\/12\\\/02\\\/dia-3d-hora-blablabla\\\/#primaryimage\"},\"thumbnailUrl\":\"https:\\\/\\\/diarieducacio.cat\\\/rosasensat\\\/wp-content\\\/uploads\\\/sites\\\/21\\\/2024\\\/10\\\/iStock-1331949571.jpg\",\"keywords\":[\"discapacitat\",\"escola inclusiva\",\"inclusi\u00f3\",\"Just\u00edcia Social\"],\"articleSection\":[\"Drets dels Infants\",\"Escola inclusiva\"],\"inLanguage\":\"ca\",\"potentialAction\":[{\"@type\":\"CommentAction\",\"name\":\"Comment\",\"target\":[\"https:\\\/\\\/diarieducacio.cat\\\/rosasensat\\\/2021\\\/12\\\/02\\\/dia-3d-hora-blablabla\\\/#respond\"]}]},{\"@type\":\"WebPage\",\"@id\":\"https:\\\/\\\/diarieducacio.cat\\\/rosasensat\\\/2021\\\/12\\\/02\\\/dia-3d-hora-blablabla\\\/\",\"url\":\"https:\\\/\\\/diarieducacio.cat\\\/rosasensat\\\/2021\\\/12\\\/02\\\/dia-3d-hora-blablabla\\\/\",\"name\":\"Dia 3D, hora 'blablabl\u00e0'? - Blog de Rosa Sensat\",\"isPartOf\":{\"@id\":\"https:\\\/\\\/diarieducacio.cat\\\/rosasensat\\\/#website\"},\"primaryImageOfPage\":{\"@id\":\"https:\\\/\\\/diarieducacio.cat\\\/rosasensat\\\/2021\\\/12\\\/02\\\/dia-3d-hora-blablabla\\\/#primaryimage\"},\"image\":{\"@id\":\"https:\\\/\\\/diarieducacio.cat\\\/rosasensat\\\/2021\\\/12\\\/02\\\/dia-3d-hora-blablabla\\\/#primaryimage\"},\"thumbnailUrl\":\"https:\\\/\\\/diarieducacio.cat\\\/rosasensat\\\/wp-content\\\/uploads\\\/sites\\\/21\\\/2024\\\/10\\\/iStock-1331949571.jpg\",\"datePublished\":\"2021-12-02T22:05:09+00:00\",\"dateModified\":\"2025-03-27T11:09:40+00:00\",\"author\":{\"@id\":\"https:\\\/\\\/diarieducacio.cat\\\/rosasensat\\\/#\\\/schema\\\/person\\\/e0e4bd1644fe7d501d3ce4663b114aeb\"},\"breadcrumb\":{\"@id\":\"https:\\\/\\\/diarieducacio.cat\\\/rosasensat\\\/2021\\\/12\\\/02\\\/dia-3d-hora-blablabla\\\/#breadcrumb\"},\"inLanguage\":\"ca\",\"potentialAction\":[{\"@type\":\"ReadAction\",\"target\":[\"https:\\\/\\\/diarieducacio.cat\\\/rosasensat\\\/2021\\\/12\\\/02\\\/dia-3d-hora-blablabla\\\/\"]}]},{\"@type\":\"ImageObject\",\"inLanguage\":\"ca\",\"@id\":\"https:\\\/\\\/diarieducacio.cat\\\/rosasensat\\\/2021\\\/12\\\/02\\\/dia-3d-hora-blablabla\\\/#primaryimage\",\"url\":\"https:\\\/\\\/diarieducacio.cat\\\/rosasensat\\\/wp-content\\\/uploads\\\/sites\\\/21\\\/2024\\\/10\\\/iStock-1331949571.jpg\",\"contentUrl\":\"https:\\\/\\\/diarieducacio.cat\\\/rosasensat\\\/wp-content\\\/uploads\\\/sites\\\/21\\\/2024\\\/10\\\/iStock-1331949571.jpg\",\"width\":1374,\"height\":763},{\"@type\":\"BreadcrumbList\",\"@id\":\"https:\\\/\\\/diarieducacio.cat\\\/rosasensat\\\/2021\\\/12\\\/02\\\/dia-3d-hora-blablabla\\\/#breadcrumb\",\"itemListElement\":[{\"@type\":\"ListItem\",\"position\":1,\"name\":\"Inici\",\"item\":\"https:\\\/\\\/diarieducacio.cat\\\/rosasensat\\\/\"},{\"@type\":\"ListItem\",\"position\":2,\"name\":\"Dia 3D, hora &#8216;blablabl\u00e0&#8217;?\"}]},{\"@type\":\"WebSite\",\"@id\":\"https:\\\/\\\/diarieducacio.cat\\\/rosasensat\\\/#website\",\"url\":\"https:\\\/\\\/diarieducacio.cat\\\/rosasensat\\\/\",\"name\":\"Blog de Rosa Sensat\",\"description\":\"\",\"potentialAction\":[{\"@type\":\"SearchAction\",\"target\":{\"@type\":\"EntryPoint\",\"urlTemplate\":\"https:\\\/\\\/diarieducacio.cat\\\/rosasensat\\\/?s={search_term_string}\"},\"query-input\":{\"@type\":\"PropertyValueSpecification\",\"valueRequired\":true,\"valueName\":\"search_term_string\"}}],\"inLanguage\":\"ca\"},{\"@type\":\"Person\",\"@id\":\"https:\\\/\\\/diarieducacio.cat\\\/rosasensat\\\/#\\\/schema\\\/person\\\/e0e4bd1644fe7d501d3ce4663b114aeb\",\"name\":\"Efr\u00e8n Carbonell\",\"image\":{\"@type\":\"ImageObject\",\"inLanguage\":\"ca\",\"@id\":\"https:\\\/\\\/diarieducacio.cat\\\/wp-content\\\/uploads\\\/2024\\\/10\\\/efren-carbonell_avatar-96x96.jpeg\",\"url\":\"https:\\\/\\\/diarieducacio.cat\\\/wp-content\\\/uploads\\\/2024\\\/10\\\/efren-carbonell_avatar-96x96.jpeg\",\"contentUrl\":\"https:\\\/\\\/diarieducacio.cat\\\/wp-content\\\/uploads\\\/2024\\\/10\\\/efren-carbonell_avatar-96x96.jpeg\",\"caption\":\"Efr\u00e8n Carbonell\"},\"description\":\"Director d'Aspasim\",\"url\":\"https:\\\/\\\/diarieducacio.cat\\\/rosasensat\\\/author\\\/ecarbonell\\\/\"}]}<\/script>\n<!-- \/ Yoast SEO plugin. -->","yoast_head_json":{"title":"Dia 3D, hora 'blablabl\u00e0'? - Blog de Rosa Sensat","robots":{"index":"index","follow":"follow","max-snippet":"max-snippet:-1","max-image-preview":"max-image-preview:large","max-video-preview":"max-video-preview:-1"},"canonical":"https:\/\/diarieducacio.cat\/rosasensat\/2021\/12\/02\/dia-3d-hora-blablabla\/","og_locale":"ca_ES","og_type":"article","og_title":"Dia 3D, hora 'blablabl\u00e0'? - Blog de Rosa Sensat","og_description":"Reflexions pr\u00e8vies En parlem un dia i despr\u00e9s 8.736 hores d\u2019oblit. Aix\u00f2 s\u00ed, tothom ho celebra, especialment els pol\u00edtics i pol\u00edtiques de totes les colles i demarcacions locals, regionals, nacionals, estatals i fins i tot internacionals organitzant a correcuita\u00a0 tota mena d\u2019actes, manifestos i d\u2019altres expressions\u00a0 col\u00b7lectives en qu\u00e8 les persones que hi concorren fan","og_url":"https:\/\/diarieducacio.cat\/rosasensat\/2021\/12\/02\/dia-3d-hora-blablabla\/","og_site_name":"Blog de Rosa Sensat","article_published_time":"2021-12-02T22:05:09+00:00","article_modified_time":"2025-03-27T11:09:40+00:00","og_image":[{"width":1374,"height":763,"url":"https:\/\/diarieducacio.cat\/rosasensat\/wp-content\/uploads\/sites\/21\/2024\/10\/iStock-1331949571.jpg","type":"image\/jpeg"}],"author":"Efr\u00e8n Carbonell","twitter_card":"summary_large_image","twitter_misc":{"Escrit per":"Efr\u00e8n Carbonell","Temps estimat de lectura":"7 minuts"},"schema":{"@context":"https:\/\/schema.org","@graph":[{"@type":"Article","@id":"https:\/\/diarieducacio.cat\/rosasensat\/2021\/12\/02\/dia-3d-hora-blablabla\/#article","isPartOf":{"@id":"https:\/\/diarieducacio.cat\/rosasensat\/2021\/12\/02\/dia-3d-hora-blablabla\/"},"author":{"name":"Efr\u00e8n Carbonell","@id":"https:\/\/diarieducacio.cat\/rosasensat\/#\/schema\/person\/e0e4bd1644fe7d501d3ce4663b114aeb"},"headline":"Dia 3D, hora &#8216;blablabl\u00e0&#8217;?","datePublished":"2021-12-02T22:05:09+00:00","dateModified":"2025-03-27T11:09:40+00:00","mainEntityOfPage":{"@id":"https:\/\/diarieducacio.cat\/rosasensat\/2021\/12\/02\/dia-3d-hora-blablabla\/"},"wordCount":1466,"commentCount":0,"image":{"@id":"https:\/\/diarieducacio.cat\/rosasensat\/2021\/12\/02\/dia-3d-hora-blablabla\/#primaryimage"},"thumbnailUrl":"https:\/\/diarieducacio.cat\/rosasensat\/wp-content\/uploads\/sites\/21\/2024\/10\/iStock-1331949571.jpg","keywords":["discapacitat","escola inclusiva","inclusi\u00f3","Just\u00edcia Social"],"articleSection":["Drets dels Infants","Escola inclusiva"],"inLanguage":"ca","potentialAction":[{"@type":"CommentAction","name":"Comment","target":["https:\/\/diarieducacio.cat\/rosasensat\/2021\/12\/02\/dia-3d-hora-blablabla\/#respond"]}]},{"@type":"WebPage","@id":"https:\/\/diarieducacio.cat\/rosasensat\/2021\/12\/02\/dia-3d-hora-blablabla\/","url":"https:\/\/diarieducacio.cat\/rosasensat\/2021\/12\/02\/dia-3d-hora-blablabla\/","name":"Dia 3D, hora 'blablabl\u00e0'? - Blog de Rosa Sensat","isPartOf":{"@id":"https:\/\/diarieducacio.cat\/rosasensat\/#website"},"primaryImageOfPage":{"@id":"https:\/\/diarieducacio.cat\/rosasensat\/2021\/12\/02\/dia-3d-hora-blablabla\/#primaryimage"},"image":{"@id":"https:\/\/diarieducacio.cat\/rosasensat\/2021\/12\/02\/dia-3d-hora-blablabla\/#primaryimage"},"thumbnailUrl":"https:\/\/diarieducacio.cat\/rosasensat\/wp-content\/uploads\/sites\/21\/2024\/10\/iStock-1331949571.jpg","datePublished":"2021-12-02T22:05:09+00:00","dateModified":"2025-03-27T11:09:40+00:00","author":{"@id":"https:\/\/diarieducacio.cat\/rosasensat\/#\/schema\/person\/e0e4bd1644fe7d501d3ce4663b114aeb"},"breadcrumb":{"@id":"https:\/\/diarieducacio.cat\/rosasensat\/2021\/12\/02\/dia-3d-hora-blablabla\/#breadcrumb"},"inLanguage":"ca","potentialAction":[{"@type":"ReadAction","target":["https:\/\/diarieducacio.cat\/rosasensat\/2021\/12\/02\/dia-3d-hora-blablabla\/"]}]},{"@type":"ImageObject","inLanguage":"ca","@id":"https:\/\/diarieducacio.cat\/rosasensat\/2021\/12\/02\/dia-3d-hora-blablabla\/#primaryimage","url":"https:\/\/diarieducacio.cat\/rosasensat\/wp-content\/uploads\/sites\/21\/2024\/10\/iStock-1331949571.jpg","contentUrl":"https:\/\/diarieducacio.cat\/rosasensat\/wp-content\/uploads\/sites\/21\/2024\/10\/iStock-1331949571.jpg","width":1374,"height":763},{"@type":"BreadcrumbList","@id":"https:\/\/diarieducacio.cat\/rosasensat\/2021\/12\/02\/dia-3d-hora-blablabla\/#breadcrumb","itemListElement":[{"@type":"ListItem","position":1,"name":"Inici","item":"https:\/\/diarieducacio.cat\/rosasensat\/"},{"@type":"ListItem","position":2,"name":"Dia 3D, hora &#8216;blablabl\u00e0&#8217;?"}]},{"@type":"WebSite","@id":"https:\/\/diarieducacio.cat\/rosasensat\/#website","url":"https:\/\/diarieducacio.cat\/rosasensat\/","name":"Blog de Rosa Sensat","description":"","potentialAction":[{"@type":"SearchAction","target":{"@type":"EntryPoint","urlTemplate":"https:\/\/diarieducacio.cat\/rosasensat\/?s={search_term_string}"},"query-input":{"@type":"PropertyValueSpecification","valueRequired":true,"valueName":"search_term_string"}}],"inLanguage":"ca"},{"@type":"Person","@id":"https:\/\/diarieducacio.cat\/rosasensat\/#\/schema\/person\/e0e4bd1644fe7d501d3ce4663b114aeb","name":"Efr\u00e8n Carbonell","image":{"@type":"ImageObject","inLanguage":"ca","@id":"https:\/\/diarieducacio.cat\/wp-content\/uploads\/2024\/10\/efren-carbonell_avatar-96x96.jpeg","url":"https:\/\/diarieducacio.cat\/wp-content\/uploads\/2024\/10\/efren-carbonell_avatar-96x96.jpeg","contentUrl":"https:\/\/diarieducacio.cat\/wp-content\/uploads\/2024\/10\/efren-carbonell_avatar-96x96.jpeg","caption":"Efr\u00e8n Carbonell"},"description":"Director d'Aspasim","url":"https:\/\/diarieducacio.cat\/rosasensat\/author\/ecarbonell\/"}]}},"_links":{"self":[{"href":"https:\/\/diarieducacio.cat\/rosasensat\/wp-json\/wp\/v2\/posts\/3507","targetHints":{"allow":["GET"]}}],"collection":[{"href":"https:\/\/diarieducacio.cat\/rosasensat\/wp-json\/wp\/v2\/posts"}],"about":[{"href":"https:\/\/diarieducacio.cat\/rosasensat\/wp-json\/wp\/v2\/types\/post"}],"author":[{"embeddable":true,"href":"https:\/\/diarieducacio.cat\/rosasensat\/wp-json\/wp\/v2\/users\/312"}],"replies":[{"embeddable":true,"href":"https:\/\/diarieducacio.cat\/rosasensat\/wp-json\/wp\/v2\/comments?post=3507"}],"version-history":[{"count":1,"href":"https:\/\/diarieducacio.cat\/rosasensat\/wp-json\/wp\/v2\/posts\/3507\/revisions"}],"predecessor-version":[{"id":3758,"href":"https:\/\/diarieducacio.cat\/rosasensat\/wp-json\/wp\/v2\/posts\/3507\/revisions\/3758"}],"wp:featuredmedia":[{"embeddable":true,"href":"https:\/\/diarieducacio.cat\/rosasensat\/wp-json\/wp\/v2\/media\/3508"}],"wp:attachment":[{"href":"https:\/\/diarieducacio.cat\/rosasensat\/wp-json\/wp\/v2\/media?parent=3507"}],"wp:term":[{"taxonomy":"category","embeddable":true,"href":"https:\/\/diarieducacio.cat\/rosasensat\/wp-json\/wp\/v2\/categories?post=3507"},{"taxonomy":"post_tag","embeddable":true,"href":"https:\/\/diarieducacio.cat\/rosasensat\/wp-json\/wp\/v2\/tags?post=3507"},{"taxonomy":"tipo","embeddable":true,"href":"https:\/\/diarieducacio.cat\/rosasensat\/wp-json\/wp\/v2\/tipo?post=3507"}],"curies":[{"name":"wp","href":"https:\/\/api.w.org\/{rel}","templated":true}]}}