{"id":3517,"date":"2022-03-07T23:09:30","date_gmt":"2022-03-07T22:09:30","guid":{"rendered":"https:\/\/nostalgic-ishizaka.82-223-1-47.plesk.page\/rosasensat\/2022\/03\/07\/per-tots-els-sabers-de-les-dones-visca-el-8m\/"},"modified":"2025-03-27T12:07:35","modified_gmt":"2025-03-27T11:07:35","slug":"per-tots-els-sabers-de-les-dones-visca-el-8m","status":"publish","type":"post","link":"https:\/\/diarieducacio.cat\/rosasensat\/2022\/03\/07\/per-tots-els-sabers-de-les-dones-visca-el-8m\/","title":{"rendered":"Per tots els sabers de les dones, visca el 8M!!!"},"content":{"rendered":"<p style=\"text-align: justify\">El personal de neteja, majorit\u00e0riament dones, tamb\u00e9 \u00e9s part de la comunitat educativa, per\u00f2 la seva feina indispensable \u00e9s, generalment, invisible. L&#8217;alumnat, i tamb\u00e9 el professorat i les fam\u00edlies, hem de ser conscients de la seva pres\u00e8ncia i dedicaci\u00f3 per dos motius b\u00e0sics: primer, perqu\u00e8 \u00e9s de just\u00edcia i segon, perqu\u00e8 <strong>sense les tasques de cura no \u00e9s possible desenvolupar cap activitat, ni a les escoles, ni als despatxos, ni a les f\u00e0briques ni a les llars.<\/strong> Per la import\u00e0ncia de les tasques de cura, Visca el 8M!!!<\/p>\n<blockquote><p>Els sabers de les dones i de la cura haurien de ser presents en el dia a dia de les aules, i espec\u00edficament en la ci\u00e8ncia, la tecnologia, la tutoria&#8230;<\/p><\/blockquote>\n<p style=\"text-align: justify\">Els sabers educatius pretenen ser universals, per\u00f2 obliden els de les dones, que som la meitat de la poblaci\u00f3.<strong> Cal canviar els curr\u00edculums actuals de tots els nivells educatius<\/strong>. Per tal d&#8217;incloure els sabers que les dones hem desenvolupat en tots els camps de coneixement: la literatura, la ci\u00e8ncia, l&#8217;art, l&#8217;economia, etc. fent un esment especial als sabers relacionats amb la cura. Els sabers de les dones i de la cura haurien de ser presents en el dia a dia de les aules, i espec\u00edficament en la ci\u00e8ncia, la tecnologia, la tutoria&#8230; <strong>Per tots els sabers de les dones, visca el 8M!!!<\/strong><\/p>\n<p style=\"text-align: justify\">Una mestra explica que a una aula d&#8217;educaci\u00f3 infantil una nena es queixava que un company seu explicava a tota la classe que eren \u00abnovios\u00bb i ella deia que no, que no ho eren i que no ho volia ser. Aquesta mestra insisteix que el NO \u00e9s NO s&#8217;ha de comen\u00e7ar a treballar en aquesta etapa. Una altra mestra, d&#8217;escola bressol, afirma &#8220;Dia a dia descobreixo petits indicadors que m&#8217;avisen de biaixos, d&#8217;un pilot autom\u00e0tic que ens deixa actuar sense reparar que de forma inconscient estem perpetuant mandats, privilegis i rols. Des de posar m\u00e9s menjar al plat si es tracta d&#8217;un nen a tenir m\u00e9s cura que les nenes vagin conjuntades. On ens posicionem amb les nenes si les hem de canviar, si les hem de pentinar? Deixem que cridin igual que els nens o a elles els demanem que siguin m\u00e9s madures, tamb\u00e9 a l&#8217;edat dels dos anys?&#8221; <strong>Aquestes petites coses &#8220;sense import\u00e0ncia&#8221; contenen un mandat molt clar, dif\u00edcil de canviar si des de la petita inf\u00e0ncia no ens graduem b\u00e9 les ulleres de la perspectiva de g\u00e8nere.<\/strong><\/p>\n<blockquote><p>Si volem construir projectes educatius realment emancipadors, ens caldr\u00e0 pensar espais de confian\u00e7a tamb\u00e9 per nens i joves<\/p><\/blockquote>\n<p style=\"text-align: justify\">Per altra banda, cal oferir un espai pedag\u00f2gic a tots els nens i a aquell jovent que, amb unes condicions i un context social com l&#8217;actual d&#8217;incertesa i precarietat, troben en la reafirmaci\u00f3 de la masculinitat tradicional un espai de reivindicaci\u00f3. Si volem construir projectes educatius realment emancipadors, ens caldr\u00e0 pensar espais de confian\u00e7a tamb\u00e9 per aquests nens i joves. Nom\u00e9s aix\u00ed podrem desmuntar els vells discursos del patriarcat que sempre descobreixen diferents maneres de reproduir-se entre la nostra canalla.<strong> Per les mestres i professores de totes les etapes educatives que cada dia identifiquen desigualtats, estereotips i viol\u00e8ncies i atenen i acompanyen infants i adolescents en el seu creixement i en les seves relacions interpersonals en llibertat, Visca el 8M!!!<\/strong><\/p>\n<p style=\"text-align: justify\">Ser mestra o professora feminista ara no \u00e9s gens f\u00e0cil, per\u00f2 segurament seria molt m\u00e9s complicat i ens sentir\u00edem molt m\u00e9s soles sense la riquesa que ens han deixat totes les mestres i dones del passat, que durant tota la seva vida, i malgrat l&#8217;esc\u00e0s o nul reconeixement, han obert cam\u00ed. <strong>Dones dissidents que han fet possible que ara puguem parlar de coeducaci\u00f3, de pedagogies feministes o de pr\u00e0ctiques educatives antipatriarcals<\/strong>. Enguany tamb\u00e9 continuem homenatjant i recordant les dones treballadores de tot el m\u00f3n que ens han precedit, el seu esfor\u00e7 i la seva lluita perqu\u00e8 gr\u00e0cies a elles, avui tenim el que tenim.<\/p>\n<p style=\"text-align: justify\">Per totes les mestres que durant molts anys han estat treballant a les aules des d&#8217;una pr\u00e0ctica educativa feminista que ens porta al present, i <strong>per totes les dones del m\u00f3n gr\u00e0cies a les quals avui tenim el que tenim, Visca el 8M!!!<\/strong><\/p>\n<blockquote><p>La perspectiva feminista ha de ser a la formaci\u00f3 docent inicial i permanent de forma consistent i generalitzada i a c\u00e0rrec de formadores feministes<\/p><\/blockquote>\n<p style=\"text-align: justify\">Vuit de mar\u00e7, i malgrat que la lluita per una educaci\u00f3 feminista la fem di\u00e0riament, aquesta data ens ajuda a parar i a pensar. Per\u00f2 en el m\u00f3n escolar no ens deixen gaire temps per parar i pensar. <strong>Avui dia no s\u00f3n poques les persones que omplen els seus discursos amb la &#8220;perspectiva feminista&#8221; i la &#8220;import\u00e0ncia de les cures&#8221;, per\u00f2 si aquests termes no impliquen acci\u00f3 pol\u00edtica, serveixen de ben poc.<\/strong> La perspectiva feminista ha de ser a la formaci\u00f3 docent inicial i permanent de forma consistent i generalitzada i a c\u00e0rrec de formadores feministes.<\/p>\n<p style=\"text-align: justify\">Constatem les moltes oportunitats malbaratades per part de l&#8217;Administraci\u00f3 per avan\u00e7ar. Els decrets que prepara el Departament d&#8217;Educaci\u00f3 per desenvolupar la LOMLOE, inclouen els sabers de les dones? El nou Decret d&#8217;Educaci\u00f3 incorpora la perspectiva de g\u00e8nere de manera transversal a l&#8217;escola i al curr\u00edculum, per\u00f2, <strong>quins s\u00f3n els elements que destaquen en l&#8217;esborrany a part de la utilitzaci\u00f3 partidista de l&#8217;\u00fas de la llengua i el valor num\u00e8ric dels aprenentatges a trav\u00e9s de l&#8217;avaluaci\u00f3?<\/strong><\/p>\n<blockquote><p>Cal que el Departament doti a escoles i instituts de recursos reals i tangibles perqu\u00e8 la coeducaci\u00f3 i la igualtat real i efectiva entre dones i homes de la Llei d&#8217;educaci\u00f3 de Catalunya no sigui paper mullat<\/p><\/blockquote>\n<p style=\"text-align: justify\">Com ja vam dir l&#8217;any passat, per nosaltres 8M s\u00f3n tots els dies de l&#8217;any. Tanmateix, les accions, en moltes escoles i instituts, queden relegades a dates commemoratives com la d&#8217;avui. <strong>Cal que als nostres centres assumim aquesta responsabilitat adoptant un comprom\u00eds ferm per replantejar-nos la quotidianitat.<\/strong> Per poder-ho fer cal que el Departament doti a escoles i instituts de recursos reals i tangibles perqu\u00e8 la coeducaci\u00f3 i la igualtat real i efectiva entre dones i homes de la Llei d&#8217;educaci\u00f3 de Catalunya no sigui paper mullat.<\/p>\n<p style=\"text-align: justify\">Davant la barb\u00e0rie patriarcal que es posa de manifest a tots els \u00e0mbits de les nostres vides i de les vides d&#8217;altres persones del m\u00f3n, en forma d&#8217;amena\u00e7a b\u00e8l\u00b7lica, d&#8217;extractivisme o d&#8217;explotaci\u00f3 laboral i econ\u00f2mica, <strong>com a docents feministes, ens oposem a totes les formes de viol\u00e8ncia en tots els \u00e0mbits i posem la vida en el centre<\/strong> per la just\u00edcia i la llibertat en una societat lliure de viol\u00e8ncia i per una educaci\u00f3 que serveixi a la seva construcci\u00f3.<\/p>\n<p style=\"text-align: justify\">Aquest 8M volem recordar que no podrem ser lliures si no ho som totes, que la llibertat \u00e9s col\u00b7lectiva i no un producte individual i neoliberal. L&#8217;empoderament d&#8217;unes no pot anar en detriment de les vides d&#8217;altres dones.<strong> No podem parlar de feminisme sense parlar de com interseccionen altres opressions les vides del nostre alumnat, de les seves fam\u00edlies i les nostres<\/strong>, ni podem deixar perdre el potencial transformador del feminisme.<\/p>\n<p>&nbsp;<\/p>\n<p><strong>VISCA EL 8M I<\/strong><\/p>\n<p><strong>VISCA, VISCA, VISCA,<\/strong><\/p>\n<p><strong>LES MESTRES I PROFES FEMINISTES<\/strong><\/p>\n","protected":false},"excerpt":{"rendered":"<p>El personal de neteja, majorit\u00e0riament dones, tamb\u00e9 \u00e9s part de la comunitat educativa, per\u00f2 la seva feina indispensable \u00e9s, generalment, invisible. L&#8217;alumnat, i tamb\u00e9 el professorat i les fam\u00edlies, hem de ser conscients de la seva pres\u00e8ncia i dedicaci\u00f3 per dos motius b\u00e0sics: primer, perqu\u00e8 \u00e9s de just\u00edcia i segon, perqu\u00e8 sense les tasques de<\/p>\n","protected":false},"author":349,"featured_media":3518,"comment_status":"open","ping_status":"open","sticky":false,"template":"","format":"standard","meta":{"footnotes":""},"categories":[357],"tags":[355,152,356,298,162],"tipo":[],"class_list":{"0":"post-3517","1":"post","2":"type-post","3":"status-publish","4":"format-standard","5":"has-post-thumbnail","7":"category-educacio-feminista","8":"tag-8m","9":"tag-educacio","10":"tag-educacio-feminista","11":"tag-feminisme","12":"tag-mestres"},"yoast_head":"<!-- This site is optimized with the Yoast SEO plugin v27.5 - https:\/\/yoast.com\/product\/yoast-seo-wordpress\/ -->\n<title>Per tots els sabers de les dones, visca el 8M!!! - Blog de Rosa Sensat<\/title>\n<meta name=\"robots\" content=\"index, follow, max-snippet:-1, max-image-preview:large, max-video-preview:-1\" \/>\n<link rel=\"canonical\" href=\"https:\/\/diarieducacio.cat\/rosasensat\/2022\/03\/07\/per-tots-els-sabers-de-les-dones-visca-el-8m\/\" \/>\n<meta property=\"og:locale\" content=\"ca_ES\" \/>\n<meta property=\"og:type\" content=\"article\" \/>\n<meta property=\"og:title\" content=\"Per tots els sabers de les dones, visca el 8M!!! - Blog de Rosa Sensat\" \/>\n<meta property=\"og:description\" content=\"El personal de neteja, majorit\u00e0riament dones, tamb\u00e9 \u00e9s part de la comunitat educativa, per\u00f2 la seva feina indispensable \u00e9s, generalment, invisible. L&#8217;alumnat, i tamb\u00e9 el professorat i les fam\u00edlies, hem de ser conscients de la seva pres\u00e8ncia i dedicaci\u00f3 per dos motius b\u00e0sics: primer, perqu\u00e8 \u00e9s de just\u00edcia i segon, perqu\u00e8 sense les tasques de\" \/>\n<meta property=\"og:url\" content=\"https:\/\/diarieducacio.cat\/rosasensat\/2022\/03\/07\/per-tots-els-sabers-de-les-dones-visca-el-8m\/\" \/>\n<meta property=\"og:site_name\" content=\"Blog de Rosa Sensat\" \/>\n<meta property=\"article:published_time\" content=\"2022-03-07T22:09:30+00:00\" \/>\n<meta property=\"article:modified_time\" content=\"2025-03-27T11:07:35+00:00\" \/>\n<meta property=\"og:image\" content=\"https:\/\/diarieducacio.cat\/rosasensat\/wp-content\/uploads\/sites\/21\/2024\/10\/Manifest-8M.jpg\" \/>\n\t<meta property=\"og:image:width\" content=\"985\" \/>\n\t<meta property=\"og:image:height\" content=\"657\" \/>\n\t<meta property=\"og:image:type\" content=\"image\/jpeg\" \/>\n<meta name=\"author\" content=\"Grup de Treball Educaci\u00f3 Feminista\" \/>\n<meta name=\"twitter:card\" content=\"summary_large_image\" \/>\n<meta name=\"twitter:label1\" content=\"Escrit per\" \/>\n\t<meta name=\"twitter:data1\" content=\"Grup de Treball Educaci\u00f3 Feminista\" \/>\n\t<meta name=\"twitter:label2\" content=\"Temps estimat de lectura\" \/>\n\t<meta name=\"twitter:data2\" content=\"6 minuts\" \/>\n<script type=\"application\/ld+json\" class=\"yoast-schema-graph\">{\"@context\":\"https:\\\/\\\/schema.org\",\"@graph\":[{\"@type\":\"Article\",\"@id\":\"https:\\\/\\\/diarieducacio.cat\\\/rosasensat\\\/2022\\\/03\\\/07\\\/per-tots-els-sabers-de-les-dones-visca-el-8m\\\/#article\",\"isPartOf\":{\"@id\":\"https:\\\/\\\/diarieducacio.cat\\\/rosasensat\\\/2022\\\/03\\\/07\\\/per-tots-els-sabers-de-les-dones-visca-el-8m\\\/\"},\"author\":{\"name\":\"Grup de Treball Educaci\u00f3 Feminista\",\"@id\":\"https:\\\/\\\/diarieducacio.cat\\\/rosasensat\\\/#\\\/schema\\\/person\\\/d485f964c5c9ee80b4ab01039443e9f2\"},\"headline\":\"Per tots els sabers de les dones, visca el 8M!!!\",\"datePublished\":\"2022-03-07T22:09:30+00:00\",\"dateModified\":\"2025-03-27T11:07:35+00:00\",\"mainEntityOfPage\":{\"@id\":\"https:\\\/\\\/diarieducacio.cat\\\/rosasensat\\\/2022\\\/03\\\/07\\\/per-tots-els-sabers-de-les-dones-visca-el-8m\\\/\"},\"wordCount\":1276,\"commentCount\":0,\"image\":{\"@id\":\"https:\\\/\\\/diarieducacio.cat\\\/rosasensat\\\/2022\\\/03\\\/07\\\/per-tots-els-sabers-de-les-dones-visca-el-8m\\\/#primaryimage\"},\"thumbnailUrl\":\"https:\\\/\\\/diarieducacio.cat\\\/rosasensat\\\/wp-content\\\/uploads\\\/sites\\\/21\\\/2024\\\/10\\\/Manifest-8M.jpg\",\"keywords\":[\"8M\",\"educaci\u00f3\",\"Educaci\u00f3 feminista\",\"feminisme\",\"mestres\"],\"articleSection\":[\"Educaci\u00f3 feminista\"],\"inLanguage\":\"ca\",\"potentialAction\":[{\"@type\":\"CommentAction\",\"name\":\"Comment\",\"target\":[\"https:\\\/\\\/diarieducacio.cat\\\/rosasensat\\\/2022\\\/03\\\/07\\\/per-tots-els-sabers-de-les-dones-visca-el-8m\\\/#respond\"]}]},{\"@type\":\"WebPage\",\"@id\":\"https:\\\/\\\/diarieducacio.cat\\\/rosasensat\\\/2022\\\/03\\\/07\\\/per-tots-els-sabers-de-les-dones-visca-el-8m\\\/\",\"url\":\"https:\\\/\\\/diarieducacio.cat\\\/rosasensat\\\/2022\\\/03\\\/07\\\/per-tots-els-sabers-de-les-dones-visca-el-8m\\\/\",\"name\":\"Per tots els sabers de les dones, visca el 8M!!! - Blog de Rosa Sensat\",\"isPartOf\":{\"@id\":\"https:\\\/\\\/diarieducacio.cat\\\/rosasensat\\\/#website\"},\"primaryImageOfPage\":{\"@id\":\"https:\\\/\\\/diarieducacio.cat\\\/rosasensat\\\/2022\\\/03\\\/07\\\/per-tots-els-sabers-de-les-dones-visca-el-8m\\\/#primaryimage\"},\"image\":{\"@id\":\"https:\\\/\\\/diarieducacio.cat\\\/rosasensat\\\/2022\\\/03\\\/07\\\/per-tots-els-sabers-de-les-dones-visca-el-8m\\\/#primaryimage\"},\"thumbnailUrl\":\"https:\\\/\\\/diarieducacio.cat\\\/rosasensat\\\/wp-content\\\/uploads\\\/sites\\\/21\\\/2024\\\/10\\\/Manifest-8M.jpg\",\"datePublished\":\"2022-03-07T22:09:30+00:00\",\"dateModified\":\"2025-03-27T11:07:35+00:00\",\"author\":{\"@id\":\"https:\\\/\\\/diarieducacio.cat\\\/rosasensat\\\/#\\\/schema\\\/person\\\/d485f964c5c9ee80b4ab01039443e9f2\"},\"breadcrumb\":{\"@id\":\"https:\\\/\\\/diarieducacio.cat\\\/rosasensat\\\/2022\\\/03\\\/07\\\/per-tots-els-sabers-de-les-dones-visca-el-8m\\\/#breadcrumb\"},\"inLanguage\":\"ca\",\"potentialAction\":[{\"@type\":\"ReadAction\",\"target\":[\"https:\\\/\\\/diarieducacio.cat\\\/rosasensat\\\/2022\\\/03\\\/07\\\/per-tots-els-sabers-de-les-dones-visca-el-8m\\\/\"]}]},{\"@type\":\"ImageObject\",\"inLanguage\":\"ca\",\"@id\":\"https:\\\/\\\/diarieducacio.cat\\\/rosasensat\\\/2022\\\/03\\\/07\\\/per-tots-els-sabers-de-les-dones-visca-el-8m\\\/#primaryimage\",\"url\":\"https:\\\/\\\/diarieducacio.cat\\\/rosasensat\\\/wp-content\\\/uploads\\\/sites\\\/21\\\/2024\\\/10\\\/Manifest-8M.jpg\",\"contentUrl\":\"https:\\\/\\\/diarieducacio.cat\\\/rosasensat\\\/wp-content\\\/uploads\\\/sites\\\/21\\\/2024\\\/10\\\/Manifest-8M.jpg\",\"width\":985,\"height\":657},{\"@type\":\"BreadcrumbList\",\"@id\":\"https:\\\/\\\/diarieducacio.cat\\\/rosasensat\\\/2022\\\/03\\\/07\\\/per-tots-els-sabers-de-les-dones-visca-el-8m\\\/#breadcrumb\",\"itemListElement\":[{\"@type\":\"ListItem\",\"position\":1,\"name\":\"Inici\",\"item\":\"https:\\\/\\\/diarieducacio.cat\\\/rosasensat\\\/\"},{\"@type\":\"ListItem\",\"position\":2,\"name\":\"Per tots els sabers de les dones, visca el 8M!!!\"}]},{\"@type\":\"WebSite\",\"@id\":\"https:\\\/\\\/diarieducacio.cat\\\/rosasensat\\\/#website\",\"url\":\"https:\\\/\\\/diarieducacio.cat\\\/rosasensat\\\/\",\"name\":\"Blog de Rosa Sensat\",\"description\":\"\",\"potentialAction\":[{\"@type\":\"SearchAction\",\"target\":{\"@type\":\"EntryPoint\",\"urlTemplate\":\"https:\\\/\\\/diarieducacio.cat\\\/rosasensat\\\/?s={search_term_string}\"},\"query-input\":{\"@type\":\"PropertyValueSpecification\",\"valueRequired\":true,\"valueName\":\"search_term_string\"}}],\"inLanguage\":\"ca\"},{\"@type\":\"Person\",\"@id\":\"https:\\\/\\\/diarieducacio.cat\\\/rosasensat\\\/#\\\/schema\\\/person\\\/d485f964c5c9ee80b4ab01039443e9f2\",\"name\":\"Grup de Treball Educaci\u00f3 Feminista\",\"image\":{\"@type\":\"ImageObject\",\"inLanguage\":\"ca\",\"@id\":\"https:\\\/\\\/diarieducacio.cat\\\/rosasensat\\\/wp-content\\\/uploads\\\/sites\\\/21\\\/2025\\\/11\\\/grup-de-treball-educacio-feminista_avatar-96x96.png\",\"url\":\"https:\\\/\\\/diarieducacio.cat\\\/rosasensat\\\/wp-content\\\/uploads\\\/sites\\\/21\\\/2025\\\/11\\\/grup-de-treball-educacio-feminista_avatar-96x96.png\",\"contentUrl\":\"https:\\\/\\\/diarieducacio.cat\\\/rosasensat\\\/wp-content\\\/uploads\\\/sites\\\/21\\\/2025\\\/11\\\/grup-de-treball-educacio-feminista_avatar-96x96.png\",\"caption\":\"Grup de Treball Educaci\u00f3 Feminista\"},\"description\":\"GT Educaci\u00f3 feminista: G\u00e8nere i curr\u00edculum, Associaci\u00f3 de Mestres Rosa Sensat\",\"url\":\"https:\\\/\\\/diarieducacio.cat\\\/rosasensat\\\/author\\\/gtedufeminista\\\/\"}]}<\/script>\n<!-- \/ Yoast SEO plugin. -->","yoast_head_json":{"title":"Per tots els sabers de les dones, visca el 8M!!! - Blog de Rosa Sensat","robots":{"index":"index","follow":"follow","max-snippet":"max-snippet:-1","max-image-preview":"max-image-preview:large","max-video-preview":"max-video-preview:-1"},"canonical":"https:\/\/diarieducacio.cat\/rosasensat\/2022\/03\/07\/per-tots-els-sabers-de-les-dones-visca-el-8m\/","og_locale":"ca_ES","og_type":"article","og_title":"Per tots els sabers de les dones, visca el 8M!!! - Blog de Rosa Sensat","og_description":"El personal de neteja, majorit\u00e0riament dones, tamb\u00e9 \u00e9s part de la comunitat educativa, per\u00f2 la seva feina indispensable \u00e9s, generalment, invisible. L&#8217;alumnat, i tamb\u00e9 el professorat i les fam\u00edlies, hem de ser conscients de la seva pres\u00e8ncia i dedicaci\u00f3 per dos motius b\u00e0sics: primer, perqu\u00e8 \u00e9s de just\u00edcia i segon, perqu\u00e8 sense les tasques de","og_url":"https:\/\/diarieducacio.cat\/rosasensat\/2022\/03\/07\/per-tots-els-sabers-de-les-dones-visca-el-8m\/","og_site_name":"Blog de Rosa Sensat","article_published_time":"2022-03-07T22:09:30+00:00","article_modified_time":"2025-03-27T11:07:35+00:00","og_image":[{"width":985,"height":657,"url":"https:\/\/diarieducacio.cat\/rosasensat\/wp-content\/uploads\/sites\/21\/2024\/10\/Manifest-8M.jpg","type":"image\/jpeg"}],"author":"Grup de Treball Educaci\u00f3 Feminista","twitter_card":"summary_large_image","twitter_misc":{"Escrit per":"Grup de Treball Educaci\u00f3 Feminista","Temps estimat de lectura":"6 minuts"},"schema":{"@context":"https:\/\/schema.org","@graph":[{"@type":"Article","@id":"https:\/\/diarieducacio.cat\/rosasensat\/2022\/03\/07\/per-tots-els-sabers-de-les-dones-visca-el-8m\/#article","isPartOf":{"@id":"https:\/\/diarieducacio.cat\/rosasensat\/2022\/03\/07\/per-tots-els-sabers-de-les-dones-visca-el-8m\/"},"author":{"name":"Grup de Treball Educaci\u00f3 Feminista","@id":"https:\/\/diarieducacio.cat\/rosasensat\/#\/schema\/person\/d485f964c5c9ee80b4ab01039443e9f2"},"headline":"Per tots els sabers de les dones, visca el 8M!!!","datePublished":"2022-03-07T22:09:30+00:00","dateModified":"2025-03-27T11:07:35+00:00","mainEntityOfPage":{"@id":"https:\/\/diarieducacio.cat\/rosasensat\/2022\/03\/07\/per-tots-els-sabers-de-les-dones-visca-el-8m\/"},"wordCount":1276,"commentCount":0,"image":{"@id":"https:\/\/diarieducacio.cat\/rosasensat\/2022\/03\/07\/per-tots-els-sabers-de-les-dones-visca-el-8m\/#primaryimage"},"thumbnailUrl":"https:\/\/diarieducacio.cat\/rosasensat\/wp-content\/uploads\/sites\/21\/2024\/10\/Manifest-8M.jpg","keywords":["8M","educaci\u00f3","Educaci\u00f3 feminista","feminisme","mestres"],"articleSection":["Educaci\u00f3 feminista"],"inLanguage":"ca","potentialAction":[{"@type":"CommentAction","name":"Comment","target":["https:\/\/diarieducacio.cat\/rosasensat\/2022\/03\/07\/per-tots-els-sabers-de-les-dones-visca-el-8m\/#respond"]}]},{"@type":"WebPage","@id":"https:\/\/diarieducacio.cat\/rosasensat\/2022\/03\/07\/per-tots-els-sabers-de-les-dones-visca-el-8m\/","url":"https:\/\/diarieducacio.cat\/rosasensat\/2022\/03\/07\/per-tots-els-sabers-de-les-dones-visca-el-8m\/","name":"Per tots els sabers de les dones, visca el 8M!!! - Blog de Rosa Sensat","isPartOf":{"@id":"https:\/\/diarieducacio.cat\/rosasensat\/#website"},"primaryImageOfPage":{"@id":"https:\/\/diarieducacio.cat\/rosasensat\/2022\/03\/07\/per-tots-els-sabers-de-les-dones-visca-el-8m\/#primaryimage"},"image":{"@id":"https:\/\/diarieducacio.cat\/rosasensat\/2022\/03\/07\/per-tots-els-sabers-de-les-dones-visca-el-8m\/#primaryimage"},"thumbnailUrl":"https:\/\/diarieducacio.cat\/rosasensat\/wp-content\/uploads\/sites\/21\/2024\/10\/Manifest-8M.jpg","datePublished":"2022-03-07T22:09:30+00:00","dateModified":"2025-03-27T11:07:35+00:00","author":{"@id":"https:\/\/diarieducacio.cat\/rosasensat\/#\/schema\/person\/d485f964c5c9ee80b4ab01039443e9f2"},"breadcrumb":{"@id":"https:\/\/diarieducacio.cat\/rosasensat\/2022\/03\/07\/per-tots-els-sabers-de-les-dones-visca-el-8m\/#breadcrumb"},"inLanguage":"ca","potentialAction":[{"@type":"ReadAction","target":["https:\/\/diarieducacio.cat\/rosasensat\/2022\/03\/07\/per-tots-els-sabers-de-les-dones-visca-el-8m\/"]}]},{"@type":"ImageObject","inLanguage":"ca","@id":"https:\/\/diarieducacio.cat\/rosasensat\/2022\/03\/07\/per-tots-els-sabers-de-les-dones-visca-el-8m\/#primaryimage","url":"https:\/\/diarieducacio.cat\/rosasensat\/wp-content\/uploads\/sites\/21\/2024\/10\/Manifest-8M.jpg","contentUrl":"https:\/\/diarieducacio.cat\/rosasensat\/wp-content\/uploads\/sites\/21\/2024\/10\/Manifest-8M.jpg","width":985,"height":657},{"@type":"BreadcrumbList","@id":"https:\/\/diarieducacio.cat\/rosasensat\/2022\/03\/07\/per-tots-els-sabers-de-les-dones-visca-el-8m\/#breadcrumb","itemListElement":[{"@type":"ListItem","position":1,"name":"Inici","item":"https:\/\/diarieducacio.cat\/rosasensat\/"},{"@type":"ListItem","position":2,"name":"Per tots els sabers de les dones, visca el 8M!!!"}]},{"@type":"WebSite","@id":"https:\/\/diarieducacio.cat\/rosasensat\/#website","url":"https:\/\/diarieducacio.cat\/rosasensat\/","name":"Blog de Rosa Sensat","description":"","potentialAction":[{"@type":"SearchAction","target":{"@type":"EntryPoint","urlTemplate":"https:\/\/diarieducacio.cat\/rosasensat\/?s={search_term_string}"},"query-input":{"@type":"PropertyValueSpecification","valueRequired":true,"valueName":"search_term_string"}}],"inLanguage":"ca"},{"@type":"Person","@id":"https:\/\/diarieducacio.cat\/rosasensat\/#\/schema\/person\/d485f964c5c9ee80b4ab01039443e9f2","name":"Grup de Treball Educaci\u00f3 Feminista","image":{"@type":"ImageObject","inLanguage":"ca","@id":"https:\/\/diarieducacio.cat\/rosasensat\/wp-content\/uploads\/sites\/21\/2025\/11\/grup-de-treball-educacio-feminista_avatar-96x96.png","url":"https:\/\/diarieducacio.cat\/rosasensat\/wp-content\/uploads\/sites\/21\/2025\/11\/grup-de-treball-educacio-feminista_avatar-96x96.png","contentUrl":"https:\/\/diarieducacio.cat\/rosasensat\/wp-content\/uploads\/sites\/21\/2025\/11\/grup-de-treball-educacio-feminista_avatar-96x96.png","caption":"Grup de Treball Educaci\u00f3 Feminista"},"description":"GT Educaci\u00f3 feminista: G\u00e8nere i curr\u00edculum, Associaci\u00f3 de Mestres Rosa Sensat","url":"https:\/\/diarieducacio.cat\/rosasensat\/author\/gtedufeminista\/"}]}},"_links":{"self":[{"href":"https:\/\/diarieducacio.cat\/rosasensat\/wp-json\/wp\/v2\/posts\/3517","targetHints":{"allow":["GET"]}}],"collection":[{"href":"https:\/\/diarieducacio.cat\/rosasensat\/wp-json\/wp\/v2\/posts"}],"about":[{"href":"https:\/\/diarieducacio.cat\/rosasensat\/wp-json\/wp\/v2\/types\/post"}],"author":[{"embeddable":true,"href":"https:\/\/diarieducacio.cat\/rosasensat\/wp-json\/wp\/v2\/users\/349"}],"replies":[{"embeddable":true,"href":"https:\/\/diarieducacio.cat\/rosasensat\/wp-json\/wp\/v2\/comments?post=3517"}],"version-history":[{"count":1,"href":"https:\/\/diarieducacio.cat\/rosasensat\/wp-json\/wp\/v2\/posts\/3517\/revisions"}],"predecessor-version":[{"id":3754,"href":"https:\/\/diarieducacio.cat\/rosasensat\/wp-json\/wp\/v2\/posts\/3517\/revisions\/3754"}],"wp:featuredmedia":[{"embeddable":true,"href":"https:\/\/diarieducacio.cat\/rosasensat\/wp-json\/wp\/v2\/media\/3518"}],"wp:attachment":[{"href":"https:\/\/diarieducacio.cat\/rosasensat\/wp-json\/wp\/v2\/media?parent=3517"}],"wp:term":[{"taxonomy":"category","embeddable":true,"href":"https:\/\/diarieducacio.cat\/rosasensat\/wp-json\/wp\/v2\/categories?post=3517"},{"taxonomy":"post_tag","embeddable":true,"href":"https:\/\/diarieducacio.cat\/rosasensat\/wp-json\/wp\/v2\/tags?post=3517"},{"taxonomy":"tipo","embeddable":true,"href":"https:\/\/diarieducacio.cat\/rosasensat\/wp-json\/wp\/v2\/tipo?post=3517"}],"curies":[{"name":"wp","href":"https:\/\/api.w.org\/{rel}","templated":true}]}}