{"id":3541,"date":"2023-01-31T10:40:22","date_gmt":"2023-01-31T09:40:22","guid":{"rendered":"https:\/\/nostalgic-ishizaka.82-223-1-47.plesk.page\/rosasensat\/2023\/01\/31\/cuidar-el-nostre-joc-per-poder-cuidar-els-infants\/"},"modified":"2025-03-27T12:04:55","modified_gmt":"2025-03-27T11:04:55","slug":"cuidar-el-nostre-joc-per-poder-cuidar-els-infants","status":"publish","type":"post","link":"https:\/\/diarieducacio.cat\/rosasensat\/2023\/01\/31\/cuidar-el-nostre-joc-per-poder-cuidar-els-infants\/","title":{"rendered":"Cuidar el nostre joc per poder cuidar els infants"},"content":{"rendered":"<p>Segurament deveu pensar, com nosaltres, que seria fant\u00e0stic trobar la f\u00f3rmula que ens fes prologar aquesta sensaci\u00f3 de connexi\u00f3 amb nosaltres mateixes. No sabem la f\u00f3rmula exacta, per\u00f2 fa temps que estem a la recerca i us volem compartir la nostra experi\u00e8ncia.<\/p>\n<h5>Mantenir l&#8217;esperit del joc durant tota l&#8217;edat adulta<\/h5>\n<p>Diu el David Bueno, doctor en biologia i expert en neuroci\u00e8ncia, que els humans no juguem per divertir-nos, sin\u00f3 que juguem per aprendre i que \u00e9s el cervell el que fa que sigui una activitat plaent o divertida, i ho fa amb totes les nostres necessitats vitals: menjar, dormir, etc.<\/p>\n<p><strong>Voler jugar durant tota la vida en realitat vol dir voler aprendre<\/strong> i sembla que per fer-ho, el nostre cervell necessita que ho fem des de l&#8217;acci\u00f3 i el moviment involucrant tots els nostres sentits.<\/p>\n<h5>Per\u00f2 els adults juguem?<\/h5>\n<p>I tant! <strong>El joc adult \u00e9s el nostre sentit vital<\/strong>, juguem\/aprenem a tocar un instrument, a fer ioga, a ballar, a cantar o a fer mitja. Tamb\u00e9 juguem a cuinar i a pujar muntanyes a peu o en bicicleta i moltes coses m\u00e9s.<\/p>\n<p style=\"padding-left: 40px\">&#8220;La pr\u00e0ctica regular del ioga produeix beneficis en la salut mental i augmenta el volum de la\u00a0<span class=\"hiddenGrammarError\">mat\u00e8ria grisa<\/span>\u00a0de l&#8217;hipocamp millorant la mem\u00f2ria i la gesti\u00f3 de la conducta.&#8221;<br \/>\n<span class=\"hiddenSpellError\">Nazareth<\/span>\u00a0<span class=\"hiddenSpellError\">Castellanos<\/span><\/p>\n<h5>El que ens passa quan juguem<\/h5>\n<p>\u00c9s interessant saber que la pr\u00e0ctica del ioga millora la mem\u00f2ria i la gesti\u00f3 de la conducta i potser \u00e9s encara m\u00e9s important adonar-nos que <strong>en jugar connectem amb una enorme sensaci\u00f3 de satisfacci\u00f3, d&#8217;alegria, de plaer i de benestar que ens permet estar m\u00e9s disponibles pels altres.<\/strong> Podem dir que tenim un dip\u00f2sit intern de joc que necessita emplenar-se i que un cop ple ens pot servir per omplir el dels altres i \u00e9s rellevant vetllar perqu\u00e8 no quedi buit.<\/p>\n<p>Quan juguem, a m\u00e9s d&#8217;infinitat de compet\u00e8ncies que ja coneixeu, tamb\u00e9 experimentem moltes situacions que posen a prova la nostra paci\u00e8ncia, la nostra capacitat d&#8217;acceptar les frustracions i la nostra vulnerabilitat. Us posarem un exemple molt senzill. Nosaltres fem ioga cada setmana i el nostre professor ens mostra una asana amb indicacions clares i precises de tot el que s&#8217;ha de fer, quan nosaltres ho provem estem molt lluny del seu exemple i ens frustrem, per\u00f2 ell al llarg dels mesos continua proposant el mateix exercici i millorem, al nostre ritme, per\u00f2 millorem.<\/p>\n<blockquote><p>Tenim un dip\u00f2sit intern de joc que necessita emplenar-se i que un cop ple ens pot servir per omplir el dels altres i \u00e9s rellevant vetllar perqu\u00e8 no quedi buit.<\/p><\/blockquote>\n<p>Fer ioga ens ha perm\u00e8s aprendre des de la viv\u00e8ncia v\u00e0ries coses que podem traslladar a l&#8217;acompanyament amb infants:<\/p>\n<ul>\n<li>La import\u00e0ncia de la confian\u00e7a del professor en nosaltres<\/li>\n<li>La nostra disposici\u00f3 oberta a tot el que ens vol ensenyar<\/li>\n<li>Que la repetici\u00f3 d&#8217;exercicis ens aporta beneficis i que cal fer-ho amb paci\u00e8ncia<\/li>\n<\/ul>\n<p>Si no f\u00e9ssim ioga sabr\u00edem tot aix\u00f2 de forma te\u00f2rica, perqu\u00e8 s\u00f3n coses molt evidents i b\u00e0siques, per\u00f2 us assegurem que quan demanem a un infant que faci alguna cosa i no li surt a la primera, podem comprendre&#8217;l i acompanyar-lo millor perqu\u00e8 ens frustrem cada setmana!, tenim molt fresca l&#8217;emoci\u00f3 i us assegurem que, almenys nosaltres, ni en 40 formacions ni en 200 llibres hem aconseguit integrar aquests conceptes de forma tan clara.<\/p>\n<h5>Aprendre a cuidar del nostre joc<\/h5>\n<p><strong>Si dediqueu cada dia una estona a jugar, adquirireu\u00a0a poc a poc\u00a0un autoconeixement que us permetr\u00e0 detectar com va el vostre dip\u00f2sit per mantenir-lo sempre amb els nivells que garanteixen el vostre benestar (i, per tant,\u00a0el dels altres).<\/strong><\/p>\n<p>Sabem que quan els infants no han jugat prou tenen menys paci\u00e8ncia, que estan m\u00e9s intranquils, que els costa connectar amb els altres i amb ells mateixos; els adults no som diferents en aquest aspecte, potser amb els anys hem\u00a0apr\u00e8s\u00a0a dissimular, per\u00f2\u00a0internament sabem que alguna cosa no va b\u00e9.<\/p>\n<h5>Si els adults estan b\u00e9, els infants tamb\u00e9<\/h5>\n<p><span style=\"font-weight: 400\">Segur que heu sentit mil vegades que \u00e9s responsabilitat dels adults que els infants estiguin b\u00e9 i que per aconseguir-ho hem de fer que trobin plaer en aprendre, en arriscar-se, en expressar les seves emocions i un llarg etc\u00e8tera, per\u00f2 potser el que no sentim prou, \u00e9s que nom\u00e9s si nosaltres estem b\u00e9, ells ho estaran, que<strong> nom\u00e9s si nosaltres tenim ganes d\u2019aprendre i experimentar, ells voldran fer-ho i que per estimar-se i cuidar-se, han de tenir adults que els serveixin d\u2019exemple.\u00a0<\/strong><\/span><\/p>\n<p><span style=\"font-weight: 400\">Des de Jugar i Jugar i com defensores i activistes del joc us demanem, si us plau, que ompliu el dip\u00f2sit jugant molt, gaudiu, cuideu-vos i llavors s\u00ed que fareu certa la frase famosa que acompanya la vostra professi\u00f3; <\/span><b>que b\u00e9 que viuen les profes!<\/b><\/p>\n","protected":false},"excerpt":{"rendered":"<p>Segurament deveu pensar, com nosaltres, que seria fant\u00e0stic trobar la f\u00f3rmula que ens fes prologar aquesta sensaci\u00f3 de connexi\u00f3 amb nosaltres mateixes. No sabem la f\u00f3rmula exacta, per\u00f2 fa temps que estem a la recerca i us volem compartir la nostra experi\u00e8ncia. Mantenir l&#8217;esperit del joc durant tota l&#8217;edat adulta Diu el David Bueno, doctor<\/p>\n","protected":false},"author":353,"featured_media":3542,"comment_status":"open","ping_status":"open","sticky":false,"template":"","format":"standard","meta":{"footnotes":""},"categories":[225,197],"tags":[372,373,237,162],"tipo":[],"class_list":{"0":"post-3541","1":"post","2":"type-post","3":"status-publish","4":"format-standard","5":"has-post-thumbnail","7":"category-educacio-adults","8":"category-infants","9":"tag-autoconeixement","10":"tag-experimentacio","11":"tag-joc","12":"tag-mestres"},"yoast_head":"<!-- This site is optimized with the Yoast SEO plugin v27.5 - https:\/\/yoast.com\/product\/yoast-seo-wordpress\/ -->\n<title>Cuidar el nostre joc per poder cuidar els infants - Blog de Rosa Sensat<\/title>\n<meta name=\"robots\" content=\"index, follow, max-snippet:-1, max-image-preview:large, max-video-preview:-1\" \/>\n<link rel=\"canonical\" href=\"https:\/\/diarieducacio.cat\/rosasensat\/2023\/01\/31\/cuidar-el-nostre-joc-per-poder-cuidar-els-infants\/\" \/>\n<meta property=\"og:locale\" content=\"ca_ES\" \/>\n<meta property=\"og:type\" content=\"article\" \/>\n<meta property=\"og:title\" content=\"Cuidar el nostre joc per poder cuidar els infants - Blog de Rosa Sensat\" \/>\n<meta property=\"og:description\" content=\"Segurament deveu pensar, com nosaltres, que seria fant\u00e0stic trobar la f\u00f3rmula que ens fes prologar aquesta sensaci\u00f3 de connexi\u00f3 amb nosaltres mateixes. No sabem la f\u00f3rmula exacta, per\u00f2 fa temps que estem a la recerca i us volem compartir la nostra experi\u00e8ncia. Mantenir l&#8217;esperit del joc durant tota l&#8217;edat adulta Diu el David Bueno, doctor\" \/>\n<meta property=\"og:url\" content=\"https:\/\/diarieducacio.cat\/rosasensat\/2023\/01\/31\/cuidar-el-nostre-joc-per-poder-cuidar-els-infants\/\" \/>\n<meta property=\"og:site_name\" content=\"Blog de Rosa Sensat\" \/>\n<meta property=\"article:published_time\" content=\"2023-01-31T09:40:22+00:00\" \/>\n<meta property=\"article:modified_time\" content=\"2025-03-27T11:04:55+00:00\" \/>\n<meta property=\"og:image\" content=\"https:\/\/diarieducacio.cat\/rosasensat\/wp-content\/uploads\/sites\/21\/2024\/10\/AlvaroSanz.jpeg\" \/>\n\t<meta property=\"og:image:width\" content=\"640\" \/>\n\t<meta property=\"og:image:height\" content=\"427\" \/>\n\t<meta property=\"og:image:type\" content=\"image\/jpeg\" \/>\n<meta name=\"author\" content=\"Claudia D\u00edaz i Carmen Granados\" \/>\n<meta name=\"twitter:card\" content=\"summary_large_image\" \/>\n<meta name=\"twitter:label1\" content=\"Escrit per\" \/>\n\t<meta name=\"twitter:data1\" content=\"Claudia D\u00edaz i Carmen Granados\" \/>\n\t<meta name=\"twitter:label2\" content=\"Temps estimat de lectura\" \/>\n\t<meta name=\"twitter:data2\" content=\"4 minuts\" \/>\n<script type=\"application\/ld+json\" class=\"yoast-schema-graph\">{\"@context\":\"https:\\\/\\\/schema.org\",\"@graph\":[{\"@type\":\"Article\",\"@id\":\"https:\\\/\\\/diarieducacio.cat\\\/rosasensat\\\/2023\\\/01\\\/31\\\/cuidar-el-nostre-joc-per-poder-cuidar-els-infants\\\/#article\",\"isPartOf\":{\"@id\":\"https:\\\/\\\/diarieducacio.cat\\\/rosasensat\\\/2023\\\/01\\\/31\\\/cuidar-el-nostre-joc-per-poder-cuidar-els-infants\\\/\"},\"author\":{\"name\":\"Claudia D\u00edaz i Carmen Granados\",\"@id\":\"https:\\\/\\\/diarieducacio.cat\\\/rosasensat\\\/#\\\/schema\\\/person\\\/c58b7fff794c241bf56bd9a7694928ed\"},\"headline\":\"Cuidar el nostre joc per poder cuidar els infants\",\"datePublished\":\"2023-01-31T09:40:22+00:00\",\"dateModified\":\"2025-03-27T11:04:55+00:00\",\"mainEntityOfPage\":{\"@id\":\"https:\\\/\\\/diarieducacio.cat\\\/rosasensat\\\/2023\\\/01\\\/31\\\/cuidar-el-nostre-joc-per-poder-cuidar-els-infants\\\/\"},\"wordCount\":843,\"commentCount\":0,\"image\":{\"@id\":\"https:\\\/\\\/diarieducacio.cat\\\/rosasensat\\\/2023\\\/01\\\/31\\\/cuidar-el-nostre-joc-per-poder-cuidar-els-infants\\\/#primaryimage\"},\"thumbnailUrl\":\"https:\\\/\\\/diarieducacio.cat\\\/rosasensat\\\/wp-content\\\/uploads\\\/sites\\\/21\\\/2024\\\/10\\\/AlvaroSanz.jpeg\",\"keywords\":[\"Autoconeixement\",\"Experimentaci\u00f3\",\"joc\",\"mestres\"],\"articleSection\":[\"educaci\u00f3 adults\",\"infants\"],\"inLanguage\":\"ca\",\"potentialAction\":[{\"@type\":\"CommentAction\",\"name\":\"Comment\",\"target\":[\"https:\\\/\\\/diarieducacio.cat\\\/rosasensat\\\/2023\\\/01\\\/31\\\/cuidar-el-nostre-joc-per-poder-cuidar-els-infants\\\/#respond\"]}]},{\"@type\":\"WebPage\",\"@id\":\"https:\\\/\\\/diarieducacio.cat\\\/rosasensat\\\/2023\\\/01\\\/31\\\/cuidar-el-nostre-joc-per-poder-cuidar-els-infants\\\/\",\"url\":\"https:\\\/\\\/diarieducacio.cat\\\/rosasensat\\\/2023\\\/01\\\/31\\\/cuidar-el-nostre-joc-per-poder-cuidar-els-infants\\\/\",\"name\":\"Cuidar el nostre joc per poder cuidar els infants - Blog de Rosa Sensat\",\"isPartOf\":{\"@id\":\"https:\\\/\\\/diarieducacio.cat\\\/rosasensat\\\/#website\"},\"primaryImageOfPage\":{\"@id\":\"https:\\\/\\\/diarieducacio.cat\\\/rosasensat\\\/2023\\\/01\\\/31\\\/cuidar-el-nostre-joc-per-poder-cuidar-els-infants\\\/#primaryimage\"},\"image\":{\"@id\":\"https:\\\/\\\/diarieducacio.cat\\\/rosasensat\\\/2023\\\/01\\\/31\\\/cuidar-el-nostre-joc-per-poder-cuidar-els-infants\\\/#primaryimage\"},\"thumbnailUrl\":\"https:\\\/\\\/diarieducacio.cat\\\/rosasensat\\\/wp-content\\\/uploads\\\/sites\\\/21\\\/2024\\\/10\\\/AlvaroSanz.jpeg\",\"datePublished\":\"2023-01-31T09:40:22+00:00\",\"dateModified\":\"2025-03-27T11:04:55+00:00\",\"author\":{\"@id\":\"https:\\\/\\\/diarieducacio.cat\\\/rosasensat\\\/#\\\/schema\\\/person\\\/c58b7fff794c241bf56bd9a7694928ed\"},\"breadcrumb\":{\"@id\":\"https:\\\/\\\/diarieducacio.cat\\\/rosasensat\\\/2023\\\/01\\\/31\\\/cuidar-el-nostre-joc-per-poder-cuidar-els-infants\\\/#breadcrumb\"},\"inLanguage\":\"ca\",\"potentialAction\":[{\"@type\":\"ReadAction\",\"target\":[\"https:\\\/\\\/diarieducacio.cat\\\/rosasensat\\\/2023\\\/01\\\/31\\\/cuidar-el-nostre-joc-per-poder-cuidar-els-infants\\\/\"]}]},{\"@type\":\"ImageObject\",\"inLanguage\":\"ca\",\"@id\":\"https:\\\/\\\/diarieducacio.cat\\\/rosasensat\\\/2023\\\/01\\\/31\\\/cuidar-el-nostre-joc-per-poder-cuidar-els-infants\\\/#primaryimage\",\"url\":\"https:\\\/\\\/diarieducacio.cat\\\/rosasensat\\\/wp-content\\\/uploads\\\/sites\\\/21\\\/2024\\\/10\\\/AlvaroSanz.jpeg\",\"contentUrl\":\"https:\\\/\\\/diarieducacio.cat\\\/rosasensat\\\/wp-content\\\/uploads\\\/sites\\\/21\\\/2024\\\/10\\\/AlvaroSanz.jpeg\",\"width\":640,\"height\":427},{\"@type\":\"BreadcrumbList\",\"@id\":\"https:\\\/\\\/diarieducacio.cat\\\/rosasensat\\\/2023\\\/01\\\/31\\\/cuidar-el-nostre-joc-per-poder-cuidar-els-infants\\\/#breadcrumb\",\"itemListElement\":[{\"@type\":\"ListItem\",\"position\":1,\"name\":\"Inici\",\"item\":\"https:\\\/\\\/diarieducacio.cat\\\/rosasensat\\\/\"},{\"@type\":\"ListItem\",\"position\":2,\"name\":\"Cuidar el nostre joc per poder cuidar els infants\"}]},{\"@type\":\"WebSite\",\"@id\":\"https:\\\/\\\/diarieducacio.cat\\\/rosasensat\\\/#website\",\"url\":\"https:\\\/\\\/diarieducacio.cat\\\/rosasensat\\\/\",\"name\":\"Blog de Rosa Sensat\",\"description\":\"\",\"potentialAction\":[{\"@type\":\"SearchAction\",\"target\":{\"@type\":\"EntryPoint\",\"urlTemplate\":\"https:\\\/\\\/diarieducacio.cat\\\/rosasensat\\\/?s={search_term_string}\"},\"query-input\":{\"@type\":\"PropertyValueSpecification\",\"valueRequired\":true,\"valueName\":\"search_term_string\"}}],\"inLanguage\":\"ca\"},{\"@type\":\"Person\",\"@id\":\"https:\\\/\\\/diarieducacio.cat\\\/rosasensat\\\/#\\\/schema\\\/person\\\/c58b7fff794c241bf56bd9a7694928ed\",\"name\":\"Claudia D\u00edaz i Carmen Granados\",\"image\":{\"@type\":\"ImageObject\",\"inLanguage\":\"ca\",\"@id\":\"https:\\\/\\\/secure.gravatar.com\\\/avatar\\\/8d21845b3f893b82d3b942cf314abf3999521b239567797aa93ced24c79c7fe9?s=96&d=mm&r=g\",\"url\":\"https:\\\/\\\/secure.gravatar.com\\\/avatar\\\/8d21845b3f893b82d3b942cf314abf3999521b239567797aa93ced24c79c7fe9?s=96&d=mm&r=g\",\"contentUrl\":\"https:\\\/\\\/secure.gravatar.com\\\/avatar\\\/8d21845b3f893b82d3b942cf314abf3999521b239567797aa93ced24c79c7fe9?s=96&d=mm&r=g\",\"caption\":\"Claudia D\u00edaz i Carmen Granados\"},\"description\":\"Fundadores de Jugar i Jugar i especialistes en joc infantil.\",\"url\":\"https:\\\/\\\/diarieducacio.cat\\\/rosasensat\\\/author\\\/jugarijugar\\\/\"}]}<\/script>\n<!-- \/ Yoast SEO plugin. -->","yoast_head_json":{"title":"Cuidar el nostre joc per poder cuidar els infants - Blog de Rosa Sensat","robots":{"index":"index","follow":"follow","max-snippet":"max-snippet:-1","max-image-preview":"max-image-preview:large","max-video-preview":"max-video-preview:-1"},"canonical":"https:\/\/diarieducacio.cat\/rosasensat\/2023\/01\/31\/cuidar-el-nostre-joc-per-poder-cuidar-els-infants\/","og_locale":"ca_ES","og_type":"article","og_title":"Cuidar el nostre joc per poder cuidar els infants - Blog de Rosa Sensat","og_description":"Segurament deveu pensar, com nosaltres, que seria fant\u00e0stic trobar la f\u00f3rmula que ens fes prologar aquesta sensaci\u00f3 de connexi\u00f3 amb nosaltres mateixes. No sabem la f\u00f3rmula exacta, per\u00f2 fa temps que estem a la recerca i us volem compartir la nostra experi\u00e8ncia. Mantenir l&#8217;esperit del joc durant tota l&#8217;edat adulta Diu el David Bueno, doctor","og_url":"https:\/\/diarieducacio.cat\/rosasensat\/2023\/01\/31\/cuidar-el-nostre-joc-per-poder-cuidar-els-infants\/","og_site_name":"Blog de Rosa Sensat","article_published_time":"2023-01-31T09:40:22+00:00","article_modified_time":"2025-03-27T11:04:55+00:00","og_image":[{"width":640,"height":427,"url":"https:\/\/diarieducacio.cat\/rosasensat\/wp-content\/uploads\/sites\/21\/2024\/10\/AlvaroSanz.jpeg","type":"image\/jpeg"}],"author":"Claudia D\u00edaz i Carmen Granados","twitter_card":"summary_large_image","twitter_misc":{"Escrit per":"Claudia D\u00edaz i Carmen Granados","Temps estimat de lectura":"4 minuts"},"schema":{"@context":"https:\/\/schema.org","@graph":[{"@type":"Article","@id":"https:\/\/diarieducacio.cat\/rosasensat\/2023\/01\/31\/cuidar-el-nostre-joc-per-poder-cuidar-els-infants\/#article","isPartOf":{"@id":"https:\/\/diarieducacio.cat\/rosasensat\/2023\/01\/31\/cuidar-el-nostre-joc-per-poder-cuidar-els-infants\/"},"author":{"name":"Claudia D\u00edaz i Carmen Granados","@id":"https:\/\/diarieducacio.cat\/rosasensat\/#\/schema\/person\/c58b7fff794c241bf56bd9a7694928ed"},"headline":"Cuidar el nostre joc per poder cuidar els infants","datePublished":"2023-01-31T09:40:22+00:00","dateModified":"2025-03-27T11:04:55+00:00","mainEntityOfPage":{"@id":"https:\/\/diarieducacio.cat\/rosasensat\/2023\/01\/31\/cuidar-el-nostre-joc-per-poder-cuidar-els-infants\/"},"wordCount":843,"commentCount":0,"image":{"@id":"https:\/\/diarieducacio.cat\/rosasensat\/2023\/01\/31\/cuidar-el-nostre-joc-per-poder-cuidar-els-infants\/#primaryimage"},"thumbnailUrl":"https:\/\/diarieducacio.cat\/rosasensat\/wp-content\/uploads\/sites\/21\/2024\/10\/AlvaroSanz.jpeg","keywords":["Autoconeixement","Experimentaci\u00f3","joc","mestres"],"articleSection":["educaci\u00f3 adults","infants"],"inLanguage":"ca","potentialAction":[{"@type":"CommentAction","name":"Comment","target":["https:\/\/diarieducacio.cat\/rosasensat\/2023\/01\/31\/cuidar-el-nostre-joc-per-poder-cuidar-els-infants\/#respond"]}]},{"@type":"WebPage","@id":"https:\/\/diarieducacio.cat\/rosasensat\/2023\/01\/31\/cuidar-el-nostre-joc-per-poder-cuidar-els-infants\/","url":"https:\/\/diarieducacio.cat\/rosasensat\/2023\/01\/31\/cuidar-el-nostre-joc-per-poder-cuidar-els-infants\/","name":"Cuidar el nostre joc per poder cuidar els infants - Blog de Rosa Sensat","isPartOf":{"@id":"https:\/\/diarieducacio.cat\/rosasensat\/#website"},"primaryImageOfPage":{"@id":"https:\/\/diarieducacio.cat\/rosasensat\/2023\/01\/31\/cuidar-el-nostre-joc-per-poder-cuidar-els-infants\/#primaryimage"},"image":{"@id":"https:\/\/diarieducacio.cat\/rosasensat\/2023\/01\/31\/cuidar-el-nostre-joc-per-poder-cuidar-els-infants\/#primaryimage"},"thumbnailUrl":"https:\/\/diarieducacio.cat\/rosasensat\/wp-content\/uploads\/sites\/21\/2024\/10\/AlvaroSanz.jpeg","datePublished":"2023-01-31T09:40:22+00:00","dateModified":"2025-03-27T11:04:55+00:00","author":{"@id":"https:\/\/diarieducacio.cat\/rosasensat\/#\/schema\/person\/c58b7fff794c241bf56bd9a7694928ed"},"breadcrumb":{"@id":"https:\/\/diarieducacio.cat\/rosasensat\/2023\/01\/31\/cuidar-el-nostre-joc-per-poder-cuidar-els-infants\/#breadcrumb"},"inLanguage":"ca","potentialAction":[{"@type":"ReadAction","target":["https:\/\/diarieducacio.cat\/rosasensat\/2023\/01\/31\/cuidar-el-nostre-joc-per-poder-cuidar-els-infants\/"]}]},{"@type":"ImageObject","inLanguage":"ca","@id":"https:\/\/diarieducacio.cat\/rosasensat\/2023\/01\/31\/cuidar-el-nostre-joc-per-poder-cuidar-els-infants\/#primaryimage","url":"https:\/\/diarieducacio.cat\/rosasensat\/wp-content\/uploads\/sites\/21\/2024\/10\/AlvaroSanz.jpeg","contentUrl":"https:\/\/diarieducacio.cat\/rosasensat\/wp-content\/uploads\/sites\/21\/2024\/10\/AlvaroSanz.jpeg","width":640,"height":427},{"@type":"BreadcrumbList","@id":"https:\/\/diarieducacio.cat\/rosasensat\/2023\/01\/31\/cuidar-el-nostre-joc-per-poder-cuidar-els-infants\/#breadcrumb","itemListElement":[{"@type":"ListItem","position":1,"name":"Inici","item":"https:\/\/diarieducacio.cat\/rosasensat\/"},{"@type":"ListItem","position":2,"name":"Cuidar el nostre joc per poder cuidar els infants"}]},{"@type":"WebSite","@id":"https:\/\/diarieducacio.cat\/rosasensat\/#website","url":"https:\/\/diarieducacio.cat\/rosasensat\/","name":"Blog de Rosa Sensat","description":"","potentialAction":[{"@type":"SearchAction","target":{"@type":"EntryPoint","urlTemplate":"https:\/\/diarieducacio.cat\/rosasensat\/?s={search_term_string}"},"query-input":{"@type":"PropertyValueSpecification","valueRequired":true,"valueName":"search_term_string"}}],"inLanguage":"ca"},{"@type":"Person","@id":"https:\/\/diarieducacio.cat\/rosasensat\/#\/schema\/person\/c58b7fff794c241bf56bd9a7694928ed","name":"Claudia D\u00edaz i Carmen Granados","image":{"@type":"ImageObject","inLanguage":"ca","@id":"https:\/\/secure.gravatar.com\/avatar\/8d21845b3f893b82d3b942cf314abf3999521b239567797aa93ced24c79c7fe9?s=96&d=mm&r=g","url":"https:\/\/secure.gravatar.com\/avatar\/8d21845b3f893b82d3b942cf314abf3999521b239567797aa93ced24c79c7fe9?s=96&d=mm&r=g","contentUrl":"https:\/\/secure.gravatar.com\/avatar\/8d21845b3f893b82d3b942cf314abf3999521b239567797aa93ced24c79c7fe9?s=96&d=mm&r=g","caption":"Claudia D\u00edaz i Carmen Granados"},"description":"Fundadores de Jugar i Jugar i especialistes en joc infantil.","url":"https:\/\/diarieducacio.cat\/rosasensat\/author\/jugarijugar\/"}]}},"_links":{"self":[{"href":"https:\/\/diarieducacio.cat\/rosasensat\/wp-json\/wp\/v2\/posts\/3541","targetHints":{"allow":["GET"]}}],"collection":[{"href":"https:\/\/diarieducacio.cat\/rosasensat\/wp-json\/wp\/v2\/posts"}],"about":[{"href":"https:\/\/diarieducacio.cat\/rosasensat\/wp-json\/wp\/v2\/types\/post"}],"author":[{"embeddable":true,"href":"https:\/\/diarieducacio.cat\/rosasensat\/wp-json\/wp\/v2\/users\/353"}],"replies":[{"embeddable":true,"href":"https:\/\/diarieducacio.cat\/rosasensat\/wp-json\/wp\/v2\/comments?post=3541"}],"version-history":[{"count":1,"href":"https:\/\/diarieducacio.cat\/rosasensat\/wp-json\/wp\/v2\/posts\/3541\/revisions"}],"predecessor-version":[{"id":3749,"href":"https:\/\/diarieducacio.cat\/rosasensat\/wp-json\/wp\/v2\/posts\/3541\/revisions\/3749"}],"wp:featuredmedia":[{"embeddable":true,"href":"https:\/\/diarieducacio.cat\/rosasensat\/wp-json\/wp\/v2\/media\/3542"}],"wp:attachment":[{"href":"https:\/\/diarieducacio.cat\/rosasensat\/wp-json\/wp\/v2\/media?parent=3541"}],"wp:term":[{"taxonomy":"category","embeddable":true,"href":"https:\/\/diarieducacio.cat\/rosasensat\/wp-json\/wp\/v2\/categories?post=3541"},{"taxonomy":"post_tag","embeddable":true,"href":"https:\/\/diarieducacio.cat\/rosasensat\/wp-json\/wp\/v2\/tags?post=3541"},{"taxonomy":"tipo","embeddable":true,"href":"https:\/\/diarieducacio.cat\/rosasensat\/wp-json\/wp\/v2\/tipo?post=3541"}],"curies":[{"name":"wp","href":"https:\/\/api.w.org\/{rel}","templated":true}]}}