{"id":3550,"date":"2023-09-07T10:21:48","date_gmt":"2023-09-07T08:21:48","guid":{"rendered":"https:\/\/nostalgic-ishizaka.82-223-1-47.plesk.page\/rosasensat\/2023\/09\/07\/gracies-carme-junyent\/"},"modified":"2025-03-27T12:03:23","modified_gmt":"2025-03-27T11:03:23","slug":"gracies-carme-junyent","status":"publish","type":"post","link":"https:\/\/diarieducacio.cat\/rosasensat\/2023\/09\/07\/gracies-carme-junyent\/","title":{"rendered":"Gr\u00e0cies, Carme Junyent!"},"content":{"rendered":"<p><span style=\"font-weight: 400\">No soc fil\u00f2loga, ni experta en llengua, nom\u00e9s m\u2019agraden molt les lleng\u00fces, em serveixen per pensar, recordar, parlar, comunicar-me, aprendre, escriure i llegir&#8230; <strong>Quan vaig comen\u00e7ar a veure tants desdoblaments, que entorpien l\u2019expressi\u00f3, que em recordaven els contes de Jannes Finn, no ho entenia, no hi estava d\u2019acord. <\/strong><\/span><\/p>\n<p><span style=\"font-weight: 400\"><strong>Molta gent ho utilitzava, i ho utilitza, fins i tot en esferes com universitats, administracions, escoles&#8230;<\/strong> Els escriptors catalans, per\u00f2, almenys els que jo llegeixo, no ho fan. En el meu cas, quan havia de publicar alguna cosa, sempre remarcava que no em desdoblessin nens i nenes, pares i mares&#8230; Que el gen\u00e8ric feia refer\u00e8ncia a tot el col\u00b7lectiu. Per a mi \u00e9s evident que nens vol dir infants d\u2019ambd\u00f3s sexes.<\/span><\/p>\n<p><span style=\"font-weight: 400\">S\u00e9 que hi ha una lluita feminista al darrere. S\u00e9 que hi ha hagut en la nostra llengua, i en altres, canvis, modificacions, correccions i recomanacions perqu\u00e8 cap col\u00b7lectiu es pugui sentir menyspreat. Per\u00f2 ara no \u00e9s el mateix, no \u00e9s deixar de dir una expressi\u00f3 o canviar un adjectiu que pot ser ofensiu, sin\u00f3 que considero que se n\u2019est\u00e0 fent un gra massa. S\u2019est\u00e0 embolicant l\u2019expressi\u00f3 a nivells de vegades grotescs.<\/span><\/p>\n<p><span style=\"font-weight: 400\">Per sort, soc curiosa i sempre m\u2019ha agradat molt llegir i vaig agafar el llibre de la Carme Junyent (b\u00e9, el recull <\/span><i><span style=\"font-weight: 400\">Som dones, som ling\u00fcistes i diem prou<\/span><\/i><span style=\"font-weight: 400\">). Crec que tothom l\u2019hauria de llegir. <strong>Tothom que, sense pensar-ho massa, per imitaci\u00f3, desdobla; tothom que, pensant-ho molt, s\u2019atreveix a posar noves normes ling\u00fc\u00edstiques en el seu \u00e0mbit de treball; tothom que vol saber-ne m\u00e9s; tothom que no hi est\u00e0 d\u2019acord i\/o l\u2019obliguen a fer-ho.<\/strong><\/span><\/p>\n<p><span style=\"font-weight: 400\">Quan el vaig llegir, em vaig adonar que aquest cop no era jo sola la que hi estava en contra sin\u00f3 que un grup de dones ling\u00fcistes opinava el mateix i ho raonava i explicava ben clarament, des del coneixement. Tal com es diu en el recull d\u2019articles, <strong>utilitzar el mascul\u00ed gen\u00e8ric no t\u00e9 res a veure amb ser feminista, amb el patriarcat ni amb el poder dels homes. En catal\u00e0, el g\u00e8nere no marcat \u00e9s el mascul\u00ed.<\/strong><\/span><\/p>\n<p><span style=\"font-weight: 400\">La llengua \u00e9s viva i potser evolucionar\u00e0 i sorgiran noves formes de dir, paraules noves&#8230; Qu\u00e8 passar\u00e0, per exemple, amb la gent que no es considera bin\u00e0ria?<strong> El llenguatge ens ha de servir sobretot per entendre\u2019ns i ha de buscar l\u2019economia de mots.<\/strong> Frases com ara: \u00abBenvolguts pares i mares dels nens i nenes de l\u2019aula dels ping\u00fcins i les ping\u00fcines, us convidem a la reuni\u00f3 que tindr\u00e0 lloc&#8230; Us preguem que vingueu sense els germans\/germanes petits\/petites&#8230; Si us plau, confirmeu a les\/els mestres la vostra assist\u00e8ncia&#8230;\u00bb no ho afavoreix.<\/span><\/p>\n<p><span style=\"font-weight: 400\">\u00c9s evident que <strong>la discriminaci\u00f3 cap a les dones existeix com un fet social i cultural, no ling\u00fc\u00edstic.<\/strong> Existiria malgrat que parl\u00e9ssim d\u2019una altra manera. No n\u2019hi ha prou amb parlar aix\u00ed perqu\u00e8 les dones cobrin igual que els homes, perqu\u00e8 se les consideri igual de competents, se les respecti i valori&#8230; <strong>Tal com es diu en el llibre esmentat: \u00abEl g\u00e8nere no marcat o mascul\u00ed gen\u00e8ric \u00e9s inclusiu, un tret ling\u00fc\u00edstic caracter\u00edstic de les lleng\u00fces rom\u00e0niques\u00bb.<\/strong><\/span><\/p>\n<p><span style=\"font-weight: 400\">Vaig sentir a les not\u00edcies la mort de la <strong>Carme Junyent.<\/strong> No la coneixia, per\u00f2 sabia del seu <strong>amor, gran coneixement i defensa de la nostra llengua.<\/strong> Sabia que havia fet un recull d\u2019articles juntament amb altres dones i ling\u00fcistes, que a mi m\u2019havia agradat i ensenyat molt. Em vaig sentir trista.<\/span><\/p>\n<p><strong>Li agraeixo de tot cor les seves aportacions i la seva lluita per la llengua.<\/strong><\/p>\n","protected":false},"excerpt":{"rendered":"<p>No soc fil\u00f2loga, ni experta en llengua, nom\u00e9s m\u2019agraden molt les lleng\u00fces, em serveixen per pensar, recordar, parlar, comunicar-me, aprendre, escriure i llegir&#8230; Quan vaig comen\u00e7ar a veure tants desdoblaments, que entorpien l\u2019expressi\u00f3, que em recordaven els contes de Jannes Finn, no ho entenia, no hi estava d\u2019acord. Molta gent ho utilitzava, i ho utilitza,<\/p>\n","protected":false},"author":341,"featured_media":3551,"comment_status":"open","ping_status":"open","sticky":false,"template":"","format":"standard","meta":{"footnotes":""},"categories":[383],"tags":[380,381,382],"tipo":[],"class_list":{"0":"post-3550","1":"post","2":"type-post","3":"status-publish","4":"format-standard","5":"has-post-thumbnail","7":"category-llengua-i-cultura","8":"tag-carme-junyent","9":"tag-llengua","10":"tag-llengua-catalana"},"yoast_head":"<!-- This site is optimized with the Yoast SEO plugin v27.5 - https:\/\/yoast.com\/product\/yoast-seo-wordpress\/ -->\n<title>Gr\u00e0cies, Carme Junyent! - Blog de Rosa Sensat<\/title>\n<meta name=\"robots\" content=\"index, follow, max-snippet:-1, max-image-preview:large, max-video-preview:-1\" \/>\n<link rel=\"canonical\" href=\"https:\/\/diarieducacio.cat\/rosasensat\/2023\/09\/07\/gracies-carme-junyent\/\" \/>\n<meta property=\"og:locale\" content=\"ca_ES\" \/>\n<meta property=\"og:type\" content=\"article\" \/>\n<meta property=\"og:title\" content=\"Gr\u00e0cies, Carme Junyent! - Blog de Rosa Sensat\" \/>\n<meta property=\"og:description\" content=\"No soc fil\u00f2loga, ni experta en llengua, nom\u00e9s m\u2019agraden molt les lleng\u00fces, em serveixen per pensar, recordar, parlar, comunicar-me, aprendre, escriure i llegir&#8230; Quan vaig comen\u00e7ar a veure tants desdoblaments, que entorpien l\u2019expressi\u00f3, que em recordaven els contes de Jannes Finn, no ho entenia, no hi estava d\u2019acord. Molta gent ho utilitzava, i ho utilitza,\" \/>\n<meta property=\"og:url\" content=\"https:\/\/diarieducacio.cat\/rosasensat\/2023\/09\/07\/gracies-carme-junyent\/\" \/>\n<meta property=\"og:site_name\" content=\"Blog de Rosa Sensat\" \/>\n<meta property=\"article:published_time\" content=\"2023-09-07T08:21:48+00:00\" \/>\n<meta property=\"article:modified_time\" content=\"2025-03-27T11:03:23+00:00\" \/>\n<meta property=\"og:image\" content=\"https:\/\/diarieducacio.cat\/rosasensat\/wp-content\/uploads\/sites\/21\/2024\/10\/carme-junyent.jpg\" \/>\n\t<meta property=\"og:image:width\" content=\"768\" \/>\n\t<meta property=\"og:image:height\" content=\"432\" \/>\n\t<meta property=\"og:image:type\" content=\"image\/jpeg\" \/>\n<meta name=\"author\" content=\"S\u00edlvia Majoral\" \/>\n<meta name=\"twitter:card\" content=\"summary_large_image\" \/>\n<meta name=\"twitter:label1\" content=\"Escrit per\" \/>\n\t<meta name=\"twitter:data1\" content=\"S\u00edlvia Majoral\" \/>\n\t<meta name=\"twitter:label2\" content=\"Temps estimat de lectura\" \/>\n\t<meta name=\"twitter:data2\" content=\"3 minuts\" \/>\n<script type=\"application\/ld+json\" class=\"yoast-schema-graph\">{\"@context\":\"https:\\\/\\\/schema.org\",\"@graph\":[{\"@type\":\"Article\",\"@id\":\"https:\\\/\\\/diarieducacio.cat\\\/rosasensat\\\/2023\\\/09\\\/07\\\/gracies-carme-junyent\\\/#article\",\"isPartOf\":{\"@id\":\"https:\\\/\\\/diarieducacio.cat\\\/rosasensat\\\/2023\\\/09\\\/07\\\/gracies-carme-junyent\\\/\"},\"author\":{\"name\":\"S\u00edlvia Majoral\",\"@id\":\"https:\\\/\\\/diarieducacio.cat\\\/rosasensat\\\/#\\\/schema\\\/person\\\/31f5b33ff37ce327b4f03dbef6beb8b4\"},\"headline\":\"Gr\u00e0cies, Carme Junyent!\",\"datePublished\":\"2023-09-07T08:21:48+00:00\",\"dateModified\":\"2025-03-27T11:03:23+00:00\",\"mainEntityOfPage\":{\"@id\":\"https:\\\/\\\/diarieducacio.cat\\\/rosasensat\\\/2023\\\/09\\\/07\\\/gracies-carme-junyent\\\/\"},\"wordCount\":634,\"commentCount\":0,\"image\":{\"@id\":\"https:\\\/\\\/diarieducacio.cat\\\/rosasensat\\\/2023\\\/09\\\/07\\\/gracies-carme-junyent\\\/#primaryimage\"},\"thumbnailUrl\":\"https:\\\/\\\/diarieducacio.cat\\\/rosasensat\\\/wp-content\\\/uploads\\\/sites\\\/21\\\/2024\\\/10\\\/carme-junyent.jpg\",\"keywords\":[\"Carme Junyent\",\"Llengua\",\"Llengua catalana\"],\"articleSection\":[\"Llengua i cultura\"],\"inLanguage\":\"ca\",\"potentialAction\":[{\"@type\":\"CommentAction\",\"name\":\"Comment\",\"target\":[\"https:\\\/\\\/diarieducacio.cat\\\/rosasensat\\\/2023\\\/09\\\/07\\\/gracies-carme-junyent\\\/#respond\"]}]},{\"@type\":\"WebPage\",\"@id\":\"https:\\\/\\\/diarieducacio.cat\\\/rosasensat\\\/2023\\\/09\\\/07\\\/gracies-carme-junyent\\\/\",\"url\":\"https:\\\/\\\/diarieducacio.cat\\\/rosasensat\\\/2023\\\/09\\\/07\\\/gracies-carme-junyent\\\/\",\"name\":\"Gr\u00e0cies, Carme Junyent! - Blog de Rosa Sensat\",\"isPartOf\":{\"@id\":\"https:\\\/\\\/diarieducacio.cat\\\/rosasensat\\\/#website\"},\"primaryImageOfPage\":{\"@id\":\"https:\\\/\\\/diarieducacio.cat\\\/rosasensat\\\/2023\\\/09\\\/07\\\/gracies-carme-junyent\\\/#primaryimage\"},\"image\":{\"@id\":\"https:\\\/\\\/diarieducacio.cat\\\/rosasensat\\\/2023\\\/09\\\/07\\\/gracies-carme-junyent\\\/#primaryimage\"},\"thumbnailUrl\":\"https:\\\/\\\/diarieducacio.cat\\\/rosasensat\\\/wp-content\\\/uploads\\\/sites\\\/21\\\/2024\\\/10\\\/carme-junyent.jpg\",\"datePublished\":\"2023-09-07T08:21:48+00:00\",\"dateModified\":\"2025-03-27T11:03:23+00:00\",\"author\":{\"@id\":\"https:\\\/\\\/diarieducacio.cat\\\/rosasensat\\\/#\\\/schema\\\/person\\\/31f5b33ff37ce327b4f03dbef6beb8b4\"},\"breadcrumb\":{\"@id\":\"https:\\\/\\\/diarieducacio.cat\\\/rosasensat\\\/2023\\\/09\\\/07\\\/gracies-carme-junyent\\\/#breadcrumb\"},\"inLanguage\":\"ca\",\"potentialAction\":[{\"@type\":\"ReadAction\",\"target\":[\"https:\\\/\\\/diarieducacio.cat\\\/rosasensat\\\/2023\\\/09\\\/07\\\/gracies-carme-junyent\\\/\"]}]},{\"@type\":\"ImageObject\",\"inLanguage\":\"ca\",\"@id\":\"https:\\\/\\\/diarieducacio.cat\\\/rosasensat\\\/2023\\\/09\\\/07\\\/gracies-carme-junyent\\\/#primaryimage\",\"url\":\"https:\\\/\\\/diarieducacio.cat\\\/rosasensat\\\/wp-content\\\/uploads\\\/sites\\\/21\\\/2024\\\/10\\\/carme-junyent.jpg\",\"contentUrl\":\"https:\\\/\\\/diarieducacio.cat\\\/rosasensat\\\/wp-content\\\/uploads\\\/sites\\\/21\\\/2024\\\/10\\\/carme-junyent.jpg\",\"width\":768,\"height\":432},{\"@type\":\"BreadcrumbList\",\"@id\":\"https:\\\/\\\/diarieducacio.cat\\\/rosasensat\\\/2023\\\/09\\\/07\\\/gracies-carme-junyent\\\/#breadcrumb\",\"itemListElement\":[{\"@type\":\"ListItem\",\"position\":1,\"name\":\"Inici\",\"item\":\"https:\\\/\\\/diarieducacio.cat\\\/rosasensat\\\/\"},{\"@type\":\"ListItem\",\"position\":2,\"name\":\"Gr\u00e0cies, Carme Junyent!\"}]},{\"@type\":\"WebSite\",\"@id\":\"https:\\\/\\\/diarieducacio.cat\\\/rosasensat\\\/#website\",\"url\":\"https:\\\/\\\/diarieducacio.cat\\\/rosasensat\\\/\",\"name\":\"Blog de Rosa Sensat\",\"description\":\"\",\"potentialAction\":[{\"@type\":\"SearchAction\",\"target\":{\"@type\":\"EntryPoint\",\"urlTemplate\":\"https:\\\/\\\/diarieducacio.cat\\\/rosasensat\\\/?s={search_term_string}\"},\"query-input\":{\"@type\":\"PropertyValueSpecification\",\"valueRequired\":true,\"valueName\":\"search_term_string\"}}],\"inLanguage\":\"ca\"},{\"@type\":\"Person\",\"@id\":\"https:\\\/\\\/diarieducacio.cat\\\/rosasensat\\\/#\\\/schema\\\/person\\\/31f5b33ff37ce327b4f03dbef6beb8b4\",\"name\":\"S\u00edlvia Majoral\",\"image\":{\"@type\":\"ImageObject\",\"inLanguage\":\"ca\",\"@id\":\"https:\\\/\\\/secure.gravatar.com\\\/avatar\\\/a97e448e9b1677c19fc28bd0a496f1d9eba776e1f2edba35d3b214dc1793109f?s=96&d=mm&r=g\",\"url\":\"https:\\\/\\\/secure.gravatar.com\\\/avatar\\\/a97e448e9b1677c19fc28bd0a496f1d9eba776e1f2edba35d3b214dc1793109f?s=96&d=mm&r=g\",\"contentUrl\":\"https:\\\/\\\/secure.gravatar.com\\\/avatar\\\/a97e448e9b1677c19fc28bd0a496f1d9eba776e1f2edba35d3b214dc1793109f?s=96&d=mm&r=g\",\"caption\":\"S\u00edlvia Majoral\"},\"description\":\"S\u00edlvia Majoral ha sigut mestra a l'escola El Parc del Guinard\u00f3 de Barcelona. i membre del consell de redacci\u00f3 de la revista 'Inf\u00e0ncia'. Ha publicat diversos llibres i tamb\u00e9 ha col.laborat amb Rosa Sensat en diversos cursos de formaci\u00f3..\",\"url\":\"https:\\\/\\\/diarieducacio.cat\\\/rosasensat\\\/author\\\/silviamajoral-2\\\/\"}]}<\/script>\n<!-- \/ Yoast SEO plugin. -->","yoast_head_json":{"title":"Gr\u00e0cies, Carme Junyent! - Blog de Rosa Sensat","robots":{"index":"index","follow":"follow","max-snippet":"max-snippet:-1","max-image-preview":"max-image-preview:large","max-video-preview":"max-video-preview:-1"},"canonical":"https:\/\/diarieducacio.cat\/rosasensat\/2023\/09\/07\/gracies-carme-junyent\/","og_locale":"ca_ES","og_type":"article","og_title":"Gr\u00e0cies, Carme Junyent! - Blog de Rosa Sensat","og_description":"No soc fil\u00f2loga, ni experta en llengua, nom\u00e9s m\u2019agraden molt les lleng\u00fces, em serveixen per pensar, recordar, parlar, comunicar-me, aprendre, escriure i llegir&#8230; Quan vaig comen\u00e7ar a veure tants desdoblaments, que entorpien l\u2019expressi\u00f3, que em recordaven els contes de Jannes Finn, no ho entenia, no hi estava d\u2019acord. Molta gent ho utilitzava, i ho utilitza,","og_url":"https:\/\/diarieducacio.cat\/rosasensat\/2023\/09\/07\/gracies-carme-junyent\/","og_site_name":"Blog de Rosa Sensat","article_published_time":"2023-09-07T08:21:48+00:00","article_modified_time":"2025-03-27T11:03:23+00:00","og_image":[{"width":768,"height":432,"url":"https:\/\/diarieducacio.cat\/rosasensat\/wp-content\/uploads\/sites\/21\/2024\/10\/carme-junyent.jpg","type":"image\/jpeg"}],"author":"S\u00edlvia Majoral","twitter_card":"summary_large_image","twitter_misc":{"Escrit per":"S\u00edlvia Majoral","Temps estimat de lectura":"3 minuts"},"schema":{"@context":"https:\/\/schema.org","@graph":[{"@type":"Article","@id":"https:\/\/diarieducacio.cat\/rosasensat\/2023\/09\/07\/gracies-carme-junyent\/#article","isPartOf":{"@id":"https:\/\/diarieducacio.cat\/rosasensat\/2023\/09\/07\/gracies-carme-junyent\/"},"author":{"name":"S\u00edlvia Majoral","@id":"https:\/\/diarieducacio.cat\/rosasensat\/#\/schema\/person\/31f5b33ff37ce327b4f03dbef6beb8b4"},"headline":"Gr\u00e0cies, Carme Junyent!","datePublished":"2023-09-07T08:21:48+00:00","dateModified":"2025-03-27T11:03:23+00:00","mainEntityOfPage":{"@id":"https:\/\/diarieducacio.cat\/rosasensat\/2023\/09\/07\/gracies-carme-junyent\/"},"wordCount":634,"commentCount":0,"image":{"@id":"https:\/\/diarieducacio.cat\/rosasensat\/2023\/09\/07\/gracies-carme-junyent\/#primaryimage"},"thumbnailUrl":"https:\/\/diarieducacio.cat\/rosasensat\/wp-content\/uploads\/sites\/21\/2024\/10\/carme-junyent.jpg","keywords":["Carme Junyent","Llengua","Llengua catalana"],"articleSection":["Llengua i cultura"],"inLanguage":"ca","potentialAction":[{"@type":"CommentAction","name":"Comment","target":["https:\/\/diarieducacio.cat\/rosasensat\/2023\/09\/07\/gracies-carme-junyent\/#respond"]}]},{"@type":"WebPage","@id":"https:\/\/diarieducacio.cat\/rosasensat\/2023\/09\/07\/gracies-carme-junyent\/","url":"https:\/\/diarieducacio.cat\/rosasensat\/2023\/09\/07\/gracies-carme-junyent\/","name":"Gr\u00e0cies, Carme Junyent! - Blog de Rosa Sensat","isPartOf":{"@id":"https:\/\/diarieducacio.cat\/rosasensat\/#website"},"primaryImageOfPage":{"@id":"https:\/\/diarieducacio.cat\/rosasensat\/2023\/09\/07\/gracies-carme-junyent\/#primaryimage"},"image":{"@id":"https:\/\/diarieducacio.cat\/rosasensat\/2023\/09\/07\/gracies-carme-junyent\/#primaryimage"},"thumbnailUrl":"https:\/\/diarieducacio.cat\/rosasensat\/wp-content\/uploads\/sites\/21\/2024\/10\/carme-junyent.jpg","datePublished":"2023-09-07T08:21:48+00:00","dateModified":"2025-03-27T11:03:23+00:00","author":{"@id":"https:\/\/diarieducacio.cat\/rosasensat\/#\/schema\/person\/31f5b33ff37ce327b4f03dbef6beb8b4"},"breadcrumb":{"@id":"https:\/\/diarieducacio.cat\/rosasensat\/2023\/09\/07\/gracies-carme-junyent\/#breadcrumb"},"inLanguage":"ca","potentialAction":[{"@type":"ReadAction","target":["https:\/\/diarieducacio.cat\/rosasensat\/2023\/09\/07\/gracies-carme-junyent\/"]}]},{"@type":"ImageObject","inLanguage":"ca","@id":"https:\/\/diarieducacio.cat\/rosasensat\/2023\/09\/07\/gracies-carme-junyent\/#primaryimage","url":"https:\/\/diarieducacio.cat\/rosasensat\/wp-content\/uploads\/sites\/21\/2024\/10\/carme-junyent.jpg","contentUrl":"https:\/\/diarieducacio.cat\/rosasensat\/wp-content\/uploads\/sites\/21\/2024\/10\/carme-junyent.jpg","width":768,"height":432},{"@type":"BreadcrumbList","@id":"https:\/\/diarieducacio.cat\/rosasensat\/2023\/09\/07\/gracies-carme-junyent\/#breadcrumb","itemListElement":[{"@type":"ListItem","position":1,"name":"Inici","item":"https:\/\/diarieducacio.cat\/rosasensat\/"},{"@type":"ListItem","position":2,"name":"Gr\u00e0cies, Carme Junyent!"}]},{"@type":"WebSite","@id":"https:\/\/diarieducacio.cat\/rosasensat\/#website","url":"https:\/\/diarieducacio.cat\/rosasensat\/","name":"Blog de Rosa Sensat","description":"","potentialAction":[{"@type":"SearchAction","target":{"@type":"EntryPoint","urlTemplate":"https:\/\/diarieducacio.cat\/rosasensat\/?s={search_term_string}"},"query-input":{"@type":"PropertyValueSpecification","valueRequired":true,"valueName":"search_term_string"}}],"inLanguage":"ca"},{"@type":"Person","@id":"https:\/\/diarieducacio.cat\/rosasensat\/#\/schema\/person\/31f5b33ff37ce327b4f03dbef6beb8b4","name":"S\u00edlvia Majoral","image":{"@type":"ImageObject","inLanguage":"ca","@id":"https:\/\/secure.gravatar.com\/avatar\/a97e448e9b1677c19fc28bd0a496f1d9eba776e1f2edba35d3b214dc1793109f?s=96&d=mm&r=g","url":"https:\/\/secure.gravatar.com\/avatar\/a97e448e9b1677c19fc28bd0a496f1d9eba776e1f2edba35d3b214dc1793109f?s=96&d=mm&r=g","contentUrl":"https:\/\/secure.gravatar.com\/avatar\/a97e448e9b1677c19fc28bd0a496f1d9eba776e1f2edba35d3b214dc1793109f?s=96&d=mm&r=g","caption":"S\u00edlvia Majoral"},"description":"S\u00edlvia Majoral ha sigut mestra a l'escola El Parc del Guinard\u00f3 de Barcelona. i membre del consell de redacci\u00f3 de la revista 'Inf\u00e0ncia'. Ha publicat diversos llibres i tamb\u00e9 ha col.laborat amb Rosa Sensat en diversos cursos de formaci\u00f3..","url":"https:\/\/diarieducacio.cat\/rosasensat\/author\/silviamajoral-2\/"}]}},"_links":{"self":[{"href":"https:\/\/diarieducacio.cat\/rosasensat\/wp-json\/wp\/v2\/posts\/3550","targetHints":{"allow":["GET"]}}],"collection":[{"href":"https:\/\/diarieducacio.cat\/rosasensat\/wp-json\/wp\/v2\/posts"}],"about":[{"href":"https:\/\/diarieducacio.cat\/rosasensat\/wp-json\/wp\/v2\/types\/post"}],"author":[{"embeddable":true,"href":"https:\/\/diarieducacio.cat\/rosasensat\/wp-json\/wp\/v2\/users\/341"}],"replies":[{"embeddable":true,"href":"https:\/\/diarieducacio.cat\/rosasensat\/wp-json\/wp\/v2\/comments?post=3550"}],"version-history":[{"count":1,"href":"https:\/\/diarieducacio.cat\/rosasensat\/wp-json\/wp\/v2\/posts\/3550\/revisions"}],"predecessor-version":[{"id":3745,"href":"https:\/\/diarieducacio.cat\/rosasensat\/wp-json\/wp\/v2\/posts\/3550\/revisions\/3745"}],"wp:featuredmedia":[{"embeddable":true,"href":"https:\/\/diarieducacio.cat\/rosasensat\/wp-json\/wp\/v2\/media\/3551"}],"wp:attachment":[{"href":"https:\/\/diarieducacio.cat\/rosasensat\/wp-json\/wp\/v2\/media?parent=3550"}],"wp:term":[{"taxonomy":"category","embeddable":true,"href":"https:\/\/diarieducacio.cat\/rosasensat\/wp-json\/wp\/v2\/categories?post=3550"},{"taxonomy":"post_tag","embeddable":true,"href":"https:\/\/diarieducacio.cat\/rosasensat\/wp-json\/wp\/v2\/tags?post=3550"},{"taxonomy":"tipo","embeddable":true,"href":"https:\/\/diarieducacio.cat\/rosasensat\/wp-json\/wp\/v2\/tipo?post=3550"}],"curies":[{"name":"wp","href":"https:\/\/api.w.org\/{rel}","templated":true}]}}