{"id":3993,"date":"2026-09-04T05:00:00","date_gmt":"2026-09-04T03:00:00","guid":{"rendered":"https:\/\/diarieducacio.cat\/rosasensat\/?p=3993"},"modified":"2026-09-03T14:10:18","modified_gmt":"2026-09-03T12:10:18","slug":"ser-educadora-descola-bressol-avui","status":"publish","type":"post","link":"https:\/\/diarieducacio.cat\/rosasensat\/2026\/09\/04\/ser-educadora-descola-bressol-avui\/","title":{"rendered":"Ser educadora d\u2019escola bressol avui"},"content":{"rendered":"\n<h4 class=\"wp-block-heading\"><strong>L\u2019etapa 0-3: cuidar, educar i construir futur&nbsp;<\/strong><\/h4>\n\n\n\n<p class=\"wp-block-paragraph\">Hi ha professions que no s\u2019expliquen nom\u00e9s amb una descripci\u00f3 de tasques. S\u2019entenen&nbsp;des de les emocions, el comprom\u00eds i la manera de mirar els altres. Per a nosaltres,&nbsp;educadores de l\u2019escola bressol municipal El Pont, educar infants petits \u00e9s precisament&nbsp;aix\u00f2.&nbsp;<\/p>\n\n\n\n<p class=\"wp-block-paragraph\"><strong>Hi ha moltes paraules que defineixen la nostra feina, per\u00f2 n\u2019hi ha algunes que ens&nbsp;acompanyen cada dia.&nbsp;<\/strong><\/p>\n\n\n\n<p class=\"wp-block-paragraph\">La primera \u00e9s la <strong>il\u00b7lusi\u00f3<\/strong>.&nbsp;<\/p>\n\n\n\n<p class=\"wp-block-paragraph\">\u00c9s aquella emoci\u00f3 que ens fa recordar el moment en qu\u00e8 vam decidir dedicar-nos a&nbsp;l\u2019educaci\u00f3 infantil. Aquell instant en qu\u00e8 una pensa: \u201cVull ser educadora\u201d. Per\u00f2 la il\u00b7lusi\u00f3&nbsp;no es queda nom\u00e9s al comen\u00e7ament del cam\u00ed. Tamb\u00e9 apareix cada mat\u00ed, quan obrim la&nbsp;porta de l\u2019escola i sabem que cada dia pot ser una nova oportunitat per cr\u00e9ixer, aprendre&nbsp;i compartir.&nbsp;<\/p>\n\n\n\n<p class=\"wp-block-paragraph\">Juntament amb la il\u00b7lusi\u00f3 tamb\u00e9 hi conviu la <strong>incertesa<\/strong>.&nbsp;<\/p>\n\n\n\n<p class=\"wp-block-paragraph\">Cada inici de curs porta preguntes, nervis i expectatives. Coneixerem&nbsp;noves fam\u00edlies, nous infants i noves hist\u00f2ries. Ens preguntarem com ser\u00e0&nbsp;el grup, com viur\u00e0 cada infant l\u2019adaptaci\u00f3 o com podrem acompanyar-los&nbsp;millor.&nbsp;<\/p>\n\n\n\n<p class=\"wp-block-paragraph\">I \u00e9s aqu\u00ed on neixen les <strong>expectatives<\/strong>.&nbsp;<\/p>\n\n\n\n<p class=\"wp-block-paragraph\">Desitgem poder oferir una entrada a l\u2019escola amable i respectuosa, on&nbsp;infants, fam\u00edlies i educadores se sentin acollits. Volem crear espais c\u00e0lids&nbsp;i segurs, acompanyar cada nen i cada nena de manera individual, observar-los amb atenci\u00f3 i preparar propostes que despertin la curiositat i les ganes&nbsp;d\u2019aprendre.&nbsp;<\/p>\n\n\n\n<p class=\"wp-block-paragraph\">Tot aix\u00f2 demana <strong>comprom\u00eds<\/strong>.&nbsp;<\/p>\n\n\n\n<p class=\"wp-block-paragraph\">Comprom\u00eds amb la nostra professi\u00f3, amb els infants, amb les fam\u00edlies i amb l\u2019equip&nbsp;educatiu. Un comprom\u00eds que tamb\u00e9 implica formar-nos cont\u00ednuament, compartir&nbsp;experi\u00e8ncies i treballar conjuntament amb altres professionals per oferir una educaci\u00f3 de qualitat.<\/p>\n\n\n\n<figure class=\"wp-block-image size-full\"><img fetchpriority=\"high\" decoding=\"async\" width=\"422\" height=\"378\" src=\"https:\/\/diarieducacio.cat\/rosasensat\/wp-content\/uploads\/sites\/21\/2026\/09\/cura.jpg\" alt=\"\" class=\"wp-image-3995\" srcset=\"https:\/\/diarieducacio.cat\/rosasensat\/wp-content\/uploads\/sites\/21\/2026\/09\/cura.jpg 422w, https:\/\/diarieducacio.cat\/rosasensat\/wp-content\/uploads\/sites\/21\/2026\/09\/cura-300x269.jpg 300w, https:\/\/diarieducacio.cat\/rosasensat\/wp-content\/uploads\/sites\/21\/2026\/09\/cura-150x134.jpg 150w\" sizes=\"(max-width: 422px) 100vw, 422px\" \/><\/figure>\n\n\n\n<p class=\"wp-block-paragraph\">Per\u00f2 educar avui tamb\u00e9 requereix <strong>consci\u00e8ncia<\/strong>. Consci\u00e8ncia de la realitat social que viuen moltes fam\u00edlies. Consci\u00e8ncia de la diversitat\u00a0de maneres de criar i d\u2019entendre la inf\u00e0ncia.\u00a0I consci\u00e8ncia de la responsabilitat que tenim\u00a0a l\u2019hora d\u2019acompanyar els primers anys de\u00a0vida dels infants. Aquesta tasca, a m\u00e9s, es desenvolupa dins\u00a0d\u2019un marc educatiu que evoluciona\u00a0constantment i que ens demana reflexi\u00f3,\u00a0adaptaci\u00f3 i coher\u00e8ncia pedag\u00f2gica per\u00a0continuar garantint una educaci\u00f3\u00a0respectuosa, inclusiva i de qualitat.\u00a0<\/p>\n\n\n\n<p class=\"wp-block-paragraph\">I finalment hi ha una paraula que sovint costa explicar: el <strong>silenci<\/strong>.&nbsp;<\/p>\n\n\n\n<p class=\"wp-block-paragraph\">El silenci de moltes professionals que, dia rere dia, sostenen una feina essencial amb&nbsp;discreci\u00f3 i entrega. Un treball pacient, constant i sovint poc visible. Un silenci que durant&nbsp;molt temps ha amagat el cansament, les dificultats i tamb\u00e9 la sensaci\u00f3 de no sentir-se prou&nbsp;reconegudes.&nbsp;<\/p>\n\n\n\n<p class=\"wp-block-paragraph\">Per aix\u00f2, aquest silenci avui es transforma en <strong>veu<\/strong>.&nbsp;<\/p>\n\n\n\n<p class=\"wp-block-paragraph\">Perqu\u00e8 l\u2019etapa 0-3 \u00e9s molt m\u00e9s que un espai de cura:\u00a0\u00e9s una etapa educativa fonamental. \u00c9s el lloc on\u00a0comencen els vincles, la confian\u00e7a, la descoberta del\u00a0m\u00f3n i les primeres experi\u00e8ncies que ajudaran a\u00a0construir la persona que cada infant ser\u00e0 en el futur.\u00a0I perqu\u00e8 tot aix\u00f2 \u00e9s tan important, creiem que cal que\u00a0surti de les escoles i arribi a tota la societat.\u00a0Nom\u00e9s aix\u00ed podrem continuar construint una\u00a0educaci\u00f3 infantil m\u00e9s justa, m\u00e9s respectada i de m\u00e9s\u00a0qualitat per a tothom.\u00a0<\/p>\n\n\n\n<p class=\"wp-block-paragraph\"><strong>Perqu\u00e8 el 0-3 \u00e9s educaci\u00f3.&nbsp;I \u00e9s, sens dubte, on tot comen\u00e7a.<\/strong><\/p>\n\n\n\n<figure class=\"wp-block-image size-large\"><img decoding=\"async\" width=\"2560\" height=\"2484\" src=\"https:\/\/diarieducacio.cat\/rosasensat\/wp-content\/uploads\/sites\/21\/2026\/09\/imatge-porta-aules-edited-scaled.jpg\" alt=\"\" class=\"wp-image-3997\" srcset=\"https:\/\/diarieducacio.cat\/rosasensat\/wp-content\/uploads\/sites\/21\/2026\/09\/imatge-porta-aules-edited-scaled.jpg 2560w, https:\/\/diarieducacio.cat\/rosasensat\/wp-content\/uploads\/sites\/21\/2026\/09\/imatge-porta-aules-edited-300x291.jpg 300w, https:\/\/diarieducacio.cat\/rosasensat\/wp-content\/uploads\/sites\/21\/2026\/09\/imatge-porta-aules-edited-1024x994.jpg 1024w, https:\/\/diarieducacio.cat\/rosasensat\/wp-content\/uploads\/sites\/21\/2026\/09\/imatge-porta-aules-edited-768x745.jpg 768w, https:\/\/diarieducacio.cat\/rosasensat\/wp-content\/uploads\/sites\/21\/2026\/09\/imatge-porta-aules-edited-1536x1490.jpg 1536w, https:\/\/diarieducacio.cat\/rosasensat\/wp-content\/uploads\/sites\/21\/2026\/09\/imatge-porta-aules-edited-2048x1987.jpg 2048w, https:\/\/diarieducacio.cat\/rosasensat\/wp-content\/uploads\/sites\/21\/2026\/09\/imatge-porta-aules-edited-150x146.jpg 150w, https:\/\/diarieducacio.cat\/rosasensat\/wp-content\/uploads\/sites\/21\/2026\/09\/imatge-porta-aules-edited-450x437.jpg 450w, https:\/\/diarieducacio.cat\/rosasensat\/wp-content\/uploads\/sites\/21\/2026\/09\/imatge-porta-aules-edited-1200x1164.jpg 1200w\" sizes=\"(max-width: 2560px) 100vw, 2560px\" \/><\/figure>\n\n\n\n<p class=\"wp-block-paragraph\"><\/p>\n","protected":false},"excerpt":{"rendered":"<p>L\u2019etapa 0-3: cuidar, educar i construir futur&nbsp; Hi ha professions que no s\u2019expliquen nom\u00e9s amb una descripci\u00f3 de tasques. S\u2019entenen&nbsp;des de les emocions, el comprom\u00eds i la manera de mirar els altres. Per a nosaltres,&nbsp;educadores de l\u2019escola bressol municipal El Pont, educar infants petits \u00e9s precisament&nbsp;aix\u00f2.&nbsp; Hi ha moltes paraules que defineixen la nostra feina,<\/p>\n","protected":false},"author":2273,"featured_media":3999,"comment_status":"open","ping_status":"open","sticky":false,"template":"","format":"standard","meta":{"footnotes":""},"categories":[173],"tags":[175],"tipo":[],"coauthors":[531],"class_list":["post-3993","post","type-post","status-publish","format-standard","has-post-thumbnail","category-0-3","tag-escola-bressol"],"yoast_head":"<!-- This site is optimized with the Yoast SEO plugin v28.3 - https:\/\/yoast.com\/product\/yoast-seo-wordpress\/ -->\n<title>Ser educadora d\u2019escola bressol avui - Blog de Rosa Sensat<\/title>\n<meta name=\"robots\" content=\"index, follow, max-snippet:-1, max-image-preview:large, max-video-preview:-1\" \/>\n<link rel=\"canonical\" href=\"https:\/\/diarieducacio.cat\/rosasensat\/2026\/09\/04\/ser-educadora-descola-bressol-avui\/\" \/>\n<meta property=\"og:locale\" content=\"ca_ES\" \/>\n<meta property=\"og:type\" content=\"article\" \/>\n<meta property=\"og:title\" content=\"Ser educadora d\u2019escola bressol avui - Blog de Rosa Sensat\" \/>\n<meta property=\"og:description\" content=\"L\u2019etapa 0-3: cuidar, educar i construir futur&nbsp; Hi ha professions que no s\u2019expliquen nom\u00e9s amb una descripci\u00f3 de tasques. S\u2019entenen&nbsp;des de les emocions, el comprom\u00eds i la manera de mirar els altres. Per a nosaltres,&nbsp;educadores de l\u2019escola bressol municipal El Pont, educar infants petits \u00e9s precisament&nbsp;aix\u00f2.&nbsp; Hi ha moltes paraules que defineixen la nostra feina,\" \/>\n<meta property=\"og:url\" content=\"https:\/\/diarieducacio.cat\/rosasensat\/2026\/09\/04\/ser-educadora-descola-bressol-avui\/\" \/>\n<meta property=\"og:site_name\" content=\"Blog de Rosa Sensat\" \/>\n<meta property=\"article:published_time\" content=\"2026-09-04T03:00:00+00:00\" \/>\n<meta property=\"og:image\" content=\"https:\/\/diarieducacio.cat\/rosasensat\/wp-content\/uploads\/sites\/21\/2026\/09\/IN-FAN-CI-A-12-1-edited.png\" \/>\n\t<meta property=\"og:image:width\" content=\"1080\" \/>\n\t<meta property=\"og:image:height\" content=\"1107\" \/>\n\t<meta property=\"og:image:type\" content=\"image\/png\" \/>\n<meta name=\"author\" content=\"Lu Mart\u00ednez Casacuberta\" \/>\n<meta name=\"twitter:card\" content=\"summary_large_image\" \/>\n<meta name=\"twitter:label1\" content=\"Escrit per\" \/>\n\t<meta name=\"twitter:data1\" content=\"Lu Mart\u00ednez Casacuberta\" \/>\n\t<meta name=\"twitter:label2\" content=\"Temps estimat de lectura\" \/>\n\t<meta name=\"twitter:data2\" content=\"4 minuts\" \/>\n\t<meta name=\"twitter:label3\" content=\"Written by\" \/>\n\t<meta name=\"twitter:data3\" content=\"Lu Mart\u00ednez Casacuberta\" \/>\n<script type=\"application\/ld+json\" class=\"yoast-schema-graph\">{\"@context\":\"https:\\\/\\\/schema.org\",\"@graph\":[{\"@type\":\"Article\",\"@id\":\"https:\\\/\\\/diarieducacio.cat\\\/rosasensat\\\/2026\\\/09\\\/04\\\/ser-educadora-descola-bressol-avui\\\/#article\",\"isPartOf\":{\"@id\":\"https:\\\/\\\/diarieducacio.cat\\\/rosasensat\\\/2026\\\/09\\\/04\\\/ser-educadora-descola-bressol-avui\\\/\"},\"author\":{\"name\":\"Lu Mart\u00ednez Casacuberta\",\"@id\":\"https:\\\/\\\/diarieducacio.cat\\\/rosasensat\\\/#\\\/schema\\\/person\\\/b7ca7620feb623d4e354aea2bfd74bf5\"},\"headline\":\"Ser educadora d\u2019escola bressol avui\",\"datePublished\":\"2026-09-04T03:00:00+00:00\",\"mainEntityOfPage\":{\"@id\":\"https:\\\/\\\/diarieducacio.cat\\\/rosasensat\\\/2026\\\/09\\\/04\\\/ser-educadora-descola-bressol-avui\\\/\"},\"wordCount\":602,\"commentCount\":0,\"image\":{\"@id\":\"https:\\\/\\\/diarieducacio.cat\\\/rosasensat\\\/2026\\\/09\\\/04\\\/ser-educadora-descola-bressol-avui\\\/#primaryimage\"},\"thumbnailUrl\":\"https:\\\/\\\/diarieducacio.cat\\\/rosasensat\\\/wp-content\\\/uploads\\\/sites\\\/21\\\/2026\\\/09\\\/IN-FAN-CI-A-12-1-edited.png\",\"keywords\":[\"escola bressol\"],\"articleSection\":[\"0-3\"],\"inLanguage\":\"ca\",\"potentialAction\":[{\"@type\":\"CommentAction\",\"name\":\"Comment\",\"target\":[\"https:\\\/\\\/diarieducacio.cat\\\/rosasensat\\\/2026\\\/09\\\/04\\\/ser-educadora-descola-bressol-avui\\\/#respond\"]}]},{\"@type\":\"WebPage\",\"@id\":\"https:\\\/\\\/diarieducacio.cat\\\/rosasensat\\\/2026\\\/09\\\/04\\\/ser-educadora-descola-bressol-avui\\\/\",\"url\":\"https:\\\/\\\/diarieducacio.cat\\\/rosasensat\\\/2026\\\/09\\\/04\\\/ser-educadora-descola-bressol-avui\\\/\",\"name\":\"Ser educadora d\u2019escola bressol avui - Blog de Rosa Sensat\",\"isPartOf\":{\"@id\":\"https:\\\/\\\/diarieducacio.cat\\\/rosasensat\\\/#website\"},\"primaryImageOfPage\":{\"@id\":\"https:\\\/\\\/diarieducacio.cat\\\/rosasensat\\\/2026\\\/09\\\/04\\\/ser-educadora-descola-bressol-avui\\\/#primaryimage\"},\"image\":{\"@id\":\"https:\\\/\\\/diarieducacio.cat\\\/rosasensat\\\/2026\\\/09\\\/04\\\/ser-educadora-descola-bressol-avui\\\/#primaryimage\"},\"thumbnailUrl\":\"https:\\\/\\\/diarieducacio.cat\\\/rosasensat\\\/wp-content\\\/uploads\\\/sites\\\/21\\\/2026\\\/09\\\/IN-FAN-CI-A-12-1-edited.png\",\"datePublished\":\"2026-09-04T03:00:00+00:00\",\"author\":{\"@id\":\"https:\\\/\\\/diarieducacio.cat\\\/rosasensat\\\/#\\\/schema\\\/person\\\/b7ca7620feb623d4e354aea2bfd74bf5\"},\"breadcrumb\":{\"@id\":\"https:\\\/\\\/diarieducacio.cat\\\/rosasensat\\\/2026\\\/09\\\/04\\\/ser-educadora-descola-bressol-avui\\\/#breadcrumb\"},\"inLanguage\":\"ca\",\"potentialAction\":[{\"@type\":\"ReadAction\",\"target\":[\"https:\\\/\\\/diarieducacio.cat\\\/rosasensat\\\/2026\\\/09\\\/04\\\/ser-educadora-descola-bressol-avui\\\/\"]}]},{\"@type\":\"ImageObject\",\"inLanguage\":\"ca\",\"@id\":\"https:\\\/\\\/diarieducacio.cat\\\/rosasensat\\\/2026\\\/09\\\/04\\\/ser-educadora-descola-bressol-avui\\\/#primaryimage\",\"url\":\"https:\\\/\\\/diarieducacio.cat\\\/rosasensat\\\/wp-content\\\/uploads\\\/sites\\\/21\\\/2026\\\/09\\\/IN-FAN-CI-A-12-1-edited.png\",\"contentUrl\":\"https:\\\/\\\/diarieducacio.cat\\\/rosasensat\\\/wp-content\\\/uploads\\\/sites\\\/21\\\/2026\\\/09\\\/IN-FAN-CI-A-12-1-edited.png\",\"width\":1080,\"height\":1107},{\"@type\":\"BreadcrumbList\",\"@id\":\"https:\\\/\\\/diarieducacio.cat\\\/rosasensat\\\/2026\\\/09\\\/04\\\/ser-educadora-descola-bressol-avui\\\/#breadcrumb\",\"itemListElement\":[{\"@type\":\"ListItem\",\"position\":1,\"name\":\"Inici\",\"item\":\"https:\\\/\\\/diarieducacio.cat\\\/rosasensat\\\/\"},{\"@type\":\"ListItem\",\"position\":2,\"name\":\"Ser educadora d\u2019escola bressol avui\"}]},{\"@type\":\"WebSite\",\"@id\":\"https:\\\/\\\/diarieducacio.cat\\\/rosasensat\\\/#website\",\"url\":\"https:\\\/\\\/diarieducacio.cat\\\/rosasensat\\\/\",\"name\":\"Blog de Rosa Sensat\",\"description\":\"\",\"potentialAction\":[{\"@type\":\"SearchAction\",\"target\":{\"@type\":\"EntryPoint\",\"urlTemplate\":\"https:\\\/\\\/diarieducacio.cat\\\/rosasensat\\\/?s={search_term_string}\"},\"query-input\":{\"@type\":\"PropertyValueSpecification\",\"valueRequired\":true,\"valueName\":\"search_term_string\"}}],\"inLanguage\":\"ca\"},{\"@type\":\"Person\",\"@id\":\"https:\\\/\\\/diarieducacio.cat\\\/rosasensat\\\/#\\\/schema\\\/person\\\/b7ca7620feb623d4e354aea2bfd74bf5\",\"name\":\"Lu Mart\u00ednez Casacuberta\",\"image\":{\"@type\":\"ImageObject\",\"inLanguage\":\"ca\",\"@id\":\"https:\\\/\\\/diarieducacio.cat\\\/rosasensat\\\/wp-content\\\/uploads\\\/sites\\\/21\\\/2026\\\/09\\\/lumartinez_avatar-96x96.jpg5ac9fcff7e8588b7ce09d22fc8e6f2e7\",\"url\":\"https:\\\/\\\/diarieducacio.cat\\\/rosasensat\\\/wp-content\\\/uploads\\\/sites\\\/21\\\/2026\\\/09\\\/lumartinez_avatar-96x96.jpg\",\"contentUrl\":\"https:\\\/\\\/diarieducacio.cat\\\/rosasensat\\\/wp-content\\\/uploads\\\/sites\\\/21\\\/2026\\\/09\\\/lumartinez_avatar-96x96.jpg\",\"caption\":\"Lu Mart\u00ednez Casacuberta\"},\"description\":\"Membre de l\u2019equip directiu de l\u2019Escola Bressol El Pont\",\"url\":\"https:\\\/\\\/diarieducacio.cat\\\/rosasensat\\\/author\\\/lumartinez\\\/\"}]}<\/script>\n<!-- \/ Yoast SEO plugin. -->","yoast_head_json":{"title":"Ser educadora d\u2019escola bressol avui - Blog de Rosa Sensat","robots":{"index":"index","follow":"follow","max-snippet":"max-snippet:-1","max-image-preview":"max-image-preview:large","max-video-preview":"max-video-preview:-1"},"canonical":"https:\/\/diarieducacio.cat\/rosasensat\/2026\/09\/04\/ser-educadora-descola-bressol-avui\/","og_locale":"ca_ES","og_type":"article","og_title":"Ser educadora d\u2019escola bressol avui - Blog de Rosa Sensat","og_description":"L\u2019etapa 0-3: cuidar, educar i construir futur&nbsp; Hi ha professions que no s\u2019expliquen nom\u00e9s amb una descripci\u00f3 de tasques. S\u2019entenen&nbsp;des de les emocions, el comprom\u00eds i la manera de mirar els altres. Per a nosaltres,&nbsp;educadores de l\u2019escola bressol municipal El Pont, educar infants petits \u00e9s precisament&nbsp;aix\u00f2.&nbsp; Hi ha moltes paraules que defineixen la nostra feina,","og_url":"https:\/\/diarieducacio.cat\/rosasensat\/2026\/09\/04\/ser-educadora-descola-bressol-avui\/","og_site_name":"Blog de Rosa Sensat","article_published_time":"2026-09-04T03:00:00+00:00","og_image":[{"width":1080,"height":1107,"url":"https:\/\/diarieducacio.cat\/rosasensat\/wp-content\/uploads\/sites\/21\/2026\/09\/IN-FAN-CI-A-12-1-edited.png","type":"image\/png"}],"author":"Lu Mart\u00ednez Casacuberta","twitter_card":"summary_large_image","twitter_misc":{"Escrit per":"Lu Mart\u00ednez Casacuberta","Temps estimat de lectura":"4 minuts","Written by":"Lu Mart\u00ednez Casacuberta"},"schema":{"@context":"https:\/\/schema.org","@graph":[{"@type":"Article","@id":"https:\/\/diarieducacio.cat\/rosasensat\/2026\/09\/04\/ser-educadora-descola-bressol-avui\/#article","isPartOf":{"@id":"https:\/\/diarieducacio.cat\/rosasensat\/2026\/09\/04\/ser-educadora-descola-bressol-avui\/"},"author":{"name":"Lu Mart\u00ednez Casacuberta","@id":"https:\/\/diarieducacio.cat\/rosasensat\/#\/schema\/person\/b7ca7620feb623d4e354aea2bfd74bf5"},"headline":"Ser educadora d\u2019escola bressol avui","datePublished":"2026-09-04T03:00:00+00:00","mainEntityOfPage":{"@id":"https:\/\/diarieducacio.cat\/rosasensat\/2026\/09\/04\/ser-educadora-descola-bressol-avui\/"},"wordCount":602,"commentCount":0,"image":{"@id":"https:\/\/diarieducacio.cat\/rosasensat\/2026\/09\/04\/ser-educadora-descola-bressol-avui\/#primaryimage"},"thumbnailUrl":"https:\/\/diarieducacio.cat\/rosasensat\/wp-content\/uploads\/sites\/21\/2026\/09\/IN-FAN-CI-A-12-1-edited.png","keywords":["escola bressol"],"articleSection":["0-3"],"inLanguage":"ca","potentialAction":[{"@type":"CommentAction","name":"Comment","target":["https:\/\/diarieducacio.cat\/rosasensat\/2026\/09\/04\/ser-educadora-descola-bressol-avui\/#respond"]}]},{"@type":"WebPage","@id":"https:\/\/diarieducacio.cat\/rosasensat\/2026\/09\/04\/ser-educadora-descola-bressol-avui\/","url":"https:\/\/diarieducacio.cat\/rosasensat\/2026\/09\/04\/ser-educadora-descola-bressol-avui\/","name":"Ser educadora d\u2019escola bressol avui - Blog de Rosa Sensat","isPartOf":{"@id":"https:\/\/diarieducacio.cat\/rosasensat\/#website"},"primaryImageOfPage":{"@id":"https:\/\/diarieducacio.cat\/rosasensat\/2026\/09\/04\/ser-educadora-descola-bressol-avui\/#primaryimage"},"image":{"@id":"https:\/\/diarieducacio.cat\/rosasensat\/2026\/09\/04\/ser-educadora-descola-bressol-avui\/#primaryimage"},"thumbnailUrl":"https:\/\/diarieducacio.cat\/rosasensat\/wp-content\/uploads\/sites\/21\/2026\/09\/IN-FAN-CI-A-12-1-edited.png","datePublished":"2026-09-04T03:00:00+00:00","author":{"@id":"https:\/\/diarieducacio.cat\/rosasensat\/#\/schema\/person\/b7ca7620feb623d4e354aea2bfd74bf5"},"breadcrumb":{"@id":"https:\/\/diarieducacio.cat\/rosasensat\/2026\/09\/04\/ser-educadora-descola-bressol-avui\/#breadcrumb"},"inLanguage":"ca","potentialAction":[{"@type":"ReadAction","target":["https:\/\/diarieducacio.cat\/rosasensat\/2026\/09\/04\/ser-educadora-descola-bressol-avui\/"]}]},{"@type":"ImageObject","inLanguage":"ca","@id":"https:\/\/diarieducacio.cat\/rosasensat\/2026\/09\/04\/ser-educadora-descola-bressol-avui\/#primaryimage","url":"https:\/\/diarieducacio.cat\/rosasensat\/wp-content\/uploads\/sites\/21\/2026\/09\/IN-FAN-CI-A-12-1-edited.png","contentUrl":"https:\/\/diarieducacio.cat\/rosasensat\/wp-content\/uploads\/sites\/21\/2026\/09\/IN-FAN-CI-A-12-1-edited.png","width":1080,"height":1107},{"@type":"BreadcrumbList","@id":"https:\/\/diarieducacio.cat\/rosasensat\/2026\/09\/04\/ser-educadora-descola-bressol-avui\/#breadcrumb","itemListElement":[{"@type":"ListItem","position":1,"name":"Inici","item":"https:\/\/diarieducacio.cat\/rosasensat\/"},{"@type":"ListItem","position":2,"name":"Ser educadora d\u2019escola bressol avui"}]},{"@type":"WebSite","@id":"https:\/\/diarieducacio.cat\/rosasensat\/#website","url":"https:\/\/diarieducacio.cat\/rosasensat\/","name":"Blog de Rosa Sensat","description":"","potentialAction":[{"@type":"SearchAction","target":{"@type":"EntryPoint","urlTemplate":"https:\/\/diarieducacio.cat\/rosasensat\/?s={search_term_string}"},"query-input":{"@type":"PropertyValueSpecification","valueRequired":true,"valueName":"search_term_string"}}],"inLanguage":"ca"},{"@type":"Person","@id":"https:\/\/diarieducacio.cat\/rosasensat\/#\/schema\/person\/b7ca7620feb623d4e354aea2bfd74bf5","name":"Lu Mart\u00ednez Casacuberta","image":{"@type":"ImageObject","inLanguage":"ca","@id":"https:\/\/diarieducacio.cat\/rosasensat\/wp-content\/uploads\/sites\/21\/2026\/09\/lumartinez_avatar-96x96.jpg5ac9fcff7e8588b7ce09d22fc8e6f2e7","url":"https:\/\/diarieducacio.cat\/rosasensat\/wp-content\/uploads\/sites\/21\/2026\/09\/lumartinez_avatar-96x96.jpg","contentUrl":"https:\/\/diarieducacio.cat\/rosasensat\/wp-content\/uploads\/sites\/21\/2026\/09\/lumartinez_avatar-96x96.jpg","caption":"Lu Mart\u00ednez Casacuberta"},"description":"Membre de l\u2019equip directiu de l\u2019Escola Bressol El Pont","url":"https:\/\/diarieducacio.cat\/rosasensat\/author\/lumartinez\/"}]}},"_links":{"self":[{"href":"https:\/\/diarieducacio.cat\/rosasensat\/wp-json\/wp\/v2\/posts\/3993","targetHints":{"allow":["GET"]}}],"collection":[{"href":"https:\/\/diarieducacio.cat\/rosasensat\/wp-json\/wp\/v2\/posts"}],"about":[{"href":"https:\/\/diarieducacio.cat\/rosasensat\/wp-json\/wp\/v2\/types\/post"}],"author":[{"embeddable":true,"href":"https:\/\/diarieducacio.cat\/rosasensat\/wp-json\/wp\/v2\/users\/2273"}],"replies":[{"embeddable":true,"href":"https:\/\/diarieducacio.cat\/rosasensat\/wp-json\/wp\/v2\/comments?post=3993"}],"version-history":[{"count":4,"href":"https:\/\/diarieducacio.cat\/rosasensat\/wp-json\/wp\/v2\/posts\/3993\/revisions"}],"predecessor-version":[{"id":4004,"href":"https:\/\/diarieducacio.cat\/rosasensat\/wp-json\/wp\/v2\/posts\/3993\/revisions\/4004"}],"wp:featuredmedia":[{"embeddable":true,"href":"https:\/\/diarieducacio.cat\/rosasensat\/wp-json\/wp\/v2\/media\/3999"}],"wp:attachment":[{"href":"https:\/\/diarieducacio.cat\/rosasensat\/wp-json\/wp\/v2\/media?parent=3993"}],"wp:term":[{"taxonomy":"category","embeddable":true,"href":"https:\/\/diarieducacio.cat\/rosasensat\/wp-json\/wp\/v2\/categories?post=3993"},{"taxonomy":"post_tag","embeddable":true,"href":"https:\/\/diarieducacio.cat\/rosasensat\/wp-json\/wp\/v2\/tags?post=3993"},{"taxonomy":"tipo","embeddable":true,"href":"https:\/\/diarieducacio.cat\/rosasensat\/wp-json\/wp\/v2\/tipo?post=3993"},{"taxonomy":"author","embeddable":true,"href":"https:\/\/diarieducacio.cat\/rosasensat\/wp-json\/wp\/v2\/coauthors?post=3993"}],"curies":[{"name":"wp","href":"https:\/\/api.w.org\/{rel}","templated":true}]}}