{"id":1152,"date":"2021-05-02T21:25:42","date_gmt":"2021-05-02T21:25:42","guid":{"rendered":"https:\/\/diarieducacio.cat\/senderi\/?p=1152"},"modified":"2024-05-13T13:08:59","modified_gmt":"2024-05-13T11:08:59","slug":"la-diversitat-al-cor-de-la-infancia","status":"publish","type":"post","link":"https:\/\/diarieducacio.cat\/senderi\/2021\/05\/02\/la-diversitat-al-cor-de-la-infancia\/","title":{"rendered":"La diversitat al cor de la inf\u00e0ncia"},"content":{"rendered":"<p>&nbsp;<\/p>\n<h6>&#8220;No ets la teva al\u00e7ada o el teu pes.<br \/>\nNo ets la teva edat.<br \/>\nNo molt menys el teu g\u00e8nere,<br \/>\nel lloc on vas n\u00e9ixer, el color de la teva pell<br \/>\no la malaltia que no vau decidir.<br \/>\nPotser tot el m\u00f3n triar\u00e0 sempre<br \/>\nveure el mili\u00f3 de coses que no ets<br \/>\nPerqu\u00e8 no ets d&#8217;on vens.<br \/>\nEts a on vas&#8221;<\/h6>\n<h6><i><\/i><em>(estudiant del cicle superior de Prim\u00e0ria)<\/em><\/h6>\n<p>&nbsp;<\/p>\n<p>Els Premis Pilar\u00edn Bay\u00e9s, organitzats per la Fundaci\u00f3 Sant Joan de D\u00e9u, convoquen cada any milers d&#8217;infants per escriure relats infantils al voltant d&#8217;una tem\u00e0tica espec\u00edfica. L&#8217;any 2020 el tema elegit fou la diversitat. Es va demanar als infants que expliquessin com veuen i viuen la diversitat, i el resultat d&#8217;aquesta invitaci\u00f3 va ser espl\u00e8ndid: centenars de contes \u2013 molts d&#8217;ells magn\u00edfics \u2013 que reflecteixen una mirada fresca i sense filtres sobre la societat diversa. Una col\u00b7lecci\u00f3 liter\u00e0ria infantil valuosa, tant en quantitat com en qualitat.<\/p>\n<p><a href=\"https:\/\/nostalgic-ishizaka.82-223-1-47.plesk.page\/senderi\/wp-content\/uploads\/sites\/27\/2021\/04\/022364a5-7a43-4b1e-8813-8a8c679ab3e5-1.jpeg\"><img fetchpriority=\"high\" decoding=\"async\" class=\"alignright wp-image-1156\" src=\"https:\/\/nostalgic-ishizaka.82-223-1-47.plesk.page\/senderi\/wp-content\/uploads\/sites\/27\/2021\/04\/022364a5-7a43-4b1e-8813-8a8c679ab3e5-1-216x300.jpeg\" alt=\"\" width=\"300\" height=\"416\" srcset=\"https:\/\/diarieducacio.cat\/senderi\/wp-content\/uploads\/sites\/27\/2021\/04\/022364a5-7a43-4b1e-8813-8a8c679ab3e5-1-216x300.jpeg 216w, https:\/\/diarieducacio.cat\/senderi\/wp-content\/uploads\/sites\/27\/2021\/04\/022364a5-7a43-4b1e-8813-8a8c679ab3e5-1-150x208.jpeg 150w, https:\/\/diarieducacio.cat\/senderi\/wp-content\/uploads\/sites\/27\/2021\/04\/022364a5-7a43-4b1e-8813-8a8c679ab3e5-1-450x624.jpeg 450w, https:\/\/diarieducacio.cat\/senderi\/wp-content\/uploads\/sites\/27\/2021\/04\/022364a5-7a43-4b1e-8813-8a8c679ab3e5-1.jpeg 464w\" sizes=\"(max-width: 300px) 100vw, 300px\" \/><\/a>En l&#8217;edici\u00f3 de 2020 hi van participar gaireb\u00e9 7.000 infants de tot Catalunya, alumnes d&#8217;educaci\u00f3 prim\u00e0ria de 150 centres escolars de tot el pa\u00eds. Les fonts de diversitat que els infants hi aborden de manera lliure s\u00f3n totes les possibles. Els interessa molt tot all\u00f2 relacionat amb la diversitat cultural i \u00e8tnica, i denuncien els casos de racisme dels quals n&#8217;han arribat a ser espectadors. Tamb\u00e9 incorporen amb molta naturalitat els problemes socials que deriven d&#8217;una mirada patriarcal al g\u00e8nere: nens que volen trencar amb l&#8217;expressi\u00f3 de g\u00e8nere assignada, o nenes que senten la necessitat de ser identificades com nens, esdevenen els protagonistes d&#8217;hist\u00f2ries marcades per l&#8217;afirmaci\u00f3 personal. La diversitat funcional tamb\u00e9 hi t\u00e9 un lloc reservat, i la derivada de condicions socials \u2013 pobresa, exclusi\u00f3, risc social \u2013 se&#8217;n fa ress\u00f2 en un nombre important de relats.<\/p>\n<p>Una de les primeres conclusions que es despr\u00e8n de l&#8217;an\u00e0lisi dels contes d&#8217;aquesta edici\u00f3 \u00e9s que la generaci\u00f3 actual d&#8217;infants t\u00e9 molts punts en com\u00fa amb la generaci\u00f3 de les adultes i els adults que els cuiden i acompanyen. Si f\u00e9ssim un salt en el temps, i observ\u00e9ssim les din\u00e0miques associades de la inf\u00e0ncia de fa dues o tres d\u00e8cades, hi trobar\u00edem molts dels elements que han aparegut com vertebradors de les narracions: els conflictes amb el &#8220;diferent&#8221; a l&#8217;escola, que esdev\u00e9 motor de canvi alhora; els lideratges negatius enfront de la diversitat; l&#8217;empatia entre els iguals.<\/p>\n<p>No obstant aix\u00f2, tamb\u00e9 trobem tem\u00e0tiques que nom\u00e9s la generaci\u00f3 actual d&#8217;infants \u00e9s possible que en pugui donar compte en els seus contes, i que dibuixen una mirada de la inf\u00e0ncia desconeguda fins ara sobre la diversitat. Els relats expliquen assumptes que tenen a veure amb els models familiars cada cop m\u00e9s diversos, i amb l&#8217;eixamplament del m\u00f3n en clau m\u00e9s complexa: or\u00edgens familiars alternatius, diversitat de nuclis familiars, consci\u00e8ncia d&#8217;un m\u00f3n divers i heterogeni, i g\u00e8neres diversos i mirades naturals a la transsexualitat \u2013 tot forma part de manera indissociable de les noves mirades infantils.<\/p>\n<p>Les veus dels infants s\u00f3n clares, contundents, i no deixen indiferent ning\u00fa. Des d&#8217;una font de diversitat o una altra, des de la pr\u00f2pia veu o com altaveu dels qui no l&#8217;alcen, amb protagonistes infants o fins i tot adults, les joves autores i autors ens diuen a crits all\u00f2 que molts adults fa temps que hem deixat de creure, o simplement ens costa d&#8217;acceptar: la clau per viure en la diversitat amb harmonia comen\u00e7a per un mateix, una clau que es troba amagada als nostres cors, esperant que anem a agafar-la i obrim les finestres de la nostra ment a tot el seu valor i la seva riquesa. No hi ha dubte: la diversitat viu al cor de la inf\u00e0ncia.<\/p>\n<p>Podeu descarregar-vos la publicaci\u00f3\u00a0<a href=\"https:\/\/issuu.com\/obrasocialsantjoandedeu\/docs\/estudi_premi_pilarin_2020_web\">Aqu\u00ed\u00a0<\/a><\/p>\n","protected":false},"excerpt":{"rendered":"<p>&nbsp; &#8220;No ets la teva al\u00e7ada o el teu pes. No ets la teva edat. No molt menys el teu g\u00e8nere, el lloc on vas n\u00e9ixer, el color de la teva pell o la malaltia que no vau decidir. Potser tot el m\u00f3n triar\u00e0 sempre veure el mili\u00f3 de coses que no ets Perqu\u00e8 no<\/p>\n","protected":false},"author":412,"featured_media":1166,"comment_status":"open","ping_status":"closed","sticky":false,"template":"","format":"standard","meta":{"footnotes":""},"categories":[364],"tags":[294,254,363,329,360,349],"tipo":[379],"class_list":{"0":"post-1152","1":"post","2":"type-post","3":"status-publish","4":"format-standard","5":"has-post-thumbnail","7":"category-infancia","8":"tag-desigualtats","9":"tag-discapacitat","10":"tag-educacio-emocional","11":"tag-educacio-en-valors","12":"tag-inclusio","13":"tag-interculturalitat","14":"tipo-opinio"},"yoast_head":"<!-- This site is optimized with the Yoast SEO plugin v27.4 - https:\/\/yoast.com\/product\/yoast-seo-wordpress\/ -->\n<title>La diversitat al cor de la inf\u00e0ncia - Senderi<\/title>\n<meta name=\"robots\" content=\"index, follow, max-snippet:-1, max-image-preview:large, max-video-preview:-1\" \/>\n<link rel=\"canonical\" href=\"https:\/\/diarieducacio.cat\/senderi\/2021\/05\/02\/la-diversitat-al-cor-de-la-infancia\/\" \/>\n<meta property=\"og:locale\" content=\"ca_ES\" \/>\n<meta property=\"og:type\" content=\"article\" \/>\n<meta property=\"og:title\" content=\"La diversitat al cor de la inf\u00e0ncia - Senderi\" \/>\n<meta property=\"og:description\" content=\"&nbsp; &#8220;No ets la teva al\u00e7ada o el teu pes. No ets la teva edat. No molt menys el teu g\u00e8nere, el lloc on vas n\u00e9ixer, el color de la teva pell o la malaltia que no vau decidir. Potser tot el m\u00f3n triar\u00e0 sempre veure el mili\u00f3 de coses que no ets Perqu\u00e8 no\" \/>\n<meta property=\"og:url\" content=\"https:\/\/diarieducacio.cat\/senderi\/2021\/05\/02\/la-diversitat-al-cor-de-la-infancia\/\" \/>\n<meta property=\"og:site_name\" content=\"Senderi\" \/>\n<meta property=\"article:publisher\" content=\"https:\/\/www.facebook.com\/diarieducacio\/\" \/>\n<meta property=\"article:published_time\" content=\"2021-05-02T21:25:42+00:00\" \/>\n<meta property=\"article:modified_time\" content=\"2024-05-13T11:08:59+00:00\" \/>\n<meta property=\"og:image\" content=\"https:\/\/diarieducacio.cat\/senderi\/wp-content\/uploads\/sites\/27\/2021\/05\/iStock-1222580124.jpg\" \/>\n\t<meta property=\"og:image:width\" content=\"1019\" \/>\n\t<meta property=\"og:image:height\" content=\"652\" \/>\n\t<meta property=\"og:image:type\" content=\"image\/jpeg\" \/>\n<meta name=\"author\" content=\"Miquel \u00c0ngel Essomba\" \/>\n<meta name=\"twitter:card\" content=\"summary_large_image\" \/>\n<meta name=\"twitter:creator\" content=\"@DiariEducacio\" \/>\n<meta name=\"twitter:site\" content=\"@DiariEducacio\" \/>\n<meta name=\"twitter:label1\" content=\"Escrit per\" \/>\n\t<meta name=\"twitter:data1\" content=\"Miquel \u00c0ngel Essomba\" \/>\n\t<meta name=\"twitter:label2\" content=\"Temps estimat de lectura\" \/>\n\t<meta name=\"twitter:data2\" content=\"3 minuts\" \/>\n<script type=\"application\/ld+json\" class=\"yoast-schema-graph\">{\"@context\":\"https:\\\/\\\/schema.org\",\"@graph\":[{\"@type\":\"Article\",\"@id\":\"https:\\\/\\\/diarieducacio.cat\\\/senderi\\\/2021\\\/05\\\/02\\\/la-diversitat-al-cor-de-la-infancia\\\/#article\",\"isPartOf\":{\"@id\":\"https:\\\/\\\/diarieducacio.cat\\\/senderi\\\/2021\\\/05\\\/02\\\/la-diversitat-al-cor-de-la-infancia\\\/\"},\"author\":{\"name\":\"Miquel \u00c0ngel Essomba\",\"@id\":\"https:\\\/\\\/diarieducacio.cat\\\/senderi\\\/#\\\/schema\\\/person\\\/caa4ab7b9171ded49ab1a428d7f48fae\"},\"headline\":\"La diversitat al cor de la inf\u00e0ncia\",\"datePublished\":\"2021-05-02T21:25:42+00:00\",\"dateModified\":\"2024-05-13T11:08:59+00:00\",\"mainEntityOfPage\":{\"@id\":\"https:\\\/\\\/diarieducacio.cat\\\/senderi\\\/2021\\\/05\\\/02\\\/la-diversitat-al-cor-de-la-infancia\\\/\"},\"wordCount\":678,\"commentCount\":0,\"image\":{\"@id\":\"https:\\\/\\\/diarieducacio.cat\\\/senderi\\\/2021\\\/05\\\/02\\\/la-diversitat-al-cor-de-la-infancia\\\/#primaryimage\"},\"thumbnailUrl\":\"https:\\\/\\\/diarieducacio.cat\\\/senderi\\\/wp-content\\\/uploads\\\/sites\\\/27\\\/2021\\\/05\\\/iStock-1222580124.jpg\",\"keywords\":[\"desigualtats\",\"discapacitat\",\"educaci\u00f3 emocional\",\"educaci\u00f3 en valors\",\"inclusi\u00f3\",\"interculturalitat\"],\"articleSection\":[\"Inf\u00e0ncia\"],\"inLanguage\":\"ca\",\"potentialAction\":[{\"@type\":\"CommentAction\",\"name\":\"Comment\",\"target\":[\"https:\\\/\\\/diarieducacio.cat\\\/senderi\\\/2021\\\/05\\\/02\\\/la-diversitat-al-cor-de-la-infancia\\\/#respond\"]}]},{\"@type\":\"WebPage\",\"@id\":\"https:\\\/\\\/diarieducacio.cat\\\/senderi\\\/2021\\\/05\\\/02\\\/la-diversitat-al-cor-de-la-infancia\\\/\",\"url\":\"https:\\\/\\\/diarieducacio.cat\\\/senderi\\\/2021\\\/05\\\/02\\\/la-diversitat-al-cor-de-la-infancia\\\/\",\"name\":\"La diversitat al cor de la inf\u00e0ncia - Senderi\",\"isPartOf\":{\"@id\":\"https:\\\/\\\/diarieducacio.cat\\\/senderi\\\/#website\"},\"primaryImageOfPage\":{\"@id\":\"https:\\\/\\\/diarieducacio.cat\\\/senderi\\\/2021\\\/05\\\/02\\\/la-diversitat-al-cor-de-la-infancia\\\/#primaryimage\"},\"image\":{\"@id\":\"https:\\\/\\\/diarieducacio.cat\\\/senderi\\\/2021\\\/05\\\/02\\\/la-diversitat-al-cor-de-la-infancia\\\/#primaryimage\"},\"thumbnailUrl\":\"https:\\\/\\\/diarieducacio.cat\\\/senderi\\\/wp-content\\\/uploads\\\/sites\\\/27\\\/2021\\\/05\\\/iStock-1222580124.jpg\",\"datePublished\":\"2021-05-02T21:25:42+00:00\",\"dateModified\":\"2024-05-13T11:08:59+00:00\",\"author\":{\"@id\":\"https:\\\/\\\/diarieducacio.cat\\\/senderi\\\/#\\\/schema\\\/person\\\/caa4ab7b9171ded49ab1a428d7f48fae\"},\"breadcrumb\":{\"@id\":\"https:\\\/\\\/diarieducacio.cat\\\/senderi\\\/2021\\\/05\\\/02\\\/la-diversitat-al-cor-de-la-infancia\\\/#breadcrumb\"},\"inLanguage\":\"ca\",\"potentialAction\":[{\"@type\":\"ReadAction\",\"target\":[\"https:\\\/\\\/diarieducacio.cat\\\/senderi\\\/2021\\\/05\\\/02\\\/la-diversitat-al-cor-de-la-infancia\\\/\"]}]},{\"@type\":\"ImageObject\",\"inLanguage\":\"ca\",\"@id\":\"https:\\\/\\\/diarieducacio.cat\\\/senderi\\\/2021\\\/05\\\/02\\\/la-diversitat-al-cor-de-la-infancia\\\/#primaryimage\",\"url\":\"https:\\\/\\\/diarieducacio.cat\\\/senderi\\\/wp-content\\\/uploads\\\/sites\\\/27\\\/2021\\\/05\\\/iStock-1222580124.jpg\",\"contentUrl\":\"https:\\\/\\\/diarieducacio.cat\\\/senderi\\\/wp-content\\\/uploads\\\/sites\\\/27\\\/2021\\\/05\\\/iStock-1222580124.jpg\",\"width\":1019,\"height\":652,\"caption\":\"Cute cartoon kids with large banner and place for text\"},{\"@type\":\"BreadcrumbList\",\"@id\":\"https:\\\/\\\/diarieducacio.cat\\\/senderi\\\/2021\\\/05\\\/02\\\/la-diversitat-al-cor-de-la-infancia\\\/#breadcrumb\",\"itemListElement\":[{\"@type\":\"ListItem\",\"position\":1,\"name\":\"Inici\",\"item\":\"https:\\\/\\\/diarieducacio.cat\\\/senderi\\\/\"},{\"@type\":\"ListItem\",\"position\":2,\"name\":\"La diversitat al cor de la inf\u00e0ncia\"}]},{\"@type\":\"WebSite\",\"@id\":\"https:\\\/\\\/diarieducacio.cat\\\/senderi\\\/#website\",\"url\":\"https:\\\/\\\/diarieducacio.cat\\\/senderi\\\/\",\"name\":\"Senderi\",\"description\":\"Un blog de El Diari de l&#039;Educaci\u00f3\",\"potentialAction\":[{\"@type\":\"SearchAction\",\"target\":{\"@type\":\"EntryPoint\",\"urlTemplate\":\"https:\\\/\\\/diarieducacio.cat\\\/senderi\\\/?s={search_term_string}\"},\"query-input\":{\"@type\":\"PropertyValueSpecification\",\"valueRequired\":true,\"valueName\":\"search_term_string\"}}],\"inLanguage\":\"ca\"},{\"@type\":\"Person\",\"@id\":\"https:\\\/\\\/diarieducacio.cat\\\/senderi\\\/#\\\/schema\\\/person\\\/caa4ab7b9171ded49ab1a428d7f48fae\",\"name\":\"Miquel \u00c0ngel Essomba\",\"image\":{\"@type\":\"ImageObject\",\"inLanguage\":\"ca\",\"@id\":\"https:\\\/\\\/diarieducacio.cat\\\/wp-content\\\/uploads\\\/2024\\\/11\\\/miquel-Angel-essomba_avatar-96x96.jpg\",\"url\":\"https:\\\/\\\/diarieducacio.cat\\\/wp-content\\\/uploads\\\/2024\\\/11\\\/miquel-Angel-essomba_avatar-96x96.jpg\",\"contentUrl\":\"https:\\\/\\\/diarieducacio.cat\\\/wp-content\\\/uploads\\\/2024\\\/11\\\/miquel-Angel-essomba_avatar-96x96.jpg\",\"caption\":\"Miquel \u00c0ngel Essomba\"},\"description\":\"Universitat Aut\u00f2noma de Barcelona\",\"url\":\"https:\\\/\\\/diarieducacio.cat\\\/senderi\\\/author\\\/messomba\\\/\"}]}<\/script>\n<!-- \/ Yoast SEO plugin. -->","yoast_head_json":{"title":"La diversitat al cor de la inf\u00e0ncia - Senderi","robots":{"index":"index","follow":"follow","max-snippet":"max-snippet:-1","max-image-preview":"max-image-preview:large","max-video-preview":"max-video-preview:-1"},"canonical":"https:\/\/diarieducacio.cat\/senderi\/2021\/05\/02\/la-diversitat-al-cor-de-la-infancia\/","og_locale":"ca_ES","og_type":"article","og_title":"La diversitat al cor de la inf\u00e0ncia - Senderi","og_description":"&nbsp; &#8220;No ets la teva al\u00e7ada o el teu pes. No ets la teva edat. No molt menys el teu g\u00e8nere, el lloc on vas n\u00e9ixer, el color de la teva pell o la malaltia que no vau decidir. Potser tot el m\u00f3n triar\u00e0 sempre veure el mili\u00f3 de coses que no ets Perqu\u00e8 no","og_url":"https:\/\/diarieducacio.cat\/senderi\/2021\/05\/02\/la-diversitat-al-cor-de-la-infancia\/","og_site_name":"Senderi","article_publisher":"https:\/\/www.facebook.com\/diarieducacio\/","article_published_time":"2021-05-02T21:25:42+00:00","article_modified_time":"2024-05-13T11:08:59+00:00","og_image":[{"width":1019,"height":652,"url":"https:\/\/diarieducacio.cat\/senderi\/wp-content\/uploads\/sites\/27\/2021\/05\/iStock-1222580124.jpg","type":"image\/jpeg"}],"author":"Miquel \u00c0ngel Essomba","twitter_card":"summary_large_image","twitter_creator":"@DiariEducacio","twitter_site":"@DiariEducacio","twitter_misc":{"Escrit per":"Miquel \u00c0ngel Essomba","Temps estimat de lectura":"3 minuts"},"schema":{"@context":"https:\/\/schema.org","@graph":[{"@type":"Article","@id":"https:\/\/diarieducacio.cat\/senderi\/2021\/05\/02\/la-diversitat-al-cor-de-la-infancia\/#article","isPartOf":{"@id":"https:\/\/diarieducacio.cat\/senderi\/2021\/05\/02\/la-diversitat-al-cor-de-la-infancia\/"},"author":{"name":"Miquel \u00c0ngel Essomba","@id":"https:\/\/diarieducacio.cat\/senderi\/#\/schema\/person\/caa4ab7b9171ded49ab1a428d7f48fae"},"headline":"La diversitat al cor de la inf\u00e0ncia","datePublished":"2021-05-02T21:25:42+00:00","dateModified":"2024-05-13T11:08:59+00:00","mainEntityOfPage":{"@id":"https:\/\/diarieducacio.cat\/senderi\/2021\/05\/02\/la-diversitat-al-cor-de-la-infancia\/"},"wordCount":678,"commentCount":0,"image":{"@id":"https:\/\/diarieducacio.cat\/senderi\/2021\/05\/02\/la-diversitat-al-cor-de-la-infancia\/#primaryimage"},"thumbnailUrl":"https:\/\/diarieducacio.cat\/senderi\/wp-content\/uploads\/sites\/27\/2021\/05\/iStock-1222580124.jpg","keywords":["desigualtats","discapacitat","educaci\u00f3 emocional","educaci\u00f3 en valors","inclusi\u00f3","interculturalitat"],"articleSection":["Inf\u00e0ncia"],"inLanguage":"ca","potentialAction":[{"@type":"CommentAction","name":"Comment","target":["https:\/\/diarieducacio.cat\/senderi\/2021\/05\/02\/la-diversitat-al-cor-de-la-infancia\/#respond"]}]},{"@type":"WebPage","@id":"https:\/\/diarieducacio.cat\/senderi\/2021\/05\/02\/la-diversitat-al-cor-de-la-infancia\/","url":"https:\/\/diarieducacio.cat\/senderi\/2021\/05\/02\/la-diversitat-al-cor-de-la-infancia\/","name":"La diversitat al cor de la inf\u00e0ncia - Senderi","isPartOf":{"@id":"https:\/\/diarieducacio.cat\/senderi\/#website"},"primaryImageOfPage":{"@id":"https:\/\/diarieducacio.cat\/senderi\/2021\/05\/02\/la-diversitat-al-cor-de-la-infancia\/#primaryimage"},"image":{"@id":"https:\/\/diarieducacio.cat\/senderi\/2021\/05\/02\/la-diversitat-al-cor-de-la-infancia\/#primaryimage"},"thumbnailUrl":"https:\/\/diarieducacio.cat\/senderi\/wp-content\/uploads\/sites\/27\/2021\/05\/iStock-1222580124.jpg","datePublished":"2021-05-02T21:25:42+00:00","dateModified":"2024-05-13T11:08:59+00:00","author":{"@id":"https:\/\/diarieducacio.cat\/senderi\/#\/schema\/person\/caa4ab7b9171ded49ab1a428d7f48fae"},"breadcrumb":{"@id":"https:\/\/diarieducacio.cat\/senderi\/2021\/05\/02\/la-diversitat-al-cor-de-la-infancia\/#breadcrumb"},"inLanguage":"ca","potentialAction":[{"@type":"ReadAction","target":["https:\/\/diarieducacio.cat\/senderi\/2021\/05\/02\/la-diversitat-al-cor-de-la-infancia\/"]}]},{"@type":"ImageObject","inLanguage":"ca","@id":"https:\/\/diarieducacio.cat\/senderi\/2021\/05\/02\/la-diversitat-al-cor-de-la-infancia\/#primaryimage","url":"https:\/\/diarieducacio.cat\/senderi\/wp-content\/uploads\/sites\/27\/2021\/05\/iStock-1222580124.jpg","contentUrl":"https:\/\/diarieducacio.cat\/senderi\/wp-content\/uploads\/sites\/27\/2021\/05\/iStock-1222580124.jpg","width":1019,"height":652,"caption":"Cute cartoon kids with large banner and place for text"},{"@type":"BreadcrumbList","@id":"https:\/\/diarieducacio.cat\/senderi\/2021\/05\/02\/la-diversitat-al-cor-de-la-infancia\/#breadcrumb","itemListElement":[{"@type":"ListItem","position":1,"name":"Inici","item":"https:\/\/diarieducacio.cat\/senderi\/"},{"@type":"ListItem","position":2,"name":"La diversitat al cor de la inf\u00e0ncia"}]},{"@type":"WebSite","@id":"https:\/\/diarieducacio.cat\/senderi\/#website","url":"https:\/\/diarieducacio.cat\/senderi\/","name":"Senderi","description":"Un blog de El Diari de l&#039;Educaci\u00f3","potentialAction":[{"@type":"SearchAction","target":{"@type":"EntryPoint","urlTemplate":"https:\/\/diarieducacio.cat\/senderi\/?s={search_term_string}"},"query-input":{"@type":"PropertyValueSpecification","valueRequired":true,"valueName":"search_term_string"}}],"inLanguage":"ca"},{"@type":"Person","@id":"https:\/\/diarieducacio.cat\/senderi\/#\/schema\/person\/caa4ab7b9171ded49ab1a428d7f48fae","name":"Miquel \u00c0ngel Essomba","image":{"@type":"ImageObject","inLanguage":"ca","@id":"https:\/\/diarieducacio.cat\/wp-content\/uploads\/2024\/11\/miquel-Angel-essomba_avatar-96x96.jpg","url":"https:\/\/diarieducacio.cat\/wp-content\/uploads\/2024\/11\/miquel-Angel-essomba_avatar-96x96.jpg","contentUrl":"https:\/\/diarieducacio.cat\/wp-content\/uploads\/2024\/11\/miquel-Angel-essomba_avatar-96x96.jpg","caption":"Miquel \u00c0ngel Essomba"},"description":"Universitat Aut\u00f2noma de Barcelona","url":"https:\/\/diarieducacio.cat\/senderi\/author\/messomba\/"}]}},"_links":{"self":[{"href":"https:\/\/diarieducacio.cat\/senderi\/wp-json\/wp\/v2\/posts\/1152","targetHints":{"allow":["GET"]}}],"collection":[{"href":"https:\/\/diarieducacio.cat\/senderi\/wp-json\/wp\/v2\/posts"}],"about":[{"href":"https:\/\/diarieducacio.cat\/senderi\/wp-json\/wp\/v2\/types\/post"}],"author":[{"embeddable":true,"href":"https:\/\/diarieducacio.cat\/senderi\/wp-json\/wp\/v2\/users\/412"}],"replies":[{"embeddable":true,"href":"https:\/\/diarieducacio.cat\/senderi\/wp-json\/wp\/v2\/comments?post=1152"}],"version-history":[{"count":1,"href":"https:\/\/diarieducacio.cat\/senderi\/wp-json\/wp\/v2\/posts\/1152\/revisions"}],"predecessor-version":[{"id":1973,"href":"https:\/\/diarieducacio.cat\/senderi\/wp-json\/wp\/v2\/posts\/1152\/revisions\/1973"}],"wp:featuredmedia":[{"embeddable":true,"href":"https:\/\/diarieducacio.cat\/senderi\/wp-json\/wp\/v2\/media\/1166"}],"wp:attachment":[{"href":"https:\/\/diarieducacio.cat\/senderi\/wp-json\/wp\/v2\/media?parent=1152"}],"wp:term":[{"taxonomy":"category","embeddable":true,"href":"https:\/\/diarieducacio.cat\/senderi\/wp-json\/wp\/v2\/categories?post=1152"},{"taxonomy":"post_tag","embeddable":true,"href":"https:\/\/diarieducacio.cat\/senderi\/wp-json\/wp\/v2\/tags?post=1152"},{"taxonomy":"tipo","embeddable":true,"href":"https:\/\/diarieducacio.cat\/senderi\/wp-json\/wp\/v2\/tipo?post=1152"}],"curies":[{"name":"wp","href":"https:\/\/api.w.org\/{rel}","templated":true}]}}